{"id":12988,"date":"2022-05-24T06:19:13","date_gmt":"2022-05-24T04:19:13","guid":{"rendered":"https:\/\/www.organisator.ch\/?p=12988"},"modified":"2022-05-23T16:31:33","modified_gmt":"2022-05-23T14:31:33","slug":"stabsuebergabe-bei-tca-thermoclima-ag","status":"publish","type":"post","link":"https:\/\/www.organisator.ch\/it\/management\/2022-05-24\/stabsuebergabe-bei-tca-thermoclima-ag\/","title":{"rendered":"Passaggio di consegne presso TCA Thermoclima AG"},"content":{"rendered":"<figure id=\"attachment_12989\" aria-describedby=\"caption-attachment-12989\" style=\"width: 680px\" class=\"wp-caption alignnone\"><img loading=\"lazy\" decoding=\"async\" class=\"size-full wp-image-12989\" src=\"https:\/\/www.organisator.ch\/wp-content\/uploads\/2022\/05\/Stabsuebergabe-bei-TCA-Thermoclima-AG_Organisator.jpg\" alt=\"\" width=\"680\" height=\"503\" srcset=\"https:\/\/www.organisator.ch\/wp-content\/uploads\/2022\/05\/Stabsuebergabe-bei-TCA-Thermoclima-AG_Organisator.jpg 680w, https:\/\/www.organisator.ch\/wp-content\/uploads\/2022\/05\/Stabsuebergabe-bei-TCA-Thermoclima-AG_Organisator-16x12.jpg 16w, https:\/\/www.organisator.ch\/wp-content\/uploads\/2022\/05\/Stabsuebergabe-bei-TCA-Thermoclima-AG_Organisator-237x175.jpg 237w, https:\/\/www.organisator.ch\/wp-content\/uploads\/2022\/05\/Stabsuebergabe-bei-TCA-Thermoclima-AG_Organisator-473x350.jpg 473w, https:\/\/www.organisator.ch\/wp-content\/uploads\/2022\/05\/Stabsuebergabe-bei-TCA-Thermoclima-AG_Organisator-300x222.jpg 300w\" sizes=\"auto, (max-width: 680px) 100vw, 680px\" \/><figcaption id=\"caption-attachment-12989\" class=\"wp-caption-text\">Il management di TCA Thermoclima AG: da sinistra Swen Sch\u00f6nenberger (responsabile della tecnologia e della refrigerazione commerciale), Rolf Fankhauser (proprietario principale e responsabile delle finanze), Heinrich Esseiva (CEO e responsabile delle vendite), J\u00fcrgen Sturn (comproprietario e responsabile dell'evaporazione diretta e dell'amministrazione). (Foto: zVg \/ TCA Thermoclima)<\/figcaption><\/figure>\n<p>TCA Thermoclima AG \u00e8 un distributore leader in Svizzera di sistemi di climatizzazione e pompe di calore giapponesi ed europei come Daikin, Panasonic, Aermec ed Heliotherm. Da oltre 40 anni, circa 70 dipendenti lavorano al successo dell'azienda. Con grande impegno e ampia competenza, l'azienda collabora con i propri clienti per trovare soluzioni ottimali.<\/p>\n<p>Ora Heinrich Esseiva subentra all'amministratore delegato Rolf Fankhauser nella gestione dell'azienda. Esseiva \u00e8 cresciuta bilingue nella citt\u00e0 di Friburgo e conosce i diversi aspetti dei mercati di tutta la Svizzera. Insieme a J\u00fcrgen Sturn, comproprietario e responsabile dell'evaporazione diretta e dell'amministrazione, e a Swen Sch\u00f6nenberger, responsabile della tecnologia e della refrigerazione commerciale, TCA continuer\u00e0 a essere gestita da un quartetto forte e ancorato al mercato.<\/p>\n<p>Insieme ai dipendenti, il team di gestione lavora costantemente all'ulteriore sviluppo di TCA per adattare l'azienda alle nuove condizioni di mercato. Questo include temi come la digitalizzazione, ma soprattutto la formazione e l'aggiornamento. Nei mercati in rapida crescita, vengono costantemente assunti nuovi dipendenti e viene rafforzata la presenza sul mercato.<\/p>\n<p><em><a href=\"https:\/\/www.tca.ch\/\">Ulteriori informazioni<\/a><\/em><\/p>","protected":false},"excerpt":{"rendered":"<p>Die TCA Thermoclima AG ist ein schweizweit f\u00fchrender Distributor von japanischen und europ\u00e4ischen Klimasystemen und W\u00e4rmepumpen wie Daikin, Panasonic, Aermec und Heliotherm. Seit \u00fcber 40 Jahren arbeiten rund 70 Mitarbeitende am Erfolg des Unternehmens. Mit viel Engagement und breitem Fachwissen finden arbeitet das Unternehmen mit seinen Kunden an optimalen L\u00f6sungen. Nun tritt im Unternehmen Heinrich [&hellip;]<\/p>\n","protected":false},"author":4,"featured_media":12989,"comment_status":"closed","ping_status":"closed","sticky":false,"template":"","format":"standard","meta":{"_acf_changed":false,"_yoast_wpseo_focuskw":"TCA Thermoclima","_yoast_wpseo_metadesc":"Rolf Fankhauser, CEO und Hauptinhaber der TCA Thermoclima AG, hat per 1. April 2022 die Gesch\u00e4ftsf\u00fchrung an Heinrich Esseiva \u00fcbergeben.","articlekey":"","footnotes":""},"categories":[28],"tags":[335,358,492],"class_list":["post-12988","post","type-post","status-publish","format-standard","has-post-thumbnail","hentry","category-management","tag-management-und-unternehmensfuehrung","tag-nachhaltige-wirtschaft","tag-unternehmen"],"acf":[],"yoast_head":"<!-- This site is optimized with the Yoast SEO plugin v27.5 - https:\/\/yoast.com\/product\/yoast-seo-wordpress\/ -->\n<title>Stabs\u00fcbergabe bei TCA Thermoclima AG - Organisator<\/title>\n<meta name=\"description\" content=\"Rolf Fankhauser, CEO und Hauptinhaber der TCA Thermoclima AG, hat per 1. April 2022 die Gesch\u00e4ftsf\u00fchrung an Heinrich Esseiva \u00fcbergeben.\" \/>\n<meta name=\"robots\" content=\"index, follow, max-snippet:-1, max-image-preview:large, max-video-preview:-1\" \/>\n<link rel=\"canonical\" href=\"https:\/\/www.organisator.ch\/it\/gestione-2\/2022-05-24\/stabsuebergabe-bei-tca-thermoclima-ag\/\" \/>\n<meta property=\"og:locale\" content=\"it_IT\" \/>\n<meta property=\"og:type\" content=\"article\" \/>\n<meta property=\"og:title\" content=\"Stabs\u00fcbergabe bei TCA Thermoclima AG\" \/>\n<meta property=\"og:description\" content=\"Rolf Fankhauser, CEO und Hauptinhaber der TCA Thermoclima AG, hat per 1. April 2022 die Gesch\u00e4ftsf\u00fchrung an Heinrich Esseiva \u00fcbergeben.\" \/>\n<meta property=\"og:url\" content=\"https:\/\/www.organisator.ch\/it\/gestione-2\/2022-05-24\/stabsuebergabe-bei-tca-thermoclima-ag\/\" \/>\n<meta property=\"og:site_name\" content=\"Organisator\" \/>\n<meta property=\"article:publisher\" content=\"https:\/\/www.facebook.com\/OrganisatorFachmagazin\" \/>\n<meta property=\"article:published_time\" content=\"2022-05-24T04:19:13+00:00\" \/>\n<meta property=\"og:image\" content=\"https:\/\/www.organisator.ch\/wp-content\/uploads\/2022\/05\/Stabsuebergabe-bei-TCA-Thermoclima-AG_Organisator.jpg\" \/>\n\t<meta property=\"og:image:width\" content=\"680\" \/>\n\t<meta property=\"og:image:height\" content=\"503\" \/>\n\t<meta property=\"og:image:type\" content=\"image\/jpeg\" \/>\n<meta name=\"author\" content=\"thomas.berner\" \/>\n<meta name=\"twitter:card\" content=\"summary_large_image\" \/>\n<meta name=\"twitter:title\" content=\"#Stabs\u00fcbergabe bei TCA #Thermoclima AG\" \/>\n<meta name=\"twitter:description\" content=\"Rolf Fankhauser, CEO und Hauptinhaber der TCA #Thermoclima AG, hat per 1. April 2022 die #Gesch\u00e4ftsf\u00fchrung an Heinrich Esseiva \u00fcbergeben.\" \/>\n<meta name=\"twitter:image\" content=\"https:\/\/www.organisator.ch\/wp-content\/uploads\/2022\/05\/Stabsuebergabe-bei-TCA-Thermoclima-AG_Organisator.jpg\" \/>\n<script type=\"application\/ld+json\" class=\"yoast-schema-graph\">{\"@context\":\"https:\\\/\\\/schema.org\",\"@graph\":[{\"@type\":\"Article\",\"@id\":\"https:\\\/\\\/www.organisator.ch\\\/management\\\/2022-05-24\\\/stabsuebergabe-bei-tca-thermoclima-ag\\\/#article\",\"isPartOf\":{\"@id\":\"https:\\\/\\\/www.organisator.ch\\\/management\\\/2022-05-24\\\/stabsuebergabe-bei-tca-thermoclima-ag\\\/\"},\"author\":{\"name\":\"thomas.berner\",\"@id\":\"https:\\\/\\\/www.organisator.ch\\\/#\\\/schema\\\/person\\\/6f650f90b2842cd4c0cc334b4e36f67e\"},\"headline\":\"Stabs\u00fcbergabe bei TCA Thermoclima AG\",\"datePublished\":\"2022-05-24T04:19:13+00:00\",\"mainEntityOfPage\":{\"@id\":\"https:\\\/\\\/www.organisator.ch\\\/management\\\/2022-05-24\\\/stabsuebergabe-bei-tca-thermoclima-ag\\\/\"},\"wordCount\":244,\"publisher\":{\"@id\":\"https:\\\/\\\/www.organisator.ch\\\/#organization\"},\"image\":{\"@id\":\"https:\\\/\\\/www.organisator.ch\\\/management\\\/2022-05-24\\\/stabsuebergabe-bei-tca-thermoclima-ag\\\/#primaryimage\"},\"thumbnailUrl\":\"https:\\\/\\\/www.organisator.ch\\\/wp-content\\\/uploads\\\/2022\\\/05\\\/Stabsuebergabe-bei-TCA-Thermoclima-AG_Organisator.jpg\",\"keywords\":[\"Management und Unternehmensf\u00fchrung\",\"Nachhaltige Wirtschaft\",\"Unternehmen\"],\"articleSection\":[\"MANAGEMENT\"],\"inLanguage\":\"it-IT\"},{\"@type\":\"WebPage\",\"@id\":\"https:\\\/\\\/www.organisator.ch\\\/management\\\/2022-05-24\\\/stabsuebergabe-bei-tca-thermoclima-ag\\\/\",\"url\":\"https:\\\/\\\/www.organisator.ch\\\/management\\\/2022-05-24\\\/stabsuebergabe-bei-tca-thermoclima-ag\\\/\",\"name\":\"Stabs\u00fcbergabe bei TCA Thermoclima AG - Organisator\",\"isPartOf\":{\"@id\":\"https:\\\/\\\/www.organisator.ch\\\/#website\"},\"primaryImageOfPage\":{\"@id\":\"https:\\\/\\\/www.organisator.ch\\\/management\\\/2022-05-24\\\/stabsuebergabe-bei-tca-thermoclima-ag\\\/#primaryimage\"},\"image\":{\"@id\":\"https:\\\/\\\/www.organisator.ch\\\/management\\\/2022-05-24\\\/stabsuebergabe-bei-tca-thermoclima-ag\\\/#primaryimage\"},\"thumbnailUrl\":\"https:\\\/\\\/www.organisator.ch\\\/wp-content\\\/uploads\\\/2022\\\/05\\\/Stabsuebergabe-bei-TCA-Thermoclima-AG_Organisator.jpg\",\"datePublished\":\"2022-05-24T04:19:13+00:00\",\"description\":\"Rolf Fankhauser, CEO und Hauptinhaber der TCA Thermoclima AG, hat per 1. April 2022 die Gesch\u00e4ftsf\u00fchrung an Heinrich Esseiva \u00fcbergeben.\",\"breadcrumb\":{\"@id\":\"https:\\\/\\\/www.organisator.ch\\\/management\\\/2022-05-24\\\/stabsuebergabe-bei-tca-thermoclima-ag\\\/#breadcrumb\"},\"inLanguage\":\"it-IT\",\"potentialAction\":[{\"@type\":\"ReadAction\",\"target\":[\"https:\\\/\\\/www.organisator.ch\\\/management\\\/2022-05-24\\\/stabsuebergabe-bei-tca-thermoclima-ag\\\/\"]}]},{\"@type\":\"ImageObject\",\"inLanguage\":\"it-IT\",\"@id\":\"https:\\\/\\\/www.organisator.ch\\\/management\\\/2022-05-24\\\/stabsuebergabe-bei-tca-thermoclima-ag\\\/#primaryimage\",\"url\":\"https:\\\/\\\/www.organisator.ch\\\/wp-content\\\/uploads\\\/2022\\\/05\\\/Stabsuebergabe-bei-TCA-Thermoclima-AG_Organisator.jpg\",\"contentUrl\":\"https:\\\/\\\/www.organisator.ch\\\/wp-content\\\/uploads\\\/2022\\\/05\\\/Stabsuebergabe-bei-TCA-Thermoclima-AG_Organisator.jpg\",\"width\":680,\"height\":503,\"caption\":\"Die Gesch\u00e4ftsleitung der TCA Thermoclima AG: v. l. Swen Sch\u00f6nenberger (Leiter Technik und gewerbliche K\u00e4lte), Rolf Fankhauser (Hauptinhaber und Leiter Finanzen), Heinrich Esseiva (CEO und Leiter Verkauf), J\u00fcrgen Sturn (Mitinhaber und Leiter Direktverdampfung & Administration). (Foto: TCA Thermoclima)\"},{\"@type\":\"BreadcrumbList\",\"@id\":\"https:\\\/\\\/www.organisator.ch\\\/management\\\/2022-05-24\\\/stabsuebergabe-bei-tca-thermoclima-ag\\\/#breadcrumb\",\"itemListElement\":[{\"@type\":\"ListItem\",\"position\":1,\"name\":\"Home\",\"item\":\"https:\\\/\\\/www.organisator.ch\\\/\"},{\"@type\":\"ListItem\",\"position\":2,\"name\":\"Stabs\u00fcbergabe bei TCA Thermoclima AG\"}]},{\"@type\":\"WebSite\",\"@id\":\"https:\\\/\\\/www.organisator.ch\\\/#website\",\"url\":\"https:\\\/\\\/www.organisator.ch\\\/\",\"name\":\"Organisator\",\"description\":\"Kompetent. Praxisnah. Der ORGANISATOR bereitet in 10 Ausgaben pro Jahr die wesentlichen Themen f\u00fcr F\u00fchrungskr\u00e4fte von KMU auf.\",\"publisher\":{\"@id\":\"https:\\\/\\\/www.organisator.ch\\\/#organization\"},\"potentialAction\":[{\"@type\":\"SearchAction\",\"target\":{\"@type\":\"EntryPoint\",\"urlTemplate\":\"https:\\\/\\\/www.organisator.ch\\\/?s={search_term_string}\"},\"query-input\":{\"@type\":\"PropertyValueSpecification\",\"valueRequired\":true,\"valueName\":\"search_term_string\"}}],\"inLanguage\":\"it-IT\"},{\"@type\":\"Organization\",\"@id\":\"https:\\\/\\\/www.organisator.ch\\\/#organization\",\"name\":\"Organisator\",\"url\":\"https:\\\/\\\/www.organisator.ch\\\/\",\"logo\":{\"@type\":\"ImageObject\",\"inLanguage\":\"it-IT\",\"@id\":\"https:\\\/\\\/www.organisator.ch\\\/#\\\/schema\\\/logo\\\/image\\\/\",\"url\":\"https:\\\/\\\/www.organisator.ch\\\/wp-content\\\/uploads\\\/2022\\\/01\\\/Logo_Organisator_Website.png\",\"contentUrl\":\"https:\\\/\\\/www.organisator.ch\\\/wp-content\\\/uploads\\\/2022\\\/01\\\/Logo_Organisator_Website.png\",\"width\":800,\"height\":77,\"caption\":\"Organisator\"},\"image\":{\"@id\":\"https:\\\/\\\/www.organisator.ch\\\/#\\\/schema\\\/logo\\\/image\\\/\"},\"sameAs\":[\"https:\\\/\\\/www.facebook.com\\\/OrganisatorFachmagazin\",\"https:\\\/\\\/www.linkedin.com\\\/showcase\\\/organisator-das-magazin-fr-kmu\",\"https:\\\/\\\/www.xing.com\\\/news\\\/pages\\\/organisator-ch-695\",\"https:\\\/\\\/www.youtube.com\\\/channel\\\/UCGP2Sq0iWaZwT3BdIAQFYpw\"]},{\"@type\":\"Person\",\"@id\":\"https:\\\/\\\/www.organisator.ch\\\/#\\\/schema\\\/person\\\/6f650f90b2842cd4c0cc334b4e36f67e\",\"name\":\"thomas.berner\",\"image\":{\"@type\":\"ImageObject\",\"inLanguage\":\"it-IT\",\"@id\":\"https:\\\/\\\/secure.gravatar.com\\\/avatar\\\/ac5001d2a36cb6c6cd3e50789007ffca834b477b74a2144564522e944eabff61?s=96&d=mm&r=g\",\"url\":\"https:\\\/\\\/secure.gravatar.com\\\/avatar\\\/ac5001d2a36cb6c6cd3e50789007ffca834b477b74a2144564522e944eabff61?s=96&d=mm&r=g\",\"contentUrl\":\"https:\\\/\\\/secure.gravatar.com\\\/avatar\\\/ac5001d2a36cb6c6cd3e50789007ffca834b477b74a2144564522e944eabff61?s=96&d=mm&r=g\",\"caption\":\"thomas.berner\"},\"url\":\"https:\\\/\\\/www.organisator.ch\\\/it\\\/author\\\/thomas-berner\\\/\"}]}<\/script>\n<!-- \/ Yoast SEO plugin. -->","yoast_head_json":{"title":"Passaggio di consegne a TCA Thermoclima AG - Organizzatore","description":"Rolf Fankhauser, CEO e principale proprietario di TCA Thermoclima AG, ha ceduto la gestione dell'azienda a Heinrich Esseiva a partire dal 1\u00b0 aprile 2022.","robots":{"index":"index","follow":"follow","max-snippet":"max-snippet:-1","max-image-preview":"max-image-preview:large","max-video-preview":"max-video-preview:-1"},"canonical":"https:\/\/www.organisator.ch\/it\/gestione-2\/2022-05-24\/stabsuebergabe-bei-tca-thermoclima-ag\/","og_locale":"it_IT","og_type":"article","og_title":"Stabs\u00fcbergabe bei TCA Thermoclima AG","og_description":"Rolf Fankhauser, CEO und Hauptinhaber der TCA Thermoclima AG, hat per 1. April 2022 die Gesch\u00e4ftsf\u00fchrung an Heinrich Esseiva \u00fcbergeben.","og_url":"https:\/\/www.organisator.ch\/it\/gestione-2\/2022-05-24\/stabsuebergabe-bei-tca-thermoclima-ag\/","og_site_name":"Organisator","article_publisher":"https:\/\/www.facebook.com\/OrganisatorFachmagazin","article_published_time":"2022-05-24T04:19:13+00:00","og_image":[{"width":680,"height":503,"url":"https:\/\/www.organisator.ch\/wp-content\/uploads\/2022\/05\/Stabsuebergabe-bei-TCA-Thermoclima-AG_Organisator.jpg","type":"image\/jpeg"}],"author":"thomas.berner","twitter_card":"summary_large_image","twitter_title":"#Stabs\u00fcbergabe bei TCA #Thermoclima AG","twitter_description":"Rolf Fankhauser, CEO und Hauptinhaber der TCA #Thermoclima AG, hat per 1. April 2022 die #Gesch\u00e4ftsf\u00fchrung an Heinrich Esseiva \u00fcbergeben.","twitter_image":"https:\/\/www.organisator.ch\/wp-content\/uploads\/2022\/05\/Stabsuebergabe-bei-TCA-Thermoclima-AG_Organisator.jpg","schema":{"@context":"https:\/\/schema.org","@graph":[{"@type":"Article","@id":"https:\/\/www.organisator.ch\/management\/2022-05-24\/stabsuebergabe-bei-tca-thermoclima-ag\/#article","isPartOf":{"@id":"https:\/\/www.organisator.ch\/management\/2022-05-24\/stabsuebergabe-bei-tca-thermoclima-ag\/"},"author":{"name":"thomas.berner","@id":"https:\/\/www.organisator.ch\/#\/schema\/person\/6f650f90b2842cd4c0cc334b4e36f67e"},"headline":"Stabs\u00fcbergabe bei TCA Thermoclima AG","datePublished":"2022-05-24T04:19:13+00:00","mainEntityOfPage":{"@id":"https:\/\/www.organisator.ch\/management\/2022-05-24\/stabsuebergabe-bei-tca-thermoclima-ag\/"},"wordCount":244,"publisher":{"@id":"https:\/\/www.organisator.ch\/#organization"},"image":{"@id":"https:\/\/www.organisator.ch\/management\/2022-05-24\/stabsuebergabe-bei-tca-thermoclima-ag\/#primaryimage"},"thumbnailUrl":"https:\/\/www.organisator.ch\/wp-content\/uploads\/2022\/05\/Stabsuebergabe-bei-TCA-Thermoclima-AG_Organisator.jpg","keywords":["Management und Unternehmensf\u00fchrung","Nachhaltige Wirtschaft","Unternehmen"],"articleSection":["MANAGEMENT"],"inLanguage":"it-IT"},{"@type":"WebPage","@id":"https:\/\/www.organisator.ch\/management\/2022-05-24\/stabsuebergabe-bei-tca-thermoclima-ag\/","url":"https:\/\/www.organisator.ch\/management\/2022-05-24\/stabsuebergabe-bei-tca-thermoclima-ag\/","name":"Passaggio di consegne a TCA Thermoclima AG - Organizzatore","isPartOf":{"@id":"https:\/\/www.organisator.ch\/#website"},"primaryImageOfPage":{"@id":"https:\/\/www.organisator.ch\/management\/2022-05-24\/stabsuebergabe-bei-tca-thermoclima-ag\/#primaryimage"},"image":{"@id":"https:\/\/www.organisator.ch\/management\/2022-05-24\/stabsuebergabe-bei-tca-thermoclima-ag\/#primaryimage"},"thumbnailUrl":"https:\/\/www.organisator.ch\/wp-content\/uploads\/2022\/05\/Stabsuebergabe-bei-TCA-Thermoclima-AG_Organisator.jpg","datePublished":"2022-05-24T04:19:13+00:00","description":"Rolf Fankhauser, CEO e principale proprietario di TCA Thermoclima AG, ha ceduto la gestione dell'azienda a Heinrich Esseiva a partire dal 1\u00b0 aprile 2022.","breadcrumb":{"@id":"https:\/\/www.organisator.ch\/management\/2022-05-24\/stabsuebergabe-bei-tca-thermoclima-ag\/#breadcrumb"},"inLanguage":"it-IT","potentialAction":[{"@type":"ReadAction","target":["https:\/\/www.organisator.ch\/management\/2022-05-24\/stabsuebergabe-bei-tca-thermoclima-ag\/"]}]},{"@type":"ImageObject","inLanguage":"it-IT","@id":"https:\/\/www.organisator.ch\/management\/2022-05-24\/stabsuebergabe-bei-tca-thermoclima-ag\/#primaryimage","url":"https:\/\/www.organisator.ch\/wp-content\/uploads\/2022\/05\/Stabsuebergabe-bei-TCA-Thermoclima-AG_Organisator.jpg","contentUrl":"https:\/\/www.organisator.ch\/wp-content\/uploads\/2022\/05\/Stabsuebergabe-bei-TCA-Thermoclima-AG_Organisator.jpg","width":680,"height":503,"caption":"Die Gesch\u00e4ftsleitung der TCA Thermoclima AG: v. l. Swen Sch\u00f6nenberger (Leiter Technik und gewerbliche K\u00e4lte), Rolf Fankhauser (Hauptinhaber und Leiter Finanzen), Heinrich Esseiva (CEO und Leiter Verkauf), J\u00fcrgen Sturn (Mitinhaber und Leiter Direktverdampfung & Administration). (Foto: TCA Thermoclima)"},{"@type":"BreadcrumbList","@id":"https:\/\/www.organisator.ch\/management\/2022-05-24\/stabsuebergabe-bei-tca-thermoclima-ag\/#breadcrumb","itemListElement":[{"@type":"ListItem","position":1,"name":"Home","item":"https:\/\/www.organisator.ch\/"},{"@type":"ListItem","position":2,"name":"Stabs\u00fcbergabe bei TCA Thermoclima AG"}]},{"@type":"WebSite","@id":"https:\/\/www.organisator.ch\/#website","url":"https:\/\/www.organisator.ch\/","name":"Organizzatore","description":"Competente. Pratico. In 10 numeri all'anno, ORGANISATOR presenta i temi essenziali per i manager delle PMI.","publisher":{"@id":"https:\/\/www.organisator.ch\/#organization"},"potentialAction":[{"@type":"SearchAction","target":{"@type":"EntryPoint","urlTemplate":"https:\/\/www.organisator.ch\/?s={search_term_string}"},"query-input":{"@type":"PropertyValueSpecification","valueRequired":true,"valueName":"search_term_string"}}],"inLanguage":"it-IT"},{"@type":"Organization","@id":"https:\/\/www.organisator.ch\/#organization","name":"Organizzatore","url":"https:\/\/www.organisator.ch\/","logo":{"@type":"ImageObject","inLanguage":"it-IT","@id":"https:\/\/www.organisator.ch\/#\/schema\/logo\/image\/","url":"https:\/\/www.organisator.ch\/wp-content\/uploads\/2022\/01\/Logo_Organisator_Website.png","contentUrl":"https:\/\/www.organisator.ch\/wp-content\/uploads\/2022\/01\/Logo_Organisator_Website.png","width":800,"height":77,"caption":"Organisator"},"image":{"@id":"https:\/\/www.organisator.ch\/#\/schema\/logo\/image\/"},"sameAs":["https:\/\/www.facebook.com\/OrganisatorFachmagazin","https:\/\/www.linkedin.com\/showcase\/organisator-das-magazin-fr-kmu","https:\/\/www.xing.com\/news\/pages\/organisator-ch-695","https:\/\/www.youtube.com\/channel\/UCGP2Sq0iWaZwT3BdIAQFYpw"]},{"@type":"Person","@id":"https:\/\/www.organisator.ch\/#\/schema\/person\/6f650f90b2842cd4c0cc334b4e36f67e","name":"Tommaso.berner","image":{"@type":"ImageObject","inLanguage":"it-IT","@id":"https:\/\/secure.gravatar.com\/avatar\/ac5001d2a36cb6c6cd3e50789007ffca834b477b74a2144564522e944eabff61?s=96&d=mm&r=g","url":"https:\/\/secure.gravatar.com\/avatar\/ac5001d2a36cb6c6cd3e50789007ffca834b477b74a2144564522e944eabff61?s=96&d=mm&r=g","contentUrl":"https:\/\/secure.gravatar.com\/avatar\/ac5001d2a36cb6c6cd3e50789007ffca834b477b74a2144564522e944eabff61?s=96&d=mm&r=g","caption":"thomas.berner"},"url":"https:\/\/www.organisator.ch\/it\/author\/thomas-berner\/"}]}},"_links":{"self":[{"href":"https:\/\/www.organisator.ch\/it\/wp-json\/wp\/v2\/posts\/12988","targetHints":{"allow":["GET"]}}],"collection":[{"href":"https:\/\/www.organisator.ch\/it\/wp-json\/wp\/v2\/posts"}],"about":[{"href":"https:\/\/www.organisator.ch\/it\/wp-json\/wp\/v2\/types\/post"}],"author":[{"embeddable":true,"href":"https:\/\/www.organisator.ch\/it\/wp-json\/wp\/v2\/users\/4"}],"replies":[{"embeddable":true,"href":"https:\/\/www.organisator.ch\/it\/wp-json\/wp\/v2\/comments?post=12988"}],"version-history":[{"count":1,"href":"https:\/\/www.organisator.ch\/it\/wp-json\/wp\/v2\/posts\/12988\/revisions"}],"predecessor-version":[{"id":12990,"href":"https:\/\/www.organisator.ch\/it\/wp-json\/wp\/v2\/posts\/12988\/revisions\/12990"}],"wp:featuredmedia":[{"embeddable":true,"href":"https:\/\/www.organisator.ch\/it\/wp-json\/wp\/v2\/media\/12989"}],"wp:attachment":[{"href":"https:\/\/www.organisator.ch\/it\/wp-json\/wp\/v2\/media?parent=12988"}],"wp:term":[{"taxonomy":"category","embeddable":true,"href":"https:\/\/www.organisator.ch\/it\/wp-json\/wp\/v2\/categories?post=12988"},{"taxonomy":"post_tag","embeddable":true,"href":"https:\/\/www.organisator.ch\/it\/wp-json\/wp\/v2\/tags?post=12988"}],"curies":[{"name":"wp","href":"https:\/\/api.w.org\/{rel}","templated":true}]}}