{"id":12991,"date":"2022-05-24T08:35:56","date_gmt":"2022-05-24T06:35:56","guid":{"rendered":"https:\/\/www.organisator.ch\/?p=12991"},"modified":"2022-05-24T08:35:56","modified_gmt":"2022-05-24T06:35:56","slug":"export-aussichten-naehern-sich-dem-langfristigen-trend-an","status":"publish","type":"post","link":"https:\/\/www.organisator.ch\/it\/management\/2022-05-24\/export-aussichten-naehern-sich-dem-langfristigen-trend-an\/","title":{"rendered":"Le prospettive di esportazione si avvicinano al trend di lungo periodo"},"content":{"rendered":"<figure id=\"attachment_12992\" aria-describedby=\"caption-attachment-12992\" style=\"width: 680px\" class=\"wp-caption alignnone\"><img loading=\"lazy\" decoding=\"async\" class=\"size-full wp-image-12992\" src=\"https:\/\/www.organisator.ch\/wp-content\/uploads\/2022\/05\/Export-Aussichten-naehern-sich-dem-langfristigen-Trend-an_Organisator.jpg\" alt=\"\" width=\"680\" height=\"482\" srcset=\"https:\/\/www.organisator.ch\/wp-content\/uploads\/2022\/05\/Export-Aussichten-naehern-sich-dem-langfristigen-Trend-an_Organisator.jpg 680w, https:\/\/www.organisator.ch\/wp-content\/uploads\/2022\/05\/Export-Aussichten-naehern-sich-dem-langfristigen-Trend-an_Organisator-18x12.jpg 18w, https:\/\/www.organisator.ch\/wp-content\/uploads\/2022\/05\/Export-Aussichten-naehern-sich-dem-langfristigen-Trend-an_Organisator-247x175.jpg 247w, https:\/\/www.organisator.ch\/wp-content\/uploads\/2022\/05\/Export-Aussichten-naehern-sich-dem-langfristigen-Trend-an_Organisator-494x350.jpg 494w, https:\/\/www.organisator.ch\/wp-content\/uploads\/2022\/05\/Export-Aussichten-naehern-sich-dem-langfristigen-Trend-an_Organisator-300x213.jpg 300w\" sizes=\"auto, (max-width: 680px) 100vw, 680px\" \/><figcaption id=\"caption-attachment-12992\" class=\"wp-caption-text\">Sebbene l'economia svizzera stia ancora beneficiando dell'andamento positivo della risposta alla pandemia, anche le prospettive di esportazione di questo Paese si stanno affievolendo. (Immagine: Pixabay.com)<\/figcaption><\/figure>\n<p>Le previsioni sulle esportazioni commerciali di Allianz si attestano a 0,33 punti nel maggio 2022. A febbraio era ancora a 0,69 punti. L'indicatore si sta quindi lentamente avvicinando al trend di crescita di lungo periodo. I segnali indicano ancora una crescita delle esportazioni superiore alla media, come mostra l'analisi. Tuttavia, se i problemi dovessero attenuarsi pi\u00f9 a lungo, le prospettive di esportazione rischiano di subire una brusca inversione di tendenza nel corso dell'anno. Le previsioni di crescita del commercio mondiale sono gi\u00e0 state corrette al ribasso.<\/p>\n<h3>Prospettive di esportazione: L'ottimismo lascia il posto al realismo<\/h3>\n<p>Dopo che l'anno scorso la \"riapertura\" dell'economia globale aveva suscitato grande ottimismo tra gli esportatori, ora lo sviluppo del commercio mondiale nel 2022 sar\u00e0 probabilmente molto pi\u00f9 contenuto del previsto. L'invasione russa dell'Ucraina ha scosso la fiducia delle imprese e dei consumatori, ha fatto salire i prezzi delle materie prime e ha esacerbato ulteriormente lo stress della catena di approvvigionamento indotto dalla corona, recentemente alimentato soprattutto dalla strategia zero-covid della Cina. \"Di conseguenza abbiamo rivisto al ribasso le nostre previsioni per il commercio globale nel 2022 da 6 % a 4 %\", spiega Katharina Uterm\u00f6hl, economista europea di Allianz Trade. Per la Svizzera, Allianz Trade prevede una crescita del PIL di 2,2 % nel 2022 (2023: +1,3 %) e una crescita delle esportazioni di 4 % (2023: +3 %).<\/p>\n<h3>Commercio estero svizzero: crescita nel primo trimestre<\/h3>\n<p>Il commercio estero svizzero ha continuato a crescere nel primo trimestre del 2022, raggiungendo un nuovo massimo. Mentre le importazioni hanno continuato a guadagnare slancio, le esportazioni hanno perso leggermente slancio. L'avanzo commerciale \u00e8 diminuito significativamente, di 2,8 miliardi di franchi. Rispetto al quarto trimestre del 2021, le esportazioni sono aumentate di 1,2 % in termini nominali. In termini reali - cio\u00e8 depurati dall'inflazione - l'aumento \u00e8 stato di 2,4 %. Il contributo maggiore all'aumento trimestrale \u00e8 stato dato dalle esportazioni di orologi, che sono aumentate del 5,3 %. Seguono i metalli con 6,3 % e i macchinari e l'elettronica con 2,4 %. Le esportazioni di strumenti di precisione sono aumentate del 4,2 %. Nel frattempo, le esportazioni di prodotti chimico-farmaceutici sono leggermente diminuite (-0,7 %). Nonostante l'aumento dei prodotti immunologici (+7,1 %), il calo delle esportazioni di principi attivi farmaceutici (-10 %) ha spinto il risultato del gruppo in rosso. In questo caso occorre tenere conto degli alti livelli iniziali e degli effetti base.<\/p>\n<h3>Forte aumento dei costi delle fonti energetiche<\/h3>\n<p>Nel primo trimestre sono state importate 6,7 % di merci in pi\u00f9 rispetto al trimestre precedente (in termini reali l'aumento \u00e8 stato di 2,7 %). A parte i gioielli (-15,1 %), i tessili, l'abbigliamento e le calzature (-3,7 %) e gli strumenti di precisione (-0,5 %), gli altri gruppi di prodotti hanno registrato un aumento delle importazioni. Il contributo maggiore, pari a +1,8 miliardi di franchi, \u00e8 arrivato dalle fonti energetiche (+46 %). Tuttavia, questo aumento non \u00e8 dovuto a maggiori volumi, ma esclusivamente all'aumento dei prezzi (+0,8 % in termini reali). Anche le importazioni di prodotti chimico-farmaceutici hanno registrato un forte aumento, pari all'11,8 %. Anche le importazioni di metalli sono aumentate (+4,2 %), continuando il trend di crescita che dura da sette trimestri.<\/p>\n<h3>Gli esportatori svizzeri reggono meglio dei loro omologhi dell'UE<\/h3>\n<p>Anche gli esportatori svizzeri risentiranno dell'impatto della domanda globale debole. In particolare, il significativo rallentamento dell'economia in paesi partner commerciali chiave come Germania, Regno Unito e Francia, che insieme assorbono 30 % delle esportazioni svizzere. Tuttavia, gli esportatori svizzeri probabilmente se la caveranno meglio dei loro omologhi dell'UE. Da un lato, l'economia svizzera \u00e8 meno dipendente dai prodotti intermedi provenienti dall'estero, quindi l'industria non dovrebbe risentire in modo cos\u00ec grave delle strozzature dell'offerta. Inoltre, le esportazioni meno sensibili al ciclo dei settori chimico e farmaceutico - che insieme rappresentano circa il 40 % delle esportazioni totali della Svizzera - dovrebbero nuovamente fornire un sostegno affidabile. Tuttavia, gli analisti osservano con interesse gli effetti della coincidenza tra aumento dei prezzi e calo dell'attivit\u00e0 economica. Questa costellazione \u00e8 foriera del rischio di una \"tempesta perfetta\" che interromperebbe una normalizzazione a lungo termine.<\/p>\n<p><em>Fonte: <a href=\"http:\/\/www.allianz-trade.ch\">Alleanza commerciale<\/a><\/em><\/p>","protected":false},"excerpt":{"rendered":"<p>Der Allianz Trade Export Forecast steht im Mai 2022 auf 0.33 Punkten. Noch im Februar notierte er 0.69 Punkte. Langsam n\u00e4hert sich der Indikator damit dem langfristigen Trendwachstum an. Noch stehen die Signale zwar auf \u00fcberdurchschnittliches Exportwachstum, wie die Analyse zeigt. L\u00e4sst allerdings eine Entspannung der Krisenherde l\u00e4nger auf sich warten, droht im Jahresverlauf eine [&hellip;]<\/p>\n","protected":false},"author":4,"featured_media":12992,"comment_status":"closed","ping_status":"closed","sticky":false,"template":"","format":"standard","meta":{"_acf_changed":false,"_yoast_wpseo_focuskw":"Export-Aussichten","_yoast_wpseo_metadesc":"Mit \u00fcberdurchschnittlichen Export-Aussichten d\u00fcrfte es vorbei sein: Dem grossem Optimismus folgt Vorsicht bei Unternehmen und Konsumenten.","articlekey":"","footnotes":""},"categories":[28],"tags":[189,310,418],"class_list":["post-12991","post","type-post","status-publish","format-standard","has-post-thumbnail","hentry","category-management","tag-export","tag-konjunktur","tag-risikomanagement"],"acf":[],"yoast_head":"<!-- This site is optimized with the Yoast SEO plugin v27.4 - https:\/\/yoast.com\/product\/yoast-seo-wordpress\/ -->\n<title>Export-Aussichten n\u00e4hern sich dem langfristigen Trend an - Organisator<\/title>\n<meta name=\"description\" content=\"Mit \u00fcberdurchschnittlichen Export-Aussichten d\u00fcrfte es vorbei sein: Dem grossem Optimismus folgt Vorsicht bei Unternehmen und Konsumenten.\" \/>\n<meta name=\"robots\" content=\"index, follow, max-snippet:-1, max-image-preview:large, max-video-preview:-1\" \/>\n<link rel=\"canonical\" href=\"https:\/\/www.organisator.ch\/it\/gestione-2\/2022-05-24\/export-aussichten-naehern-sich-dem-langfristigen-trend-an\/\" \/>\n<meta property=\"og:locale\" content=\"it_IT\" \/>\n<meta property=\"og:type\" content=\"article\" \/>\n<meta property=\"og:title\" content=\"Export-Aussichten n\u00e4hern sich dem langfristigen Trend an\" \/>\n<meta property=\"og:description\" content=\"Mit \u00fcberdurchschnittlichen Export-Aussichten d\u00fcrfte es vorbei sein: Dem grossem Optimismus folgt Vorsicht bei Unternehmen und Konsumenten.\" \/>\n<meta property=\"og:url\" content=\"https:\/\/www.organisator.ch\/it\/gestione-2\/2022-05-24\/export-aussichten-naehern-sich-dem-langfristigen-trend-an\/\" \/>\n<meta property=\"og:site_name\" content=\"Organisator\" \/>\n<meta property=\"article:publisher\" content=\"https:\/\/www.facebook.com\/OrganisatorFachmagazin\" \/>\n<meta property=\"article:published_time\" content=\"2022-05-24T06:35:56+00:00\" \/>\n<meta property=\"og:image\" content=\"https:\/\/www.organisator.ch\/wp-content\/uploads\/2022\/05\/Export-Aussichten-naehern-sich-dem-langfristigen-Trend-an_Organisator.jpg\" \/>\n\t<meta property=\"og:image:width\" content=\"680\" \/>\n\t<meta property=\"og:image:height\" content=\"482\" \/>\n\t<meta property=\"og:image:type\" content=\"image\/jpeg\" \/>\n<meta name=\"author\" content=\"thomas.berner\" \/>\n<meta name=\"twitter:card\" content=\"summary_large_image\" \/>\n<meta name=\"twitter:title\" content=\"#Export-Aussichten n\u00e4hern sich dem langfristigen #Trend an\" \/>\n<meta name=\"twitter:description\" content=\"Mit \u00fcberdurchschnittlichen #Export-Aussichten d\u00fcrfte es vorbei sein: Dem grossem #Optimismus folgt Vorsicht bei #Unternehmen und #Konsumenten.\" \/>\n<meta name=\"twitter:image\" content=\"https:\/\/www.organisator.ch\/wp-content\/uploads\/2022\/05\/Export-Aussichten-naehern-sich-dem-langfristigen-Trend-an_Organisator.jpg\" \/>\n<script type=\"application\/ld+json\" class=\"yoast-schema-graph\">{\"@context\":\"https:\\\/\\\/schema.org\",\"@graph\":[{\"@type\":\"Article\",\"@id\":\"https:\\\/\\\/www.organisator.ch\\\/management\\\/2022-05-24\\\/export-aussichten-naehern-sich-dem-langfristigen-trend-an\\\/#article\",\"isPartOf\":{\"@id\":\"https:\\\/\\\/www.organisator.ch\\\/management\\\/2022-05-24\\\/export-aussichten-naehern-sich-dem-langfristigen-trend-an\\\/\"},\"author\":{\"name\":\"thomas.berner\",\"@id\":\"https:\\\/\\\/www.organisator.ch\\\/#\\\/schema\\\/person\\\/6f650f90b2842cd4c0cc334b4e36f67e\"},\"headline\":\"Export-Aussichten n\u00e4hern sich dem langfristigen Trend an\",\"datePublished\":\"2022-05-24T06:35:56+00:00\",\"mainEntityOfPage\":{\"@id\":\"https:\\\/\\\/www.organisator.ch\\\/management\\\/2022-05-24\\\/export-aussichten-naehern-sich-dem-langfristigen-trend-an\\\/\"},\"wordCount\":605,\"publisher\":{\"@id\":\"https:\\\/\\\/www.organisator.ch\\\/#organization\"},\"image\":{\"@id\":\"https:\\\/\\\/www.organisator.ch\\\/management\\\/2022-05-24\\\/export-aussichten-naehern-sich-dem-langfristigen-trend-an\\\/#primaryimage\"},\"thumbnailUrl\":\"https:\\\/\\\/www.organisator.ch\\\/wp-content\\\/uploads\\\/2022\\\/05\\\/Export-Aussichten-naehern-sich-dem-langfristigen-Trend-an_Organisator.jpg\",\"keywords\":[\"Export\",\"Konjunktur\",\"Risikomanagement\"],\"articleSection\":[\"MANAGEMENT\"],\"inLanguage\":\"it-IT\"},{\"@type\":\"WebPage\",\"@id\":\"https:\\\/\\\/www.organisator.ch\\\/management\\\/2022-05-24\\\/export-aussichten-naehern-sich-dem-langfristigen-trend-an\\\/\",\"url\":\"https:\\\/\\\/www.organisator.ch\\\/management\\\/2022-05-24\\\/export-aussichten-naehern-sich-dem-langfristigen-trend-an\\\/\",\"name\":\"Export-Aussichten n\u00e4hern sich dem langfristigen Trend an - Organisator\",\"isPartOf\":{\"@id\":\"https:\\\/\\\/www.organisator.ch\\\/#website\"},\"primaryImageOfPage\":{\"@id\":\"https:\\\/\\\/www.organisator.ch\\\/management\\\/2022-05-24\\\/export-aussichten-naehern-sich-dem-langfristigen-trend-an\\\/#primaryimage\"},\"image\":{\"@id\":\"https:\\\/\\\/www.organisator.ch\\\/management\\\/2022-05-24\\\/export-aussichten-naehern-sich-dem-langfristigen-trend-an\\\/#primaryimage\"},\"thumbnailUrl\":\"https:\\\/\\\/www.organisator.ch\\\/wp-content\\\/uploads\\\/2022\\\/05\\\/Export-Aussichten-naehern-sich-dem-langfristigen-Trend-an_Organisator.jpg\",\"datePublished\":\"2022-05-24T06:35:56+00:00\",\"description\":\"Mit \u00fcberdurchschnittlichen Export-Aussichten d\u00fcrfte es vorbei sein: Dem grossem Optimismus folgt Vorsicht bei Unternehmen und Konsumenten.\",\"breadcrumb\":{\"@id\":\"https:\\\/\\\/www.organisator.ch\\\/management\\\/2022-05-24\\\/export-aussichten-naehern-sich-dem-langfristigen-trend-an\\\/#breadcrumb\"},\"inLanguage\":\"it-IT\",\"potentialAction\":[{\"@type\":\"ReadAction\",\"target\":[\"https:\\\/\\\/www.organisator.ch\\\/management\\\/2022-05-24\\\/export-aussichten-naehern-sich-dem-langfristigen-trend-an\\\/\"]}]},{\"@type\":\"ImageObject\",\"inLanguage\":\"it-IT\",\"@id\":\"https:\\\/\\\/www.organisator.ch\\\/management\\\/2022-05-24\\\/export-aussichten-naehern-sich-dem-langfristigen-trend-an\\\/#primaryimage\",\"url\":\"https:\\\/\\\/www.organisator.ch\\\/wp-content\\\/uploads\\\/2022\\\/05\\\/Export-Aussichten-naehern-sich-dem-langfristigen-Trend-an_Organisator.jpg\",\"contentUrl\":\"https:\\\/\\\/www.organisator.ch\\\/wp-content\\\/uploads\\\/2022\\\/05\\\/Export-Aussichten-naehern-sich-dem-langfristigen-Trend-an_Organisator.jpg\",\"width\":680,\"height\":482,\"caption\":\"Die Schweizer Wirtschaft profitiert zwar noch vom positiven Trend der Pandemie-Bew\u00e4ltigung, doch auch hierzulande tr\u00fcben sich die Export-Aussichten ein. (Bild: Pixabay.com)\"},{\"@type\":\"BreadcrumbList\",\"@id\":\"https:\\\/\\\/www.organisator.ch\\\/management\\\/2022-05-24\\\/export-aussichten-naehern-sich-dem-langfristigen-trend-an\\\/#breadcrumb\",\"itemListElement\":[{\"@type\":\"ListItem\",\"position\":1,\"name\":\"Home\",\"item\":\"https:\\\/\\\/www.organisator.ch\\\/\"},{\"@type\":\"ListItem\",\"position\":2,\"name\":\"Export-Aussichten n\u00e4hern sich dem langfristigen Trend an\"}]},{\"@type\":\"WebSite\",\"@id\":\"https:\\\/\\\/www.organisator.ch\\\/#website\",\"url\":\"https:\\\/\\\/www.organisator.ch\\\/\",\"name\":\"Organisator\",\"description\":\"Kompetent. Praxisnah. Der ORGANISATOR bereitet in 10 Ausgaben pro Jahr die wesentlichen Themen f\u00fcr F\u00fchrungskr\u00e4fte von KMU auf.\",\"publisher\":{\"@id\":\"https:\\\/\\\/www.organisator.ch\\\/#organization\"},\"potentialAction\":[{\"@type\":\"SearchAction\",\"target\":{\"@type\":\"EntryPoint\",\"urlTemplate\":\"https:\\\/\\\/www.organisator.ch\\\/?s={search_term_string}\"},\"query-input\":{\"@type\":\"PropertyValueSpecification\",\"valueRequired\":true,\"valueName\":\"search_term_string\"}}],\"inLanguage\":\"it-IT\"},{\"@type\":\"Organization\",\"@id\":\"https:\\\/\\\/www.organisator.ch\\\/#organization\",\"name\":\"Organisator\",\"url\":\"https:\\\/\\\/www.organisator.ch\\\/\",\"logo\":{\"@type\":\"ImageObject\",\"inLanguage\":\"it-IT\",\"@id\":\"https:\\\/\\\/www.organisator.ch\\\/#\\\/schema\\\/logo\\\/image\\\/\",\"url\":\"https:\\\/\\\/www.organisator.ch\\\/wp-content\\\/uploads\\\/2022\\\/01\\\/Logo_Organisator_Website.png\",\"contentUrl\":\"https:\\\/\\\/www.organisator.ch\\\/wp-content\\\/uploads\\\/2022\\\/01\\\/Logo_Organisator_Website.png\",\"width\":800,\"height\":77,\"caption\":\"Organisator\"},\"image\":{\"@id\":\"https:\\\/\\\/www.organisator.ch\\\/#\\\/schema\\\/logo\\\/image\\\/\"},\"sameAs\":[\"https:\\\/\\\/www.facebook.com\\\/OrganisatorFachmagazin\",\"https:\\\/\\\/www.linkedin.com\\\/showcase\\\/organisator-das-magazin-fr-kmu\",\"https:\\\/\\\/www.xing.com\\\/news\\\/pages\\\/organisator-ch-695\",\"https:\\\/\\\/www.youtube.com\\\/channel\\\/UCGP2Sq0iWaZwT3BdIAQFYpw\"]},{\"@type\":\"Person\",\"@id\":\"https:\\\/\\\/www.organisator.ch\\\/#\\\/schema\\\/person\\\/6f650f90b2842cd4c0cc334b4e36f67e\",\"name\":\"thomas.berner\",\"image\":{\"@type\":\"ImageObject\",\"inLanguage\":\"it-IT\",\"@id\":\"https:\\\/\\\/secure.gravatar.com\\\/avatar\\\/ac5001d2a36cb6c6cd3e50789007ffca834b477b74a2144564522e944eabff61?s=96&d=mm&r=g\",\"url\":\"https:\\\/\\\/secure.gravatar.com\\\/avatar\\\/ac5001d2a36cb6c6cd3e50789007ffca834b477b74a2144564522e944eabff61?s=96&d=mm&r=g\",\"contentUrl\":\"https:\\\/\\\/secure.gravatar.com\\\/avatar\\\/ac5001d2a36cb6c6cd3e50789007ffca834b477b74a2144564522e944eabff61?s=96&d=mm&r=g\",\"caption\":\"thomas.berner\"},\"url\":\"https:\\\/\\\/www.organisator.ch\\\/it\\\/author\\\/thomas-berner\\\/\"}]}<\/script>\n<!-- \/ Yoast SEO plugin. -->","yoast_head_json":{"title":"Le prospettive di esportazione si avvicinano al trend di lungo periodo - Organizzatore","description":"Le prospettive di esportazione superiori alla media sono probabilmente finite: Al grande ottimismo segue la cautela di aziende e consumatori.","robots":{"index":"index","follow":"follow","max-snippet":"max-snippet:-1","max-image-preview":"max-image-preview:large","max-video-preview":"max-video-preview:-1"},"canonical":"https:\/\/www.organisator.ch\/it\/gestione-2\/2022-05-24\/export-aussichten-naehern-sich-dem-langfristigen-trend-an\/","og_locale":"it_IT","og_type":"article","og_title":"Export-Aussichten n\u00e4hern sich dem langfristigen Trend an","og_description":"Mit \u00fcberdurchschnittlichen Export-Aussichten d\u00fcrfte es vorbei sein: Dem grossem Optimismus folgt Vorsicht bei Unternehmen und Konsumenten.","og_url":"https:\/\/www.organisator.ch\/it\/gestione-2\/2022-05-24\/export-aussichten-naehern-sich-dem-langfristigen-trend-an\/","og_site_name":"Organisator","article_publisher":"https:\/\/www.facebook.com\/OrganisatorFachmagazin","article_published_time":"2022-05-24T06:35:56+00:00","og_image":[{"width":680,"height":482,"url":"https:\/\/www.organisator.ch\/wp-content\/uploads\/2022\/05\/Export-Aussichten-naehern-sich-dem-langfristigen-Trend-an_Organisator.jpg","type":"image\/jpeg"}],"author":"thomas.berner","twitter_card":"summary_large_image","twitter_title":"#Export-Aussichten n\u00e4hern sich dem langfristigen #Trend an","twitter_description":"Mit \u00fcberdurchschnittlichen #Export-Aussichten d\u00fcrfte es vorbei sein: Dem grossem #Optimismus folgt Vorsicht bei #Unternehmen und #Konsumenten.","twitter_image":"https:\/\/www.organisator.ch\/wp-content\/uploads\/2022\/05\/Export-Aussichten-naehern-sich-dem-langfristigen-Trend-an_Organisator.jpg","schema":{"@context":"https:\/\/schema.org","@graph":[{"@type":"Article","@id":"https:\/\/www.organisator.ch\/management\/2022-05-24\/export-aussichten-naehern-sich-dem-langfristigen-trend-an\/#article","isPartOf":{"@id":"https:\/\/www.organisator.ch\/management\/2022-05-24\/export-aussichten-naehern-sich-dem-langfristigen-trend-an\/"},"author":{"name":"thomas.berner","@id":"https:\/\/www.organisator.ch\/#\/schema\/person\/6f650f90b2842cd4c0cc334b4e36f67e"},"headline":"Export-Aussichten n\u00e4hern sich dem langfristigen Trend an","datePublished":"2022-05-24T06:35:56+00:00","mainEntityOfPage":{"@id":"https:\/\/www.organisator.ch\/management\/2022-05-24\/export-aussichten-naehern-sich-dem-langfristigen-trend-an\/"},"wordCount":605,"publisher":{"@id":"https:\/\/www.organisator.ch\/#organization"},"image":{"@id":"https:\/\/www.organisator.ch\/management\/2022-05-24\/export-aussichten-naehern-sich-dem-langfristigen-trend-an\/#primaryimage"},"thumbnailUrl":"https:\/\/www.organisator.ch\/wp-content\/uploads\/2022\/05\/Export-Aussichten-naehern-sich-dem-langfristigen-Trend-an_Organisator.jpg","keywords":["Export","Konjunktur","Risikomanagement"],"articleSection":["MANAGEMENT"],"inLanguage":"it-IT"},{"@type":"WebPage","@id":"https:\/\/www.organisator.ch\/management\/2022-05-24\/export-aussichten-naehern-sich-dem-langfristigen-trend-an\/","url":"https:\/\/www.organisator.ch\/management\/2022-05-24\/export-aussichten-naehern-sich-dem-langfristigen-trend-an\/","name":"Le prospettive di esportazione si avvicinano al trend di lungo periodo - Organizzatore","isPartOf":{"@id":"https:\/\/www.organisator.ch\/#website"},"primaryImageOfPage":{"@id":"https:\/\/www.organisator.ch\/management\/2022-05-24\/export-aussichten-naehern-sich-dem-langfristigen-trend-an\/#primaryimage"},"image":{"@id":"https:\/\/www.organisator.ch\/management\/2022-05-24\/export-aussichten-naehern-sich-dem-langfristigen-trend-an\/#primaryimage"},"thumbnailUrl":"https:\/\/www.organisator.ch\/wp-content\/uploads\/2022\/05\/Export-Aussichten-naehern-sich-dem-langfristigen-Trend-an_Organisator.jpg","datePublished":"2022-05-24T06:35:56+00:00","description":"Le prospettive di esportazione superiori alla media sono probabilmente finite: Al grande ottimismo segue la cautela di aziende e consumatori.","breadcrumb":{"@id":"https:\/\/www.organisator.ch\/management\/2022-05-24\/export-aussichten-naehern-sich-dem-langfristigen-trend-an\/#breadcrumb"},"inLanguage":"it-IT","potentialAction":[{"@type":"ReadAction","target":["https:\/\/www.organisator.ch\/management\/2022-05-24\/export-aussichten-naehern-sich-dem-langfristigen-trend-an\/"]}]},{"@type":"ImageObject","inLanguage":"it-IT","@id":"https:\/\/www.organisator.ch\/management\/2022-05-24\/export-aussichten-naehern-sich-dem-langfristigen-trend-an\/#primaryimage","url":"https:\/\/www.organisator.ch\/wp-content\/uploads\/2022\/05\/Export-Aussichten-naehern-sich-dem-langfristigen-Trend-an_Organisator.jpg","contentUrl":"https:\/\/www.organisator.ch\/wp-content\/uploads\/2022\/05\/Export-Aussichten-naehern-sich-dem-langfristigen-Trend-an_Organisator.jpg","width":680,"height":482,"caption":"Die Schweizer Wirtschaft profitiert zwar noch vom positiven Trend der Pandemie-Bew\u00e4ltigung, doch auch hierzulande tr\u00fcben sich die Export-Aussichten ein. (Bild: Pixabay.com)"},{"@type":"BreadcrumbList","@id":"https:\/\/www.organisator.ch\/management\/2022-05-24\/export-aussichten-naehern-sich-dem-langfristigen-trend-an\/#breadcrumb","itemListElement":[{"@type":"ListItem","position":1,"name":"Home","item":"https:\/\/www.organisator.ch\/"},{"@type":"ListItem","position":2,"name":"Export-Aussichten n\u00e4hern sich dem langfristigen Trend an"}]},{"@type":"WebSite","@id":"https:\/\/www.organisator.ch\/#website","url":"https:\/\/www.organisator.ch\/","name":"Organizzatore","description":"Competente. Pratico. In 10 numeri all'anno, ORGANISATOR presenta i temi essenziali per i manager delle PMI.","publisher":{"@id":"https:\/\/www.organisator.ch\/#organization"},"potentialAction":[{"@type":"SearchAction","target":{"@type":"EntryPoint","urlTemplate":"https:\/\/www.organisator.ch\/?s={search_term_string}"},"query-input":{"@type":"PropertyValueSpecification","valueRequired":true,"valueName":"search_term_string"}}],"inLanguage":"it-IT"},{"@type":"Organization","@id":"https:\/\/www.organisator.ch\/#organization","name":"Organizzatore","url":"https:\/\/www.organisator.ch\/","logo":{"@type":"ImageObject","inLanguage":"it-IT","@id":"https:\/\/www.organisator.ch\/#\/schema\/logo\/image\/","url":"https:\/\/www.organisator.ch\/wp-content\/uploads\/2022\/01\/Logo_Organisator_Website.png","contentUrl":"https:\/\/www.organisator.ch\/wp-content\/uploads\/2022\/01\/Logo_Organisator_Website.png","width":800,"height":77,"caption":"Organisator"},"image":{"@id":"https:\/\/www.organisator.ch\/#\/schema\/logo\/image\/"},"sameAs":["https:\/\/www.facebook.com\/OrganisatorFachmagazin","https:\/\/www.linkedin.com\/showcase\/organisator-das-magazin-fr-kmu","https:\/\/www.xing.com\/news\/pages\/organisator-ch-695","https:\/\/www.youtube.com\/channel\/UCGP2Sq0iWaZwT3BdIAQFYpw"]},{"@type":"Person","@id":"https:\/\/www.organisator.ch\/#\/schema\/person\/6f650f90b2842cd4c0cc334b4e36f67e","name":"Tommaso.berner","image":{"@type":"ImageObject","inLanguage":"it-IT","@id":"https:\/\/secure.gravatar.com\/avatar\/ac5001d2a36cb6c6cd3e50789007ffca834b477b74a2144564522e944eabff61?s=96&d=mm&r=g","url":"https:\/\/secure.gravatar.com\/avatar\/ac5001d2a36cb6c6cd3e50789007ffca834b477b74a2144564522e944eabff61?s=96&d=mm&r=g","contentUrl":"https:\/\/secure.gravatar.com\/avatar\/ac5001d2a36cb6c6cd3e50789007ffca834b477b74a2144564522e944eabff61?s=96&d=mm&r=g","caption":"thomas.berner"},"url":"https:\/\/www.organisator.ch\/it\/author\/thomas-berner\/"}]}},"_links":{"self":[{"href":"https:\/\/www.organisator.ch\/it\/wp-json\/wp\/v2\/posts\/12991","targetHints":{"allow":["GET"]}}],"collection":[{"href":"https:\/\/www.organisator.ch\/it\/wp-json\/wp\/v2\/posts"}],"about":[{"href":"https:\/\/www.organisator.ch\/it\/wp-json\/wp\/v2\/types\/post"}],"author":[{"embeddable":true,"href":"https:\/\/www.organisator.ch\/it\/wp-json\/wp\/v2\/users\/4"}],"replies":[{"embeddable":true,"href":"https:\/\/www.organisator.ch\/it\/wp-json\/wp\/v2\/comments?post=12991"}],"version-history":[{"count":1,"href":"https:\/\/www.organisator.ch\/it\/wp-json\/wp\/v2\/posts\/12991\/revisions"}],"predecessor-version":[{"id":12993,"href":"https:\/\/www.organisator.ch\/it\/wp-json\/wp\/v2\/posts\/12991\/revisions\/12993"}],"wp:featuredmedia":[{"embeddable":true,"href":"https:\/\/www.organisator.ch\/it\/wp-json\/wp\/v2\/media\/12992"}],"wp:attachment":[{"href":"https:\/\/www.organisator.ch\/it\/wp-json\/wp\/v2\/media?parent=12991"}],"wp:term":[{"taxonomy":"category","embeddable":true,"href":"https:\/\/www.organisator.ch\/it\/wp-json\/wp\/v2\/categories?post=12991"},{"taxonomy":"post_tag","embeddable":true,"href":"https:\/\/www.organisator.ch\/it\/wp-json\/wp\/v2\/tags?post=12991"}],"curies":[{"name":"wp","href":"https:\/\/api.w.org\/{rel}","templated":true}]}}