{"id":13025,"date":"2022-05-30T07:43:51","date_gmt":"2022-05-30T05:43:51","guid":{"rendered":"https:\/\/www.organisator.ch\/?p=13025"},"modified":"2022-06-27T15:18:08","modified_gmt":"2022-06-27T13:18:08","slug":"erfolgs-impuls-seien-sie-weniger-tolerant","status":"publish","type":"post","link":"https:\/\/www.organisator.ch\/it\/management\/2022-05-30\/erfolgs-impuls-seien-sie-weniger-tolerant\/","title":{"rendered":"Impulso al successo: essere meno tolleranti!"},"content":{"rendered":"<figure id=\"attachment_13027\" aria-describedby=\"caption-attachment-13027\" style=\"width: 680px\" class=\"wp-caption alignnone\"><img loading=\"lazy\" decoding=\"async\" class=\"size-full wp-image-13027\" src=\"https:\/\/www.organisator.ch\/wp-content\/uploads\/2022\/05\/Erfolgs-Impuls-Seien-Sie-weniger-tolerant_Organisator.jpg\" alt=\"\" width=\"680\" height=\"481\" srcset=\"https:\/\/www.organisator.ch\/wp-content\/uploads\/2022\/05\/Erfolgs-Impuls-Seien-Sie-weniger-tolerant_Organisator.jpg 680w, https:\/\/www.organisator.ch\/wp-content\/uploads\/2022\/05\/Erfolgs-Impuls-Seien-Sie-weniger-tolerant_Organisator-18x12.jpg 18w, https:\/\/www.organisator.ch\/wp-content\/uploads\/2022\/05\/Erfolgs-Impuls-Seien-Sie-weniger-tolerant_Organisator-247x175.jpg 247w, https:\/\/www.organisator.ch\/wp-content\/uploads\/2022\/05\/Erfolgs-Impuls-Seien-Sie-weniger-tolerant_Organisator-495x350.jpg 495w, https:\/\/www.organisator.ch\/wp-content\/uploads\/2022\/05\/Erfolgs-Impuls-Seien-Sie-weniger-tolerant_Organisator-300x212.jpg 300w\" sizes=\"auto, (max-width: 680px) 100vw, 680px\" \/><figcaption id=\"caption-attachment-13027\" class=\"wp-caption-text\">Dove siete troppo tolleranti e dove no? La linea di demarcazione tra troppa e troppo poca tolleranza \u00e8 relativamente stretta... (Immagine: Pixabay.com)<\/figcaption><\/figure>\n<p>Non dovremmo essere tolleranti verso gli altri? S\u00ec, certamente. Ma nella leadership e nelle relazioni personali c'\u00e8 anche un'altra faccia della medaglia: \"Nella vita si ottiene ci\u00f2 che si tollera\".<\/p>\n<p>Questa \u00e8 una saggezza antica e vera. Se tollerate certi comportamenti negativi negli altri, ne avrete di pi\u00f9 nella vostra vita. Esempio: Se si tollera che qualcuno sia sempre poco puntuale, questo qualcuno continuer\u00e0 a esserlo. E sarete sempre pi\u00f9 circondati da persone che si comportano in modo simile. Non si tratta di come \"educare\" gli altri, ma di ci\u00f2 che si deve permettere nella propria vita di leader. Perch\u00e9 se tollerate troppa negativit\u00e0, non avrete pi\u00f9 spazio per le cose importanti che vi fanno progredire.<\/p>\n<p>\"Da dove deriva il diverso livello di tolleranza delle varie persone?\", vi chiederete ora. Ebbene, come molte cose, anche questa deriva in gran parte dall'imprinting della nostra infanzia. E come tutte le impronte, anche questa pu\u00f2 essere modificata in modo specifico in voi stessi. Ecco tre domande che potete utilizzare per influenzare concretamente la vostra soglia di tolleranza:<\/p>\n<ol>\n<li>\"Dove continuo ad essere troppo tollerante?\".<br \/>\nCi sono schemi molto diversi di quando si \u00e8 troppo tolleranti. Pu\u00f2 essere in certi comportamenti con se stessi. Oppure mostrate troppa tolleranza in situazioni molto specifiche con gli altri. Oppure siete molto tolleranti nei confronti di certe persone, indipendentemente da ci\u00f2 che fanno.<br \/>\nNella prima fase, \u00e8 importante riconoscere i diversi punti di tolleranza.<\/li>\n<li>\"Quali sono le conseguenze negative di questa tolleranza?\".<br \/>\nIl punto \u00e8 rendersi conto di cosa comporta la vostra elevata tolleranza in determinate situazioni (vedi punto 1). Una buona domanda da porsi \u00e8: \"Cosa succederebbe se a questo punto non fossi pi\u00f9 cos\u00ec tollerante?<br \/>\nForse avreste pi\u00f9 tempo, sareste pi\u00f9 produttivi, avreste meno distrazioni, otterreste pi\u00f9 risultati, avreste pi\u00f9 tempo per le persone a cui tenete e cos\u00ec via.<br \/>\nSpesso sottovalutiamo drammaticamente le conseguenze negative di un'eccessiva tolleranza.<\/li>\n<li>\"Dove sono le mie linee rosse?\"<br \/>\nNella terza fase \u00e8 fondamentale decidere in quali luoghi e con quali persone non mostrare pi\u00f9 tolleranza.<br \/>\n\u00c8 importante ricordare che un'eccessiva tolleranza non \u00e8 dannosa solo per se stessi, ma anche per coloro verso i quali si \u00e8 troppo tolleranti.<br \/>\nAd esempio, se si continua a rispondere a tutte le domande, si educano le persone a non pensare con la propria testa. Questo non aiuta nessuno.<\/li>\n<\/ol>\n<p>Ecco quindi tre domande utili che vi aiuteranno a ottenere di pi\u00f9 e allo stesso tempo ad aiutare gli altri a svilupparsi. E non dimenticate: la linea di demarcazione tra troppa e troppo poca tolleranza \u00e8 relativamente stretta.<\/p>\n<p><strong><em>Autore:<br \/>\n<\/em><\/strong><em>Volkmar V\u00f6lzke \u00e8 un massimizzatore di successo, autore di libri, consulente, allenatore e oratore.<\/em><em><a href=\"https:\/\/www.volkmarvoelzke.ch\/\">www.volkmarvoelzke.ch<\/a><\/em><\/p>","protected":false},"excerpt":{"rendered":"<p>Sollten wir nicht tolerant sein gegen\u00fcber anderen? Ja, sicher. Im Leadership und in pers\u00f6nlichen Beziehungen gibt es aber auch eine andere Seite der Medaille: \u201cSie bekommen das im Leben, was Sie tolerieren.\u201d Das ist eine alte und wahre Weisheit. Wenn Sie bestimmte negative Verhaltensweisen bei anderen tolerieren, werden Sie mehr davon in Ihrem Leben bekommen. [&hellip;]<\/p>\n","protected":false},"author":4,"featured_media":0,"comment_status":"closed","ping_status":"closed","sticky":false,"template":"","format":"standard","meta":{"_acf_changed":false,"_yoast_wpseo_focuskw":"tolerant","_yoast_wpseo_metadesc":"Vielleicht wundern Sie sich \u00fcber diese \u00dcberschrift. Sollten wir nicht tolerant sein gegen\u00fcber anderen? Wo liegt die Toleranzschwelle?","articlekey":"","footnotes":""},"categories":[28],"tags":[115,177,254,335],"class_list":["post-13025","post","type-post","status-publish","format-standard","hentry","category-management","tag-checklisten","tag-erfolgs-impuls","tag-hrm","tag-management-und-unternehmensfuehrung"],"acf":[],"yoast_head":"<!-- This site is optimized with the Yoast SEO plugin v27.5 - https:\/\/yoast.com\/product\/yoast-seo-wordpress\/ -->\n<title>Erfolgs-Impuls: Seien Sie weniger tolerant! - Organisator<\/title>\n<meta name=\"description\" content=\"Vielleicht wundern Sie sich \u00fcber diese \u00dcberschrift. Sollten wir nicht tolerant sein gegen\u00fcber anderen? Wo liegt die Toleranzschwelle?\" \/>\n<meta name=\"robots\" content=\"index, follow, max-snippet:-1, max-image-preview:large, max-video-preview:-1\" \/>\n<link rel=\"canonical\" href=\"https:\/\/www.organisator.ch\/it\/gestione-2\/2022-05-30\/erfolgs-impuls-seien-sie-weniger-tolerant\/\" \/>\n<meta property=\"og:locale\" content=\"it_IT\" \/>\n<meta property=\"og:type\" content=\"article\" \/>\n<meta property=\"og:title\" content=\"Erfolgs-Impuls: Seien Sie weniger tolerant!\" \/>\n<meta property=\"og:description\" content=\"Vielleicht wundern Sie sich \u00fcber diese \u00dcberschrift. Sollten wir nicht tolerant sein gegen\u00fcber anderen? Wo liegt die Toleranzschwelle?\" \/>\n<meta property=\"og:url\" content=\"https:\/\/www.organisator.ch\/it\/gestione-2\/2022-05-30\/erfolgs-impuls-seien-sie-weniger-tolerant\/\" \/>\n<meta property=\"og:site_name\" content=\"Organisator\" \/>\n<meta property=\"article:publisher\" content=\"https:\/\/www.facebook.com\/OrganisatorFachmagazin\" \/>\n<meta property=\"article:published_time\" content=\"2022-05-30T05:43:51+00:00\" \/>\n<meta property=\"article:modified_time\" content=\"2022-06-27T13:18:08+00:00\" \/>\n<meta property=\"og:image\" content=\"https:\/\/www.organisator.ch\/wp-content\/uploads\/2022\/05\/Erfolgs-Impuls-Seien-Sie-weniger-tolerant_Organisator.jpg\" \/>\n\t<meta property=\"og:image:width\" content=\"680\" \/>\n\t<meta property=\"og:image:height\" content=\"481\" \/>\n\t<meta property=\"og:image:type\" content=\"image\/jpeg\" \/>\n<meta name=\"author\" content=\"thomas.berner\" \/>\n<meta name=\"twitter:card\" content=\"summary_large_image\" \/>\n<meta name=\"twitter:title\" content=\"#Erfolgs-Impuls: Seien Sie weniger #tolerant!\" \/>\n<meta name=\"twitter:description\" content=\"Vielleicht wundern Sie sich \u00fcber diese \u00dcberschrift. Sollten wir nicht #tolerant sein gegen\u00fcber anderen? Wo liegt die #Toleranzschwelle?\" \/>\n<meta name=\"twitter:image\" content=\"https:\/\/www.organisator.ch\/wp-content\/uploads\/2022\/05\/Erfolgs-Impuls-Seien-Sie-weniger-tolerant_Organisator.jpg\" \/>\n<script type=\"application\/ld+json\" class=\"yoast-schema-graph\">{\"@context\":\"https:\\\/\\\/schema.org\",\"@graph\":[{\"@type\":\"Article\",\"@id\":\"https:\\\/\\\/www.organisator.ch\\\/management\\\/2022-05-30\\\/erfolgs-impuls-seien-sie-weniger-tolerant\\\/#article\",\"isPartOf\":{\"@id\":\"https:\\\/\\\/www.organisator.ch\\\/management\\\/2022-05-30\\\/erfolgs-impuls-seien-sie-weniger-tolerant\\\/\"},\"author\":{\"name\":\"thomas.berner\",\"@id\":\"https:\\\/\\\/www.organisator.ch\\\/#\\\/schema\\\/person\\\/6f650f90b2842cd4c0cc334b4e36f67e\"},\"headline\":\"Erfolgs-Impuls: Seien Sie weniger tolerant!\",\"datePublished\":\"2022-05-30T05:43:51+00:00\",\"dateModified\":\"2022-06-27T13:18:08+00:00\",\"mainEntityOfPage\":{\"@id\":\"https:\\\/\\\/www.organisator.ch\\\/management\\\/2022-05-30\\\/erfolgs-impuls-seien-sie-weniger-tolerant\\\/\"},\"wordCount\":503,\"publisher\":{\"@id\":\"https:\\\/\\\/www.organisator.ch\\\/#organization\"},\"image\":{\"@id\":\"https:\\\/\\\/www.organisator.ch\\\/management\\\/2022-05-30\\\/erfolgs-impuls-seien-sie-weniger-tolerant\\\/#primaryimage\"},\"thumbnailUrl\":\"https:\\\/\\\/www.organisator.ch\\\/wp-content\\\/uploads\\\/2022\\\/05\\\/Erfolgs-Impuls-Seien-Sie-weniger-tolerant_Organisator.jpg\",\"keywords\":[\"Checklisten\",\"Erfolgs-Impuls\",\"HRM\",\"Management und Unternehmensf\u00fchrung\"],\"articleSection\":[\"MANAGEMENT\"],\"inLanguage\":\"it-IT\"},{\"@type\":\"WebPage\",\"@id\":\"https:\\\/\\\/www.organisator.ch\\\/management\\\/2022-05-30\\\/erfolgs-impuls-seien-sie-weniger-tolerant\\\/\",\"url\":\"https:\\\/\\\/www.organisator.ch\\\/management\\\/2022-05-30\\\/erfolgs-impuls-seien-sie-weniger-tolerant\\\/\",\"name\":\"Erfolgs-Impuls: Seien Sie weniger tolerant! - Organisator\",\"isPartOf\":{\"@id\":\"https:\\\/\\\/www.organisator.ch\\\/#website\"},\"primaryImageOfPage\":{\"@id\":\"https:\\\/\\\/www.organisator.ch\\\/management\\\/2022-05-30\\\/erfolgs-impuls-seien-sie-weniger-tolerant\\\/#primaryimage\"},\"image\":{\"@id\":\"https:\\\/\\\/www.organisator.ch\\\/management\\\/2022-05-30\\\/erfolgs-impuls-seien-sie-weniger-tolerant\\\/#primaryimage\"},\"thumbnailUrl\":\"https:\\\/\\\/www.organisator.ch\\\/wp-content\\\/uploads\\\/2022\\\/05\\\/Erfolgs-Impuls-Seien-Sie-weniger-tolerant_Organisator.jpg\",\"datePublished\":\"2022-05-30T05:43:51+00:00\",\"dateModified\":\"2022-06-27T13:18:08+00:00\",\"description\":\"Vielleicht wundern Sie sich \u00fcber diese \u00dcberschrift. Sollten wir nicht tolerant sein gegen\u00fcber anderen? Wo liegt die Toleranzschwelle?\",\"breadcrumb\":{\"@id\":\"https:\\\/\\\/www.organisator.ch\\\/management\\\/2022-05-30\\\/erfolgs-impuls-seien-sie-weniger-tolerant\\\/#breadcrumb\"},\"inLanguage\":\"it-IT\",\"potentialAction\":[{\"@type\":\"ReadAction\",\"target\":[\"https:\\\/\\\/www.organisator.ch\\\/management\\\/2022-05-30\\\/erfolgs-impuls-seien-sie-weniger-tolerant\\\/\"]}]},{\"@type\":\"ImageObject\",\"inLanguage\":\"it-IT\",\"@id\":\"https:\\\/\\\/www.organisator.ch\\\/management\\\/2022-05-30\\\/erfolgs-impuls-seien-sie-weniger-tolerant\\\/#primaryimage\",\"url\":\"https:\\\/\\\/www.organisator.ch\\\/wp-content\\\/uploads\\\/2022\\\/05\\\/Erfolgs-Impuls-Seien-Sie-weniger-tolerant_Organisator.jpg\",\"contentUrl\":\"https:\\\/\\\/www.organisator.ch\\\/wp-content\\\/uploads\\\/2022\\\/05\\\/Erfolgs-Impuls-Seien-Sie-weniger-tolerant_Organisator.jpg\"},{\"@type\":\"BreadcrumbList\",\"@id\":\"https:\\\/\\\/www.organisator.ch\\\/management\\\/2022-05-30\\\/erfolgs-impuls-seien-sie-weniger-tolerant\\\/#breadcrumb\",\"itemListElement\":[{\"@type\":\"ListItem\",\"position\":1,\"name\":\"Home\",\"item\":\"https:\\\/\\\/www.organisator.ch\\\/\"},{\"@type\":\"ListItem\",\"position\":2,\"name\":\"Erfolgs-Impuls: Seien Sie weniger tolerant!\"}]},{\"@type\":\"WebSite\",\"@id\":\"https:\\\/\\\/www.organisator.ch\\\/#website\",\"url\":\"https:\\\/\\\/www.organisator.ch\\\/\",\"name\":\"Organisator\",\"description\":\"Kompetent. Praxisnah. Der ORGANISATOR bereitet in 10 Ausgaben pro Jahr die wesentlichen Themen f\u00fcr F\u00fchrungskr\u00e4fte von KMU auf.\",\"publisher\":{\"@id\":\"https:\\\/\\\/www.organisator.ch\\\/#organization\"},\"potentialAction\":[{\"@type\":\"SearchAction\",\"target\":{\"@type\":\"EntryPoint\",\"urlTemplate\":\"https:\\\/\\\/www.organisator.ch\\\/?s={search_term_string}\"},\"query-input\":{\"@type\":\"PropertyValueSpecification\",\"valueRequired\":true,\"valueName\":\"search_term_string\"}}],\"inLanguage\":\"it-IT\"},{\"@type\":\"Organization\",\"@id\":\"https:\\\/\\\/www.organisator.ch\\\/#organization\",\"name\":\"Organisator\",\"url\":\"https:\\\/\\\/www.organisator.ch\\\/\",\"logo\":{\"@type\":\"ImageObject\",\"inLanguage\":\"it-IT\",\"@id\":\"https:\\\/\\\/www.organisator.ch\\\/#\\\/schema\\\/logo\\\/image\\\/\",\"url\":\"https:\\\/\\\/www.organisator.ch\\\/wp-content\\\/uploads\\\/2022\\\/01\\\/Logo_Organisator_Website.png\",\"contentUrl\":\"https:\\\/\\\/www.organisator.ch\\\/wp-content\\\/uploads\\\/2022\\\/01\\\/Logo_Organisator_Website.png\",\"width\":800,\"height\":77,\"caption\":\"Organisator\"},\"image\":{\"@id\":\"https:\\\/\\\/www.organisator.ch\\\/#\\\/schema\\\/logo\\\/image\\\/\"},\"sameAs\":[\"https:\\\/\\\/www.facebook.com\\\/OrganisatorFachmagazin\",\"https:\\\/\\\/www.linkedin.com\\\/showcase\\\/organisator-das-magazin-fr-kmu\",\"https:\\\/\\\/www.xing.com\\\/news\\\/pages\\\/organisator-ch-695\",\"https:\\\/\\\/www.youtube.com\\\/channel\\\/UCGP2Sq0iWaZwT3BdIAQFYpw\"]},{\"@type\":\"Person\",\"@id\":\"https:\\\/\\\/www.organisator.ch\\\/#\\\/schema\\\/person\\\/6f650f90b2842cd4c0cc334b4e36f67e\",\"name\":\"thomas.berner\",\"image\":{\"@type\":\"ImageObject\",\"inLanguage\":\"it-IT\",\"@id\":\"https:\\\/\\\/secure.gravatar.com\\\/avatar\\\/ac5001d2a36cb6c6cd3e50789007ffca834b477b74a2144564522e944eabff61?s=96&d=mm&r=g\",\"url\":\"https:\\\/\\\/secure.gravatar.com\\\/avatar\\\/ac5001d2a36cb6c6cd3e50789007ffca834b477b74a2144564522e944eabff61?s=96&d=mm&r=g\",\"contentUrl\":\"https:\\\/\\\/secure.gravatar.com\\\/avatar\\\/ac5001d2a36cb6c6cd3e50789007ffca834b477b74a2144564522e944eabff61?s=96&d=mm&r=g\",\"caption\":\"thomas.berner\"},\"url\":\"https:\\\/\\\/www.organisator.ch\\\/it\\\/author\\\/thomas-berner\\\/\"}]}<\/script>\n<!-- \/ Yoast SEO plugin. -->","yoast_head_json":{"title":"Impulso al successo: essere meno tolleranti! - Organizzatore","description":"Forse vi starete chiedendo di questo titolo. Non dovremmo essere tolleranti verso gli altri? Dove si trova la soglia di tolleranza?","robots":{"index":"index","follow":"follow","max-snippet":"max-snippet:-1","max-image-preview":"max-image-preview:large","max-video-preview":"max-video-preview:-1"},"canonical":"https:\/\/www.organisator.ch\/it\/gestione-2\/2022-05-30\/erfolgs-impuls-seien-sie-weniger-tolerant\/","og_locale":"it_IT","og_type":"article","og_title":"Erfolgs-Impuls: Seien Sie weniger tolerant!","og_description":"Vielleicht wundern Sie sich \u00fcber diese \u00dcberschrift. Sollten wir nicht tolerant sein gegen\u00fcber anderen? Wo liegt die Toleranzschwelle?","og_url":"https:\/\/www.organisator.ch\/it\/gestione-2\/2022-05-30\/erfolgs-impuls-seien-sie-weniger-tolerant\/","og_site_name":"Organisator","article_publisher":"https:\/\/www.facebook.com\/OrganisatorFachmagazin","article_published_time":"2022-05-30T05:43:51+00:00","article_modified_time":"2022-06-27T13:18:08+00:00","og_image":[{"width":680,"height":481,"url":"https:\/\/www.organisator.ch\/wp-content\/uploads\/2022\/05\/Erfolgs-Impuls-Seien-Sie-weniger-tolerant_Organisator.jpg","type":"image\/jpeg"}],"author":"thomas.berner","twitter_card":"summary_large_image","twitter_title":"#Erfolgs-Impuls: Seien Sie weniger #tolerant!","twitter_description":"Vielleicht wundern Sie sich \u00fcber diese \u00dcberschrift. Sollten wir nicht #tolerant sein gegen\u00fcber anderen? Wo liegt die #Toleranzschwelle?","twitter_image":"https:\/\/www.organisator.ch\/wp-content\/uploads\/2022\/05\/Erfolgs-Impuls-Seien-Sie-weniger-tolerant_Organisator.jpg","schema":{"@context":"https:\/\/schema.org","@graph":[{"@type":"Article","@id":"https:\/\/www.organisator.ch\/management\/2022-05-30\/erfolgs-impuls-seien-sie-weniger-tolerant\/#article","isPartOf":{"@id":"https:\/\/www.organisator.ch\/management\/2022-05-30\/erfolgs-impuls-seien-sie-weniger-tolerant\/"},"author":{"name":"thomas.berner","@id":"https:\/\/www.organisator.ch\/#\/schema\/person\/6f650f90b2842cd4c0cc334b4e36f67e"},"headline":"Erfolgs-Impuls: Seien Sie weniger tolerant!","datePublished":"2022-05-30T05:43:51+00:00","dateModified":"2022-06-27T13:18:08+00:00","mainEntityOfPage":{"@id":"https:\/\/www.organisator.ch\/management\/2022-05-30\/erfolgs-impuls-seien-sie-weniger-tolerant\/"},"wordCount":503,"publisher":{"@id":"https:\/\/www.organisator.ch\/#organization"},"image":{"@id":"https:\/\/www.organisator.ch\/management\/2022-05-30\/erfolgs-impuls-seien-sie-weniger-tolerant\/#primaryimage"},"thumbnailUrl":"https:\/\/www.organisator.ch\/wp-content\/uploads\/2022\/05\/Erfolgs-Impuls-Seien-Sie-weniger-tolerant_Organisator.jpg","keywords":["Checklisten","Erfolgs-Impuls","HRM","Management und Unternehmensf\u00fchrung"],"articleSection":["MANAGEMENT"],"inLanguage":"it-IT"},{"@type":"WebPage","@id":"https:\/\/www.organisator.ch\/management\/2022-05-30\/erfolgs-impuls-seien-sie-weniger-tolerant\/","url":"https:\/\/www.organisator.ch\/management\/2022-05-30\/erfolgs-impuls-seien-sie-weniger-tolerant\/","name":"Impulso al successo: essere meno tolleranti! - Organizzatore","isPartOf":{"@id":"https:\/\/www.organisator.ch\/#website"},"primaryImageOfPage":{"@id":"https:\/\/www.organisator.ch\/management\/2022-05-30\/erfolgs-impuls-seien-sie-weniger-tolerant\/#primaryimage"},"image":{"@id":"https:\/\/www.organisator.ch\/management\/2022-05-30\/erfolgs-impuls-seien-sie-weniger-tolerant\/#primaryimage"},"thumbnailUrl":"https:\/\/www.organisator.ch\/wp-content\/uploads\/2022\/05\/Erfolgs-Impuls-Seien-Sie-weniger-tolerant_Organisator.jpg","datePublished":"2022-05-30T05:43:51+00:00","dateModified":"2022-06-27T13:18:08+00:00","description":"Forse vi starete chiedendo di questo titolo. Non dovremmo essere tolleranti verso gli altri? Dove si trova la soglia di tolleranza?","breadcrumb":{"@id":"https:\/\/www.organisator.ch\/management\/2022-05-30\/erfolgs-impuls-seien-sie-weniger-tolerant\/#breadcrumb"},"inLanguage":"it-IT","potentialAction":[{"@type":"ReadAction","target":["https:\/\/www.organisator.ch\/management\/2022-05-30\/erfolgs-impuls-seien-sie-weniger-tolerant\/"]}]},{"@type":"ImageObject","inLanguage":"it-IT","@id":"https:\/\/www.organisator.ch\/management\/2022-05-30\/erfolgs-impuls-seien-sie-weniger-tolerant\/#primaryimage","url":"https:\/\/www.organisator.ch\/wp-content\/uploads\/2022\/05\/Erfolgs-Impuls-Seien-Sie-weniger-tolerant_Organisator.jpg","contentUrl":"https:\/\/www.organisator.ch\/wp-content\/uploads\/2022\/05\/Erfolgs-Impuls-Seien-Sie-weniger-tolerant_Organisator.jpg"},{"@type":"BreadcrumbList","@id":"https:\/\/www.organisator.ch\/management\/2022-05-30\/erfolgs-impuls-seien-sie-weniger-tolerant\/#breadcrumb","itemListElement":[{"@type":"ListItem","position":1,"name":"Home","item":"https:\/\/www.organisator.ch\/"},{"@type":"ListItem","position":2,"name":"Erfolgs-Impuls: Seien Sie weniger tolerant!"}]},{"@type":"WebSite","@id":"https:\/\/www.organisator.ch\/#website","url":"https:\/\/www.organisator.ch\/","name":"Organizzatore","description":"Competente. Pratico. In 10 numeri all'anno, ORGANISATOR presenta i temi essenziali per i manager delle PMI.","publisher":{"@id":"https:\/\/www.organisator.ch\/#organization"},"potentialAction":[{"@type":"SearchAction","target":{"@type":"EntryPoint","urlTemplate":"https:\/\/www.organisator.ch\/?s={search_term_string}"},"query-input":{"@type":"PropertyValueSpecification","valueRequired":true,"valueName":"search_term_string"}}],"inLanguage":"it-IT"},{"@type":"Organization","@id":"https:\/\/www.organisator.ch\/#organization","name":"Organizzatore","url":"https:\/\/www.organisator.ch\/","logo":{"@type":"ImageObject","inLanguage":"it-IT","@id":"https:\/\/www.organisator.ch\/#\/schema\/logo\/image\/","url":"https:\/\/www.organisator.ch\/wp-content\/uploads\/2022\/01\/Logo_Organisator_Website.png","contentUrl":"https:\/\/www.organisator.ch\/wp-content\/uploads\/2022\/01\/Logo_Organisator_Website.png","width":800,"height":77,"caption":"Organisator"},"image":{"@id":"https:\/\/www.organisator.ch\/#\/schema\/logo\/image\/"},"sameAs":["https:\/\/www.facebook.com\/OrganisatorFachmagazin","https:\/\/www.linkedin.com\/showcase\/organisator-das-magazin-fr-kmu","https:\/\/www.xing.com\/news\/pages\/organisator-ch-695","https:\/\/www.youtube.com\/channel\/UCGP2Sq0iWaZwT3BdIAQFYpw"]},{"@type":"Person","@id":"https:\/\/www.organisator.ch\/#\/schema\/person\/6f650f90b2842cd4c0cc334b4e36f67e","name":"Tommaso.berner","image":{"@type":"ImageObject","inLanguage":"it-IT","@id":"https:\/\/secure.gravatar.com\/avatar\/ac5001d2a36cb6c6cd3e50789007ffca834b477b74a2144564522e944eabff61?s=96&d=mm&r=g","url":"https:\/\/secure.gravatar.com\/avatar\/ac5001d2a36cb6c6cd3e50789007ffca834b477b74a2144564522e944eabff61?s=96&d=mm&r=g","contentUrl":"https:\/\/secure.gravatar.com\/avatar\/ac5001d2a36cb6c6cd3e50789007ffca834b477b74a2144564522e944eabff61?s=96&d=mm&r=g","caption":"thomas.berner"},"url":"https:\/\/www.organisator.ch\/it\/author\/thomas-berner\/"}]}},"_links":{"self":[{"href":"https:\/\/www.organisator.ch\/it\/wp-json\/wp\/v2\/posts\/13025","targetHints":{"allow":["GET"]}}],"collection":[{"href":"https:\/\/www.organisator.ch\/it\/wp-json\/wp\/v2\/posts"}],"about":[{"href":"https:\/\/www.organisator.ch\/it\/wp-json\/wp\/v2\/types\/post"}],"author":[{"embeddable":true,"href":"https:\/\/www.organisator.ch\/it\/wp-json\/wp\/v2\/users\/4"}],"replies":[{"embeddable":true,"href":"https:\/\/www.organisator.ch\/it\/wp-json\/wp\/v2\/comments?post=13025"}],"version-history":[{"count":2,"href":"https:\/\/www.organisator.ch\/it\/wp-json\/wp\/v2\/posts\/13025\/revisions"}],"predecessor-version":[{"id":13028,"href":"https:\/\/www.organisator.ch\/it\/wp-json\/wp\/v2\/posts\/13025\/revisions\/13028"}],"wp:attachment":[{"href":"https:\/\/www.organisator.ch\/it\/wp-json\/wp\/v2\/media?parent=13025"}],"wp:term":[{"taxonomy":"category","embeddable":true,"href":"https:\/\/www.organisator.ch\/it\/wp-json\/wp\/v2\/categories?post=13025"},{"taxonomy":"post_tag","embeddable":true,"href":"https:\/\/www.organisator.ch\/it\/wp-json\/wp\/v2\/tags?post=13025"}],"curies":[{"name":"wp","href":"https:\/\/api.w.org\/{rel}","templated":true}]}}