{"id":13048,"date":"2022-05-31T09:26:54","date_gmt":"2022-05-31T07:26:54","guid":{"rendered":"https:\/\/www.werbewoche.ch\/?p=172071"},"modified":"2022-07-30T09:53:34","modified_gmt":"2022-07-30T07:53:34","slug":"online-einkaeufe-neuerdings-shoppen-wir-lieber-am-abend","status":"publish","type":"post","link":"https:\/\/www.organisator.ch\/it\/marketing\/2022-05-31\/online-einkaeufe-neuerdings-shoppen-wir-lieber-am-abend\/","title":{"rendered":"Shopping online: ora preferiamo fare acquisti la sera"},"content":{"rendered":"<figure id=\"attachment_172079\" class=\"wp-caption alignnone\" style=\"width: 1360px\" aria-describedby=\"caption-attachment-172079\"><img class=\"alignnone wp-image-172079 size-full\" src=\"https:\/\/www.werbewoche.ch\/wp-content\/uploads\/2022\/05\/Bildschirmfoto-2022-05-31-um-09.23.52.png\" alt=\"Sera\" width=\"1360\" height=\"692\" \/><figcaption id=\"caption-attachment-172079\" class=\"wp-caption-text\">(Foto: John Schnobrich, Unsplash)<\/figcaption><\/figure>\r\n<p class=\"sc-b8k9ym-1 bqSawy\">La pandemia ha cambiato le nostre abitudini di consumo: Ora preferiamo fare acquisti online dopo le 21.00. In passato, spesso facevamo la spesa velocemente prima di tornare a casa dal lavoro. Ci sono grandi differenze nei tempi di acquisto tra i sessi e le generazioni.<\/p>\r\n\r\n<div>\r\n<p class=\"sc-b8k9ym-5 gZmOoK\">La pandemia di Corona \u00e8 in gran parte finita, ci\u00f2 che \u00e8 rimasto sono le nuove abitudini. Negli ultimi due anni, ad esempio, molti hanno scoperto quanto sia comodo ed economico fare acquisti online.  Chi fa acquisti online lo fa pi\u00f9 tardi nel corso della giornata. Ci\u00f2 \u00e8 dimostrato da una valutazione di tutti gli acquisti effettuati presso Digitec e Galaxus nel 2019, nel 2021 e nei mesi di marzo e aprile 2022.<\/p>\r\n<p class=\"sc-b8k9ym-5 gZmOoK\">Gli ultimi dati sulle vendite dimostrano che ora siamo meno propensi a fare acquisti online in fretta e furia tra le 16 e le 17, ovvero poco prima di finire il lavoro e fare il pendolare. Questa era ancora la norma prima di Covid-19. Invece, facciamo la spesa pi\u00f9 spesso la sera, soprattutto tra le 21 e le 22. E sempre pi\u00f9 spesso anche prima di cena: dopotutto, grazie alle diffuse opzioni di home office, ora ne abbiamo il tempo.<\/p>\r\n\r\n<\/div>\r\n<img class=\"alignnone wp-image-172072 size-full\" src=\"https:\/\/www.werbewoche.ch\/wp-content\/uploads\/2022\/05\/Bildschirmfoto-2022-05-31-um-09.13.21.png\" alt=\"Sera\" width=\"910\" height=\"520\" \/>\r\n\r\nAllo stesso tempo, il luned\u00ec non \u00e8 pi\u00f9 il giorno pi\u00f9 gettonato per gli acquisti online: ora preferiamo acquistare su digitec e Galaxus il marted\u00ec, il mercoled\u00ec o il gioved\u00ec. Il venerd\u00ec ha perso importanza anche per la vendita al dettaglio online. E poich\u00e9 abbiamo gi\u00e0 fatto la spesa la sera durante la settimana, nel fine settimana abbiamo tempo per altre cose.\r\n\r\n<img class=\"alignnone wp-image-172073 size-full\" src=\"https:\/\/www.werbewoche.ch\/wp-content\/uploads\/2022\/05\/Bildschirmfoto-2022-05-31-um-09.14.16.png\" alt=\"Sera\" width=\"829\" height=\"509\" \/>\r\n\r\nLa tendenza a fare acquisti online la sera va di pari passo con il passaggio allo shopping mobile: nell'aprile 2022, per la prima volta, i clienti di Digitec Galaxus hanno fatto pi\u00f9 acquisti con il cellulare che con il computer.\r\n<p class=\"sc-b8k9ym-5 gZmOoK\">L'ora tra le 21.00 e le 22.00 \u00e8 oggi l'orario pi\u00f9 gettonato per le commissioni presso digitec e Galaxus in tutte le regioni di lingua svizzera. I dati di vendita indicano anche che molti abitanti della Svizzera tedesca consumano il pasto serale prima rispetto ai francofoni e ai ticinesi: la crisi dello shopping arriva prima, ma gli svizzeri di lingua tedesca hanno pi\u00f9 tempo per i loro acquisti online a partire dalle 20:00. Al contrario, nella Svizzera latina la pausa pranzo \u00e8 riservata pi\u00f9 a mangiare e a rilassarsi che a fare acquisti.<\/p>\r\n<img class=\"alignnone wp-image-172074 size-full\" src=\"https:\/\/www.werbewoche.ch\/wp-content\/uploads\/2022\/05\/Bildschirmfoto-2022-05-31-um-09.15.32.png\" alt=\"Sera\" width=\"856\" height=\"431\" \/>\r\n\r\n&nbsp;\r\n<figure id=\"attachment_172075\" class=\"wp-caption alignnone\" style=\"width: 857px\" aria-describedby=\"caption-attachment-172075\"><img class=\"alignnone wp-image-172075 size-full\" src=\"https:\/\/www.werbewoche.ch\/wp-content\/uploads\/2022\/05\/Bildschirmfoto-2022-05-31-um-09.16.12.png\" alt=\"Sera\" width=\"857\" height=\"431\" \/><figcaption id=\"caption-attachment-172075\" class=\"wp-caption-text\">(Tutti i grafici sono di Digitec Galaxus).<\/figcaption><\/figure>","protected":false},"excerpt":{"rendered":"<p>Die Pandemie hat unsere Konsumgewohnheiten ver\u00e4ndert: Online shoppen wir nun am liebsten ab 21 Uhr. Fr\u00fcher hatten wir unsere Eink\u00e4ufe h\u00e4ufig noch rasch vor dem Feierabend erledigt. Grosse Unterschiede bei den Shopping-Zeiten gibt es zwischen den Geschlechtern und Generationen. Die Corona-Pandemie ist weitgehend \u00fcberstanden, geblieben sind neue Gewohnheiten. In den letzten beiden Jahren haben zum [\u2026]<\/p>\n","protected":false},"author":8,"featured_media":0,"comment_status":"closed","ping_status":"closed","sticky":false,"template":"","format":"standard","meta":{"_acf_changed":false,"_yoast_wpseo_focuskw":"Abend","_yoast_wpseo_metadesc":"Digitec Galaxus hat die Eink\u00e4ufe der letzten drei Jahre ausgewertet \u2013 und dabei festgestellt, dass Online-Eink\u00e4ufe vermehrt in den Abendstunden get\u00e4tigt werden.","articlekey":"","footnotes":""},"categories":[29],"tags":[3135,2899,3136,3137],"class_list":["post-13048","post","type-post","status-publish","format-standard","hentry","category-marketing","tag-abend","tag-digitec-galaxus","tag-neuerdings","tag-online-einkaeufe"],"acf":[],"yoast_head":"<!-- This site is optimized with the Yoast SEO plugin v27.5 - https:\/\/yoast.com\/product\/yoast-seo-wordpress\/ -->\n<title>Online-Eink\u00e4ufe: Neuerdings shoppen wir lieber am Abend - Organisator<\/title>\n<meta name=\"description\" content=\"Digitec Galaxus hat die Eink\u00e4ufe der letzten drei Jahre ausgewertet \u2013 und dabei festgestellt, dass Online-Eink\u00e4ufe vermehrt in den Abendstunden get\u00e4tigt werden.\" \/>\n<meta name=\"robots\" content=\"index, follow, max-snippet:-1, max-image-preview:large, max-video-preview:-1\" \/>\n<link rel=\"canonical\" href=\"https:\/\/www.werbewoche.ch\/de\/marketing\/marktforschung\/2022-05-31\/online-einkaeufe-neuerdings-shoppen-wir-lieber-am-abend\/\" \/>\n<meta property=\"og:locale\" content=\"it_IT\" \/>\n<meta property=\"og:type\" content=\"article\" \/>\n<meta property=\"og:title\" content=\"Online-Eink\u00e4ufe: Neuerdings shoppen wir lieber am Abend - Organisator\" \/>\n<meta property=\"og:description\" content=\"Digitec Galaxus hat die Eink\u00e4ufe der letzten drei Jahre ausgewertet \u2013 und dabei festgestellt, dass Online-Eink\u00e4ufe vermehrt in den Abendstunden get\u00e4tigt werden.\" \/>\n<meta property=\"og:url\" content=\"https:\/\/www.werbewoche.ch\/de\/marketing\/marktforschung\/2022-05-31\/online-einkaeufe-neuerdings-shoppen-wir-lieber-am-abend\/\" \/>\n<meta property=\"og:site_name\" content=\"Organisator\" \/>\n<meta property=\"article:publisher\" content=\"https:\/\/www.facebook.com\/OrganisatorFachmagazin\" \/>\n<meta property=\"article:published_time\" content=\"2022-05-31T07:26:54+00:00\" \/>\n<meta property=\"article:modified_time\" content=\"2022-07-30T07:53:34+00:00\" \/>\n<meta property=\"og:image\" content=\"https:\/\/www.werbewoche.ch\/wp-content\/uploads\/2022\/05\/Bildschirmfoto-2022-05-31-um-09.23.52.png\" \/>\n<meta name=\"author\" content=\"galledia\" \/>\n<meta name=\"twitter:card\" content=\"summary_large_image\" \/>\n<meta name=\"twitter:creator\" content=\"@admin\" \/>\n<script type=\"application\/ld+json\" class=\"yoast-schema-graph\">{\"@context\":\"https:\\\/\\\/schema.org\",\"@graph\":[{\"@type\":\"Article\",\"@id\":\"https:\\\/\\\/www.werbewoche.ch\\\/de\\\/marketing\\\/marktforschung\\\/2022-05-31\\\/online-einkaeufe-neuerdings-shoppen-wir-lieber-am-abend\\\/#article\",\"isPartOf\":{\"@id\":\"https:\\\/\\\/www.organisator.ch\\\/marketing\\\/2022-05-31\\\/online-einkaeufe-neuerdings-shoppen-wir-lieber-am-abend\\\/\"},\"author\":{\"name\":\"galledia\",\"@id\":\"https:\\\/\\\/www.organisator.ch\\\/#\\\/schema\\\/person\\\/4e51799071cd2dd1232ac003643ef5f0\"},\"headline\":\"Online-Eink\u00e4ufe: Neuerdings shoppen wir lieber am Abend\",\"datePublished\":\"2022-05-31T07:26:54+00:00\",\"dateModified\":\"2022-07-30T07:53:34+00:00\",\"mainEntityOfPage\":{\"@id\":\"https:\\\/\\\/www.organisator.ch\\\/marketing\\\/2022-05-31\\\/online-einkaeufe-neuerdings-shoppen-wir-lieber-am-abend\\\/\"},\"wordCount\":366,\"publisher\":{\"@id\":\"https:\\\/\\\/www.organisator.ch\\\/#organization\"},\"image\":{\"@id\":\"https:\\\/\\\/www.werbewoche.ch\\\/de\\\/marketing\\\/marktforschung\\\/2022-05-31\\\/online-einkaeufe-neuerdings-shoppen-wir-lieber-am-abend\\\/#primaryimage\"},\"thumbnailUrl\":\"https:\\\/\\\/www.werbewoche.ch\\\/wp-content\\\/uploads\\\/2022\\\/05\\\/Bildschirmfoto-2022-05-31-um-09.23.52.png\",\"keywords\":[\"Abend\",\"Digitec Galaxus\",\"Neuerdings\",\"Online-Eink\u00e4ufe\"],\"articleSection\":[\"MARKETING\"],\"inLanguage\":\"it-IT\"},{\"@type\":\"WebPage\",\"@id\":\"https:\\\/\\\/www.organisator.ch\\\/marketing\\\/2022-05-31\\\/online-einkaeufe-neuerdings-shoppen-wir-lieber-am-abend\\\/\",\"url\":\"https:\\\/\\\/www.werbewoche.ch\\\/de\\\/marketing\\\/marktforschung\\\/2022-05-31\\\/online-einkaeufe-neuerdings-shoppen-wir-lieber-am-abend\\\/\",\"name\":\"Online-Eink\u00e4ufe: Neuerdings shoppen wir lieber am Abend - Organisator\",\"isPartOf\":{\"@id\":\"https:\\\/\\\/www.organisator.ch\\\/#website\"},\"primaryImageOfPage\":{\"@id\":\"https:\\\/\\\/www.werbewoche.ch\\\/de\\\/marketing\\\/marktforschung\\\/2022-05-31\\\/online-einkaeufe-neuerdings-shoppen-wir-lieber-am-abend\\\/#primaryimage\"},\"image\":{\"@id\":\"https:\\\/\\\/www.werbewoche.ch\\\/de\\\/marketing\\\/marktforschung\\\/2022-05-31\\\/online-einkaeufe-neuerdings-shoppen-wir-lieber-am-abend\\\/#primaryimage\"},\"thumbnailUrl\":\"https:\\\/\\\/www.werbewoche.ch\\\/wp-content\\\/uploads\\\/2022\\\/05\\\/Bildschirmfoto-2022-05-31-um-09.23.52.png\",\"datePublished\":\"2022-05-31T07:26:54+00:00\",\"dateModified\":\"2022-07-30T07:53:34+00:00\",\"description\":\"Digitec Galaxus hat die Eink\u00e4ufe der letzten drei Jahre ausgewertet \u2013 und dabei festgestellt, dass Online-Eink\u00e4ufe vermehrt in den Abendstunden get\u00e4tigt werden.\",\"breadcrumb\":{\"@id\":\"https:\\\/\\\/www.werbewoche.ch\\\/de\\\/marketing\\\/marktforschung\\\/2022-05-31\\\/online-einkaeufe-neuerdings-shoppen-wir-lieber-am-abend\\\/#breadcrumb\"},\"inLanguage\":\"it-IT\",\"potentialAction\":[{\"@type\":\"ReadAction\",\"target\":[\"https:\\\/\\\/www.werbewoche.ch\\\/de\\\/marketing\\\/marktforschung\\\/2022-05-31\\\/online-einkaeufe-neuerdings-shoppen-wir-lieber-am-abend\\\/\"]}]},{\"@type\":\"ImageObject\",\"inLanguage\":\"it-IT\",\"@id\":\"https:\\\/\\\/www.werbewoche.ch\\\/de\\\/marketing\\\/marktforschung\\\/2022-05-31\\\/online-einkaeufe-neuerdings-shoppen-wir-lieber-am-abend\\\/#primaryimage\",\"url\":\"https:\\\/\\\/www.werbewoche.ch\\\/wp-content\\\/uploads\\\/2022\\\/05\\\/Bildschirmfoto-2022-05-31-um-09.23.52.png\",\"contentUrl\":\"https:\\\/\\\/www.werbewoche.ch\\\/wp-content\\\/uploads\\\/2022\\\/05\\\/Bildschirmfoto-2022-05-31-um-09.23.52.png\"},{\"@type\":\"BreadcrumbList\",\"@id\":\"https:\\\/\\\/www.werbewoche.ch\\\/de\\\/marketing\\\/marktforschung\\\/2022-05-31\\\/online-einkaeufe-neuerdings-shoppen-wir-lieber-am-abend\\\/#breadcrumb\",\"itemListElement\":[{\"@type\":\"ListItem\",\"position\":1,\"name\":\"Home\",\"item\":\"https:\\\/\\\/www.organisator.ch\\\/\"},{\"@type\":\"ListItem\",\"position\":2,\"name\":\"Online-Eink\u00e4ufe: Neuerdings shoppen wir lieber am Abend\"}]},{\"@type\":\"WebSite\",\"@id\":\"https:\\\/\\\/www.organisator.ch\\\/#website\",\"url\":\"https:\\\/\\\/www.organisator.ch\\\/\",\"name\":\"Organisator\",\"description\":\"Kompetent. Praxisnah. Der ORGANISATOR bereitet in 10 Ausgaben pro Jahr die wesentlichen Themen f\u00fcr F\u00fchrungskr\u00e4fte von KMU auf.\",\"publisher\":{\"@id\":\"https:\\\/\\\/www.organisator.ch\\\/#organization\"},\"potentialAction\":[{\"@type\":\"SearchAction\",\"target\":{\"@type\":\"EntryPoint\",\"urlTemplate\":\"https:\\\/\\\/www.organisator.ch\\\/?s={search_term_string}\"},\"query-input\":{\"@type\":\"PropertyValueSpecification\",\"valueRequired\":true,\"valueName\":\"search_term_string\"}}],\"inLanguage\":\"it-IT\"},{\"@type\":\"Organization\",\"@id\":\"https:\\\/\\\/www.organisator.ch\\\/#organization\",\"name\":\"Organisator\",\"url\":\"https:\\\/\\\/www.organisator.ch\\\/\",\"logo\":{\"@type\":\"ImageObject\",\"inLanguage\":\"it-IT\",\"@id\":\"https:\\\/\\\/www.organisator.ch\\\/#\\\/schema\\\/logo\\\/image\\\/\",\"url\":\"https:\\\/\\\/www.organisator.ch\\\/wp-content\\\/uploads\\\/2022\\\/01\\\/Logo_Organisator_Website.png\",\"contentUrl\":\"https:\\\/\\\/www.organisator.ch\\\/wp-content\\\/uploads\\\/2022\\\/01\\\/Logo_Organisator_Website.png\",\"width\":800,\"height\":77,\"caption\":\"Organisator\"},\"image\":{\"@id\":\"https:\\\/\\\/www.organisator.ch\\\/#\\\/schema\\\/logo\\\/image\\\/\"},\"sameAs\":[\"https:\\\/\\\/www.facebook.com\\\/OrganisatorFachmagazin\",\"https:\\\/\\\/www.linkedin.com\\\/showcase\\\/organisator-das-magazin-fr-kmu\",\"https:\\\/\\\/www.xing.com\\\/news\\\/pages\\\/organisator-ch-695\",\"https:\\\/\\\/www.youtube.com\\\/channel\\\/UCGP2Sq0iWaZwT3BdIAQFYpw\"]},{\"@type\":\"Person\",\"@id\":\"https:\\\/\\\/www.organisator.ch\\\/#\\\/schema\\\/person\\\/4e51799071cd2dd1232ac003643ef5f0\",\"name\":\"galledia\",\"image\":{\"@type\":\"ImageObject\",\"inLanguage\":\"it-IT\",\"@id\":\"https:\\\/\\\/secure.gravatar.com\\\/avatar\\\/78a7f90c01fc2bfc875782a0d4922b37cde2cf184ce347b91316d23cd7f69a36?s=96&d=mm&r=g\",\"url\":\"https:\\\/\\\/secure.gravatar.com\\\/avatar\\\/78a7f90c01fc2bfc875782a0d4922b37cde2cf184ce347b91316d23cd7f69a36?s=96&d=mm&r=g\",\"contentUrl\":\"https:\\\/\\\/secure.gravatar.com\\\/avatar\\\/78a7f90c01fc2bfc875782a0d4922b37cde2cf184ce347b91316d23cd7f69a36?s=96&d=mm&r=g\",\"caption\":\"galledia\"},\"sameAs\":[\"https:\\\/\\\/x.com\\\/admin\"],\"url\":\"https:\\\/\\\/www.organisator.ch\\\/it\\\/author\\\/galledia\\\/\"}]}<\/script>\n<!-- \/ Yoast SEO plugin. -->","yoast_head_json":{"title":"Shopping online: ultimamente preferiamo fare acquisti la sera - Organizzatore","description":"Digitec Galaxus ha valutato gli acquisti degli ultimi tre anni e ha scoperto che gli acquisti online vengono effettuati sempre pi\u00f9 spesso nelle ore serali.","robots":{"index":"index","follow":"follow","max-snippet":"max-snippet:-1","max-image-preview":"max-image-preview:large","max-video-preview":"max-video-preview:-1"},"canonical":"https:\/\/www.werbewoche.ch\/de\/marketing\/marktforschung\/2022-05-31\/online-einkaeufe-neuerdings-shoppen-wir-lieber-am-abend\/","og_locale":"it_IT","og_type":"article","og_title":"Online-Eink\u00e4ufe: Neuerdings shoppen wir lieber am Abend - Organisator","og_description":"Digitec Galaxus hat die Eink\u00e4ufe der letzten drei Jahre ausgewertet \u2013 und dabei festgestellt, dass Online-Eink\u00e4ufe vermehrt in den Abendstunden get\u00e4tigt werden.","og_url":"https:\/\/www.werbewoche.ch\/de\/marketing\/marktforschung\/2022-05-31\/online-einkaeufe-neuerdings-shoppen-wir-lieber-am-abend\/","og_site_name":"Organisator","article_publisher":"https:\/\/www.facebook.com\/OrganisatorFachmagazin","article_published_time":"2022-05-31T07:26:54+00:00","article_modified_time":"2022-07-30T07:53:34+00:00","og_image":[{"url":"https:\/\/www.werbewoche.ch\/wp-content\/uploads\/2022\/05\/Bildschirmfoto-2022-05-31-um-09.23.52.png","type":"","width":"","height":""}],"author":"galledia","twitter_card":"summary_large_image","twitter_creator":"@admin","schema":{"@context":"https:\/\/schema.org","@graph":[{"@type":"Article","@id":"https:\/\/www.werbewoche.ch\/de\/marketing\/marktforschung\/2022-05-31\/online-einkaeufe-neuerdings-shoppen-wir-lieber-am-abend\/#article","isPartOf":{"@id":"https:\/\/www.organisator.ch\/marketing\/2022-05-31\/online-einkaeufe-neuerdings-shoppen-wir-lieber-am-abend\/"},"author":{"name":"galledia","@id":"https:\/\/www.organisator.ch\/#\/schema\/person\/4e51799071cd2dd1232ac003643ef5f0"},"headline":"Online-Eink\u00e4ufe: Neuerdings shoppen wir lieber am Abend","datePublished":"2022-05-31T07:26:54+00:00","dateModified":"2022-07-30T07:53:34+00:00","mainEntityOfPage":{"@id":"https:\/\/www.organisator.ch\/marketing\/2022-05-31\/online-einkaeufe-neuerdings-shoppen-wir-lieber-am-abend\/"},"wordCount":366,"publisher":{"@id":"https:\/\/www.organisator.ch\/#organization"},"image":{"@id":"https:\/\/www.werbewoche.ch\/de\/marketing\/marktforschung\/2022-05-31\/online-einkaeufe-neuerdings-shoppen-wir-lieber-am-abend\/#primaryimage"},"thumbnailUrl":"https:\/\/www.werbewoche.ch\/wp-content\/uploads\/2022\/05\/Bildschirmfoto-2022-05-31-um-09.23.52.png","keywords":["Abend","Digitec Galaxus","Neuerdings","Online-Eink\u00e4ufe"],"articleSection":["MARKETING"],"inLanguage":"it-IT"},{"@type":"WebPage","@id":"https:\/\/www.organisator.ch\/marketing\/2022-05-31\/online-einkaeufe-neuerdings-shoppen-wir-lieber-am-abend\/","url":"https:\/\/www.werbewoche.ch\/de\/marketing\/marktforschung\/2022-05-31\/online-einkaeufe-neuerdings-shoppen-wir-lieber-am-abend\/","name":"Shopping online: ultimamente preferiamo fare acquisti la sera - Organizzatore","isPartOf":{"@id":"https:\/\/www.organisator.ch\/#website"},"primaryImageOfPage":{"@id":"https:\/\/www.werbewoche.ch\/de\/marketing\/marktforschung\/2022-05-31\/online-einkaeufe-neuerdings-shoppen-wir-lieber-am-abend\/#primaryimage"},"image":{"@id":"https:\/\/www.werbewoche.ch\/de\/marketing\/marktforschung\/2022-05-31\/online-einkaeufe-neuerdings-shoppen-wir-lieber-am-abend\/#primaryimage"},"thumbnailUrl":"https:\/\/www.werbewoche.ch\/wp-content\/uploads\/2022\/05\/Bildschirmfoto-2022-05-31-um-09.23.52.png","datePublished":"2022-05-31T07:26:54+00:00","dateModified":"2022-07-30T07:53:34+00:00","description":"Digitec Galaxus ha valutato gli acquisti degli ultimi tre anni e ha scoperto che gli acquisti online vengono effettuati sempre pi\u00f9 spesso nelle ore serali.","breadcrumb":{"@id":"https:\/\/www.werbewoche.ch\/de\/marketing\/marktforschung\/2022-05-31\/online-einkaeufe-neuerdings-shoppen-wir-lieber-am-abend\/#breadcrumb"},"inLanguage":"it-IT","potentialAction":[{"@type":"ReadAction","target":["https:\/\/www.werbewoche.ch\/de\/marketing\/marktforschung\/2022-05-31\/online-einkaeufe-neuerdings-shoppen-wir-lieber-am-abend\/"]}]},{"@type":"ImageObject","inLanguage":"it-IT","@id":"https:\/\/www.werbewoche.ch\/de\/marketing\/marktforschung\/2022-05-31\/online-einkaeufe-neuerdings-shoppen-wir-lieber-am-abend\/#primaryimage","url":"https:\/\/www.werbewoche.ch\/wp-content\/uploads\/2022\/05\/Bildschirmfoto-2022-05-31-um-09.23.52.png","contentUrl":"https:\/\/www.werbewoche.ch\/wp-content\/uploads\/2022\/05\/Bildschirmfoto-2022-05-31-um-09.23.52.png"},{"@type":"BreadcrumbList","@id":"https:\/\/www.werbewoche.ch\/de\/marketing\/marktforschung\/2022-05-31\/online-einkaeufe-neuerdings-shoppen-wir-lieber-am-abend\/#breadcrumb","itemListElement":[{"@type":"ListItem","position":1,"name":"Home","item":"https:\/\/www.organisator.ch\/"},{"@type":"ListItem","position":2,"name":"Online-Eink\u00e4ufe: Neuerdings shoppen wir lieber am Abend"}]},{"@type":"WebSite","@id":"https:\/\/www.organisator.ch\/#website","url":"https:\/\/www.organisator.ch\/","name":"Organizzatore","description":"Competente. Pratico. In 10 numeri all'anno, ORGANISATOR presenta i temi essenziali per i manager delle PMI.","publisher":{"@id":"https:\/\/www.organisator.ch\/#organization"},"potentialAction":[{"@type":"SearchAction","target":{"@type":"EntryPoint","urlTemplate":"https:\/\/www.organisator.ch\/?s={search_term_string}"},"query-input":{"@type":"PropertyValueSpecification","valueRequired":true,"valueName":"search_term_string"}}],"inLanguage":"it-IT"},{"@type":"Organization","@id":"https:\/\/www.organisator.ch\/#organization","name":"Organizzatore","url":"https:\/\/www.organisator.ch\/","logo":{"@type":"ImageObject","inLanguage":"it-IT","@id":"https:\/\/www.organisator.ch\/#\/schema\/logo\/image\/","url":"https:\/\/www.organisator.ch\/wp-content\/uploads\/2022\/01\/Logo_Organisator_Website.png","contentUrl":"https:\/\/www.organisator.ch\/wp-content\/uploads\/2022\/01\/Logo_Organisator_Website.png","width":800,"height":77,"caption":"Organisator"},"image":{"@id":"https:\/\/www.organisator.ch\/#\/schema\/logo\/image\/"},"sameAs":["https:\/\/www.facebook.com\/OrganisatorFachmagazin","https:\/\/www.linkedin.com\/showcase\/organisator-das-magazin-fr-kmu","https:\/\/www.xing.com\/news\/pages\/organisator-ch-695","https:\/\/www.youtube.com\/channel\/UCGP2Sq0iWaZwT3BdIAQFYpw"]},{"@type":"Person","@id":"https:\/\/www.organisator.ch\/#\/schema\/person\/4e51799071cd2dd1232ac003643ef5f0","name":"galledia","image":{"@type":"ImageObject","inLanguage":"it-IT","@id":"https:\/\/secure.gravatar.com\/avatar\/78a7f90c01fc2bfc875782a0d4922b37cde2cf184ce347b91316d23cd7f69a36?s=96&d=mm&r=g","url":"https:\/\/secure.gravatar.com\/avatar\/78a7f90c01fc2bfc875782a0d4922b37cde2cf184ce347b91316d23cd7f69a36?s=96&d=mm&r=g","contentUrl":"https:\/\/secure.gravatar.com\/avatar\/78a7f90c01fc2bfc875782a0d4922b37cde2cf184ce347b91316d23cd7f69a36?s=96&d=mm&r=g","caption":"galledia"},"sameAs":["https:\/\/x.com\/admin"],"url":"https:\/\/www.organisator.ch\/it\/author\/galledia\/"}]}},"_links":{"self":[{"href":"https:\/\/www.organisator.ch\/it\/wp-json\/wp\/v2\/posts\/13048","targetHints":{"allow":["GET"]}}],"collection":[{"href":"https:\/\/www.organisator.ch\/it\/wp-json\/wp\/v2\/posts"}],"about":[{"href":"https:\/\/www.organisator.ch\/it\/wp-json\/wp\/v2\/types\/post"}],"author":[{"embeddable":true,"href":"https:\/\/www.organisator.ch\/it\/wp-json\/wp\/v2\/users\/8"}],"replies":[{"embeddable":true,"href":"https:\/\/www.organisator.ch\/it\/wp-json\/wp\/v2\/comments?post=13048"}],"version-history":[{"count":3,"href":"https:\/\/www.organisator.ch\/it\/wp-json\/wp\/v2\/posts\/13048\/revisions"}],"predecessor-version":[{"id":16021,"href":"https:\/\/www.organisator.ch\/it\/wp-json\/wp\/v2\/posts\/13048\/revisions\/16021"}],"wp:attachment":[{"href":"https:\/\/www.organisator.ch\/it\/wp-json\/wp\/v2\/media?parent=13048"}],"wp:term":[{"taxonomy":"category","embeddable":true,"href":"https:\/\/www.organisator.ch\/it\/wp-json\/wp\/v2\/categories?post=13048"},{"taxonomy":"post_tag","embeddable":true,"href":"https:\/\/www.organisator.ch\/it\/wp-json\/wp\/v2\/tags?post=13048"}],"curies":[{"name":"wp","href":"https:\/\/api.w.org\/{rel}","templated":true}]}}