{"id":13057,"date":"2022-05-31T13:19:45","date_gmt":"2022-05-31T11:19:45","guid":{"rendered":"https:\/\/www.werbewoche.ch\/?p=172119"},"modified":"2022-07-28T15:34:23","modified_gmt":"2022-07-28T13:34:23","slug":"stefan-schoebi-wird-ceo-von-stiftungschweiz","status":"publish","type":"post","link":"https:\/\/www.organisator.ch\/it\/marketing\/2022-05-31\/stefan-schoebi-wird-ceo-von-stiftungschweiz\/","title":{"rendered":"Stefan Sch\u00f6bi diventa CEO di StiftungSchweiz"},"content":{"rendered":"<figure id=\"attachment_172123\" class=\"wp-caption alignnone\" style=\"width: 1200px\" aria-describedby=\"caption-attachment-172123\"><img class=\"alignnone wp-image-172123 size-full\" src=\"https:\/\/www.werbewoche.ch\/wp-content\/uploads\/2022\/05\/schoebi1200.png\" alt=\"Stefan Sch\u00f6bi diventa CEO di StiftungSchweiz\" width=\"1200\" height=\"755\" \/><figcaption id=\"caption-attachment-172123\" class=\"wp-caption-text\">Stefan Sch\u00f6bi, CEO di StiftungSchweiz dal 1\u00b0 novembre 2022 (Foto: Z\u00fcrcher Kantonalbank, Flavio Pinton).<\/figcaption><\/figure>\r\nStiftungSchweiz, la pi\u00f9 grande piattaforma filantropica della Svizzera, \u00e8 impegnata nella filantropia digitale e orientata al futuro. \"Siamo lieti di poter ingaggiare Stefan Sch\u00f6bi, una forte personalit\u00e0 imprenditoriale e un esperto comprovato nel settore delle fondazioni e della filantropia\", afferma Christoph Weber, Presidente del Consiglio di Amministrazione di StiftungSchweiz. \"Stefan Sch\u00f6bi porta con s\u00e9 una grande esperienza nella costruzione di piattaforme multi-stakeholder e di modelli di business digitali. \u00c8 la persona ideale per dare forma alla prossima fase della StiftungSchweiz\". Stefan Sch\u00f6bi assumer\u00e0 la carica di CEO di StiftungSchweiz il 1\u00b0 novembre 2022. \"Sono estremamente soddisfatto che Stefan Sch\u00f6bi sia una personalit\u00e0 di grande esperienza e prestigio\", afferma Peter Buss. \"Insieme al nostro team dedicato, svilupper\u00e0 con successo la StiftungSchweiz come un ecosistema filantropico di ampio respiro e leader.\r\n\r\nSch\u00f6bi ha dedicato gli ultimi nove anni alla creazione e alla gestione del Fondo Pionieri Migros. Dal 2019 \u00e8 membro della Direzione Societ\u00e0 e Cultura della Federazione Cooperativa Migros e dal 2021 \u00e8 responsabile dell'impegno sociale nazionale del Gruppo Migros. Dal 2008 al 2012 \u00e8 stato responsabile del marketing dell'Universit\u00e0 delle Arti di Zurigo. Sch\u00f6bi ha studiato letteratura a Zurigo, Berlino e Vienna e ha conseguito un dottorato sulla storia economica di Zurigo. Ha conseguito un MBA in marketing e certificati presso l'INSEAD e la Stanford University. Nato nel 1977, il cittadino svizzero \u00e8 padre di due ragazzi.\r\n<h3><strong>Consorzio<\/strong> <strong>con<\/strong> <strong>nove<\/strong> <strong>Fondazioni di finanziamento<\/strong><\/h3>\r\nContemporaneamente al cambio di CEO, un consorzio di fondazioni acquisisce una partecipazione di minoranza in StiftungSchweiz. Il consorzio integra la Z\u00fcrcher Kantonalbank, che quattro anni fa \u00e8 diventata un importante azionista della piattaforma. \"Il settore della filantropia sta diventando sempre pi\u00f9 digitale e collegato in rete. La StiftungSchweiz contribuisce a renderlo pi\u00f9 visibile, accessibile ed efficace. Con il nostro ingresso, vogliamo inviare un segnale forte dell'impegno del settore per uno sviluppo orientato al futuro\", afferma la dott.ssa Pascale Vonmont, direttrice della Fondazione Gebert R\u00fcf. Il consorzio comprende le seguenti fondazioni finanziatrici: Fondazione Age, Fondazione Arcanum, Fondazione Ernst G\u00f6hner, Fondazione Gebert R\u00fcf, Fondazione Green Leaves, Fondazione Minerva, Fondazione Mercator Svizzera e Fondazione Velux. La Fondazione Botnar sosterr\u00e0 il consorzio come partner tecnologico. Il consorzio \u00e8 coordinato da SwissFoundations, l'associazione delle fondazioni di finanziamento svizzere. \"La StiftungSchweiz e la Z\u00fcrcher Kantonalbank collaborano con successo da molti anni. La partecipazione del consorzio di fondazioni rafforzer\u00e0 StiftungSchweiz come piattaforma importante nel settore della filantropia e allo stesso tempo fornir\u00e0 importanti impulsi per lo sviluppo futuro\", afferma Martin Scholl, CEO della Z\u00fcrcher Kantonalbank.\r\n<figure id=\"attachment_172121\" class=\"wp-caption alignnone\" style=\"width: 1200px\" aria-describedby=\"caption-attachment-172121\"><img class=\"alignnone wp-image-172121 size-full\" src=\"https:\/\/www.werbewoche.ch\/wp-content\/uploads\/2022\/05\/gruppenbildstiftungch1200.png\" alt=\"FondazioneSvizzera\" width=\"1200\" height=\"779\" \/><figcaption id=\"caption-attachment-172121\" class=\"wp-caption-text\">(da sinistra a destra) Christoph Weber (Presidente del Consiglio di Amministrazione), Stefan Sch\u00f6bi, Peter Buss (attuale CEO) (Foto: Z\u00fcrcher Kantonalbank, Flavio Pinton).<\/figcaption><\/figure>","protected":false},"excerpt":{"rendered":"<p>StiftungSchweiz, die gro\u0308sste Philanthropie-Plattform der Schweiz, engagiert sich f\u00fcr eine digitale und zukunftsweisende Philanthropie. \u00abWir freuen uns, mit Stefan Sch\u00f6bi eine starke unternehmerische Pers\u00f6nlichkeit und einen ausgewiesenen Kenner des Stiftungs- und Philanthropiesektors engagieren zu k\u00f6nnen\u00bb, sagt Christoph Weber, Verwaltungsratspr\u00e4sident von StiftungSchweiz. \u00abStefan Sch\u00f6bi bringt viel Erfahrung im Aufbau von Multistakeholder-Plattformen und digitalen Businessmodellen mit. Er [\u2026]<\/p>\n","protected":false},"author":8,"featured_media":0,"comment_status":"closed","ping_status":"closed","sticky":false,"template":"","format":"standard","meta":{"_acf_changed":false,"_yoast_wpseo_focuskw":"StiftungSchweiz","_yoast_wpseo_metadesc":"Der Verwaltungsrat von StiftungSchweiz hat Stefan Sch\u00f6bi zum neuen CEO ernannt. Er folgt auf Peter Buss, der die Plattform vor zehn Jahren gegr\u00fcndet hat.","articlekey":"","footnotes":""},"categories":[29],"tags":[904,3131,2901],"class_list":["post-13057","post","type-post","status-publish","format-standard","hentry","category-marketing","tag-ceo","tag-stefan-schoebi","tag-stiftungschweiz"],"acf":[],"yoast_head":"<!-- This site is optimized with the Yoast SEO plugin v27.5 - https:\/\/yoast.com\/product\/yoast-seo-wordpress\/ -->\n<title>Stefan Sch\u00f6bi wird CEO von StiftungSchweiz - Organisator<\/title>\n<meta name=\"description\" content=\"Der Verwaltungsrat von StiftungSchweiz hat Stefan Sch\u00f6bi zum neuen CEO ernannt. Er folgt auf Peter Buss, der die Plattform vor zehn Jahren gegr\u00fcndet hat.\" \/>\n<meta name=\"robots\" content=\"index, follow, max-snippet:-1, max-image-preview:large, max-video-preview:-1\" \/>\n<link rel=\"canonical\" href=\"https:\/\/www.werbewoche.ch\/de\/marketing\/2022-05-31\/stefan-schoebi-wird-neuer-ceo-von-stiftungschweiz\/\" \/>\n<meta property=\"og:locale\" content=\"it_IT\" \/>\n<meta property=\"og:type\" content=\"article\" \/>\n<meta property=\"og:title\" content=\"Stefan Sch\u00f6bi wird CEO von StiftungSchweiz - Organisator\" \/>\n<meta property=\"og:description\" content=\"Der Verwaltungsrat von StiftungSchweiz hat Stefan Sch\u00f6bi zum neuen CEO ernannt. Er folgt auf Peter Buss, der die Plattform vor zehn Jahren gegr\u00fcndet hat.\" \/>\n<meta property=\"og:url\" content=\"https:\/\/www.werbewoche.ch\/de\/marketing\/2022-05-31\/stefan-schoebi-wird-neuer-ceo-von-stiftungschweiz\/\" \/>\n<meta property=\"og:site_name\" content=\"Organisator\" \/>\n<meta property=\"article:publisher\" content=\"https:\/\/www.facebook.com\/OrganisatorFachmagazin\" \/>\n<meta property=\"article:published_time\" content=\"2022-05-31T11:19:45+00:00\" \/>\n<meta property=\"article:modified_time\" content=\"2022-07-28T13:34:23+00:00\" \/>\n<meta property=\"og:image\" content=\"https:\/\/www.werbewoche.ch\/wp-content\/uploads\/2022\/05\/schoebi1200.png\" \/>\n<meta name=\"author\" content=\"galledia\" \/>\n<meta name=\"twitter:card\" content=\"summary_large_image\" \/>\n<meta name=\"twitter:creator\" content=\"@admin\" \/>\n<script type=\"application\/ld+json\" class=\"yoast-schema-graph\">{\"@context\":\"https:\\\/\\\/schema.org\",\"@graph\":[{\"@type\":\"Article\",\"@id\":\"https:\\\/\\\/www.werbewoche.ch\\\/de\\\/marketing\\\/2022-05-31\\\/stefan-schoebi-wird-neuer-ceo-von-stiftungschweiz\\\/#article\",\"isPartOf\":{\"@id\":\"https:\\\/\\\/www.organisator.ch\\\/marketing\\\/2022-05-31\\\/stefan-schoebi-wird-ceo-von-stiftungschweiz\\\/\"},\"author\":{\"name\":\"galledia\",\"@id\":\"https:\\\/\\\/www.organisator.ch\\\/#\\\/schema\\\/person\\\/4e51799071cd2dd1232ac003643ef5f0\"},\"headline\":\"Stefan Sch\u00f6bi wird CEO von StiftungSchweiz\",\"datePublished\":\"2022-05-31T11:19:45+00:00\",\"dateModified\":\"2022-07-28T13:34:23+00:00\",\"mainEntityOfPage\":{\"@id\":\"https:\\\/\\\/www.organisator.ch\\\/marketing\\\/2022-05-31\\\/stefan-schoebi-wird-ceo-von-stiftungschweiz\\\/\"},\"wordCount\":431,\"publisher\":{\"@id\":\"https:\\\/\\\/www.organisator.ch\\\/#organization\"},\"image\":{\"@id\":\"https:\\\/\\\/www.werbewoche.ch\\\/de\\\/marketing\\\/2022-05-31\\\/stefan-schoebi-wird-neuer-ceo-von-stiftungschweiz\\\/#primaryimage\"},\"thumbnailUrl\":\"https:\\\/\\\/www.werbewoche.ch\\\/wp-content\\\/uploads\\\/2022\\\/05\\\/schoebi1200.png\",\"keywords\":[\"CEO\",\"Stefan Sch\u00f6bi\",\"StiftungSchweiz\"],\"articleSection\":[\"MARKETING\"],\"inLanguage\":\"it-IT\"},{\"@type\":\"WebPage\",\"@id\":\"https:\\\/\\\/www.organisator.ch\\\/marketing\\\/2022-05-31\\\/stefan-schoebi-wird-ceo-von-stiftungschweiz\\\/\",\"url\":\"https:\\\/\\\/www.werbewoche.ch\\\/de\\\/marketing\\\/2022-05-31\\\/stefan-schoebi-wird-neuer-ceo-von-stiftungschweiz\\\/\",\"name\":\"Stefan Sch\u00f6bi wird CEO von StiftungSchweiz - Organisator\",\"isPartOf\":{\"@id\":\"https:\\\/\\\/www.organisator.ch\\\/#website\"},\"primaryImageOfPage\":{\"@id\":\"https:\\\/\\\/www.werbewoche.ch\\\/de\\\/marketing\\\/2022-05-31\\\/stefan-schoebi-wird-neuer-ceo-von-stiftungschweiz\\\/#primaryimage\"},\"image\":{\"@id\":\"https:\\\/\\\/www.werbewoche.ch\\\/de\\\/marketing\\\/2022-05-31\\\/stefan-schoebi-wird-neuer-ceo-von-stiftungschweiz\\\/#primaryimage\"},\"thumbnailUrl\":\"https:\\\/\\\/www.werbewoche.ch\\\/wp-content\\\/uploads\\\/2022\\\/05\\\/schoebi1200.png\",\"datePublished\":\"2022-05-31T11:19:45+00:00\",\"dateModified\":\"2022-07-28T13:34:23+00:00\",\"description\":\"Der Verwaltungsrat von StiftungSchweiz hat Stefan Sch\u00f6bi zum neuen CEO ernannt. Er folgt auf Peter Buss, der die Plattform vor zehn Jahren gegr\u00fcndet hat.\",\"breadcrumb\":{\"@id\":\"https:\\\/\\\/www.werbewoche.ch\\\/de\\\/marketing\\\/2022-05-31\\\/stefan-schoebi-wird-neuer-ceo-von-stiftungschweiz\\\/#breadcrumb\"},\"inLanguage\":\"it-IT\",\"potentialAction\":[{\"@type\":\"ReadAction\",\"target\":[\"https:\\\/\\\/www.werbewoche.ch\\\/de\\\/marketing\\\/2022-05-31\\\/stefan-schoebi-wird-neuer-ceo-von-stiftungschweiz\\\/\"]}]},{\"@type\":\"ImageObject\",\"inLanguage\":\"it-IT\",\"@id\":\"https:\\\/\\\/www.werbewoche.ch\\\/de\\\/marketing\\\/2022-05-31\\\/stefan-schoebi-wird-neuer-ceo-von-stiftungschweiz\\\/#primaryimage\",\"url\":\"https:\\\/\\\/www.werbewoche.ch\\\/wp-content\\\/uploads\\\/2022\\\/05\\\/schoebi1200.png\",\"contentUrl\":\"https:\\\/\\\/www.werbewoche.ch\\\/wp-content\\\/uploads\\\/2022\\\/05\\\/schoebi1200.png\"},{\"@type\":\"BreadcrumbList\",\"@id\":\"https:\\\/\\\/www.werbewoche.ch\\\/de\\\/marketing\\\/2022-05-31\\\/stefan-schoebi-wird-neuer-ceo-von-stiftungschweiz\\\/#breadcrumb\",\"itemListElement\":[{\"@type\":\"ListItem\",\"position\":1,\"name\":\"Home\",\"item\":\"https:\\\/\\\/www.organisator.ch\\\/\"},{\"@type\":\"ListItem\",\"position\":2,\"name\":\"Stefan Sch\u00f6bi wird CEO von StiftungSchweiz\"}]},{\"@type\":\"WebSite\",\"@id\":\"https:\\\/\\\/www.organisator.ch\\\/#website\",\"url\":\"https:\\\/\\\/www.organisator.ch\\\/\",\"name\":\"Organisator\",\"description\":\"Kompetent. Praxisnah. Der ORGANISATOR bereitet in 10 Ausgaben pro Jahr die wesentlichen Themen f\u00fcr F\u00fchrungskr\u00e4fte von KMU auf.\",\"publisher\":{\"@id\":\"https:\\\/\\\/www.organisator.ch\\\/#organization\"},\"potentialAction\":[{\"@type\":\"SearchAction\",\"target\":{\"@type\":\"EntryPoint\",\"urlTemplate\":\"https:\\\/\\\/www.organisator.ch\\\/?s={search_term_string}\"},\"query-input\":{\"@type\":\"PropertyValueSpecification\",\"valueRequired\":true,\"valueName\":\"search_term_string\"}}],\"inLanguage\":\"it-IT\"},{\"@type\":\"Organization\",\"@id\":\"https:\\\/\\\/www.organisator.ch\\\/#organization\",\"name\":\"Organisator\",\"url\":\"https:\\\/\\\/www.organisator.ch\\\/\",\"logo\":{\"@type\":\"ImageObject\",\"inLanguage\":\"it-IT\",\"@id\":\"https:\\\/\\\/www.organisator.ch\\\/#\\\/schema\\\/logo\\\/image\\\/\",\"url\":\"https:\\\/\\\/www.organisator.ch\\\/wp-content\\\/uploads\\\/2022\\\/01\\\/Logo_Organisator_Website.png\",\"contentUrl\":\"https:\\\/\\\/www.organisator.ch\\\/wp-content\\\/uploads\\\/2022\\\/01\\\/Logo_Organisator_Website.png\",\"width\":800,\"height\":77,\"caption\":\"Organisator\"},\"image\":{\"@id\":\"https:\\\/\\\/www.organisator.ch\\\/#\\\/schema\\\/logo\\\/image\\\/\"},\"sameAs\":[\"https:\\\/\\\/www.facebook.com\\\/OrganisatorFachmagazin\",\"https:\\\/\\\/www.linkedin.com\\\/showcase\\\/organisator-das-magazin-fr-kmu\",\"https:\\\/\\\/www.xing.com\\\/news\\\/pages\\\/organisator-ch-695\",\"https:\\\/\\\/www.youtube.com\\\/channel\\\/UCGP2Sq0iWaZwT3BdIAQFYpw\"]},{\"@type\":\"Person\",\"@id\":\"https:\\\/\\\/www.organisator.ch\\\/#\\\/schema\\\/person\\\/4e51799071cd2dd1232ac003643ef5f0\",\"name\":\"galledia\",\"image\":{\"@type\":\"ImageObject\",\"inLanguage\":\"it-IT\",\"@id\":\"https:\\\/\\\/secure.gravatar.com\\\/avatar\\\/78a7f90c01fc2bfc875782a0d4922b37cde2cf184ce347b91316d23cd7f69a36?s=96&d=mm&r=g\",\"url\":\"https:\\\/\\\/secure.gravatar.com\\\/avatar\\\/78a7f90c01fc2bfc875782a0d4922b37cde2cf184ce347b91316d23cd7f69a36?s=96&d=mm&r=g\",\"contentUrl\":\"https:\\\/\\\/secure.gravatar.com\\\/avatar\\\/78a7f90c01fc2bfc875782a0d4922b37cde2cf184ce347b91316d23cd7f69a36?s=96&d=mm&r=g\",\"caption\":\"galledia\"},\"sameAs\":[\"https:\\\/\\\/x.com\\\/admin\"],\"url\":\"https:\\\/\\\/www.organisator.ch\\\/it\\\/author\\\/galledia\\\/\"}]}<\/script>\n<!-- \/ Yoast SEO plugin. -->","yoast_head_json":{"title":"Stefan Sch\u00f6bi diventa CEO della Fondazione Svizzera - Organizzatore","description":"Il Consiglio di amministrazione di StiftungSchweiz ha nominato Stefan Sch\u00f6bi nuovo CEO. Succede a Peter Buss, che ha fondato la piattaforma dieci anni fa.","robots":{"index":"index","follow":"follow","max-snippet":"max-snippet:-1","max-image-preview":"max-image-preview:large","max-video-preview":"max-video-preview:-1"},"canonical":"https:\/\/www.werbewoche.ch\/de\/marketing\/2022-05-31\/stefan-schoebi-wird-neuer-ceo-von-stiftungschweiz\/","og_locale":"it_IT","og_type":"article","og_title":"Stefan Sch\u00f6bi wird CEO von StiftungSchweiz - Organisator","og_description":"Der Verwaltungsrat von StiftungSchweiz hat Stefan Sch\u00f6bi zum neuen CEO ernannt. Er folgt auf Peter Buss, der die Plattform vor zehn Jahren gegr\u00fcndet hat.","og_url":"https:\/\/www.werbewoche.ch\/de\/marketing\/2022-05-31\/stefan-schoebi-wird-neuer-ceo-von-stiftungschweiz\/","og_site_name":"Organisator","article_publisher":"https:\/\/www.facebook.com\/OrganisatorFachmagazin","article_published_time":"2022-05-31T11:19:45+00:00","article_modified_time":"2022-07-28T13:34:23+00:00","og_image":[{"url":"https:\/\/www.werbewoche.ch\/wp-content\/uploads\/2022\/05\/schoebi1200.png","type":"","width":"","height":""}],"author":"galledia","twitter_card":"summary_large_image","twitter_creator":"@admin","schema":{"@context":"https:\/\/schema.org","@graph":[{"@type":"Article","@id":"https:\/\/www.werbewoche.ch\/de\/marketing\/2022-05-31\/stefan-schoebi-wird-neuer-ceo-von-stiftungschweiz\/#article","isPartOf":{"@id":"https:\/\/www.organisator.ch\/marketing\/2022-05-31\/stefan-schoebi-wird-ceo-von-stiftungschweiz\/"},"author":{"name":"galledia","@id":"https:\/\/www.organisator.ch\/#\/schema\/person\/4e51799071cd2dd1232ac003643ef5f0"},"headline":"Stefan Sch\u00f6bi wird CEO von StiftungSchweiz","datePublished":"2022-05-31T11:19:45+00:00","dateModified":"2022-07-28T13:34:23+00:00","mainEntityOfPage":{"@id":"https:\/\/www.organisator.ch\/marketing\/2022-05-31\/stefan-schoebi-wird-ceo-von-stiftungschweiz\/"},"wordCount":431,"publisher":{"@id":"https:\/\/www.organisator.ch\/#organization"},"image":{"@id":"https:\/\/www.werbewoche.ch\/de\/marketing\/2022-05-31\/stefan-schoebi-wird-neuer-ceo-von-stiftungschweiz\/#primaryimage"},"thumbnailUrl":"https:\/\/www.werbewoche.ch\/wp-content\/uploads\/2022\/05\/schoebi1200.png","keywords":["CEO","Stefan Sch\u00f6bi","StiftungSchweiz"],"articleSection":["MARKETING"],"inLanguage":"it-IT"},{"@type":"WebPage","@id":"https:\/\/www.organisator.ch\/marketing\/2022-05-31\/stefan-schoebi-wird-ceo-von-stiftungschweiz\/","url":"https:\/\/www.werbewoche.ch\/de\/marketing\/2022-05-31\/stefan-schoebi-wird-neuer-ceo-von-stiftungschweiz\/","name":"Stefan Sch\u00f6bi diventa CEO della Fondazione Svizzera - Organizzatore","isPartOf":{"@id":"https:\/\/www.organisator.ch\/#website"},"primaryImageOfPage":{"@id":"https:\/\/www.werbewoche.ch\/de\/marketing\/2022-05-31\/stefan-schoebi-wird-neuer-ceo-von-stiftungschweiz\/#primaryimage"},"image":{"@id":"https:\/\/www.werbewoche.ch\/de\/marketing\/2022-05-31\/stefan-schoebi-wird-neuer-ceo-von-stiftungschweiz\/#primaryimage"},"thumbnailUrl":"https:\/\/www.werbewoche.ch\/wp-content\/uploads\/2022\/05\/schoebi1200.png","datePublished":"2022-05-31T11:19:45+00:00","dateModified":"2022-07-28T13:34:23+00:00","description":"Il Consiglio di amministrazione di StiftungSchweiz ha nominato Stefan Sch\u00f6bi nuovo CEO. Succede a Peter Buss, che ha fondato la piattaforma dieci anni fa.","breadcrumb":{"@id":"https:\/\/www.werbewoche.ch\/de\/marketing\/2022-05-31\/stefan-schoebi-wird-neuer-ceo-von-stiftungschweiz\/#breadcrumb"},"inLanguage":"it-IT","potentialAction":[{"@type":"ReadAction","target":["https:\/\/www.werbewoche.ch\/de\/marketing\/2022-05-31\/stefan-schoebi-wird-neuer-ceo-von-stiftungschweiz\/"]}]},{"@type":"ImageObject","inLanguage":"it-IT","@id":"https:\/\/www.werbewoche.ch\/de\/marketing\/2022-05-31\/stefan-schoebi-wird-neuer-ceo-von-stiftungschweiz\/#primaryimage","url":"https:\/\/www.werbewoche.ch\/wp-content\/uploads\/2022\/05\/schoebi1200.png","contentUrl":"https:\/\/www.werbewoche.ch\/wp-content\/uploads\/2022\/05\/schoebi1200.png"},{"@type":"BreadcrumbList","@id":"https:\/\/www.werbewoche.ch\/de\/marketing\/2022-05-31\/stefan-schoebi-wird-neuer-ceo-von-stiftungschweiz\/#breadcrumb","itemListElement":[{"@type":"ListItem","position":1,"name":"Home","item":"https:\/\/www.organisator.ch\/"},{"@type":"ListItem","position":2,"name":"Stefan Sch\u00f6bi wird CEO von StiftungSchweiz"}]},{"@type":"WebSite","@id":"https:\/\/www.organisator.ch\/#website","url":"https:\/\/www.organisator.ch\/","name":"Organizzatore","description":"Competente. Pratico. In 10 numeri all'anno, ORGANISATOR presenta i temi essenziali per i manager delle PMI.","publisher":{"@id":"https:\/\/www.organisator.ch\/#organization"},"potentialAction":[{"@type":"SearchAction","target":{"@type":"EntryPoint","urlTemplate":"https:\/\/www.organisator.ch\/?s={search_term_string}"},"query-input":{"@type":"PropertyValueSpecification","valueRequired":true,"valueName":"search_term_string"}}],"inLanguage":"it-IT"},{"@type":"Organization","@id":"https:\/\/www.organisator.ch\/#organization","name":"Organizzatore","url":"https:\/\/www.organisator.ch\/","logo":{"@type":"ImageObject","inLanguage":"it-IT","@id":"https:\/\/www.organisator.ch\/#\/schema\/logo\/image\/","url":"https:\/\/www.organisator.ch\/wp-content\/uploads\/2022\/01\/Logo_Organisator_Website.png","contentUrl":"https:\/\/www.organisator.ch\/wp-content\/uploads\/2022\/01\/Logo_Organisator_Website.png","width":800,"height":77,"caption":"Organisator"},"image":{"@id":"https:\/\/www.organisator.ch\/#\/schema\/logo\/image\/"},"sameAs":["https:\/\/www.facebook.com\/OrganisatorFachmagazin","https:\/\/www.linkedin.com\/showcase\/organisator-das-magazin-fr-kmu","https:\/\/www.xing.com\/news\/pages\/organisator-ch-695","https:\/\/www.youtube.com\/channel\/UCGP2Sq0iWaZwT3BdIAQFYpw"]},{"@type":"Person","@id":"https:\/\/www.organisator.ch\/#\/schema\/person\/4e51799071cd2dd1232ac003643ef5f0","name":"galledia","image":{"@type":"ImageObject","inLanguage":"it-IT","@id":"https:\/\/secure.gravatar.com\/avatar\/78a7f90c01fc2bfc875782a0d4922b37cde2cf184ce347b91316d23cd7f69a36?s=96&d=mm&r=g","url":"https:\/\/secure.gravatar.com\/avatar\/78a7f90c01fc2bfc875782a0d4922b37cde2cf184ce347b91316d23cd7f69a36?s=96&d=mm&r=g","contentUrl":"https:\/\/secure.gravatar.com\/avatar\/78a7f90c01fc2bfc875782a0d4922b37cde2cf184ce347b91316d23cd7f69a36?s=96&d=mm&r=g","caption":"galledia"},"sameAs":["https:\/\/x.com\/admin"],"url":"https:\/\/www.organisator.ch\/it\/author\/galledia\/"}]}},"_links":{"self":[{"href":"https:\/\/www.organisator.ch\/it\/wp-json\/wp\/v2\/posts\/13057","targetHints":{"allow":["GET"]}}],"collection":[{"href":"https:\/\/www.organisator.ch\/it\/wp-json\/wp\/v2\/posts"}],"about":[{"href":"https:\/\/www.organisator.ch\/it\/wp-json\/wp\/v2\/types\/post"}],"author":[{"embeddable":true,"href":"https:\/\/www.organisator.ch\/it\/wp-json\/wp\/v2\/users\/8"}],"replies":[{"embeddable":true,"href":"https:\/\/www.organisator.ch\/it\/wp-json\/wp\/v2\/comments?post=13057"}],"version-history":[{"count":4,"href":"https:\/\/www.organisator.ch\/it\/wp-json\/wp\/v2\/posts\/13057\/revisions"}],"predecessor-version":[{"id":15907,"href":"https:\/\/www.organisator.ch\/it\/wp-json\/wp\/v2\/posts\/13057\/revisions\/15907"}],"wp:attachment":[{"href":"https:\/\/www.organisator.ch\/it\/wp-json\/wp\/v2\/media?parent=13057"}],"wp:term":[{"taxonomy":"category","embeddable":true,"href":"https:\/\/www.organisator.ch\/it\/wp-json\/wp\/v2\/categories?post=13057"},{"taxonomy":"post_tag","embeddable":true,"href":"https:\/\/www.organisator.ch\/it\/wp-json\/wp\/v2\/tags?post=13057"}],"curies":[{"name":"wp","href":"https:\/\/api.w.org\/{rel}","templated":true}]}}