{"id":1306,"date":"2017-10-09T12:35:27","date_gmt":"2017-10-09T10:35:27","guid":{"rendered":"https:\/\/www.umweltperspektiven.ch\/?p=1306"},"modified":"2022-02-09T11:05:37","modified_gmt":"2022-02-09T10:05:37","slug":"fokuskreislaufwirtschaft-eine-neue-veranstaltungsreihe","status":"publish","type":"post","link":"https:\/\/www.organisator.ch\/it\/sustainability\/2017-10-09\/fokuskreislaufwirtschaft-eine-neue-veranstaltungsreihe\/","title":{"rendered":"Focus Circular Economy, una nuova serie di eventi"},"content":{"rendered":"<figure id=\"attachment_1307\" aria-describedby=\"caption-attachment-1307\" style=\"width: 648px\" class=\"wp-caption alignnone\"><img loading=\"lazy\" decoding=\"async\" class=\"wp-image-1307 size-full\" src=\"\/\/www.umweltperspektiven.ch\/wp-content\/uploads\/2017\/10\/Renault-Diagram.jpg\" alt=\"\" width=\"648\" height=\"434\" srcset=\"https:\/\/www.organisator.ch\/wp-content\/uploads\/2017\/10\/Renault-Diagram.jpg 648w, https:\/\/www.organisator.ch\/wp-content\/uploads\/2017\/10\/Renault-Diagram-18x12.jpg 18w, https:\/\/www.organisator.ch\/wp-content\/uploads\/2017\/10\/Renault-Diagram-261x175.jpg 261w, https:\/\/www.organisator.ch\/wp-content\/uploads\/2017\/10\/Renault-Diagram-523x350.jpg 523w, https:\/\/www.organisator.ch\/wp-content\/uploads\/2017\/10\/Renault-Diagram-300x201.jpg 300w\" sizes=\"auto, (max-width: 648px) 100vw, 648px\" \/><figcaption id=\"caption-attachment-1307\" class=\"wp-caption-text\">Il concetto di economia circolare \u00e8 abbracciato da un numero crescente di aziende. Vedere il diagramma Renault della Fondazione Ellen MacArthur.<\/figcaption><\/figure>\n<p>Focus Circular Economy tocca una vasta gamma di argomenti, dal design alla rigenerazione, dalla logistica alla manutenzione fino ai nuovi modelli di business. Pu\u00f2 diventare un vantaggio competitivo sostanziale per le aziende. L'economia circolare \u00e8 un megatrend globale nella sua fase nascente.<\/p>\n<p>Il concetto \u00e8 stato ripreso da un numero crescente di gruppi (per esempio CE 100, Ellen MacArthur Foundation). L'UE la vede addirittura come un motore di crescita per l'economia e ha definito per essa il termine \"Economia Circolare UE\". Per la Svizzera come sede di conoscenza, ricerca e sviluppo, l'ondata di innovazione che ne deriva \u00e8 un'enorme opportunit\u00e0 - se viene riconosciuta e colta.<\/p>\n<p><strong>L'economia circolare pi\u00f9 del riciclaggio <\/strong><\/p>\n<p>Il termine economia circolare viene rapidamente equiparato al riciclaggio e alla decostruzione, ma una chiusura coerente del ciclo va ben oltre. Cosa significa il design per il riciclaggio per l'involucro dell'edificio? Quali materiali possono essere descritti come riciclaggio che preserva la qualit\u00e0 e quali materiali sono riciclati con una perdita di qualit\u00e0 e propriet\u00e0?<\/p>\n<p>E come pu\u00f2 valere la pena (con cicli di rinnovo da 50 a 100 anni) investire in capacit\u00e0 di decostruzione e materiali riciclabili? Focus Circular Economy ruota intorno a vari aspetti, come ad esempio:<\/p>\n<ul>\n<li><em>Sfida legale e finanziaria - finanziamento, assicurazione e questioni legali per nuovi modelli di business, rischi e soluzioni.<\/em><\/li>\n<li><em>Principi di design - esempi e funzione del ciclo biologico e tecnico, design durevole e riparabile, modularit\u00e0, smontabilit\u00e0 e nessuna chimica ecotossica.<\/em><\/li>\n<li><em>Materiali - requisiti per i materiali, esigenze di ricerca, problemi della catena di approvvigionamento, considerazioni sui sistemi di riciclaggio esistenti.<\/em><\/li>\n<li><em>Chiudere il cerchio - progettare per chiudere i cicli dei materiali, incluso il recupero, lo smontaggio e il riciclaggio del prodotto.<\/em><\/li>\n<li><em>Modelli di business - uso invece di possedere, noleggio e modello di servizio invece di modello di vendita, vantaggi competitivi e interazione con il design del ciclo.<\/em><\/li>\n<li><em>Cambiamento della cultura - ristrutturazione delle procedure e dei processi cos\u00ec come motivazione e ulteriore formazione dei dipendenti.<\/em><\/li>\n<li><em>Prospettiva del cliente - I prodotti circolari hanno spesso un costo totale di propriet\u00e0 pi\u00f9 basso: implicazioni e opportunit\u00e0 per gli uffici acquisti aziendali.<\/em><\/li>\n<li><em>Benefici ecologici - Valutazione ecologica del design del ciclo, vita utile ottimale dei prodotti, valutazioni del ciclo di vita.<\/em><\/li>\n<\/ul>\n<p>Sempre pi\u00f9 aziende svizzere affrontano il tema dell'economia circolare e investono tempo per capire gli aspetti e le opportunit\u00e0 rilevanti per loro. Le associazioni economiche swisscleantech e \u00f6bu lanciano quindi, a partire da novembre 2017, una serie di eventi triennali sull'economia circolare.<\/p>\n<p><strong>Valore aggiunto di un edificio?<\/strong><\/p>\n<p>Durante la serie di eventi \u00f6bu da un lato mette in evidenza le questioni e i temi centrali dell'economia circolare, dall'altro li discute attraverso i settori e si dedica anche alle sfide e alle tendenze attuali con argomenti specifici. Il tema del prossimo evento ruota intorno all'edificio come deposito di risorse: dalla decostruzione al coerente \"design for recycling\" dell'involucro edilizio fino al riciclaggio economico dell'\"edificio circolare\".<\/p>\n<p>All'evento sar\u00e0 presentato anche il nuovo \"Madaster\", il primo registro dei materiali al mondo per gli involucri degli edifici. <a href=\"\/\/www.madaster.com\/en\/\">www.madaster.com\/en\/<\/a>\u00a0Come si pu\u00f2 sfruttare economicamente il valore aggiunto di un edificio riciclabile? Gli architetti Turntoo\/Rau danno uno sguardo agli esperimenti con modelli di business adattati, all'uso di edifici modulari e presentano il \"Madaster\" appena lanciato in Olanda - un catasto per i materiali da costruzione.<\/p>\n<p><em>Maggiori informazioni sull'evento della fokuskreislaufwirtschaft del 14 novembre 2017 \"Industria delle costruzioni - edifici come depositi di risorse\" si trovano a questo <\/em><a href=\"\/\/www.oebu.ch\/de\/events\/event-kalender\/fokuskreislaufwirtschaft-baubranche-n-gebaeude-als-ressourcenlager-2869.html\"><em>Link<\/em><\/a><\/p>\n<p>&nbsp;<\/p>","protected":false},"excerpt":{"rendered":"<p>Fokuskreislaufwirtschaft ber\u00fchrt ein weites Themenspektrum von Design \u00fcber Remanufacturing, von Logistik \u00fcber Wartung bis hin zu neuen Gesch\u00e4ftsmodellen. Sie kann f\u00fcr Unternehmen zu einem substantiellen Wettbewerbsvorteil werden. Die Circular Economy ist ein globaler Megatrend in seiner Entstehungsphase. Das Konzept wird von einer wachsenden Anzahl von Konzernen aufgegriffen (z. B. CE 100, Ellen MacArthur Foundation). Die [&hellip;]<\/p>\n","protected":false},"author":5,"featured_media":1307,"comment_status":"open","ping_status":"open","sticky":false,"template":"","format":"standard","meta":{"_acf_changed":false,"_yoast_wpseo_focuskw":"Fokuskreislaufwirtschaft","_yoast_wpseo_metadesc":"Fokuskreislaufwirtschaft widmet sich dem Thema Circular Economy. Die neue Veranstaltungsreihe wird von swisscleantech und \u00f6bu durchgef\u00fchrt.","articlekey":"","footnotes":""},"categories":[580],"tags":[913,594,1853,2266],"class_list":["post-1306","post","type-post","status-publish","format-standard","has-post-thumbnail","hentry","category-sustainability","tag-circular-economy","tag-kreislaufwirtschaft","tag-oebu","tag-swisscleantech"],"acf":[],"yoast_head":"<!-- This site is optimized with the Yoast SEO plugin v27.4 - https:\/\/yoast.com\/product\/yoast-seo-wordpress\/ -->\n<title>Fokuskreislaufwirtschaft, eine neue Veranstaltungsreihe - Organisator<\/title>\n<meta name=\"description\" content=\"Fokuskreislaufwirtschaft widmet sich dem Thema Circular Economy. Die neue Veranstaltungsreihe wird von swisscleantech und \u00f6bu durchgef\u00fchrt.\" \/>\n<meta name=\"robots\" content=\"index, follow, max-snippet:-1, max-image-preview:large, max-video-preview:-1\" \/>\n<link rel=\"canonical\" href=\"https:\/\/www.organisator.ch\/it\/sostenibilita\/2017-10-09\/fokuskreislaufwirtschaft-eine-neue-veranstaltungsreihe\/\" \/>\n<meta property=\"og:locale\" content=\"it_IT\" \/>\n<meta property=\"og:type\" content=\"article\" \/>\n<meta property=\"og:title\" content=\"Fokuskreislaufwirtschaft, eine neue Veranstaltungsreihe - Organisator\" \/>\n<meta property=\"og:description\" content=\"Fokuskreislaufwirtschaft widmet sich dem Thema Circular Economy. Die neue Veranstaltungsreihe wird von swisscleantech und \u00f6bu durchgef\u00fchrt.\" \/>\n<meta property=\"og:url\" content=\"https:\/\/www.organisator.ch\/it\/sostenibilita\/2017-10-09\/fokuskreislaufwirtschaft-eine-neue-veranstaltungsreihe\/\" \/>\n<meta property=\"og:site_name\" content=\"Organisator\" \/>\n<meta property=\"article:publisher\" content=\"https:\/\/www.facebook.com\/OrganisatorFachmagazin\" \/>\n<meta property=\"article:published_time\" content=\"2017-10-09T10:35:27+00:00\" \/>\n<meta property=\"article:modified_time\" content=\"2022-02-09T10:05:37+00:00\" \/>\n<meta property=\"og:image\" content=\"https:\/\/www.organisator.ch\/wp-content\/uploads\/2017\/10\/Renault-Diagram.jpg\" \/>\n\t<meta property=\"og:image:width\" content=\"648\" \/>\n\t<meta property=\"og:image:height\" content=\"434\" \/>\n\t<meta property=\"og:image:type\" content=\"image\/jpeg\" \/>\n<meta name=\"author\" content=\"michael.merz\" \/>\n<meta name=\"twitter:card\" content=\"summary_large_image\" \/>\n<script type=\"application\/ld+json\" class=\"yoast-schema-graph\">{\"@context\":\"https:\\\/\\\/schema.org\",\"@graph\":[{\"@type\":\"Article\",\"@id\":\"https:\\\/\\\/www.organisator.ch\\\/sustainability\\\/2017-10-09\\\/fokuskreislaufwirtschaft-eine-neue-veranstaltungsreihe\\\/#article\",\"isPartOf\":{\"@id\":\"https:\\\/\\\/www.organisator.ch\\\/sustainability\\\/2017-10-09\\\/fokuskreislaufwirtschaft-eine-neue-veranstaltungsreihe\\\/\"},\"author\":{\"name\":\"michael.merz\",\"@id\":\"https:\\\/\\\/www.organisator.ch\\\/#\\\/schema\\\/person\\\/134708ca9321c57b0362cceb7948ffbd\"},\"headline\":\"Fokuskreislaufwirtschaft, eine neue Veranstaltungsreihe\",\"datePublished\":\"2017-10-09T10:35:27+00:00\",\"dateModified\":\"2022-02-09T10:05:37+00:00\",\"mainEntityOfPage\":{\"@id\":\"https:\\\/\\\/www.organisator.ch\\\/sustainability\\\/2017-10-09\\\/fokuskreislaufwirtschaft-eine-neue-veranstaltungsreihe\\\/\"},\"wordCount\":534,\"commentCount\":0,\"publisher\":{\"@id\":\"https:\\\/\\\/www.organisator.ch\\\/#organization\"},\"image\":{\"@id\":\"https:\\\/\\\/www.organisator.ch\\\/sustainability\\\/2017-10-09\\\/fokuskreislaufwirtschaft-eine-neue-veranstaltungsreihe\\\/#primaryimage\"},\"thumbnailUrl\":\"https:\\\/\\\/www.organisator.ch\\\/wp-content\\\/uploads\\\/2017\\\/10\\\/Renault-Diagram.jpg\",\"keywords\":[\"Circular Economy\",\"Kreislaufwirtschaft\",\"\u00f6bu\",\"swisscleantech\"],\"articleSection\":[\"SUSTAINABILITY\"],\"inLanguage\":\"it-IT\"},{\"@type\":\"WebPage\",\"@id\":\"https:\\\/\\\/www.organisator.ch\\\/sustainability\\\/2017-10-09\\\/fokuskreislaufwirtschaft-eine-neue-veranstaltungsreihe\\\/\",\"url\":\"https:\\\/\\\/www.organisator.ch\\\/sustainability\\\/2017-10-09\\\/fokuskreislaufwirtschaft-eine-neue-veranstaltungsreihe\\\/\",\"name\":\"Fokuskreislaufwirtschaft, eine neue Veranstaltungsreihe - Organisator\",\"isPartOf\":{\"@id\":\"https:\\\/\\\/www.organisator.ch\\\/#website\"},\"primaryImageOfPage\":{\"@id\":\"https:\\\/\\\/www.organisator.ch\\\/sustainability\\\/2017-10-09\\\/fokuskreislaufwirtschaft-eine-neue-veranstaltungsreihe\\\/#primaryimage\"},\"image\":{\"@id\":\"https:\\\/\\\/www.organisator.ch\\\/sustainability\\\/2017-10-09\\\/fokuskreislaufwirtschaft-eine-neue-veranstaltungsreihe\\\/#primaryimage\"},\"thumbnailUrl\":\"https:\\\/\\\/www.organisator.ch\\\/wp-content\\\/uploads\\\/2017\\\/10\\\/Renault-Diagram.jpg\",\"datePublished\":\"2017-10-09T10:35:27+00:00\",\"dateModified\":\"2022-02-09T10:05:37+00:00\",\"description\":\"Fokuskreislaufwirtschaft widmet sich dem Thema Circular Economy. Die neue Veranstaltungsreihe wird von swisscleantech und \u00f6bu durchgef\u00fchrt.\",\"breadcrumb\":{\"@id\":\"https:\\\/\\\/www.organisator.ch\\\/sustainability\\\/2017-10-09\\\/fokuskreislaufwirtschaft-eine-neue-veranstaltungsreihe\\\/#breadcrumb\"},\"inLanguage\":\"it-IT\",\"potentialAction\":[{\"@type\":\"ReadAction\",\"target\":[\"https:\\\/\\\/www.organisator.ch\\\/sustainability\\\/2017-10-09\\\/fokuskreislaufwirtschaft-eine-neue-veranstaltungsreihe\\\/\"]}]},{\"@type\":\"ImageObject\",\"inLanguage\":\"it-IT\",\"@id\":\"https:\\\/\\\/www.organisator.ch\\\/sustainability\\\/2017-10-09\\\/fokuskreislaufwirtschaft-eine-neue-veranstaltungsreihe\\\/#primaryimage\",\"url\":\"https:\\\/\\\/www.organisator.ch\\\/wp-content\\\/uploads\\\/2017\\\/10\\\/Renault-Diagram.jpg\",\"contentUrl\":\"https:\\\/\\\/www.organisator.ch\\\/wp-content\\\/uploads\\\/2017\\\/10\\\/Renault-Diagram.jpg\",\"width\":648,\"height\":434,\"caption\":\"Das Konzept Circular Economy wird von einer wachsenden Anzahl von Konzernen aufgegriffen. Siehe das Renault-Diagramm der Ellen MacArthur Foundation.\"},{\"@type\":\"BreadcrumbList\",\"@id\":\"https:\\\/\\\/www.organisator.ch\\\/sustainability\\\/2017-10-09\\\/fokuskreislaufwirtschaft-eine-neue-veranstaltungsreihe\\\/#breadcrumb\",\"itemListElement\":[{\"@type\":\"ListItem\",\"position\":1,\"name\":\"Home\",\"item\":\"https:\\\/\\\/www.organisator.ch\\\/\"},{\"@type\":\"ListItem\",\"position\":2,\"name\":\"Fokuskreislaufwirtschaft, eine neue Veranstaltungsreihe\"}]},{\"@type\":\"WebSite\",\"@id\":\"https:\\\/\\\/www.organisator.ch\\\/#website\",\"url\":\"https:\\\/\\\/www.organisator.ch\\\/\",\"name\":\"Organisator\",\"description\":\"Kompetent. Praxisnah. Der ORGANISATOR bereitet in 10 Ausgaben pro Jahr die wesentlichen Themen f\u00fcr F\u00fchrungskr\u00e4fte von KMU auf.\",\"publisher\":{\"@id\":\"https:\\\/\\\/www.organisator.ch\\\/#organization\"},\"potentialAction\":[{\"@type\":\"SearchAction\",\"target\":{\"@type\":\"EntryPoint\",\"urlTemplate\":\"https:\\\/\\\/www.organisator.ch\\\/?s={search_term_string}\"},\"query-input\":{\"@type\":\"PropertyValueSpecification\",\"valueRequired\":true,\"valueName\":\"search_term_string\"}}],\"inLanguage\":\"it-IT\"},{\"@type\":\"Organization\",\"@id\":\"https:\\\/\\\/www.organisator.ch\\\/#organization\",\"name\":\"Organisator\",\"url\":\"https:\\\/\\\/www.organisator.ch\\\/\",\"logo\":{\"@type\":\"ImageObject\",\"inLanguage\":\"it-IT\",\"@id\":\"https:\\\/\\\/www.organisator.ch\\\/#\\\/schema\\\/logo\\\/image\\\/\",\"url\":\"https:\\\/\\\/www.organisator.ch\\\/wp-content\\\/uploads\\\/2022\\\/01\\\/Logo_Organisator_Website.png\",\"contentUrl\":\"https:\\\/\\\/www.organisator.ch\\\/wp-content\\\/uploads\\\/2022\\\/01\\\/Logo_Organisator_Website.png\",\"width\":800,\"height\":77,\"caption\":\"Organisator\"},\"image\":{\"@id\":\"https:\\\/\\\/www.organisator.ch\\\/#\\\/schema\\\/logo\\\/image\\\/\"},\"sameAs\":[\"https:\\\/\\\/www.facebook.com\\\/OrganisatorFachmagazin\",\"https:\\\/\\\/www.linkedin.com\\\/showcase\\\/organisator-das-magazin-fr-kmu\",\"https:\\\/\\\/www.xing.com\\\/news\\\/pages\\\/organisator-ch-695\",\"https:\\\/\\\/www.youtube.com\\\/channel\\\/UCGP2Sq0iWaZwT3BdIAQFYpw\"]},{\"@type\":\"Person\",\"@id\":\"https:\\\/\\\/www.organisator.ch\\\/#\\\/schema\\\/person\\\/134708ca9321c57b0362cceb7948ffbd\",\"name\":\"michael.merz\",\"image\":{\"@type\":\"ImageObject\",\"inLanguage\":\"it-IT\",\"@id\":\"https:\\\/\\\/secure.gravatar.com\\\/avatar\\\/?s=96&d=mm&r=g\",\"url\":\"https:\\\/\\\/secure.gravatar.com\\\/avatar\\\/?s=96&d=mm&r=g\",\"contentUrl\":\"https:\\\/\\\/secure.gravatar.com\\\/avatar\\\/?s=96&d=mm&r=g\",\"caption\":\"michael.merz\"},\"url\":\"https:\\\/\\\/www.organisator.ch\\\/it\\\/author\\\/michael-merz\\\/\"}]}<\/script>\n<!-- \/ Yoast SEO plugin. -->","yoast_head_json":{"title":"Focus Circular Economy, una nuova serie di eventi - Organizzatore","description":"Focus Circular Economy \u00e8 dedicato al tema dell'economia circolare. La nuova serie di eventi \u00e8 organizzata da swisscleantech e \u00f6bu.","robots":{"index":"index","follow":"follow","max-snippet":"max-snippet:-1","max-image-preview":"max-image-preview:large","max-video-preview":"max-video-preview:-1"},"canonical":"https:\/\/www.organisator.ch\/it\/sostenibilita\/2017-10-09\/fokuskreislaufwirtschaft-eine-neue-veranstaltungsreihe\/","og_locale":"it_IT","og_type":"article","og_title":"Fokuskreislaufwirtschaft, eine neue Veranstaltungsreihe - Organisator","og_description":"Fokuskreislaufwirtschaft widmet sich dem Thema Circular Economy. Die neue Veranstaltungsreihe wird von swisscleantech und \u00f6bu durchgef\u00fchrt.","og_url":"https:\/\/www.organisator.ch\/it\/sostenibilita\/2017-10-09\/fokuskreislaufwirtschaft-eine-neue-veranstaltungsreihe\/","og_site_name":"Organisator","article_publisher":"https:\/\/www.facebook.com\/OrganisatorFachmagazin","article_published_time":"2017-10-09T10:35:27+00:00","article_modified_time":"2022-02-09T10:05:37+00:00","og_image":[{"width":648,"height":434,"url":"https:\/\/www.organisator.ch\/wp-content\/uploads\/2017\/10\/Renault-Diagram.jpg","type":"image\/jpeg"}],"author":"michael.merz","twitter_card":"summary_large_image","schema":{"@context":"https:\/\/schema.org","@graph":[{"@type":"Article","@id":"https:\/\/www.organisator.ch\/sustainability\/2017-10-09\/fokuskreislaufwirtschaft-eine-neue-veranstaltungsreihe\/#article","isPartOf":{"@id":"https:\/\/www.organisator.ch\/sustainability\/2017-10-09\/fokuskreislaufwirtschaft-eine-neue-veranstaltungsreihe\/"},"author":{"name":"michael.merz","@id":"https:\/\/www.organisator.ch\/#\/schema\/person\/134708ca9321c57b0362cceb7948ffbd"},"headline":"Fokuskreislaufwirtschaft, eine neue Veranstaltungsreihe","datePublished":"2017-10-09T10:35:27+00:00","dateModified":"2022-02-09T10:05:37+00:00","mainEntityOfPage":{"@id":"https:\/\/www.organisator.ch\/sustainability\/2017-10-09\/fokuskreislaufwirtschaft-eine-neue-veranstaltungsreihe\/"},"wordCount":534,"commentCount":0,"publisher":{"@id":"https:\/\/www.organisator.ch\/#organization"},"image":{"@id":"https:\/\/www.organisator.ch\/sustainability\/2017-10-09\/fokuskreislaufwirtschaft-eine-neue-veranstaltungsreihe\/#primaryimage"},"thumbnailUrl":"https:\/\/www.organisator.ch\/wp-content\/uploads\/2017\/10\/Renault-Diagram.jpg","keywords":["Circular Economy","Kreislaufwirtschaft","\u00f6bu","swisscleantech"],"articleSection":["SUSTAINABILITY"],"inLanguage":"it-IT"},{"@type":"WebPage","@id":"https:\/\/www.organisator.ch\/sustainability\/2017-10-09\/fokuskreislaufwirtschaft-eine-neue-veranstaltungsreihe\/","url":"https:\/\/www.organisator.ch\/sustainability\/2017-10-09\/fokuskreislaufwirtschaft-eine-neue-veranstaltungsreihe\/","name":"Focus Circular Economy, una nuova serie di eventi - Organizzatore","isPartOf":{"@id":"https:\/\/www.organisator.ch\/#website"},"primaryImageOfPage":{"@id":"https:\/\/www.organisator.ch\/sustainability\/2017-10-09\/fokuskreislaufwirtschaft-eine-neue-veranstaltungsreihe\/#primaryimage"},"image":{"@id":"https:\/\/www.organisator.ch\/sustainability\/2017-10-09\/fokuskreislaufwirtschaft-eine-neue-veranstaltungsreihe\/#primaryimage"},"thumbnailUrl":"https:\/\/www.organisator.ch\/wp-content\/uploads\/2017\/10\/Renault-Diagram.jpg","datePublished":"2017-10-09T10:35:27+00:00","dateModified":"2022-02-09T10:05:37+00:00","description":"Focus Circular Economy \u00e8 dedicato al tema dell'economia circolare. La nuova serie di eventi \u00e8 organizzata da swisscleantech e \u00f6bu.","breadcrumb":{"@id":"https:\/\/www.organisator.ch\/sustainability\/2017-10-09\/fokuskreislaufwirtschaft-eine-neue-veranstaltungsreihe\/#breadcrumb"},"inLanguage":"it-IT","potentialAction":[{"@type":"ReadAction","target":["https:\/\/www.organisator.ch\/sustainability\/2017-10-09\/fokuskreislaufwirtschaft-eine-neue-veranstaltungsreihe\/"]}]},{"@type":"ImageObject","inLanguage":"it-IT","@id":"https:\/\/www.organisator.ch\/sustainability\/2017-10-09\/fokuskreislaufwirtschaft-eine-neue-veranstaltungsreihe\/#primaryimage","url":"https:\/\/www.organisator.ch\/wp-content\/uploads\/2017\/10\/Renault-Diagram.jpg","contentUrl":"https:\/\/www.organisator.ch\/wp-content\/uploads\/2017\/10\/Renault-Diagram.jpg","width":648,"height":434,"caption":"Das Konzept Circular Economy wird von einer wachsenden Anzahl von Konzernen aufgegriffen. Siehe das Renault-Diagramm der Ellen MacArthur Foundation."},{"@type":"BreadcrumbList","@id":"https:\/\/www.organisator.ch\/sustainability\/2017-10-09\/fokuskreislaufwirtschaft-eine-neue-veranstaltungsreihe\/#breadcrumb","itemListElement":[{"@type":"ListItem","position":1,"name":"Home","item":"https:\/\/www.organisator.ch\/"},{"@type":"ListItem","position":2,"name":"Fokuskreislaufwirtschaft, eine neue Veranstaltungsreihe"}]},{"@type":"WebSite","@id":"https:\/\/www.organisator.ch\/#website","url":"https:\/\/www.organisator.ch\/","name":"Organizzatore","description":"Competente. Pratico. In 10 numeri all'anno, ORGANISATOR presenta i temi essenziali per i manager delle PMI.","publisher":{"@id":"https:\/\/www.organisator.ch\/#organization"},"potentialAction":[{"@type":"SearchAction","target":{"@type":"EntryPoint","urlTemplate":"https:\/\/www.organisator.ch\/?s={search_term_string}"},"query-input":{"@type":"PropertyValueSpecification","valueRequired":true,"valueName":"search_term_string"}}],"inLanguage":"it-IT"},{"@type":"Organization","@id":"https:\/\/www.organisator.ch\/#organization","name":"Organizzatore","url":"https:\/\/www.organisator.ch\/","logo":{"@type":"ImageObject","inLanguage":"it-IT","@id":"https:\/\/www.organisator.ch\/#\/schema\/logo\/image\/","url":"https:\/\/www.organisator.ch\/wp-content\/uploads\/2022\/01\/Logo_Organisator_Website.png","contentUrl":"https:\/\/www.organisator.ch\/wp-content\/uploads\/2022\/01\/Logo_Organisator_Website.png","width":800,"height":77,"caption":"Organisator"},"image":{"@id":"https:\/\/www.organisator.ch\/#\/schema\/logo\/image\/"},"sameAs":["https:\/\/www.facebook.com\/OrganisatorFachmagazin","https:\/\/www.linkedin.com\/showcase\/organisator-das-magazin-fr-kmu","https:\/\/www.xing.com\/news\/pages\/organisator-ch-695","https:\/\/www.youtube.com\/channel\/UCGP2Sq0iWaZwT3BdIAQFYpw"]},{"@type":"Person","@id":"https:\/\/www.organisator.ch\/#\/schema\/person\/134708ca9321c57b0362cceb7948ffbd","name":"michael.merz","image":{"@type":"ImageObject","inLanguage":"it-IT","@id":"https:\/\/secure.gravatar.com\/avatar\/?s=96&d=mm&r=g","url":"https:\/\/secure.gravatar.com\/avatar\/?s=96&d=mm&r=g","contentUrl":"https:\/\/secure.gravatar.com\/avatar\/?s=96&d=mm&r=g","caption":"michael.merz"},"url":"https:\/\/www.organisator.ch\/it\/author\/michael-merz\/"}]}},"_links":{"self":[{"href":"https:\/\/www.organisator.ch\/it\/wp-json\/wp\/v2\/posts\/1306","targetHints":{"allow":["GET"]}}],"collection":[{"href":"https:\/\/www.organisator.ch\/it\/wp-json\/wp\/v2\/posts"}],"about":[{"href":"https:\/\/www.organisator.ch\/it\/wp-json\/wp\/v2\/types\/post"}],"author":[{"embeddable":true,"href":"https:\/\/www.organisator.ch\/it\/wp-json\/wp\/v2\/users\/5"}],"replies":[{"embeddable":true,"href":"https:\/\/www.organisator.ch\/it\/wp-json\/wp\/v2\/comments?post=1306"}],"version-history":[{"count":1,"href":"https:\/\/www.organisator.ch\/it\/wp-json\/wp\/v2\/posts\/1306\/revisions"}],"predecessor-version":[{"id":10423,"href":"https:\/\/www.organisator.ch\/it\/wp-json\/wp\/v2\/posts\/1306\/revisions\/10423"}],"wp:featuredmedia":[{"embeddable":true,"href":"https:\/\/www.organisator.ch\/it\/wp-json\/wp\/v2\/media\/1307"}],"wp:attachment":[{"href":"https:\/\/www.organisator.ch\/it\/wp-json\/wp\/v2\/media?parent=1306"}],"wp:term":[{"taxonomy":"category","embeddable":true,"href":"https:\/\/www.organisator.ch\/it\/wp-json\/wp\/v2\/categories?post=1306"},{"taxonomy":"post_tag","embeddable":true,"href":"https:\/\/www.organisator.ch\/it\/wp-json\/wp\/v2\/tags?post=1306"}],"curies":[{"name":"wp","href":"https:\/\/api.w.org\/{rel}","templated":true}]}}