{"id":1309,"date":"2017-10-20T10:02:55","date_gmt":"2017-10-20T08:02:55","guid":{"rendered":"https:\/\/www.umweltperspektiven.ch\/?p=1309"},"modified":"2022-02-09T11:06:55","modified_gmt":"2022-02-09T10:06:55","slug":"hurrikan-saison-kostet-swiss-re","status":"publish","type":"post","link":"https:\/\/www.organisator.ch\/it\/sustainability\/2017-10-20\/hurrikan-saison-kostet-swiss-re\/","title":{"rendered":"La stagione degli uragani costa a Swiss Re"},"content":{"rendered":"<figure id=\"attachment_1310\" aria-describedby=\"caption-attachment-1310\" style=\"width: 680px\" class=\"wp-caption alignnone\"><img loading=\"lazy\" decoding=\"async\" class=\"size-medium wp-image-1310\" src=\"\/\/www.umweltperspektiven.ch\/wp-content\/uploads\/2017\/10\/Hurrikan-Saison-kostet-Swiss-Re-up-umweltperspektiven.jpg\" alt=\"\" width=\"680\" height=\"510\" srcset=\"https:\/\/www.organisator.ch\/wp-content\/uploads\/2017\/10\/Hurrikan-Saison-kostet-Swiss-Re-up-umweltperspektiven.jpg 1000w, https:\/\/www.organisator.ch\/wp-content\/uploads\/2017\/10\/Hurrikan-Saison-kostet-Swiss-Re-up-umweltperspektiven-680x510.jpg 680w, https:\/\/www.organisator.ch\/wp-content\/uploads\/2017\/10\/Hurrikan-Saison-kostet-Swiss-Re-up-umweltperspektiven-768x576.jpg 768w, https:\/\/www.organisator.ch\/wp-content\/uploads\/2017\/10\/Hurrikan-Saison-kostet-Swiss-Re-up-umweltperspektiven-16x12.jpg 16w, https:\/\/www.organisator.ch\/wp-content\/uploads\/2017\/10\/Hurrikan-Saison-kostet-Swiss-Re-up-umweltperspektiven-233x175.jpg 233w, https:\/\/www.organisator.ch\/wp-content\/uploads\/2017\/10\/Hurrikan-Saison-kostet-Swiss-Re-up-umweltperspektiven-467x350.jpg 467w, https:\/\/www.organisator.ch\/wp-content\/uploads\/2017\/10\/Hurrikan-Saison-kostet-Swiss-Re-up-umweltperspektiven-920x690.jpg 920w, https:\/\/www.organisator.ch\/wp-content\/uploads\/2017\/10\/Hurrikan-Saison-kostet-Swiss-Re-up-umweltperspektiven-300x225.jpg 300w\" sizes=\"auto, (max-width: 680px) 100vw, 680px\" \/><figcaption id=\"caption-attachment-1310\" class=\"wp-caption-text\">Mai prima d'ora i costi sono stati cos\u00ec alti per Swiss Re come per gli uragani di questa stagione. (Immagine: depositphotos)<\/figcaption><\/figure>\n<p>La stagione degli uragani negli Stati Uniti e nei Caraibi sta costando cara a Swiss Re. Il riassicuratore si aspetta costi totali di circa 3,6 miliardi di dollari per il terzo trimestre. Nel frattempo, le perdite totali assicurate dagli uragani Harvey, Irma e Maria e dal terremoto in Messico sono stimate a circa 95 miliardi di dollari.<\/p>\n<p><strong>Harvey e Irma <\/strong><\/p>\n<p>La stagione degli uragani negli Stati Uniti, che dura fino a novembre, \u00e8 gi\u00e0 una delle pi\u00f9 devastanti mai registrate. Dalla fine di agosto in poi, gli eventi nei Caraibi e nel sud-est degli Stati Uniti sono stati travolgenti.<\/p>\n<p>Harvey ha colpito la costa del Texas il 25 agosto, con precipitazioni massicce che hanno causato gravi inondazioni, soprattutto nella regione di Houston. Si stima che Harvey abbia causato costi assicurati da 25 a 35 miliardi di dollari. Tuttavia, una gran parte di questo ricade sul programma nazionale di protezione dalle inondazioni.<\/p>\n<p>L'uragano Irma \u00e8 arrivato in Florida il 10 settembre. E anche qui, gli esperti si aspettano un onere da 25 a 35 miliardi di dollari per gli assicuratori. I Caraibi sono stati colpiti dall'uragano Maria dopo Irma. Le stime dei danni per la regione oscillano tra i 10 e i 20 miliardi di dollari. Anche il territorio statunitense di Porto Rico \u00e8 stato gravemente colpito. (Fonte: SDA)<\/p>\n<p><a href=\"\/\/www.swissre.com\">www.swissre.com<\/a><\/p>\n<p><a href=\"\/\/www.swissre.com\"><\/a><\/p>","protected":false},"excerpt":{"rendered":"<p>Die Hurrikan-Saison in den USA und der Karibik kommen Swiss Re teuer zu stehen. Der R\u00fcckversicherer rechnet f\u00fcr das dritte Quartal mit Gesamtkosten von rund 3,6 Milliarden Dollar. Die gesamten versicherten Sch\u00e4den durch die Wirbelst\u00fcrme Harvey, Irma und Maria und der Erdbeben in Mexiko werden derweil auf rund 95 Milliarden Dollar gesch\u00e4tzt. Harvey und Irma [&hellip;]<\/p>\n","protected":false},"author":5,"featured_media":1310,"comment_status":"open","ping_status":"open","sticky":false,"template":"","format":"standard","meta":{"_acf_changed":false,"_yoast_wpseo_focuskw":"Swiss Re","_yoast_wpseo_metadesc":"Die j\u00fcngsten Wirbelst\u00fcrme und Erdbeben in Nordamerika kosten den R\u00fcckversicherer Swiss Re 70 Milliarden Dollar, wobei die Saison noch nicht zu ende ist.","articlekey":"","footnotes":""},"categories":[580],"tags":[1381,1810,2036,2056],"class_list":["post-1309","post","type-post","status-publish","format-standard","has-post-thumbnail","hentry","category-sustainability","tag-hurrikan-harvey","tag-naturgefahren","tag-rueckversicherung","tag-schaden"],"acf":[],"yoast_head":"<!-- This site is optimized with the Yoast SEO plugin v27.4 - https:\/\/yoast.com\/product\/yoast-seo-wordpress\/ -->\n<title>Hurrikan-Saison kostet Swiss Re - Organisator<\/title>\n<meta name=\"description\" content=\"Die j\u00fcngsten Wirbelst\u00fcrme und Erdbeben in Nordamerika kosten den R\u00fcckversicherer Swiss Re 70 Milliarden Dollar, wobei die Saison noch nicht zu ende ist.\" \/>\n<meta name=\"robots\" content=\"index, follow, max-snippet:-1, max-image-preview:large, max-video-preview:-1\" \/>\n<link rel=\"canonical\" href=\"https:\/\/www.organisator.ch\/it\/sostenibilita\/2017-10-20\/hurrikan-saison-kostet-swiss-re\/\" \/>\n<meta property=\"og:locale\" content=\"it_IT\" \/>\n<meta property=\"og:type\" content=\"article\" \/>\n<meta property=\"og:title\" content=\"Hurrikan-Saison kostet Swiss Re - Organisator\" \/>\n<meta property=\"og:description\" content=\"Die j\u00fcngsten Wirbelst\u00fcrme und Erdbeben in Nordamerika kosten den R\u00fcckversicherer Swiss Re 70 Milliarden Dollar, wobei die Saison noch nicht zu ende ist.\" \/>\n<meta property=\"og:url\" content=\"https:\/\/www.organisator.ch\/it\/sostenibilita\/2017-10-20\/hurrikan-saison-kostet-swiss-re\/\" \/>\n<meta property=\"og:site_name\" content=\"Organisator\" \/>\n<meta property=\"article:publisher\" content=\"https:\/\/www.facebook.com\/OrganisatorFachmagazin\" \/>\n<meta property=\"article:published_time\" content=\"2017-10-20T08:02:55+00:00\" \/>\n<meta property=\"article:modified_time\" content=\"2022-02-09T10:06:55+00:00\" \/>\n<meta property=\"og:image\" content=\"https:\/\/www.organisator.ch\/wp-content\/uploads\/2017\/10\/Hurrikan-Saison-kostet-Swiss-Re-up-umweltperspektiven.jpg\" \/>\n\t<meta property=\"og:image:width\" content=\"1000\" \/>\n\t<meta property=\"og:image:height\" content=\"750\" \/>\n\t<meta property=\"og:image:type\" content=\"image\/jpeg\" \/>\n<meta name=\"author\" content=\"michael.merz\" \/>\n<meta name=\"twitter:card\" content=\"summary_large_image\" \/>\n<script type=\"application\/ld+json\" class=\"yoast-schema-graph\">{\"@context\":\"https:\\\/\\\/schema.org\",\"@graph\":[{\"@type\":\"Article\",\"@id\":\"https:\\\/\\\/www.organisator.ch\\\/sustainability\\\/2017-10-20\\\/hurrikan-saison-kostet-swiss-re\\\/#article\",\"isPartOf\":{\"@id\":\"https:\\\/\\\/www.organisator.ch\\\/sustainability\\\/2017-10-20\\\/hurrikan-saison-kostet-swiss-re\\\/\"},\"author\":{\"name\":\"michael.merz\",\"@id\":\"https:\\\/\\\/www.organisator.ch\\\/#\\\/schema\\\/person\\\/134708ca9321c57b0362cceb7948ffbd\"},\"headline\":\"Hurrikan-Saison kostet Swiss Re\",\"datePublished\":\"2017-10-20T08:02:55+00:00\",\"dateModified\":\"2022-02-09T10:06:55+00:00\",\"mainEntityOfPage\":{\"@id\":\"https:\\\/\\\/www.organisator.ch\\\/sustainability\\\/2017-10-20\\\/hurrikan-saison-kostet-swiss-re\\\/\"},\"wordCount\":241,\"commentCount\":0,\"publisher\":{\"@id\":\"https:\\\/\\\/www.organisator.ch\\\/#organization\"},\"image\":{\"@id\":\"https:\\\/\\\/www.organisator.ch\\\/sustainability\\\/2017-10-20\\\/hurrikan-saison-kostet-swiss-re\\\/#primaryimage\"},\"thumbnailUrl\":\"https:\\\/\\\/www.organisator.ch\\\/wp-content\\\/uploads\\\/2017\\\/10\\\/Hurrikan-Saison-kostet-Swiss-Re-up-umweltperspektiven.jpg\",\"keywords\":[\"Hurrikan Harvey\",\"Naturgefahren\",\"R\u00fcckversicherung\",\"Schaden\"],\"articleSection\":[\"SUSTAINABILITY\"],\"inLanguage\":\"it-IT\"},{\"@type\":\"WebPage\",\"@id\":\"https:\\\/\\\/www.organisator.ch\\\/sustainability\\\/2017-10-20\\\/hurrikan-saison-kostet-swiss-re\\\/\",\"url\":\"https:\\\/\\\/www.organisator.ch\\\/sustainability\\\/2017-10-20\\\/hurrikan-saison-kostet-swiss-re\\\/\",\"name\":\"Hurrikan-Saison kostet Swiss Re - Organisator\",\"isPartOf\":{\"@id\":\"https:\\\/\\\/www.organisator.ch\\\/#website\"},\"primaryImageOfPage\":{\"@id\":\"https:\\\/\\\/www.organisator.ch\\\/sustainability\\\/2017-10-20\\\/hurrikan-saison-kostet-swiss-re\\\/#primaryimage\"},\"image\":{\"@id\":\"https:\\\/\\\/www.organisator.ch\\\/sustainability\\\/2017-10-20\\\/hurrikan-saison-kostet-swiss-re\\\/#primaryimage\"},\"thumbnailUrl\":\"https:\\\/\\\/www.organisator.ch\\\/wp-content\\\/uploads\\\/2017\\\/10\\\/Hurrikan-Saison-kostet-Swiss-Re-up-umweltperspektiven.jpg\",\"datePublished\":\"2017-10-20T08:02:55+00:00\",\"dateModified\":\"2022-02-09T10:06:55+00:00\",\"description\":\"Die j\u00fcngsten Wirbelst\u00fcrme und Erdbeben in Nordamerika kosten den R\u00fcckversicherer Swiss Re 70 Milliarden Dollar, wobei die Saison noch nicht zu ende ist.\",\"breadcrumb\":{\"@id\":\"https:\\\/\\\/www.organisator.ch\\\/sustainability\\\/2017-10-20\\\/hurrikan-saison-kostet-swiss-re\\\/#breadcrumb\"},\"inLanguage\":\"it-IT\",\"potentialAction\":[{\"@type\":\"ReadAction\",\"target\":[\"https:\\\/\\\/www.organisator.ch\\\/sustainability\\\/2017-10-20\\\/hurrikan-saison-kostet-swiss-re\\\/\"]}]},{\"@type\":\"ImageObject\",\"inLanguage\":\"it-IT\",\"@id\":\"https:\\\/\\\/www.organisator.ch\\\/sustainability\\\/2017-10-20\\\/hurrikan-saison-kostet-swiss-re\\\/#primaryimage\",\"url\":\"https:\\\/\\\/www.organisator.ch\\\/wp-content\\\/uploads\\\/2017\\\/10\\\/Hurrikan-Saison-kostet-Swiss-Re-up-umweltperspektiven.jpg\",\"contentUrl\":\"https:\\\/\\\/www.organisator.ch\\\/wp-content\\\/uploads\\\/2017\\\/10\\\/Hurrikan-Saison-kostet-Swiss-Re-up-umweltperspektiven.jpg\",\"width\":1000,\"height\":750,\"caption\":\"Noch nie waren die Kosten so hoch f\u00fcr Swiss Re wie f\u00fcr die Hurricans der diesj\u00e4hrigen Saison. (Bild: depositphotos)\"},{\"@type\":\"BreadcrumbList\",\"@id\":\"https:\\\/\\\/www.organisator.ch\\\/sustainability\\\/2017-10-20\\\/hurrikan-saison-kostet-swiss-re\\\/#breadcrumb\",\"itemListElement\":[{\"@type\":\"ListItem\",\"position\":1,\"name\":\"Home\",\"item\":\"https:\\\/\\\/www.organisator.ch\\\/\"},{\"@type\":\"ListItem\",\"position\":2,\"name\":\"Hurrikan-Saison kostet Swiss Re\"}]},{\"@type\":\"WebSite\",\"@id\":\"https:\\\/\\\/www.organisator.ch\\\/#website\",\"url\":\"https:\\\/\\\/www.organisator.ch\\\/\",\"name\":\"Organisator\",\"description\":\"Kompetent. Praxisnah. Der ORGANISATOR bereitet in 10 Ausgaben pro Jahr die wesentlichen Themen f\u00fcr F\u00fchrungskr\u00e4fte von KMU auf.\",\"publisher\":{\"@id\":\"https:\\\/\\\/www.organisator.ch\\\/#organization\"},\"potentialAction\":[{\"@type\":\"SearchAction\",\"target\":{\"@type\":\"EntryPoint\",\"urlTemplate\":\"https:\\\/\\\/www.organisator.ch\\\/?s={search_term_string}\"},\"query-input\":{\"@type\":\"PropertyValueSpecification\",\"valueRequired\":true,\"valueName\":\"search_term_string\"}}],\"inLanguage\":\"it-IT\"},{\"@type\":\"Organization\",\"@id\":\"https:\\\/\\\/www.organisator.ch\\\/#organization\",\"name\":\"Organisator\",\"url\":\"https:\\\/\\\/www.organisator.ch\\\/\",\"logo\":{\"@type\":\"ImageObject\",\"inLanguage\":\"it-IT\",\"@id\":\"https:\\\/\\\/www.organisator.ch\\\/#\\\/schema\\\/logo\\\/image\\\/\",\"url\":\"https:\\\/\\\/www.organisator.ch\\\/wp-content\\\/uploads\\\/2022\\\/01\\\/Logo_Organisator_Website.png\",\"contentUrl\":\"https:\\\/\\\/www.organisator.ch\\\/wp-content\\\/uploads\\\/2022\\\/01\\\/Logo_Organisator_Website.png\",\"width\":800,\"height\":77,\"caption\":\"Organisator\"},\"image\":{\"@id\":\"https:\\\/\\\/www.organisator.ch\\\/#\\\/schema\\\/logo\\\/image\\\/\"},\"sameAs\":[\"https:\\\/\\\/www.facebook.com\\\/OrganisatorFachmagazin\",\"https:\\\/\\\/www.linkedin.com\\\/showcase\\\/organisator-das-magazin-fr-kmu\",\"https:\\\/\\\/www.xing.com\\\/news\\\/pages\\\/organisator-ch-695\",\"https:\\\/\\\/www.youtube.com\\\/channel\\\/UCGP2Sq0iWaZwT3BdIAQFYpw\"]},{\"@type\":\"Person\",\"@id\":\"https:\\\/\\\/www.organisator.ch\\\/#\\\/schema\\\/person\\\/134708ca9321c57b0362cceb7948ffbd\",\"name\":\"michael.merz\",\"image\":{\"@type\":\"ImageObject\",\"inLanguage\":\"it-IT\",\"@id\":\"https:\\\/\\\/secure.gravatar.com\\\/avatar\\\/?s=96&d=mm&r=g\",\"url\":\"https:\\\/\\\/secure.gravatar.com\\\/avatar\\\/?s=96&d=mm&r=g\",\"contentUrl\":\"https:\\\/\\\/secure.gravatar.com\\\/avatar\\\/?s=96&d=mm&r=g\",\"caption\":\"michael.merz\"},\"url\":\"https:\\\/\\\/www.organisator.ch\\\/it\\\/author\\\/michael-merz\\\/\"}]}<\/script>\n<!-- \/ Yoast SEO plugin. -->","yoast_head_json":{"title":"La stagione degli uragani costa a Swiss Re - Organizzatore","description":"I recenti uragani e terremoti in Nord America sono costati al riassicuratore Swiss Re 70 miliardi di dollari, e la stagione non \u00e8 ancora finita.","robots":{"index":"index","follow":"follow","max-snippet":"max-snippet:-1","max-image-preview":"max-image-preview:large","max-video-preview":"max-video-preview:-1"},"canonical":"https:\/\/www.organisator.ch\/it\/sostenibilita\/2017-10-20\/hurrikan-saison-kostet-swiss-re\/","og_locale":"it_IT","og_type":"article","og_title":"Hurrikan-Saison kostet Swiss Re - Organisator","og_description":"Die j\u00fcngsten Wirbelst\u00fcrme und Erdbeben in Nordamerika kosten den R\u00fcckversicherer Swiss Re 70 Milliarden Dollar, wobei die Saison noch nicht zu ende ist.","og_url":"https:\/\/www.organisator.ch\/it\/sostenibilita\/2017-10-20\/hurrikan-saison-kostet-swiss-re\/","og_site_name":"Organisator","article_publisher":"https:\/\/www.facebook.com\/OrganisatorFachmagazin","article_published_time":"2017-10-20T08:02:55+00:00","article_modified_time":"2022-02-09T10:06:55+00:00","og_image":[{"width":1000,"height":750,"url":"https:\/\/www.organisator.ch\/wp-content\/uploads\/2017\/10\/Hurrikan-Saison-kostet-Swiss-Re-up-umweltperspektiven.jpg","type":"image\/jpeg"}],"author":"michael.merz","twitter_card":"summary_large_image","schema":{"@context":"https:\/\/schema.org","@graph":[{"@type":"Article","@id":"https:\/\/www.organisator.ch\/sustainability\/2017-10-20\/hurrikan-saison-kostet-swiss-re\/#article","isPartOf":{"@id":"https:\/\/www.organisator.ch\/sustainability\/2017-10-20\/hurrikan-saison-kostet-swiss-re\/"},"author":{"name":"michael.merz","@id":"https:\/\/www.organisator.ch\/#\/schema\/person\/134708ca9321c57b0362cceb7948ffbd"},"headline":"Hurrikan-Saison kostet Swiss Re","datePublished":"2017-10-20T08:02:55+00:00","dateModified":"2022-02-09T10:06:55+00:00","mainEntityOfPage":{"@id":"https:\/\/www.organisator.ch\/sustainability\/2017-10-20\/hurrikan-saison-kostet-swiss-re\/"},"wordCount":241,"commentCount":0,"publisher":{"@id":"https:\/\/www.organisator.ch\/#organization"},"image":{"@id":"https:\/\/www.organisator.ch\/sustainability\/2017-10-20\/hurrikan-saison-kostet-swiss-re\/#primaryimage"},"thumbnailUrl":"https:\/\/www.organisator.ch\/wp-content\/uploads\/2017\/10\/Hurrikan-Saison-kostet-Swiss-Re-up-umweltperspektiven.jpg","keywords":["Hurrikan Harvey","Naturgefahren","R\u00fcckversicherung","Schaden"],"articleSection":["SUSTAINABILITY"],"inLanguage":"it-IT"},{"@type":"WebPage","@id":"https:\/\/www.organisator.ch\/sustainability\/2017-10-20\/hurrikan-saison-kostet-swiss-re\/","url":"https:\/\/www.organisator.ch\/sustainability\/2017-10-20\/hurrikan-saison-kostet-swiss-re\/","name":"La stagione degli uragani costa a Swiss Re - Organizzatore","isPartOf":{"@id":"https:\/\/www.organisator.ch\/#website"},"primaryImageOfPage":{"@id":"https:\/\/www.organisator.ch\/sustainability\/2017-10-20\/hurrikan-saison-kostet-swiss-re\/#primaryimage"},"image":{"@id":"https:\/\/www.organisator.ch\/sustainability\/2017-10-20\/hurrikan-saison-kostet-swiss-re\/#primaryimage"},"thumbnailUrl":"https:\/\/www.organisator.ch\/wp-content\/uploads\/2017\/10\/Hurrikan-Saison-kostet-Swiss-Re-up-umweltperspektiven.jpg","datePublished":"2017-10-20T08:02:55+00:00","dateModified":"2022-02-09T10:06:55+00:00","description":"I recenti uragani e terremoti in Nord America sono costati al riassicuratore Swiss Re 70 miliardi di dollari, e la stagione non \u00e8 ancora finita.","breadcrumb":{"@id":"https:\/\/www.organisator.ch\/sustainability\/2017-10-20\/hurrikan-saison-kostet-swiss-re\/#breadcrumb"},"inLanguage":"it-IT","potentialAction":[{"@type":"ReadAction","target":["https:\/\/www.organisator.ch\/sustainability\/2017-10-20\/hurrikan-saison-kostet-swiss-re\/"]}]},{"@type":"ImageObject","inLanguage":"it-IT","@id":"https:\/\/www.organisator.ch\/sustainability\/2017-10-20\/hurrikan-saison-kostet-swiss-re\/#primaryimage","url":"https:\/\/www.organisator.ch\/wp-content\/uploads\/2017\/10\/Hurrikan-Saison-kostet-Swiss-Re-up-umweltperspektiven.jpg","contentUrl":"https:\/\/www.organisator.ch\/wp-content\/uploads\/2017\/10\/Hurrikan-Saison-kostet-Swiss-Re-up-umweltperspektiven.jpg","width":1000,"height":750,"caption":"Noch nie waren die Kosten so hoch f\u00fcr Swiss Re wie f\u00fcr die Hurricans der diesj\u00e4hrigen Saison. (Bild: depositphotos)"},{"@type":"BreadcrumbList","@id":"https:\/\/www.organisator.ch\/sustainability\/2017-10-20\/hurrikan-saison-kostet-swiss-re\/#breadcrumb","itemListElement":[{"@type":"ListItem","position":1,"name":"Home","item":"https:\/\/www.organisator.ch\/"},{"@type":"ListItem","position":2,"name":"Hurrikan-Saison kostet Swiss Re"}]},{"@type":"WebSite","@id":"https:\/\/www.organisator.ch\/#website","url":"https:\/\/www.organisator.ch\/","name":"Organizzatore","description":"Competente. Pratico. In 10 numeri all'anno, ORGANISATOR presenta i temi essenziali per i manager delle PMI.","publisher":{"@id":"https:\/\/www.organisator.ch\/#organization"},"potentialAction":[{"@type":"SearchAction","target":{"@type":"EntryPoint","urlTemplate":"https:\/\/www.organisator.ch\/?s={search_term_string}"},"query-input":{"@type":"PropertyValueSpecification","valueRequired":true,"valueName":"search_term_string"}}],"inLanguage":"it-IT"},{"@type":"Organization","@id":"https:\/\/www.organisator.ch\/#organization","name":"Organizzatore","url":"https:\/\/www.organisator.ch\/","logo":{"@type":"ImageObject","inLanguage":"it-IT","@id":"https:\/\/www.organisator.ch\/#\/schema\/logo\/image\/","url":"https:\/\/www.organisator.ch\/wp-content\/uploads\/2022\/01\/Logo_Organisator_Website.png","contentUrl":"https:\/\/www.organisator.ch\/wp-content\/uploads\/2022\/01\/Logo_Organisator_Website.png","width":800,"height":77,"caption":"Organisator"},"image":{"@id":"https:\/\/www.organisator.ch\/#\/schema\/logo\/image\/"},"sameAs":["https:\/\/www.facebook.com\/OrganisatorFachmagazin","https:\/\/www.linkedin.com\/showcase\/organisator-das-magazin-fr-kmu","https:\/\/www.xing.com\/news\/pages\/organisator-ch-695","https:\/\/www.youtube.com\/channel\/UCGP2Sq0iWaZwT3BdIAQFYpw"]},{"@type":"Person","@id":"https:\/\/www.organisator.ch\/#\/schema\/person\/134708ca9321c57b0362cceb7948ffbd","name":"michael.merz","image":{"@type":"ImageObject","inLanguage":"it-IT","@id":"https:\/\/secure.gravatar.com\/avatar\/?s=96&d=mm&r=g","url":"https:\/\/secure.gravatar.com\/avatar\/?s=96&d=mm&r=g","contentUrl":"https:\/\/secure.gravatar.com\/avatar\/?s=96&d=mm&r=g","caption":"michael.merz"},"url":"https:\/\/www.organisator.ch\/it\/author\/michael-merz\/"}]}},"_links":{"self":[{"href":"https:\/\/www.organisator.ch\/it\/wp-json\/wp\/v2\/posts\/1309","targetHints":{"allow":["GET"]}}],"collection":[{"href":"https:\/\/www.organisator.ch\/it\/wp-json\/wp\/v2\/posts"}],"about":[{"href":"https:\/\/www.organisator.ch\/it\/wp-json\/wp\/v2\/types\/post"}],"author":[{"embeddable":true,"href":"https:\/\/www.organisator.ch\/it\/wp-json\/wp\/v2\/users\/5"}],"replies":[{"embeddable":true,"href":"https:\/\/www.organisator.ch\/it\/wp-json\/wp\/v2\/comments?post=1309"}],"version-history":[{"count":1,"href":"https:\/\/www.organisator.ch\/it\/wp-json\/wp\/v2\/posts\/1309\/revisions"}],"predecessor-version":[{"id":10723,"href":"https:\/\/www.organisator.ch\/it\/wp-json\/wp\/v2\/posts\/1309\/revisions\/10723"}],"wp:featuredmedia":[{"embeddable":true,"href":"https:\/\/www.organisator.ch\/it\/wp-json\/wp\/v2\/media\/1310"}],"wp:attachment":[{"href":"https:\/\/www.organisator.ch\/it\/wp-json\/wp\/v2\/media?parent=1309"}],"wp:term":[{"taxonomy":"category","embeddable":true,"href":"https:\/\/www.organisator.ch\/it\/wp-json\/wp\/v2\/categories?post=1309"},{"taxonomy":"post_tag","embeddable":true,"href":"https:\/\/www.organisator.ch\/it\/wp-json\/wp\/v2\/tags?post=1309"}],"curies":[{"name":"wp","href":"https:\/\/api.w.org\/{rel}","templated":true}]}}