{"id":13424,"date":"2022-06-08T10:30:35","date_gmt":"2022-06-08T08:30:35","guid":{"rendered":"https:\/\/www.organisator.ch\/?p=13424"},"modified":"2022-06-07T09:50:34","modified_gmt":"2022-06-07T07:50:34","slug":"per-la-flessibilita-nella-previdenza-professionale","status":"publish","type":"post","link":"https:\/\/www.organisator.ch\/it\/management\/2022-06-08\/fuer-flexibilitaet-in-der-beruflichen-vorsorge\/","title":{"rendered":"Per la flessibilit\u00e0 della previdenza professionale"},"content":{"rendered":"<p><img loading=\"lazy\" decoding=\"async\" class=\"alignnone size-full wp-image-13426\" src=\"https:\/\/www.organisator.ch\/wp-content\/uploads\/2022\/06\/Publi_Fuer-Flexibilitaet-in-der-beruflichen-Vorsorge_Organisator.jpg\" alt=\"\" width=\"680\" height=\"459\" srcset=\"https:\/\/www.organisator.ch\/wp-content\/uploads\/2022\/06\/Publi_Fuer-Flexibilitaet-in-der-beruflichen-Vorsorge_Organisator.jpg 680w, https:\/\/www.organisator.ch\/wp-content\/uploads\/2022\/06\/Publi_Fuer-Flexibilitaet-in-der-beruflichen-Vorsorge_Organisator-18x12.jpg 18w, https:\/\/www.organisator.ch\/wp-content\/uploads\/2022\/06\/Publi_Fuer-Flexibilitaet-in-der-beruflichen-Vorsorge_Organisator-259x175.jpg 259w, https:\/\/www.organisator.ch\/wp-content\/uploads\/2022\/06\/Publi_Fuer-Flexibilitaet-in-der-beruflichen-Vorsorge_Organisator-519x350.jpg 519w, https:\/\/www.organisator.ch\/wp-content\/uploads\/2022\/06\/Publi_Fuer-Flexibilitaet-in-der-beruflichen-Vorsorge_Organisator-300x203.jpg 300w\" sizes=\"auto, (max-width: 680px) 100vw, 680px\" \/><\/p>\n<p>Pensate subito alla flessibilit\u00e0 quando si parla di previdenza professionale? No? Allora probabilmente non siete soli. Il fondo pensione \u00e8 un accantonamento a lungo termine per il periodo successivo al pensionamento ed \u00e8 quindi principalmente associato alla sicurezza e alla continuit\u00e0. Tuttavia, la Tellco pk \u00e8 convinta che anche la flessibilit\u00e0 debba essere un attributo importante di un fondo pensione. Perch\u00e9 cos\u00ec come le aziende cambiano, anche i loro fondi pensione dovrebbero essere in grado di adattarsi.<\/p>\n<blockquote><p><strong>Extra:<\/strong> La flessibilit\u00e0 della Tellco pk si riflette anche nelle scadenze dei premi di risparmio. La maggior parte dei premi non \u00e8 esigibile prima della fine dell'anno, il che d\u00e0 alle compagnie pi\u00f9 tempo. Tra l'altro, chi paga prima della scadenza riceve un tasso di interesse di 1 % sull'importo.<\/p><\/blockquote>\n<h3><strong>Scelte individuali<\/strong><\/h3>\n<p>La particolarit\u00e0 della Tellco pk \u00e8 il suo approccio personalizzato: \"Crediamo che la previdenza professionale non possa essere concepita in modo statico: Dovrebbe crescere con l'azienda\". Per questo motivo le aziende affiliate alla Tellco pk hanno la possibilit\u00e0 di scegliere quella pi\u00f9 adatta alle loro esigenze tra una serie di offerte e possono addirittura adeguarla gratuitamente ogni anno.<\/p>\n<p>\u00c8 possibile scegliere tra tre comparti: PRO, PULSE e INDIVIDUA. Si differenziano per la strategia d'investimento - da quella orientata alla sicurezza a quella orientata al rendimento - e per la possibilit\u00e0 di definire autonomamente le singole componenti della soluzione previdenziale.<\/p>\n<p><strong>A PRO,<\/strong> con una quota azionaria di 25 %, l'attenzione \u00e8 rivolta alla stabilit\u00e0: le fluttuazioni dei prezzi rimangono basse e il patrimonio cresce moderatamente ma regolarmente.<\/p>\n<p><strong>A PULSE<\/strong> Al contrario, l'attenzione \u00e8 rivolta alla crescita: una quota azionaria pi\u00f9 elevata di 40 % garantisce maggiori opportunit\u00e0, ma anche maggiori fluttuazioni dei prezzi in determinate circostanze.<\/p>\n<p><strong>A INDIVIDUA<\/strong> Infine, \u00e8 l'impresa assicurata ad avere voce in capitolo: se gestore patrimoniale o depositario, se investimenti diretti o fondi, \u00e8 la commissione di previdenza a decidere.<\/p>\n<p>Mentre i comparti PRO e PULSE sono adatti a tutte le aziende, l'opzione INDIVIDUA \u00e8 una soluzione speciale per le aziende con 10 o pi\u00f9 dipendenti assicurati e un capitale di investimento di almeno 20 milioni di franchi.<\/p>\n<blockquote>\n<h3><strong>Fondo pensione leader in Svizzera<\/strong><\/h3>\n<p>La Tellco pk \u00e8 uno dei fondi pensione pi\u00f9 importanti del mercato svizzero. Con una crescita continua, attualmente conta circa 10.000 societ\u00e0 affiliate e 88.000 persone assicurate. Gestisce un patrimonio totale di circa 4,3 miliardi di franchi svizzeri (alla fine del 2021).<\/p><\/blockquote>\n<p><a href=\"https:\/\/tellco.ch\/kmu\"><em>tellco.ch\/kmu<\/em><\/a><\/p>","protected":false},"excerpt":{"rendered":"<p>Denken Sie sofort an Flexibilit\u00e4t, wenn es um die berufliche Vorsorge geht? Nein? Dann sind Sie vermutlich nicht allein. Die Pensionskasse ist eine langfristige Vorsorge f\u00fcr die Zeit nach der Pension und wird daher prim\u00e4r mit Sicherheit und Kontinuit\u00e4t verbunden. Die Tellco pk ist allerdings \u00fcberzeugt davon, dass auch Flexibilit\u00e4t ein wichtiges Attribut einer Pensionskasse [&hellip;]<\/p>\n","protected":false},"author":4,"featured_media":13426,"comment_status":"closed","ping_status":"closed","sticky":false,"template":"","format":"standard","meta":{"_acf_changed":false,"_yoast_wpseo_focuskw":"Vorsorge","_yoast_wpseo_metadesc":"Die Tellco pk hat Flexibilit\u00e4t verinnerlicht, denn bei der Schwyzer Pensionskasse sind individuelle L\u00f6sungen f\u00fcr die Vorsorge Standard.","articlekey":"","footnotes":""},"categories":[24,28],"tags":[2922,2921,202,377],"class_list":["post-13424","post","type-post","status-publish","format-standard","has-post-thumbnail","hentry","category-finanzen_recht","category-management","tag-2-saeule","tag-berufliche-vorsorge","tag-finanzenrecht","tag-pensionskassen"],"acf":[],"yoast_head":"<!-- This site is optimized with the Yoast SEO plugin v27.4 - https:\/\/yoast.com\/product\/yoast-seo-wordpress\/ -->\n<title>F\u00fcr Flexibilit\u00e4t in der beruflichen Vorsorge - Organisator<\/title>\n<meta name=\"description\" content=\"Die Tellco pk hat Flexibilit\u00e4t verinnerlicht, denn bei der Schwyzer Pensionskasse sind individuelle L\u00f6sungen f\u00fcr die Vorsorge Standard.\" \/>\n<meta name=\"robots\" content=\"index, follow, max-snippet:-1, max-image-preview:large, max-video-preview:-1\" \/>\n<link rel=\"canonical\" href=\"https:\/\/www.organisator.ch\/it\/gestione-2\/finanzen_recht\/2022-06-08\/per-la-flessibilita-nella-previdenza-professionale\/\" \/>\n<meta property=\"og:locale\" content=\"it_IT\" \/>\n<meta property=\"og:type\" content=\"article\" \/>\n<meta property=\"og:title\" content=\"F\u00fcr Flexibilit\u00e4t in der beruflichen Vorsorge\" \/>\n<meta property=\"og:description\" content=\"Die Tellco pk hat Flexibilit\u00e4t verinnerlicht, denn bei der Schwyzer Pensionskasse sind individuelle L\u00f6sungen f\u00fcr die Vorsorge Standard.\" \/>\n<meta property=\"og:url\" content=\"https:\/\/www.organisator.ch\/it\/gestione-2\/finanzen_recht\/2022-06-08\/per-la-flessibilita-nella-previdenza-professionale\/\" \/>\n<meta property=\"og:site_name\" content=\"Organisator\" \/>\n<meta property=\"article:publisher\" content=\"https:\/\/www.facebook.com\/OrganisatorFachmagazin\" \/>\n<meta property=\"article:published_time\" content=\"2022-06-08T08:30:35+00:00\" \/>\n<meta property=\"og:image\" content=\"https:\/\/www.organisator.ch\/wp-content\/uploads\/2022\/06\/Publi_Fuer-Flexibilitaet-in-der-beruflichen-Vorsorge_Organisator.jpg\" \/>\n\t<meta property=\"og:image:width\" content=\"680\" \/>\n\t<meta property=\"og:image:height\" content=\"459\" \/>\n\t<meta property=\"og:image:type\" content=\"image\/jpeg\" \/>\n<meta name=\"author\" content=\"thomas.berner\" \/>\n<meta name=\"twitter:card\" content=\"summary_large_image\" \/>\n<meta name=\"twitter:title\" content=\"F\u00fcr #Flexibilit\u00e4t in der beruflichen #Vorsorge\" \/>\n<meta name=\"twitter:description\" content=\"Die #Tellco pk hat Flexibilit\u00e4t verinnerlicht, denn bei der Schwyzer #Pensionskasse sind individuelle L\u00f6sungen f\u00fcr die #Vorsorge Standard.\" \/>\n<meta name=\"twitter:image\" content=\"https:\/\/www.organisator.ch\/wp-content\/uploads\/2022\/06\/Publi_Fuer-Flexibilitaet-in-der-beruflichen-Vorsorge_Organisator.jpg\" \/>\n<script type=\"application\/ld+json\" class=\"yoast-schema-graph\">{\"@context\":\"https:\\\/\\\/schema.org\",\"@graph\":[{\"@type\":\"Article\",\"@id\":\"https:\\\/\\\/www.organisator.ch\\\/management\\\/finanzen_recht\\\/2022-06-08\\\/fuer-flexibilitaet-in-der-beruflichen-vorsorge\\\/#article\",\"isPartOf\":{\"@id\":\"https:\\\/\\\/www.organisator.ch\\\/management\\\/finanzen_recht\\\/2022-06-08\\\/fuer-flexibilitaet-in-der-beruflichen-vorsorge\\\/\"},\"author\":{\"name\":\"thomas.berner\",\"@id\":\"https:\\\/\\\/www.organisator.ch\\\/#\\\/schema\\\/person\\\/6f650f90b2842cd4c0cc334b4e36f67e\"},\"headline\":\"F\u00fcr Flexibilit\u00e4t in der beruflichen Vorsorge\",\"datePublished\":\"2022-06-08T08:30:35+00:00\",\"mainEntityOfPage\":{\"@id\":\"https:\\\/\\\/www.organisator.ch\\\/management\\\/finanzen_recht\\\/2022-06-08\\\/fuer-flexibilitaet-in-der-beruflichen-vorsorge\\\/\"},\"wordCount\":388,\"publisher\":{\"@id\":\"https:\\\/\\\/www.organisator.ch\\\/#organization\"},\"image\":{\"@id\":\"https:\\\/\\\/www.organisator.ch\\\/management\\\/finanzen_recht\\\/2022-06-08\\\/fuer-flexibilitaet-in-der-beruflichen-vorsorge\\\/#primaryimage\"},\"thumbnailUrl\":\"https:\\\/\\\/www.organisator.ch\\\/wp-content\\\/uploads\\\/2022\\\/06\\\/Publi_Fuer-Flexibilitaet-in-der-beruflichen-Vorsorge_Organisator.jpg\",\"keywords\":[\"2. S\u00e4ule\",\"Berufliche Vorsorge\",\"Finanzen\\\/Recht\",\"Pensionskassen\"],\"articleSection\":[\"FINANZEN\\\/RECHT\",\"MANAGEMENT\"],\"inLanguage\":\"it-IT\"},{\"@type\":\"WebPage\",\"@id\":\"https:\\\/\\\/www.organisator.ch\\\/management\\\/finanzen_recht\\\/2022-06-08\\\/fuer-flexibilitaet-in-der-beruflichen-vorsorge\\\/\",\"url\":\"https:\\\/\\\/www.organisator.ch\\\/management\\\/finanzen_recht\\\/2022-06-08\\\/fuer-flexibilitaet-in-der-beruflichen-vorsorge\\\/\",\"name\":\"F\u00fcr Flexibilit\u00e4t in der beruflichen Vorsorge - Organisator\",\"isPartOf\":{\"@id\":\"https:\\\/\\\/www.organisator.ch\\\/#website\"},\"primaryImageOfPage\":{\"@id\":\"https:\\\/\\\/www.organisator.ch\\\/management\\\/finanzen_recht\\\/2022-06-08\\\/fuer-flexibilitaet-in-der-beruflichen-vorsorge\\\/#primaryimage\"},\"image\":{\"@id\":\"https:\\\/\\\/www.organisator.ch\\\/management\\\/finanzen_recht\\\/2022-06-08\\\/fuer-flexibilitaet-in-der-beruflichen-vorsorge\\\/#primaryimage\"},\"thumbnailUrl\":\"https:\\\/\\\/www.organisator.ch\\\/wp-content\\\/uploads\\\/2022\\\/06\\\/Publi_Fuer-Flexibilitaet-in-der-beruflichen-Vorsorge_Organisator.jpg\",\"datePublished\":\"2022-06-08T08:30:35+00:00\",\"description\":\"Die Tellco pk hat Flexibilit\u00e4t verinnerlicht, denn bei der Schwyzer Pensionskasse sind individuelle L\u00f6sungen f\u00fcr die Vorsorge Standard.\",\"breadcrumb\":{\"@id\":\"https:\\\/\\\/www.organisator.ch\\\/management\\\/finanzen_recht\\\/2022-06-08\\\/fuer-flexibilitaet-in-der-beruflichen-vorsorge\\\/#breadcrumb\"},\"inLanguage\":\"it-IT\",\"potentialAction\":[{\"@type\":\"ReadAction\",\"target\":[\"https:\\\/\\\/www.organisator.ch\\\/management\\\/finanzen_recht\\\/2022-06-08\\\/fuer-flexibilitaet-in-der-beruflichen-vorsorge\\\/\"]}]},{\"@type\":\"ImageObject\",\"inLanguage\":\"it-IT\",\"@id\":\"https:\\\/\\\/www.organisator.ch\\\/management\\\/finanzen_recht\\\/2022-06-08\\\/fuer-flexibilitaet-in-der-beruflichen-vorsorge\\\/#primaryimage\",\"url\":\"https:\\\/\\\/www.organisator.ch\\\/wp-content\\\/uploads\\\/2022\\\/06\\\/Publi_Fuer-Flexibilitaet-in-der-beruflichen-Vorsorge_Organisator.jpg\",\"contentUrl\":\"https:\\\/\\\/www.organisator.ch\\\/wp-content\\\/uploads\\\/2022\\\/06\\\/Publi_Fuer-Flexibilitaet-in-der-beruflichen-Vorsorge_Organisator.jpg\",\"width\":680,\"height\":459},{\"@type\":\"BreadcrumbList\",\"@id\":\"https:\\\/\\\/www.organisator.ch\\\/management\\\/finanzen_recht\\\/2022-06-08\\\/fuer-flexibilitaet-in-der-beruflichen-vorsorge\\\/#breadcrumb\",\"itemListElement\":[{\"@type\":\"ListItem\",\"position\":1,\"name\":\"Home\",\"item\":\"https:\\\/\\\/www.organisator.ch\\\/\"},{\"@type\":\"ListItem\",\"position\":2,\"name\":\"F\u00fcr Flexibilit\u00e4t in der beruflichen Vorsorge\"}]},{\"@type\":\"WebSite\",\"@id\":\"https:\\\/\\\/www.organisator.ch\\\/#website\",\"url\":\"https:\\\/\\\/www.organisator.ch\\\/\",\"name\":\"Organisator\",\"description\":\"Kompetent. Praxisnah. Der ORGANISATOR bereitet in 10 Ausgaben pro Jahr die wesentlichen Themen f\u00fcr F\u00fchrungskr\u00e4fte von KMU auf.\",\"publisher\":{\"@id\":\"https:\\\/\\\/www.organisator.ch\\\/#organization\"},\"potentialAction\":[{\"@type\":\"SearchAction\",\"target\":{\"@type\":\"EntryPoint\",\"urlTemplate\":\"https:\\\/\\\/www.organisator.ch\\\/?s={search_term_string}\"},\"query-input\":{\"@type\":\"PropertyValueSpecification\",\"valueRequired\":true,\"valueName\":\"search_term_string\"}}],\"inLanguage\":\"it-IT\"},{\"@type\":\"Organization\",\"@id\":\"https:\\\/\\\/www.organisator.ch\\\/#organization\",\"name\":\"Organisator\",\"url\":\"https:\\\/\\\/www.organisator.ch\\\/\",\"logo\":{\"@type\":\"ImageObject\",\"inLanguage\":\"it-IT\",\"@id\":\"https:\\\/\\\/www.organisator.ch\\\/#\\\/schema\\\/logo\\\/image\\\/\",\"url\":\"https:\\\/\\\/www.organisator.ch\\\/wp-content\\\/uploads\\\/2022\\\/01\\\/Logo_Organisator_Website.png\",\"contentUrl\":\"https:\\\/\\\/www.organisator.ch\\\/wp-content\\\/uploads\\\/2022\\\/01\\\/Logo_Organisator_Website.png\",\"width\":800,\"height\":77,\"caption\":\"Organisator\"},\"image\":{\"@id\":\"https:\\\/\\\/www.organisator.ch\\\/#\\\/schema\\\/logo\\\/image\\\/\"},\"sameAs\":[\"https:\\\/\\\/www.facebook.com\\\/OrganisatorFachmagazin\",\"https:\\\/\\\/www.linkedin.com\\\/showcase\\\/organisator-das-magazin-fr-kmu\",\"https:\\\/\\\/www.xing.com\\\/news\\\/pages\\\/organisator-ch-695\",\"https:\\\/\\\/www.youtube.com\\\/channel\\\/UCGP2Sq0iWaZwT3BdIAQFYpw\"]},{\"@type\":\"Person\",\"@id\":\"https:\\\/\\\/www.organisator.ch\\\/#\\\/schema\\\/person\\\/6f650f90b2842cd4c0cc334b4e36f67e\",\"name\":\"thomas.berner\",\"image\":{\"@type\":\"ImageObject\",\"inLanguage\":\"it-IT\",\"@id\":\"https:\\\/\\\/secure.gravatar.com\\\/avatar\\\/ac5001d2a36cb6c6cd3e50789007ffca834b477b74a2144564522e944eabff61?s=96&d=mm&r=g\",\"url\":\"https:\\\/\\\/secure.gravatar.com\\\/avatar\\\/ac5001d2a36cb6c6cd3e50789007ffca834b477b74a2144564522e944eabff61?s=96&d=mm&r=g\",\"contentUrl\":\"https:\\\/\\\/secure.gravatar.com\\\/avatar\\\/ac5001d2a36cb6c6cd3e50789007ffca834b477b74a2144564522e944eabff61?s=96&d=mm&r=g\",\"caption\":\"thomas.berner\"},\"url\":\"https:\\\/\\\/www.organisator.ch\\\/it\\\/author\\\/thomas-berner\\\/\"}]}<\/script>\n<!-- \/ Yoast SEO plugin. -->","yoast_head_json":{"title":"Per la flessibilit\u00e0 nella previdenza professionale - Organizzatore","description":"La Tellco pk ha internalizzato la flessibilit\u00e0, perch\u00e9 le soluzioni pensionistiche individuali sono standard presso la Schwyzer Pensionskasse.","robots":{"index":"index","follow":"follow","max-snippet":"max-snippet:-1","max-image-preview":"max-image-preview:large","max-video-preview":"max-video-preview:-1"},"canonical":"https:\/\/www.organisator.ch\/it\/gestione-2\/finanzen_recht\/2022-06-08\/per-la-flessibilita-nella-previdenza-professionale\/","og_locale":"it_IT","og_type":"article","og_title":"F\u00fcr Flexibilit\u00e4t in der beruflichen Vorsorge","og_description":"Die Tellco pk hat Flexibilit\u00e4t verinnerlicht, denn bei der Schwyzer Pensionskasse sind individuelle L\u00f6sungen f\u00fcr die Vorsorge Standard.","og_url":"https:\/\/www.organisator.ch\/it\/gestione-2\/finanzen_recht\/2022-06-08\/per-la-flessibilita-nella-previdenza-professionale\/","og_site_name":"Organisator","article_publisher":"https:\/\/www.facebook.com\/OrganisatorFachmagazin","article_published_time":"2022-06-08T08:30:35+00:00","og_image":[{"width":680,"height":459,"url":"https:\/\/www.organisator.ch\/wp-content\/uploads\/2022\/06\/Publi_Fuer-Flexibilitaet-in-der-beruflichen-Vorsorge_Organisator.jpg","type":"image\/jpeg"}],"author":"thomas.berner","twitter_card":"summary_large_image","twitter_title":"F\u00fcr #Flexibilit\u00e4t in der beruflichen #Vorsorge","twitter_description":"Die #Tellco pk hat Flexibilit\u00e4t verinnerlicht, denn bei der Schwyzer #Pensionskasse sind individuelle L\u00f6sungen f\u00fcr die #Vorsorge Standard.","twitter_image":"https:\/\/www.organisator.ch\/wp-content\/uploads\/2022\/06\/Publi_Fuer-Flexibilitaet-in-der-beruflichen-Vorsorge_Organisator.jpg","schema":{"@context":"https:\/\/schema.org","@graph":[{"@type":"Article","@id":"https:\/\/www.organisator.ch\/management\/finanzen_recht\/2022-06-08\/fuer-flexibilitaet-in-der-beruflichen-vorsorge\/#article","isPartOf":{"@id":"https:\/\/www.organisator.ch\/management\/finanzen_recht\/2022-06-08\/fuer-flexibilitaet-in-der-beruflichen-vorsorge\/"},"author":{"name":"thomas.berner","@id":"https:\/\/www.organisator.ch\/#\/schema\/person\/6f650f90b2842cd4c0cc334b4e36f67e"},"headline":"F\u00fcr Flexibilit\u00e4t in der beruflichen Vorsorge","datePublished":"2022-06-08T08:30:35+00:00","mainEntityOfPage":{"@id":"https:\/\/www.organisator.ch\/management\/finanzen_recht\/2022-06-08\/fuer-flexibilitaet-in-der-beruflichen-vorsorge\/"},"wordCount":388,"publisher":{"@id":"https:\/\/www.organisator.ch\/#organization"},"image":{"@id":"https:\/\/www.organisator.ch\/management\/finanzen_recht\/2022-06-08\/fuer-flexibilitaet-in-der-beruflichen-vorsorge\/#primaryimage"},"thumbnailUrl":"https:\/\/www.organisator.ch\/wp-content\/uploads\/2022\/06\/Publi_Fuer-Flexibilitaet-in-der-beruflichen-Vorsorge_Organisator.jpg","keywords":["2. S\u00e4ule","Berufliche Vorsorge","Finanzen\/Recht","Pensionskassen"],"articleSection":["FINANZEN\/RECHT","MANAGEMENT"],"inLanguage":"it-IT"},{"@type":"WebPage","@id":"https:\/\/www.organisator.ch\/management\/finanzen_recht\/2022-06-08\/fuer-flexibilitaet-in-der-beruflichen-vorsorge\/","url":"https:\/\/www.organisator.ch\/management\/finanzen_recht\/2022-06-08\/fuer-flexibilitaet-in-der-beruflichen-vorsorge\/","name":"Per la flessibilit\u00e0 nella previdenza professionale - Organizzatore","isPartOf":{"@id":"https:\/\/www.organisator.ch\/#website"},"primaryImageOfPage":{"@id":"https:\/\/www.organisator.ch\/management\/finanzen_recht\/2022-06-08\/fuer-flexibilitaet-in-der-beruflichen-vorsorge\/#primaryimage"},"image":{"@id":"https:\/\/www.organisator.ch\/management\/finanzen_recht\/2022-06-08\/fuer-flexibilitaet-in-der-beruflichen-vorsorge\/#primaryimage"},"thumbnailUrl":"https:\/\/www.organisator.ch\/wp-content\/uploads\/2022\/06\/Publi_Fuer-Flexibilitaet-in-der-beruflichen-Vorsorge_Organisator.jpg","datePublished":"2022-06-08T08:30:35+00:00","description":"La Tellco pk ha internalizzato la flessibilit\u00e0, perch\u00e9 le soluzioni pensionistiche individuali sono standard presso la Schwyzer Pensionskasse.","breadcrumb":{"@id":"https:\/\/www.organisator.ch\/management\/finanzen_recht\/2022-06-08\/fuer-flexibilitaet-in-der-beruflichen-vorsorge\/#breadcrumb"},"inLanguage":"it-IT","potentialAction":[{"@type":"ReadAction","target":["https:\/\/www.organisator.ch\/management\/finanzen_recht\/2022-06-08\/fuer-flexibilitaet-in-der-beruflichen-vorsorge\/"]}]},{"@type":"ImageObject","inLanguage":"it-IT","@id":"https:\/\/www.organisator.ch\/management\/finanzen_recht\/2022-06-08\/fuer-flexibilitaet-in-der-beruflichen-vorsorge\/#primaryimage","url":"https:\/\/www.organisator.ch\/wp-content\/uploads\/2022\/06\/Publi_Fuer-Flexibilitaet-in-der-beruflichen-Vorsorge_Organisator.jpg","contentUrl":"https:\/\/www.organisator.ch\/wp-content\/uploads\/2022\/06\/Publi_Fuer-Flexibilitaet-in-der-beruflichen-Vorsorge_Organisator.jpg","width":680,"height":459},{"@type":"BreadcrumbList","@id":"https:\/\/www.organisator.ch\/management\/finanzen_recht\/2022-06-08\/fuer-flexibilitaet-in-der-beruflichen-vorsorge\/#breadcrumb","itemListElement":[{"@type":"ListItem","position":1,"name":"Home","item":"https:\/\/www.organisator.ch\/"},{"@type":"ListItem","position":2,"name":"F\u00fcr Flexibilit\u00e4t in der beruflichen Vorsorge"}]},{"@type":"WebSite","@id":"https:\/\/www.organisator.ch\/#website","url":"https:\/\/www.organisator.ch\/","name":"Organizzatore","description":"Competente. Pratico. In 10 numeri all'anno, ORGANISATOR presenta i temi essenziali per i manager delle PMI.","publisher":{"@id":"https:\/\/www.organisator.ch\/#organization"},"potentialAction":[{"@type":"SearchAction","target":{"@type":"EntryPoint","urlTemplate":"https:\/\/www.organisator.ch\/?s={search_term_string}"},"query-input":{"@type":"PropertyValueSpecification","valueRequired":true,"valueName":"search_term_string"}}],"inLanguage":"it-IT"},{"@type":"Organization","@id":"https:\/\/www.organisator.ch\/#organization","name":"Organizzatore","url":"https:\/\/www.organisator.ch\/","logo":{"@type":"ImageObject","inLanguage":"it-IT","@id":"https:\/\/www.organisator.ch\/#\/schema\/logo\/image\/","url":"https:\/\/www.organisator.ch\/wp-content\/uploads\/2022\/01\/Logo_Organisator_Website.png","contentUrl":"https:\/\/www.organisator.ch\/wp-content\/uploads\/2022\/01\/Logo_Organisator_Website.png","width":800,"height":77,"caption":"Organisator"},"image":{"@id":"https:\/\/www.organisator.ch\/#\/schema\/logo\/image\/"},"sameAs":["https:\/\/www.facebook.com\/OrganisatorFachmagazin","https:\/\/www.linkedin.com\/showcase\/organisator-das-magazin-fr-kmu","https:\/\/www.xing.com\/news\/pages\/organisator-ch-695","https:\/\/www.youtube.com\/channel\/UCGP2Sq0iWaZwT3BdIAQFYpw"]},{"@type":"Person","@id":"https:\/\/www.organisator.ch\/#\/schema\/person\/6f650f90b2842cd4c0cc334b4e36f67e","name":"Tommaso.berner","image":{"@type":"ImageObject","inLanguage":"it-IT","@id":"https:\/\/secure.gravatar.com\/avatar\/ac5001d2a36cb6c6cd3e50789007ffca834b477b74a2144564522e944eabff61?s=96&d=mm&r=g","url":"https:\/\/secure.gravatar.com\/avatar\/ac5001d2a36cb6c6cd3e50789007ffca834b477b74a2144564522e944eabff61?s=96&d=mm&r=g","contentUrl":"https:\/\/secure.gravatar.com\/avatar\/ac5001d2a36cb6c6cd3e50789007ffca834b477b74a2144564522e944eabff61?s=96&d=mm&r=g","caption":"thomas.berner"},"url":"https:\/\/www.organisator.ch\/it\/author\/thomas-berner\/"}]}},"_links":{"self":[{"href":"https:\/\/www.organisator.ch\/it\/wp-json\/wp\/v2\/posts\/13424","targetHints":{"allow":["GET"]}}],"collection":[{"href":"https:\/\/www.organisator.ch\/it\/wp-json\/wp\/v2\/posts"}],"about":[{"href":"https:\/\/www.organisator.ch\/it\/wp-json\/wp\/v2\/types\/post"}],"author":[{"embeddable":true,"href":"https:\/\/www.organisator.ch\/it\/wp-json\/wp\/v2\/users\/4"}],"replies":[{"embeddable":true,"href":"https:\/\/www.organisator.ch\/it\/wp-json\/wp\/v2\/comments?post=13424"}],"version-history":[{"count":4,"href":"https:\/\/www.organisator.ch\/it\/wp-json\/wp\/v2\/posts\/13424\/revisions"}],"predecessor-version":[{"id":13623,"href":"https:\/\/www.organisator.ch\/it\/wp-json\/wp\/v2\/posts\/13424\/revisions\/13623"}],"wp:featuredmedia":[{"embeddable":true,"href":"https:\/\/www.organisator.ch\/it\/wp-json\/wp\/v2\/media\/13426"}],"wp:attachment":[{"href":"https:\/\/www.organisator.ch\/it\/wp-json\/wp\/v2\/media?parent=13424"}],"wp:term":[{"taxonomy":"category","embeddable":true,"href":"https:\/\/www.organisator.ch\/it\/wp-json\/wp\/v2\/categories?post=13424"},{"taxonomy":"post_tag","embeddable":true,"href":"https:\/\/www.organisator.ch\/it\/wp-json\/wp\/v2\/tags?post=13424"}],"curies":[{"name":"wp","href":"https:\/\/api.w.org\/{rel}","templated":true}]}}