{"id":1359,"date":"2017-01-13T08:09:28","date_gmt":"2017-01-13T07:09:28","guid":{"rendered":"https:\/\/organisator.ch\/?p=1359"},"modified":"2017-01-13T08:09:28","modified_gmt":"2017-01-13T07:09:28","slug":"marketing-trofeo-autoprogetti-nominati","status":"publish","type":"post","link":"https:\/\/www.organisator.ch\/it\/marketing\/2017-01-13\/marketing-trophy-elf-projekte-nominiert\/","title":{"rendered":"Trofeo di marketing: undici progetti nominati"},"content":{"rendered":"<p align=\"LEFT\">Undici progetti sono nominati per il Marketing Trophy, che viene assegnato in tre categorie. I vincitori saranno scelti il 7 marzo 2017 durante il Marketing Day. La giuria interdisciplinare di alto livello guidata dal presidente Peter Felser ha selezionato i progetti pi\u00f9 innovativi e di successo tra le oltre 40 candidature. Agli occhi dei giurati, i seguenti progetti hanno impressionato per l'alto grado di innovazione, l'implementazione coerente e i migliori risultati e sono stati nominati per il Marketing Trophy 2017:<\/p>\n<p align=\"LEFT\"><strong>Categoria \"Grandi imprese<\/strong><\/p>\n<ul>\n<li>Credit Suisse AG con il progetto \"Viva - Access All Areas\". Agenzia coinvolta: Havas Worldwide, Zurigo.<\/li>\n<li>Feldschl\u00f6sschen Getr\u00e4nke AG con il progetto \"Feldschl\u00f6sschen Braufrisch - Una nuova birra per la Svizzera\". Agenzia coinvolta: WIRZ, Zurigo.<\/li>\n<li>Mazda (Suisse) SA con il progetto \"Mazda Speed Dating - The Dating Revolution\". Agenzia coinvolta: JWT\/Fabrikant, Zurigo.<\/li>\n<li>Migros Genossenschaftsbund con il progetto \"Alnatura\". Agenzia coinvolta: ROD Kommunikation AG.<\/li>\n<li>Raiffeisen Unternehmerzentrum AG con il progetto \"Creazione di centri imprenditoriali Raiffeisen come strumento di marketing per il corporate banking\". Agenzia coinvolta: TOMCAT AG.<\/li>\n<\/ul>\n<p align=\"LEFT\"><strong>Categoria \"PMI<\/strong><\/p>\n<ul>\n<li>Appenzeller K\u00e4se con il progetto \"La ricetta rimane segreta - gestione integrata sostenibile del marchio\". Agenzia coinvolta: Contexta AG, Berna.<\/li>\n<li>Svizzera Turismo e l'associazione Grand Tour of Switzerland con il progetto \"Grand Tour of Switzerland\". Agenzia coinvolta: Havas Worldwide, Zurigo.<\/li>\n<li>Orchestra da camera di Zurigo (ZKO) con il progetto \"Great Feelings 2015 \/ 2016\". Agenzia coinvolta: Havas Worldwide, Zurigo.<\/li>\n<\/ul>\n<p align=\"LEFT\"><strong>Categoria \"Organizzazione non profit<\/strong><\/p>\n<ul>\n<li>AERO SWISS con il progetto \"Brand and Marketing\". Agenzia coinvolta: skipp communications AG.<\/li>\n<li>Pro Juventute con il progetto \"Campagna di sensibilizzazione: cyber-bullismo &amp; sexting\". Agenzia coinvolta: TBWA Svizzera.<\/li>\n<li>ZSC Lions \/ ZLE Betriebs AG con il progetto \"Key players (campagna di voto per il referendum vinto nella citt\u00e0 di Zurigo per la costruzione di una nuova arena di hockey su ghiaccio)\". Agenzia coinvolta: Serviceplan Public Relations Suisse AG.<\/li>\n<\/ul>\n<figure id=\"attachment_1361\" aria-describedby=\"caption-attachment-1361\" style=\"width: 680px\" class=\"wp-caption alignnone\"><img loading=\"lazy\" decoding=\"async\" class=\"size-medium wp-image-1361\" src=\"https:\/\/organisator.ch\/wp-content\/uploads\/2017\/01\/Marketing-Trophy-Elf-Projekte-nominiert_Organisator.jpg\" alt=\"\" width=\"680\" height=\"567\" srcset=\"https:\/\/www.organisator.ch\/wp-content\/uploads\/2017\/01\/Marketing-Trophy-Elf-Projekte-nominiert_Organisator.jpg 1250w, https:\/\/www.organisator.ch\/wp-content\/uploads\/2017\/01\/Marketing-Trophy-Elf-Projekte-nominiert_Organisator-680x567.jpg 680w, https:\/\/www.organisator.ch\/wp-content\/uploads\/2017\/01\/Marketing-Trophy-Elf-Projekte-nominiert_Organisator-1024x854.jpg 1024w, https:\/\/www.organisator.ch\/wp-content\/uploads\/2017\/01\/Marketing-Trophy-Elf-Projekte-nominiert_Organisator-768x640.jpg 768w, https:\/\/www.organisator.ch\/wp-content\/uploads\/2017\/01\/Marketing-Trophy-Elf-Projekte-nominiert_Organisator-14x12.jpg 14w, https:\/\/www.organisator.ch\/wp-content\/uploads\/2017\/01\/Marketing-Trophy-Elf-Projekte-nominiert_Organisator-210x175.jpg 210w, https:\/\/www.organisator.ch\/wp-content\/uploads\/2017\/01\/Marketing-Trophy-Elf-Projekte-nominiert_Organisator-420x350.jpg 420w, https:\/\/www.organisator.ch\/wp-content\/uploads\/2017\/01\/Marketing-Trophy-Elf-Projekte-nominiert_Organisator-960x800.jpg 960w, https:\/\/www.organisator.ch\/wp-content\/uploads\/2017\/01\/Marketing-Trophy-Elf-Projekte-nominiert_Organisator-920x767.jpg 920w, https:\/\/www.organisator.ch\/wp-content\/uploads\/2017\/01\/Marketing-Trophy-Elf-Projekte-nominiert_Organisator-300x250.jpg 300w\" sizes=\"auto, (max-width: 680px) 100vw, 680px\" \/><figcaption id=\"caption-attachment-1361\" class=\"wp-caption-text\">Il Marketing Day di quest'anno con il motto \"Il filo morto - il digitale capovolge tutto\" segue un nuovo concetto.<\/figcaption><\/figure>\n<p align=\"LEFT\"><strong>Prospettive per il Marketing Day 17<\/strong><\/p>\n<p align=\"LEFT\">Il prossimo Marketing Day, durante il quale verr\u00e0 assegnato il Marketing Trophy, si svolger\u00e0 per la prima volta con un nuovo concetto di evento: Con il motto \"Il filo morto - il digitale capovolge tutto\", la giornata del marketing al KKL Luzern sar\u00e0 incentrata sulla trasformazione digitale. Come parte integrante dello Swiss Marketing Forum con \"digitalizzazione\" come tema annuale, il Marketing Day riunisce in modo nuovo persone, marchi e futuro. Le solite keynote di alto livello saranno integrate da workshop, master class e circoli di discussione, che si concentreranno sullo scambio, il networking e l'apprendimento pratico. Come negli anni precedenti, Susanne Wille, giornalista e presentatrice della rivista politica Rundschau, sar\u00e0 la moderatrice.<\/p>\n<p align=\"LEFT\"><a href=\"http:\/\/www.marketingtag.ch\"><em>www.marketingtag.ch<\/em><\/a><\/p>\n<p>&nbsp;<\/p>","protected":false},"excerpt":{"rendered":"<p>Nominiert f\u00fcr die Marketing Trophy, die in drei Kategorien vergeben wird, sind dieses Mal elf Projekte. Die Sieger werden am 7. M\u00e4rz 2017 im Rahmen des Marketing Tags gek\u00fcrt. Aus den \u00fcber 40 Einreichungen hat die hochkar\u00e4tige, interdisziplin\u00e4re Jury um Pr\u00e4sident Dr. Peter Felser die innovativsten und erfolgreichsten Projekte ausgew\u00e4hlt. Die Folgenden haben in den [&hellip;]<\/p>\n","protected":false},"author":4,"featured_media":1361,"comment_status":"open","ping_status":"open","sticky":false,"template":"","format":"standard","meta":{"_acf_changed":false,"_yoast_wpseo_focuskw":"Marketing Trophy","_yoast_wpseo_metadesc":"Nominiert f\u00fcr die Marketing Trophy sind dieses Mal elf Projekte. Die Sieger werden am 7. M\u00e4rz 2017 im Rahmen des Marketing Tags gek\u00fcrt.","articlekey":"","footnotes":""},"categories":[29],"tags":[66,339,469,502],"class_list":["post-1359","post","type-post","status-publish","format-standard","has-post-thumbnail","hentry","category-marketing","tag-awards","tag-marketing","tag-tagungen-events","tag-veranstaltungen"],"acf":[],"yoast_head":"<!-- This site is optimized with the Yoast SEO plugin v27.5 - https:\/\/yoast.com\/product\/yoast-seo-wordpress\/ -->\n<title>Marketing Trophy: Elf Projekte nominiert - Organisator<\/title>\n<meta name=\"description\" content=\"Nominiert f\u00fcr die Marketing Trophy sind dieses Mal elf Projekte. Die Sieger werden am 7. M\u00e4rz 2017 im Rahmen des Marketing Tags gek\u00fcrt.\" \/>\n<meta name=\"robots\" content=\"index, follow, max-snippet:-1, max-image-preview:large, max-video-preview:-1\" \/>\n<link rel=\"canonical\" href=\"https:\/\/www.organisator.ch\/it\/marketing\/2017-01-13\/marketing-trofeo-autoprogetti-nominati\/\" \/>\n<meta property=\"og:locale\" content=\"it_IT\" \/>\n<meta property=\"og:type\" content=\"article\" \/>\n<meta property=\"og:title\" content=\"Marketing Trophy: Elf Projekte nominiert - Organisator\" \/>\n<meta property=\"og:description\" content=\"Nominiert f\u00fcr die Marketing Trophy sind dieses Mal elf Projekte. Die Sieger werden am 7. M\u00e4rz 2017 im Rahmen des Marketing Tags gek\u00fcrt.\" \/>\n<meta property=\"og:url\" content=\"https:\/\/www.organisator.ch\/it\/marketing\/2017-01-13\/marketing-trofeo-autoprogetti-nominati\/\" \/>\n<meta property=\"og:site_name\" content=\"Organisator\" \/>\n<meta property=\"article:publisher\" content=\"https:\/\/www.facebook.com\/OrganisatorFachmagazin\" \/>\n<meta property=\"article:published_time\" content=\"2017-01-13T07:09:28+00:00\" \/>\n<meta property=\"og:image\" content=\"https:\/\/www.organisator.ch\/wp-content\/uploads\/2017\/01\/Marketing-Trophy-Elf-Projekte-nominiert_Organisator.jpg\" \/>\n\t<meta property=\"og:image:width\" content=\"1250\" \/>\n\t<meta property=\"og:image:height\" content=\"1042\" \/>\n\t<meta property=\"og:image:type\" content=\"image\/jpeg\" \/>\n<meta name=\"author\" content=\"thomas.berner\" \/>\n<meta name=\"twitter:card\" content=\"summary_large_image\" \/>\n<script type=\"application\/ld+json\" class=\"yoast-schema-graph\">{\"@context\":\"https:\\\/\\\/schema.org\",\"@graph\":[{\"@type\":\"Article\",\"@id\":\"https:\\\/\\\/www.organisator.ch\\\/marketing\\\/2017-01-13\\\/marketing-trophy-elf-projekte-nominiert\\\/#article\",\"isPartOf\":{\"@id\":\"https:\\\/\\\/www.organisator.ch\\\/marketing\\\/2017-01-13\\\/marketing-trophy-elf-projekte-nominiert\\\/\"},\"author\":{\"name\":\"thomas.berner\",\"@id\":\"https:\\\/\\\/www.organisator.ch\\\/#\\\/schema\\\/person\\\/6f650f90b2842cd4c0cc334b4e36f67e\"},\"headline\":\"Marketing Trophy: Elf Projekte nominiert\",\"datePublished\":\"2017-01-13T07:09:28+00:00\",\"mainEntityOfPage\":{\"@id\":\"https:\\\/\\\/www.organisator.ch\\\/marketing\\\/2017-01-13\\\/marketing-trophy-elf-projekte-nominiert\\\/\"},\"wordCount\":454,\"commentCount\":0,\"publisher\":{\"@id\":\"https:\\\/\\\/www.organisator.ch\\\/#organization\"},\"image\":{\"@id\":\"https:\\\/\\\/www.organisator.ch\\\/marketing\\\/2017-01-13\\\/marketing-trophy-elf-projekte-nominiert\\\/#primaryimage\"},\"thumbnailUrl\":\"https:\\\/\\\/www.organisator.ch\\\/wp-content\\\/uploads\\\/2017\\\/01\\\/Marketing-Trophy-Elf-Projekte-nominiert_Organisator.jpg\",\"keywords\":[\"Awards\",\"Marketing\",\"Tagungen &amp; Events\",\"Veranstaltungen\"],\"articleSection\":[\"MARKETING\"],\"inLanguage\":\"it-IT\"},{\"@type\":\"WebPage\",\"@id\":\"https:\\\/\\\/www.organisator.ch\\\/marketing\\\/2017-01-13\\\/marketing-trophy-elf-projekte-nominiert\\\/\",\"url\":\"https:\\\/\\\/www.organisator.ch\\\/marketing\\\/2017-01-13\\\/marketing-trophy-elf-projekte-nominiert\\\/\",\"name\":\"Marketing Trophy: Elf Projekte nominiert - Organisator\",\"isPartOf\":{\"@id\":\"https:\\\/\\\/www.organisator.ch\\\/#website\"},\"primaryImageOfPage\":{\"@id\":\"https:\\\/\\\/www.organisator.ch\\\/marketing\\\/2017-01-13\\\/marketing-trophy-elf-projekte-nominiert\\\/#primaryimage\"},\"image\":{\"@id\":\"https:\\\/\\\/www.organisator.ch\\\/marketing\\\/2017-01-13\\\/marketing-trophy-elf-projekte-nominiert\\\/#primaryimage\"},\"thumbnailUrl\":\"https:\\\/\\\/www.organisator.ch\\\/wp-content\\\/uploads\\\/2017\\\/01\\\/Marketing-Trophy-Elf-Projekte-nominiert_Organisator.jpg\",\"datePublished\":\"2017-01-13T07:09:28+00:00\",\"description\":\"Nominiert f\u00fcr die Marketing Trophy sind dieses Mal elf Projekte. Die Sieger werden am 7. M\u00e4rz 2017 im Rahmen des Marketing Tags gek\u00fcrt.\",\"breadcrumb\":{\"@id\":\"https:\\\/\\\/www.organisator.ch\\\/marketing\\\/2017-01-13\\\/marketing-trophy-elf-projekte-nominiert\\\/#breadcrumb\"},\"inLanguage\":\"it-IT\",\"potentialAction\":[{\"@type\":\"ReadAction\",\"target\":[\"https:\\\/\\\/www.organisator.ch\\\/marketing\\\/2017-01-13\\\/marketing-trophy-elf-projekte-nominiert\\\/\"]}]},{\"@type\":\"ImageObject\",\"inLanguage\":\"it-IT\",\"@id\":\"https:\\\/\\\/www.organisator.ch\\\/marketing\\\/2017-01-13\\\/marketing-trophy-elf-projekte-nominiert\\\/#primaryimage\",\"url\":\"https:\\\/\\\/www.organisator.ch\\\/wp-content\\\/uploads\\\/2017\\\/01\\\/Marketing-Trophy-Elf-Projekte-nominiert_Organisator.jpg\",\"contentUrl\":\"https:\\\/\\\/www.organisator.ch\\\/wp-content\\\/uploads\\\/2017\\\/01\\\/Marketing-Trophy-Elf-Projekte-nominiert_Organisator.jpg\",\"width\":1250,\"height\":1042,\"caption\":\"Der diesj\u00e4hrige Marketing Tag mit dem Motto \u00abDer tote Faden \u2013 digital stellt alles auf den Kopf\u00bb folgt einem neuen Konzept.\"},{\"@type\":\"BreadcrumbList\",\"@id\":\"https:\\\/\\\/www.organisator.ch\\\/marketing\\\/2017-01-13\\\/marketing-trophy-elf-projekte-nominiert\\\/#breadcrumb\",\"itemListElement\":[{\"@type\":\"ListItem\",\"position\":1,\"name\":\"Home\",\"item\":\"https:\\\/\\\/www.organisator.ch\\\/\"},{\"@type\":\"ListItem\",\"position\":2,\"name\":\"Marketing Trophy: Elf Projekte nominiert\"}]},{\"@type\":\"WebSite\",\"@id\":\"https:\\\/\\\/www.organisator.ch\\\/#website\",\"url\":\"https:\\\/\\\/www.organisator.ch\\\/\",\"name\":\"Organisator\",\"description\":\"Kompetent. Praxisnah. Der ORGANISATOR bereitet in 10 Ausgaben pro Jahr die wesentlichen Themen f\u00fcr F\u00fchrungskr\u00e4fte von KMU auf.\",\"publisher\":{\"@id\":\"https:\\\/\\\/www.organisator.ch\\\/#organization\"},\"potentialAction\":[{\"@type\":\"SearchAction\",\"target\":{\"@type\":\"EntryPoint\",\"urlTemplate\":\"https:\\\/\\\/www.organisator.ch\\\/?s={search_term_string}\"},\"query-input\":{\"@type\":\"PropertyValueSpecification\",\"valueRequired\":true,\"valueName\":\"search_term_string\"}}],\"inLanguage\":\"it-IT\"},{\"@type\":\"Organization\",\"@id\":\"https:\\\/\\\/www.organisator.ch\\\/#organization\",\"name\":\"Organisator\",\"url\":\"https:\\\/\\\/www.organisator.ch\\\/\",\"logo\":{\"@type\":\"ImageObject\",\"inLanguage\":\"it-IT\",\"@id\":\"https:\\\/\\\/www.organisator.ch\\\/#\\\/schema\\\/logo\\\/image\\\/\",\"url\":\"https:\\\/\\\/www.organisator.ch\\\/wp-content\\\/uploads\\\/2022\\\/01\\\/Logo_Organisator_Website.png\",\"contentUrl\":\"https:\\\/\\\/www.organisator.ch\\\/wp-content\\\/uploads\\\/2022\\\/01\\\/Logo_Organisator_Website.png\",\"width\":800,\"height\":77,\"caption\":\"Organisator\"},\"image\":{\"@id\":\"https:\\\/\\\/www.organisator.ch\\\/#\\\/schema\\\/logo\\\/image\\\/\"},\"sameAs\":[\"https:\\\/\\\/www.facebook.com\\\/OrganisatorFachmagazin\",\"https:\\\/\\\/www.linkedin.com\\\/showcase\\\/organisator-das-magazin-fr-kmu\",\"https:\\\/\\\/www.xing.com\\\/news\\\/pages\\\/organisator-ch-695\",\"https:\\\/\\\/www.youtube.com\\\/channel\\\/UCGP2Sq0iWaZwT3BdIAQFYpw\"]},{\"@type\":\"Person\",\"@id\":\"https:\\\/\\\/www.organisator.ch\\\/#\\\/schema\\\/person\\\/6f650f90b2842cd4c0cc334b4e36f67e\",\"name\":\"thomas.berner\",\"image\":{\"@type\":\"ImageObject\",\"inLanguage\":\"it-IT\",\"@id\":\"https:\\\/\\\/secure.gravatar.com\\\/avatar\\\/ac5001d2a36cb6c6cd3e50789007ffca834b477b74a2144564522e944eabff61?s=96&d=mm&r=g\",\"url\":\"https:\\\/\\\/secure.gravatar.com\\\/avatar\\\/ac5001d2a36cb6c6cd3e50789007ffca834b477b74a2144564522e944eabff61?s=96&d=mm&r=g\",\"contentUrl\":\"https:\\\/\\\/secure.gravatar.com\\\/avatar\\\/ac5001d2a36cb6c6cd3e50789007ffca834b477b74a2144564522e944eabff61?s=96&d=mm&r=g\",\"caption\":\"thomas.berner\"},\"url\":\"https:\\\/\\\/www.organisator.ch\\\/it\\\/author\\\/thomas-berner\\\/\"}]}<\/script>\n<!-- \/ Yoast SEO plugin. -->","yoast_head_json":{"title":"Trofeo Marketing: undici progetti nominati - Organizzatore","description":"Questa volta sono undici i progetti candidati al Trofeo Marketing. I vincitori saranno annunciati il 7 marzo 2017 durante il Marketing Day.","robots":{"index":"index","follow":"follow","max-snippet":"max-snippet:-1","max-image-preview":"max-image-preview:large","max-video-preview":"max-video-preview:-1"},"canonical":"https:\/\/www.organisator.ch\/it\/marketing\/2017-01-13\/marketing-trofeo-autoprogetti-nominati\/","og_locale":"it_IT","og_type":"article","og_title":"Marketing Trophy: Elf Projekte nominiert - Organisator","og_description":"Nominiert f\u00fcr die Marketing Trophy sind dieses Mal elf Projekte. Die Sieger werden am 7. M\u00e4rz 2017 im Rahmen des Marketing Tags gek\u00fcrt.","og_url":"https:\/\/www.organisator.ch\/it\/marketing\/2017-01-13\/marketing-trofeo-autoprogetti-nominati\/","og_site_name":"Organisator","article_publisher":"https:\/\/www.facebook.com\/OrganisatorFachmagazin","article_published_time":"2017-01-13T07:09:28+00:00","og_image":[{"width":1250,"height":1042,"url":"https:\/\/www.organisator.ch\/wp-content\/uploads\/2017\/01\/Marketing-Trophy-Elf-Projekte-nominiert_Organisator.jpg","type":"image\/jpeg"}],"author":"thomas.berner","twitter_card":"summary_large_image","schema":{"@context":"https:\/\/schema.org","@graph":[{"@type":"Article","@id":"https:\/\/www.organisator.ch\/marketing\/2017-01-13\/marketing-trophy-elf-projekte-nominiert\/#article","isPartOf":{"@id":"https:\/\/www.organisator.ch\/marketing\/2017-01-13\/marketing-trophy-elf-projekte-nominiert\/"},"author":{"name":"thomas.berner","@id":"https:\/\/www.organisator.ch\/#\/schema\/person\/6f650f90b2842cd4c0cc334b4e36f67e"},"headline":"Marketing Trophy: Elf Projekte nominiert","datePublished":"2017-01-13T07:09:28+00:00","mainEntityOfPage":{"@id":"https:\/\/www.organisator.ch\/marketing\/2017-01-13\/marketing-trophy-elf-projekte-nominiert\/"},"wordCount":454,"commentCount":0,"publisher":{"@id":"https:\/\/www.organisator.ch\/#organization"},"image":{"@id":"https:\/\/www.organisator.ch\/marketing\/2017-01-13\/marketing-trophy-elf-projekte-nominiert\/#primaryimage"},"thumbnailUrl":"https:\/\/www.organisator.ch\/wp-content\/uploads\/2017\/01\/Marketing-Trophy-Elf-Projekte-nominiert_Organisator.jpg","keywords":["Awards","Marketing","Tagungen &amp; Events","Veranstaltungen"],"articleSection":["MARKETING"],"inLanguage":"it-IT"},{"@type":"WebPage","@id":"https:\/\/www.organisator.ch\/marketing\/2017-01-13\/marketing-trophy-elf-projekte-nominiert\/","url":"https:\/\/www.organisator.ch\/marketing\/2017-01-13\/marketing-trophy-elf-projekte-nominiert\/","name":"Trofeo Marketing: undici progetti nominati - Organizzatore","isPartOf":{"@id":"https:\/\/www.organisator.ch\/#website"},"primaryImageOfPage":{"@id":"https:\/\/www.organisator.ch\/marketing\/2017-01-13\/marketing-trophy-elf-projekte-nominiert\/#primaryimage"},"image":{"@id":"https:\/\/www.organisator.ch\/marketing\/2017-01-13\/marketing-trophy-elf-projekte-nominiert\/#primaryimage"},"thumbnailUrl":"https:\/\/www.organisator.ch\/wp-content\/uploads\/2017\/01\/Marketing-Trophy-Elf-Projekte-nominiert_Organisator.jpg","datePublished":"2017-01-13T07:09:28+00:00","description":"Questa volta sono undici i progetti candidati al Trofeo Marketing. I vincitori saranno annunciati il 7 marzo 2017 durante il Marketing Day.","breadcrumb":{"@id":"https:\/\/www.organisator.ch\/marketing\/2017-01-13\/marketing-trophy-elf-projekte-nominiert\/#breadcrumb"},"inLanguage":"it-IT","potentialAction":[{"@type":"ReadAction","target":["https:\/\/www.organisator.ch\/marketing\/2017-01-13\/marketing-trophy-elf-projekte-nominiert\/"]}]},{"@type":"ImageObject","inLanguage":"it-IT","@id":"https:\/\/www.organisator.ch\/marketing\/2017-01-13\/marketing-trophy-elf-projekte-nominiert\/#primaryimage","url":"https:\/\/www.organisator.ch\/wp-content\/uploads\/2017\/01\/Marketing-Trophy-Elf-Projekte-nominiert_Organisator.jpg","contentUrl":"https:\/\/www.organisator.ch\/wp-content\/uploads\/2017\/01\/Marketing-Trophy-Elf-Projekte-nominiert_Organisator.jpg","width":1250,"height":1042,"caption":"Der diesj\u00e4hrige Marketing Tag mit dem Motto \u00abDer tote Faden \u2013 digital stellt alles auf den Kopf\u00bb folgt einem neuen Konzept."},{"@type":"BreadcrumbList","@id":"https:\/\/www.organisator.ch\/marketing\/2017-01-13\/marketing-trophy-elf-projekte-nominiert\/#breadcrumb","itemListElement":[{"@type":"ListItem","position":1,"name":"Home","item":"https:\/\/www.organisator.ch\/"},{"@type":"ListItem","position":2,"name":"Marketing Trophy: Elf Projekte nominiert"}]},{"@type":"WebSite","@id":"https:\/\/www.organisator.ch\/#website","url":"https:\/\/www.organisator.ch\/","name":"Organizzatore","description":"Competente. Pratico. In 10 numeri all'anno, ORGANISATOR presenta i temi essenziali per i manager delle PMI.","publisher":{"@id":"https:\/\/www.organisator.ch\/#organization"},"potentialAction":[{"@type":"SearchAction","target":{"@type":"EntryPoint","urlTemplate":"https:\/\/www.organisator.ch\/?s={search_term_string}"},"query-input":{"@type":"PropertyValueSpecification","valueRequired":true,"valueName":"search_term_string"}}],"inLanguage":"it-IT"},{"@type":"Organization","@id":"https:\/\/www.organisator.ch\/#organization","name":"Organizzatore","url":"https:\/\/www.organisator.ch\/","logo":{"@type":"ImageObject","inLanguage":"it-IT","@id":"https:\/\/www.organisator.ch\/#\/schema\/logo\/image\/","url":"https:\/\/www.organisator.ch\/wp-content\/uploads\/2022\/01\/Logo_Organisator_Website.png","contentUrl":"https:\/\/www.organisator.ch\/wp-content\/uploads\/2022\/01\/Logo_Organisator_Website.png","width":800,"height":77,"caption":"Organisator"},"image":{"@id":"https:\/\/www.organisator.ch\/#\/schema\/logo\/image\/"},"sameAs":["https:\/\/www.facebook.com\/OrganisatorFachmagazin","https:\/\/www.linkedin.com\/showcase\/organisator-das-magazin-fr-kmu","https:\/\/www.xing.com\/news\/pages\/organisator-ch-695","https:\/\/www.youtube.com\/channel\/UCGP2Sq0iWaZwT3BdIAQFYpw"]},{"@type":"Person","@id":"https:\/\/www.organisator.ch\/#\/schema\/person\/6f650f90b2842cd4c0cc334b4e36f67e","name":"Tommaso.berner","image":{"@type":"ImageObject","inLanguage":"it-IT","@id":"https:\/\/secure.gravatar.com\/avatar\/ac5001d2a36cb6c6cd3e50789007ffca834b477b74a2144564522e944eabff61?s=96&d=mm&r=g","url":"https:\/\/secure.gravatar.com\/avatar\/ac5001d2a36cb6c6cd3e50789007ffca834b477b74a2144564522e944eabff61?s=96&d=mm&r=g","contentUrl":"https:\/\/secure.gravatar.com\/avatar\/ac5001d2a36cb6c6cd3e50789007ffca834b477b74a2144564522e944eabff61?s=96&d=mm&r=g","caption":"thomas.berner"},"url":"https:\/\/www.organisator.ch\/it\/author\/thomas-berner\/"}]}},"_links":{"self":[{"href":"https:\/\/www.organisator.ch\/it\/wp-json\/wp\/v2\/posts\/1359","targetHints":{"allow":["GET"]}}],"collection":[{"href":"https:\/\/www.organisator.ch\/it\/wp-json\/wp\/v2\/posts"}],"about":[{"href":"https:\/\/www.organisator.ch\/it\/wp-json\/wp\/v2\/types\/post"}],"author":[{"embeddable":true,"href":"https:\/\/www.organisator.ch\/it\/wp-json\/wp\/v2\/users\/4"}],"replies":[{"embeddable":true,"href":"https:\/\/www.organisator.ch\/it\/wp-json\/wp\/v2\/comments?post=1359"}],"version-history":[{"count":0,"href":"https:\/\/www.organisator.ch\/it\/wp-json\/wp\/v2\/posts\/1359\/revisions"}],"wp:featuredmedia":[{"embeddable":true,"href":"https:\/\/www.organisator.ch\/it\/wp-json\/wp\/v2\/media\/1361"}],"wp:attachment":[{"href":"https:\/\/www.organisator.ch\/it\/wp-json\/wp\/v2\/media?parent=1359"}],"wp:term":[{"taxonomy":"category","embeddable":true,"href":"https:\/\/www.organisator.ch\/it\/wp-json\/wp\/v2\/categories?post=1359"},{"taxonomy":"post_tag","embeddable":true,"href":"https:\/\/www.organisator.ch\/it\/wp-json\/wp\/v2\/tags?post=1359"}],"curies":[{"name":"wp","href":"https:\/\/api.w.org\/{rel}","templated":true}]}}