{"id":13699,"date":"2022-06-07T11:32:20","date_gmt":"2022-06-07T09:32:20","guid":{"rendered":"https:\/\/www.organisator.ch\/?p=13699"},"modified":"2022-06-07T11:32:20","modified_gmt":"2022-06-07T09:32:20","slug":"arbeitnehmende-verlangen-ortsunabhaengiges-arbeiten","status":"publish","type":"post","link":"https:\/\/www.organisator.ch\/it\/human-resources\/2022-06-07\/arbeitnehmende-verlangen-ortsunabhaengiges-arbeiten\/","title":{"rendered":"I dipendenti chiedono un lavoro indipendente dal luogo di lavoro"},"content":{"rendered":"<figure id=\"attachment_13700\" aria-describedby=\"caption-attachment-13700\" style=\"width: 680px\" class=\"wp-caption alignnone\"><img loading=\"lazy\" decoding=\"async\" class=\"size-full wp-image-13700\" src=\"https:\/\/www.organisator.ch\/wp-content\/uploads\/2022\/06\/Arbeitnehmende-verlangen-ortsunabhaengiges-Arbeiten_Organisator.jpg\" alt=\"\" width=\"680\" height=\"497\" srcset=\"https:\/\/www.organisator.ch\/wp-content\/uploads\/2022\/06\/Arbeitnehmende-verlangen-ortsunabhaengiges-Arbeiten_Organisator.jpg 680w, https:\/\/www.organisator.ch\/wp-content\/uploads\/2022\/06\/Arbeitnehmende-verlangen-ortsunabhaengiges-Arbeiten_Organisator-16x12.jpg 16w, https:\/\/www.organisator.ch\/wp-content\/uploads\/2022\/06\/Arbeitnehmende-verlangen-ortsunabhaengiges-Arbeiten_Organisator-239x175.jpg 239w, https:\/\/www.organisator.ch\/wp-content\/uploads\/2022\/06\/Arbeitnehmende-verlangen-ortsunabhaengiges-Arbeiten_Organisator-479x350.jpg 479w, https:\/\/www.organisator.ch\/wp-content\/uploads\/2022\/06\/Arbeitnehmende-verlangen-ortsunabhaengiges-Arbeiten_Organisator-300x219.jpg 300w\" sizes=\"auto, (max-width: 680px) 100vw, 680px\" \/><figcaption id=\"caption-attachment-13700\" class=\"wp-caption-text\">Nicolas K\u00e4mpfen, Manuele Fumagalli e Mira Ebinger di Workspace2go hanno costruito una piattaforma che offre opportunit\u00e0 di lavoro indipendenti dalla sede. (Immagine: zVg \/ Workplace2go)<\/figcaption><\/figure>\n<p>Il nuovo lavoro \u00e8 arrivato in Svizzera e il modello nine-to-five con presenza in ufficio ha fatto il suo tempo. Il desiderio dei dipendenti di maggiore flessibilit\u00e0 e di conciliazione vita-lavoro \u00e8 in costante aumento e pone le aziende di fronte a nuove sfide, come lo spazio vuoto negli uffici e la perdita di efficienza e creativit\u00e0 a causa di team decentrati e isolati. Finora la domanda \"lavorare in ufficio o a casa?\" \u00e8 sempre stata in primo piano. Raramente viene presa in considerazione un'offerta di sale riunioni esterne prenotabili in modo flessibile per accorciare le distanze e stimolare la creativit\u00e0. \u00c8 proprio qui che entra in gioco Workspace2go, che vuole semplificare il lavoro indipendente dalla sede con una nuova offerta di servizi.<\/p>\n<h3><strong>Posti di lavoro flessibili, variegati e facilmente prenotabili<\/strong><\/h3>\n<p>La start-up svizzera Workspace2go offre alle aziende un modo semplice e trasparente per affittare il proprio spazio inutilizzato a ore o a giorni a freelance o a dipendenti di altre aziende che cercano una sala riunioni o uno spazio di lavoro esterno, anche se hanno un proprio ufficio. Ad esempio, i dipendenti sul campo possono prenotare spontaneamente una sala riunioni nella stazione ferroviaria principale di Zurigo per una chiamata imminente prima di salire sul treno successivo, oppure combinare un workshop creativo con i colleghi con un incontro con i clienti in un bellissimo ufficio di un palazzo antico a Lucerna. I liberi professionisti, invece, hanno la possibilit\u00e0 di affittare uno spazio in modo flessibile e secondo le proprie esigenze nella sede desiderata.<\/p>\n<p>L'azienda, fondata nel 2016 da Manuele Fumagalli, \u00e8 oggi \"Airbnb per gli uffici\". La piattaforma per il lavoro indipendente dalla sede \u00e8, secondo le sue stesse informazioni, il primo punto di contatto in Svizzera per affittare e locare locali commerciali in tutta la Svizzera in modo rapido e semplice, a ore o a giorni. Le aziende possono ora sottoscrivere un account aziendale, in modo che i dipendenti possano affittare stanze esterne secondo le necessit\u00e0 e fatturare comodamente tramite l'azienda.<\/p>\n<h3><strong>Trasformare gli uffici sfitti in capitale<\/strong><\/h3>\n<p>\"La necessit\u00e0 di spazi affittati all'esterno \u00e8 attualmente in aumento, come abbiamo notato sulla nostra piattaforma. Da un lato, il nostro portafoglio \u00e8 in costante crescita: pi\u00f9 di 500 aziende offrono oggi in affitto i loro locali sfitti. D'altra parte, la domanda \u00e8 alta: centinaia di aziende utilizzano l'offerta dei nostri clienti ogni mese\", afferma Manuele Fumagalli. Uno dei motivi \u00e8 il desiderio di creativit\u00e0 e motivazione che un cambiamento di scenario porta con s\u00e9, oltre alla possibilit\u00e0 di pianificare la propria vita quotidiana in modo pi\u00f9 efficiente e in base alla posizione. Anche per le aziende, gli spazi liberi e inutilizzati per uffici e riunioni, le sale riunioni e le postazioni di lavoro tornano improvvisamente a essere redditizi. \"Le aziende possono sfruttare gli spazi liberi e soddisfare le esigenze del nostro mondo del lavoro moderno\", afferma Manuele Fumagalli.<\/p>\n<p><em>Fonte e ulteriori informazioni: <a href=\"http:\/\/www.workspace2go.com\">www.workspace2go.com<\/a><\/em><\/p>","protected":false},"excerpt":{"rendered":"<p>New Work ist in der Schweiz angekommen und das Nine-to-Five-Modell mit B\u00fcropr\u00e4senz hat ausgedient. Das Verlangen von Arbeitnehmenden nach mehr Flexibilit\u00e4t und Work-Life-Blending nimmt stetig zu und stellt Unternehmen vor neue Herausforderungen wie leerstehende B\u00fcror\u00e4umlichkeiten und der Verlust von Effizienz und Kreativit\u00e4t durch dezentrale und abgeschottete Teams. Bislang stand stets die Frage \u201cArbeiten im B\u00fcro [&hellip;]<\/p>\n","protected":false},"author":4,"featured_media":13700,"comment_status":"closed","ping_status":"closed","sticky":false,"template":"","format":"standard","meta":{"_acf_changed":false,"_yoast_wpseo_focuskw":"ortsunabh\u00e4ngiges Arbeiten","_yoast_wpseo_metadesc":"Ortsunabh\u00e4ngiges Arbeiten r\u00fcckt weiter in den Fokus. Die Plattform Workspace2go bietet gem\u00e4ss Motto \u201cWeder Home noch Office\u201d Flexibilit\u00e4t.","articlekey":"","footnotes":""},"categories":[579],"tags":[254,363,393],"class_list":["post-13699","post","type-post","status-publish","format-standard","has-post-thumbnail","hentry","category-human-resources","tag-hrm","tag-new-work","tag-produkte"],"acf":[],"yoast_head":"<!-- This site is optimized with the Yoast SEO plugin v27.5 - https:\/\/yoast.com\/product\/yoast-seo-wordpress\/ -->\n<title>Arbeitnehmende verlangen ortsunabh\u00e4ngiges Arbeiten - Organisator<\/title>\n<meta name=\"description\" content=\"Ortsunabh\u00e4ngiges Arbeiten r\u00fcckt weiter in den Fokus. Die Plattform Workspace2go bietet gem\u00e4ss Motto \u201cWeder Home noch Office\u201d Flexibilit\u00e4t.\" \/>\n<meta name=\"robots\" content=\"index, follow, max-snippet:-1, max-image-preview:large, max-video-preview:-1\" \/>\n<link rel=\"canonical\" href=\"https:\/\/www.organisator.ch\/it\/risorse-umane\/2022-06-07\/arbeitnehmende-verlangen-ortsunabhaengiges-arbeiten\/\" \/>\n<meta property=\"og:locale\" content=\"it_IT\" \/>\n<meta property=\"og:type\" content=\"article\" \/>\n<meta property=\"og:title\" content=\"Arbeitnehmende verlangen ortsunabh\u00e4ngiges Arbeiten\" \/>\n<meta property=\"og:description\" content=\"Ortsunabh\u00e4ngiges Arbeiten r\u00fcckt weiter in den Fokus. Die Plattform Workspace2go bietet gem\u00e4ss Motto \u201cWeder Home noch Office\u201d Flexibilit\u00e4t.\" \/>\n<meta property=\"og:url\" content=\"https:\/\/www.organisator.ch\/it\/risorse-umane\/2022-06-07\/arbeitnehmende-verlangen-ortsunabhaengiges-arbeiten\/\" \/>\n<meta property=\"og:site_name\" content=\"Organisator\" \/>\n<meta property=\"article:publisher\" content=\"https:\/\/www.facebook.com\/OrganisatorFachmagazin\" \/>\n<meta property=\"article:published_time\" content=\"2022-06-07T09:32:20+00:00\" \/>\n<meta property=\"og:image\" content=\"https:\/\/www.organisator.ch\/wp-content\/uploads\/2022\/06\/Arbeitnehmende-verlangen-ortsunabhaengiges-Arbeiten_Organisator.jpg\" \/>\n\t<meta property=\"og:image:width\" content=\"680\" \/>\n\t<meta property=\"og:image:height\" content=\"497\" \/>\n\t<meta property=\"og:image:type\" content=\"image\/jpeg\" \/>\n<meta name=\"author\" content=\"thomas.berner\" \/>\n<meta name=\"twitter:card\" content=\"summary_large_image\" \/>\n<meta name=\"twitter:title\" content=\"#Arbeitnehmende verlangen ortsunabh\u00e4ngiges #Arbeiten\" \/>\n<meta name=\"twitter:description\" content=\"#Ortsunabh\u00e4ngiges Arbeiten r\u00fcckt weiter in den Fokus. Die Plattform #Workspace2go bietet gem\u00e4ss Motto \u201cWeder Home noch Office\u201d Flexibilit\u00e4t.\" \/>\n<meta name=\"twitter:image\" content=\"https:\/\/www.organisator.ch\/wp-content\/uploads\/2022\/06\/Arbeitnehmende-verlangen-ortsunabhaengiges-Arbeiten_Organisator.jpg\" \/>\n<script type=\"application\/ld+json\" class=\"yoast-schema-graph\">{\"@context\":\"https:\\\/\\\/schema.org\",\"@graph\":[{\"@type\":\"Article\",\"@id\":\"https:\\\/\\\/www.organisator.ch\\\/human-resources\\\/2022-06-07\\\/arbeitnehmende-verlangen-ortsunabhaengiges-arbeiten\\\/#article\",\"isPartOf\":{\"@id\":\"https:\\\/\\\/www.organisator.ch\\\/human-resources\\\/2022-06-07\\\/arbeitnehmende-verlangen-ortsunabhaengiges-arbeiten\\\/\"},\"author\":{\"name\":\"thomas.berner\",\"@id\":\"https:\\\/\\\/www.organisator.ch\\\/#\\\/schema\\\/person\\\/6f650f90b2842cd4c0cc334b4e36f67e\"},\"headline\":\"Arbeitnehmende verlangen ortsunabh\u00e4ngiges Arbeiten\",\"datePublished\":\"2022-06-07T09:32:20+00:00\",\"mainEntityOfPage\":{\"@id\":\"https:\\\/\\\/www.organisator.ch\\\/human-resources\\\/2022-06-07\\\/arbeitnehmende-verlangen-ortsunabhaengiges-arbeiten\\\/\"},\"wordCount\":472,\"publisher\":{\"@id\":\"https:\\\/\\\/www.organisator.ch\\\/#organization\"},\"image\":{\"@id\":\"https:\\\/\\\/www.organisator.ch\\\/human-resources\\\/2022-06-07\\\/arbeitnehmende-verlangen-ortsunabhaengiges-arbeiten\\\/#primaryimage\"},\"thumbnailUrl\":\"https:\\\/\\\/www.organisator.ch\\\/wp-content\\\/uploads\\\/2022\\\/06\\\/Arbeitnehmende-verlangen-ortsunabhaengiges-Arbeiten_Organisator.jpg\",\"keywords\":[\"HRM\",\"New Work\",\"Produkte\"],\"articleSection\":[\"HUMAN RESOURCES\"],\"inLanguage\":\"it-IT\"},{\"@type\":\"WebPage\",\"@id\":\"https:\\\/\\\/www.organisator.ch\\\/human-resources\\\/2022-06-07\\\/arbeitnehmende-verlangen-ortsunabhaengiges-arbeiten\\\/\",\"url\":\"https:\\\/\\\/www.organisator.ch\\\/human-resources\\\/2022-06-07\\\/arbeitnehmende-verlangen-ortsunabhaengiges-arbeiten\\\/\",\"name\":\"Arbeitnehmende verlangen ortsunabh\u00e4ngiges Arbeiten - Organisator\",\"isPartOf\":{\"@id\":\"https:\\\/\\\/www.organisator.ch\\\/#website\"},\"primaryImageOfPage\":{\"@id\":\"https:\\\/\\\/www.organisator.ch\\\/human-resources\\\/2022-06-07\\\/arbeitnehmende-verlangen-ortsunabhaengiges-arbeiten\\\/#primaryimage\"},\"image\":{\"@id\":\"https:\\\/\\\/www.organisator.ch\\\/human-resources\\\/2022-06-07\\\/arbeitnehmende-verlangen-ortsunabhaengiges-arbeiten\\\/#primaryimage\"},\"thumbnailUrl\":\"https:\\\/\\\/www.organisator.ch\\\/wp-content\\\/uploads\\\/2022\\\/06\\\/Arbeitnehmende-verlangen-ortsunabhaengiges-Arbeiten_Organisator.jpg\",\"datePublished\":\"2022-06-07T09:32:20+00:00\",\"description\":\"Ortsunabh\u00e4ngiges Arbeiten r\u00fcckt weiter in den Fokus. Die Plattform Workspace2go bietet gem\u00e4ss Motto \u201cWeder Home noch Office\u201d Flexibilit\u00e4t.\",\"breadcrumb\":{\"@id\":\"https:\\\/\\\/www.organisator.ch\\\/human-resources\\\/2022-06-07\\\/arbeitnehmende-verlangen-ortsunabhaengiges-arbeiten\\\/#breadcrumb\"},\"inLanguage\":\"it-IT\",\"potentialAction\":[{\"@type\":\"ReadAction\",\"target\":[\"https:\\\/\\\/www.organisator.ch\\\/human-resources\\\/2022-06-07\\\/arbeitnehmende-verlangen-ortsunabhaengiges-arbeiten\\\/\"]}]},{\"@type\":\"ImageObject\",\"inLanguage\":\"it-IT\",\"@id\":\"https:\\\/\\\/www.organisator.ch\\\/human-resources\\\/2022-06-07\\\/arbeitnehmende-verlangen-ortsunabhaengiges-arbeiten\\\/#primaryimage\",\"url\":\"https:\\\/\\\/www.organisator.ch\\\/wp-content\\\/uploads\\\/2022\\\/06\\\/Arbeitnehmende-verlangen-ortsunabhaengiges-Arbeiten_Organisator.jpg\",\"contentUrl\":\"https:\\\/\\\/www.organisator.ch\\\/wp-content\\\/uploads\\\/2022\\\/06\\\/Arbeitnehmende-verlangen-ortsunabhaengiges-Arbeiten_Organisator.jpg\",\"width\":680,\"height\":497,\"caption\":\"Nicolas K\u00e4mpfen, Manuele Fumagalli und Mira Ebinger von Workspace2go haben eine Plattform aufgebaut, die M\u00f6glichkeiten f\u00fcr ortsunabh\u00e4ngiges Arbeiten vermittelt. (Bild: zVg \\\/ workplace2go)\"},{\"@type\":\"BreadcrumbList\",\"@id\":\"https:\\\/\\\/www.organisator.ch\\\/human-resources\\\/2022-06-07\\\/arbeitnehmende-verlangen-ortsunabhaengiges-arbeiten\\\/#breadcrumb\",\"itemListElement\":[{\"@type\":\"ListItem\",\"position\":1,\"name\":\"Home\",\"item\":\"https:\\\/\\\/www.organisator.ch\\\/\"},{\"@type\":\"ListItem\",\"position\":2,\"name\":\"Arbeitnehmende verlangen ortsunabh\u00e4ngiges Arbeiten\"}]},{\"@type\":\"WebSite\",\"@id\":\"https:\\\/\\\/www.organisator.ch\\\/#website\",\"url\":\"https:\\\/\\\/www.organisator.ch\\\/\",\"name\":\"Organisator\",\"description\":\"Kompetent. Praxisnah. Der ORGANISATOR bereitet in 10 Ausgaben pro Jahr die wesentlichen Themen f\u00fcr F\u00fchrungskr\u00e4fte von KMU auf.\",\"publisher\":{\"@id\":\"https:\\\/\\\/www.organisator.ch\\\/#organization\"},\"potentialAction\":[{\"@type\":\"SearchAction\",\"target\":{\"@type\":\"EntryPoint\",\"urlTemplate\":\"https:\\\/\\\/www.organisator.ch\\\/?s={search_term_string}\"},\"query-input\":{\"@type\":\"PropertyValueSpecification\",\"valueRequired\":true,\"valueName\":\"search_term_string\"}}],\"inLanguage\":\"it-IT\"},{\"@type\":\"Organization\",\"@id\":\"https:\\\/\\\/www.organisator.ch\\\/#organization\",\"name\":\"Organisator\",\"url\":\"https:\\\/\\\/www.organisator.ch\\\/\",\"logo\":{\"@type\":\"ImageObject\",\"inLanguage\":\"it-IT\",\"@id\":\"https:\\\/\\\/www.organisator.ch\\\/#\\\/schema\\\/logo\\\/image\\\/\",\"url\":\"https:\\\/\\\/www.organisator.ch\\\/wp-content\\\/uploads\\\/2022\\\/01\\\/Logo_Organisator_Website.png\",\"contentUrl\":\"https:\\\/\\\/www.organisator.ch\\\/wp-content\\\/uploads\\\/2022\\\/01\\\/Logo_Organisator_Website.png\",\"width\":800,\"height\":77,\"caption\":\"Organisator\"},\"image\":{\"@id\":\"https:\\\/\\\/www.organisator.ch\\\/#\\\/schema\\\/logo\\\/image\\\/\"},\"sameAs\":[\"https:\\\/\\\/www.facebook.com\\\/OrganisatorFachmagazin\",\"https:\\\/\\\/www.linkedin.com\\\/showcase\\\/organisator-das-magazin-fr-kmu\",\"https:\\\/\\\/www.xing.com\\\/news\\\/pages\\\/organisator-ch-695\",\"https:\\\/\\\/www.youtube.com\\\/channel\\\/UCGP2Sq0iWaZwT3BdIAQFYpw\"]},{\"@type\":\"Person\",\"@id\":\"https:\\\/\\\/www.organisator.ch\\\/#\\\/schema\\\/person\\\/6f650f90b2842cd4c0cc334b4e36f67e\",\"name\":\"thomas.berner\",\"image\":{\"@type\":\"ImageObject\",\"inLanguage\":\"it-IT\",\"@id\":\"https:\\\/\\\/secure.gravatar.com\\\/avatar\\\/ac5001d2a36cb6c6cd3e50789007ffca834b477b74a2144564522e944eabff61?s=96&d=mm&r=g\",\"url\":\"https:\\\/\\\/secure.gravatar.com\\\/avatar\\\/ac5001d2a36cb6c6cd3e50789007ffca834b477b74a2144564522e944eabff61?s=96&d=mm&r=g\",\"contentUrl\":\"https:\\\/\\\/secure.gravatar.com\\\/avatar\\\/ac5001d2a36cb6c6cd3e50789007ffca834b477b74a2144564522e944eabff61?s=96&d=mm&r=g\",\"caption\":\"thomas.berner\"},\"url\":\"https:\\\/\\\/www.organisator.ch\\\/it\\\/author\\\/thomas-berner\\\/\"}]}<\/script>\n<!-- \/ Yoast SEO plugin. -->","yoast_head_json":{"title":"I dipendenti chiedono un lavoro indipendente dalla sede - Organiser","description":"Il lavoro indipendente dalla sede sta diventando sempre pi\u00f9 importante. La piattaforma Workspace2go offre flessibilit\u00e0 secondo il motto \"n\u00e9 casa n\u00e9 ufficio\".","robots":{"index":"index","follow":"follow","max-snippet":"max-snippet:-1","max-image-preview":"max-image-preview:large","max-video-preview":"max-video-preview:-1"},"canonical":"https:\/\/www.organisator.ch\/it\/risorse-umane\/2022-06-07\/arbeitnehmende-verlangen-ortsunabhaengiges-arbeiten\/","og_locale":"it_IT","og_type":"article","og_title":"Arbeitnehmende verlangen ortsunabh\u00e4ngiges Arbeiten","og_description":"Ortsunabh\u00e4ngiges Arbeiten r\u00fcckt weiter in den Fokus. Die Plattform Workspace2go bietet gem\u00e4ss Motto \u201cWeder Home noch Office\u201d Flexibilit\u00e4t.","og_url":"https:\/\/www.organisator.ch\/it\/risorse-umane\/2022-06-07\/arbeitnehmende-verlangen-ortsunabhaengiges-arbeiten\/","og_site_name":"Organisator","article_publisher":"https:\/\/www.facebook.com\/OrganisatorFachmagazin","article_published_time":"2022-06-07T09:32:20+00:00","og_image":[{"width":680,"height":497,"url":"https:\/\/www.organisator.ch\/wp-content\/uploads\/2022\/06\/Arbeitnehmende-verlangen-ortsunabhaengiges-Arbeiten_Organisator.jpg","type":"image\/jpeg"}],"author":"thomas.berner","twitter_card":"summary_large_image","twitter_title":"#Arbeitnehmende verlangen ortsunabh\u00e4ngiges #Arbeiten","twitter_description":"#Ortsunabh\u00e4ngiges Arbeiten r\u00fcckt weiter in den Fokus. Die Plattform #Workspace2go bietet gem\u00e4ss Motto \u201cWeder Home noch Office\u201d Flexibilit\u00e4t.","twitter_image":"https:\/\/www.organisator.ch\/wp-content\/uploads\/2022\/06\/Arbeitnehmende-verlangen-ortsunabhaengiges-Arbeiten_Organisator.jpg","schema":{"@context":"https:\/\/schema.org","@graph":[{"@type":"Article","@id":"https:\/\/www.organisator.ch\/human-resources\/2022-06-07\/arbeitnehmende-verlangen-ortsunabhaengiges-arbeiten\/#article","isPartOf":{"@id":"https:\/\/www.organisator.ch\/human-resources\/2022-06-07\/arbeitnehmende-verlangen-ortsunabhaengiges-arbeiten\/"},"author":{"name":"thomas.berner","@id":"https:\/\/www.organisator.ch\/#\/schema\/person\/6f650f90b2842cd4c0cc334b4e36f67e"},"headline":"Arbeitnehmende verlangen ortsunabh\u00e4ngiges Arbeiten","datePublished":"2022-06-07T09:32:20+00:00","mainEntityOfPage":{"@id":"https:\/\/www.organisator.ch\/human-resources\/2022-06-07\/arbeitnehmende-verlangen-ortsunabhaengiges-arbeiten\/"},"wordCount":472,"publisher":{"@id":"https:\/\/www.organisator.ch\/#organization"},"image":{"@id":"https:\/\/www.organisator.ch\/human-resources\/2022-06-07\/arbeitnehmende-verlangen-ortsunabhaengiges-arbeiten\/#primaryimage"},"thumbnailUrl":"https:\/\/www.organisator.ch\/wp-content\/uploads\/2022\/06\/Arbeitnehmende-verlangen-ortsunabhaengiges-Arbeiten_Organisator.jpg","keywords":["HRM","New Work","Produkte"],"articleSection":["HUMAN RESOURCES"],"inLanguage":"it-IT"},{"@type":"WebPage","@id":"https:\/\/www.organisator.ch\/human-resources\/2022-06-07\/arbeitnehmende-verlangen-ortsunabhaengiges-arbeiten\/","url":"https:\/\/www.organisator.ch\/human-resources\/2022-06-07\/arbeitnehmende-verlangen-ortsunabhaengiges-arbeiten\/","name":"I dipendenti chiedono un lavoro indipendente dalla sede - Organiser","isPartOf":{"@id":"https:\/\/www.organisator.ch\/#website"},"primaryImageOfPage":{"@id":"https:\/\/www.organisator.ch\/human-resources\/2022-06-07\/arbeitnehmende-verlangen-ortsunabhaengiges-arbeiten\/#primaryimage"},"image":{"@id":"https:\/\/www.organisator.ch\/human-resources\/2022-06-07\/arbeitnehmende-verlangen-ortsunabhaengiges-arbeiten\/#primaryimage"},"thumbnailUrl":"https:\/\/www.organisator.ch\/wp-content\/uploads\/2022\/06\/Arbeitnehmende-verlangen-ortsunabhaengiges-Arbeiten_Organisator.jpg","datePublished":"2022-06-07T09:32:20+00:00","description":"Il lavoro indipendente dalla sede sta diventando sempre pi\u00f9 importante. La piattaforma Workspace2go offre flessibilit\u00e0 secondo il motto \"n\u00e9 casa n\u00e9 ufficio\".","breadcrumb":{"@id":"https:\/\/www.organisator.ch\/human-resources\/2022-06-07\/arbeitnehmende-verlangen-ortsunabhaengiges-arbeiten\/#breadcrumb"},"inLanguage":"it-IT","potentialAction":[{"@type":"ReadAction","target":["https:\/\/www.organisator.ch\/human-resources\/2022-06-07\/arbeitnehmende-verlangen-ortsunabhaengiges-arbeiten\/"]}]},{"@type":"ImageObject","inLanguage":"it-IT","@id":"https:\/\/www.organisator.ch\/human-resources\/2022-06-07\/arbeitnehmende-verlangen-ortsunabhaengiges-arbeiten\/#primaryimage","url":"https:\/\/www.organisator.ch\/wp-content\/uploads\/2022\/06\/Arbeitnehmende-verlangen-ortsunabhaengiges-Arbeiten_Organisator.jpg","contentUrl":"https:\/\/www.organisator.ch\/wp-content\/uploads\/2022\/06\/Arbeitnehmende-verlangen-ortsunabhaengiges-Arbeiten_Organisator.jpg","width":680,"height":497,"caption":"Nicolas K\u00e4mpfen, Manuele Fumagalli und Mira Ebinger von Workspace2go haben eine Plattform aufgebaut, die M\u00f6glichkeiten f\u00fcr ortsunabh\u00e4ngiges Arbeiten vermittelt. (Bild: zVg \/ workplace2go)"},{"@type":"BreadcrumbList","@id":"https:\/\/www.organisator.ch\/human-resources\/2022-06-07\/arbeitnehmende-verlangen-ortsunabhaengiges-arbeiten\/#breadcrumb","itemListElement":[{"@type":"ListItem","position":1,"name":"Home","item":"https:\/\/www.organisator.ch\/"},{"@type":"ListItem","position":2,"name":"Arbeitnehmende verlangen ortsunabh\u00e4ngiges Arbeiten"}]},{"@type":"WebSite","@id":"https:\/\/www.organisator.ch\/#website","url":"https:\/\/www.organisator.ch\/","name":"Organizzatore","description":"Competente. Pratico. In 10 numeri all'anno, ORGANISATOR presenta i temi essenziali per i manager delle PMI.","publisher":{"@id":"https:\/\/www.organisator.ch\/#organization"},"potentialAction":[{"@type":"SearchAction","target":{"@type":"EntryPoint","urlTemplate":"https:\/\/www.organisator.ch\/?s={search_term_string}"},"query-input":{"@type":"PropertyValueSpecification","valueRequired":true,"valueName":"search_term_string"}}],"inLanguage":"it-IT"},{"@type":"Organization","@id":"https:\/\/www.organisator.ch\/#organization","name":"Organizzatore","url":"https:\/\/www.organisator.ch\/","logo":{"@type":"ImageObject","inLanguage":"it-IT","@id":"https:\/\/www.organisator.ch\/#\/schema\/logo\/image\/","url":"https:\/\/www.organisator.ch\/wp-content\/uploads\/2022\/01\/Logo_Organisator_Website.png","contentUrl":"https:\/\/www.organisator.ch\/wp-content\/uploads\/2022\/01\/Logo_Organisator_Website.png","width":800,"height":77,"caption":"Organisator"},"image":{"@id":"https:\/\/www.organisator.ch\/#\/schema\/logo\/image\/"},"sameAs":["https:\/\/www.facebook.com\/OrganisatorFachmagazin","https:\/\/www.linkedin.com\/showcase\/organisator-das-magazin-fr-kmu","https:\/\/www.xing.com\/news\/pages\/organisator-ch-695","https:\/\/www.youtube.com\/channel\/UCGP2Sq0iWaZwT3BdIAQFYpw"]},{"@type":"Person","@id":"https:\/\/www.organisator.ch\/#\/schema\/person\/6f650f90b2842cd4c0cc334b4e36f67e","name":"Tommaso.berner","image":{"@type":"ImageObject","inLanguage":"it-IT","@id":"https:\/\/secure.gravatar.com\/avatar\/ac5001d2a36cb6c6cd3e50789007ffca834b477b74a2144564522e944eabff61?s=96&d=mm&r=g","url":"https:\/\/secure.gravatar.com\/avatar\/ac5001d2a36cb6c6cd3e50789007ffca834b477b74a2144564522e944eabff61?s=96&d=mm&r=g","contentUrl":"https:\/\/secure.gravatar.com\/avatar\/ac5001d2a36cb6c6cd3e50789007ffca834b477b74a2144564522e944eabff61?s=96&d=mm&r=g","caption":"thomas.berner"},"url":"https:\/\/www.organisator.ch\/it\/author\/thomas-berner\/"}]}},"_links":{"self":[{"href":"https:\/\/www.organisator.ch\/it\/wp-json\/wp\/v2\/posts\/13699","targetHints":{"allow":["GET"]}}],"collection":[{"href":"https:\/\/www.organisator.ch\/it\/wp-json\/wp\/v2\/posts"}],"about":[{"href":"https:\/\/www.organisator.ch\/it\/wp-json\/wp\/v2\/types\/post"}],"author":[{"embeddable":true,"href":"https:\/\/www.organisator.ch\/it\/wp-json\/wp\/v2\/users\/4"}],"replies":[{"embeddable":true,"href":"https:\/\/www.organisator.ch\/it\/wp-json\/wp\/v2\/comments?post=13699"}],"version-history":[{"count":1,"href":"https:\/\/www.organisator.ch\/it\/wp-json\/wp\/v2\/posts\/13699\/revisions"}],"predecessor-version":[{"id":13701,"href":"https:\/\/www.organisator.ch\/it\/wp-json\/wp\/v2\/posts\/13699\/revisions\/13701"}],"wp:featuredmedia":[{"embeddable":true,"href":"https:\/\/www.organisator.ch\/it\/wp-json\/wp\/v2\/media\/13700"}],"wp:attachment":[{"href":"https:\/\/www.organisator.ch\/it\/wp-json\/wp\/v2\/media?parent=13699"}],"wp:term":[{"taxonomy":"category","embeddable":true,"href":"https:\/\/www.organisator.ch\/it\/wp-json\/wp\/v2\/categories?post=13699"},{"taxonomy":"post_tag","embeddable":true,"href":"https:\/\/www.organisator.ch\/it\/wp-json\/wp\/v2\/tags?post=13699"}],"curies":[{"name":"wp","href":"https:\/\/api.w.org\/{rel}","templated":true}]}}