{"id":139,"date":"2016-02-15T16:07:09","date_gmt":"2016-02-15T15:07:09","guid":{"rendered":"http:\/\/dev.organisator.ch\/?p=139"},"modified":"2016-02-15T16:07:09","modified_gmt":"2016-02-15T15:07:09","slug":"viertes-quartal-2015-ueber-10700-neugruendungen","status":"publish","type":"post","link":"https:\/\/www.organisator.ch\/it\/allgemein\/2016-02-15\/viertes-quartal-2015-ueber-10700-neugruendungen\/","title":{"rendered":"Quarto trimestre 2015: oltre 10.700 start-up"},"content":{"rendered":"<p><img loading=\"lazy\" decoding=\"async\" class=\"alignnone size-medium wp-image-140\" src=\"https:\/\/organisator.ch\/wp-content\/uploads\/2016\/12\/Viertes-Quartal-2015-\u00dcber-10700-Neugr\u00fcndungen-organisator.jpg\" alt=\"\" width=\"680\" height=\"441\" \/><\/p>\n<blockquote><p>L'indice Bisnode\/IFJ Start-up traccia le nuove entrate delle aziende nel registro commerciale per trimestre.<\/p><\/blockquote>\n<p>Le start-up svizzere nel 4\u00b0 trimestre del 2015 sono state leggermente inferiori al livello dei due anni precedenti. - Questo \u00e8 il risultato dell'attuale valutazione del Bisnode\/IFJ Start-up Index. Un totale di 10.708 nuove aziende sono state iscritte nel registro commerciale da ottobre a dicembre 2015.<\/p>\n<p>Nello stesso trimestre dell'anno precedente, ci sono state leggermente pi\u00f9 registrazioni con 10.885 aziende. In totale, nel 2015 sono state fondate 40'829 imprese, 731 in meno rispetto al 2014. Il motivo principale del leggero calo delle nuove registrazioni \u00e8 lo shock del franco svizzero, avvenuto il 15 gennaio 2015 quando \u00e8 stato tolto il floor di cambio del franco svizzero rispetto all'euro.<\/p>\n<p>I settori orientati all'esportazione come l'industria meccanica, elettrotecnica e metallurgica, ma anche l'industria alberghiera e della ristorazione e il commercio al dettaglio hanno sofferto di un marcato calo della domanda e quindi anche di condizioni pi\u00f9 difficili per gli imprenditori.<\/p>\n<p>Considerando la difficile situazione dovuta al franco forte, il calo delle nuove registrazioni \u00e8 stato sorprendentemente piccolo. A quanto pare, la Svizzera offre ancora un ottimo ambiente per le idee commerciali innovative.<\/p>\n<p>Ulteriori dettagli interessanti possono essere trovati presso l'IFJ (Institut f\u00fcr Jungunternehmen AG):<\/p>\n<p><a href=\"http:\/\/www.ifj.ch\" target=\"_blank\" data-cke-saved-href=\"http:\/\/www.ifj.ch\" rel=\"noopener\">http:\/\/www.ifj.ch<\/a><\/p>\n<p>&nbsp;<\/p>","protected":false},"excerpt":{"rendered":"<p>Der Bisnode\/IFJ-Gr\u00fcnderindex bildet die Neueintragungen von Unternehmen ins Handelsregister pro Quartal ab. Die Schweizer Neugr\u00fcndungen waren im 4. Quartal 2015 leicht unter dem Niveau der zwei Vorjahre. &#8211; Dies ergibt die aktuelle Auswertung des Bisnode\/IFJ-Gr\u00fcnderindex. Insgesamt wurden von Oktober bis Dezember 2015 10\u2018708 neue Unternehmen ins Handelsregister eingetragen. Im Vorjahresquartal waren dies leicht mehr Eintragungen [&hellip;]<\/p>\n","protected":false},"author":1,"featured_media":140,"comment_status":"open","ping_status":"open","sticky":false,"template":"","format":"standard","meta":{"_acf_changed":false,"_yoast_wpseo_focuskw":"Neugr\u00fcndungen","_yoast_wpseo_metadesc":"Die Schweiz scheint ein gutes Umfeld f\u00fcr Neugr\u00fcndungen zu bilden, aber der Bisnode\/IFJ-Gr\u00fcnderindex sank gegen\u00fcber den Vorjahresquartalen um 1.8 Punkte.","articlekey":"","footnotes":""},"categories":[1],"tags":[492],"class_list":["post-139","post","type-post","status-publish","format-standard","has-post-thumbnail","hentry","category-allgemein","tag-unternehmen"],"acf":[],"yoast_head":"<!-- This site is optimized with the Yoast SEO plugin v27.4 - https:\/\/yoast.com\/product\/yoast-seo-wordpress\/ -->\n<title>Viertes Quartal 2015: \u00dcber 10&#039;700 Neugr\u00fcndungen - Organisator<\/title>\n<meta name=\"description\" content=\"Die Schweiz scheint ein gutes Umfeld f\u00fcr Neugr\u00fcndungen zu bilden, aber der Bisnode\/IFJ-Gr\u00fcnderindex sank gegen\u00fcber den Vorjahresquartalen um 1.8 Punkte.\" \/>\n<meta name=\"robots\" content=\"index, follow, max-snippet:-1, max-image-preview:large, max-video-preview:-1\" \/>\n<link rel=\"canonical\" href=\"https:\/\/www.organisator.ch\/it\/generale\/2016-02-15\/viertes-quartal-2015-ueber-10700-neugruendungen\/\" \/>\n<meta property=\"og:locale\" content=\"it_IT\" \/>\n<meta property=\"og:type\" content=\"article\" \/>\n<meta property=\"og:title\" content=\"Viertes Quartal 2015: \u00dcber 10&#039;700 Neugr\u00fcndungen\" \/>\n<meta property=\"og:description\" content=\"Eine schlechte und eine gute Nachricht: Der Bisnode\/IFJ-Gr\u00fcnderindex sank gegen\u00fcber den Vorjahresquartalen um 1.8 Punkte. Gleichwohl scheint die Schweiz ein gutes Umfeld f\u00fcr Neugr\u00fcndungen zu bilden.\" \/>\n<meta property=\"og:url\" content=\"https:\/\/www.organisator.ch\/it\/generale\/2016-02-15\/viertes-quartal-2015-ueber-10700-neugruendungen\/\" \/>\n<meta property=\"og:site_name\" content=\"Organisator\" \/>\n<meta property=\"article:publisher\" content=\"https:\/\/www.facebook.com\/OrganisatorFachmagazin\" \/>\n<meta property=\"article:published_time\" content=\"2016-02-15T15:07:09+00:00\" \/>\n<meta name=\"author\" content=\"admin\" \/>\n<meta name=\"twitter:card\" content=\"summary_large_image\" \/>\n<meta name=\"twitter:image\" content=\"https:\/\/www.organisator.ch\/wp-content\/uploads\/2016\/12\/Viertes-Quartal-2015-Ueber-10700-Neugruendungen-organisator.jpg\" \/>\n<script type=\"application\/ld+json\" class=\"yoast-schema-graph\">{\"@context\":\"https:\\\/\\\/schema.org\",\"@graph\":[{\"@type\":\"Article\",\"@id\":\"https:\\\/\\\/www.organisator.ch\\\/de\\\/allgemein\\\/2016-02-15\\\/viertes-quartal-2015-ueber-10700-neugruendungen\\\/#article\",\"isPartOf\":{\"@id\":\"https:\\\/\\\/www.organisator.ch\\\/de\\\/allgemein\\\/2016-02-15\\\/viertes-quartal-2015-ueber-10700-neugruendungen\\\/\"},\"author\":{\"name\":\"admin\",\"@id\":\"https:\\\/\\\/www.organisator.ch\\\/#\\\/schema\\\/person\\\/aa2bace6c5c5aad60102004a50c4eb1c\"},\"headline\":\"Viertes Quartal 2015: \u00dcber 10&#8217;700 Neugr\u00fcndungen\",\"datePublished\":\"2016-02-15T15:07:09+00:00\",\"mainEntityOfPage\":{\"@id\":\"https:\\\/\\\/www.organisator.ch\\\/de\\\/allgemein\\\/2016-02-15\\\/viertes-quartal-2015-ueber-10700-neugruendungen\\\/\"},\"wordCount\":190,\"commentCount\":0,\"publisher\":{\"@id\":\"https:\\\/\\\/www.organisator.ch\\\/#organization\"},\"image\":{\"@id\":\"https:\\\/\\\/www.organisator.ch\\\/de\\\/allgemein\\\/2016-02-15\\\/viertes-quartal-2015-ueber-10700-neugruendungen\\\/#primaryimage\"},\"thumbnailUrl\":\"https:\\\/\\\/www.organisator.ch\\\/wp-content\\\/uploads\\\/2016\\\/12\\\/Viertes-Quartal-2015-Ueber-10700-Neugruendungen-organisator.jpg\",\"keywords\":[\"Unternehmen\"],\"articleSection\":[\"Allgemein\"],\"inLanguage\":\"it-IT\"},{\"@type\":\"WebPage\",\"@id\":\"https:\\\/\\\/www.organisator.ch\\\/de\\\/allgemein\\\/2016-02-15\\\/viertes-quartal-2015-ueber-10700-neugruendungen\\\/\",\"url\":\"https:\\\/\\\/www.organisator.ch\\\/de\\\/allgemein\\\/2016-02-15\\\/viertes-quartal-2015-ueber-10700-neugruendungen\\\/\",\"name\":\"Viertes Quartal 2015: \u00dcber 10'700 Neugr\u00fcndungen - Organisator\",\"isPartOf\":{\"@id\":\"https:\\\/\\\/www.organisator.ch\\\/#website\"},\"primaryImageOfPage\":{\"@id\":\"https:\\\/\\\/www.organisator.ch\\\/de\\\/allgemein\\\/2016-02-15\\\/viertes-quartal-2015-ueber-10700-neugruendungen\\\/#primaryimage\"},\"image\":{\"@id\":\"https:\\\/\\\/www.organisator.ch\\\/de\\\/allgemein\\\/2016-02-15\\\/viertes-quartal-2015-ueber-10700-neugruendungen\\\/#primaryimage\"},\"thumbnailUrl\":\"https:\\\/\\\/www.organisator.ch\\\/wp-content\\\/uploads\\\/2016\\\/12\\\/Viertes-Quartal-2015-Ueber-10700-Neugruendungen-organisator.jpg\",\"datePublished\":\"2016-02-15T15:07:09+00:00\",\"description\":\"Die Schweiz scheint ein gutes Umfeld f\u00fcr Neugr\u00fcndungen zu bilden, aber der Bisnode\\\/IFJ-Gr\u00fcnderindex sank gegen\u00fcber den Vorjahresquartalen um 1.8 Punkte.\",\"breadcrumb\":{\"@id\":\"https:\\\/\\\/www.organisator.ch\\\/de\\\/allgemein\\\/2016-02-15\\\/viertes-quartal-2015-ueber-10700-neugruendungen\\\/#breadcrumb\"},\"inLanguage\":\"it-IT\",\"potentialAction\":[{\"@type\":\"ReadAction\",\"target\":[\"https:\\\/\\\/www.organisator.ch\\\/de\\\/allgemein\\\/2016-02-15\\\/viertes-quartal-2015-ueber-10700-neugruendungen\\\/\"]}]},{\"@type\":\"ImageObject\",\"inLanguage\":\"it-IT\",\"@id\":\"https:\\\/\\\/www.organisator.ch\\\/de\\\/allgemein\\\/2016-02-15\\\/viertes-quartal-2015-ueber-10700-neugruendungen\\\/#primaryimage\",\"url\":\"https:\\\/\\\/www.organisator.ch\\\/wp-content\\\/uploads\\\/2016\\\/12\\\/Viertes-Quartal-2015-Ueber-10700-Neugruendungen-organisator.jpg\",\"contentUrl\":\"https:\\\/\\\/www.organisator.ch\\\/wp-content\\\/uploads\\\/2016\\\/12\\\/Viertes-Quartal-2015-Ueber-10700-Neugruendungen-organisator.jpg\",\"width\":744,\"height\":483},{\"@type\":\"BreadcrumbList\",\"@id\":\"https:\\\/\\\/www.organisator.ch\\\/de\\\/allgemein\\\/2016-02-15\\\/viertes-quartal-2015-ueber-10700-neugruendungen\\\/#breadcrumb\",\"itemListElement\":[{\"@type\":\"ListItem\",\"position\":1,\"name\":\"Home\",\"item\":\"https:\\\/\\\/www.organisator.ch\\\/\"},{\"@type\":\"ListItem\",\"position\":2,\"name\":\"Viertes Quartal 2015: \u00dcber 10&#8217;700 Neugr\u00fcndungen\"}]},{\"@type\":\"WebSite\",\"@id\":\"https:\\\/\\\/www.organisator.ch\\\/#website\",\"url\":\"https:\\\/\\\/www.organisator.ch\\\/\",\"name\":\"Organisator\",\"description\":\"Kompetent. Praxisnah. Der ORGANISATOR bereitet in 10 Ausgaben pro Jahr die wesentlichen Themen f\u00fcr F\u00fchrungskr\u00e4fte von KMU auf.\",\"publisher\":{\"@id\":\"https:\\\/\\\/www.organisator.ch\\\/#organization\"},\"potentialAction\":[{\"@type\":\"SearchAction\",\"target\":{\"@type\":\"EntryPoint\",\"urlTemplate\":\"https:\\\/\\\/www.organisator.ch\\\/?s={search_term_string}\"},\"query-input\":{\"@type\":\"PropertyValueSpecification\",\"valueRequired\":true,\"valueName\":\"search_term_string\"}}],\"inLanguage\":\"it-IT\"},{\"@type\":\"Organization\",\"@id\":\"https:\\\/\\\/www.organisator.ch\\\/#organization\",\"name\":\"Organisator\",\"url\":\"https:\\\/\\\/www.organisator.ch\\\/\",\"logo\":{\"@type\":\"ImageObject\",\"inLanguage\":\"it-IT\",\"@id\":\"https:\\\/\\\/www.organisator.ch\\\/#\\\/schema\\\/logo\\\/image\\\/\",\"url\":\"https:\\\/\\\/www.organisator.ch\\\/wp-content\\\/uploads\\\/2022\\\/01\\\/Logo_Organisator_Website.png\",\"contentUrl\":\"https:\\\/\\\/www.organisator.ch\\\/wp-content\\\/uploads\\\/2022\\\/01\\\/Logo_Organisator_Website.png\",\"width\":800,\"height\":77,\"caption\":\"Organisator\"},\"image\":{\"@id\":\"https:\\\/\\\/www.organisator.ch\\\/#\\\/schema\\\/logo\\\/image\\\/\"},\"sameAs\":[\"https:\\\/\\\/www.facebook.com\\\/OrganisatorFachmagazin\",\"https:\\\/\\\/www.linkedin.com\\\/showcase\\\/organisator-das-magazin-fr-kmu\",\"https:\\\/\\\/www.xing.com\\\/news\\\/pages\\\/organisator-ch-695\",\"https:\\\/\\\/www.youtube.com\\\/channel\\\/UCGP2Sq0iWaZwT3BdIAQFYpw\"]},{\"@type\":\"Person\",\"@id\":\"https:\\\/\\\/www.organisator.ch\\\/#\\\/schema\\\/person\\\/aa2bace6c5c5aad60102004a50c4eb1c\",\"name\":\"admin\",\"image\":{\"@type\":\"ImageObject\",\"inLanguage\":\"it-IT\",\"@id\":\"https:\\\/\\\/secure.gravatar.com\\\/avatar\\\/ae2f4d718e6c49043e314ce431e7e645d646302a24a5ef5a8bc8e3f5a032e319?s=96&d=mm&r=g\",\"url\":\"https:\\\/\\\/secure.gravatar.com\\\/avatar\\\/ae2f4d718e6c49043e314ce431e7e645d646302a24a5ef5a8bc8e3f5a032e319?s=96&d=mm&r=g\",\"contentUrl\":\"https:\\\/\\\/secure.gravatar.com\\\/avatar\\\/ae2f4d718e6c49043e314ce431e7e645d646302a24a5ef5a8bc8e3f5a032e319?s=96&d=mm&r=g\",\"caption\":\"admin\"},\"sameAs\":[\"https:\\\/\\\/www.organisator.ch\"],\"url\":\"https:\\\/\\\/www.organisator.ch\\\/it\\\/author\\\/admin\\\/\"}]}<\/script>\n<!-- \/ Yoast SEO plugin. -->","yoast_head_json":{"title":"Quarto trimestre 2015: oltre 10.700 start-up - Organizzatore","description":"La Svizzera sembra essere un buon ambiente per le start-up, ma l'indice Bisnode\/IFJ delle start-up \u00e8 sceso di 1,8 punti rispetto agli stessi trimestri dell'anno scorso.","robots":{"index":"index","follow":"follow","max-snippet":"max-snippet:-1","max-image-preview":"max-image-preview:large","max-video-preview":"max-video-preview:-1"},"canonical":"https:\/\/www.organisator.ch\/it\/generale\/2016-02-15\/viertes-quartal-2015-ueber-10700-neugruendungen\/","og_locale":"it_IT","og_type":"article","og_title":"Viertes Quartal 2015: \u00dcber 10'700 Neugr\u00fcndungen","og_description":"Eine schlechte und eine gute Nachricht: Der Bisnode\/IFJ-Gr\u00fcnderindex sank gegen\u00fcber den Vorjahresquartalen um 1.8 Punkte. Gleichwohl scheint die Schweiz ein gutes Umfeld f\u00fcr Neugr\u00fcndungen zu bilden.","og_url":"https:\/\/www.organisator.ch\/it\/generale\/2016-02-15\/viertes-quartal-2015-ueber-10700-neugruendungen\/","og_site_name":"Organisator","article_publisher":"https:\/\/www.facebook.com\/OrganisatorFachmagazin","article_published_time":"2016-02-15T15:07:09+00:00","author":"admin","twitter_card":"summary_large_image","twitter_image":"https:\/\/www.organisator.ch\/wp-content\/uploads\/2016\/12\/Viertes-Quartal-2015-Ueber-10700-Neugruendungen-organisator.jpg","schema":{"@context":"https:\/\/schema.org","@graph":[{"@type":"Article","@id":"https:\/\/www.organisator.ch\/de\/allgemein\/2016-02-15\/viertes-quartal-2015-ueber-10700-neugruendungen\/#article","isPartOf":{"@id":"https:\/\/www.organisator.ch\/de\/allgemein\/2016-02-15\/viertes-quartal-2015-ueber-10700-neugruendungen\/"},"author":{"name":"admin","@id":"https:\/\/www.organisator.ch\/#\/schema\/person\/aa2bace6c5c5aad60102004a50c4eb1c"},"headline":"Viertes Quartal 2015: \u00dcber 10&#8217;700 Neugr\u00fcndungen","datePublished":"2016-02-15T15:07:09+00:00","mainEntityOfPage":{"@id":"https:\/\/www.organisator.ch\/de\/allgemein\/2016-02-15\/viertes-quartal-2015-ueber-10700-neugruendungen\/"},"wordCount":190,"commentCount":0,"publisher":{"@id":"https:\/\/www.organisator.ch\/#organization"},"image":{"@id":"https:\/\/www.organisator.ch\/de\/allgemein\/2016-02-15\/viertes-quartal-2015-ueber-10700-neugruendungen\/#primaryimage"},"thumbnailUrl":"https:\/\/www.organisator.ch\/wp-content\/uploads\/2016\/12\/Viertes-Quartal-2015-Ueber-10700-Neugruendungen-organisator.jpg","keywords":["Unternehmen"],"articleSection":["Allgemein"],"inLanguage":"it-IT"},{"@type":"WebPage","@id":"https:\/\/www.organisator.ch\/de\/allgemein\/2016-02-15\/viertes-quartal-2015-ueber-10700-neugruendungen\/","url":"https:\/\/www.organisator.ch\/de\/allgemein\/2016-02-15\/viertes-quartal-2015-ueber-10700-neugruendungen\/","name":"Quarto trimestre 2015: oltre 10.700 start-up - Organizzatore","isPartOf":{"@id":"https:\/\/www.organisator.ch\/#website"},"primaryImageOfPage":{"@id":"https:\/\/www.organisator.ch\/de\/allgemein\/2016-02-15\/viertes-quartal-2015-ueber-10700-neugruendungen\/#primaryimage"},"image":{"@id":"https:\/\/www.organisator.ch\/de\/allgemein\/2016-02-15\/viertes-quartal-2015-ueber-10700-neugruendungen\/#primaryimage"},"thumbnailUrl":"https:\/\/www.organisator.ch\/wp-content\/uploads\/2016\/12\/Viertes-Quartal-2015-Ueber-10700-Neugruendungen-organisator.jpg","datePublished":"2016-02-15T15:07:09+00:00","description":"La Svizzera sembra essere un buon ambiente per le start-up, ma l'indice Bisnode\/IFJ delle start-up \u00e8 sceso di 1,8 punti rispetto agli stessi trimestri dell'anno scorso.","breadcrumb":{"@id":"https:\/\/www.organisator.ch\/de\/allgemein\/2016-02-15\/viertes-quartal-2015-ueber-10700-neugruendungen\/#breadcrumb"},"inLanguage":"it-IT","potentialAction":[{"@type":"ReadAction","target":["https:\/\/www.organisator.ch\/de\/allgemein\/2016-02-15\/viertes-quartal-2015-ueber-10700-neugruendungen\/"]}]},{"@type":"ImageObject","inLanguage":"it-IT","@id":"https:\/\/www.organisator.ch\/de\/allgemein\/2016-02-15\/viertes-quartal-2015-ueber-10700-neugruendungen\/#primaryimage","url":"https:\/\/www.organisator.ch\/wp-content\/uploads\/2016\/12\/Viertes-Quartal-2015-Ueber-10700-Neugruendungen-organisator.jpg","contentUrl":"https:\/\/www.organisator.ch\/wp-content\/uploads\/2016\/12\/Viertes-Quartal-2015-Ueber-10700-Neugruendungen-organisator.jpg","width":744,"height":483},{"@type":"BreadcrumbList","@id":"https:\/\/www.organisator.ch\/de\/allgemein\/2016-02-15\/viertes-quartal-2015-ueber-10700-neugruendungen\/#breadcrumb","itemListElement":[{"@type":"ListItem","position":1,"name":"Home","item":"https:\/\/www.organisator.ch\/"},{"@type":"ListItem","position":2,"name":"Viertes Quartal 2015: \u00dcber 10&#8217;700 Neugr\u00fcndungen"}]},{"@type":"WebSite","@id":"https:\/\/www.organisator.ch\/#website","url":"https:\/\/www.organisator.ch\/","name":"Organizzatore","description":"Competente. Pratico. In 10 numeri all'anno, ORGANISATOR presenta i temi essenziali per i manager delle PMI.","publisher":{"@id":"https:\/\/www.organisator.ch\/#organization"},"potentialAction":[{"@type":"SearchAction","target":{"@type":"EntryPoint","urlTemplate":"https:\/\/www.organisator.ch\/?s={search_term_string}"},"query-input":{"@type":"PropertyValueSpecification","valueRequired":true,"valueName":"search_term_string"}}],"inLanguage":"it-IT"},{"@type":"Organization","@id":"https:\/\/www.organisator.ch\/#organization","name":"Organizzatore","url":"https:\/\/www.organisator.ch\/","logo":{"@type":"ImageObject","inLanguage":"it-IT","@id":"https:\/\/www.organisator.ch\/#\/schema\/logo\/image\/","url":"https:\/\/www.organisator.ch\/wp-content\/uploads\/2022\/01\/Logo_Organisator_Website.png","contentUrl":"https:\/\/www.organisator.ch\/wp-content\/uploads\/2022\/01\/Logo_Organisator_Website.png","width":800,"height":77,"caption":"Organisator"},"image":{"@id":"https:\/\/www.organisator.ch\/#\/schema\/logo\/image\/"},"sameAs":["https:\/\/www.facebook.com\/OrganisatorFachmagazin","https:\/\/www.linkedin.com\/showcase\/organisator-das-magazin-fr-kmu","https:\/\/www.xing.com\/news\/pages\/organisator-ch-695","https:\/\/www.youtube.com\/channel\/UCGP2Sq0iWaZwT3BdIAQFYpw"]},{"@type":"Person","@id":"https:\/\/www.organisator.ch\/#\/schema\/person\/aa2bace6c5c5aad60102004a50c4eb1c","name":"amministratore","image":{"@type":"ImageObject","inLanguage":"it-IT","@id":"https:\/\/secure.gravatar.com\/avatar\/ae2f4d718e6c49043e314ce431e7e645d646302a24a5ef5a8bc8e3f5a032e319?s=96&d=mm&r=g","url":"https:\/\/secure.gravatar.com\/avatar\/ae2f4d718e6c49043e314ce431e7e645d646302a24a5ef5a8bc8e3f5a032e319?s=96&d=mm&r=g","contentUrl":"https:\/\/secure.gravatar.com\/avatar\/ae2f4d718e6c49043e314ce431e7e645d646302a24a5ef5a8bc8e3f5a032e319?s=96&d=mm&r=g","caption":"admin"},"sameAs":["https:\/\/www.organisator.ch"],"url":"https:\/\/www.organisator.ch\/it\/author\/admin\/"}]}},"_links":{"self":[{"href":"https:\/\/www.organisator.ch\/it\/wp-json\/wp\/v2\/posts\/139","targetHints":{"allow":["GET"]}}],"collection":[{"href":"https:\/\/www.organisator.ch\/it\/wp-json\/wp\/v2\/posts"}],"about":[{"href":"https:\/\/www.organisator.ch\/it\/wp-json\/wp\/v2\/types\/post"}],"author":[{"embeddable":true,"href":"https:\/\/www.organisator.ch\/it\/wp-json\/wp\/v2\/users\/1"}],"replies":[{"embeddable":true,"href":"https:\/\/www.organisator.ch\/it\/wp-json\/wp\/v2\/comments?post=139"}],"version-history":[{"count":0,"href":"https:\/\/www.organisator.ch\/it\/wp-json\/wp\/v2\/posts\/139\/revisions"}],"wp:featuredmedia":[{"embeddable":true,"href":"https:\/\/www.organisator.ch\/it\/wp-json\/wp\/v2\/media\/140"}],"wp:attachment":[{"href":"https:\/\/www.organisator.ch\/it\/wp-json\/wp\/v2\/media?parent=139"}],"wp:term":[{"taxonomy":"category","embeddable":true,"href":"https:\/\/www.organisator.ch\/it\/wp-json\/wp\/v2\/categories?post=139"},{"taxonomy":"post_tag","embeddable":true,"href":"https:\/\/www.organisator.ch\/it\/wp-json\/wp\/v2\/tags?post=139"}],"curies":[{"name":"wp","href":"https:\/\/api.w.org\/{rel}","templated":true}]}}