{"id":1399,"date":"2017-01-24T11:00:11","date_gmt":"2017-01-24T10:00:11","guid":{"rendered":"https:\/\/organisator.ch\/?p=1399"},"modified":"2017-01-24T11:00:11","modified_gmt":"2017-01-24T10:00:11","slug":"900-millionen-franken-junge-tech-unternehmen","status":"publish","type":"post","link":"https:\/\/www.organisator.ch\/it\/management\/finanzen_recht\/2017-01-24\/900-millionen-franken-junge-tech-unternehmen\/","title":{"rendered":"900 milioni di franchi svizzeri per le giovani aziende tecnologiche"},"content":{"rendered":"<figure id=\"attachment_1401\" aria-describedby=\"caption-attachment-1401\" style=\"width: 424px\" class=\"wp-caption alignnone\"><img loading=\"lazy\" decoding=\"async\" class=\"size-full wp-image-1401\" src=\"https:\/\/www.organisator.ch\/wp-content\/uploads\/2017\/01\/900-Millionen-Franken-fuer-junge-Tech-Unternehmen_Organisator.jpg\" alt=\"\" width=\"424\" height=\"283\" srcset=\"https:\/\/www.organisator.ch\/wp-content\/uploads\/2017\/01\/900-Millionen-Franken-fuer-junge-Tech-Unternehmen_Organisator.jpg 424w, https:\/\/www.organisator.ch\/wp-content\/uploads\/2017\/01\/900-Millionen-Franken-fuer-junge-Tech-Unternehmen_Organisator-16x12.jpg 16w, https:\/\/www.organisator.ch\/wp-content\/uploads\/2017\/01\/900-Millionen-Franken-fuer-junge-Tech-Unternehmen_Organisator-262x175.jpg 262w, https:\/\/www.organisator.ch\/wp-content\/uploads\/2017\/01\/900-Millionen-Franken-fuer-junge-Tech-Unternehmen_Organisator-300x200.jpg 300w\" sizes=\"auto, (max-width: 424px) 100vw, 424px\" \/><figcaption id=\"caption-attachment-1401\" class=\"wp-caption-text\">Le giovani imprese tecnologiche sono state finanziate con un capitale di rischio di oltre 900 milioni di franchi nel 2016. (Immagine: shock - Fotolia.com)<\/figcaption><\/figure>\n<p>Gli investimenti in nuove imprese tecnologiche, vale a dire start-up basate sulla conoscenza e la tecnologia, sono quasi triplicati negli ultimi cinque anni, secondo l'ultimo Swiss Venture Capital Report. Secondo il rapporto, gli investitori nazionali ed esteri hanno fornito 909 milioni di capitale di rischio nel 2016, il 35% in pi\u00f9 rispetto all'anno precedente. I primi 20 round sono aumentati di un altro 26% da 561 milioni di franchi a 706 milioni di franchi a causa di transazioni di finanziamento pi\u00f9 grandi che hanno avuto luogo in una fase successiva dello sviluppo. Inoltre, per la prima volta sono stati effettuati round di finanziamento per pi\u00f9 di 100 milioni di franchi svizzeri. In entrambi i casi - ADC Therapeutics e Mindmaze - il denaro \u00e8 andato a societ\u00e0 vodesi.<\/p>\n<p><strong>L'aumento maggiore nel settore ICT<\/strong><\/p>\n<p>In termini percentuali, la crescita pi\u00f9 forte \u00e8 stata nel settore delle tecnologie dell'informazione e della comunicazione (ICT), incluso il fintech. I 271 milioni riportati corrispondono a pi\u00f9 del doppio della cifra dell'anno precedente. Responsabili di questo aumento sono, da un lato, i fornitori di software B2B come Nexthink o SonarSource, e dall'altro le aziende tecnologiche i cui prodotti sono utilizzati nella digitalizzazione delle industrie tradizionali. Le sole start-up fintech svizzere hanno attirato poco meno di 50 milioni di franchi nel 2016. In termini assoluti, la maggior parte del denaro \u00e8 andato alle aziende biotecnologiche. Anche questo settore \u00e8 aumentato ancora una volta nel 2016. Circa 400 milioni sono stati raccolti in 25 round di finanziamento.<\/p>\n<p><strong>Focus Losanna<\/strong><\/p>\n<p>Una scoperta notevole del rapporto, che copre tutti gli investimenti di capitale di rischio pubblicati in start-up svizzere, \u00e8 la distribuzione geografica degli investimenti. Vaud ha oscillato in alto nella classifica nel 2016. Pi\u00f9 della met\u00e0 dell'importo totale investito \u00e8 confluito nel cluster di innovazione intorno all'ETH e all'Universit\u00e0 di Losanna. Il cantone della Svizzera occidentale ha anche attratto per la prima volta la maggior quantit\u00e0 di denaro nel settore ICT, continua il rapporto. Il cantone di Zurigo, che per anni \u00e8 stato considerato la roccaforte ICT della Svizzera, \u00e8 ora in testa solo nel settore fintech.<\/p>\n<p><strong>Sette IPO<\/strong><\/p>\n<p>Se l'impegno di start-up paga per i finanziatori si decide alla cosiddetta uscita. Poi l'azienda viene rilevata da un investitore strategico o rimane indipendente e diventa pubblica. E anche il 2016 aveva molto da offrire in questo senso. Comprese due acquisizioni inverse, sette aziende tecnologiche finanziate da capitale di rischio si sono avventurate sul mercato azionario l'anno scorso. Inoltre, diverse start-up sono state acquisite da grandi aziende come Hewlett Packard Enterprise, 3M o TripAdvisor.<\/p>\n<p><em>Fonte: <a href=\"http:\/\/www.startupticker.ch\">www.startupticker.ch<\/a>\u00a0<\/em><\/p>","protected":false},"excerpt":{"rendered":"<p>Die Investitionen in neue Tech-Unternehmen, also\u00a0wissens- und technologiebasierte Startups, haben sich in den letzten f\u00fcnf Jahren knapp verdreifacht, teilt der j\u00fcngste Swiss Venture Capital Report mit.\u00a0Demnach stellten 2016 in- und ausl\u00e4ndische Geldgeber Risikokapital in der H\u00f6he von 909 Millionen zur Verf\u00fcgung, 35 Prozent mehr als im Vorjahr. Nochmals um 26 Prozent stiegen die Top 20 [&hellip;]<\/p>\n","protected":false},"author":4,"featured_media":1401,"comment_status":"open","ping_status":"open","sticky":false,"template":"","format":"standard","meta":{"_acf_changed":false,"_yoast_wpseo_focuskw":"Tech-Unternehmen","_yoast_wpseo_metadesc":"Die Investitionen in neue Tech-Unternehmen, also wissens- und technologiebasierte Startups, haben sich in den letzten f\u00fcnf Jahren knapp verdreifacht.","articlekey":"","footnotes":""},"categories":[24],"tags":[203,340,451,492],"class_list":["post-1399","post","type-post","status-publish","format-standard","has-post-thumbnail","hentry","category-finanzen_recht","tag-finanzierung","tag-maerkte","tag-startups","tag-unternehmen"],"acf":[],"yoast_head":"<!-- This site is optimized with the Yoast SEO plugin v27.4 - https:\/\/yoast.com\/product\/yoast-seo-wordpress\/ -->\n<title>900 Millionen Franken f\u00fcr junge Tech-Unternehmen - Organisator<\/title>\n<meta name=\"description\" content=\"Die Investitionen in neue Tech-Unternehmen, also wissens- und technologiebasierte Startups, haben sich in den letzten f\u00fcnf Jahren knapp verdreifacht.\" \/>\n<meta name=\"robots\" content=\"index, follow, max-snippet:-1, max-image-preview:large, max-video-preview:-1\" \/>\n<link rel=\"canonical\" href=\"https:\/\/www.organisator.ch\/it\/gestione-2\/finanzen_recht\/2017-01-24\/900-millionen-franken-junge-tech-unternehmen\/\" \/>\n<meta property=\"og:locale\" content=\"it_IT\" \/>\n<meta property=\"og:type\" content=\"article\" \/>\n<meta property=\"og:title\" content=\"900 Millionen Franken f\u00fcr junge Tech-Unternehmen - Organisator\" \/>\n<meta property=\"og:description\" content=\"Die Investitionen in neue Tech-Unternehmen, also wissens- und technologiebasierte Startups, haben sich in den letzten f\u00fcnf Jahren knapp verdreifacht.\" \/>\n<meta property=\"og:url\" content=\"https:\/\/www.organisator.ch\/it\/gestione-2\/finanzen_recht\/2017-01-24\/900-millionen-franken-junge-tech-unternehmen\/\" \/>\n<meta property=\"og:site_name\" content=\"Organisator\" \/>\n<meta property=\"article:publisher\" content=\"https:\/\/www.facebook.com\/OrganisatorFachmagazin\" \/>\n<meta property=\"article:published_time\" content=\"2017-01-24T10:00:11+00:00\" \/>\n<meta property=\"og:image\" content=\"https:\/\/www.organisator.ch\/wp-content\/uploads\/2017\/01\/900-Millionen-Franken-fuer-junge-Tech-Unternehmen_Organisator.jpg\" \/>\n\t<meta property=\"og:image:width\" content=\"424\" \/>\n\t<meta property=\"og:image:height\" content=\"283\" \/>\n\t<meta property=\"og:image:type\" content=\"image\/jpeg\" \/>\n<meta name=\"author\" content=\"thomas.berner\" \/>\n<meta name=\"twitter:card\" content=\"summary_large_image\" \/>\n<script type=\"application\/ld+json\" class=\"yoast-schema-graph\">{\"@context\":\"https:\\\/\\\/schema.org\",\"@graph\":[{\"@type\":\"Article\",\"@id\":\"https:\\\/\\\/www.organisator.ch\\\/management\\\/finanzen_recht\\\/2017-01-24\\\/900-millionen-franken-junge-tech-unternehmen\\\/#article\",\"isPartOf\":{\"@id\":\"https:\\\/\\\/www.organisator.ch\\\/management\\\/finanzen_recht\\\/2017-01-24\\\/900-millionen-franken-junge-tech-unternehmen\\\/\"},\"author\":{\"name\":\"thomas.berner\",\"@id\":\"https:\\\/\\\/www.organisator.ch\\\/#\\\/schema\\\/person\\\/6f650f90b2842cd4c0cc334b4e36f67e\"},\"headline\":\"900 Millionen Franken f\u00fcr junge Tech-Unternehmen\",\"datePublished\":\"2017-01-24T10:00:11+00:00\",\"mainEntityOfPage\":{\"@id\":\"https:\\\/\\\/www.organisator.ch\\\/management\\\/finanzen_recht\\\/2017-01-24\\\/900-millionen-franken-junge-tech-unternehmen\\\/\"},\"wordCount\":395,\"commentCount\":0,\"publisher\":{\"@id\":\"https:\\\/\\\/www.organisator.ch\\\/#organization\"},\"image\":{\"@id\":\"https:\\\/\\\/www.organisator.ch\\\/management\\\/finanzen_recht\\\/2017-01-24\\\/900-millionen-franken-junge-tech-unternehmen\\\/#primaryimage\"},\"thumbnailUrl\":\"https:\\\/\\\/www.organisator.ch\\\/wp-content\\\/uploads\\\/2017\\\/01\\\/900-Millionen-Franken-fuer-junge-Tech-Unternehmen_Organisator.jpg\",\"keywords\":[\"Finanzierung\",\"M\u00e4rkte\",\"Startups\",\"Unternehmen\"],\"articleSection\":[\"FINANZEN\\\/RECHT\"],\"inLanguage\":\"it-IT\"},{\"@type\":\"WebPage\",\"@id\":\"https:\\\/\\\/www.organisator.ch\\\/management\\\/finanzen_recht\\\/2017-01-24\\\/900-millionen-franken-junge-tech-unternehmen\\\/\",\"url\":\"https:\\\/\\\/www.organisator.ch\\\/management\\\/finanzen_recht\\\/2017-01-24\\\/900-millionen-franken-junge-tech-unternehmen\\\/\",\"name\":\"900 Millionen Franken f\u00fcr junge Tech-Unternehmen - Organisator\",\"isPartOf\":{\"@id\":\"https:\\\/\\\/www.organisator.ch\\\/#website\"},\"primaryImageOfPage\":{\"@id\":\"https:\\\/\\\/www.organisator.ch\\\/management\\\/finanzen_recht\\\/2017-01-24\\\/900-millionen-franken-junge-tech-unternehmen\\\/#primaryimage\"},\"image\":{\"@id\":\"https:\\\/\\\/www.organisator.ch\\\/management\\\/finanzen_recht\\\/2017-01-24\\\/900-millionen-franken-junge-tech-unternehmen\\\/#primaryimage\"},\"thumbnailUrl\":\"https:\\\/\\\/www.organisator.ch\\\/wp-content\\\/uploads\\\/2017\\\/01\\\/900-Millionen-Franken-fuer-junge-Tech-Unternehmen_Organisator.jpg\",\"datePublished\":\"2017-01-24T10:00:11+00:00\",\"description\":\"Die Investitionen in neue Tech-Unternehmen, also wissens- und technologiebasierte Startups, haben sich in den letzten f\u00fcnf Jahren knapp verdreifacht.\",\"breadcrumb\":{\"@id\":\"https:\\\/\\\/www.organisator.ch\\\/management\\\/finanzen_recht\\\/2017-01-24\\\/900-millionen-franken-junge-tech-unternehmen\\\/#breadcrumb\"},\"inLanguage\":\"it-IT\",\"potentialAction\":[{\"@type\":\"ReadAction\",\"target\":[\"https:\\\/\\\/www.organisator.ch\\\/management\\\/finanzen_recht\\\/2017-01-24\\\/900-millionen-franken-junge-tech-unternehmen\\\/\"]}]},{\"@type\":\"ImageObject\",\"inLanguage\":\"it-IT\",\"@id\":\"https:\\\/\\\/www.organisator.ch\\\/management\\\/finanzen_recht\\\/2017-01-24\\\/900-millionen-franken-junge-tech-unternehmen\\\/#primaryimage\",\"url\":\"https:\\\/\\\/www.organisator.ch\\\/wp-content\\\/uploads\\\/2017\\\/01\\\/900-Millionen-Franken-fuer-junge-Tech-Unternehmen_Organisator.jpg\",\"contentUrl\":\"https:\\\/\\\/www.organisator.ch\\\/wp-content\\\/uploads\\\/2017\\\/01\\\/900-Millionen-Franken-fuer-junge-Tech-Unternehmen_Organisator.jpg\",\"width\":424,\"height\":283,\"caption\":\"Junge Tech-Unternehmen wurden 2016 mit Venture Capital von \u00fcber 900 Mio. Franken finanziert. (Bild: shock - Fotolia.com)\"},{\"@type\":\"BreadcrumbList\",\"@id\":\"https:\\\/\\\/www.organisator.ch\\\/management\\\/finanzen_recht\\\/2017-01-24\\\/900-millionen-franken-junge-tech-unternehmen\\\/#breadcrumb\",\"itemListElement\":[{\"@type\":\"ListItem\",\"position\":1,\"name\":\"Home\",\"item\":\"https:\\\/\\\/www.organisator.ch\\\/\"},{\"@type\":\"ListItem\",\"position\":2,\"name\":\"900 Millionen Franken f\u00fcr junge Tech-Unternehmen\"}]},{\"@type\":\"WebSite\",\"@id\":\"https:\\\/\\\/www.organisator.ch\\\/#website\",\"url\":\"https:\\\/\\\/www.organisator.ch\\\/\",\"name\":\"Organisator\",\"description\":\"Kompetent. Praxisnah. Der ORGANISATOR bereitet in 10 Ausgaben pro Jahr die wesentlichen Themen f\u00fcr F\u00fchrungskr\u00e4fte von KMU auf.\",\"publisher\":{\"@id\":\"https:\\\/\\\/www.organisator.ch\\\/#organization\"},\"potentialAction\":[{\"@type\":\"SearchAction\",\"target\":{\"@type\":\"EntryPoint\",\"urlTemplate\":\"https:\\\/\\\/www.organisator.ch\\\/?s={search_term_string}\"},\"query-input\":{\"@type\":\"PropertyValueSpecification\",\"valueRequired\":true,\"valueName\":\"search_term_string\"}}],\"inLanguage\":\"it-IT\"},{\"@type\":\"Organization\",\"@id\":\"https:\\\/\\\/www.organisator.ch\\\/#organization\",\"name\":\"Organisator\",\"url\":\"https:\\\/\\\/www.organisator.ch\\\/\",\"logo\":{\"@type\":\"ImageObject\",\"inLanguage\":\"it-IT\",\"@id\":\"https:\\\/\\\/www.organisator.ch\\\/#\\\/schema\\\/logo\\\/image\\\/\",\"url\":\"https:\\\/\\\/www.organisator.ch\\\/wp-content\\\/uploads\\\/2022\\\/01\\\/Logo_Organisator_Website.png\",\"contentUrl\":\"https:\\\/\\\/www.organisator.ch\\\/wp-content\\\/uploads\\\/2022\\\/01\\\/Logo_Organisator_Website.png\",\"width\":800,\"height\":77,\"caption\":\"Organisator\"},\"image\":{\"@id\":\"https:\\\/\\\/www.organisator.ch\\\/#\\\/schema\\\/logo\\\/image\\\/\"},\"sameAs\":[\"https:\\\/\\\/www.facebook.com\\\/OrganisatorFachmagazin\",\"https:\\\/\\\/www.linkedin.com\\\/showcase\\\/organisator-das-magazin-fr-kmu\",\"https:\\\/\\\/www.xing.com\\\/news\\\/pages\\\/organisator-ch-695\",\"https:\\\/\\\/www.youtube.com\\\/channel\\\/UCGP2Sq0iWaZwT3BdIAQFYpw\"]},{\"@type\":\"Person\",\"@id\":\"https:\\\/\\\/www.organisator.ch\\\/#\\\/schema\\\/person\\\/6f650f90b2842cd4c0cc334b4e36f67e\",\"name\":\"thomas.berner\",\"image\":{\"@type\":\"ImageObject\",\"inLanguage\":\"it-IT\",\"@id\":\"https:\\\/\\\/secure.gravatar.com\\\/avatar\\\/ac5001d2a36cb6c6cd3e50789007ffca834b477b74a2144564522e944eabff61?s=96&d=mm&r=g\",\"url\":\"https:\\\/\\\/secure.gravatar.com\\\/avatar\\\/ac5001d2a36cb6c6cd3e50789007ffca834b477b74a2144564522e944eabff61?s=96&d=mm&r=g\",\"contentUrl\":\"https:\\\/\\\/secure.gravatar.com\\\/avatar\\\/ac5001d2a36cb6c6cd3e50789007ffca834b477b74a2144564522e944eabff61?s=96&d=mm&r=g\",\"caption\":\"thomas.berner\"},\"url\":\"https:\\\/\\\/www.organisator.ch\\\/it\\\/author\\\/thomas-berner\\\/\"}]}<\/script>\n<!-- \/ Yoast SEO plugin. -->","yoast_head_json":{"title":"900 milioni di franchi svizzeri per le giovani imprese tecnologiche - Organizzatore","description":"Gli investimenti in nuove imprese tecnologiche, cio\u00e8 in start-up basate sulla conoscenza e sulla tecnologia, sono quasi triplicati negli ultimi cinque anni.","robots":{"index":"index","follow":"follow","max-snippet":"max-snippet:-1","max-image-preview":"max-image-preview:large","max-video-preview":"max-video-preview:-1"},"canonical":"https:\/\/www.organisator.ch\/it\/gestione-2\/finanzen_recht\/2017-01-24\/900-millionen-franken-junge-tech-unternehmen\/","og_locale":"it_IT","og_type":"article","og_title":"900 Millionen Franken f\u00fcr junge Tech-Unternehmen - Organisator","og_description":"Die Investitionen in neue Tech-Unternehmen, also wissens- und technologiebasierte Startups, haben sich in den letzten f\u00fcnf Jahren knapp verdreifacht.","og_url":"https:\/\/www.organisator.ch\/it\/gestione-2\/finanzen_recht\/2017-01-24\/900-millionen-franken-junge-tech-unternehmen\/","og_site_name":"Organisator","article_publisher":"https:\/\/www.facebook.com\/OrganisatorFachmagazin","article_published_time":"2017-01-24T10:00:11+00:00","og_image":[{"width":424,"height":283,"url":"https:\/\/www.organisator.ch\/wp-content\/uploads\/2017\/01\/900-Millionen-Franken-fuer-junge-Tech-Unternehmen_Organisator.jpg","type":"image\/jpeg"}],"author":"thomas.berner","twitter_card":"summary_large_image","schema":{"@context":"https:\/\/schema.org","@graph":[{"@type":"Article","@id":"https:\/\/www.organisator.ch\/management\/finanzen_recht\/2017-01-24\/900-millionen-franken-junge-tech-unternehmen\/#article","isPartOf":{"@id":"https:\/\/www.organisator.ch\/management\/finanzen_recht\/2017-01-24\/900-millionen-franken-junge-tech-unternehmen\/"},"author":{"name":"thomas.berner","@id":"https:\/\/www.organisator.ch\/#\/schema\/person\/6f650f90b2842cd4c0cc334b4e36f67e"},"headline":"900 Millionen Franken f\u00fcr junge Tech-Unternehmen","datePublished":"2017-01-24T10:00:11+00:00","mainEntityOfPage":{"@id":"https:\/\/www.organisator.ch\/management\/finanzen_recht\/2017-01-24\/900-millionen-franken-junge-tech-unternehmen\/"},"wordCount":395,"commentCount":0,"publisher":{"@id":"https:\/\/www.organisator.ch\/#organization"},"image":{"@id":"https:\/\/www.organisator.ch\/management\/finanzen_recht\/2017-01-24\/900-millionen-franken-junge-tech-unternehmen\/#primaryimage"},"thumbnailUrl":"https:\/\/www.organisator.ch\/wp-content\/uploads\/2017\/01\/900-Millionen-Franken-fuer-junge-Tech-Unternehmen_Organisator.jpg","keywords":["Finanzierung","M\u00e4rkte","Startups","Unternehmen"],"articleSection":["FINANZEN\/RECHT"],"inLanguage":"it-IT"},{"@type":"WebPage","@id":"https:\/\/www.organisator.ch\/management\/finanzen_recht\/2017-01-24\/900-millionen-franken-junge-tech-unternehmen\/","url":"https:\/\/www.organisator.ch\/management\/finanzen_recht\/2017-01-24\/900-millionen-franken-junge-tech-unternehmen\/","name":"900 milioni di franchi svizzeri per le giovani imprese tecnologiche - Organizzatore","isPartOf":{"@id":"https:\/\/www.organisator.ch\/#website"},"primaryImageOfPage":{"@id":"https:\/\/www.organisator.ch\/management\/finanzen_recht\/2017-01-24\/900-millionen-franken-junge-tech-unternehmen\/#primaryimage"},"image":{"@id":"https:\/\/www.organisator.ch\/management\/finanzen_recht\/2017-01-24\/900-millionen-franken-junge-tech-unternehmen\/#primaryimage"},"thumbnailUrl":"https:\/\/www.organisator.ch\/wp-content\/uploads\/2017\/01\/900-Millionen-Franken-fuer-junge-Tech-Unternehmen_Organisator.jpg","datePublished":"2017-01-24T10:00:11+00:00","description":"Gli investimenti in nuove imprese tecnologiche, cio\u00e8 in start-up basate sulla conoscenza e sulla tecnologia, sono quasi triplicati negli ultimi cinque anni.","breadcrumb":{"@id":"https:\/\/www.organisator.ch\/management\/finanzen_recht\/2017-01-24\/900-millionen-franken-junge-tech-unternehmen\/#breadcrumb"},"inLanguage":"it-IT","potentialAction":[{"@type":"ReadAction","target":["https:\/\/www.organisator.ch\/management\/finanzen_recht\/2017-01-24\/900-millionen-franken-junge-tech-unternehmen\/"]}]},{"@type":"ImageObject","inLanguage":"it-IT","@id":"https:\/\/www.organisator.ch\/management\/finanzen_recht\/2017-01-24\/900-millionen-franken-junge-tech-unternehmen\/#primaryimage","url":"https:\/\/www.organisator.ch\/wp-content\/uploads\/2017\/01\/900-Millionen-Franken-fuer-junge-Tech-Unternehmen_Organisator.jpg","contentUrl":"https:\/\/www.organisator.ch\/wp-content\/uploads\/2017\/01\/900-Millionen-Franken-fuer-junge-Tech-Unternehmen_Organisator.jpg","width":424,"height":283,"caption":"Junge Tech-Unternehmen wurden 2016 mit Venture Capital von \u00fcber 900 Mio. Franken finanziert. (Bild: shock - Fotolia.com)"},{"@type":"BreadcrumbList","@id":"https:\/\/www.organisator.ch\/management\/finanzen_recht\/2017-01-24\/900-millionen-franken-junge-tech-unternehmen\/#breadcrumb","itemListElement":[{"@type":"ListItem","position":1,"name":"Home","item":"https:\/\/www.organisator.ch\/"},{"@type":"ListItem","position":2,"name":"900 Millionen Franken f\u00fcr junge Tech-Unternehmen"}]},{"@type":"WebSite","@id":"https:\/\/www.organisator.ch\/#website","url":"https:\/\/www.organisator.ch\/","name":"Organizzatore","description":"Competente. Pratico. In 10 numeri all'anno, ORGANISATOR presenta i temi essenziali per i manager delle PMI.","publisher":{"@id":"https:\/\/www.organisator.ch\/#organization"},"potentialAction":[{"@type":"SearchAction","target":{"@type":"EntryPoint","urlTemplate":"https:\/\/www.organisator.ch\/?s={search_term_string}"},"query-input":{"@type":"PropertyValueSpecification","valueRequired":true,"valueName":"search_term_string"}}],"inLanguage":"it-IT"},{"@type":"Organization","@id":"https:\/\/www.organisator.ch\/#organization","name":"Organizzatore","url":"https:\/\/www.organisator.ch\/","logo":{"@type":"ImageObject","inLanguage":"it-IT","@id":"https:\/\/www.organisator.ch\/#\/schema\/logo\/image\/","url":"https:\/\/www.organisator.ch\/wp-content\/uploads\/2022\/01\/Logo_Organisator_Website.png","contentUrl":"https:\/\/www.organisator.ch\/wp-content\/uploads\/2022\/01\/Logo_Organisator_Website.png","width":800,"height":77,"caption":"Organisator"},"image":{"@id":"https:\/\/www.organisator.ch\/#\/schema\/logo\/image\/"},"sameAs":["https:\/\/www.facebook.com\/OrganisatorFachmagazin","https:\/\/www.linkedin.com\/showcase\/organisator-das-magazin-fr-kmu","https:\/\/www.xing.com\/news\/pages\/organisator-ch-695","https:\/\/www.youtube.com\/channel\/UCGP2Sq0iWaZwT3BdIAQFYpw"]},{"@type":"Person","@id":"https:\/\/www.organisator.ch\/#\/schema\/person\/6f650f90b2842cd4c0cc334b4e36f67e","name":"Tommaso.berner","image":{"@type":"ImageObject","inLanguage":"it-IT","@id":"https:\/\/secure.gravatar.com\/avatar\/ac5001d2a36cb6c6cd3e50789007ffca834b477b74a2144564522e944eabff61?s=96&d=mm&r=g","url":"https:\/\/secure.gravatar.com\/avatar\/ac5001d2a36cb6c6cd3e50789007ffca834b477b74a2144564522e944eabff61?s=96&d=mm&r=g","contentUrl":"https:\/\/secure.gravatar.com\/avatar\/ac5001d2a36cb6c6cd3e50789007ffca834b477b74a2144564522e944eabff61?s=96&d=mm&r=g","caption":"thomas.berner"},"url":"https:\/\/www.organisator.ch\/it\/author\/thomas-berner\/"}]}},"_links":{"self":[{"href":"https:\/\/www.organisator.ch\/it\/wp-json\/wp\/v2\/posts\/1399","targetHints":{"allow":["GET"]}}],"collection":[{"href":"https:\/\/www.organisator.ch\/it\/wp-json\/wp\/v2\/posts"}],"about":[{"href":"https:\/\/www.organisator.ch\/it\/wp-json\/wp\/v2\/types\/post"}],"author":[{"embeddable":true,"href":"https:\/\/www.organisator.ch\/it\/wp-json\/wp\/v2\/users\/4"}],"replies":[{"embeddable":true,"href":"https:\/\/www.organisator.ch\/it\/wp-json\/wp\/v2\/comments?post=1399"}],"version-history":[{"count":0,"href":"https:\/\/www.organisator.ch\/it\/wp-json\/wp\/v2\/posts\/1399\/revisions"}],"wp:featuredmedia":[{"embeddable":true,"href":"https:\/\/www.organisator.ch\/it\/wp-json\/wp\/v2\/media\/1401"}],"wp:attachment":[{"href":"https:\/\/www.organisator.ch\/it\/wp-json\/wp\/v2\/media?parent=1399"}],"wp:term":[{"taxonomy":"category","embeddable":true,"href":"https:\/\/www.organisator.ch\/it\/wp-json\/wp\/v2\/categories?post=1399"},{"taxonomy":"post_tag","embeddable":true,"href":"https:\/\/www.organisator.ch\/it\/wp-json\/wp\/v2\/tags?post=1399"}],"curies":[{"name":"wp","href":"https:\/\/api.w.org\/{rel}","templated":true}]}}