{"id":1408,"date":"2017-01-27T09:46:32","date_gmt":"2017-01-27T08:46:32","guid":{"rendered":"https:\/\/organisator.ch\/?p=1408"},"modified":"2017-01-27T09:46:32","modified_gmt":"2017-01-27T08:46:32","slug":"pro-werkplatz-schweiz","status":"publish","type":"post","link":"https:\/\/www.organisator.ch\/it\/allgemein\/2017-01-27\/pro-werkplatz-schweiz\/","title":{"rendered":"Pro Workplace Svizzera"},"content":{"rendered":"<figure id=\"attachment_1411\" aria-describedby=\"caption-attachment-1411\" style=\"width: 640px\" class=\"wp-caption alignnone\"><img loading=\"lazy\" decoding=\"async\" class=\"size-full wp-image-1411\" src=\"https:\/\/www.organisator.ch\/wp-content\/uploads\/2017\/01\/Pro-Werkplatz-Schweiz_Organisator.jpg\" alt=\"\" width=\"640\" height=\"426\" srcset=\"https:\/\/www.organisator.ch\/wp-content\/uploads\/2017\/01\/Pro-Werkplatz-Schweiz_Organisator.jpg 640w, https:\/\/www.organisator.ch\/wp-content\/uploads\/2017\/01\/Pro-Werkplatz-Schweiz_Organisator-16x12.jpg 16w, https:\/\/www.organisator.ch\/wp-content\/uploads\/2017\/01\/Pro-Werkplatz-Schweiz_Organisator-263x175.jpg 263w, https:\/\/www.organisator.ch\/wp-content\/uploads\/2017\/01\/Pro-Werkplatz-Schweiz_Organisator-526x350.jpg 526w, https:\/\/www.organisator.ch\/wp-content\/uploads\/2017\/01\/Pro-Werkplatz-Schweiz_Organisator-300x200.jpg 300w\" sizes=\"auto, (max-width: 640px) 100vw, 640px\" \/><figcaption id=\"caption-attachment-1411\" class=\"wp-caption-text\">Industria 4.0 \u00e8 di fondamentale importanza per la Svizzera come luogo di lavoro. (Immagine: Marc-Steffen Unger)<\/figcaption><\/figure>\n<p>La Svizzera come luogo di lavoro \u00e8 in pericolo. La fiducia delle PMI di essere trattate in modo adeguato alla loro importanza economica e al loro contributo alla prosperit\u00e0 della Svizzera si \u00e8 incrinata e la loro pazienza si \u00e8 esaurita, secondo un comunicato recentemente pubblicato dall'associazione industriale Swissmechanic. Chiede quindi un sostegno economico e politico per la creazione di valore interno dell'industria delle PMI nella Confederazione Svizzera e presso la Banca Nazionale.<\/p>\n<p><strong>Il declino delle PMI e il \"naturale cambiamento strutturale<\/strong><\/p>\n<p>Riconosciuti esperti economici e istituti confermano il singolare divario economico tra le grandi imprese con valore aggiunto all'estero e le piccole imprese nazionali, continua il rapporto. Per Swissmechanic \u00e8 chiaro che \u00e8 la situazione dei tassi di cambio che pone le PMI industriali nazionali in una situazione di svantaggio nazionale e internazionale. Fino al 2010, per esempio, il settore dell'ingegneria meccanica in Germania e in Svizzera si \u00e8 sviluppato in parallelo nonostante i cambiamenti strutturali. Con le cifre del fatturato indicizzato, aggiustato per i giorni lavorativi e con una conversione da CHF in euro, \u00e8 chiaramente evidente che il crollo del fatturato \u00e8 stato innescato dalla forza del franco. Le esportazioni sono crollate e la competitivit\u00e0 dei prezzi dei prodotti svizzeri di qualit\u00e0 non \u00e8 pi\u00f9 data a livello internazionale. C'\u00e8 stato un divario nello sviluppo delle cifre di vendita - innescato dal tasso di cambio.<\/p>\n<p><strong>Franc shock - un blackout, non un \"cambiamento strutturale naturale\"<\/strong><\/p>\n<p>Il fatto \u00e8, agli occhi di Swissmechanic, che i prezzi di vendita dei prodotti nazionali sono stati ancora una volta massicciamente aumentati nel giro di un giorno, ma \u00e8 stato lasciato alle PMI il compito di decidere come mantenere i clienti all'estero nonostante le condizioni di acquisto pi\u00f9 convenienti o come realizzare una riduzione dei costi di 20% - e tutto questo senza capitale per investimenti e senza la possibilit\u00e0 reale di trasferirsi all'estero. E non stiamo parlando di pochi settori di produzione. A parte i prodotti chimici e farmaceutici, l'intera industria \u00e8 colpita dal crollo delle esportazioni. Quindi non \u00e8 solo il settore MEM, ma anche l'alloggio, l'editoria, il commercio, il tessile, e cos\u00ec via. La debolezza dell'industria delle PMI non \u00e8 quindi affatto un \"normale adeguamento strutturale\", ma una conseguenza della forza del franco, continua Swissmechanic.<\/p>\n<p><strong>Ammortizzare la forza del franco svizzero attraverso una politica industriale mirata e vitale<\/strong><\/p>\n<p>Guardando ad altri paesi che attuano una decisa promozione industriale economica e politica nonostante una situazione monetaria stabilizzata, ad esempio Germania, Norvegia, Singapore, Swissmechanic chiede quindi una politica industriale energica per la Svizzera come luogo di produzione e per le piccole e medie imprese commerciali. In particolare:<\/p>\n<ol>\n<li><em>Creazione di un fondo per le PMI:<\/em> Si deve creare un'opportunit\u00e0 d'investimento per fondi pensione, aziende e privati, in modo che il capitale di rischio per gli investimenti sia concesso dalle banche commerciali. Questo denaro della Banca nazionale, della Confederazione e degli investitori deve confluire nella produzione interna della sede svizzera. Per esempio, nell'aggiornamento delle macchine, nell'Industria 4.0, nell'acquisto di impianti, nella robotica, nei progetti di digitalizzazione, nel finanziamento delle successioni, nella formazione continua e nella formazione professionale superiore. Le inadempienze dei prestiti devono essere coperte da garanzie della Banca Nazionale. Gli investimenti resi possibili dal fondo PMI, che contribuiscono a mantenere la competitivit\u00e0, richiedono tempo per l'attuazione e lo sviluppo dei loro effetti. Pertanto, un'ulteriore politica di stabilizzazione della Banca Nazionale durante i prossimi 3 anni \u00e8 importante affinch\u00e9 le PMI utilizzino coerentemente le leve dell'automazione, Industria 4.0, e il progresso non sia polverizzato da un tasso di cambio dell'euro in calo. Allo stesso tempo, viene richiesta una commissione di collocamento per le banche commerciali. L'elaborazione, l'esame e la mediazione dei prestiti per l'innovazione alle PMI industriali devono essere promossi di conseguenza. Quindi non si tratta di regali, ma di fornire capitale di rischio urgentemente necessario per promuovere la Svizzera come luogo di lavoro e i suoi posti di lavoro, il che contribuisce a una situazione win-win per tutte le parti coinvolte.<\/li>\n<li><em>Promozione delle esportazioni delle PMI:<\/em> Si tratta della promozione delle esportazioni e dell'assistenza finanziaria per sostenere l'industria delle PMI svantaggiate nelle attivit\u00e0 all'estero. Per esempio, le vendite, il marketing, le fiere, il lobbying, le associazioni di vendita e di acquisto, le garanzie di esportazione e l'assicurazione del rischio di esportazione.<\/li>\n<\/ol>\n<p>Secondo Swissmechanic, si tratta di preservare l'immagine dei \"prodotti di qualit\u00e0 svizzeri\", che sono altrettanto degni di essere protetti come altre conquiste nazionali e sono una garanzia per la creazione di valore basata sulla competenza. Ora \u00e8 necessario il coraggio di affrontare apertamente la crisi del settore secondario, di non sorvolare su nulla e di elaborare soluzioni pragmatiche che vadano a beneficio di tutto il mondo del lavoro svizzero.<\/p>\n<p><a href=\"http:\/\/www.swissmechanic.ch\">www.swissmechanic.ch<\/a><\/p>","protected":false},"excerpt":{"rendered":"<p>Der Werkplatz Schweiz ist in Gefahr. Das Vertrauen der KMU auf eine angemessene Behandlung entsprechend der volkswirtschaftlichen Bedeutung und ihrer Verdienste um den Wohlstand der Schweiz hat Risse bekommen, die Geduld\u00a0sei ersch\u00f6pft, heisst es in einem k\u00fcrzlich ver\u00f6ffentlichten Communiqu\u00e9 des Der Branchenverbands Swissmechanic. Er\u00a0fordert deshalb die wirtschaftliche und politische Unterst\u00fctzung f\u00fcr die heimische Wertsch\u00f6pfung der [&hellip;]<\/p>\n","protected":false},"author":4,"featured_media":1411,"comment_status":"open","ping_status":"open","sticky":false,"template":"","format":"standard","meta":{"_acf_changed":false,"_yoast_wpseo_focuskw":"Werkplatz Schweiz","_yoast_wpseo_metadesc":"Der Werkplatz Schweiz ist in Gefahr. Das Vertrauen der KMU auf eine angemessene politische Behandlung hat Risse bekommen, die Geduld ist ersch\u00f6pft.","articlekey":"","footnotes":""},"categories":[1],"tags":[340,503,531],"class_list":["post-1408","post","type-post","status-publish","format-standard","has-post-thumbnail","hentry","category-allgemein","tag-maerkte","tag-verbaende","tag-wirtschaftspolitik"],"acf":[],"yoast_head":"<!-- This site is optimized with the Yoast SEO plugin v27.4 - https:\/\/yoast.com\/product\/yoast-seo-wordpress\/ -->\n<title>Pro Werkplatz Schweiz - Organisator<\/title>\n<meta name=\"description\" content=\"Der Werkplatz Schweiz ist in Gefahr. Das Vertrauen der KMU auf eine angemessene politische Behandlung hat Risse bekommen, die Geduld ist ersch\u00f6pft.\" \/>\n<meta name=\"robots\" content=\"index, follow, max-snippet:-1, max-image-preview:large, max-video-preview:-1\" \/>\n<link rel=\"canonical\" href=\"https:\/\/www.organisator.ch\/it\/generale\/2017-01-27\/pro-werkplatz-schweiz\/\" \/>\n<meta property=\"og:locale\" content=\"it_IT\" \/>\n<meta property=\"og:type\" content=\"article\" \/>\n<meta property=\"og:title\" content=\"Pro Werkplatz Schweiz\" \/>\n<meta property=\"og:description\" content=\"F\u00fcr eine echte #Industriepolitik: #Swissmechanic fordert die wirtschaftliche und politische Unterst\u00fctzung f\u00fcr die heimische Wertsch\u00f6pfung der #KMU-Industrie beim Bund und bei der Nationalbank.\" \/>\n<meta property=\"og:url\" content=\"https:\/\/www.organisator.ch\/it\/generale\/2017-01-27\/pro-werkplatz-schweiz\/\" \/>\n<meta property=\"og:site_name\" content=\"Organisator\" \/>\n<meta property=\"article:publisher\" content=\"https:\/\/www.facebook.com\/OrganisatorFachmagazin\" \/>\n<meta property=\"article:published_time\" content=\"2017-01-27T08:46:32+00:00\" \/>\n<meta property=\"og:image\" content=\"https:\/\/www.organisator.ch\/wp-content\/uploads\/2017\/01\/Pro-Werkplatz-Schweiz_Organisator.jpg\" \/>\n\t<meta property=\"og:image:width\" content=\"640\" \/>\n\t<meta property=\"og:image:height\" content=\"426\" \/>\n\t<meta property=\"og:image:type\" content=\"image\/jpeg\" \/>\n<meta name=\"author\" content=\"thomas.berner\" \/>\n<meta name=\"twitter:card\" content=\"summary_large_image\" \/>\n<meta name=\"twitter:title\" content=\"#ProWerkplatzSchweiz. #Swissmechanic fordert die wirtschaftliche und politische Unterst\u00fctzung f\u00fcr die heimische Wertsch\u00f6pfung der #KMU-Industrie\" \/>\n<meta name=\"twitter:description\" content=\"F\u00fcr eine echte #Industriepolitik: #Swissmechanic fordert die wirtschaftliche und politische Unterst\u00fctzung f\u00fcr die heimische Wertsch\u00f6pfung der #KMU-Industrie beim Bund und bei der Nationalbank.\" \/>\n<meta name=\"twitter:image\" content=\"https:\/\/www.organisator.ch\/wp-content\/uploads\/2017\/01\/Pro-Werkplatz-Schweiz_Organisator.jpg\" \/>\n<script type=\"application\/ld+json\" class=\"yoast-schema-graph\">{\"@context\":\"https:\\\/\\\/schema.org\",\"@graph\":[{\"@type\":\"Article\",\"@id\":\"https:\\\/\\\/www.organisator.ch\\\/de\\\/allgemein\\\/2017-01-27\\\/pro-werkplatz-schweiz\\\/#article\",\"isPartOf\":{\"@id\":\"https:\\\/\\\/www.organisator.ch\\\/de\\\/allgemein\\\/2017-01-27\\\/pro-werkplatz-schweiz\\\/\"},\"author\":{\"name\":\"thomas.berner\",\"@id\":\"https:\\\/\\\/www.organisator.ch\\\/#\\\/schema\\\/person\\\/6f650f90b2842cd4c0cc334b4e36f67e\"},\"headline\":\"Pro Werkplatz Schweiz\",\"datePublished\":\"2017-01-27T08:46:32+00:00\",\"mainEntityOfPage\":{\"@id\":\"https:\\\/\\\/www.organisator.ch\\\/de\\\/allgemein\\\/2017-01-27\\\/pro-werkplatz-schweiz\\\/\"},\"wordCount\":703,\"commentCount\":1,\"publisher\":{\"@id\":\"https:\\\/\\\/www.organisator.ch\\\/#organization\"},\"image\":{\"@id\":\"https:\\\/\\\/www.organisator.ch\\\/de\\\/allgemein\\\/2017-01-27\\\/pro-werkplatz-schweiz\\\/#primaryimage\"},\"thumbnailUrl\":\"https:\\\/\\\/www.organisator.ch\\\/wp-content\\\/uploads\\\/2017\\\/01\\\/Pro-Werkplatz-Schweiz_Organisator.jpg\",\"keywords\":[\"M\u00e4rkte\",\"Verb\u00e4nde\",\"Wirtschaftspolitik\"],\"articleSection\":[\"Allgemein\"],\"inLanguage\":\"it-IT\"},{\"@type\":\"WebPage\",\"@id\":\"https:\\\/\\\/www.organisator.ch\\\/de\\\/allgemein\\\/2017-01-27\\\/pro-werkplatz-schweiz\\\/\",\"url\":\"https:\\\/\\\/www.organisator.ch\\\/de\\\/allgemein\\\/2017-01-27\\\/pro-werkplatz-schweiz\\\/\",\"name\":\"Pro Werkplatz Schweiz - Organisator\",\"isPartOf\":{\"@id\":\"https:\\\/\\\/www.organisator.ch\\\/#website\"},\"primaryImageOfPage\":{\"@id\":\"https:\\\/\\\/www.organisator.ch\\\/de\\\/allgemein\\\/2017-01-27\\\/pro-werkplatz-schweiz\\\/#primaryimage\"},\"image\":{\"@id\":\"https:\\\/\\\/www.organisator.ch\\\/de\\\/allgemein\\\/2017-01-27\\\/pro-werkplatz-schweiz\\\/#primaryimage\"},\"thumbnailUrl\":\"https:\\\/\\\/www.organisator.ch\\\/wp-content\\\/uploads\\\/2017\\\/01\\\/Pro-Werkplatz-Schweiz_Organisator.jpg\",\"datePublished\":\"2017-01-27T08:46:32+00:00\",\"description\":\"Der Werkplatz Schweiz ist in Gefahr. Das Vertrauen der KMU auf eine angemessene politische Behandlung hat Risse bekommen, die Geduld ist ersch\u00f6pft.\",\"breadcrumb\":{\"@id\":\"https:\\\/\\\/www.organisator.ch\\\/de\\\/allgemein\\\/2017-01-27\\\/pro-werkplatz-schweiz\\\/#breadcrumb\"},\"inLanguage\":\"it-IT\",\"potentialAction\":[{\"@type\":\"ReadAction\",\"target\":[\"https:\\\/\\\/www.organisator.ch\\\/de\\\/allgemein\\\/2017-01-27\\\/pro-werkplatz-schweiz\\\/\"]}]},{\"@type\":\"ImageObject\",\"inLanguage\":\"it-IT\",\"@id\":\"https:\\\/\\\/www.organisator.ch\\\/de\\\/allgemein\\\/2017-01-27\\\/pro-werkplatz-schweiz\\\/#primaryimage\",\"url\":\"https:\\\/\\\/www.organisator.ch\\\/wp-content\\\/uploads\\\/2017\\\/01\\\/Pro-Werkplatz-Schweiz_Organisator.jpg\",\"contentUrl\":\"https:\\\/\\\/www.organisator.ch\\\/wp-content\\\/uploads\\\/2017\\\/01\\\/Pro-Werkplatz-Schweiz_Organisator.jpg\",\"width\":640,\"height\":426,\"caption\":\"Industrie 4.0 ist f\u00fcr den Werkplatz Schweiz von entscheidender Bedeutung. (Bild: Marc-Steffen Unger)\"},{\"@type\":\"BreadcrumbList\",\"@id\":\"https:\\\/\\\/www.organisator.ch\\\/de\\\/allgemein\\\/2017-01-27\\\/pro-werkplatz-schweiz\\\/#breadcrumb\",\"itemListElement\":[{\"@type\":\"ListItem\",\"position\":1,\"name\":\"Home\",\"item\":\"https:\\\/\\\/www.organisator.ch\\\/\"},{\"@type\":\"ListItem\",\"position\":2,\"name\":\"Pro Werkplatz Schweiz\"}]},{\"@type\":\"WebSite\",\"@id\":\"https:\\\/\\\/www.organisator.ch\\\/#website\",\"url\":\"https:\\\/\\\/www.organisator.ch\\\/\",\"name\":\"Organisator\",\"description\":\"Kompetent. Praxisnah. Der ORGANISATOR bereitet in 10 Ausgaben pro Jahr die wesentlichen Themen f\u00fcr F\u00fchrungskr\u00e4fte von KMU auf.\",\"publisher\":{\"@id\":\"https:\\\/\\\/www.organisator.ch\\\/#organization\"},\"potentialAction\":[{\"@type\":\"SearchAction\",\"target\":{\"@type\":\"EntryPoint\",\"urlTemplate\":\"https:\\\/\\\/www.organisator.ch\\\/?s={search_term_string}\"},\"query-input\":{\"@type\":\"PropertyValueSpecification\",\"valueRequired\":true,\"valueName\":\"search_term_string\"}}],\"inLanguage\":\"it-IT\"},{\"@type\":\"Organization\",\"@id\":\"https:\\\/\\\/www.organisator.ch\\\/#organization\",\"name\":\"Organisator\",\"url\":\"https:\\\/\\\/www.organisator.ch\\\/\",\"logo\":{\"@type\":\"ImageObject\",\"inLanguage\":\"it-IT\",\"@id\":\"https:\\\/\\\/www.organisator.ch\\\/#\\\/schema\\\/logo\\\/image\\\/\",\"url\":\"https:\\\/\\\/www.organisator.ch\\\/wp-content\\\/uploads\\\/2022\\\/01\\\/Logo_Organisator_Website.png\",\"contentUrl\":\"https:\\\/\\\/www.organisator.ch\\\/wp-content\\\/uploads\\\/2022\\\/01\\\/Logo_Organisator_Website.png\",\"width\":800,\"height\":77,\"caption\":\"Organisator\"},\"image\":{\"@id\":\"https:\\\/\\\/www.organisator.ch\\\/#\\\/schema\\\/logo\\\/image\\\/\"},\"sameAs\":[\"https:\\\/\\\/www.facebook.com\\\/OrganisatorFachmagazin\",\"https:\\\/\\\/www.linkedin.com\\\/showcase\\\/organisator-das-magazin-fr-kmu\",\"https:\\\/\\\/www.xing.com\\\/news\\\/pages\\\/organisator-ch-695\",\"https:\\\/\\\/www.youtube.com\\\/channel\\\/UCGP2Sq0iWaZwT3BdIAQFYpw\"]},{\"@type\":\"Person\",\"@id\":\"https:\\\/\\\/www.organisator.ch\\\/#\\\/schema\\\/person\\\/6f650f90b2842cd4c0cc334b4e36f67e\",\"name\":\"thomas.berner\",\"image\":{\"@type\":\"ImageObject\",\"inLanguage\":\"it-IT\",\"@id\":\"https:\\\/\\\/secure.gravatar.com\\\/avatar\\\/ac5001d2a36cb6c6cd3e50789007ffca834b477b74a2144564522e944eabff61?s=96&d=mm&r=g\",\"url\":\"https:\\\/\\\/secure.gravatar.com\\\/avatar\\\/ac5001d2a36cb6c6cd3e50789007ffca834b477b74a2144564522e944eabff61?s=96&d=mm&r=g\",\"contentUrl\":\"https:\\\/\\\/secure.gravatar.com\\\/avatar\\\/ac5001d2a36cb6c6cd3e50789007ffca834b477b74a2144564522e944eabff61?s=96&d=mm&r=g\",\"caption\":\"thomas.berner\"},\"url\":\"https:\\\/\\\/www.organisator.ch\\\/it\\\/author\\\/thomas-berner\\\/\"}]}<\/script>\n<!-- \/ Yoast SEO plugin. -->","yoast_head_json":{"title":"Pro Werkplatz Schweiz - Organizzatore","description":"La Svizzera come luogo di lavoro \u00e8 in pericolo. La fiducia delle PMI in un trattamento politico adeguato si \u00e8 incrinata, la loro pazienza \u00e8 esaurita.","robots":{"index":"index","follow":"follow","max-snippet":"max-snippet:-1","max-image-preview":"max-image-preview:large","max-video-preview":"max-video-preview:-1"},"canonical":"https:\/\/www.organisator.ch\/it\/generale\/2017-01-27\/pro-werkplatz-schweiz\/","og_locale":"it_IT","og_type":"article","og_title":"Pro Werkplatz Schweiz","og_description":"F\u00fcr eine echte #Industriepolitik: #Swissmechanic fordert die wirtschaftliche und politische Unterst\u00fctzung f\u00fcr die heimische Wertsch\u00f6pfung der #KMU-Industrie beim Bund und bei der Nationalbank.","og_url":"https:\/\/www.organisator.ch\/it\/generale\/2017-01-27\/pro-werkplatz-schweiz\/","og_site_name":"Organisator","article_publisher":"https:\/\/www.facebook.com\/OrganisatorFachmagazin","article_published_time":"2017-01-27T08:46:32+00:00","og_image":[{"width":640,"height":426,"url":"https:\/\/www.organisator.ch\/wp-content\/uploads\/2017\/01\/Pro-Werkplatz-Schweiz_Organisator.jpg","type":"image\/jpeg"}],"author":"thomas.berner","twitter_card":"summary_large_image","twitter_title":"#ProWerkplatzSchweiz. #Swissmechanic fordert die wirtschaftliche und politische Unterst\u00fctzung f\u00fcr die heimische Wertsch\u00f6pfung der #KMU-Industrie","twitter_description":"F\u00fcr eine echte #Industriepolitik: #Swissmechanic fordert die wirtschaftliche und politische Unterst\u00fctzung f\u00fcr die heimische Wertsch\u00f6pfung der #KMU-Industrie beim Bund und bei der Nationalbank.","twitter_image":"https:\/\/www.organisator.ch\/wp-content\/uploads\/2017\/01\/Pro-Werkplatz-Schweiz_Organisator.jpg","schema":{"@context":"https:\/\/schema.org","@graph":[{"@type":"Article","@id":"https:\/\/www.organisator.ch\/de\/allgemein\/2017-01-27\/pro-werkplatz-schweiz\/#article","isPartOf":{"@id":"https:\/\/www.organisator.ch\/de\/allgemein\/2017-01-27\/pro-werkplatz-schweiz\/"},"author":{"name":"thomas.berner","@id":"https:\/\/www.organisator.ch\/#\/schema\/person\/6f650f90b2842cd4c0cc334b4e36f67e"},"headline":"Pro Werkplatz Schweiz","datePublished":"2017-01-27T08:46:32+00:00","mainEntityOfPage":{"@id":"https:\/\/www.organisator.ch\/de\/allgemein\/2017-01-27\/pro-werkplatz-schweiz\/"},"wordCount":703,"commentCount":1,"publisher":{"@id":"https:\/\/www.organisator.ch\/#organization"},"image":{"@id":"https:\/\/www.organisator.ch\/de\/allgemein\/2017-01-27\/pro-werkplatz-schweiz\/#primaryimage"},"thumbnailUrl":"https:\/\/www.organisator.ch\/wp-content\/uploads\/2017\/01\/Pro-Werkplatz-Schweiz_Organisator.jpg","keywords":["M\u00e4rkte","Verb\u00e4nde","Wirtschaftspolitik"],"articleSection":["Allgemein"],"inLanguage":"it-IT"},{"@type":"WebPage","@id":"https:\/\/www.organisator.ch\/de\/allgemein\/2017-01-27\/pro-werkplatz-schweiz\/","url":"https:\/\/www.organisator.ch\/de\/allgemein\/2017-01-27\/pro-werkplatz-schweiz\/","name":"Pro Werkplatz Schweiz - Organizzatore","isPartOf":{"@id":"https:\/\/www.organisator.ch\/#website"},"primaryImageOfPage":{"@id":"https:\/\/www.organisator.ch\/de\/allgemein\/2017-01-27\/pro-werkplatz-schweiz\/#primaryimage"},"image":{"@id":"https:\/\/www.organisator.ch\/de\/allgemein\/2017-01-27\/pro-werkplatz-schweiz\/#primaryimage"},"thumbnailUrl":"https:\/\/www.organisator.ch\/wp-content\/uploads\/2017\/01\/Pro-Werkplatz-Schweiz_Organisator.jpg","datePublished":"2017-01-27T08:46:32+00:00","description":"La Svizzera come luogo di lavoro \u00e8 in pericolo. La fiducia delle PMI in un trattamento politico adeguato si \u00e8 incrinata, la loro pazienza \u00e8 esaurita.","breadcrumb":{"@id":"https:\/\/www.organisator.ch\/de\/allgemein\/2017-01-27\/pro-werkplatz-schweiz\/#breadcrumb"},"inLanguage":"it-IT","potentialAction":[{"@type":"ReadAction","target":["https:\/\/www.organisator.ch\/de\/allgemein\/2017-01-27\/pro-werkplatz-schweiz\/"]}]},{"@type":"ImageObject","inLanguage":"it-IT","@id":"https:\/\/www.organisator.ch\/de\/allgemein\/2017-01-27\/pro-werkplatz-schweiz\/#primaryimage","url":"https:\/\/www.organisator.ch\/wp-content\/uploads\/2017\/01\/Pro-Werkplatz-Schweiz_Organisator.jpg","contentUrl":"https:\/\/www.organisator.ch\/wp-content\/uploads\/2017\/01\/Pro-Werkplatz-Schweiz_Organisator.jpg","width":640,"height":426,"caption":"Industrie 4.0 ist f\u00fcr den Werkplatz Schweiz von entscheidender Bedeutung. (Bild: Marc-Steffen Unger)"},{"@type":"BreadcrumbList","@id":"https:\/\/www.organisator.ch\/de\/allgemein\/2017-01-27\/pro-werkplatz-schweiz\/#breadcrumb","itemListElement":[{"@type":"ListItem","position":1,"name":"Home","item":"https:\/\/www.organisator.ch\/"},{"@type":"ListItem","position":2,"name":"Pro Werkplatz Schweiz"}]},{"@type":"WebSite","@id":"https:\/\/www.organisator.ch\/#website","url":"https:\/\/www.organisator.ch\/","name":"Organizzatore","description":"Competente. Pratico. In 10 numeri all'anno, ORGANISATOR presenta i temi essenziali per i manager delle PMI.","publisher":{"@id":"https:\/\/www.organisator.ch\/#organization"},"potentialAction":[{"@type":"SearchAction","target":{"@type":"EntryPoint","urlTemplate":"https:\/\/www.organisator.ch\/?s={search_term_string}"},"query-input":{"@type":"PropertyValueSpecification","valueRequired":true,"valueName":"search_term_string"}}],"inLanguage":"it-IT"},{"@type":"Organization","@id":"https:\/\/www.organisator.ch\/#organization","name":"Organizzatore","url":"https:\/\/www.organisator.ch\/","logo":{"@type":"ImageObject","inLanguage":"it-IT","@id":"https:\/\/www.organisator.ch\/#\/schema\/logo\/image\/","url":"https:\/\/www.organisator.ch\/wp-content\/uploads\/2022\/01\/Logo_Organisator_Website.png","contentUrl":"https:\/\/www.organisator.ch\/wp-content\/uploads\/2022\/01\/Logo_Organisator_Website.png","width":800,"height":77,"caption":"Organisator"},"image":{"@id":"https:\/\/www.organisator.ch\/#\/schema\/logo\/image\/"},"sameAs":["https:\/\/www.facebook.com\/OrganisatorFachmagazin","https:\/\/www.linkedin.com\/showcase\/organisator-das-magazin-fr-kmu","https:\/\/www.xing.com\/news\/pages\/organisator-ch-695","https:\/\/www.youtube.com\/channel\/UCGP2Sq0iWaZwT3BdIAQFYpw"]},{"@type":"Person","@id":"https:\/\/www.organisator.ch\/#\/schema\/person\/6f650f90b2842cd4c0cc334b4e36f67e","name":"Tommaso.berner","image":{"@type":"ImageObject","inLanguage":"it-IT","@id":"https:\/\/secure.gravatar.com\/avatar\/ac5001d2a36cb6c6cd3e50789007ffca834b477b74a2144564522e944eabff61?s=96&d=mm&r=g","url":"https:\/\/secure.gravatar.com\/avatar\/ac5001d2a36cb6c6cd3e50789007ffca834b477b74a2144564522e944eabff61?s=96&d=mm&r=g","contentUrl":"https:\/\/secure.gravatar.com\/avatar\/ac5001d2a36cb6c6cd3e50789007ffca834b477b74a2144564522e944eabff61?s=96&d=mm&r=g","caption":"thomas.berner"},"url":"https:\/\/www.organisator.ch\/it\/author\/thomas-berner\/"}]}},"_links":{"self":[{"href":"https:\/\/www.organisator.ch\/it\/wp-json\/wp\/v2\/posts\/1408","targetHints":{"allow":["GET"]}}],"collection":[{"href":"https:\/\/www.organisator.ch\/it\/wp-json\/wp\/v2\/posts"}],"about":[{"href":"https:\/\/www.organisator.ch\/it\/wp-json\/wp\/v2\/types\/post"}],"author":[{"embeddable":true,"href":"https:\/\/www.organisator.ch\/it\/wp-json\/wp\/v2\/users\/4"}],"replies":[{"embeddable":true,"href":"https:\/\/www.organisator.ch\/it\/wp-json\/wp\/v2\/comments?post=1408"}],"version-history":[{"count":0,"href":"https:\/\/www.organisator.ch\/it\/wp-json\/wp\/v2\/posts\/1408\/revisions"}],"wp:featuredmedia":[{"embeddable":true,"href":"https:\/\/www.organisator.ch\/it\/wp-json\/wp\/v2\/media\/1411"}],"wp:attachment":[{"href":"https:\/\/www.organisator.ch\/it\/wp-json\/wp\/v2\/media?parent=1408"}],"wp:term":[{"taxonomy":"category","embeddable":true,"href":"https:\/\/www.organisator.ch\/it\/wp-json\/wp\/v2\/categories?post=1408"},{"taxonomy":"post_tag","embeddable":true,"href":"https:\/\/www.organisator.ch\/it\/wp-json\/wp\/v2\/tags?post=1408"}],"curies":[{"name":"wp","href":"https:\/\/api.w.org\/{rel}","templated":true}]}}