{"id":1416,"date":"2017-01-27T10:25:33","date_gmt":"2017-01-27T09:25:33","guid":{"rendered":"https:\/\/organisator.ch\/?p=1416"},"modified":"2017-01-27T10:25:33","modified_gmt":"2017-01-27T09:25:33","slug":"die-sechs-finalisten-des-prix-svc-espace-mittelland-2017","status":"publish","type":"post","link":"https:\/\/www.organisator.ch\/it\/allgemein\/2017-01-27\/die-sechs-finalisten-des-prix-svc-espace-mittelland-2017\/","title":{"rendered":"I sei finalisti del Prix SVC Espace Mittelland 2017"},"content":{"rendered":"<figure id=\"attachment_1418\" aria-describedby=\"caption-attachment-1418\" style=\"width: 595px\" class=\"wp-caption alignnone\"><img loading=\"lazy\" decoding=\"async\" class=\"size-full wp-image-1418\" src=\"https:\/\/www.organisator.ch\/wp-content\/uploads\/2017\/01\/Die-sechs-Finalisten-des-SVC-Espace-Mittelland-2017.jpg\" alt=\"\" width=\"595\" height=\"480\" srcset=\"https:\/\/www.organisator.ch\/wp-content\/uploads\/2017\/01\/Die-sechs-Finalisten-des-SVC-Espace-Mittelland-2017.jpg 595w, https:\/\/www.organisator.ch\/wp-content\/uploads\/2017\/01\/Die-sechs-Finalisten-des-SVC-Espace-Mittelland-2017-16x12.jpg 16w, https:\/\/www.organisator.ch\/wp-content\/uploads\/2017\/01\/Die-sechs-Finalisten-des-SVC-Espace-Mittelland-2017-217x175.jpg 217w, https:\/\/www.organisator.ch\/wp-content\/uploads\/2017\/01\/Die-sechs-Finalisten-des-SVC-Espace-Mittelland-2017-434x350.jpg 434w, https:\/\/www.organisator.ch\/wp-content\/uploads\/2017\/01\/Die-sechs-Finalisten-des-SVC-Espace-Mittelland-2017-300x242.jpg 300w\" sizes=\"auto, (max-width: 595px) 100vw, 595px\" \/><figcaption id=\"caption-attachment-1418\" class=\"wp-caption-text\">I finalisti del Prix SVC Espace Mittelland (da sinistra a destra): Ernst K\u00fchni (K\u00fchni AG), Serge Michel e Claude Greisler (Armin Strohm AG), Alex Naef (Carrosserie HESS AG), Daniel Heiniger (Heiniger AG), Reto Reist (Moser-Baer AG) e Beat Furrer (Furrer + Frey AG).<\/figcaption><\/figure>\n<p>Lo Swiss Venture Club SVC assegna il Prix SVC Espace Mittelland alle PMI esemplari di questa regione che impressionano per i loro prodotti e servizi, le innovazioni, la cultura aziendale, la qualit\u00e0 dei loro dipendenti e del loro management, cos\u00ec come il loro track record sostenibile e il loro radicamento regionale. Le seguenti sei storie di successo saranno presentate l'8 marzo nel Kursaal di Berna ad un pubblico atteso di circa 1400 ospiti (in ordine alfabetico):<\/p>\n<ul>\n<li id=\"BereichDet7408_CMSBereichDetContent\" class=\"Modul6_ContentDiv\"><strong><a href=\"https:\/\/www.arminstrom.com\/de\/\">Armin Strom AG, Biel<\/a>: <\/strong>La storia della Uhrenmanufaktur Armin Strom AG inizia con il fondatore e omonimo dell'azienda, Armin Strom, che apr\u00ec il suo primo negozio specializzato in orologi a Burgdorf nel 1967. Dal 2009, l'azienda sviluppa e produce movimenti di orologi di altissima qualit\u00e0 nella propria manifattura sotto la direzione di Serge Michel e del designer Claude Greisler. Gli orologi di Armin Strom AG convincono con una meccanica trasparente e un design espressivo e sono distribuiti in tutto il mondo. L'azienda ha sede a Biel e impiega 23 persone.<\/li>\n<li class=\"Modul6_ContentDiv\"><strong><a href=\"http:\/\/www.furrerfrey.ch\/de.html\">Furrer + Frey AG, Berna<\/a>: <\/strong>L'azienda familiare per i sistemi di catenaria \u00e8 stata fondata nel 1923 da Emil Furrer e Arnold Frey. Oggi, Furrer + Frey \u00e8 gestito da Beat e Rico Furrer nella terza e quarta generazione. L'azienda sviluppa, progetta e costruisce linee aeree di contatto per ferrovie, ferrovie leggere e filobus. Grazie a innovazioni come la rotaia conduttrice aerea o la stazione di ricarica rapida per gli autobus elettrici, l'azienda a conduzione familiare \u00e8 in grado di tenere testa con successo al mercato. L'azienda ha sede a Berna e ha filiali a Montreux, Zurigo, Bellinzona, Berlino, Londra, Roma e Guangzhou, e impiega 270 persone.<\/li>\n<li class=\"Modul6_ContentDiv\"><strong><a href=\"http:\/\/heiniger.com\/\">Heiniger AG, Herzogenbuchsee<\/a>: <\/strong>La Heiniger AG, con sede a Herzogenbuchsee, \u00e8 stata fondata nel 1946 da Hermann Heiniger. L'azienda \u00e8 leader nella fabbricazione di prodotti per la tosatura degli animali: In tutto il mondo, milioni di animali da fattoria come pecore, mucche, cavalli, cani e cammelli vengono tosati e curati con le attrezzature e i prodotti Heiniger. I prodotti sono sviluppati e fabbricati in Svizzera. L'azienda di famiglia \u00e8 stata sotto la direzione di Werner Heiniger dal 1983 al 2012 ed \u00e8 ora gestita nella terza generazione dal CEO Daniel Heiniger.  Impiega pi\u00f9 di 100 persone, di cui 33 nella filiale in Australia e otto in Nuova Zelanda.<\/li>\n<li class=\"Modul6_ContentDiv\"><strong><a href=\"http:\/\/www.hess-ag.ch\/de\/index.php\">HESS Carrosserie AG, Bellach<\/a>: <\/strong>La HESS Carrosserie AG, giunta alla quinta generazione, \u00e8 stata fondata nel 1882 da Heinrich Hess come bottega di falegname e fabbro. Oggi l'azienda produce autobus, filobus e veicoli commerciali. HESS produce esclusivamente in Svizzera, ma sposta le persone da A a B in tutto il mondo. Insieme ai licenziatari internazionali, vengono prodotti circa 2400 autobus ogni anno. Il CEO Alex Naef attribuisce grande importanza alla sostenibilit\u00e0 e alle soluzioni di trasporto ecologiche. L'azienda impiega 250 persone e 25 apprendisti.<\/li>\n<li class=\"Modul6_ContentDiv\"><strong><a href=\"http:\/\/www.kuehni-ag.ch\/\">K\u00fchni AG, Ramsei<\/a>: <\/strong>K\u00fchni AG crea spazi abitativi in legno. In pochi anni, la falegnameria originale del 1989 \u00e8 diventata un'azienda leader a livello nazionale nel settore delle costruzioni in legno con le sue attivit\u00e0 di carpenteria, falegnameria, pavimentazione e general contracting. L'azienda a conduzione familiare offre una gamma completa di servizi, dalla falegnameria e il parquet in legno pregiato alla costruzione di case chiavi in mano. Con 165 dipendenti, di cui 34 in formazione, la K\u00fchni AG \u00e8 un importante datore di lavoro nella regione. L'azienda \u00e8 gestita da Ernst K\u00fchni, Ulrich K\u00fchni, Ueli Haldemann e Markus Gerber.<\/li>\n<li class=\"Modul6_ContentDiv\"><strong><a href=\"http:\/\/www.moser-baer.ch\/home\/\">Moser-Baer AG, Sumiswald<\/a>: <\/strong>Precisione nel tempo e nella tecnologia, questo \u00e8 ci\u00f2 che la Moser-Baer AG di Emmental rappresenta da circa 75 anni. Con il suo marchio MOBATIME, l'azienda \u00e8 leader nello sviluppo, produzione e vendita di sistemi di orologi, sistemi orari e riferimenti temporali. Che sia analogico o digitale, decine di migliaia di sistemi dell'azienda a conduzione familiare sono in funzione negli aeroporti, nelle stazioni ferroviarie e negli ospedali di tutto il mondo. La Moser-Baer di Sumiswald \u00e8 guidata dal CEO Reto Reist e impiega 90 persone e 20 apprendisti.<\/li>\n<\/ul>\n<p>Quindi ci dovrebbe essere molta emozione alla cerimonia di premiazione del Prix SVC Espace Mittelland 2017.<\/p>\n<p>Informazioni: <a href=\"http:\/\/www.swiss-venture-club.ch\">www.swiss-venture-club.ch<\/a><\/p>","protected":false},"excerpt":{"rendered":"<p>Der Swiss Venture Club SVC\u00a0zeichnet mit dem Prix SVC Espace Mittelland vorbildliche KMU aus dieser Region aus, die durch ihre Produkte und Dienstleistungen, Innovationen, Firmenkultur, durch die Qualit\u00e4t der Mitarbeitenden und des Managements sowie durch einen nachhaltigen Erfolgsausweis und eine regionale Verankerung \u00fcberzeugen. Um folgende sechs Erfolgsgeschichten\u00a0wird es am 8. M\u00e4rz im Kursaal Bern vor\u00a0erwarteten [&hellip;]<\/p>\n","protected":false},"author":4,"featured_media":1418,"comment_status":"open","ping_status":"open","sticky":false,"template":"","format":"standard","meta":{"_acf_changed":false,"_yoast_wpseo_focuskw":"Prix SVC Espace Mittelland","_yoast_wpseo_metadesc":"Seit 2003 wird der Prix SVC Espace Mittelland vergeben, 2017 bereits zum zw\u00f6lften Mal. Die Preisverleihung findet am 8. M\u00e4rz 2017 im Kursaal Bern statt.","articlekey":"","footnotes":""},"categories":[1],"tags":[66,492,502],"class_list":["post-1416","post","type-post","status-publish","format-standard","has-post-thumbnail","hentry","category-allgemein","tag-awards","tag-unternehmen","tag-veranstaltungen"],"acf":[],"yoast_head":"<!-- This site is optimized with the Yoast SEO plugin v27.5 - https:\/\/yoast.com\/product\/yoast-seo-wordpress\/ -->\n<title>Die sechs Finalisten des Prix SVC Espace Mittelland 2017 - Organisator<\/title>\n<meta name=\"description\" content=\"Seit 2003 wird der Prix SVC Espace Mittelland vergeben, 2017 bereits zum zw\u00f6lften Mal. Die Preisverleihung findet am 8. M\u00e4rz 2017 im Kursaal Bern statt.\" \/>\n<meta name=\"robots\" content=\"index, follow, max-snippet:-1, max-image-preview:large, max-video-preview:-1\" \/>\n<link rel=\"canonical\" href=\"https:\/\/www.organisator.ch\/it\/generale\/2017-01-27\/die-sechs-finalisten-des-prix-svc-espace-mittelland-2017\/\" \/>\n<meta property=\"og:locale\" content=\"it_IT\" \/>\n<meta property=\"og:type\" content=\"article\" \/>\n<meta property=\"og:title\" content=\"Die sechs Finalisten des Prix SVC Espace Mittelland 2017\" \/>\n<meta property=\"og:description\" content=\"Seit 2003 wird der #PrixSVCEspaceMittelland vergeben, 2017 bereits zum zw\u00f6lften Mal. Die #Preisverleihung findet am 8. M\u00e4rz 2017 im #KursaalBern statt. Im Final stehen wiederum sechs KMU.\" \/>\n<meta property=\"og:url\" content=\"https:\/\/www.organisator.ch\/it\/generale\/2017-01-27\/die-sechs-finalisten-des-prix-svc-espace-mittelland-2017\/\" \/>\n<meta property=\"og:site_name\" content=\"Organisator\" \/>\n<meta property=\"article:publisher\" content=\"https:\/\/www.facebook.com\/OrganisatorFachmagazin\" \/>\n<meta property=\"article:published_time\" content=\"2017-01-27T09:25:33+00:00\" \/>\n<meta property=\"og:image\" content=\"https:\/\/www.organisator.ch\/wp-content\/uploads\/2017\/01\/Die-sechs-Finalisten-des-SVC-Espace-Mittelland-2017.jpg\" \/>\n\t<meta property=\"og:image:width\" content=\"595\" \/>\n\t<meta property=\"og:image:height\" content=\"480\" \/>\n\t<meta property=\"og:image:type\" content=\"image\/jpeg\" \/>\n<meta name=\"author\" content=\"thomas.berner\" \/>\n<meta name=\"twitter:card\" content=\"summary_large_image\" \/>\n<meta name=\"twitter:title\" content=\"Die sechs Finalisten des #PrixSVC #EspaceMittelland 2017. #FinalistenPrixSVCEspaceMittelland\" \/>\n<meta name=\"twitter:description\" content=\"Seit 2003 wird der #PrixSVCEspaceMittelland vergeben, 2017 bereits zum zw\u00f6lften Mal. Die #Preisverleihung findet am 8. M\u00e4rz 2017 im #KursaalBern statt. Im Final stehen wiederum sechs KMU.\" \/>\n<meta name=\"twitter:image\" content=\"https:\/\/www.organisator.ch\/wp-content\/uploads\/2017\/01\/Die-sechs-Finalisten-des-SVC-Espace-Mittelland-2017.jpg\" \/>\n<script type=\"application\/ld+json\" class=\"yoast-schema-graph\">{\"@context\":\"https:\\\/\\\/schema.org\",\"@graph\":[{\"@type\":\"Article\",\"@id\":\"https:\\\/\\\/www.organisator.ch\\\/en\\\/general\\\/2017-01-27\\\/die-sechs-finalisten-des-prix-svc-espace-mittelland-2017\\\/#article\",\"isPartOf\":{\"@id\":\"https:\\\/\\\/www.organisator.ch\\\/en\\\/general\\\/2017-01-27\\\/die-sechs-finalisten-des-prix-svc-espace-mittelland-2017\\\/\"},\"author\":{\"name\":\"thomas.berner\",\"@id\":\"https:\\\/\\\/www.organisator.ch\\\/#\\\/schema\\\/person\\\/6f650f90b2842cd4c0cc334b4e36f67e\"},\"headline\":\"Die sechs Finalisten des Prix SVC Espace Mittelland 2017\",\"datePublished\":\"2017-01-27T09:25:33+00:00\",\"mainEntityOfPage\":{\"@id\":\"https:\\\/\\\/www.organisator.ch\\\/en\\\/general\\\/2017-01-27\\\/die-sechs-finalisten-des-prix-svc-espace-mittelland-2017\\\/\"},\"wordCount\":660,\"commentCount\":0,\"publisher\":{\"@id\":\"https:\\\/\\\/www.organisator.ch\\\/#organization\"},\"image\":{\"@id\":\"https:\\\/\\\/www.organisator.ch\\\/en\\\/general\\\/2017-01-27\\\/die-sechs-finalisten-des-prix-svc-espace-mittelland-2017\\\/#primaryimage\"},\"thumbnailUrl\":\"https:\\\/\\\/www.organisator.ch\\\/wp-content\\\/uploads\\\/2017\\\/01\\\/Die-sechs-Finalisten-des-SVC-Espace-Mittelland-2017.jpg\",\"keywords\":[\"Awards\",\"Unternehmen\",\"Veranstaltungen\"],\"articleSection\":[\"Allgemein\"],\"inLanguage\":\"it-IT\"},{\"@type\":\"WebPage\",\"@id\":\"https:\\\/\\\/www.organisator.ch\\\/en\\\/general\\\/2017-01-27\\\/die-sechs-finalisten-des-prix-svc-espace-mittelland-2017\\\/\",\"url\":\"https:\\\/\\\/www.organisator.ch\\\/en\\\/general\\\/2017-01-27\\\/die-sechs-finalisten-des-prix-svc-espace-mittelland-2017\\\/\",\"name\":\"Die sechs Finalisten des Prix SVC Espace Mittelland 2017 - Organisator\",\"isPartOf\":{\"@id\":\"https:\\\/\\\/www.organisator.ch\\\/#website\"},\"primaryImageOfPage\":{\"@id\":\"https:\\\/\\\/www.organisator.ch\\\/en\\\/general\\\/2017-01-27\\\/die-sechs-finalisten-des-prix-svc-espace-mittelland-2017\\\/#primaryimage\"},\"image\":{\"@id\":\"https:\\\/\\\/www.organisator.ch\\\/en\\\/general\\\/2017-01-27\\\/die-sechs-finalisten-des-prix-svc-espace-mittelland-2017\\\/#primaryimage\"},\"thumbnailUrl\":\"https:\\\/\\\/www.organisator.ch\\\/wp-content\\\/uploads\\\/2017\\\/01\\\/Die-sechs-Finalisten-des-SVC-Espace-Mittelland-2017.jpg\",\"datePublished\":\"2017-01-27T09:25:33+00:00\",\"description\":\"Seit 2003 wird der Prix SVC Espace Mittelland vergeben, 2017 bereits zum zw\u00f6lften Mal. Die Preisverleihung findet am 8. M\u00e4rz 2017 im Kursaal Bern statt.\",\"breadcrumb\":{\"@id\":\"https:\\\/\\\/www.organisator.ch\\\/en\\\/general\\\/2017-01-27\\\/die-sechs-finalisten-des-prix-svc-espace-mittelland-2017\\\/#breadcrumb\"},\"inLanguage\":\"it-IT\",\"potentialAction\":[{\"@type\":\"ReadAction\",\"target\":[\"https:\\\/\\\/www.organisator.ch\\\/en\\\/general\\\/2017-01-27\\\/die-sechs-finalisten-des-prix-svc-espace-mittelland-2017\\\/\"]}]},{\"@type\":\"ImageObject\",\"inLanguage\":\"it-IT\",\"@id\":\"https:\\\/\\\/www.organisator.ch\\\/en\\\/general\\\/2017-01-27\\\/die-sechs-finalisten-des-prix-svc-espace-mittelland-2017\\\/#primaryimage\",\"url\":\"https:\\\/\\\/www.organisator.ch\\\/wp-content\\\/uploads\\\/2017\\\/01\\\/Die-sechs-Finalisten-des-SVC-Espace-Mittelland-2017.jpg\",\"contentUrl\":\"https:\\\/\\\/www.organisator.ch\\\/wp-content\\\/uploads\\\/2017\\\/01\\\/Die-sechs-Finalisten-des-SVC-Espace-Mittelland-2017.jpg\",\"width\":595,\"height\":480,\"caption\":\"Die Finalisten f\u00fcr den Prix SVC Espace Mittelland (v.l.n.r.): Ernst K\u00fchni (K\u00fchni AG), Serge Michel und Claude Greisler (Armin Strohm AG), Alex Naef (Carrosserie HESS AG), Daniel Heiniger (Heiniger AG), Reto Reist (Moser-Baer AG) und Beat Furrer (Furrer + Frey AG).\"},{\"@type\":\"BreadcrumbList\",\"@id\":\"https:\\\/\\\/www.organisator.ch\\\/en\\\/general\\\/2017-01-27\\\/die-sechs-finalisten-des-prix-svc-espace-mittelland-2017\\\/#breadcrumb\",\"itemListElement\":[{\"@type\":\"ListItem\",\"position\":1,\"name\":\"Home\",\"item\":\"https:\\\/\\\/www.organisator.ch\\\/\"},{\"@type\":\"ListItem\",\"position\":2,\"name\":\"Die sechs Finalisten des Prix SVC Espace Mittelland 2017\"}]},{\"@type\":\"WebSite\",\"@id\":\"https:\\\/\\\/www.organisator.ch\\\/#website\",\"url\":\"https:\\\/\\\/www.organisator.ch\\\/\",\"name\":\"Organisator\",\"description\":\"Kompetent. Praxisnah. Der ORGANISATOR bereitet in 10 Ausgaben pro Jahr die wesentlichen Themen f\u00fcr F\u00fchrungskr\u00e4fte von KMU auf.\",\"publisher\":{\"@id\":\"https:\\\/\\\/www.organisator.ch\\\/#organization\"},\"potentialAction\":[{\"@type\":\"SearchAction\",\"target\":{\"@type\":\"EntryPoint\",\"urlTemplate\":\"https:\\\/\\\/www.organisator.ch\\\/?s={search_term_string}\"},\"query-input\":{\"@type\":\"PropertyValueSpecification\",\"valueRequired\":true,\"valueName\":\"search_term_string\"}}],\"inLanguage\":\"it-IT\"},{\"@type\":\"Organization\",\"@id\":\"https:\\\/\\\/www.organisator.ch\\\/#organization\",\"name\":\"Organisator\",\"url\":\"https:\\\/\\\/www.organisator.ch\\\/\",\"logo\":{\"@type\":\"ImageObject\",\"inLanguage\":\"it-IT\",\"@id\":\"https:\\\/\\\/www.organisator.ch\\\/#\\\/schema\\\/logo\\\/image\\\/\",\"url\":\"https:\\\/\\\/www.organisator.ch\\\/wp-content\\\/uploads\\\/2022\\\/01\\\/Logo_Organisator_Website.png\",\"contentUrl\":\"https:\\\/\\\/www.organisator.ch\\\/wp-content\\\/uploads\\\/2022\\\/01\\\/Logo_Organisator_Website.png\",\"width\":800,\"height\":77,\"caption\":\"Organisator\"},\"image\":{\"@id\":\"https:\\\/\\\/www.organisator.ch\\\/#\\\/schema\\\/logo\\\/image\\\/\"},\"sameAs\":[\"https:\\\/\\\/www.facebook.com\\\/OrganisatorFachmagazin\",\"https:\\\/\\\/www.linkedin.com\\\/showcase\\\/organisator-das-magazin-fr-kmu\",\"https:\\\/\\\/www.xing.com\\\/news\\\/pages\\\/organisator-ch-695\",\"https:\\\/\\\/www.youtube.com\\\/channel\\\/UCGP2Sq0iWaZwT3BdIAQFYpw\"]},{\"@type\":\"Person\",\"@id\":\"https:\\\/\\\/www.organisator.ch\\\/#\\\/schema\\\/person\\\/6f650f90b2842cd4c0cc334b4e36f67e\",\"name\":\"thomas.berner\",\"image\":{\"@type\":\"ImageObject\",\"inLanguage\":\"it-IT\",\"@id\":\"https:\\\/\\\/secure.gravatar.com\\\/avatar\\\/ac5001d2a36cb6c6cd3e50789007ffca834b477b74a2144564522e944eabff61?s=96&d=mm&r=g\",\"url\":\"https:\\\/\\\/secure.gravatar.com\\\/avatar\\\/ac5001d2a36cb6c6cd3e50789007ffca834b477b74a2144564522e944eabff61?s=96&d=mm&r=g\",\"contentUrl\":\"https:\\\/\\\/secure.gravatar.com\\\/avatar\\\/ac5001d2a36cb6c6cd3e50789007ffca834b477b74a2144564522e944eabff61?s=96&d=mm&r=g\",\"caption\":\"thomas.berner\"},\"url\":\"https:\\\/\\\/www.organisator.ch\\\/it\\\/author\\\/thomas-berner\\\/\"}]}<\/script>\n<!-- \/ Yoast SEO plugin. -->","yoast_head_json":{"title":"I sei finalisti del Prix SVC Espace Mittelland 2017 - Organizzatore","description":"Il Prix SVC Espace Mittelland viene assegnato dal 2003 e sar\u00e0 assegnato per la dodicesima volta nel 2017. La cerimonia di premiazione si terr\u00e0 l'8 marzo 2017 al Kursaal di Berna.","robots":{"index":"index","follow":"follow","max-snippet":"max-snippet:-1","max-image-preview":"max-image-preview:large","max-video-preview":"max-video-preview:-1"},"canonical":"https:\/\/www.organisator.ch\/it\/generale\/2017-01-27\/die-sechs-finalisten-des-prix-svc-espace-mittelland-2017\/","og_locale":"it_IT","og_type":"article","og_title":"Die sechs Finalisten des Prix SVC Espace Mittelland 2017","og_description":"Seit 2003 wird der #PrixSVCEspaceMittelland vergeben, 2017 bereits zum zw\u00f6lften Mal. Die #Preisverleihung findet am 8. M\u00e4rz 2017 im #KursaalBern statt. Im Final stehen wiederum sechs KMU.","og_url":"https:\/\/www.organisator.ch\/it\/generale\/2017-01-27\/die-sechs-finalisten-des-prix-svc-espace-mittelland-2017\/","og_site_name":"Organisator","article_publisher":"https:\/\/www.facebook.com\/OrganisatorFachmagazin","article_published_time":"2017-01-27T09:25:33+00:00","og_image":[{"width":595,"height":480,"url":"https:\/\/www.organisator.ch\/wp-content\/uploads\/2017\/01\/Die-sechs-Finalisten-des-SVC-Espace-Mittelland-2017.jpg","type":"image\/jpeg"}],"author":"thomas.berner","twitter_card":"summary_large_image","twitter_title":"Die sechs Finalisten des #PrixSVC #EspaceMittelland 2017. #FinalistenPrixSVCEspaceMittelland","twitter_description":"Seit 2003 wird der #PrixSVCEspaceMittelland vergeben, 2017 bereits zum zw\u00f6lften Mal. Die #Preisverleihung findet am 8. M\u00e4rz 2017 im #KursaalBern statt. Im Final stehen wiederum sechs KMU.","twitter_image":"https:\/\/www.organisator.ch\/wp-content\/uploads\/2017\/01\/Die-sechs-Finalisten-des-SVC-Espace-Mittelland-2017.jpg","schema":{"@context":"https:\/\/schema.org","@graph":[{"@type":"Article","@id":"https:\/\/www.organisator.ch\/en\/general\/2017-01-27\/die-sechs-finalisten-des-prix-svc-espace-mittelland-2017\/#article","isPartOf":{"@id":"https:\/\/www.organisator.ch\/en\/general\/2017-01-27\/die-sechs-finalisten-des-prix-svc-espace-mittelland-2017\/"},"author":{"name":"thomas.berner","@id":"https:\/\/www.organisator.ch\/#\/schema\/person\/6f650f90b2842cd4c0cc334b4e36f67e"},"headline":"Die sechs Finalisten des Prix SVC Espace Mittelland 2017","datePublished":"2017-01-27T09:25:33+00:00","mainEntityOfPage":{"@id":"https:\/\/www.organisator.ch\/en\/general\/2017-01-27\/die-sechs-finalisten-des-prix-svc-espace-mittelland-2017\/"},"wordCount":660,"commentCount":0,"publisher":{"@id":"https:\/\/www.organisator.ch\/#organization"},"image":{"@id":"https:\/\/www.organisator.ch\/en\/general\/2017-01-27\/die-sechs-finalisten-des-prix-svc-espace-mittelland-2017\/#primaryimage"},"thumbnailUrl":"https:\/\/www.organisator.ch\/wp-content\/uploads\/2017\/01\/Die-sechs-Finalisten-des-SVC-Espace-Mittelland-2017.jpg","keywords":["Awards","Unternehmen","Veranstaltungen"],"articleSection":["Allgemein"],"inLanguage":"it-IT"},{"@type":"WebPage","@id":"https:\/\/www.organisator.ch\/en\/general\/2017-01-27\/die-sechs-finalisten-des-prix-svc-espace-mittelland-2017\/","url":"https:\/\/www.organisator.ch\/en\/general\/2017-01-27\/die-sechs-finalisten-des-prix-svc-espace-mittelland-2017\/","name":"I sei finalisti del Prix SVC Espace Mittelland 2017 - Organizzatore","isPartOf":{"@id":"https:\/\/www.organisator.ch\/#website"},"primaryImageOfPage":{"@id":"https:\/\/www.organisator.ch\/en\/general\/2017-01-27\/die-sechs-finalisten-des-prix-svc-espace-mittelland-2017\/#primaryimage"},"image":{"@id":"https:\/\/www.organisator.ch\/en\/general\/2017-01-27\/die-sechs-finalisten-des-prix-svc-espace-mittelland-2017\/#primaryimage"},"thumbnailUrl":"https:\/\/www.organisator.ch\/wp-content\/uploads\/2017\/01\/Die-sechs-Finalisten-des-SVC-Espace-Mittelland-2017.jpg","datePublished":"2017-01-27T09:25:33+00:00","description":"Il Prix SVC Espace Mittelland viene assegnato dal 2003 e sar\u00e0 assegnato per la dodicesima volta nel 2017. La cerimonia di premiazione si terr\u00e0 l'8 marzo 2017 al Kursaal di Berna.","breadcrumb":{"@id":"https:\/\/www.organisator.ch\/en\/general\/2017-01-27\/die-sechs-finalisten-des-prix-svc-espace-mittelland-2017\/#breadcrumb"},"inLanguage":"it-IT","potentialAction":[{"@type":"ReadAction","target":["https:\/\/www.organisator.ch\/en\/general\/2017-01-27\/die-sechs-finalisten-des-prix-svc-espace-mittelland-2017\/"]}]},{"@type":"ImageObject","inLanguage":"it-IT","@id":"https:\/\/www.organisator.ch\/en\/general\/2017-01-27\/die-sechs-finalisten-des-prix-svc-espace-mittelland-2017\/#primaryimage","url":"https:\/\/www.organisator.ch\/wp-content\/uploads\/2017\/01\/Die-sechs-Finalisten-des-SVC-Espace-Mittelland-2017.jpg","contentUrl":"https:\/\/www.organisator.ch\/wp-content\/uploads\/2017\/01\/Die-sechs-Finalisten-des-SVC-Espace-Mittelland-2017.jpg","width":595,"height":480,"caption":"Die Finalisten f\u00fcr den Prix SVC Espace Mittelland (v.l.n.r.): Ernst K\u00fchni (K\u00fchni AG), Serge Michel und Claude Greisler (Armin Strohm AG), Alex Naef (Carrosserie HESS AG), Daniel Heiniger (Heiniger AG), Reto Reist (Moser-Baer AG) und Beat Furrer (Furrer + Frey AG)."},{"@type":"BreadcrumbList","@id":"https:\/\/www.organisator.ch\/en\/general\/2017-01-27\/die-sechs-finalisten-des-prix-svc-espace-mittelland-2017\/#breadcrumb","itemListElement":[{"@type":"ListItem","position":1,"name":"Home","item":"https:\/\/www.organisator.ch\/"},{"@type":"ListItem","position":2,"name":"Die sechs Finalisten des Prix SVC Espace Mittelland 2017"}]},{"@type":"WebSite","@id":"https:\/\/www.organisator.ch\/#website","url":"https:\/\/www.organisator.ch\/","name":"Organizzatore","description":"Competente. Pratico. In 10 numeri all'anno, ORGANISATOR presenta i temi essenziali per i manager delle PMI.","publisher":{"@id":"https:\/\/www.organisator.ch\/#organization"},"potentialAction":[{"@type":"SearchAction","target":{"@type":"EntryPoint","urlTemplate":"https:\/\/www.organisator.ch\/?s={search_term_string}"},"query-input":{"@type":"PropertyValueSpecification","valueRequired":true,"valueName":"search_term_string"}}],"inLanguage":"it-IT"},{"@type":"Organization","@id":"https:\/\/www.organisator.ch\/#organization","name":"Organizzatore","url":"https:\/\/www.organisator.ch\/","logo":{"@type":"ImageObject","inLanguage":"it-IT","@id":"https:\/\/www.organisator.ch\/#\/schema\/logo\/image\/","url":"https:\/\/www.organisator.ch\/wp-content\/uploads\/2022\/01\/Logo_Organisator_Website.png","contentUrl":"https:\/\/www.organisator.ch\/wp-content\/uploads\/2022\/01\/Logo_Organisator_Website.png","width":800,"height":77,"caption":"Organisator"},"image":{"@id":"https:\/\/www.organisator.ch\/#\/schema\/logo\/image\/"},"sameAs":["https:\/\/www.facebook.com\/OrganisatorFachmagazin","https:\/\/www.linkedin.com\/showcase\/organisator-das-magazin-fr-kmu","https:\/\/www.xing.com\/news\/pages\/organisator-ch-695","https:\/\/www.youtube.com\/channel\/UCGP2Sq0iWaZwT3BdIAQFYpw"]},{"@type":"Person","@id":"https:\/\/www.organisator.ch\/#\/schema\/person\/6f650f90b2842cd4c0cc334b4e36f67e","name":"Tommaso.berner","image":{"@type":"ImageObject","inLanguage":"it-IT","@id":"https:\/\/secure.gravatar.com\/avatar\/ac5001d2a36cb6c6cd3e50789007ffca834b477b74a2144564522e944eabff61?s=96&d=mm&r=g","url":"https:\/\/secure.gravatar.com\/avatar\/ac5001d2a36cb6c6cd3e50789007ffca834b477b74a2144564522e944eabff61?s=96&d=mm&r=g","contentUrl":"https:\/\/secure.gravatar.com\/avatar\/ac5001d2a36cb6c6cd3e50789007ffca834b477b74a2144564522e944eabff61?s=96&d=mm&r=g","caption":"thomas.berner"},"url":"https:\/\/www.organisator.ch\/it\/author\/thomas-berner\/"}]}},"_links":{"self":[{"href":"https:\/\/www.organisator.ch\/it\/wp-json\/wp\/v2\/posts\/1416","targetHints":{"allow":["GET"]}}],"collection":[{"href":"https:\/\/www.organisator.ch\/it\/wp-json\/wp\/v2\/posts"}],"about":[{"href":"https:\/\/www.organisator.ch\/it\/wp-json\/wp\/v2\/types\/post"}],"author":[{"embeddable":true,"href":"https:\/\/www.organisator.ch\/it\/wp-json\/wp\/v2\/users\/4"}],"replies":[{"embeddable":true,"href":"https:\/\/www.organisator.ch\/it\/wp-json\/wp\/v2\/comments?post=1416"}],"version-history":[{"count":0,"href":"https:\/\/www.organisator.ch\/it\/wp-json\/wp\/v2\/posts\/1416\/revisions"}],"wp:featuredmedia":[{"embeddable":true,"href":"https:\/\/www.organisator.ch\/it\/wp-json\/wp\/v2\/media\/1418"}],"wp:attachment":[{"href":"https:\/\/www.organisator.ch\/it\/wp-json\/wp\/v2\/media?parent=1416"}],"wp:term":[{"taxonomy":"category","embeddable":true,"href":"https:\/\/www.organisator.ch\/it\/wp-json\/wp\/v2\/categories?post=1416"},{"taxonomy":"post_tag","embeddable":true,"href":"https:\/\/www.organisator.ch\/it\/wp-json\/wp\/v2\/tags?post=1416"}],"curies":[{"name":"wp","href":"https:\/\/api.w.org\/{rel}","templated":true}]}}