{"id":1417,"date":"2017-12-10T18:00:36","date_gmt":"2017-12-10T17:00:36","guid":{"rendered":"https:\/\/www.umweltperspektiven.ch\/?p=1417"},"modified":"2017-12-10T18:00:36","modified_gmt":"2017-12-10T17:00:36","slug":"schweiz-weist-glyphosat-spuren-auf-feldern-und-in-esswaren-auf","status":"publish","type":"post","link":"https:\/\/www.organisator.ch\/it\/allgemein\/2017-12-10\/schweiz-weist-glyphosat-spuren-auf-feldern-und-in-esswaren-auf\/","title":{"rendered":"La Svizzera rileva tracce di glifosato nei campi e nei prodotti alimentari"},"content":{"rendered":"<figure id=\"attachment_1418\" aria-describedby=\"caption-attachment-1418\" style=\"width: 640px\" class=\"wp-caption alignnone\"><img loading=\"lazy\" decoding=\"async\" class=\"size-full wp-image-1418\" src=\"\/\/www.umweltperspektiven.ch\/wp-content\/uploads\/2017\/12\/Schweiz-weist-Glyphosat-Spuren-Feldern-und-Esswaren-up-umweltperspektiven-bund.jpg\" alt=\"\" width=\"640\" height=\"427\" \/><figcaption id=\"caption-attachment-1418\" class=\"wp-caption-text\">I primi risultati mostrano che circa il 40% del cibo in Svizzera contiene tracce del diserbante glifosato - anche se in piccole quantit\u00e0. (Depositphtos_Symbol_Picture)<\/figcaption><\/figure>\n<p>L'Ufficio federale della sicurezza alimentare e di veterinaria (UFV) \u00e8 stato incaricato di condurre un primo studio sul glifosato nel 2016 in seguito a un postulato del Consiglio nazionale. I risultati saranno pubblicati sotto forma di un rapporto \"in poche settimane\", come ha annunciato l'ufficio all'inizio di novembre.<\/p>\n<p>Tuttavia, le prime conclusioni del monitoraggio degli alimenti sono gi\u00e0 disponibili sul sito dell'FSVO. Il giornale \"SonntagsBlick\" ha attirato l'attenzione su questo fine settimana. Pi\u00f9 di 230 campioni di cibo sono stati analizzati per i residui del pesticida glifosato, usato anche in Svizzera. Sono stati esaminati miele, vino, pane, patate e verdure.<\/p>\n<p><strong>Fiocchi di pasta e muesli<\/strong><\/p>\n<p>I primi risultati hanno mostrato che circa il 40% dei prodotti alimentari contengono tracce misurabili di glifosato, scrive l'FSVO sul suo sito web. Le concentrazioni pi\u00f9 alte sono state trovate nella pasta, nei cereali da colazione e nei legumi. Tuttavia, le quantit\u00e0 misurate di glifosato erano tutte al di sotto dei limiti legali.<\/p>\n<p>Il monitoraggio non \u00e8 ancora completato, ma questa prima valutazione conferma che i residui di glifosato negli alimenti non rappresentano un rischio per la salute, continuano. Per illustrare l'innocuit\u00e0 del consumo di alimenti con tracce di glifosato, gli autori usano l'esempio della pasta. Questa \u00e8 la categoria di cibo pi\u00f9 altamente contaminata. Una persona adulta dovrebbe consumare 71 chilogrammi del campione pi\u00f9 contaminato al giorno per assorbire la massima dose giornaliera accettabile di 30 milligrammi, scrive l'FSVO. Tuttavia, gli svizzeri consumano una media di 10 chilogrammi di pasta all'anno, che \u00e8 molto meno di quanto si dovrebbe consumare in un solo giorno.<\/p>\n<p><strong>Cancerogeno secondo l'OMS<\/strong><\/p>\n<p>Il glifosato \u00e8 l'erbicida pi\u00f9 usato nel mondo. In Svizzera, si stima che vengano utilizzate 300 tonnellate all'anno. Nel 2015, l'Agenzia internazionale per la ricerca sul cancro dell'Organizzazione mondiale della sanit\u00e0 (OMS) ha classificato il glifosato come \"probabilmente cancerogeno\" per l'uomo. Le autorit\u00e0 alimentari dell'UE EFSA e l'agenzia UE per le sostanze chimiche ECHA, d'altra parte, hanno concluso che le prove scientifiche disponibili non erano sufficienti per una tale classificazione. Attualmente, l'autorizzazione del glifosato nell'UE \u00e8 in fase di revisione. Finora, non c'\u00e8 una maggioranza a favore dell'estensione dell'autorizzazione di<\/p>\n<p><strong>L'ufficio federale vuole aumentare il valore limite<\/strong><\/p>\n<p>L'Ufficio federale dell'ambiente vuole aumentare il valore limite per il glifosato nei ruscelli, fiumi e laghi di un fattore 3.600. Attualmente il limite \u00e8 di 0,1 microgrammi per litro d'acqua, tra circa cinque anni potrebbe essere di 360. Se ci\u00f2 dovesse accadere, gli agricoltori svizzeri potrebbero spruzzare nel paesaggio molte volte pi\u00f9 glifosato di quanto fanno oggi.<\/p>\n<p>Il Consiglio federale \u00e8 contrario al divieto del glifosato in Svizzera. Un divieto del glifosato sarebbe problematico per varie ragioni, ha scritto il governo nella sua risposta a una mozione del gruppo parlamentare dei Verdi pubblicata gioved\u00ec. Per molte aree di applicazione, l'unica alternativa attualmente disponibile \u00e8 la distruzione meccanica o termica. Questi metodi di controllo richiedono pi\u00f9 energia e lavoro, secondo la sda.<\/p>\n<p>Nel frattempo, l'iniziativa popolare \"Per l'acqua potabile e il cibo sano\" sta cercando di fermare questi obiettivi. A met\u00e0 ottobre 2017, erano state raccolte 10.000 firme, il che significa che l'iniziativa si \u00e8 realizzata per il momento.<\/p>\n<p><a href=\"\/\/www.blv.admin.ch\">www.blv.admin.ch<\/a><\/p>\n<p>&nbsp;<\/p>\n<p>&nbsp;<\/p>\n<p>&nbsp;<\/p>\n<p>&nbsp;<\/p>\n<p>&nbsp;<\/p>","protected":false},"excerpt":{"rendered":"<p>Den Auftrag zu einer ersten Glyphosat Untersuchung hatte das Bundesamt f\u00fcr Lebensmittelsicherheit und Veterin\u00e4rwesen (BLV) 2016 aufgrund eines Postulats aus dem Nationalrat erhalten. Die Resultate sollen &#8222;in einigen Wochen&#8220; in Form eines Berichts publiziert werden, wie das Amt Anfang November verlauten liess. Allerdings sind auf der Internet-Seite des BLV bereits erste Schlussfolgerungen des Lebensmittelmonitorings aufgeschaltet. [&hellip;]<\/p>\n","protected":false},"author":5,"featured_media":9528,"comment_status":"open","ping_status":"open","sticky":false,"template":"","format":"standard","meta":{"_acf_changed":false,"_yoast_wpseo_focuskw":"Glyphosat","_yoast_wpseo_metadesc":"In der Schweiz enthalten rund 40 Prozent der Lebensmittel messbare Spuren des umstrittenen Unkrautvernichters Glyphosat.","articlekey":"","footnotes":""},"categories":[1],"tags":[883,1303,1320,424],"class_list":["post-1417","post","type-post","status-publish","format-standard","has-post-thumbnail","hentry","category-allgemein","tag-bund","tag-glyphosat","tag-grenzwert","tag-schweiz"],"acf":[],"yoast_head":"<!-- This site is optimized with the Yoast SEO plugin v27.4 - https:\/\/yoast.com\/product\/yoast-seo-wordpress\/ -->\n<title>Schweiz weist Glyphosat-Spuren auf Feldern und in Esswaren auf - Organisator<\/title>\n<meta name=\"description\" content=\"In der Schweiz enthalten rund 40 Prozent der Lebensmittel messbare Spuren des umstrittenen Unkrautvernichters Glyphosat.\" \/>\n<meta name=\"robots\" content=\"index, follow, max-snippet:-1, max-image-preview:large, max-video-preview:-1\" \/>\n<link rel=\"canonical\" href=\"https:\/\/www.organisator.ch\/it\/generale\/2017-12-10\/schweiz-weist-glyphosat-spuren-auf-feldern-und-in-esswaren-auf\/\" \/>\n<meta property=\"og:locale\" content=\"it_IT\" \/>\n<meta property=\"og:type\" content=\"article\" \/>\n<meta property=\"og:title\" content=\"Schweiz weist Glyphosat-Spuren auf Feldern und in Esswaren auf - Organisator\" \/>\n<meta property=\"og:description\" content=\"In der Schweiz enthalten rund 40 Prozent der Lebensmittel messbare Spuren des umstrittenen Unkrautvernichters Glyphosat.\" \/>\n<meta property=\"og:url\" content=\"https:\/\/www.organisator.ch\/it\/generale\/2017-12-10\/schweiz-weist-glyphosat-spuren-auf-feldern-und-in-esswaren-auf\/\" \/>\n<meta property=\"og:site_name\" content=\"Organisator\" \/>\n<meta property=\"article:publisher\" content=\"https:\/\/www.facebook.com\/OrganisatorFachmagazin\" \/>\n<meta property=\"article:published_time\" content=\"2017-12-10T17:00:36+00:00\" \/>\n<meta property=\"og:image\" content=\"https:\/\/www.organisator.ch\/wp-content\/uploads\/2017\/12\/Schweiz-weist-Glyphosat-Spuren-Feldern-und-Esswaren-up-umweltperspektiven-bund.jpg\" \/>\n\t<meta property=\"og:image:width\" content=\"640\" \/>\n\t<meta property=\"og:image:height\" content=\"427\" \/>\n\t<meta property=\"og:image:type\" content=\"image\/jpeg\" \/>\n<meta name=\"author\" content=\"michael.merz\" \/>\n<meta name=\"twitter:card\" content=\"summary_large_image\" \/>\n<script type=\"application\/ld+json\" class=\"yoast-schema-graph\">{\"@context\":\"https:\\\/\\\/schema.org\",\"@graph\":[{\"@type\":\"Article\",\"@id\":\"https:\\\/\\\/www.organisator.ch\\\/fr\\\/general\\\/2017-12-10\\\/schweiz-weist-glyphosat-spuren-auf-feldern-und-in-esswaren-auf\\\/#article\",\"isPartOf\":{\"@id\":\"https:\\\/\\\/www.organisator.ch\\\/fr\\\/general\\\/2017-12-10\\\/schweiz-weist-glyphosat-spuren-auf-feldern-und-in-esswaren-auf\\\/\"},\"author\":{\"name\":\"michael.merz\",\"@id\":\"https:\\\/\\\/www.organisator.ch\\\/#\\\/schema\\\/person\\\/134708ca9321c57b0362cceb7948ffbd\"},\"headline\":\"Schweiz weist Glyphosat-Spuren auf Feldern und in Esswaren auf\",\"datePublished\":\"2017-12-10T17:00:36+00:00\",\"mainEntityOfPage\":{\"@id\":\"https:\\\/\\\/www.organisator.ch\\\/fr\\\/general\\\/2017-12-10\\\/schweiz-weist-glyphosat-spuren-auf-feldern-und-in-esswaren-auf\\\/\"},\"wordCount\":553,\"commentCount\":0,\"publisher\":{\"@id\":\"https:\\\/\\\/www.organisator.ch\\\/#organization\"},\"image\":{\"@id\":\"https:\\\/\\\/www.organisator.ch\\\/fr\\\/general\\\/2017-12-10\\\/schweiz-weist-glyphosat-spuren-auf-feldern-und-in-esswaren-auf\\\/#primaryimage\"},\"thumbnailUrl\":\"https:\\\/\\\/www.organisator.ch\\\/wp-content\\\/uploads\\\/2017\\\/12\\\/Schweiz-weist-Glyphosat-Spuren-Feldern-und-Esswaren-up-umweltperspektiven-bund.jpg\",\"keywords\":[\"Bund\",\"Glyphosat\",\"Grenzwert\",\"Schweiz\"],\"articleSection\":[\"Allgemein\"],\"inLanguage\":\"it-IT\"},{\"@type\":\"WebPage\",\"@id\":\"https:\\\/\\\/www.organisator.ch\\\/fr\\\/general\\\/2017-12-10\\\/schweiz-weist-glyphosat-spuren-auf-feldern-und-in-esswaren-auf\\\/\",\"url\":\"https:\\\/\\\/www.organisator.ch\\\/fr\\\/general\\\/2017-12-10\\\/schweiz-weist-glyphosat-spuren-auf-feldern-und-in-esswaren-auf\\\/\",\"name\":\"Schweiz weist Glyphosat-Spuren auf Feldern und in Esswaren auf - Organisator\",\"isPartOf\":{\"@id\":\"https:\\\/\\\/www.organisator.ch\\\/#website\"},\"primaryImageOfPage\":{\"@id\":\"https:\\\/\\\/www.organisator.ch\\\/fr\\\/general\\\/2017-12-10\\\/schweiz-weist-glyphosat-spuren-auf-feldern-und-in-esswaren-auf\\\/#primaryimage\"},\"image\":{\"@id\":\"https:\\\/\\\/www.organisator.ch\\\/fr\\\/general\\\/2017-12-10\\\/schweiz-weist-glyphosat-spuren-auf-feldern-und-in-esswaren-auf\\\/#primaryimage\"},\"thumbnailUrl\":\"https:\\\/\\\/www.organisator.ch\\\/wp-content\\\/uploads\\\/2017\\\/12\\\/Schweiz-weist-Glyphosat-Spuren-Feldern-und-Esswaren-up-umweltperspektiven-bund.jpg\",\"datePublished\":\"2017-12-10T17:00:36+00:00\",\"description\":\"In der Schweiz enthalten rund 40 Prozent der Lebensmittel messbare Spuren des umstrittenen Unkrautvernichters Glyphosat.\",\"breadcrumb\":{\"@id\":\"https:\\\/\\\/www.organisator.ch\\\/fr\\\/general\\\/2017-12-10\\\/schweiz-weist-glyphosat-spuren-auf-feldern-und-in-esswaren-auf\\\/#breadcrumb\"},\"inLanguage\":\"it-IT\",\"potentialAction\":[{\"@type\":\"ReadAction\",\"target\":[\"https:\\\/\\\/www.organisator.ch\\\/fr\\\/general\\\/2017-12-10\\\/schweiz-weist-glyphosat-spuren-auf-feldern-und-in-esswaren-auf\\\/\"]}]},{\"@type\":\"ImageObject\",\"inLanguage\":\"it-IT\",\"@id\":\"https:\\\/\\\/www.organisator.ch\\\/fr\\\/general\\\/2017-12-10\\\/schweiz-weist-glyphosat-spuren-auf-feldern-und-in-esswaren-auf\\\/#primaryimage\",\"url\":\"https:\\\/\\\/www.organisator.ch\\\/wp-content\\\/uploads\\\/2017\\\/12\\\/Schweiz-weist-Glyphosat-Spuren-Feldern-und-Esswaren-up-umweltperspektiven-bund.jpg\",\"contentUrl\":\"https:\\\/\\\/www.organisator.ch\\\/wp-content\\\/uploads\\\/2017\\\/12\\\/Schweiz-weist-Glyphosat-Spuren-Feldern-und-Esswaren-up-umweltperspektiven-bund.jpg\",\"width\":640,\"height\":427,\"caption\":\"Erste Resultate zeigen, dass in der Schweiz etwa 40 Prozent der Lebensmittel Spuren des Unkrautvernichters Glyphosat enthalten - allerdings in kleinen Mengen. (Depositphtos_Symbolbild)\"},{\"@type\":\"BreadcrumbList\",\"@id\":\"https:\\\/\\\/www.organisator.ch\\\/fr\\\/general\\\/2017-12-10\\\/schweiz-weist-glyphosat-spuren-auf-feldern-und-in-esswaren-auf\\\/#breadcrumb\",\"itemListElement\":[{\"@type\":\"ListItem\",\"position\":1,\"name\":\"Home\",\"item\":\"https:\\\/\\\/www.organisator.ch\\\/\"},{\"@type\":\"ListItem\",\"position\":2,\"name\":\"Schweiz weist Glyphosat-Spuren auf Feldern und in Esswaren auf\"}]},{\"@type\":\"WebSite\",\"@id\":\"https:\\\/\\\/www.organisator.ch\\\/#website\",\"url\":\"https:\\\/\\\/www.organisator.ch\\\/\",\"name\":\"Organisator\",\"description\":\"Kompetent. Praxisnah. Der ORGANISATOR bereitet in 10 Ausgaben pro Jahr die wesentlichen Themen f\u00fcr F\u00fchrungskr\u00e4fte von KMU auf.\",\"publisher\":{\"@id\":\"https:\\\/\\\/www.organisator.ch\\\/#organization\"},\"potentialAction\":[{\"@type\":\"SearchAction\",\"target\":{\"@type\":\"EntryPoint\",\"urlTemplate\":\"https:\\\/\\\/www.organisator.ch\\\/?s={search_term_string}\"},\"query-input\":{\"@type\":\"PropertyValueSpecification\",\"valueRequired\":true,\"valueName\":\"search_term_string\"}}],\"inLanguage\":\"it-IT\"},{\"@type\":\"Organization\",\"@id\":\"https:\\\/\\\/www.organisator.ch\\\/#organization\",\"name\":\"Organisator\",\"url\":\"https:\\\/\\\/www.organisator.ch\\\/\",\"logo\":{\"@type\":\"ImageObject\",\"inLanguage\":\"it-IT\",\"@id\":\"https:\\\/\\\/www.organisator.ch\\\/#\\\/schema\\\/logo\\\/image\\\/\",\"url\":\"https:\\\/\\\/www.organisator.ch\\\/wp-content\\\/uploads\\\/2022\\\/01\\\/Logo_Organisator_Website.png\",\"contentUrl\":\"https:\\\/\\\/www.organisator.ch\\\/wp-content\\\/uploads\\\/2022\\\/01\\\/Logo_Organisator_Website.png\",\"width\":800,\"height\":77,\"caption\":\"Organisator\"},\"image\":{\"@id\":\"https:\\\/\\\/www.organisator.ch\\\/#\\\/schema\\\/logo\\\/image\\\/\"},\"sameAs\":[\"https:\\\/\\\/www.facebook.com\\\/OrganisatorFachmagazin\",\"https:\\\/\\\/www.linkedin.com\\\/showcase\\\/organisator-das-magazin-fr-kmu\",\"https:\\\/\\\/www.xing.com\\\/news\\\/pages\\\/organisator-ch-695\",\"https:\\\/\\\/www.youtube.com\\\/channel\\\/UCGP2Sq0iWaZwT3BdIAQFYpw\"]},{\"@type\":\"Person\",\"@id\":\"https:\\\/\\\/www.organisator.ch\\\/#\\\/schema\\\/person\\\/134708ca9321c57b0362cceb7948ffbd\",\"name\":\"michael.merz\",\"image\":{\"@type\":\"ImageObject\",\"inLanguage\":\"it-IT\",\"@id\":\"https:\\\/\\\/secure.gravatar.com\\\/avatar\\\/?s=96&d=mm&r=g\",\"url\":\"https:\\\/\\\/secure.gravatar.com\\\/avatar\\\/?s=96&d=mm&r=g\",\"contentUrl\":\"https:\\\/\\\/secure.gravatar.com\\\/avatar\\\/?s=96&d=mm&r=g\",\"caption\":\"michael.merz\"},\"url\":\"https:\\\/\\\/www.organisator.ch\\\/it\\\/author\\\/michael-merz\\\/\"}]}<\/script>\n<!-- \/ Yoast SEO plugin. -->","yoast_head_json":{"title":"La Svizzera rileva tracce di glifosato nei campi e nei prodotti alimentari - Organizzatore","description":"In Svizzera, circa il 40% degli alimenti contiene tracce misurabili del controverso diserbante glifosato.","robots":{"index":"index","follow":"follow","max-snippet":"max-snippet:-1","max-image-preview":"max-image-preview:large","max-video-preview":"max-video-preview:-1"},"canonical":"https:\/\/www.organisator.ch\/it\/generale\/2017-12-10\/schweiz-weist-glyphosat-spuren-auf-feldern-und-in-esswaren-auf\/","og_locale":"it_IT","og_type":"article","og_title":"Schweiz weist Glyphosat-Spuren auf Feldern und in Esswaren auf - Organisator","og_description":"In der Schweiz enthalten rund 40 Prozent der Lebensmittel messbare Spuren des umstrittenen Unkrautvernichters Glyphosat.","og_url":"https:\/\/www.organisator.ch\/it\/generale\/2017-12-10\/schweiz-weist-glyphosat-spuren-auf-feldern-und-in-esswaren-auf\/","og_site_name":"Organisator","article_publisher":"https:\/\/www.facebook.com\/OrganisatorFachmagazin","article_published_time":"2017-12-10T17:00:36+00:00","og_image":[{"width":640,"height":427,"url":"https:\/\/www.organisator.ch\/wp-content\/uploads\/2017\/12\/Schweiz-weist-Glyphosat-Spuren-Feldern-und-Esswaren-up-umweltperspektiven-bund.jpg","type":"image\/jpeg"}],"author":"michael.merz","twitter_card":"summary_large_image","schema":{"@context":"https:\/\/schema.org","@graph":[{"@type":"Article","@id":"https:\/\/www.organisator.ch\/fr\/general\/2017-12-10\/schweiz-weist-glyphosat-spuren-auf-feldern-und-in-esswaren-auf\/#article","isPartOf":{"@id":"https:\/\/www.organisator.ch\/fr\/general\/2017-12-10\/schweiz-weist-glyphosat-spuren-auf-feldern-und-in-esswaren-auf\/"},"author":{"name":"michael.merz","@id":"https:\/\/www.organisator.ch\/#\/schema\/person\/134708ca9321c57b0362cceb7948ffbd"},"headline":"Schweiz weist Glyphosat-Spuren auf Feldern und in Esswaren auf","datePublished":"2017-12-10T17:00:36+00:00","mainEntityOfPage":{"@id":"https:\/\/www.organisator.ch\/fr\/general\/2017-12-10\/schweiz-weist-glyphosat-spuren-auf-feldern-und-in-esswaren-auf\/"},"wordCount":553,"commentCount":0,"publisher":{"@id":"https:\/\/www.organisator.ch\/#organization"},"image":{"@id":"https:\/\/www.organisator.ch\/fr\/general\/2017-12-10\/schweiz-weist-glyphosat-spuren-auf-feldern-und-in-esswaren-auf\/#primaryimage"},"thumbnailUrl":"https:\/\/www.organisator.ch\/wp-content\/uploads\/2017\/12\/Schweiz-weist-Glyphosat-Spuren-Feldern-und-Esswaren-up-umweltperspektiven-bund.jpg","keywords":["Bund","Glyphosat","Grenzwert","Schweiz"],"articleSection":["Allgemein"],"inLanguage":"it-IT"},{"@type":"WebPage","@id":"https:\/\/www.organisator.ch\/fr\/general\/2017-12-10\/schweiz-weist-glyphosat-spuren-auf-feldern-und-in-esswaren-auf\/","url":"https:\/\/www.organisator.ch\/fr\/general\/2017-12-10\/schweiz-weist-glyphosat-spuren-auf-feldern-und-in-esswaren-auf\/","name":"La Svizzera rileva tracce di glifosato nei campi e nei prodotti alimentari - Organizzatore","isPartOf":{"@id":"https:\/\/www.organisator.ch\/#website"},"primaryImageOfPage":{"@id":"https:\/\/www.organisator.ch\/fr\/general\/2017-12-10\/schweiz-weist-glyphosat-spuren-auf-feldern-und-in-esswaren-auf\/#primaryimage"},"image":{"@id":"https:\/\/www.organisator.ch\/fr\/general\/2017-12-10\/schweiz-weist-glyphosat-spuren-auf-feldern-und-in-esswaren-auf\/#primaryimage"},"thumbnailUrl":"https:\/\/www.organisator.ch\/wp-content\/uploads\/2017\/12\/Schweiz-weist-Glyphosat-Spuren-Feldern-und-Esswaren-up-umweltperspektiven-bund.jpg","datePublished":"2017-12-10T17:00:36+00:00","description":"In Svizzera, circa il 40% degli alimenti contiene tracce misurabili del controverso diserbante glifosato.","breadcrumb":{"@id":"https:\/\/www.organisator.ch\/fr\/general\/2017-12-10\/schweiz-weist-glyphosat-spuren-auf-feldern-und-in-esswaren-auf\/#breadcrumb"},"inLanguage":"it-IT","potentialAction":[{"@type":"ReadAction","target":["https:\/\/www.organisator.ch\/fr\/general\/2017-12-10\/schweiz-weist-glyphosat-spuren-auf-feldern-und-in-esswaren-auf\/"]}]},{"@type":"ImageObject","inLanguage":"it-IT","@id":"https:\/\/www.organisator.ch\/fr\/general\/2017-12-10\/schweiz-weist-glyphosat-spuren-auf-feldern-und-in-esswaren-auf\/#primaryimage","url":"https:\/\/www.organisator.ch\/wp-content\/uploads\/2017\/12\/Schweiz-weist-Glyphosat-Spuren-Feldern-und-Esswaren-up-umweltperspektiven-bund.jpg","contentUrl":"https:\/\/www.organisator.ch\/wp-content\/uploads\/2017\/12\/Schweiz-weist-Glyphosat-Spuren-Feldern-und-Esswaren-up-umweltperspektiven-bund.jpg","width":640,"height":427,"caption":"Erste Resultate zeigen, dass in der Schweiz etwa 40 Prozent der Lebensmittel Spuren des Unkrautvernichters Glyphosat enthalten - allerdings in kleinen Mengen. (Depositphtos_Symbolbild)"},{"@type":"BreadcrumbList","@id":"https:\/\/www.organisator.ch\/fr\/general\/2017-12-10\/schweiz-weist-glyphosat-spuren-auf-feldern-und-in-esswaren-auf\/#breadcrumb","itemListElement":[{"@type":"ListItem","position":1,"name":"Home","item":"https:\/\/www.organisator.ch\/"},{"@type":"ListItem","position":2,"name":"Schweiz weist Glyphosat-Spuren auf Feldern und in Esswaren auf"}]},{"@type":"WebSite","@id":"https:\/\/www.organisator.ch\/#website","url":"https:\/\/www.organisator.ch\/","name":"Organizzatore","description":"Competente. Pratico. In 10 numeri all'anno, ORGANISATOR presenta i temi essenziali per i manager delle PMI.","publisher":{"@id":"https:\/\/www.organisator.ch\/#organization"},"potentialAction":[{"@type":"SearchAction","target":{"@type":"EntryPoint","urlTemplate":"https:\/\/www.organisator.ch\/?s={search_term_string}"},"query-input":{"@type":"PropertyValueSpecification","valueRequired":true,"valueName":"search_term_string"}}],"inLanguage":"it-IT"},{"@type":"Organization","@id":"https:\/\/www.organisator.ch\/#organization","name":"Organizzatore","url":"https:\/\/www.organisator.ch\/","logo":{"@type":"ImageObject","inLanguage":"it-IT","@id":"https:\/\/www.organisator.ch\/#\/schema\/logo\/image\/","url":"https:\/\/www.organisator.ch\/wp-content\/uploads\/2022\/01\/Logo_Organisator_Website.png","contentUrl":"https:\/\/www.organisator.ch\/wp-content\/uploads\/2022\/01\/Logo_Organisator_Website.png","width":800,"height":77,"caption":"Organisator"},"image":{"@id":"https:\/\/www.organisator.ch\/#\/schema\/logo\/image\/"},"sameAs":["https:\/\/www.facebook.com\/OrganisatorFachmagazin","https:\/\/www.linkedin.com\/showcase\/organisator-das-magazin-fr-kmu","https:\/\/www.xing.com\/news\/pages\/organisator-ch-695","https:\/\/www.youtube.com\/channel\/UCGP2Sq0iWaZwT3BdIAQFYpw"]},{"@type":"Person","@id":"https:\/\/www.organisator.ch\/#\/schema\/person\/134708ca9321c57b0362cceb7948ffbd","name":"michael.merz","image":{"@type":"ImageObject","inLanguage":"it-IT","@id":"https:\/\/secure.gravatar.com\/avatar\/?s=96&d=mm&r=g","url":"https:\/\/secure.gravatar.com\/avatar\/?s=96&d=mm&r=g","contentUrl":"https:\/\/secure.gravatar.com\/avatar\/?s=96&d=mm&r=g","caption":"michael.merz"},"url":"https:\/\/www.organisator.ch\/it\/author\/michael-merz\/"}]}},"_links":{"self":[{"href":"https:\/\/www.organisator.ch\/it\/wp-json\/wp\/v2\/posts\/1417","targetHints":{"allow":["GET"]}}],"collection":[{"href":"https:\/\/www.organisator.ch\/it\/wp-json\/wp\/v2\/posts"}],"about":[{"href":"https:\/\/www.organisator.ch\/it\/wp-json\/wp\/v2\/types\/post"}],"author":[{"embeddable":true,"href":"https:\/\/www.organisator.ch\/it\/wp-json\/wp\/v2\/users\/5"}],"replies":[{"embeddable":true,"href":"https:\/\/www.organisator.ch\/it\/wp-json\/wp\/v2\/comments?post=1417"}],"version-history":[{"count":0,"href":"https:\/\/www.organisator.ch\/it\/wp-json\/wp\/v2\/posts\/1417\/revisions"}],"wp:featuredmedia":[{"embeddable":true,"href":"https:\/\/www.organisator.ch\/it\/wp-json\/wp\/v2\/media\/9528"}],"wp:attachment":[{"href":"https:\/\/www.organisator.ch\/it\/wp-json\/wp\/v2\/media?parent=1417"}],"wp:term":[{"taxonomy":"category","embeddable":true,"href":"https:\/\/www.organisator.ch\/it\/wp-json\/wp\/v2\/categories?post=1417"},{"taxonomy":"post_tag","embeddable":true,"href":"https:\/\/www.organisator.ch\/it\/wp-json\/wp\/v2\/tags?post=1417"}],"curies":[{"name":"wp","href":"https:\/\/api.w.org\/{rel}","templated":true}]}}