{"id":14244,"date":"2022-06-10T09:09:41","date_gmt":"2022-06-10T07:09:41","guid":{"rendered":"https:\/\/www.organisator.ch\/?p=14244"},"modified":"2022-06-10T09:09:41","modified_gmt":"2022-06-10T07:09:41","slug":"neue-junge-fachkraefte-fuer-die-autobranche","status":"publish","type":"post","link":"https:\/\/www.organisator.ch\/it\/weiterbildung\/2022-06-10\/neue-junge-fachkraefte-fuer-die-autobranche\/","title":{"rendered":"Nuovi giovani professionisti per l'industria automobilistica"},"content":{"rendered":"<figure id=\"attachment_14245\" aria-describedby=\"caption-attachment-14245\" style=\"width: 680px\" class=\"wp-caption alignnone\"><img loading=\"lazy\" decoding=\"async\" class=\"size-full wp-image-14245\" src=\"https:\/\/www.organisator.ch\/wp-content\/uploads\/2022\/06\/Neue-junge-Fachkraefte-fuer-die-Autobranche_Organisator.jpg\" alt=\"\" width=\"680\" height=\"453\" srcset=\"https:\/\/www.organisator.ch\/wp-content\/uploads\/2022\/06\/Neue-junge-Fachkraefte-fuer-die-Autobranche_Organisator.jpg 680w, https:\/\/www.organisator.ch\/wp-content\/uploads\/2022\/06\/Neue-junge-Fachkraefte-fuer-die-Autobranche_Organisator-18x12.jpg 18w, https:\/\/www.organisator.ch\/wp-content\/uploads\/2022\/06\/Neue-junge-Fachkraefte-fuer-die-Autobranche_Organisator-263x175.jpg 263w, https:\/\/www.organisator.ch\/wp-content\/uploads\/2022\/06\/Neue-junge-Fachkraefte-fuer-die-Autobranche_Organisator-525x350.jpg 525w, https:\/\/www.organisator.ch\/wp-content\/uploads\/2022\/06\/Neue-junge-Fachkraefte-fuer-die-Autobranche_Organisator-300x200.jpg 300w\" sizes=\"auto, (max-width: 680px) 100vw, 680px\" \/><figcaption id=\"caption-attachment-14245\" class=\"wp-caption-text\">Nuovi giovani professionisti per l'industria automobilistica: i migliori voti delle singole direzioni e generazioni alla presentazione del certificato professionale a Safenwil. (Foto: AGVS media)<\/figcaption><\/figure>\n<p>I coordinatori di officine automobilistiche e i diagnostici automobilistici affrontano le sfide quotidiane nelle officine e forniscono le basi per il successo e la soddisfazione dei clienti con la loro competenza tecnica e umana. 163 diplomati della formazione professionale hanno recentemente ricevuto i loro certificati. Charles-Albert Hediger, membro del Consiglio centrale dell'AGVS, ha ringraziato i giovani professionisti e le loro famiglie del Centro Eventi di Emil Frey Classics AG a Safenwil per aver intrapreso questa formazione nonostante il periodo di incertezza causato dalla pandemia e dalla guerra: \"L'industria automobilistica svizzera ha bisogno di voi e continuer\u00e0 ad averne bisogno!\". Grazie alle conoscenze che le due laureate e i 161 laureati maschi hanno acquisito durante i due anni di formazione, hanno gettato le basi per il successo professionale e hanno dimostrato la loro passione per l'industria automobilistica.<\/p>\n<h3>Giovani professionisti che danno il meglio di s\u00e9 ogni giorno<\/h3>\n<p>I migliori voti, che hanno ricevuto un premio speciale, sono stati una particolare fonte di gioia per i professionisti di successo. Tra i coordinatori di officine automobilistiche, questo \u00e8 stato Raphael Senn di Kaltenbach TG, che ha completato il corso di perfezionamento con il miglior voto 4.8. Ramon Keel di Balgach SG con un voto di 5,3, Etienne Panchaud di Murist FR con un voto di 5,0 e Yann Lerch di Reconvilier BE con un voto di 4,9 si sono distinti tra i diagnostici automobilistici per veicoli passeggeri. Tra i veicoli commerciali, Daniel Hug di Untervaz GR ha ottenuto un voto di 5,5, Roman Schellenberg di Pf\u00e4ffikon ZH un voto di 5,4 e Michael Franz M\u00fcller di Niederurnen GL un voto di 5,6. \"Voglio dare il massimo ogni giorno e trasmettere le conoscenze umane e tecniche che abbiamo acquisito durante la formazione\", ha rivelato M\u00fcller. \"Ci siamo divertiti insieme e questo ha reso pi\u00f9 facile l'apprendimento\". Il fatto che la formazione impegnativa non fosse scontata \u00e8 stato sottolineato anche dalle due diplomate Evelyn Kunz di Adetswil ZH (voto 5.0) e Desir\u00e9e Schweizer di Glattfelden ZH (voto 4.8). \"Il mio ragazzo mi ha aiutato molto. Ha fatto la formazione cinque anni fa\", ha spiegato Desir\u00e9e Schweizer. \"Non lavoriamo ancora insieme in un garage, ma abbiamo molto materiale a casa con cui giocherellare\".<\/p>\n<h3>I veicoli suscitano emozioni<\/h3>\n<p>Anche Matthias Krummen, responsabile dei servizi di gestione e comunicazione dell'ESA, ha sottolineato le emozioni suscitate dai veicoli: \"Ci vogliono personalit\u00e0 come voi per affrontare nuove tendenze, concetti e segmenti di clientela. Le tendenze vanno sfruttate come opportunit\u00e0. Avete il privilegio di lavorare con prodotti che suscitano emozioni\". In qualit\u00e0 di organizzazione di acquisto per il commercio di auto e veicoli, l'ESA \u00e8 impegnata da oltre 90 anni nell'istruzione e nella formazione del settore. Krummen ha quindi consegnato al membro del Consiglio direttivo dell'AGVS Olivier Maeder un assegno di 20.000 franchi svizzeri per continuare a promuovere la formazione di giovani specialisti in futuro.<\/p>\n<p><em>Fonte: <a href=\"https:\/\/www.agvs-upsa.ch\/\">Auto Gewerbe Verband Schweiz<\/a><\/em><\/p>","protected":false},"excerpt":{"rendered":"<p>Automobil-Werkstattkoordinatoren und Automobildiagnostiker\/-innen stellen sich den t\u00e4glichen Herausforderungen in den Betrieben und liefern dort mit ihrer Sach- und Menschenkompetenz die Basis f\u00fcr Erfolg und Kundenzufriedenheit. 163 Absolventinnen und Absolventen der Berufsausbildung nahmen k\u00fcrzlich ihre Fachausweise entgegen.\u00a0Charles-Albert Hediger, Mitglied des AGVS-Zentralvorstands, bedankt sich bei den jungen Fachkr\u00e4ften und ihren Angeh\u00f6rigen im Event-Center der Emil Frey Classics [&hellip;]<\/p>\n","protected":false},"author":4,"featured_media":14245,"comment_status":"closed","ping_status":"closed","sticky":false,"template":"","format":"standard","meta":{"_acf_changed":false,"_yoast_wpseo_focuskw":"junge Fachkr\u00e4fte","_yoast_wpseo_metadesc":"163 neue junge Fachkr\u00e4fte f\u00fcr die Autobranche durften in einem feierlichen Rahmen k\u00fcrzlich ihre Fachausweise entgegennehmen.","articlekey":"","footnotes":""},"categories":[30],"tags":[62,2944,254,503],"class_list":["post-14244","post","type-post","status-publish","format-standard","has-post-thumbnail","hentry","category-weiterbildung","tag-aus-weiterbildung","tag-autobranche","tag-hrm","tag-verbaende"],"acf":[],"yoast_head":"<!-- This site is optimized with the Yoast SEO plugin v27.5 - https:\/\/yoast.com\/product\/yoast-seo-wordpress\/ -->\n<title>Neue junge Fachkr\u00e4fte f\u00fcr die Autobranche - Organisator<\/title>\n<meta name=\"description\" content=\"163 neue junge Fachkr\u00e4fte f\u00fcr die Autobranche durften in einem feierlichen Rahmen k\u00fcrzlich ihre Fachausweise entgegennehmen.\" \/>\n<meta name=\"robots\" content=\"index, follow, max-snippet:-1, max-image-preview:large, max-video-preview:-1\" \/>\n<link rel=\"canonical\" href=\"https:\/\/www.organisator.ch\/it\/formazione-continua\/2022-06-10\/neue-junge-fachkraefte-fuer-die-autobranche\/\" \/>\n<meta property=\"og:locale\" content=\"it_IT\" \/>\n<meta property=\"og:type\" content=\"article\" \/>\n<meta property=\"og:title\" content=\"Neue junge Fachkr\u00e4fte f\u00fcr die Autobranche\" \/>\n<meta property=\"og:description\" content=\"163 neue junge Fachkr\u00e4fte f\u00fcr die Autobranche durften in einem feierlichen Rahmen k\u00fcrzlich ihre Fachausweise entgegennehmen.\" \/>\n<meta property=\"og:url\" content=\"https:\/\/www.organisator.ch\/it\/formazione-continua\/2022-06-10\/neue-junge-fachkraefte-fuer-die-autobranche\/\" \/>\n<meta property=\"og:site_name\" content=\"Organisator\" \/>\n<meta property=\"article:publisher\" content=\"https:\/\/www.facebook.com\/OrganisatorFachmagazin\" \/>\n<meta property=\"article:published_time\" content=\"2022-06-10T07:09:41+00:00\" \/>\n<meta property=\"og:image\" content=\"https:\/\/www.organisator.ch\/wp-content\/uploads\/2022\/06\/Neue-junge-Fachkraefte-fuer-die-Autobranche_Organisator.jpg\" \/>\n\t<meta property=\"og:image:width\" content=\"680\" \/>\n\t<meta property=\"og:image:height\" content=\"453\" \/>\n\t<meta property=\"og:image:type\" content=\"image\/jpeg\" \/>\n<meta name=\"author\" content=\"thomas.berner\" \/>\n<meta name=\"twitter:card\" content=\"summary_large_image\" \/>\n<meta name=\"twitter:title\" content=\"Neue junge #Fachkr\u00e4fte f\u00fcr die #Autobranche\" \/>\n<meta name=\"twitter:description\" content=\"163 neue junge #Fachkr\u00e4fte f\u00fcr die #Autobranche durften in einem feierlichen Rahmen k\u00fcrzlich ihre #Fachausweise entgegennehmen.\" \/>\n<meta name=\"twitter:image\" content=\"https:\/\/www.organisator.ch\/wp-content\/uploads\/2022\/06\/Neue-junge-Fachkraefte-fuer-die-Autobranche_Organisator.jpg\" \/>\n<script type=\"application\/ld+json\" class=\"yoast-schema-graph\">{\"@context\":\"https:\\\/\\\/schema.org\",\"@graph\":[{\"@type\":\"Article\",\"@id\":\"https:\\\/\\\/www.organisator.ch\\\/weiterbildung\\\/2022-06-10\\\/neue-junge-fachkraefte-fuer-die-autobranche\\\/#article\",\"isPartOf\":{\"@id\":\"https:\\\/\\\/www.organisator.ch\\\/weiterbildung\\\/2022-06-10\\\/neue-junge-fachkraefte-fuer-die-autobranche\\\/\"},\"author\":{\"name\":\"thomas.berner\",\"@id\":\"https:\\\/\\\/www.organisator.ch\\\/#\\\/schema\\\/person\\\/6f650f90b2842cd4c0cc334b4e36f67e\"},\"headline\":\"Neue junge Fachkr\u00e4fte f\u00fcr die Autobranche\",\"datePublished\":\"2022-06-10T07:09:41+00:00\",\"mainEntityOfPage\":{\"@id\":\"https:\\\/\\\/www.organisator.ch\\\/weiterbildung\\\/2022-06-10\\\/neue-junge-fachkraefte-fuer-die-autobranche\\\/\"},\"wordCount\":484,\"publisher\":{\"@id\":\"https:\\\/\\\/www.organisator.ch\\\/#organization\"},\"image\":{\"@id\":\"https:\\\/\\\/www.organisator.ch\\\/weiterbildung\\\/2022-06-10\\\/neue-junge-fachkraefte-fuer-die-autobranche\\\/#primaryimage\"},\"thumbnailUrl\":\"https:\\\/\\\/www.organisator.ch\\\/wp-content\\\/uploads\\\/2022\\\/06\\\/Neue-junge-Fachkraefte-fuer-die-Autobranche_Organisator.jpg\",\"keywords\":[\"Aus-\\\/Weiterbildung\",\"Autobranche\",\"HRM\",\"Verb\u00e4nde\"],\"articleSection\":[\"WEITERBILDUNG\"],\"inLanguage\":\"it-IT\"},{\"@type\":\"WebPage\",\"@id\":\"https:\\\/\\\/www.organisator.ch\\\/weiterbildung\\\/2022-06-10\\\/neue-junge-fachkraefte-fuer-die-autobranche\\\/\",\"url\":\"https:\\\/\\\/www.organisator.ch\\\/weiterbildung\\\/2022-06-10\\\/neue-junge-fachkraefte-fuer-die-autobranche\\\/\",\"name\":\"Neue junge Fachkr\u00e4fte f\u00fcr die Autobranche - Organisator\",\"isPartOf\":{\"@id\":\"https:\\\/\\\/www.organisator.ch\\\/#website\"},\"primaryImageOfPage\":{\"@id\":\"https:\\\/\\\/www.organisator.ch\\\/weiterbildung\\\/2022-06-10\\\/neue-junge-fachkraefte-fuer-die-autobranche\\\/#primaryimage\"},\"image\":{\"@id\":\"https:\\\/\\\/www.organisator.ch\\\/weiterbildung\\\/2022-06-10\\\/neue-junge-fachkraefte-fuer-die-autobranche\\\/#primaryimage\"},\"thumbnailUrl\":\"https:\\\/\\\/www.organisator.ch\\\/wp-content\\\/uploads\\\/2022\\\/06\\\/Neue-junge-Fachkraefte-fuer-die-Autobranche_Organisator.jpg\",\"datePublished\":\"2022-06-10T07:09:41+00:00\",\"description\":\"163 neue junge Fachkr\u00e4fte f\u00fcr die Autobranche durften in einem feierlichen Rahmen k\u00fcrzlich ihre Fachausweise entgegennehmen.\",\"breadcrumb\":{\"@id\":\"https:\\\/\\\/www.organisator.ch\\\/weiterbildung\\\/2022-06-10\\\/neue-junge-fachkraefte-fuer-die-autobranche\\\/#breadcrumb\"},\"inLanguage\":\"it-IT\",\"potentialAction\":[{\"@type\":\"ReadAction\",\"target\":[\"https:\\\/\\\/www.organisator.ch\\\/weiterbildung\\\/2022-06-10\\\/neue-junge-fachkraefte-fuer-die-autobranche\\\/\"]}]},{\"@type\":\"ImageObject\",\"inLanguage\":\"it-IT\",\"@id\":\"https:\\\/\\\/www.organisator.ch\\\/weiterbildung\\\/2022-06-10\\\/neue-junge-fachkraefte-fuer-die-autobranche\\\/#primaryimage\",\"url\":\"https:\\\/\\\/www.organisator.ch\\\/wp-content\\\/uploads\\\/2022\\\/06\\\/Neue-junge-Fachkraefte-fuer-die-Autobranche_Organisator.jpg\",\"contentUrl\":\"https:\\\/\\\/www.organisator.ch\\\/wp-content\\\/uploads\\\/2022\\\/06\\\/Neue-junge-Fachkraefte-fuer-die-Autobranche_Organisator.jpg\",\"width\":680,\"height\":453,\"caption\":\"Die Notenbesten der einzelnen Richtungen und Generationen bei der Fachausweis\u00fcbergabe in Safenwil. (Foto: AGVS-Medien)\"},{\"@type\":\"BreadcrumbList\",\"@id\":\"https:\\\/\\\/www.organisator.ch\\\/weiterbildung\\\/2022-06-10\\\/neue-junge-fachkraefte-fuer-die-autobranche\\\/#breadcrumb\",\"itemListElement\":[{\"@type\":\"ListItem\",\"position\":1,\"name\":\"Home\",\"item\":\"https:\\\/\\\/www.organisator.ch\\\/\"},{\"@type\":\"ListItem\",\"position\":2,\"name\":\"Neue junge Fachkr\u00e4fte f\u00fcr die Autobranche\"}]},{\"@type\":\"WebSite\",\"@id\":\"https:\\\/\\\/www.organisator.ch\\\/#website\",\"url\":\"https:\\\/\\\/www.organisator.ch\\\/\",\"name\":\"Organisator\",\"description\":\"Kompetent. Praxisnah. Der ORGANISATOR bereitet in 10 Ausgaben pro Jahr die wesentlichen Themen f\u00fcr F\u00fchrungskr\u00e4fte von KMU auf.\",\"publisher\":{\"@id\":\"https:\\\/\\\/www.organisator.ch\\\/#organization\"},\"potentialAction\":[{\"@type\":\"SearchAction\",\"target\":{\"@type\":\"EntryPoint\",\"urlTemplate\":\"https:\\\/\\\/www.organisator.ch\\\/?s={search_term_string}\"},\"query-input\":{\"@type\":\"PropertyValueSpecification\",\"valueRequired\":true,\"valueName\":\"search_term_string\"}}],\"inLanguage\":\"it-IT\"},{\"@type\":\"Organization\",\"@id\":\"https:\\\/\\\/www.organisator.ch\\\/#organization\",\"name\":\"Organisator\",\"url\":\"https:\\\/\\\/www.organisator.ch\\\/\",\"logo\":{\"@type\":\"ImageObject\",\"inLanguage\":\"it-IT\",\"@id\":\"https:\\\/\\\/www.organisator.ch\\\/#\\\/schema\\\/logo\\\/image\\\/\",\"url\":\"https:\\\/\\\/www.organisator.ch\\\/wp-content\\\/uploads\\\/2022\\\/01\\\/Logo_Organisator_Website.png\",\"contentUrl\":\"https:\\\/\\\/www.organisator.ch\\\/wp-content\\\/uploads\\\/2022\\\/01\\\/Logo_Organisator_Website.png\",\"width\":800,\"height\":77,\"caption\":\"Organisator\"},\"image\":{\"@id\":\"https:\\\/\\\/www.organisator.ch\\\/#\\\/schema\\\/logo\\\/image\\\/\"},\"sameAs\":[\"https:\\\/\\\/www.facebook.com\\\/OrganisatorFachmagazin\",\"https:\\\/\\\/www.linkedin.com\\\/showcase\\\/organisator-das-magazin-fr-kmu\",\"https:\\\/\\\/www.xing.com\\\/news\\\/pages\\\/organisator-ch-695\",\"https:\\\/\\\/www.youtube.com\\\/channel\\\/UCGP2Sq0iWaZwT3BdIAQFYpw\"]},{\"@type\":\"Person\",\"@id\":\"https:\\\/\\\/www.organisator.ch\\\/#\\\/schema\\\/person\\\/6f650f90b2842cd4c0cc334b4e36f67e\",\"name\":\"thomas.berner\",\"image\":{\"@type\":\"ImageObject\",\"inLanguage\":\"it-IT\",\"@id\":\"https:\\\/\\\/secure.gravatar.com\\\/avatar\\\/ac5001d2a36cb6c6cd3e50789007ffca834b477b74a2144564522e944eabff61?s=96&d=mm&r=g\",\"url\":\"https:\\\/\\\/secure.gravatar.com\\\/avatar\\\/ac5001d2a36cb6c6cd3e50789007ffca834b477b74a2144564522e944eabff61?s=96&d=mm&r=g\",\"contentUrl\":\"https:\\\/\\\/secure.gravatar.com\\\/avatar\\\/ac5001d2a36cb6c6cd3e50789007ffca834b477b74a2144564522e944eabff61?s=96&d=mm&r=g\",\"caption\":\"thomas.berner\"},\"url\":\"https:\\\/\\\/www.organisator.ch\\\/it\\\/author\\\/thomas-berner\\\/\"}]}<\/script>\n<!-- \/ Yoast SEO plugin. -->","yoast_head_json":{"title":"Nuovi giovani professionisti per l'industria automobilistica - Organizzatore","description":"163 nuovi giovani professionisti dell'industria automobilistica hanno recentemente ricevuto i loro certificati professionali in un contesto festoso.","robots":{"index":"index","follow":"follow","max-snippet":"max-snippet:-1","max-image-preview":"max-image-preview:large","max-video-preview":"max-video-preview:-1"},"canonical":"https:\/\/www.organisator.ch\/it\/formazione-continua\/2022-06-10\/neue-junge-fachkraefte-fuer-die-autobranche\/","og_locale":"it_IT","og_type":"article","og_title":"Neue junge Fachkr\u00e4fte f\u00fcr die Autobranche","og_description":"163 neue junge Fachkr\u00e4fte f\u00fcr die Autobranche durften in einem feierlichen Rahmen k\u00fcrzlich ihre Fachausweise entgegennehmen.","og_url":"https:\/\/www.organisator.ch\/it\/formazione-continua\/2022-06-10\/neue-junge-fachkraefte-fuer-die-autobranche\/","og_site_name":"Organisator","article_publisher":"https:\/\/www.facebook.com\/OrganisatorFachmagazin","article_published_time":"2022-06-10T07:09:41+00:00","og_image":[{"width":680,"height":453,"url":"https:\/\/www.organisator.ch\/wp-content\/uploads\/2022\/06\/Neue-junge-Fachkraefte-fuer-die-Autobranche_Organisator.jpg","type":"image\/jpeg"}],"author":"thomas.berner","twitter_card":"summary_large_image","twitter_title":"Neue junge #Fachkr\u00e4fte f\u00fcr die #Autobranche","twitter_description":"163 neue junge #Fachkr\u00e4fte f\u00fcr die #Autobranche durften in einem feierlichen Rahmen k\u00fcrzlich ihre #Fachausweise entgegennehmen.","twitter_image":"https:\/\/www.organisator.ch\/wp-content\/uploads\/2022\/06\/Neue-junge-Fachkraefte-fuer-die-Autobranche_Organisator.jpg","schema":{"@context":"https:\/\/schema.org","@graph":[{"@type":"Article","@id":"https:\/\/www.organisator.ch\/weiterbildung\/2022-06-10\/neue-junge-fachkraefte-fuer-die-autobranche\/#article","isPartOf":{"@id":"https:\/\/www.organisator.ch\/weiterbildung\/2022-06-10\/neue-junge-fachkraefte-fuer-die-autobranche\/"},"author":{"name":"thomas.berner","@id":"https:\/\/www.organisator.ch\/#\/schema\/person\/6f650f90b2842cd4c0cc334b4e36f67e"},"headline":"Neue junge Fachkr\u00e4fte f\u00fcr die Autobranche","datePublished":"2022-06-10T07:09:41+00:00","mainEntityOfPage":{"@id":"https:\/\/www.organisator.ch\/weiterbildung\/2022-06-10\/neue-junge-fachkraefte-fuer-die-autobranche\/"},"wordCount":484,"publisher":{"@id":"https:\/\/www.organisator.ch\/#organization"},"image":{"@id":"https:\/\/www.organisator.ch\/weiterbildung\/2022-06-10\/neue-junge-fachkraefte-fuer-die-autobranche\/#primaryimage"},"thumbnailUrl":"https:\/\/www.organisator.ch\/wp-content\/uploads\/2022\/06\/Neue-junge-Fachkraefte-fuer-die-Autobranche_Organisator.jpg","keywords":["Aus-\/Weiterbildung","Autobranche","HRM","Verb\u00e4nde"],"articleSection":["WEITERBILDUNG"],"inLanguage":"it-IT"},{"@type":"WebPage","@id":"https:\/\/www.organisator.ch\/weiterbildung\/2022-06-10\/neue-junge-fachkraefte-fuer-die-autobranche\/","url":"https:\/\/www.organisator.ch\/weiterbildung\/2022-06-10\/neue-junge-fachkraefte-fuer-die-autobranche\/","name":"Nuovi giovani professionisti per l'industria automobilistica - Organizzatore","isPartOf":{"@id":"https:\/\/www.organisator.ch\/#website"},"primaryImageOfPage":{"@id":"https:\/\/www.organisator.ch\/weiterbildung\/2022-06-10\/neue-junge-fachkraefte-fuer-die-autobranche\/#primaryimage"},"image":{"@id":"https:\/\/www.organisator.ch\/weiterbildung\/2022-06-10\/neue-junge-fachkraefte-fuer-die-autobranche\/#primaryimage"},"thumbnailUrl":"https:\/\/www.organisator.ch\/wp-content\/uploads\/2022\/06\/Neue-junge-Fachkraefte-fuer-die-Autobranche_Organisator.jpg","datePublished":"2022-06-10T07:09:41+00:00","description":"163 nuovi giovani professionisti dell'industria automobilistica hanno recentemente ricevuto i loro certificati professionali in un contesto festoso.","breadcrumb":{"@id":"https:\/\/www.organisator.ch\/weiterbildung\/2022-06-10\/neue-junge-fachkraefte-fuer-die-autobranche\/#breadcrumb"},"inLanguage":"it-IT","potentialAction":[{"@type":"ReadAction","target":["https:\/\/www.organisator.ch\/weiterbildung\/2022-06-10\/neue-junge-fachkraefte-fuer-die-autobranche\/"]}]},{"@type":"ImageObject","inLanguage":"it-IT","@id":"https:\/\/www.organisator.ch\/weiterbildung\/2022-06-10\/neue-junge-fachkraefte-fuer-die-autobranche\/#primaryimage","url":"https:\/\/www.organisator.ch\/wp-content\/uploads\/2022\/06\/Neue-junge-Fachkraefte-fuer-die-Autobranche_Organisator.jpg","contentUrl":"https:\/\/www.organisator.ch\/wp-content\/uploads\/2022\/06\/Neue-junge-Fachkraefte-fuer-die-Autobranche_Organisator.jpg","width":680,"height":453,"caption":"Die Notenbesten der einzelnen Richtungen und Generationen bei der Fachausweis\u00fcbergabe in Safenwil. (Foto: AGVS-Medien)"},{"@type":"BreadcrumbList","@id":"https:\/\/www.organisator.ch\/weiterbildung\/2022-06-10\/neue-junge-fachkraefte-fuer-die-autobranche\/#breadcrumb","itemListElement":[{"@type":"ListItem","position":1,"name":"Home","item":"https:\/\/www.organisator.ch\/"},{"@type":"ListItem","position":2,"name":"Neue junge Fachkr\u00e4fte f\u00fcr die Autobranche"}]},{"@type":"WebSite","@id":"https:\/\/www.organisator.ch\/#website","url":"https:\/\/www.organisator.ch\/","name":"Organizzatore","description":"Competente. Pratico. In 10 numeri all'anno, ORGANISATOR presenta i temi essenziali per i manager delle PMI.","publisher":{"@id":"https:\/\/www.organisator.ch\/#organization"},"potentialAction":[{"@type":"SearchAction","target":{"@type":"EntryPoint","urlTemplate":"https:\/\/www.organisator.ch\/?s={search_term_string}"},"query-input":{"@type":"PropertyValueSpecification","valueRequired":true,"valueName":"search_term_string"}}],"inLanguage":"it-IT"},{"@type":"Organization","@id":"https:\/\/www.organisator.ch\/#organization","name":"Organizzatore","url":"https:\/\/www.organisator.ch\/","logo":{"@type":"ImageObject","inLanguage":"it-IT","@id":"https:\/\/www.organisator.ch\/#\/schema\/logo\/image\/","url":"https:\/\/www.organisator.ch\/wp-content\/uploads\/2022\/01\/Logo_Organisator_Website.png","contentUrl":"https:\/\/www.organisator.ch\/wp-content\/uploads\/2022\/01\/Logo_Organisator_Website.png","width":800,"height":77,"caption":"Organisator"},"image":{"@id":"https:\/\/www.organisator.ch\/#\/schema\/logo\/image\/"},"sameAs":["https:\/\/www.facebook.com\/OrganisatorFachmagazin","https:\/\/www.linkedin.com\/showcase\/organisator-das-magazin-fr-kmu","https:\/\/www.xing.com\/news\/pages\/organisator-ch-695","https:\/\/www.youtube.com\/channel\/UCGP2Sq0iWaZwT3BdIAQFYpw"]},{"@type":"Person","@id":"https:\/\/www.organisator.ch\/#\/schema\/person\/6f650f90b2842cd4c0cc334b4e36f67e","name":"Tommaso.berner","image":{"@type":"ImageObject","inLanguage":"it-IT","@id":"https:\/\/secure.gravatar.com\/avatar\/ac5001d2a36cb6c6cd3e50789007ffca834b477b74a2144564522e944eabff61?s=96&d=mm&r=g","url":"https:\/\/secure.gravatar.com\/avatar\/ac5001d2a36cb6c6cd3e50789007ffca834b477b74a2144564522e944eabff61?s=96&d=mm&r=g","contentUrl":"https:\/\/secure.gravatar.com\/avatar\/ac5001d2a36cb6c6cd3e50789007ffca834b477b74a2144564522e944eabff61?s=96&d=mm&r=g","caption":"thomas.berner"},"url":"https:\/\/www.organisator.ch\/it\/author\/thomas-berner\/"}]}},"_links":{"self":[{"href":"https:\/\/www.organisator.ch\/it\/wp-json\/wp\/v2\/posts\/14244","targetHints":{"allow":["GET"]}}],"collection":[{"href":"https:\/\/www.organisator.ch\/it\/wp-json\/wp\/v2\/posts"}],"about":[{"href":"https:\/\/www.organisator.ch\/it\/wp-json\/wp\/v2\/types\/post"}],"author":[{"embeddable":true,"href":"https:\/\/www.organisator.ch\/it\/wp-json\/wp\/v2\/users\/4"}],"replies":[{"embeddable":true,"href":"https:\/\/www.organisator.ch\/it\/wp-json\/wp\/v2\/comments?post=14244"}],"version-history":[{"count":1,"href":"https:\/\/www.organisator.ch\/it\/wp-json\/wp\/v2\/posts\/14244\/revisions"}],"predecessor-version":[{"id":14246,"href":"https:\/\/www.organisator.ch\/it\/wp-json\/wp\/v2\/posts\/14244\/revisions\/14246"}],"wp:featuredmedia":[{"embeddable":true,"href":"https:\/\/www.organisator.ch\/it\/wp-json\/wp\/v2\/media\/14245"}],"wp:attachment":[{"href":"https:\/\/www.organisator.ch\/it\/wp-json\/wp\/v2\/media?parent=14244"}],"wp:term":[{"taxonomy":"category","embeddable":true,"href":"https:\/\/www.organisator.ch\/it\/wp-json\/wp\/v2\/categories?post=14244"},{"taxonomy":"post_tag","embeddable":true,"href":"https:\/\/www.organisator.ch\/it\/wp-json\/wp\/v2\/tags?post=14244"}],"curies":[{"name":"wp","href":"https:\/\/api.w.org\/{rel}","templated":true}]}}