{"id":14247,"date":"2022-06-10T10:52:07","date_gmt":"2022-06-10T08:52:07","guid":{"rendered":"https:\/\/www.m-q.ch\/?p=16427"},"modified":"2022-06-10T16:59:15","modified_gmt":"2022-06-10T14:59:15","slug":"bosch-baut-aktivitaeten-in-der-schweiz-aus","status":"publish","type":"post","link":"https:\/\/www.organisator.ch\/it\/management\/2022-06-10\/bosch-baut-aktivitaeten-in-der-schweiz-aus\/","title":{"rendered":"Bosch espande le attivit\u00e0 in Svizzera"},"content":{"rendered":"<figure id=\"attachment_16428\" class=\"wp-caption alignnone\" style=\"width: 680px;\" aria-describedby=\"caption-attachment-16428\"><img class=\"size-full wp-image-16428\" src=\"https:\/\/www.m-q.ch\/wp-content\/uploads\/2022\/06\/Bosch-baut-Aktivitaeten-in-der-Schweiz-aus_MQ.jpg\" sizes=\"(max-width: 680px) 100vw, 680px\" srcset=\"https:\/\/www.m-q.ch\/wp-content\/uploads\/2022\/06\/Bosch-baut-Aktivitaeten-in-der-Schweiz-aus_MQ.jpg 680w, https:\/\/www.m-q.ch\/wp-content\/uploads\/2022\/06\/Bosch-baut-Aktivitaeten-in-der-Schweiz-aus_MQ-18x10.jpg 18w, https:\/\/www.m-q.ch\/wp-content\/uploads\/2022\/06\/Bosch-baut-Aktivitaeten-in-der-Schweiz-aus_MQ-311x175.jpg 311w, https:\/\/www.m-q.ch\/wp-content\/uploads\/2022\/06\/Bosch-baut-Aktivitaeten-in-der-Schweiz-aus_MQ-621x350.jpg 621w, https:\/\/www.m-q.ch\/wp-content\/uploads\/2022\/06\/Bosch-baut-Aktivitaeten-in-der-Schweiz-aus_MQ-300x169.jpg 300w\" alt=\"\" width=\"680\" height=\"383\" \/><figcaption id=\"caption-attachment-16428\" class=\"wp-caption-text\">Nella sede svizzera di Zuchwil, Bosch investir\u00e0 45 milioni di franchi svizzeri in un edificio a zero emissioni di CO2. (Immagine: zVg \/ Bosch)<\/figcaption><\/figure>\r\nL'azienda internazionale di tecnologia e servizi Bosch \u00e8 riuscita ad aumentare le vendite sul mercato svizzero a 745 milioni di franchi svizzeri nell'anno commerciale 2021. Ci\u00f2 corrisponde a una crescita di circa l'11,5% rispetto all'anno precedente. Il fatturato netto totale, comprese le consegne interne alle filiali, \u00e8 stato di 1,65 miliardi di franchi svizzeri. L'azienda, che vende i suoi prodotti in Svizzera dal 1904, impiega circa 2 000 persone in questo Paese. \"Il risultato positivo riflette la buona performance delle nostre diverse divisioni e gli sforzi dei nostri collaboratori per sfruttare le opportunit\u00e0 che si presentano in un contesto globale sfavorevole\", ha dichiarato Ute Lepple, rappresentante del Gruppo Bosch in Svizzera.\r\n<h3>Integrazione delle societ\u00e0 acquisite<\/h3>\r\nUte Lepple si \u00e8 detta particolarmente soddisfatta della crescita derivante dall'acquisizione di Elpro Group AG a Buchs, nonch\u00e9 del cambio di denominazione di Buderus Heiztechnik AG in Bosch Thermotechnik AG. Con entrambe le attivit\u00e0, l'azienda rafforza la presenza del marchio Bosch in Svizzera. \"Il 2022 sar\u00e0 un altro anno impegnativo. Siamo partiti bene e faremo tutto il possibile per crescere pi\u00f9 velocemente del mercato nei settori pi\u00f9 importanti\", afferma Ute Lepple.\r\n<h3>Sviluppo del fatturato per settore di attivit\u00e0<\/h3>\r\nNel settore delle soluzioni per la mobilit\u00e0, Bosch ha nuovamente registrato una crescita significativa nel settore Automotive Aftermarket e nei sistemi di guida e assistenza alla guida per le eBike in Svizzera nel 2021, secondo il rapporto annuale. Il settore dei beni di consumo \u00e8 stato nuovamente in grado di aumentare le vendite rispetto al gi\u00e0 forte anno precedente. Nonostante la pandemia e le sfide economiche, anche il settore Tecnologia industriale \u00e8 riuscito a incrementare le vendite, a rifornire i clienti in modo affidabile e ad aumentare ulteriormente la soddisfazione. Nella divisione Energia e tecnologie per l'edilizia, l'unit\u00e0 Termotecnica ha registrato una solida crescita. Le vendite nel pi\u00f9 importante sottomercato, quello delle pompe di calore, si sono sviluppate in modo particolarmente positivo, con un significativo aumento della quota di mercato.\r\n<h3>Nuova sede a zero emissioni di CO2 per Bosch Svizzera<\/h3>\r\nNel marzo 2022, Bosch Svizzera ha iniziato la costruzione di un nuovo edificio amministrativo presso la sede di Zuchwil (SO). Con un investimento di 45 milioni di franchi svizzeri, il progetto di costruzione \u00e8 uno dei pi\u00f9 importanti investimenti dell'azienda in Svizzera negli ultimi anni. Entro il 2024, su una superficie di 14.900 m2 , verr\u00e0 costruito un edificio di quattro piani con struttura in legno, a zero emissioni di CO2. L'edificio \u00e8 stato progettato sia come sede centrale di Bosch Svizzera sia come sede della divisione di prodotti Bosch Power Tools Accessories, attiva a livello globale, Scintilla AG.\r\n<h3>Gruppo Bosch: prospettive 2022 e percorso strategico<\/h3>\r\nNel 2021 l'azienda nel suo complesso ha registrato un significativo aumento del fatturato e degli utili, nonostante le difficili condizioni generali. Nel primo trimestre del 2022, il fatturato dell'azienda di tecnologia e servizi \u00e8 cresciuto del 5,2%. Per l'anno in corso, Bosch prevede un aumento del fatturato di oltre il 6% e un margine EBIT tra il 3 e il 4%, anche se l'azienda si aspetta un notevole onere, in particolare per l'aumento dei costi dell'energia, dei materiali e della logistica. \"Il successo dell'anno fiscale 2021 ci d\u00e0 la certezza che saremo in grado di gestire anche il difficile contesto dell'anno in corso\", ha dichiarato Stefan Hartung, presidente del consiglio di amministrazione di Robert Bosch GmbH. Tra le notevoli incertezze c'\u00e8 la guerra in Ucraina con tutte le sue ripercussioni. Secondo Hartung, la situazione attuale mette in evidenza la pressione sui politici e sulla societ\u00e0 affinch\u00e9 agiscano, diventino meno dipendenti dai combustibili fossili e perseguano con forza lo sviluppo di nuove energie. Per questo motivo il Gruppo Bosch continua a impegnarsi per la protezione del clima, nonostante il difficile contesto economico. A tal fine, Hartung ha annunciato investimenti in tecnologie a impatto climatico zero come l'elettrificazione e l'idrogeno per ben tre miliardi di euro in tre anni.\r\n\r\n<a href=\"http:\/\/www.bosch.ch\/\"><em>Fonte e ulteriori informazioni<\/em><\/a>\n<p class=\"syndicated-attribution\">Questo articolo \u00e8 apparso originariamente su m-q.ch - <a href=\"https:\/\/www.m-q.ch\/de\/bosch-baut-aktivitaeten-in-der-schweiz-aus\/\" target=\"_blank\">https:\/\/www.m-q.ch\/de\/bosch-baut-aktivitaeten-in-der-schweiz-aus\/<\/a><\/p>","protected":false},"excerpt":{"rendered":"<p>Das internationale Technologie- und Dienstleistungsunternehmen Bosch konnte im Gesch\u00e4ftsjahr 2021 seinen Umsatz auf dem Schweizer Markt auf 745 Millionen Franken steigern. Das entspricht einem Wachstum von rund 11,5 Prozent gegen\u00fcber Vorjahr. Der Gesamtnettoumsatz einschliesslich interner Lieferungen an Tochtergesellschaften belief sich auf 1,65 Milliarden Franken. Das Unternehmen, das seine Produkte seit 1904 in der Schweiz vertreibt, [\u2026]<\/p>\n","protected":false},"author":8,"featured_media":0,"comment_status":"closed","ping_status":"closed","sticky":false,"template":"","format":"standard","meta":{"_acf_changed":false,"_yoast_wpseo_focuskw":"Bosch","_yoast_wpseo_metadesc":"","articlekey":"","footnotes":""},"categories":[28],"tags":[266,335,492],"class_list":["post-14247","post","type-post","status-publish","format-standard","hentry","category-management","tag-industrie","tag-management-und-unternehmensfuehrung","tag-unternehmen"],"acf":[],"yoast_head":"<!-- This site is optimized with the Yoast SEO plugin v27.5 - https:\/\/yoast.com\/product\/yoast-seo-wordpress\/ -->\n<title>Bosch baut Aktivit\u00e4ten in der Schweiz aus - Organisator<\/title>\n<meta name=\"robots\" content=\"index, follow, max-snippet:-1, max-image-preview:large, max-video-preview:-1\" \/>\n<link rel=\"canonical\" href=\"https:\/\/www.organisator.ch\/it\/gestione-2\/2022-06-10\/bosch-baut-aktivitaeten-in-der-schweiz-aus\/\" \/>\n<meta property=\"og:locale\" content=\"it_IT\" \/>\n<meta property=\"og:type\" content=\"article\" \/>\n<meta property=\"og:title\" content=\"Bosch baut Aktivit\u00e4ten in der Schweiz aus - Organisator\" \/>\n<meta property=\"og:description\" content=\"Das internationale Technologie- und Dienstleistungsunternehmen Bosch konnte im Gesch\u00e4ftsjahr 2021 seinen Umsatz auf dem Schweizer Markt auf 745 Millionen Franken steigern. Das entspricht einem Wachstum von rund 11,5 Prozent gegen\u00fcber Vorjahr. Der Gesamtnettoumsatz einschliesslich interner Lieferungen an Tochtergesellschaften belief sich auf 1,65 Milliarden Franken. Das Unternehmen, das seine Produkte seit 1904 in der Schweiz vertreibt, [\u2026]\" \/>\n<meta property=\"og:url\" content=\"https:\/\/www.organisator.ch\/it\/gestione-2\/2022-06-10\/bosch-baut-aktivitaeten-in-der-schweiz-aus\/\" \/>\n<meta property=\"og:site_name\" content=\"Organisator\" \/>\n<meta property=\"article:publisher\" content=\"https:\/\/www.facebook.com\/OrganisatorFachmagazin\" \/>\n<meta property=\"article:published_time\" content=\"2022-06-10T08:52:07+00:00\" \/>\n<meta property=\"article:modified_time\" content=\"2022-06-10T14:59:15+00:00\" \/>\n<meta property=\"og:image\" content=\"https:\/\/www.m-q.ch\/wp-content\/uploads\/2022\/06\/Bosch-baut-Aktivitaeten-in-der-Schweiz-aus_MQ.jpg\" \/>\n<meta name=\"author\" content=\"galledia\" \/>\n<meta name=\"twitter:card\" content=\"summary_large_image\" \/>\n<meta name=\"twitter:creator\" content=\"@admin\" \/>\n<script type=\"application\/ld+json\" class=\"yoast-schema-graph\">{\"@context\":\"https:\\\/\\\/schema.org\",\"@graph\":[{\"@type\":\"Article\",\"@id\":\"https:\\\/\\\/www.organisator.ch\\\/management\\\/2022-06-10\\\/bosch-baut-aktivitaeten-in-der-schweiz-aus\\\/#article\",\"isPartOf\":{\"@id\":\"https:\\\/\\\/www.organisator.ch\\\/management\\\/2022-06-10\\\/bosch-baut-aktivitaeten-in-der-schweiz-aus\\\/\"},\"author\":{\"name\":\"galledia\",\"@id\":\"https:\\\/\\\/www.organisator.ch\\\/#\\\/schema\\\/person\\\/4e51799071cd2dd1232ac003643ef5f0\"},\"headline\":\"Bosch baut Aktivit\u00e4ten in der Schweiz aus\",\"datePublished\":\"2022-06-10T08:52:07+00:00\",\"dateModified\":\"2022-06-10T14:59:15+00:00\",\"mainEntityOfPage\":{\"@id\":\"https:\\\/\\\/www.organisator.ch\\\/management\\\/2022-06-10\\\/bosch-baut-aktivitaeten-in-der-schweiz-aus\\\/\"},\"wordCount\":592,\"publisher\":{\"@id\":\"https:\\\/\\\/www.organisator.ch\\\/#organization\"},\"image\":{\"@id\":\"https:\\\/\\\/www.organisator.ch\\\/management\\\/2022-06-10\\\/bosch-baut-aktivitaeten-in-der-schweiz-aus\\\/#primaryimage\"},\"thumbnailUrl\":\"https:\\\/\\\/www.m-q.ch\\\/wp-content\\\/uploads\\\/2022\\\/06\\\/Bosch-baut-Aktivitaeten-in-der-Schweiz-aus_MQ.jpg\",\"keywords\":[\"Industrie\",\"Management und Unternehmensf\u00fchrung\",\"Unternehmen\"],\"articleSection\":[\"MANAGEMENT\"],\"inLanguage\":\"it-IT\"},{\"@type\":\"WebPage\",\"@id\":\"https:\\\/\\\/www.organisator.ch\\\/management\\\/2022-06-10\\\/bosch-baut-aktivitaeten-in-der-schweiz-aus\\\/\",\"url\":\"https:\\\/\\\/www.organisator.ch\\\/management\\\/2022-06-10\\\/bosch-baut-aktivitaeten-in-der-schweiz-aus\\\/\",\"name\":\"Bosch baut Aktivit\u00e4ten in der Schweiz aus - Organisator\",\"isPartOf\":{\"@id\":\"https:\\\/\\\/www.organisator.ch\\\/#website\"},\"primaryImageOfPage\":{\"@id\":\"https:\\\/\\\/www.organisator.ch\\\/management\\\/2022-06-10\\\/bosch-baut-aktivitaeten-in-der-schweiz-aus\\\/#primaryimage\"},\"image\":{\"@id\":\"https:\\\/\\\/www.organisator.ch\\\/management\\\/2022-06-10\\\/bosch-baut-aktivitaeten-in-der-schweiz-aus\\\/#primaryimage\"},\"thumbnailUrl\":\"https:\\\/\\\/www.m-q.ch\\\/wp-content\\\/uploads\\\/2022\\\/06\\\/Bosch-baut-Aktivitaeten-in-der-Schweiz-aus_MQ.jpg\",\"datePublished\":\"2022-06-10T08:52:07+00:00\",\"dateModified\":\"2022-06-10T14:59:15+00:00\",\"breadcrumb\":{\"@id\":\"https:\\\/\\\/www.organisator.ch\\\/management\\\/2022-06-10\\\/bosch-baut-aktivitaeten-in-der-schweiz-aus\\\/#breadcrumb\"},\"inLanguage\":\"it-IT\",\"potentialAction\":[{\"@type\":\"ReadAction\",\"target\":[\"https:\\\/\\\/www.organisator.ch\\\/management\\\/2022-06-10\\\/bosch-baut-aktivitaeten-in-der-schweiz-aus\\\/\"]}]},{\"@type\":\"ImageObject\",\"inLanguage\":\"it-IT\",\"@id\":\"https:\\\/\\\/www.organisator.ch\\\/management\\\/2022-06-10\\\/bosch-baut-aktivitaeten-in-der-schweiz-aus\\\/#primaryimage\",\"url\":\"https:\\\/\\\/www.m-q.ch\\\/wp-content\\\/uploads\\\/2022\\\/06\\\/Bosch-baut-Aktivitaeten-in-der-Schweiz-aus_MQ.jpg\",\"contentUrl\":\"https:\\\/\\\/www.m-q.ch\\\/wp-content\\\/uploads\\\/2022\\\/06\\\/Bosch-baut-Aktivitaeten-in-der-Schweiz-aus_MQ.jpg\"},{\"@type\":\"BreadcrumbList\",\"@id\":\"https:\\\/\\\/www.organisator.ch\\\/management\\\/2022-06-10\\\/bosch-baut-aktivitaeten-in-der-schweiz-aus\\\/#breadcrumb\",\"itemListElement\":[{\"@type\":\"ListItem\",\"position\":1,\"name\":\"Home\",\"item\":\"https:\\\/\\\/www.organisator.ch\\\/\"},{\"@type\":\"ListItem\",\"position\":2,\"name\":\"Bosch baut Aktivit\u00e4ten in der Schweiz aus\"}]},{\"@type\":\"WebSite\",\"@id\":\"https:\\\/\\\/www.organisator.ch\\\/#website\",\"url\":\"https:\\\/\\\/www.organisator.ch\\\/\",\"name\":\"Organisator\",\"description\":\"Kompetent. Praxisnah. Der ORGANISATOR bereitet in 10 Ausgaben pro Jahr die wesentlichen Themen f\u00fcr F\u00fchrungskr\u00e4fte von KMU auf.\",\"publisher\":{\"@id\":\"https:\\\/\\\/www.organisator.ch\\\/#organization\"},\"potentialAction\":[{\"@type\":\"SearchAction\",\"target\":{\"@type\":\"EntryPoint\",\"urlTemplate\":\"https:\\\/\\\/www.organisator.ch\\\/?s={search_term_string}\"},\"query-input\":{\"@type\":\"PropertyValueSpecification\",\"valueRequired\":true,\"valueName\":\"search_term_string\"}}],\"inLanguage\":\"it-IT\"},{\"@type\":\"Organization\",\"@id\":\"https:\\\/\\\/www.organisator.ch\\\/#organization\",\"name\":\"Organisator\",\"url\":\"https:\\\/\\\/www.organisator.ch\\\/\",\"logo\":{\"@type\":\"ImageObject\",\"inLanguage\":\"it-IT\",\"@id\":\"https:\\\/\\\/www.organisator.ch\\\/#\\\/schema\\\/logo\\\/image\\\/\",\"url\":\"https:\\\/\\\/www.organisator.ch\\\/wp-content\\\/uploads\\\/2022\\\/01\\\/Logo_Organisator_Website.png\",\"contentUrl\":\"https:\\\/\\\/www.organisator.ch\\\/wp-content\\\/uploads\\\/2022\\\/01\\\/Logo_Organisator_Website.png\",\"width\":800,\"height\":77,\"caption\":\"Organisator\"},\"image\":{\"@id\":\"https:\\\/\\\/www.organisator.ch\\\/#\\\/schema\\\/logo\\\/image\\\/\"},\"sameAs\":[\"https:\\\/\\\/www.facebook.com\\\/OrganisatorFachmagazin\",\"https:\\\/\\\/www.linkedin.com\\\/showcase\\\/organisator-das-magazin-fr-kmu\",\"https:\\\/\\\/www.xing.com\\\/news\\\/pages\\\/organisator-ch-695\",\"https:\\\/\\\/www.youtube.com\\\/channel\\\/UCGP2Sq0iWaZwT3BdIAQFYpw\"]},{\"@type\":\"Person\",\"@id\":\"https:\\\/\\\/www.organisator.ch\\\/#\\\/schema\\\/person\\\/4e51799071cd2dd1232ac003643ef5f0\",\"name\":\"galledia\",\"image\":{\"@type\":\"ImageObject\",\"inLanguage\":\"it-IT\",\"@id\":\"https:\\\/\\\/secure.gravatar.com\\\/avatar\\\/78a7f90c01fc2bfc875782a0d4922b37cde2cf184ce347b91316d23cd7f69a36?s=96&d=mm&r=g\",\"url\":\"https:\\\/\\\/secure.gravatar.com\\\/avatar\\\/78a7f90c01fc2bfc875782a0d4922b37cde2cf184ce347b91316d23cd7f69a36?s=96&d=mm&r=g\",\"contentUrl\":\"https:\\\/\\\/secure.gravatar.com\\\/avatar\\\/78a7f90c01fc2bfc875782a0d4922b37cde2cf184ce347b91316d23cd7f69a36?s=96&d=mm&r=g\",\"caption\":\"galledia\"},\"sameAs\":[\"https:\\\/\\\/x.com\\\/admin\"],\"url\":\"https:\\\/\\\/www.organisator.ch\\\/it\\\/author\\\/galledia\\\/\"}]}<\/script>\n<!-- \/ Yoast SEO plugin. -->","yoast_head_json":{"title":"Bosch espande le attivit\u00e0 in Svizzera - Organizzatore","robots":{"index":"index","follow":"follow","max-snippet":"max-snippet:-1","max-image-preview":"max-image-preview:large","max-video-preview":"max-video-preview:-1"},"canonical":"https:\/\/www.organisator.ch\/it\/gestione-2\/2022-06-10\/bosch-baut-aktivitaeten-in-der-schweiz-aus\/","og_locale":"it_IT","og_type":"article","og_title":"Bosch baut Aktivit\u00e4ten in der Schweiz aus - Organisator","og_description":"Das internationale Technologie- und Dienstleistungsunternehmen Bosch konnte im Gesch\u00e4ftsjahr 2021 seinen Umsatz auf dem Schweizer Markt auf 745 Millionen Franken steigern. Das entspricht einem Wachstum von rund 11,5 Prozent gegen\u00fcber Vorjahr. Der Gesamtnettoumsatz einschliesslich interner Lieferungen an Tochtergesellschaften belief sich auf 1,65 Milliarden Franken. Das Unternehmen, das seine Produkte seit 1904 in der Schweiz vertreibt, [\u2026]","og_url":"https:\/\/www.organisator.ch\/it\/gestione-2\/2022-06-10\/bosch-baut-aktivitaeten-in-der-schweiz-aus\/","og_site_name":"Organisator","article_publisher":"https:\/\/www.facebook.com\/OrganisatorFachmagazin","article_published_time":"2022-06-10T08:52:07+00:00","article_modified_time":"2022-06-10T14:59:15+00:00","og_image":[{"url":"https:\/\/www.m-q.ch\/wp-content\/uploads\/2022\/06\/Bosch-baut-Aktivitaeten-in-der-Schweiz-aus_MQ.jpg","type":"","width":"","height":""}],"author":"galledia","twitter_card":"summary_large_image","twitter_creator":"@admin","schema":{"@context":"https:\/\/schema.org","@graph":[{"@type":"Article","@id":"https:\/\/www.organisator.ch\/management\/2022-06-10\/bosch-baut-aktivitaeten-in-der-schweiz-aus\/#article","isPartOf":{"@id":"https:\/\/www.organisator.ch\/management\/2022-06-10\/bosch-baut-aktivitaeten-in-der-schweiz-aus\/"},"author":{"name":"galledia","@id":"https:\/\/www.organisator.ch\/#\/schema\/person\/4e51799071cd2dd1232ac003643ef5f0"},"headline":"Bosch baut Aktivit\u00e4ten in der Schweiz aus","datePublished":"2022-06-10T08:52:07+00:00","dateModified":"2022-06-10T14:59:15+00:00","mainEntityOfPage":{"@id":"https:\/\/www.organisator.ch\/management\/2022-06-10\/bosch-baut-aktivitaeten-in-der-schweiz-aus\/"},"wordCount":592,"publisher":{"@id":"https:\/\/www.organisator.ch\/#organization"},"image":{"@id":"https:\/\/www.organisator.ch\/management\/2022-06-10\/bosch-baut-aktivitaeten-in-der-schweiz-aus\/#primaryimage"},"thumbnailUrl":"https:\/\/www.m-q.ch\/wp-content\/uploads\/2022\/06\/Bosch-baut-Aktivitaeten-in-der-Schweiz-aus_MQ.jpg","keywords":["Industrie","Management und Unternehmensf\u00fchrung","Unternehmen"],"articleSection":["MANAGEMENT"],"inLanguage":"it-IT"},{"@type":"WebPage","@id":"https:\/\/www.organisator.ch\/management\/2022-06-10\/bosch-baut-aktivitaeten-in-der-schweiz-aus\/","url":"https:\/\/www.organisator.ch\/management\/2022-06-10\/bosch-baut-aktivitaeten-in-der-schweiz-aus\/","name":"Bosch espande le attivit\u00e0 in Svizzera - Organizzatore","isPartOf":{"@id":"https:\/\/www.organisator.ch\/#website"},"primaryImageOfPage":{"@id":"https:\/\/www.organisator.ch\/management\/2022-06-10\/bosch-baut-aktivitaeten-in-der-schweiz-aus\/#primaryimage"},"image":{"@id":"https:\/\/www.organisator.ch\/management\/2022-06-10\/bosch-baut-aktivitaeten-in-der-schweiz-aus\/#primaryimage"},"thumbnailUrl":"https:\/\/www.m-q.ch\/wp-content\/uploads\/2022\/06\/Bosch-baut-Aktivitaeten-in-der-Schweiz-aus_MQ.jpg","datePublished":"2022-06-10T08:52:07+00:00","dateModified":"2022-06-10T14:59:15+00:00","breadcrumb":{"@id":"https:\/\/www.organisator.ch\/management\/2022-06-10\/bosch-baut-aktivitaeten-in-der-schweiz-aus\/#breadcrumb"},"inLanguage":"it-IT","potentialAction":[{"@type":"ReadAction","target":["https:\/\/www.organisator.ch\/management\/2022-06-10\/bosch-baut-aktivitaeten-in-der-schweiz-aus\/"]}]},{"@type":"ImageObject","inLanguage":"it-IT","@id":"https:\/\/www.organisator.ch\/management\/2022-06-10\/bosch-baut-aktivitaeten-in-der-schweiz-aus\/#primaryimage","url":"https:\/\/www.m-q.ch\/wp-content\/uploads\/2022\/06\/Bosch-baut-Aktivitaeten-in-der-Schweiz-aus_MQ.jpg","contentUrl":"https:\/\/www.m-q.ch\/wp-content\/uploads\/2022\/06\/Bosch-baut-Aktivitaeten-in-der-Schweiz-aus_MQ.jpg"},{"@type":"BreadcrumbList","@id":"https:\/\/www.organisator.ch\/management\/2022-06-10\/bosch-baut-aktivitaeten-in-der-schweiz-aus\/#breadcrumb","itemListElement":[{"@type":"ListItem","position":1,"name":"Home","item":"https:\/\/www.organisator.ch\/"},{"@type":"ListItem","position":2,"name":"Bosch baut Aktivit\u00e4ten in der Schweiz aus"}]},{"@type":"WebSite","@id":"https:\/\/www.organisator.ch\/#website","url":"https:\/\/www.organisator.ch\/","name":"Organizzatore","description":"Competente. Pratico. In 10 numeri all'anno, ORGANISATOR presenta i temi essenziali per i manager delle PMI.","publisher":{"@id":"https:\/\/www.organisator.ch\/#organization"},"potentialAction":[{"@type":"SearchAction","target":{"@type":"EntryPoint","urlTemplate":"https:\/\/www.organisator.ch\/?s={search_term_string}"},"query-input":{"@type":"PropertyValueSpecification","valueRequired":true,"valueName":"search_term_string"}}],"inLanguage":"it-IT"},{"@type":"Organization","@id":"https:\/\/www.organisator.ch\/#organization","name":"Organizzatore","url":"https:\/\/www.organisator.ch\/","logo":{"@type":"ImageObject","inLanguage":"it-IT","@id":"https:\/\/www.organisator.ch\/#\/schema\/logo\/image\/","url":"https:\/\/www.organisator.ch\/wp-content\/uploads\/2022\/01\/Logo_Organisator_Website.png","contentUrl":"https:\/\/www.organisator.ch\/wp-content\/uploads\/2022\/01\/Logo_Organisator_Website.png","width":800,"height":77,"caption":"Organisator"},"image":{"@id":"https:\/\/www.organisator.ch\/#\/schema\/logo\/image\/"},"sameAs":["https:\/\/www.facebook.com\/OrganisatorFachmagazin","https:\/\/www.linkedin.com\/showcase\/organisator-das-magazin-fr-kmu","https:\/\/www.xing.com\/news\/pages\/organisator-ch-695","https:\/\/www.youtube.com\/channel\/UCGP2Sq0iWaZwT3BdIAQFYpw"]},{"@type":"Person","@id":"https:\/\/www.organisator.ch\/#\/schema\/person\/4e51799071cd2dd1232ac003643ef5f0","name":"galledia","image":{"@type":"ImageObject","inLanguage":"it-IT","@id":"https:\/\/secure.gravatar.com\/avatar\/78a7f90c01fc2bfc875782a0d4922b37cde2cf184ce347b91316d23cd7f69a36?s=96&d=mm&r=g","url":"https:\/\/secure.gravatar.com\/avatar\/78a7f90c01fc2bfc875782a0d4922b37cde2cf184ce347b91316d23cd7f69a36?s=96&d=mm&r=g","contentUrl":"https:\/\/secure.gravatar.com\/avatar\/78a7f90c01fc2bfc875782a0d4922b37cde2cf184ce347b91316d23cd7f69a36?s=96&d=mm&r=g","caption":"galledia"},"sameAs":["https:\/\/x.com\/admin"],"url":"https:\/\/www.organisator.ch\/it\/author\/galledia\/"}]}},"_links":{"self":[{"href":"https:\/\/www.organisator.ch\/it\/wp-json\/wp\/v2\/posts\/14247","targetHints":{"allow":["GET"]}}],"collection":[{"href":"https:\/\/www.organisator.ch\/it\/wp-json\/wp\/v2\/posts"}],"about":[{"href":"https:\/\/www.organisator.ch\/it\/wp-json\/wp\/v2\/types\/post"}],"author":[{"embeddable":true,"href":"https:\/\/www.organisator.ch\/it\/wp-json\/wp\/v2\/users\/8"}],"replies":[{"embeddable":true,"href":"https:\/\/www.organisator.ch\/it\/wp-json\/wp\/v2\/comments?post=14247"}],"version-history":[{"count":3,"href":"https:\/\/www.organisator.ch\/it\/wp-json\/wp\/v2\/posts\/14247\/revisions"}],"predecessor-version":[{"id":14322,"href":"https:\/\/www.organisator.ch\/it\/wp-json\/wp\/v2\/posts\/14247\/revisions\/14322"}],"wp:attachment":[{"href":"https:\/\/www.organisator.ch\/it\/wp-json\/wp\/v2\/media?parent=14247"}],"wp:term":[{"taxonomy":"category","embeddable":true,"href":"https:\/\/www.organisator.ch\/it\/wp-json\/wp\/v2\/categories?post=14247"},{"taxonomy":"post_tag","embeddable":true,"href":"https:\/\/www.organisator.ch\/it\/wp-json\/wp\/v2\/tags?post=14247"}],"curies":[{"name":"wp","href":"https:\/\/api.w.org\/{rel}","templated":true}]}}