{"id":1426,"date":"2017-01-31T10:51:20","date_gmt":"2017-01-31T09:51:20","guid":{"rendered":"https:\/\/www.organisator.ch\/?p=1426"},"modified":"2017-01-31T10:51:20","modified_gmt":"2017-01-31T09:51:20","slug":"1426-2","status":"publish","type":"post","link":"https:\/\/www.organisator.ch\/it\/allgemein\/2017-01-31\/1426-2\/","title":{"rendered":"Il lato sociale dell'orario di lavoro flessibile"},"content":{"rendered":"<p><img loading=\"lazy\" decoding=\"async\" class=\"alignnone size-full wp-image-1429\" src=\"https:\/\/www.organisator.ch\/wp-content\/uploads\/2017\/01\/FlexibleArbeitszeitenorg-organisator-1.jpg\" alt=\"\" width=\"641\" height=\"429\" srcset=\"https:\/\/www.organisator.ch\/wp-content\/uploads\/2017\/01\/FlexibleArbeitszeitenorg-organisator-1.jpg 641w, https:\/\/www.organisator.ch\/wp-content\/uploads\/2017\/01\/FlexibleArbeitszeitenorg-organisator-1-16x12.jpg 16w, https:\/\/www.organisator.ch\/wp-content\/uploads\/2017\/01\/FlexibleArbeitszeitenorg-organisator-1-261x175.jpg 261w, https:\/\/www.organisator.ch\/wp-content\/uploads\/2017\/01\/FlexibleArbeitszeitenorg-organisator-1-523x350.jpg 523w, https:\/\/www.organisator.ch\/wp-content\/uploads\/2017\/01\/FlexibleArbeitszeitenorg-organisator-1-300x201.jpg 300w\" sizes=\"auto, (max-width: 641px) 100vw, 641px\" \/><\/p>\n<p>Un centro d'affari a Parigi. \"La Compagnie1\" trasuda spirito di start-up e convivialit\u00e0 (Immagine: opensource)<\/p>\n<p><strong>Il lato sociale del lavoro flessibile<\/strong><\/p>\n<p>Secondo l'ultimo studio commissionato da Regus, i lavoratori che hanno un orario di lavoro flessibile hanno una vita sociale pi\u00f9 attiva. I lavoratori confermano che quando possono lavorare pi\u00f9 vicino a casa, almeno per alcune ore, hanno pi\u00f9 opportunit\u00e0 di socializzare e rimanere in contatto. Dal sondaggio \u00e8 emerso anche che i lavoratori flessibili fanno pi\u00f9 acquisti a livello locale e contribuiscono maggiormente all'economia regionale.<\/p>\n<p><strong>Maggioranza per orari flessibili<\/strong><\/p>\n<p>Questo studio, commissionato da Regus, ha intervistato circa 200 lavoratori in Svizzera. Il dato dimostra che un lavoro flessibile pi\u00f9 vicino a casa aiuta a sviluppare un senso di comunit\u00e0. Questo va a vantaggio delle imprese locali, ma \u00e8 anche pi\u00f9 probabile che le persone abbiano l'opportunit\u00e0 di incontrare gli amici e di trascorrere del tempo con la famiglia. Il lavoro flessibile \u00e8 oggi cos\u00ec importante che l'86 % dei lavoratori se lo aspetta da qualsiasi lavoro.<\/p>\n<p><strong>Risultati di ulteriori studi<\/strong><\/p>\n<p>Chi pu\u00f2 lavorare pi\u00f9 vicino a casa beneficia anche di migliori condizioni di salute, dato che la met\u00e0 degli intervistati ha dichiarato di riuscire a dormire di pi\u00f9 senza dover fare lunghi viaggi (48 %).<\/p>\n<p>La met\u00e0 ha anche affermato che un tragitto pi\u00f9 breve lascia pi\u00f9 tempo per mangiare in modo pi\u00f9 sano (48 %).<\/p>\n<p>Il lavoro flessibile pu\u00f2 anche creare spazio tra i colleghi \"fastidiosi\": 29 % hanno ammesso di evitare le abitudini dei colleghi attraverso il lavoro a casa.<\/p>\n<p>Un quarto (25 %) conferma addirittura che il lavoro a casa d\u00e0 la possibilit\u00e0 di evitare colleghi noiosi.<\/p>\n<p>Lo studio dimostra anche che quando i lavoratori lavorano pi\u00f9 vicino a casa, le comunit\u00e0 locali ne traggono beneficio. Le piccole imprese, come i caff\u00e8 o i negozi, fungono da piattaforme per un senso di comunit\u00e0. Tuttavia, tali attivit\u00e0 dovrebbero chiudere se sono frequentate solo in determinati giorni, come i fine settimana. Grazie alla flessibilit\u00e0 del lavoro, queste aziende potrebbero beneficiare del flusso di clienti anche durante la settimana.<\/p>\n<p>Per maggiori informazioni sulle alternative di co-working, consultate questo sito <a href=\"http:\/\/ch-de.workswitzerland.regus.com\/?_ga=1.25635637.966425515.1485855444\">Link <\/a><\/p>\n<p>&nbsp;<\/p>\n<p>&nbsp;<\/p>","protected":false},"excerpt":{"rendered":"<p>Ein Business Hub in Paris. &#8222;La Compagnie1&#8220; verspr\u00fcht Start Up Spirit wie Geselligkeit (Bild: opensource) Die soziale Seite flexibler Arbeit Arbeitende, die flexible Arbeitszeiten haben, zeigen ein aktiveres Sozialleben, wie die neueste von Regus in Auftrag gegebene Studie zeigt. Arbeitnehmer best\u00e4tigen, dass wenn sie zumindest f\u00fcr bestimmte Zeiten n\u00e4her zu Hause arbeiten k\u00f6nnen, sie mehr [&hellip;]<\/p>\n","protected":false},"author":5,"featured_media":1429,"comment_status":"open","ping_status":"open","sticky":false,"template":"","format":"standard","meta":{"_acf_changed":false,"_yoast_wpseo_focuskw":"Arbeitszeiten","_yoast_wpseo_metadesc":"Flexible Arbeitszeiten sind gut f\u00fcrs Sozialleben, zeigt eine Studie von Regus. Flexibles Arbeiten f\u00f6rdert das soziale Leben.","articlekey":"","footnotes":""},"categories":[1],"tags":[51,211],"class_list":["post-1426","post","type-post","status-publish","format-standard","has-post-thumbnail","hentry","category-allgemein","tag-arbeitsplatzgestaltung","tag-flexible-arbeitszeit"],"acf":[],"yoast_head":"<!-- This site is optimized with the Yoast SEO plugin v27.4 - https:\/\/yoast.com\/product\/yoast-seo-wordpress\/ -->\n<title>Die soziale Seite flexibler Arbeitszeiten - Organisator<\/title>\n<meta name=\"description\" content=\"Flexible Arbeitszeiten sind gut f\u00fcrs Sozialleben, zeigt eine Studie von Regus. Flexibles Arbeiten f\u00f6rdert das soziale Leben.\" \/>\n<meta name=\"robots\" content=\"index, follow, max-snippet:-1, max-image-preview:large, max-video-preview:-1\" \/>\n<link rel=\"canonical\" href=\"https:\/\/www.organisator.ch\/it\/generale\/2017-01-31\/1426-2\/\" \/>\n<meta property=\"og:locale\" content=\"it_IT\" \/>\n<meta property=\"og:type\" content=\"article\" \/>\n<meta property=\"og:title\" content=\"Die soziale Seite flexibler Arbeitszeiten - Organisator\" \/>\n<meta property=\"og:description\" content=\"Flexible Arbeitszeiten sind gut f\u00fcrs Sozialleben, zeigt eine Studie von Regus. Flexibles Arbeiten f\u00f6rdert das soziale Leben.\" \/>\n<meta property=\"og:url\" content=\"https:\/\/www.organisator.ch\/it\/generale\/2017-01-31\/1426-2\/\" \/>\n<meta property=\"og:site_name\" content=\"Organisator\" \/>\n<meta property=\"article:publisher\" content=\"https:\/\/www.facebook.com\/OrganisatorFachmagazin\" \/>\n<meta property=\"article:published_time\" content=\"2017-01-31T09:51:20+00:00\" \/>\n<meta property=\"og:image\" content=\"https:\/\/www.organisator.ch\/wp-content\/uploads\/2017\/01\/FlexibleArbeitszeitenorg-organisator-1.jpg\" \/>\n\t<meta property=\"og:image:width\" content=\"641\" \/>\n\t<meta property=\"og:image:height\" content=\"429\" \/>\n\t<meta property=\"og:image:type\" content=\"image\/jpeg\" \/>\n<meta name=\"author\" content=\"michael.merz\" \/>\n<meta name=\"twitter:card\" content=\"summary_large_image\" \/>\n<script type=\"application\/ld+json\" class=\"yoast-schema-graph\">{\"@context\":\"https:\\\/\\\/schema.org\",\"@graph\":[{\"@type\":\"Article\",\"@id\":\"https:\\\/\\\/www.organisator.ch\\\/it\\\/generale\\\/2017-01-31\\\/1426-2\\\/#article\",\"isPartOf\":{\"@id\":\"https:\\\/\\\/www.organisator.ch\\\/it\\\/generale\\\/2017-01-31\\\/1426-2\\\/\"},\"author\":{\"name\":\"michael.merz\",\"@id\":\"https:\\\/\\\/www.organisator.ch\\\/#\\\/schema\\\/person\\\/134708ca9321c57b0362cceb7948ffbd\"},\"headline\":\"Die soziale Seite flexibler Arbeitszeiten\",\"datePublished\":\"2017-01-31T09:51:20+00:00\",\"mainEntityOfPage\":{\"@id\":\"https:\\\/\\\/www.organisator.ch\\\/it\\\/generale\\\/2017-01-31\\\/1426-2\\\/\"},\"wordCount\":334,\"commentCount\":0,\"publisher\":{\"@id\":\"https:\\\/\\\/www.organisator.ch\\\/#organization\"},\"image\":{\"@id\":\"https:\\\/\\\/www.organisator.ch\\\/it\\\/generale\\\/2017-01-31\\\/1426-2\\\/#primaryimage\"},\"thumbnailUrl\":\"https:\\\/\\\/www.organisator.ch\\\/wp-content\\\/uploads\\\/2017\\\/01\\\/FlexibleArbeitszeitenorg-organisator-1.jpg\",\"keywords\":[\"Arbeitsplatzgestaltung\",\"Flexible Arbeitszeit\"],\"articleSection\":[\"Allgemein\"],\"inLanguage\":\"it-IT\"},{\"@type\":\"WebPage\",\"@id\":\"https:\\\/\\\/www.organisator.ch\\\/it\\\/generale\\\/2017-01-31\\\/1426-2\\\/\",\"url\":\"https:\\\/\\\/www.organisator.ch\\\/it\\\/generale\\\/2017-01-31\\\/1426-2\\\/\",\"name\":\"Die soziale Seite flexibler Arbeitszeiten - Organisator\",\"isPartOf\":{\"@id\":\"https:\\\/\\\/www.organisator.ch\\\/#website\"},\"primaryImageOfPage\":{\"@id\":\"https:\\\/\\\/www.organisator.ch\\\/it\\\/generale\\\/2017-01-31\\\/1426-2\\\/#primaryimage\"},\"image\":{\"@id\":\"https:\\\/\\\/www.organisator.ch\\\/it\\\/generale\\\/2017-01-31\\\/1426-2\\\/#primaryimage\"},\"thumbnailUrl\":\"https:\\\/\\\/www.organisator.ch\\\/wp-content\\\/uploads\\\/2017\\\/01\\\/FlexibleArbeitszeitenorg-organisator-1.jpg\",\"datePublished\":\"2017-01-31T09:51:20+00:00\",\"description\":\"Flexible Arbeitszeiten sind gut f\u00fcrs Sozialleben, zeigt eine Studie von Regus. Flexibles Arbeiten f\u00f6rdert das soziale Leben.\",\"breadcrumb\":{\"@id\":\"https:\\\/\\\/www.organisator.ch\\\/it\\\/generale\\\/2017-01-31\\\/1426-2\\\/#breadcrumb\"},\"inLanguage\":\"it-IT\",\"potentialAction\":[{\"@type\":\"ReadAction\",\"target\":[\"https:\\\/\\\/www.organisator.ch\\\/it\\\/generale\\\/2017-01-31\\\/1426-2\\\/\"]}]},{\"@type\":\"ImageObject\",\"inLanguage\":\"it-IT\",\"@id\":\"https:\\\/\\\/www.organisator.ch\\\/it\\\/generale\\\/2017-01-31\\\/1426-2\\\/#primaryimage\",\"url\":\"https:\\\/\\\/www.organisator.ch\\\/wp-content\\\/uploads\\\/2017\\\/01\\\/FlexibleArbeitszeitenorg-organisator-1.jpg\",\"contentUrl\":\"https:\\\/\\\/www.organisator.ch\\\/wp-content\\\/uploads\\\/2017\\\/01\\\/FlexibleArbeitszeitenorg-organisator-1.jpg\",\"width\":641,\"height\":429},{\"@type\":\"BreadcrumbList\",\"@id\":\"https:\\\/\\\/www.organisator.ch\\\/it\\\/generale\\\/2017-01-31\\\/1426-2\\\/#breadcrumb\",\"itemListElement\":[{\"@type\":\"ListItem\",\"position\":1,\"name\":\"Home\",\"item\":\"https:\\\/\\\/www.organisator.ch\\\/\"},{\"@type\":\"ListItem\",\"position\":2,\"name\":\"Die soziale Seite flexibler Arbeitszeiten\"}]},{\"@type\":\"WebSite\",\"@id\":\"https:\\\/\\\/www.organisator.ch\\\/#website\",\"url\":\"https:\\\/\\\/www.organisator.ch\\\/\",\"name\":\"Organisator\",\"description\":\"Kompetent. Praxisnah. Der ORGANISATOR bereitet in 10 Ausgaben pro Jahr die wesentlichen Themen f\u00fcr F\u00fchrungskr\u00e4fte von KMU auf.\",\"publisher\":{\"@id\":\"https:\\\/\\\/www.organisator.ch\\\/#organization\"},\"potentialAction\":[{\"@type\":\"SearchAction\",\"target\":{\"@type\":\"EntryPoint\",\"urlTemplate\":\"https:\\\/\\\/www.organisator.ch\\\/?s={search_term_string}\"},\"query-input\":{\"@type\":\"PropertyValueSpecification\",\"valueRequired\":true,\"valueName\":\"search_term_string\"}}],\"inLanguage\":\"it-IT\"},{\"@type\":\"Organization\",\"@id\":\"https:\\\/\\\/www.organisator.ch\\\/#organization\",\"name\":\"Organisator\",\"url\":\"https:\\\/\\\/www.organisator.ch\\\/\",\"logo\":{\"@type\":\"ImageObject\",\"inLanguage\":\"it-IT\",\"@id\":\"https:\\\/\\\/www.organisator.ch\\\/#\\\/schema\\\/logo\\\/image\\\/\",\"url\":\"https:\\\/\\\/www.organisator.ch\\\/wp-content\\\/uploads\\\/2022\\\/01\\\/Logo_Organisator_Website.png\",\"contentUrl\":\"https:\\\/\\\/www.organisator.ch\\\/wp-content\\\/uploads\\\/2022\\\/01\\\/Logo_Organisator_Website.png\",\"width\":800,\"height\":77,\"caption\":\"Organisator\"},\"image\":{\"@id\":\"https:\\\/\\\/www.organisator.ch\\\/#\\\/schema\\\/logo\\\/image\\\/\"},\"sameAs\":[\"https:\\\/\\\/www.facebook.com\\\/OrganisatorFachmagazin\",\"https:\\\/\\\/www.linkedin.com\\\/showcase\\\/organisator-das-magazin-fr-kmu\",\"https:\\\/\\\/www.xing.com\\\/news\\\/pages\\\/organisator-ch-695\",\"https:\\\/\\\/www.youtube.com\\\/channel\\\/UCGP2Sq0iWaZwT3BdIAQFYpw\"]},{\"@type\":\"Person\",\"@id\":\"https:\\\/\\\/www.organisator.ch\\\/#\\\/schema\\\/person\\\/134708ca9321c57b0362cceb7948ffbd\",\"name\":\"michael.merz\",\"image\":{\"@type\":\"ImageObject\",\"inLanguage\":\"it-IT\",\"@id\":\"https:\\\/\\\/secure.gravatar.com\\\/avatar\\\/?s=96&d=mm&r=g\",\"url\":\"https:\\\/\\\/secure.gravatar.com\\\/avatar\\\/?s=96&d=mm&r=g\",\"contentUrl\":\"https:\\\/\\\/secure.gravatar.com\\\/avatar\\\/?s=96&d=mm&r=g\",\"caption\":\"michael.merz\"},\"url\":\"https:\\\/\\\/www.organisator.ch\\\/it\\\/author\\\/michael-merz\\\/\"}]}<\/script>\n<!-- \/ Yoast SEO plugin. -->","yoast_head_json":{"title":"L'aspetto sociale dell'orario di lavoro flessibile - Organizzatore","description":"Gli orari di lavoro flessibili fanno bene alla vita sociale, come dimostra uno studio di Regus. Il lavoro flessibile favorisce la vita sociale.","robots":{"index":"index","follow":"follow","max-snippet":"max-snippet:-1","max-image-preview":"max-image-preview:large","max-video-preview":"max-video-preview:-1"},"canonical":"https:\/\/www.organisator.ch\/it\/generale\/2017-01-31\/1426-2\/","og_locale":"it_IT","og_type":"article","og_title":"Die soziale Seite flexibler Arbeitszeiten - Organisator","og_description":"Flexible Arbeitszeiten sind gut f\u00fcrs Sozialleben, zeigt eine Studie von Regus. Flexibles Arbeiten f\u00f6rdert das soziale Leben.","og_url":"https:\/\/www.organisator.ch\/it\/generale\/2017-01-31\/1426-2\/","og_site_name":"Organisator","article_publisher":"https:\/\/www.facebook.com\/OrganisatorFachmagazin","article_published_time":"2017-01-31T09:51:20+00:00","og_image":[{"width":641,"height":429,"url":"https:\/\/www.organisator.ch\/wp-content\/uploads\/2017\/01\/FlexibleArbeitszeitenorg-organisator-1.jpg","type":"image\/jpeg"}],"author":"michael.merz","twitter_card":"summary_large_image","schema":{"@context":"https:\/\/schema.org","@graph":[{"@type":"Article","@id":"https:\/\/www.organisator.ch\/it\/generale\/2017-01-31\/1426-2\/#article","isPartOf":{"@id":"https:\/\/www.organisator.ch\/it\/generale\/2017-01-31\/1426-2\/"},"author":{"name":"michael.merz","@id":"https:\/\/www.organisator.ch\/#\/schema\/person\/134708ca9321c57b0362cceb7948ffbd"},"headline":"Die soziale Seite flexibler Arbeitszeiten","datePublished":"2017-01-31T09:51:20+00:00","mainEntityOfPage":{"@id":"https:\/\/www.organisator.ch\/it\/generale\/2017-01-31\/1426-2\/"},"wordCount":334,"commentCount":0,"publisher":{"@id":"https:\/\/www.organisator.ch\/#organization"},"image":{"@id":"https:\/\/www.organisator.ch\/it\/generale\/2017-01-31\/1426-2\/#primaryimage"},"thumbnailUrl":"https:\/\/www.organisator.ch\/wp-content\/uploads\/2017\/01\/FlexibleArbeitszeitenorg-organisator-1.jpg","keywords":["Arbeitsplatzgestaltung","Flexible Arbeitszeit"],"articleSection":["Allgemein"],"inLanguage":"it-IT"},{"@type":"WebPage","@id":"https:\/\/www.organisator.ch\/it\/generale\/2017-01-31\/1426-2\/","url":"https:\/\/www.organisator.ch\/it\/generale\/2017-01-31\/1426-2\/","name":"L'aspetto sociale dell'orario di lavoro flessibile - Organizzatore","isPartOf":{"@id":"https:\/\/www.organisator.ch\/#website"},"primaryImageOfPage":{"@id":"https:\/\/www.organisator.ch\/it\/generale\/2017-01-31\/1426-2\/#primaryimage"},"image":{"@id":"https:\/\/www.organisator.ch\/it\/generale\/2017-01-31\/1426-2\/#primaryimage"},"thumbnailUrl":"https:\/\/www.organisator.ch\/wp-content\/uploads\/2017\/01\/FlexibleArbeitszeitenorg-organisator-1.jpg","datePublished":"2017-01-31T09:51:20+00:00","description":"Gli orari di lavoro flessibili fanno bene alla vita sociale, come dimostra uno studio di Regus. Il lavoro flessibile favorisce la vita sociale.","breadcrumb":{"@id":"https:\/\/www.organisator.ch\/it\/generale\/2017-01-31\/1426-2\/#breadcrumb"},"inLanguage":"it-IT","potentialAction":[{"@type":"ReadAction","target":["https:\/\/www.organisator.ch\/it\/generale\/2017-01-31\/1426-2\/"]}]},{"@type":"ImageObject","inLanguage":"it-IT","@id":"https:\/\/www.organisator.ch\/it\/generale\/2017-01-31\/1426-2\/#primaryimage","url":"https:\/\/www.organisator.ch\/wp-content\/uploads\/2017\/01\/FlexibleArbeitszeitenorg-organisator-1.jpg","contentUrl":"https:\/\/www.organisator.ch\/wp-content\/uploads\/2017\/01\/FlexibleArbeitszeitenorg-organisator-1.jpg","width":641,"height":429},{"@type":"BreadcrumbList","@id":"https:\/\/www.organisator.ch\/it\/generale\/2017-01-31\/1426-2\/#breadcrumb","itemListElement":[{"@type":"ListItem","position":1,"name":"Home","item":"https:\/\/www.organisator.ch\/"},{"@type":"ListItem","position":2,"name":"Die soziale Seite flexibler Arbeitszeiten"}]},{"@type":"WebSite","@id":"https:\/\/www.organisator.ch\/#website","url":"https:\/\/www.organisator.ch\/","name":"Organizzatore","description":"Competente. Pratico. In 10 numeri all'anno, ORGANISATOR presenta i temi essenziali per i manager delle PMI.","publisher":{"@id":"https:\/\/www.organisator.ch\/#organization"},"potentialAction":[{"@type":"SearchAction","target":{"@type":"EntryPoint","urlTemplate":"https:\/\/www.organisator.ch\/?s={search_term_string}"},"query-input":{"@type":"PropertyValueSpecification","valueRequired":true,"valueName":"search_term_string"}}],"inLanguage":"it-IT"},{"@type":"Organization","@id":"https:\/\/www.organisator.ch\/#organization","name":"Organizzatore","url":"https:\/\/www.organisator.ch\/","logo":{"@type":"ImageObject","inLanguage":"it-IT","@id":"https:\/\/www.organisator.ch\/#\/schema\/logo\/image\/","url":"https:\/\/www.organisator.ch\/wp-content\/uploads\/2022\/01\/Logo_Organisator_Website.png","contentUrl":"https:\/\/www.organisator.ch\/wp-content\/uploads\/2022\/01\/Logo_Organisator_Website.png","width":800,"height":77,"caption":"Organisator"},"image":{"@id":"https:\/\/www.organisator.ch\/#\/schema\/logo\/image\/"},"sameAs":["https:\/\/www.facebook.com\/OrganisatorFachmagazin","https:\/\/www.linkedin.com\/showcase\/organisator-das-magazin-fr-kmu","https:\/\/www.xing.com\/news\/pages\/organisator-ch-695","https:\/\/www.youtube.com\/channel\/UCGP2Sq0iWaZwT3BdIAQFYpw"]},{"@type":"Person","@id":"https:\/\/www.organisator.ch\/#\/schema\/person\/134708ca9321c57b0362cceb7948ffbd","name":"michael.merz","image":{"@type":"ImageObject","inLanguage":"it-IT","@id":"https:\/\/secure.gravatar.com\/avatar\/?s=96&d=mm&r=g","url":"https:\/\/secure.gravatar.com\/avatar\/?s=96&d=mm&r=g","contentUrl":"https:\/\/secure.gravatar.com\/avatar\/?s=96&d=mm&r=g","caption":"michael.merz"},"url":"https:\/\/www.organisator.ch\/it\/author\/michael-merz\/"}]}},"_links":{"self":[{"href":"https:\/\/www.organisator.ch\/it\/wp-json\/wp\/v2\/posts\/1426","targetHints":{"allow":["GET"]}}],"collection":[{"href":"https:\/\/www.organisator.ch\/it\/wp-json\/wp\/v2\/posts"}],"about":[{"href":"https:\/\/www.organisator.ch\/it\/wp-json\/wp\/v2\/types\/post"}],"author":[{"embeddable":true,"href":"https:\/\/www.organisator.ch\/it\/wp-json\/wp\/v2\/users\/5"}],"replies":[{"embeddable":true,"href":"https:\/\/www.organisator.ch\/it\/wp-json\/wp\/v2\/comments?post=1426"}],"version-history":[{"count":0,"href":"https:\/\/www.organisator.ch\/it\/wp-json\/wp\/v2\/posts\/1426\/revisions"}],"wp:featuredmedia":[{"embeddable":true,"href":"https:\/\/www.organisator.ch\/it\/wp-json\/wp\/v2\/media\/1429"}],"wp:attachment":[{"href":"https:\/\/www.organisator.ch\/it\/wp-json\/wp\/v2\/media?parent=1426"}],"wp:term":[{"taxonomy":"category","embeddable":true,"href":"https:\/\/www.organisator.ch\/it\/wp-json\/wp\/v2\/categories?post=1426"},{"taxonomy":"post_tag","embeddable":true,"href":"https:\/\/www.organisator.ch\/it\/wp-json\/wp\/v2\/tags?post=1426"}],"curies":[{"name":"wp","href":"https:\/\/api.w.org\/{rel}","templated":true}]}}