{"id":1428,"date":"2018-01-11T09:45:29","date_gmt":"2018-01-11T08:45:29","guid":{"rendered":"https:\/\/www.umweltperspektiven.ch\/?p=1428"},"modified":"2018-01-11T09:45:29","modified_gmt":"2018-01-11T08:45:29","slug":"suesse-oekobilanz-wie-clever-ist-konfituere-verpackt","status":"publish","type":"post","link":"https:\/\/www.organisator.ch\/it\/allgemein\/2018-01-11\/suesse-oekobilanz-wie-clever-ist-konfituere-verpackt\/","title":{"rendered":"Dolce eco-bilancio: quanto \u00e8 intelligente la marmellata confezionata?"},"content":{"rendered":"<figure id=\"attachment_1429\" aria-describedby=\"caption-attachment-1429\" style=\"width: 680px\" class=\"wp-caption alignnone\"><img loading=\"lazy\" decoding=\"async\" class=\"size-medium wp-image-1429\" src=\"\/\/www.umweltperspektiven.ch\/wp-content\/uploads\/2018\/01\/S\u00fcsse-\u00d6kobilanz-wie-clever-ist-Konfit\u00fcre-verpackt-UP-Umweltperspektiven.jpg\" alt=\"\" width=\"680\" height=\"479\" \/><figcaption id=\"caption-attachment-1429\" class=\"wp-caption-text\">Le porzioni di marmellata in AluCup hanno un impatto ambientale 3,5 volte inferiore rispetto alle porzioni di marmellata in MiniJar. (Immagine: depositphotos)<\/figcaption><\/figure>\n<p>Come potrebbe essere una valutazione comparativa del ciclo di vita delle marmellate? Le marmellate monodose, utilizzate nel settore della ristorazione, sono confezionate in imballaggi di alluminio o di vetro. Quale variante di marmellata si comporta meglio dal punto di vista ecologico?  Gli imballaggi in alluminio sono davvero cos\u00ec dannosi per l'ambiente come suggerisce la loro reputazione?<\/p>\n<p>Il gruppo di ricerca sulla valutazione del ciclo di vita dell'Istituto per l'ambiente e le risorse naturali (IUNR) di zhaw ha analizzato la questione ed \u00e8 giunto alla conclusione che, oltre al materiale, anche la distribuzione o il trasporto svolgono un ruolo decisivo.<\/p>\n<p><strong>Un prodotto - pi\u00f9 varianti<\/strong><\/p>\n<p>Hero AG, con sede a Lenzburg, produce oltre 100 tipi diversi di marmellata.  Questi vengono riempiti in contenitori di materiali e dimensioni diverse, come grandi vasi o monoporzioni.   Le monoporzioni sono utilizzate nel settore della ristorazione, dalle compagnie aeree e nel commercio al dettaglio e sono realizzate in alluminio (AluCup) o in vetro (MiniJar).<\/p>\n<p>Gli esperti del gruppo di ricerca Life Cycle Assessment hanno valutato l'impatto ambientale dei vasetti monodose e dell'alluminio utilizzando come esempio la marmellata di fragole.<\/p>\n<p><strong>Valutazione comparativa del ciclo di vita<\/strong><\/p>\n<p>La valutazione del ciclo di vita \u00e8 un metodo standardizzato che quantifica l'impatto ambientale dei prodotti nel corso del loro ciclo di vita. Nel caso della confettura di fragole in monoporzioni, questo include la produzione e il riempimento della confettura, il consumo di materiale per il confezionamento, la distribuzione al cliente finale e lo smaltimento dell'imballaggio dopo il consumo.  La valutazione \u00e8 stata effettuata utilizzando una serie di indicatori diversi che tengono conto dei cambiamenti climatici, del consumo di risorse e delle emissioni inquinanti.<\/p>\n<p><strong>Cosa influenza la valutazione del ciclo di vita?<\/strong><\/p>\n<p>La marmellata in confezioni porzionate ha una serie di conseguenze negative per l'ambiente: dall'irrigazione delle fragole al consumo di energia per la cottura della marmellata, dalle emissioni di particolato dovute alla combustione dei combustibili nella distribuzione alle emissioni di anidride carbonica dovute allo smaltimento degli imballaggi.  L'origine delle fragole, il materiale e il peso dell'imballaggio della porzione, nonch\u00e9 la distanza di trasporto dal consumatore finale sono i fattori pi\u00f9 importanti che influiscono.<\/p>\n<p><strong>Le dimensioni del contenitore sono fondamentali<\/strong><\/p>\n<p>Pi\u00f9 piccole sono le dimensioni delle porzioni, minore \u00e8 l'impatto ambientale delle monoporzioni, perch\u00e9 si riduce la quantit\u00e0 di imballaggi per ogni pezzo.  D'altra parte, l'impatto ambientale in relazione a un chilogrammo di marmellata aumenta quanto pi\u00f9 piccolo \u00e8 il contenuto di una singola porzione. Per migliorare l'ecobilancio, \u00e8 quindi essenziale ottimizzare le dimensioni delle singole porzioni in base all'uso previsto.<\/p>\n<p>Se la porzione \u00e8 troppo piccola, viene aperta pi\u00f9 di una porzione e la quantit\u00e0 di imballaggi aumenta.  Se invece la porzione \u00e8 troppo grande, si verificano perdite di cibo.<\/p>\n<p><strong>Ecologico significa: confezionato in modo leggero e consumato localmente<\/strong><\/p>\n<p>Un confronto tra le due varianti di confezionamento mostra che le porzioni di marmellata in AluCup hanno un impatto ambientale 3,5 volte inferiore rispetto alle porzioni di marmellata in MiniJar. La produzione dei MiniJar in vetro \u00e8 ad alta intensit\u00e0 energetica. Inoltre, le AluCup sono pi\u00f9 leggere dei MiniJar.  Per ogni porzione di marmellata si utilizza meno alluminio nelle AluCup rispetto al vetro nei MiniJar.<\/p>\n<p>Il peso ridotto di AluCups si traduce in minori emissioni di gas serra nella distribuzione: pi\u00f9 leggero \u00e8 un bene trasportato e pi\u00f9 breve \u00e8 la distanza di trasporto, minori sono le emissioni di gas serra dannose per il clima.<\/p>\n<p><em>Per ulteriori informazioni sulla valutazione del ciclo di vita delle confezioni di marmellata, contattare Sarah Wettstein, assistente scientifico (krez@zhaw.ch) o Matthias Stucki, responsabile del gruppo di ricerca sulla valutazione del ciclo di vita (stck@zhaw.ch).<\/em><\/p>\n<p><a href=\"\/\/www.zhaw.ch\">http:\/\/www.zhaw.ch<\/a><\/p>\n<p>&nbsp;<\/p>\n<p>&nbsp;<\/p>","protected":false},"excerpt":{"rendered":"<p>Wie k\u00f6nnte eine vergleichende \u00d6kobilanz bei Konfit\u00fcren ausfallen? Einzelportionen, wie sie in der Gastronomie Verwendung\u00a0 finden,\u00a0 werden\u00a0 entweder\u00a0 in\u00a0 eine\u00a0 Verpackung\u00a0 aus\u00a0 Aluminium\u00a0 oder\u00a0 Glas\u00a0 abgef\u00fcllt. Welche\u00a0 Konfit\u00fcrenvariante\u00a0 schneidet\u00a0 aus\u00a0 \u00f6kologischer Sicht\u00a0 besser\u00a0 ab?\u00a0 Sind\u00a0 Aluminiumverpackungen tats\u00e4chlich so umweltsch\u00e4dlich,\u00a0 wie\u00a0 ihr\u00a0 Ruf\u00a0 besagt? Dieser Frage ging die Forschungsgruppe \u00d6kobilanzierung am Institut f\u00fcr Umwelt und Nat\u00fcrliche [&hellip;]<\/p>\n","protected":false},"author":5,"featured_media":9529,"comment_status":"open","ping_status":"open","sticky":false,"template":"","format":"standard","meta":{"_acf_changed":false,"_yoast_wpseo_focuskw":"\u00d6kobilanz","_yoast_wpseo_metadesc":"In einem Forschungsprojekt zwischen der zhaw und der Hero AG wurde eine vergleichende \u00d6kobilanz f\u00fcr Konfit\u00fcrenverpackungen aufgestellt.","articlekey":"","footnotes":""},"categories":[1],"tags":[1609,1813,1865],"class_list":["post-1428","post","type-post","status-publish","format-standard","has-post-thumbnail","hentry","category-allgemein","tag-lebensmittelverpackung","tag-natuerliche-ressourcen","tag-oekobilanz"],"acf":[],"yoast_head":"<!-- This site is optimized with the Yoast SEO plugin v27.5 - https:\/\/yoast.com\/product\/yoast-seo-wordpress\/ -->\n<title>S\u00fcsse \u00d6kobilanz: Wie clever ist Konfit\u00fcre verpackt? - Organisator<\/title>\n<meta name=\"description\" content=\"In einem Forschungsprojekt zwischen der zhaw und der Hero AG wurde eine vergleichende \u00d6kobilanz f\u00fcr Konfit\u00fcrenverpackungen aufgestellt.\" \/>\n<meta name=\"robots\" content=\"index, follow, max-snippet:-1, max-image-preview:large, max-video-preview:-1\" \/>\n<link rel=\"canonical\" href=\"https:\/\/www.organisator.ch\/it\/generale\/2018-01-11\/suesse-oekobilanz-wie-clever-ist-konfituere-verpackt\/\" \/>\n<meta property=\"og:locale\" content=\"it_IT\" \/>\n<meta property=\"og:type\" content=\"article\" \/>\n<meta property=\"og:title\" content=\"S\u00fcsse \u00d6kobilanz: Wie clever ist Konfit\u00fcre verpackt? - Organisator\" \/>\n<meta property=\"og:description\" content=\"In einem Forschungsprojekt zwischen der zhaw und der Hero AG wurde eine vergleichende \u00d6kobilanz f\u00fcr Konfit\u00fcrenverpackungen aufgestellt.\" \/>\n<meta property=\"og:url\" content=\"https:\/\/www.organisator.ch\/it\/generale\/2018-01-11\/suesse-oekobilanz-wie-clever-ist-konfituere-verpackt\/\" \/>\n<meta property=\"og:site_name\" content=\"Organisator\" \/>\n<meta property=\"article:publisher\" content=\"https:\/\/www.facebook.com\/OrganisatorFachmagazin\" \/>\n<meta property=\"article:published_time\" content=\"2018-01-11T08:45:29+00:00\" \/>\n<meta property=\"og:image\" content=\"https:\/\/www.organisator.ch\/wp-content\/uploads\/2018\/01\/Suesse-Oekobilanz-wie-clever-ist-Konfituere-verpackt-UP-Umweltperspektiven.jpg\" \/>\n\t<meta property=\"og:image:width\" content=\"1000\" \/>\n\t<meta property=\"og:image:height\" content=\"705\" \/>\n\t<meta property=\"og:image:type\" content=\"image\/jpeg\" \/>\n<meta name=\"author\" content=\"michael.merz\" \/>\n<meta name=\"twitter:card\" content=\"summary_large_image\" \/>\n<script type=\"application\/ld+json\" class=\"yoast-schema-graph\">{\"@context\":\"https:\\\/\\\/schema.org\",\"@graph\":[{\"@type\":\"Article\",\"@id\":\"https:\\\/\\\/www.organisator.ch\\\/en\\\/general\\\/2018-01-11\\\/suesse-oekobilanz-wie-clever-ist-konfituere-verpackt\\\/#article\",\"isPartOf\":{\"@id\":\"https:\\\/\\\/www.organisator.ch\\\/en\\\/general\\\/2018-01-11\\\/suesse-oekobilanz-wie-clever-ist-konfituere-verpackt\\\/\"},\"author\":{\"name\":\"michael.merz\",\"@id\":\"https:\\\/\\\/www.organisator.ch\\\/#\\\/schema\\\/person\\\/134708ca9321c57b0362cceb7948ffbd\"},\"headline\":\"S\u00fcsse \u00d6kobilanz: Wie clever ist Konfit\u00fcre verpackt?\",\"datePublished\":\"2018-01-11T08:45:29+00:00\",\"mainEntityOfPage\":{\"@id\":\"https:\\\/\\\/www.organisator.ch\\\/en\\\/general\\\/2018-01-11\\\/suesse-oekobilanz-wie-clever-ist-konfituere-verpackt\\\/\"},\"wordCount\":544,\"commentCount\":0,\"publisher\":{\"@id\":\"https:\\\/\\\/www.organisator.ch\\\/#organization\"},\"image\":{\"@id\":\"https:\\\/\\\/www.organisator.ch\\\/en\\\/general\\\/2018-01-11\\\/suesse-oekobilanz-wie-clever-ist-konfituere-verpackt\\\/#primaryimage\"},\"thumbnailUrl\":\"https:\\\/\\\/www.organisator.ch\\\/wp-content\\\/uploads\\\/2018\\\/01\\\/Suesse-Oekobilanz-wie-clever-ist-Konfituere-verpackt-UP-Umweltperspektiven.jpg\",\"keywords\":[\"Lebensmittelverpackung\",\"Nat\u00fcrliche Ressourcen\",\"\u00d6kobilanz\"],\"articleSection\":[\"Allgemein\"],\"inLanguage\":\"it-IT\"},{\"@type\":\"WebPage\",\"@id\":\"https:\\\/\\\/www.organisator.ch\\\/en\\\/general\\\/2018-01-11\\\/suesse-oekobilanz-wie-clever-ist-konfituere-verpackt\\\/\",\"url\":\"https:\\\/\\\/www.organisator.ch\\\/en\\\/general\\\/2018-01-11\\\/suesse-oekobilanz-wie-clever-ist-konfituere-verpackt\\\/\",\"name\":\"S\u00fcsse \u00d6kobilanz: Wie clever ist Konfit\u00fcre verpackt? - Organisator\",\"isPartOf\":{\"@id\":\"https:\\\/\\\/www.organisator.ch\\\/#website\"},\"primaryImageOfPage\":{\"@id\":\"https:\\\/\\\/www.organisator.ch\\\/en\\\/general\\\/2018-01-11\\\/suesse-oekobilanz-wie-clever-ist-konfituere-verpackt\\\/#primaryimage\"},\"image\":{\"@id\":\"https:\\\/\\\/www.organisator.ch\\\/en\\\/general\\\/2018-01-11\\\/suesse-oekobilanz-wie-clever-ist-konfituere-verpackt\\\/#primaryimage\"},\"thumbnailUrl\":\"https:\\\/\\\/www.organisator.ch\\\/wp-content\\\/uploads\\\/2018\\\/01\\\/Suesse-Oekobilanz-wie-clever-ist-Konfituere-verpackt-UP-Umweltperspektiven.jpg\",\"datePublished\":\"2018-01-11T08:45:29+00:00\",\"description\":\"In einem Forschungsprojekt zwischen der zhaw und der Hero AG wurde eine vergleichende \u00d6kobilanz f\u00fcr Konfit\u00fcrenverpackungen aufgestellt.\",\"breadcrumb\":{\"@id\":\"https:\\\/\\\/www.organisator.ch\\\/en\\\/general\\\/2018-01-11\\\/suesse-oekobilanz-wie-clever-ist-konfituere-verpackt\\\/#breadcrumb\"},\"inLanguage\":\"it-IT\",\"potentialAction\":[{\"@type\":\"ReadAction\",\"target\":[\"https:\\\/\\\/www.organisator.ch\\\/en\\\/general\\\/2018-01-11\\\/suesse-oekobilanz-wie-clever-ist-konfituere-verpackt\\\/\"]}]},{\"@type\":\"ImageObject\",\"inLanguage\":\"it-IT\",\"@id\":\"https:\\\/\\\/www.organisator.ch\\\/en\\\/general\\\/2018-01-11\\\/suesse-oekobilanz-wie-clever-ist-konfituere-verpackt\\\/#primaryimage\",\"url\":\"https:\\\/\\\/www.organisator.ch\\\/wp-content\\\/uploads\\\/2018\\\/01\\\/Suesse-Oekobilanz-wie-clever-ist-Konfituere-verpackt-UP-Umweltperspektiven.jpg\",\"contentUrl\":\"https:\\\/\\\/www.organisator.ch\\\/wp-content\\\/uploads\\\/2018\\\/01\\\/Suesse-Oekobilanz-wie-clever-ist-Konfituere-verpackt-UP-Umweltperspektiven.jpg\",\"width\":1000,\"height\":705,\"caption\":\"Konfit\u00fcreportionen in AluCups verursachen 3.5-mal geringere Umweltauswirkungen als Konfit\u00fcreportionen in MiniJars. (Bild: depositphotos)\"},{\"@type\":\"BreadcrumbList\",\"@id\":\"https:\\\/\\\/www.organisator.ch\\\/en\\\/general\\\/2018-01-11\\\/suesse-oekobilanz-wie-clever-ist-konfituere-verpackt\\\/#breadcrumb\",\"itemListElement\":[{\"@type\":\"ListItem\",\"position\":1,\"name\":\"Home\",\"item\":\"https:\\\/\\\/www.organisator.ch\\\/\"},{\"@type\":\"ListItem\",\"position\":2,\"name\":\"S\u00fcsse \u00d6kobilanz: Wie clever ist Konfit\u00fcre verpackt?\"}]},{\"@type\":\"WebSite\",\"@id\":\"https:\\\/\\\/www.organisator.ch\\\/#website\",\"url\":\"https:\\\/\\\/www.organisator.ch\\\/\",\"name\":\"Organisator\",\"description\":\"Kompetent. Praxisnah. Der ORGANISATOR bereitet in 10 Ausgaben pro Jahr die wesentlichen Themen f\u00fcr F\u00fchrungskr\u00e4fte von KMU auf.\",\"publisher\":{\"@id\":\"https:\\\/\\\/www.organisator.ch\\\/#organization\"},\"potentialAction\":[{\"@type\":\"SearchAction\",\"target\":{\"@type\":\"EntryPoint\",\"urlTemplate\":\"https:\\\/\\\/www.organisator.ch\\\/?s={search_term_string}\"},\"query-input\":{\"@type\":\"PropertyValueSpecification\",\"valueRequired\":true,\"valueName\":\"search_term_string\"}}],\"inLanguage\":\"it-IT\"},{\"@type\":\"Organization\",\"@id\":\"https:\\\/\\\/www.organisator.ch\\\/#organization\",\"name\":\"Organisator\",\"url\":\"https:\\\/\\\/www.organisator.ch\\\/\",\"logo\":{\"@type\":\"ImageObject\",\"inLanguage\":\"it-IT\",\"@id\":\"https:\\\/\\\/www.organisator.ch\\\/#\\\/schema\\\/logo\\\/image\\\/\",\"url\":\"https:\\\/\\\/www.organisator.ch\\\/wp-content\\\/uploads\\\/2022\\\/01\\\/Logo_Organisator_Website.png\",\"contentUrl\":\"https:\\\/\\\/www.organisator.ch\\\/wp-content\\\/uploads\\\/2022\\\/01\\\/Logo_Organisator_Website.png\",\"width\":800,\"height\":77,\"caption\":\"Organisator\"},\"image\":{\"@id\":\"https:\\\/\\\/www.organisator.ch\\\/#\\\/schema\\\/logo\\\/image\\\/\"},\"sameAs\":[\"https:\\\/\\\/www.facebook.com\\\/OrganisatorFachmagazin\",\"https:\\\/\\\/www.linkedin.com\\\/showcase\\\/organisator-das-magazin-fr-kmu\",\"https:\\\/\\\/www.xing.com\\\/news\\\/pages\\\/organisator-ch-695\",\"https:\\\/\\\/www.youtube.com\\\/channel\\\/UCGP2Sq0iWaZwT3BdIAQFYpw\"]},{\"@type\":\"Person\",\"@id\":\"https:\\\/\\\/www.organisator.ch\\\/#\\\/schema\\\/person\\\/134708ca9321c57b0362cceb7948ffbd\",\"name\":\"michael.merz\",\"image\":{\"@type\":\"ImageObject\",\"inLanguage\":\"it-IT\",\"@id\":\"https:\\\/\\\/secure.gravatar.com\\\/avatar\\\/?s=96&d=mm&r=g\",\"url\":\"https:\\\/\\\/secure.gravatar.com\\\/avatar\\\/?s=96&d=mm&r=g\",\"contentUrl\":\"https:\\\/\\\/secure.gravatar.com\\\/avatar\\\/?s=96&d=mm&r=g\",\"caption\":\"michael.merz\"},\"url\":\"https:\\\/\\\/www.organisator.ch\\\/it\\\/author\\\/michael-merz\\\/\"}]}<\/script>\n<!-- \/ Yoast SEO plugin. -->","yoast_head_json":{"title":"Dolce eco-bilancio: quanto \u00e8 intelligente la marmellata confezionata? - Organizzatore","description":"Nell'ambito di un progetto di ricerca tra zhaw e Hero AG, \u00e8 stata elaborata una valutazione comparativa del ciclo di vita delle confezioni di marmellata.","robots":{"index":"index","follow":"follow","max-snippet":"max-snippet:-1","max-image-preview":"max-image-preview:large","max-video-preview":"max-video-preview:-1"},"canonical":"https:\/\/www.organisator.ch\/it\/generale\/2018-01-11\/suesse-oekobilanz-wie-clever-ist-konfituere-verpackt\/","og_locale":"it_IT","og_type":"article","og_title":"S\u00fcsse \u00d6kobilanz: Wie clever ist Konfit\u00fcre verpackt? - Organisator","og_description":"In einem Forschungsprojekt zwischen der zhaw und der Hero AG wurde eine vergleichende \u00d6kobilanz f\u00fcr Konfit\u00fcrenverpackungen aufgestellt.","og_url":"https:\/\/www.organisator.ch\/it\/generale\/2018-01-11\/suesse-oekobilanz-wie-clever-ist-konfituere-verpackt\/","og_site_name":"Organisator","article_publisher":"https:\/\/www.facebook.com\/OrganisatorFachmagazin","article_published_time":"2018-01-11T08:45:29+00:00","og_image":[{"width":1000,"height":705,"url":"https:\/\/www.organisator.ch\/wp-content\/uploads\/2018\/01\/Suesse-Oekobilanz-wie-clever-ist-Konfituere-verpackt-UP-Umweltperspektiven.jpg","type":"image\/jpeg"}],"author":"michael.merz","twitter_card":"summary_large_image","schema":{"@context":"https:\/\/schema.org","@graph":[{"@type":"Article","@id":"https:\/\/www.organisator.ch\/en\/general\/2018-01-11\/suesse-oekobilanz-wie-clever-ist-konfituere-verpackt\/#article","isPartOf":{"@id":"https:\/\/www.organisator.ch\/en\/general\/2018-01-11\/suesse-oekobilanz-wie-clever-ist-konfituere-verpackt\/"},"author":{"name":"michael.merz","@id":"https:\/\/www.organisator.ch\/#\/schema\/person\/134708ca9321c57b0362cceb7948ffbd"},"headline":"S\u00fcsse \u00d6kobilanz: Wie clever ist Konfit\u00fcre verpackt?","datePublished":"2018-01-11T08:45:29+00:00","mainEntityOfPage":{"@id":"https:\/\/www.organisator.ch\/en\/general\/2018-01-11\/suesse-oekobilanz-wie-clever-ist-konfituere-verpackt\/"},"wordCount":544,"commentCount":0,"publisher":{"@id":"https:\/\/www.organisator.ch\/#organization"},"image":{"@id":"https:\/\/www.organisator.ch\/en\/general\/2018-01-11\/suesse-oekobilanz-wie-clever-ist-konfituere-verpackt\/#primaryimage"},"thumbnailUrl":"https:\/\/www.organisator.ch\/wp-content\/uploads\/2018\/01\/Suesse-Oekobilanz-wie-clever-ist-Konfituere-verpackt-UP-Umweltperspektiven.jpg","keywords":["Lebensmittelverpackung","Nat\u00fcrliche Ressourcen","\u00d6kobilanz"],"articleSection":["Allgemein"],"inLanguage":"it-IT"},{"@type":"WebPage","@id":"https:\/\/www.organisator.ch\/en\/general\/2018-01-11\/suesse-oekobilanz-wie-clever-ist-konfituere-verpackt\/","url":"https:\/\/www.organisator.ch\/en\/general\/2018-01-11\/suesse-oekobilanz-wie-clever-ist-konfituere-verpackt\/","name":"Dolce eco-bilancio: quanto \u00e8 intelligente la marmellata confezionata? - Organizzatore","isPartOf":{"@id":"https:\/\/www.organisator.ch\/#website"},"primaryImageOfPage":{"@id":"https:\/\/www.organisator.ch\/en\/general\/2018-01-11\/suesse-oekobilanz-wie-clever-ist-konfituere-verpackt\/#primaryimage"},"image":{"@id":"https:\/\/www.organisator.ch\/en\/general\/2018-01-11\/suesse-oekobilanz-wie-clever-ist-konfituere-verpackt\/#primaryimage"},"thumbnailUrl":"https:\/\/www.organisator.ch\/wp-content\/uploads\/2018\/01\/Suesse-Oekobilanz-wie-clever-ist-Konfituere-verpackt-UP-Umweltperspektiven.jpg","datePublished":"2018-01-11T08:45:29+00:00","description":"Nell'ambito di un progetto di ricerca tra zhaw e Hero AG, \u00e8 stata elaborata una valutazione comparativa del ciclo di vita delle confezioni di marmellata.","breadcrumb":{"@id":"https:\/\/www.organisator.ch\/en\/general\/2018-01-11\/suesse-oekobilanz-wie-clever-ist-konfituere-verpackt\/#breadcrumb"},"inLanguage":"it-IT","potentialAction":[{"@type":"ReadAction","target":["https:\/\/www.organisator.ch\/en\/general\/2018-01-11\/suesse-oekobilanz-wie-clever-ist-konfituere-verpackt\/"]}]},{"@type":"ImageObject","inLanguage":"it-IT","@id":"https:\/\/www.organisator.ch\/en\/general\/2018-01-11\/suesse-oekobilanz-wie-clever-ist-konfituere-verpackt\/#primaryimage","url":"https:\/\/www.organisator.ch\/wp-content\/uploads\/2018\/01\/Suesse-Oekobilanz-wie-clever-ist-Konfituere-verpackt-UP-Umweltperspektiven.jpg","contentUrl":"https:\/\/www.organisator.ch\/wp-content\/uploads\/2018\/01\/Suesse-Oekobilanz-wie-clever-ist-Konfituere-verpackt-UP-Umweltperspektiven.jpg","width":1000,"height":705,"caption":"Konfit\u00fcreportionen in AluCups verursachen 3.5-mal geringere Umweltauswirkungen als Konfit\u00fcreportionen in MiniJars. (Bild: depositphotos)"},{"@type":"BreadcrumbList","@id":"https:\/\/www.organisator.ch\/en\/general\/2018-01-11\/suesse-oekobilanz-wie-clever-ist-konfituere-verpackt\/#breadcrumb","itemListElement":[{"@type":"ListItem","position":1,"name":"Home","item":"https:\/\/www.organisator.ch\/"},{"@type":"ListItem","position":2,"name":"S\u00fcsse \u00d6kobilanz: Wie clever ist Konfit\u00fcre verpackt?"}]},{"@type":"WebSite","@id":"https:\/\/www.organisator.ch\/#website","url":"https:\/\/www.organisator.ch\/","name":"Organizzatore","description":"Competente. Pratico. In 10 numeri all'anno, ORGANISATOR presenta i temi essenziali per i manager delle PMI.","publisher":{"@id":"https:\/\/www.organisator.ch\/#organization"},"potentialAction":[{"@type":"SearchAction","target":{"@type":"EntryPoint","urlTemplate":"https:\/\/www.organisator.ch\/?s={search_term_string}"},"query-input":{"@type":"PropertyValueSpecification","valueRequired":true,"valueName":"search_term_string"}}],"inLanguage":"it-IT"},{"@type":"Organization","@id":"https:\/\/www.organisator.ch\/#organization","name":"Organizzatore","url":"https:\/\/www.organisator.ch\/","logo":{"@type":"ImageObject","inLanguage":"it-IT","@id":"https:\/\/www.organisator.ch\/#\/schema\/logo\/image\/","url":"https:\/\/www.organisator.ch\/wp-content\/uploads\/2022\/01\/Logo_Organisator_Website.png","contentUrl":"https:\/\/www.organisator.ch\/wp-content\/uploads\/2022\/01\/Logo_Organisator_Website.png","width":800,"height":77,"caption":"Organisator"},"image":{"@id":"https:\/\/www.organisator.ch\/#\/schema\/logo\/image\/"},"sameAs":["https:\/\/www.facebook.com\/OrganisatorFachmagazin","https:\/\/www.linkedin.com\/showcase\/organisator-das-magazin-fr-kmu","https:\/\/www.xing.com\/news\/pages\/organisator-ch-695","https:\/\/www.youtube.com\/channel\/UCGP2Sq0iWaZwT3BdIAQFYpw"]},{"@type":"Person","@id":"https:\/\/www.organisator.ch\/#\/schema\/person\/134708ca9321c57b0362cceb7948ffbd","name":"michael.merz","image":{"@type":"ImageObject","inLanguage":"it-IT","@id":"https:\/\/secure.gravatar.com\/avatar\/?s=96&d=mm&r=g","url":"https:\/\/secure.gravatar.com\/avatar\/?s=96&d=mm&r=g","contentUrl":"https:\/\/secure.gravatar.com\/avatar\/?s=96&d=mm&r=g","caption":"michael.merz"},"url":"https:\/\/www.organisator.ch\/it\/author\/michael-merz\/"}]}},"_links":{"self":[{"href":"https:\/\/www.organisator.ch\/it\/wp-json\/wp\/v2\/posts\/1428","targetHints":{"allow":["GET"]}}],"collection":[{"href":"https:\/\/www.organisator.ch\/it\/wp-json\/wp\/v2\/posts"}],"about":[{"href":"https:\/\/www.organisator.ch\/it\/wp-json\/wp\/v2\/types\/post"}],"author":[{"embeddable":true,"href":"https:\/\/www.organisator.ch\/it\/wp-json\/wp\/v2\/users\/5"}],"replies":[{"embeddable":true,"href":"https:\/\/www.organisator.ch\/it\/wp-json\/wp\/v2\/comments?post=1428"}],"version-history":[{"count":0,"href":"https:\/\/www.organisator.ch\/it\/wp-json\/wp\/v2\/posts\/1428\/revisions"}],"wp:featuredmedia":[{"embeddable":true,"href":"https:\/\/www.organisator.ch\/it\/wp-json\/wp\/v2\/media\/9529"}],"wp:attachment":[{"href":"https:\/\/www.organisator.ch\/it\/wp-json\/wp\/v2\/media?parent=1428"}],"wp:term":[{"taxonomy":"category","embeddable":true,"href":"https:\/\/www.organisator.ch\/it\/wp-json\/wp\/v2\/categories?post=1428"},{"taxonomy":"post_tag","embeddable":true,"href":"https:\/\/www.organisator.ch\/it\/wp-json\/wp\/v2\/tags?post=1428"}],"curies":[{"name":"wp","href":"https:\/\/api.w.org\/{rel}","templated":true}]}}