{"id":143,"date":"2016-02-22T16:08:42","date_gmt":"2016-02-22T15:08:42","guid":{"rendered":"http:\/\/dev.organisator.ch\/?p=143"},"modified":"2016-02-22T16:08:42","modified_gmt":"2016-02-22T15:08:42","slug":"winterthur-foerdert-stellenschafferpreis-fuer-kmu","status":"publish","type":"post","link":"https:\/\/www.organisator.ch\/it\/allgemein\/2016-02-22\/winterthur-foerdert-stellenschafferpreis-fuer-kmu\/","title":{"rendered":"Winterthur promuove il \"Job Creation Award\" per le PMI"},"content":{"rendered":"<p><img loading=\"lazy\" decoding=\"async\" class=\"alignnone size-medium wp-image-144\" src=\"https:\/\/organisator.ch\/wp-content\/uploads\/2016\/12\/Winterthur-f\u00f6rdert-\u201eStellenschafferpreis\u201c-f\u00fcr-KMU-organisator.jpg\" alt=\"\" width=\"680\" height=\"451\" \/><\/p>\n<p>Per l'undicesima volta, la Standortf\u00f6rderung Region Winterthur, con il sostegno di Landbote, Tele Top e Z\u00fcrcher Kantonalbank, ha premiato le aziende che hanno creato il maggior numero di posti di lavoro nell'anno precedente. Questo \u00e8 un segno di riconoscimento e anche una motivazione per le aziende di Winterthur a fare lo stesso.<\/p>\n<p>Ogni anno, \u00e8 stato cos\u00ec possibile ottenere non solo quei datori di lavoro che<\/p>\n<p>a) in termini assoluti, e<\/p>\n<p>b) eccelleva nella crescita relativa,<\/p>\n<p>ma anche quelle aziende che hanno formato un numero particolarmente elevato di apprendisti.<\/p>\n<p>Un'altra storia di successo \u00e8 stata scritta a Winterthur negli ultimi due anni: Il SME Forum Region Winterthur, che si svolge alla fine di ogni anno al \"Winti M\u00e4ss\" nella Eulachhallen, \u00e8 molto popolare tra i partecipanti dell'economia, della politica e della societ\u00e0 - un ambiente ideale per la premiazione dei creatori di lavoro eccellenti, hanno constatato le organizzazioni partner. Il premio, e con esso i vincitori, riceveranno una piattaforma ancora pi\u00f9 grande e importante.<\/p>\n<p><strong>Forum PMI Regione di Winterthur<\/strong><\/p>\n<p>Il periodo di valutazione \u00e8 nuovo per i partecipanti: Questo non termina pi\u00f9 il 1\u00b0 gennaio, ma il 30 giugno 2016. Ancora una volta, i creatori di lavoro possono vincere un premio in denaro di 1000 franchi svizzeri per vincitore. Inoltre, sar\u00e0 realizzato un videoclip aziendale e altre apparizioni nei media.  Dal punto di vista delle organizzazioni partner, la piattaforma lanciata dall'organizzatore dell'evento Maurer + Salzmann AG \u00e8 la cornice ideale per la cerimonia di premiazione.<\/p>\n<p>Il prossimo \"Stellenschafferpreis\" avr\u00e0 luogo venerd\u00ec 2 dicembre 2016 nell'ambito del terzo Forum PMI Regione Winterthur.<\/p>\n<p><a href=\"https:\/\/www.standort-winterthur.ch\" target=\"_blank\" data-cke-saved-href=\"https:\/\/www.standort-winterthur.ch\" rel=\"noopener\">https:\/\/www.standort-winterthur.ch<\/a><\/p>","protected":false},"excerpt":{"rendered":"<p>Bereits elf Mal hat die Standortf\u00f6rderung Region Winterthur mit Unterst\u00fctzung von Landbote, Tele Top und Z\u00fcrcher Kantonalbank diejenigen Unternehmen ausgezeichnet, welche im Vorjahr die h\u00f6chste Anzahl Arbeitspl\u00e4tze geschaffen haben. Dies als Zeichen der Anerkennung und auch Motivation f\u00fcr Unternehmen am Standort Winterthur, es den Preistr\u00e4gern gleichzutun. Jedes Jahr konnten so nicht nur jene Arbeitgeber eruiert [&hellip;]<\/p>\n","protected":false},"author":1,"featured_media":144,"comment_status":"open","ping_status":"open","sticky":false,"template":"","format":"standard","meta":{"_acf_changed":false,"_yoast_wpseo_focuskw":"\u201eStellenschafferpreis\u201c","_yoast_wpseo_metadesc":"In Zukunft wird der j\u00e4hrlich von der Standortf\u00f6rderung organisierte \u201eStellenschafferpreis\u201c in die Veranstaltung KMU-Forum Region Winterthur integriert.","articlekey":"","footnotes":""},"categories":[1],"tags":[492],"class_list":["post-143","post","type-post","status-publish","format-standard","has-post-thumbnail","hentry","category-allgemein","tag-unternehmen"],"acf":[],"yoast_head":"<!-- This site is optimized with the Yoast SEO plugin v27.4 - https:\/\/yoast.com\/product\/yoast-seo-wordpress\/ -->\n<title>Winterthur f\u00f6rdert \u201eStellenschafferpreis\u201c f\u00fcr KMU - Organisator<\/title>\n<meta name=\"description\" content=\"In Zukunft wird der j\u00e4hrlich von der Standortf\u00f6rderung organisierte \u201eStellenschafferpreis\u201c in die Veranstaltung KMU-Forum Region Winterthur integriert.\" \/>\n<meta name=\"robots\" content=\"index, follow, max-snippet:-1, max-image-preview:large, max-video-preview:-1\" \/>\n<link rel=\"canonical\" href=\"https:\/\/www.organisator.ch\/it\/generale\/2016-02-22\/winterthur-foerdert-stellenschafferpreis-fuer-kmu\/\" \/>\n<meta property=\"og:locale\" content=\"it_IT\" \/>\n<meta property=\"og:type\" content=\"article\" \/>\n<meta property=\"og:title\" content=\"Winterthur f\u00f6rdert \u201eStellenschafferpreis\u201c f\u00fcr KMU\" \/>\n<meta property=\"og:description\" content=\"In Zukunft wird der j\u00e4hrlich von der Standortf\u00f6rderung Region Winterthur organisierte \u201eStellenschafferpreis\u201c in die erfolgreiche Veranstaltung KMU-Forum Region Winterthur integriert. F\u00fcr die Teilnahme am Wettbewerb \u00e4ndert sich neben der zus\u00e4tzlichen Aufmerksamkeit der Stichtag f\u00fcr die Anmeldung.\" \/>\n<meta property=\"og:url\" content=\"https:\/\/www.organisator.ch\/it\/generale\/2016-02-22\/winterthur-foerdert-stellenschafferpreis-fuer-kmu\/\" \/>\n<meta property=\"og:site_name\" content=\"Organisator\" \/>\n<meta property=\"article:publisher\" content=\"https:\/\/www.facebook.com\/OrganisatorFachmagazin\" \/>\n<meta property=\"article:published_time\" content=\"2016-02-22T15:08:42+00:00\" \/>\n<meta name=\"author\" content=\"admin\" \/>\n<meta name=\"twitter:card\" content=\"summary_large_image\" \/>\n<meta name=\"twitter:image\" content=\"https:\/\/www.organisator.ch\/wp-content\/uploads\/2016\/12\/Winterthur-foerdert-\u201eStellenschafferpreis-fuer-KMU-organisator.jpg\" \/>\n<script type=\"application\/ld+json\" class=\"yoast-schema-graph\">{\"@context\":\"https:\\\/\\\/schema.org\",\"@graph\":[{\"@type\":\"Article\",\"@id\":\"https:\\\/\\\/www.organisator.ch\\\/en\\\/general\\\/2016-02-22\\\/winterthur-foerdert-stellenschafferpreis-fuer-kmu\\\/#article\",\"isPartOf\":{\"@id\":\"https:\\\/\\\/www.organisator.ch\\\/en\\\/general\\\/2016-02-22\\\/winterthur-foerdert-stellenschafferpreis-fuer-kmu\\\/\"},\"author\":{\"name\":\"admin\",\"@id\":\"https:\\\/\\\/www.organisator.ch\\\/#\\\/schema\\\/person\\\/aa2bace6c5c5aad60102004a50c4eb1c\"},\"headline\":\"Winterthur f\u00f6rdert \u201eStellenschafferpreis\u201c f\u00fcr KMU\",\"datePublished\":\"2016-02-22T15:08:42+00:00\",\"mainEntityOfPage\":{\"@id\":\"https:\\\/\\\/www.organisator.ch\\\/en\\\/general\\\/2016-02-22\\\/winterthur-foerdert-stellenschafferpreis-fuer-kmu\\\/\"},\"wordCount\":244,\"commentCount\":0,\"publisher\":{\"@id\":\"https:\\\/\\\/www.organisator.ch\\\/#organization\"},\"image\":{\"@id\":\"https:\\\/\\\/www.organisator.ch\\\/en\\\/general\\\/2016-02-22\\\/winterthur-foerdert-stellenschafferpreis-fuer-kmu\\\/#primaryimage\"},\"thumbnailUrl\":\"https:\\\/\\\/www.organisator.ch\\\/wp-content\\\/uploads\\\/2016\\\/12\\\/Winterthur-foerdert-\u201eStellenschafferpreis-fuer-KMU-organisator.jpg\",\"keywords\":[\"Unternehmen\"],\"articleSection\":[\"Allgemein\"],\"inLanguage\":\"it-IT\"},{\"@type\":\"WebPage\",\"@id\":\"https:\\\/\\\/www.organisator.ch\\\/en\\\/general\\\/2016-02-22\\\/winterthur-foerdert-stellenschafferpreis-fuer-kmu\\\/\",\"url\":\"https:\\\/\\\/www.organisator.ch\\\/en\\\/general\\\/2016-02-22\\\/winterthur-foerdert-stellenschafferpreis-fuer-kmu\\\/\",\"name\":\"Winterthur f\u00f6rdert \u201eStellenschafferpreis\u201c f\u00fcr KMU - Organisator\",\"isPartOf\":{\"@id\":\"https:\\\/\\\/www.organisator.ch\\\/#website\"},\"primaryImageOfPage\":{\"@id\":\"https:\\\/\\\/www.organisator.ch\\\/en\\\/general\\\/2016-02-22\\\/winterthur-foerdert-stellenschafferpreis-fuer-kmu\\\/#primaryimage\"},\"image\":{\"@id\":\"https:\\\/\\\/www.organisator.ch\\\/en\\\/general\\\/2016-02-22\\\/winterthur-foerdert-stellenschafferpreis-fuer-kmu\\\/#primaryimage\"},\"thumbnailUrl\":\"https:\\\/\\\/www.organisator.ch\\\/wp-content\\\/uploads\\\/2016\\\/12\\\/Winterthur-foerdert-\u201eStellenschafferpreis-fuer-KMU-organisator.jpg\",\"datePublished\":\"2016-02-22T15:08:42+00:00\",\"description\":\"In Zukunft wird der j\u00e4hrlich von der Standortf\u00f6rderung organisierte \u201eStellenschafferpreis\u201c in die Veranstaltung KMU-Forum Region Winterthur integriert.\",\"breadcrumb\":{\"@id\":\"https:\\\/\\\/www.organisator.ch\\\/en\\\/general\\\/2016-02-22\\\/winterthur-foerdert-stellenschafferpreis-fuer-kmu\\\/#breadcrumb\"},\"inLanguage\":\"it-IT\",\"potentialAction\":[{\"@type\":\"ReadAction\",\"target\":[\"https:\\\/\\\/www.organisator.ch\\\/en\\\/general\\\/2016-02-22\\\/winterthur-foerdert-stellenschafferpreis-fuer-kmu\\\/\"]}]},{\"@type\":\"ImageObject\",\"inLanguage\":\"it-IT\",\"@id\":\"https:\\\/\\\/www.organisator.ch\\\/en\\\/general\\\/2016-02-22\\\/winterthur-foerdert-stellenschafferpreis-fuer-kmu\\\/#primaryimage\",\"url\":\"https:\\\/\\\/www.organisator.ch\\\/wp-content\\\/uploads\\\/2016\\\/12\\\/Winterthur-foerdert-\u201eStellenschafferpreis-fuer-KMU-organisator.jpg\",\"contentUrl\":\"https:\\\/\\\/www.organisator.ch\\\/wp-content\\\/uploads\\\/2016\\\/12\\\/Winterthur-foerdert-\u201eStellenschafferpreis-fuer-KMU-organisator.jpg\",\"width\":970,\"height\":644},{\"@type\":\"BreadcrumbList\",\"@id\":\"https:\\\/\\\/www.organisator.ch\\\/en\\\/general\\\/2016-02-22\\\/winterthur-foerdert-stellenschafferpreis-fuer-kmu\\\/#breadcrumb\",\"itemListElement\":[{\"@type\":\"ListItem\",\"position\":1,\"name\":\"Home\",\"item\":\"https:\\\/\\\/www.organisator.ch\\\/\"},{\"@type\":\"ListItem\",\"position\":2,\"name\":\"Winterthur f\u00f6rdert \u201eStellenschafferpreis\u201c f\u00fcr KMU\"}]},{\"@type\":\"WebSite\",\"@id\":\"https:\\\/\\\/www.organisator.ch\\\/#website\",\"url\":\"https:\\\/\\\/www.organisator.ch\\\/\",\"name\":\"Organisator\",\"description\":\"Kompetent. Praxisnah. Der ORGANISATOR bereitet in 10 Ausgaben pro Jahr die wesentlichen Themen f\u00fcr F\u00fchrungskr\u00e4fte von KMU auf.\",\"publisher\":{\"@id\":\"https:\\\/\\\/www.organisator.ch\\\/#organization\"},\"potentialAction\":[{\"@type\":\"SearchAction\",\"target\":{\"@type\":\"EntryPoint\",\"urlTemplate\":\"https:\\\/\\\/www.organisator.ch\\\/?s={search_term_string}\"},\"query-input\":{\"@type\":\"PropertyValueSpecification\",\"valueRequired\":true,\"valueName\":\"search_term_string\"}}],\"inLanguage\":\"it-IT\"},{\"@type\":\"Organization\",\"@id\":\"https:\\\/\\\/www.organisator.ch\\\/#organization\",\"name\":\"Organisator\",\"url\":\"https:\\\/\\\/www.organisator.ch\\\/\",\"logo\":{\"@type\":\"ImageObject\",\"inLanguage\":\"it-IT\",\"@id\":\"https:\\\/\\\/www.organisator.ch\\\/#\\\/schema\\\/logo\\\/image\\\/\",\"url\":\"https:\\\/\\\/www.organisator.ch\\\/wp-content\\\/uploads\\\/2022\\\/01\\\/Logo_Organisator_Website.png\",\"contentUrl\":\"https:\\\/\\\/www.organisator.ch\\\/wp-content\\\/uploads\\\/2022\\\/01\\\/Logo_Organisator_Website.png\",\"width\":800,\"height\":77,\"caption\":\"Organisator\"},\"image\":{\"@id\":\"https:\\\/\\\/www.organisator.ch\\\/#\\\/schema\\\/logo\\\/image\\\/\"},\"sameAs\":[\"https:\\\/\\\/www.facebook.com\\\/OrganisatorFachmagazin\",\"https:\\\/\\\/www.linkedin.com\\\/showcase\\\/organisator-das-magazin-fr-kmu\",\"https:\\\/\\\/www.xing.com\\\/news\\\/pages\\\/organisator-ch-695\",\"https:\\\/\\\/www.youtube.com\\\/channel\\\/UCGP2Sq0iWaZwT3BdIAQFYpw\"]},{\"@type\":\"Person\",\"@id\":\"https:\\\/\\\/www.organisator.ch\\\/#\\\/schema\\\/person\\\/aa2bace6c5c5aad60102004a50c4eb1c\",\"name\":\"admin\",\"image\":{\"@type\":\"ImageObject\",\"inLanguage\":\"it-IT\",\"@id\":\"https:\\\/\\\/secure.gravatar.com\\\/avatar\\\/ae2f4d718e6c49043e314ce431e7e645d646302a24a5ef5a8bc8e3f5a032e319?s=96&d=mm&r=g\",\"url\":\"https:\\\/\\\/secure.gravatar.com\\\/avatar\\\/ae2f4d718e6c49043e314ce431e7e645d646302a24a5ef5a8bc8e3f5a032e319?s=96&d=mm&r=g\",\"contentUrl\":\"https:\\\/\\\/secure.gravatar.com\\\/avatar\\\/ae2f4d718e6c49043e314ce431e7e645d646302a24a5ef5a8bc8e3f5a032e319?s=96&d=mm&r=g\",\"caption\":\"admin\"},\"sameAs\":[\"https:\\\/\\\/www.organisator.ch\"],\"url\":\"https:\\\/\\\/www.organisator.ch\\\/it\\\/author\\\/admin\\\/\"}]}<\/script>\n<!-- \/ Yoast SEO plugin. -->","yoast_head_json":{"title":"Winterthur promuove il \"Premio per la creazione di posti di lavoro\" per le PMI - Organizzatore","description":"In futuro, l'annuale \"Premio per la creazione di posti di lavoro\", organizzato dal Dipartimento per la promozione delle localit\u00e0, sar\u00e0 integrato nell'evento del Forum PMI della Regione di Winterthur.","robots":{"index":"index","follow":"follow","max-snippet":"max-snippet:-1","max-image-preview":"max-image-preview:large","max-video-preview":"max-video-preview:-1"},"canonical":"https:\/\/www.organisator.ch\/it\/generale\/2016-02-22\/winterthur-foerdert-stellenschafferpreis-fuer-kmu\/","og_locale":"it_IT","og_type":"article","og_title":"Winterthur f\u00f6rdert \u201eStellenschafferpreis\u201c f\u00fcr KMU","og_description":"In Zukunft wird der j\u00e4hrlich von der Standortf\u00f6rderung Region Winterthur organisierte \u201eStellenschafferpreis\u201c in die erfolgreiche Veranstaltung KMU-Forum Region Winterthur integriert. F\u00fcr die Teilnahme am Wettbewerb \u00e4ndert sich neben der zus\u00e4tzlichen Aufmerksamkeit der Stichtag f\u00fcr die Anmeldung.","og_url":"https:\/\/www.organisator.ch\/it\/generale\/2016-02-22\/winterthur-foerdert-stellenschafferpreis-fuer-kmu\/","og_site_name":"Organisator","article_publisher":"https:\/\/www.facebook.com\/OrganisatorFachmagazin","article_published_time":"2016-02-22T15:08:42+00:00","author":"admin","twitter_card":"summary_large_image","twitter_image":"https:\/\/www.organisator.ch\/wp-content\/uploads\/2016\/12\/Winterthur-foerdert-\u201eStellenschafferpreis-fuer-KMU-organisator.jpg","schema":{"@context":"https:\/\/schema.org","@graph":[{"@type":"Article","@id":"https:\/\/www.organisator.ch\/en\/general\/2016-02-22\/winterthur-foerdert-stellenschafferpreis-fuer-kmu\/#article","isPartOf":{"@id":"https:\/\/www.organisator.ch\/en\/general\/2016-02-22\/winterthur-foerdert-stellenschafferpreis-fuer-kmu\/"},"author":{"name":"admin","@id":"https:\/\/www.organisator.ch\/#\/schema\/person\/aa2bace6c5c5aad60102004a50c4eb1c"},"headline":"Winterthur f\u00f6rdert \u201eStellenschafferpreis\u201c f\u00fcr KMU","datePublished":"2016-02-22T15:08:42+00:00","mainEntityOfPage":{"@id":"https:\/\/www.organisator.ch\/en\/general\/2016-02-22\/winterthur-foerdert-stellenschafferpreis-fuer-kmu\/"},"wordCount":244,"commentCount":0,"publisher":{"@id":"https:\/\/www.organisator.ch\/#organization"},"image":{"@id":"https:\/\/www.organisator.ch\/en\/general\/2016-02-22\/winterthur-foerdert-stellenschafferpreis-fuer-kmu\/#primaryimage"},"thumbnailUrl":"https:\/\/www.organisator.ch\/wp-content\/uploads\/2016\/12\/Winterthur-foerdert-\u201eStellenschafferpreis-fuer-KMU-organisator.jpg","keywords":["Unternehmen"],"articleSection":["Allgemein"],"inLanguage":"it-IT"},{"@type":"WebPage","@id":"https:\/\/www.organisator.ch\/en\/general\/2016-02-22\/winterthur-foerdert-stellenschafferpreis-fuer-kmu\/","url":"https:\/\/www.organisator.ch\/en\/general\/2016-02-22\/winterthur-foerdert-stellenschafferpreis-fuer-kmu\/","name":"Winterthur promuove il \"Premio per la creazione di posti di lavoro\" per le PMI - Organizzatore","isPartOf":{"@id":"https:\/\/www.organisator.ch\/#website"},"primaryImageOfPage":{"@id":"https:\/\/www.organisator.ch\/en\/general\/2016-02-22\/winterthur-foerdert-stellenschafferpreis-fuer-kmu\/#primaryimage"},"image":{"@id":"https:\/\/www.organisator.ch\/en\/general\/2016-02-22\/winterthur-foerdert-stellenschafferpreis-fuer-kmu\/#primaryimage"},"thumbnailUrl":"https:\/\/www.organisator.ch\/wp-content\/uploads\/2016\/12\/Winterthur-foerdert-\u201eStellenschafferpreis-fuer-KMU-organisator.jpg","datePublished":"2016-02-22T15:08:42+00:00","description":"In futuro, l'annuale \"Premio per la creazione di posti di lavoro\", organizzato dal Dipartimento per la promozione delle localit\u00e0, sar\u00e0 integrato nell'evento del Forum PMI della Regione di Winterthur.","breadcrumb":{"@id":"https:\/\/www.organisator.ch\/en\/general\/2016-02-22\/winterthur-foerdert-stellenschafferpreis-fuer-kmu\/#breadcrumb"},"inLanguage":"it-IT","potentialAction":[{"@type":"ReadAction","target":["https:\/\/www.organisator.ch\/en\/general\/2016-02-22\/winterthur-foerdert-stellenschafferpreis-fuer-kmu\/"]}]},{"@type":"ImageObject","inLanguage":"it-IT","@id":"https:\/\/www.organisator.ch\/en\/general\/2016-02-22\/winterthur-foerdert-stellenschafferpreis-fuer-kmu\/#primaryimage","url":"https:\/\/www.organisator.ch\/wp-content\/uploads\/2016\/12\/Winterthur-foerdert-\u201eStellenschafferpreis-fuer-KMU-organisator.jpg","contentUrl":"https:\/\/www.organisator.ch\/wp-content\/uploads\/2016\/12\/Winterthur-foerdert-\u201eStellenschafferpreis-fuer-KMU-organisator.jpg","width":970,"height":644},{"@type":"BreadcrumbList","@id":"https:\/\/www.organisator.ch\/en\/general\/2016-02-22\/winterthur-foerdert-stellenschafferpreis-fuer-kmu\/#breadcrumb","itemListElement":[{"@type":"ListItem","position":1,"name":"Home","item":"https:\/\/www.organisator.ch\/"},{"@type":"ListItem","position":2,"name":"Winterthur f\u00f6rdert \u201eStellenschafferpreis\u201c f\u00fcr KMU"}]},{"@type":"WebSite","@id":"https:\/\/www.organisator.ch\/#website","url":"https:\/\/www.organisator.ch\/","name":"Organizzatore","description":"Competente. Pratico. In 10 numeri all'anno, ORGANISATOR presenta i temi essenziali per i manager delle PMI.","publisher":{"@id":"https:\/\/www.organisator.ch\/#organization"},"potentialAction":[{"@type":"SearchAction","target":{"@type":"EntryPoint","urlTemplate":"https:\/\/www.organisator.ch\/?s={search_term_string}"},"query-input":{"@type":"PropertyValueSpecification","valueRequired":true,"valueName":"search_term_string"}}],"inLanguage":"it-IT"},{"@type":"Organization","@id":"https:\/\/www.organisator.ch\/#organization","name":"Organizzatore","url":"https:\/\/www.organisator.ch\/","logo":{"@type":"ImageObject","inLanguage":"it-IT","@id":"https:\/\/www.organisator.ch\/#\/schema\/logo\/image\/","url":"https:\/\/www.organisator.ch\/wp-content\/uploads\/2022\/01\/Logo_Organisator_Website.png","contentUrl":"https:\/\/www.organisator.ch\/wp-content\/uploads\/2022\/01\/Logo_Organisator_Website.png","width":800,"height":77,"caption":"Organisator"},"image":{"@id":"https:\/\/www.organisator.ch\/#\/schema\/logo\/image\/"},"sameAs":["https:\/\/www.facebook.com\/OrganisatorFachmagazin","https:\/\/www.linkedin.com\/showcase\/organisator-das-magazin-fr-kmu","https:\/\/www.xing.com\/news\/pages\/organisator-ch-695","https:\/\/www.youtube.com\/channel\/UCGP2Sq0iWaZwT3BdIAQFYpw"]},{"@type":"Person","@id":"https:\/\/www.organisator.ch\/#\/schema\/person\/aa2bace6c5c5aad60102004a50c4eb1c","name":"amministratore","image":{"@type":"ImageObject","inLanguage":"it-IT","@id":"https:\/\/secure.gravatar.com\/avatar\/ae2f4d718e6c49043e314ce431e7e645d646302a24a5ef5a8bc8e3f5a032e319?s=96&d=mm&r=g","url":"https:\/\/secure.gravatar.com\/avatar\/ae2f4d718e6c49043e314ce431e7e645d646302a24a5ef5a8bc8e3f5a032e319?s=96&d=mm&r=g","contentUrl":"https:\/\/secure.gravatar.com\/avatar\/ae2f4d718e6c49043e314ce431e7e645d646302a24a5ef5a8bc8e3f5a032e319?s=96&d=mm&r=g","caption":"admin"},"sameAs":["https:\/\/www.organisator.ch"],"url":"https:\/\/www.organisator.ch\/it\/author\/admin\/"}]}},"_links":{"self":[{"href":"https:\/\/www.organisator.ch\/it\/wp-json\/wp\/v2\/posts\/143","targetHints":{"allow":["GET"]}}],"collection":[{"href":"https:\/\/www.organisator.ch\/it\/wp-json\/wp\/v2\/posts"}],"about":[{"href":"https:\/\/www.organisator.ch\/it\/wp-json\/wp\/v2\/types\/post"}],"author":[{"embeddable":true,"href":"https:\/\/www.organisator.ch\/it\/wp-json\/wp\/v2\/users\/1"}],"replies":[{"embeddable":true,"href":"https:\/\/www.organisator.ch\/it\/wp-json\/wp\/v2\/comments?post=143"}],"version-history":[{"count":0,"href":"https:\/\/www.organisator.ch\/it\/wp-json\/wp\/v2\/posts\/143\/revisions"}],"wp:featuredmedia":[{"embeddable":true,"href":"https:\/\/www.organisator.ch\/it\/wp-json\/wp\/v2\/media\/144"}],"wp:attachment":[{"href":"https:\/\/www.organisator.ch\/it\/wp-json\/wp\/v2\/media?parent=143"}],"wp:term":[{"taxonomy":"category","embeddable":true,"href":"https:\/\/www.organisator.ch\/it\/wp-json\/wp\/v2\/categories?post=143"},{"taxonomy":"post_tag","embeddable":true,"href":"https:\/\/www.organisator.ch\/it\/wp-json\/wp\/v2\/tags?post=143"}],"curies":[{"name":"wp","href":"https:\/\/api.w.org\/{rel}","templated":true}]}}