{"id":1434,"date":"2018-01-11T14:47:06","date_gmt":"2018-01-11T13:47:06","guid":{"rendered":"https:\/\/www.umweltperspektiven.ch\/?p=1434"},"modified":"2022-02-09T11:06:19","modified_gmt":"2022-02-09T10:06:19","slug":"1434-2","status":"publish","type":"post","link":"https:\/\/www.organisator.ch\/it\/sustainability\/2018-01-11\/1434-2\/","title":{"rendered":"Watt d'Or: l'autobus elettrico svizzero con \"ricarica turbo\" vince il premio"},"content":{"rendered":"<figure id=\"attachment_1437\" aria-describedby=\"caption-attachment-1437\" style=\"width: 939px\" class=\"wp-caption alignnone\"><img loading=\"lazy\" decoding=\"async\" class=\"wp-image-1437\" src=\"\/\/www.umweltperspektiven.ch\/wp-content\/uploads\/2018\/01\/bild_s8.jpg\" alt=\"\" width=\"939\" height=\"528\" srcset=\"https:\/\/www.organisator.ch\/wp-content\/uploads\/2018\/01\/bild_s8.jpg 624w, https:\/\/www.organisator.ch\/wp-content\/uploads\/2018\/01\/bild_s8-18x10.jpg 18w, https:\/\/www.organisator.ch\/wp-content\/uploads\/2018\/01\/bild_s8-311x175.jpg 311w, https:\/\/www.organisator.ch\/wp-content\/uploads\/2018\/01\/bild_s8-622x350.jpg 622w, https:\/\/www.organisator.ch\/wp-content\/uploads\/2018\/01\/bild_s8-300x169.jpg 300w\" sizes=\"auto, (max-width: 939px) 100vw, 939px\" \/><figcaption id=\"caption-attachment-1437\" class=\"wp-caption-text\">L'autobus elettrico \"Tosa\" non ha bisogno di una linea aerea. Ricarica le sue batterie in pochi secondi nelle stazioni selezionate. (Immagine: EPFL)<\/figcaption><\/figure>\n<p>Watt d'Or pubblicizza \"risultati eccezionali nel settore dell'energia\". Tuttavia, i vincitori non ricevono alcun premio in denaro. \"Tosa\" \u00e8 il vincitore nella categoria \"Mobilit\u00e0 ad alta efficienza energetica\". L'autobus elettrico, che non ha bisogno di fili aerei e pu\u00f2 caricare le sue batterie in pochi secondi alle fermate selezionate (vedi grafico), \u00e8 in uso sulla linea 23 a Ginevra dal dicembre 2017.<\/p>\n<p>L'Ufficio federale dell'energia lo definisce un'\"innovazione pionieristica\". I vincitori del premio sono: ABB insieme a Transports Publics Genevois (tpg), Office de Promotion des Industries et des Technologies (OPI), Services Industriels de Gen\u00e8ve (SIG) e Carrosserie Hess. I vincitori delle altre categorie sono elencati qui sotto:<\/p>\n<p><em>- Lampioni che rispondono al traffico<\/em><\/p>\n<p>Anche un nuovo tipo di sistema di controllo dell'illuminazione per i lampioni ha ricevuto un premio. Grazie alla tecnologia dei sensori intelligenti, questi possono essere adattati dolcemente e delicatamente al volume del traffico. L'illuminazione per il monitoraggio del traffico risparmia fino al 70% di energia, a seconda della situazione. (Premiati: Azienda elettrica del Cantone di Zurigo, Schr\u00e9der Swiss SA. Categoria: Tecnologie energetiche)<\/p>\n<p><em>- Rifiuti che \"pesta l'acceleratore<\/em><\/p>\n<p>Il biogas dai rifiuti \u00e8 una preziosa fonte di energia. Finora, il biogas grezzo doveva essere trattato con grandi spese per separare la CO2 che contiene. Una nuova tecnologia di metanazione diretta rende questo non necessario e aumenta il rendimento del bio-metano del 60%. (Vincitori del premio: Paul Scherrer Institute PSI e Energy 360\u00b0. Categoria: Energie rinnovabili)<\/p>\n<p><em>- Conversione nello stile del \"futuro architettonico<\/em><\/p>\n<p>Un nuovo progetto di costruzione e conversione nella Hohlstrasse 100 a Zurigo \u00e8 stato premiato. Qui sono state usate \"soluzioni innovative\", come nota l'Ufficio federale dell'energia. Questi includono elementi prefabbricati in legno isolati con il materiale isolante ad alte prestazioni Aerogel. Questi permettono di avere una facciata esterna molto sottile e quindi di massimizzare la superficie interna utilizzabile.<\/p>\n<p>Inoltre, il vetro isolante sottovuoto verrebbe utilizzato per la prima volta in Svizzera come vetro standard. (Vincitore del premio: Dietrich Schwarz Architekten AG. Categoria: Edifici e spazio)<\/p>\n<p><em>- Ottimizzazione energetica come servizio<\/em><\/p>\n<p>Il programma \"\u00e9co21\" dei Services industriels de Gen\u00e8ve ha dichiarato guerra allo spreco di energia causato da sistemi di riscaldamento mal regolati. Con i contratti di ottimizzazione energetica, i proprietari di edifici e gli amministratori di immobili possono garantire il funzionamento ottimale dei loro sistemi di riscaldamento. Questo \u00e8 un servizio unico in Svizzera. Dal 2014, il programma ha permesso un risparmio energetico di 20 GWh e ha ridotto le emissioni di CO2 di 4400 tonnellate. (Premiati: Services industriels de Gen\u00e8ve, \u00e9co21 ed energo. Categoria: Premio speciale Efficienza energetica)<\/p>\n<p>&nbsp;<\/p>\n<p><em>Potete trovare maggiori informazioni sul Watt d'Or 2018 in questo <\/em><a href=\"\/\/www.bfe.admin.ch\/org\/00483\/00638\/01724\/06978\/index.html?lang=de\"><em>Link<\/em> <\/a><\/p>\n<p>&nbsp;<\/p>\n<p>&nbsp;<\/p>","protected":false},"excerpt":{"rendered":"<p>Watt d&#8217;Or macht &#8222;aussergew\u00f6hnliche Leistungen im Energiebereich&#8220; bekannt. Ein Preisgeld erhalten die Ausgezeichneten jedoch nicht. &#8222;Tosa&#8220; heisst der Sieger in der Kategorie &#8222;Energieeffiziente Mobilit\u00e4t&#8220;. Der elektrische Bus, der keine Fahrleitungen braucht und seine Batterien an ausgew\u00e4hlten Haltestellen innert Sekunden aufladen kann (siehe Grafik) ist seit Dezember 2017 auf der Linie 23 in Genf im Einsatz. [&hellip;]<\/p>\n","protected":false},"author":5,"featured_media":1437,"comment_status":"open","ping_status":"open","sticky":false,"template":"","format":"standard","meta":{"_acf_changed":false,"_yoast_wpseo_focuskw":"Watt d'Or","_yoast_wpseo_metadesc":"Der renommierte Schweizer Preis \"Watt d\u2019Or\" zeichnet in vier Kategorien und einem Spezialpreis grossartige und innovative Leistungen im Energieumfeld aus.","articlekey":"","footnotes":""},"categories":[580],"tags":[65,1005,1065,2537],"class_list":["post-1434","post","type-post","status-publish","format-standard","has-post-thumbnail","hentry","category-sustainability","tag-award","tag-e-mobiliaet","tag-energieeffizient","tag-watt-dor"],"acf":[],"yoast_head":"<!-- This site is optimized with the Yoast SEO plugin v27.4 - https:\/\/yoast.com\/product\/yoast-seo-wordpress\/ -->\n<title>Watt d&#039;Or: Schweizer Elektrobus mit &quot;Turboladung&quot; ausgezeichnet - Organisator<\/title>\n<meta name=\"description\" content=\"Der renommierte Schweizer Preis &quot;Watt d\u2019Or&quot; zeichnet in vier Kategorien und einem Spezialpreis grossartige und innovative Leistungen im Energieumfeld aus.\" \/>\n<meta name=\"robots\" content=\"index, follow, max-snippet:-1, max-image-preview:large, max-video-preview:-1\" \/>\n<link rel=\"canonical\" href=\"https:\/\/www.organisator.ch\/it\/sostenibilita\/2018-01-11\/1434-2\/\" \/>\n<meta property=\"og:locale\" content=\"it_IT\" \/>\n<meta property=\"og:type\" content=\"article\" \/>\n<meta property=\"og:title\" content=\"Watt d&#039;Or: Schweizer Elektrobus mit &quot;Turboladung&quot; ausgezeichnet - Organisator\" \/>\n<meta property=\"og:description\" content=\"Der renommierte Schweizer Preis &quot;Watt d\u2019Or&quot; zeichnet in vier Kategorien und einem Spezialpreis grossartige und innovative Leistungen im Energieumfeld aus.\" \/>\n<meta property=\"og:url\" content=\"https:\/\/www.organisator.ch\/it\/sostenibilita\/2018-01-11\/1434-2\/\" \/>\n<meta property=\"og:site_name\" content=\"Organisator\" \/>\n<meta property=\"article:publisher\" content=\"https:\/\/www.facebook.com\/OrganisatorFachmagazin\" \/>\n<meta property=\"article:published_time\" content=\"2018-01-11T13:47:06+00:00\" \/>\n<meta property=\"article:modified_time\" content=\"2022-02-09T10:06:19+00:00\" \/>\n<meta property=\"og:image\" content=\"https:\/\/www.organisator.ch\/wp-content\/uploads\/2018\/01\/bild_s8.jpg\" \/>\n\t<meta property=\"og:image:width\" content=\"624\" \/>\n\t<meta property=\"og:image:height\" content=\"351\" \/>\n\t<meta property=\"og:image:type\" content=\"image\/jpeg\" \/>\n<meta name=\"author\" content=\"michael.merz\" \/>\n<meta name=\"twitter:card\" content=\"summary_large_image\" \/>\n<script type=\"application\/ld+json\" class=\"yoast-schema-graph\">{\"@context\":\"https:\\\/\\\/schema.org\",\"@graph\":[{\"@type\":\"Article\",\"@id\":\"https:\\\/\\\/www.organisator.ch\\\/sustainability\\\/2018-01-11\\\/1434-2\\\/#article\",\"isPartOf\":{\"@id\":\"https:\\\/\\\/www.organisator.ch\\\/sustainability\\\/2018-01-11\\\/1434-2\\\/\"},\"author\":{\"name\":\"michael.merz\",\"@id\":\"https:\\\/\\\/www.organisator.ch\\\/#\\\/schema\\\/person\\\/134708ca9321c57b0362cceb7948ffbd\"},\"headline\":\"Watt d&#8217;Or: Schweizer Elektrobus mit &#8222;Turboladung&#8220; ausgezeichnet\",\"datePublished\":\"2018-01-11T13:47:06+00:00\",\"dateModified\":\"2022-02-09T10:06:19+00:00\",\"mainEntityOfPage\":{\"@id\":\"https:\\\/\\\/www.organisator.ch\\\/sustainability\\\/2018-01-11\\\/1434-2\\\/\"},\"wordCount\":436,\"commentCount\":0,\"publisher\":{\"@id\":\"https:\\\/\\\/www.organisator.ch\\\/#organization\"},\"image\":{\"@id\":\"https:\\\/\\\/www.organisator.ch\\\/sustainability\\\/2018-01-11\\\/1434-2\\\/#primaryimage\"},\"thumbnailUrl\":\"https:\\\/\\\/www.organisator.ch\\\/wp-content\\\/uploads\\\/2018\\\/01\\\/bild_s8.jpg\",\"keywords\":[\"Award\",\"E-Mobili\u00e4t\",\"energieeffizient\",\"Watt d'Or\"],\"articleSection\":[\"SUSTAINABILITY\"],\"inLanguage\":\"it-IT\"},{\"@type\":\"WebPage\",\"@id\":\"https:\\\/\\\/www.organisator.ch\\\/sustainability\\\/2018-01-11\\\/1434-2\\\/\",\"url\":\"https:\\\/\\\/www.organisator.ch\\\/sustainability\\\/2018-01-11\\\/1434-2\\\/\",\"name\":\"Watt d'Or: Schweizer Elektrobus mit \\\"Turboladung\\\" ausgezeichnet - Organisator\",\"isPartOf\":{\"@id\":\"https:\\\/\\\/www.organisator.ch\\\/#website\"},\"primaryImageOfPage\":{\"@id\":\"https:\\\/\\\/www.organisator.ch\\\/sustainability\\\/2018-01-11\\\/1434-2\\\/#primaryimage\"},\"image\":{\"@id\":\"https:\\\/\\\/www.organisator.ch\\\/sustainability\\\/2018-01-11\\\/1434-2\\\/#primaryimage\"},\"thumbnailUrl\":\"https:\\\/\\\/www.organisator.ch\\\/wp-content\\\/uploads\\\/2018\\\/01\\\/bild_s8.jpg\",\"datePublished\":\"2018-01-11T13:47:06+00:00\",\"dateModified\":\"2022-02-09T10:06:19+00:00\",\"description\":\"Der renommierte Schweizer Preis \\\"Watt d\u2019Or\\\" zeichnet in vier Kategorien und einem Spezialpreis grossartige und innovative Leistungen im Energieumfeld aus.\",\"breadcrumb\":{\"@id\":\"https:\\\/\\\/www.organisator.ch\\\/sustainability\\\/2018-01-11\\\/1434-2\\\/#breadcrumb\"},\"inLanguage\":\"it-IT\",\"potentialAction\":[{\"@type\":\"ReadAction\",\"target\":[\"https:\\\/\\\/www.organisator.ch\\\/sustainability\\\/2018-01-11\\\/1434-2\\\/\"]}]},{\"@type\":\"ImageObject\",\"inLanguage\":\"it-IT\",\"@id\":\"https:\\\/\\\/www.organisator.ch\\\/sustainability\\\/2018-01-11\\\/1434-2\\\/#primaryimage\",\"url\":\"https:\\\/\\\/www.organisator.ch\\\/wp-content\\\/uploads\\\/2018\\\/01\\\/bild_s8.jpg\",\"contentUrl\":\"https:\\\/\\\/www.organisator.ch\\\/wp-content\\\/uploads\\\/2018\\\/01\\\/bild_s8.jpg\",\"width\":624,\"height\":351,\"caption\":\"Der Elektrobus \\\"Tosa\\\" kommt ohne Fahrleitung aus. Er l\u00e4dt seine Batterien an ausgew\u00e4hlten Stationen in Sekundenschnelle wieder auf. (Bild: EPFL)\"},{\"@type\":\"BreadcrumbList\",\"@id\":\"https:\\\/\\\/www.organisator.ch\\\/sustainability\\\/2018-01-11\\\/1434-2\\\/#breadcrumb\",\"itemListElement\":[{\"@type\":\"ListItem\",\"position\":1,\"name\":\"Home\",\"item\":\"https:\\\/\\\/www.organisator.ch\\\/\"},{\"@type\":\"ListItem\",\"position\":2,\"name\":\"Watt d&#8217;Or: Schweizer Elektrobus mit &#8222;Turboladung&#8220; ausgezeichnet\"}]},{\"@type\":\"WebSite\",\"@id\":\"https:\\\/\\\/www.organisator.ch\\\/#website\",\"url\":\"https:\\\/\\\/www.organisator.ch\\\/\",\"name\":\"Organisator\",\"description\":\"Kompetent. Praxisnah. Der ORGANISATOR bereitet in 10 Ausgaben pro Jahr die wesentlichen Themen f\u00fcr F\u00fchrungskr\u00e4fte von KMU auf.\",\"publisher\":{\"@id\":\"https:\\\/\\\/www.organisator.ch\\\/#organization\"},\"potentialAction\":[{\"@type\":\"SearchAction\",\"target\":{\"@type\":\"EntryPoint\",\"urlTemplate\":\"https:\\\/\\\/www.organisator.ch\\\/?s={search_term_string}\"},\"query-input\":{\"@type\":\"PropertyValueSpecification\",\"valueRequired\":true,\"valueName\":\"search_term_string\"}}],\"inLanguage\":\"it-IT\"},{\"@type\":\"Organization\",\"@id\":\"https:\\\/\\\/www.organisator.ch\\\/#organization\",\"name\":\"Organisator\",\"url\":\"https:\\\/\\\/www.organisator.ch\\\/\",\"logo\":{\"@type\":\"ImageObject\",\"inLanguage\":\"it-IT\",\"@id\":\"https:\\\/\\\/www.organisator.ch\\\/#\\\/schema\\\/logo\\\/image\\\/\",\"url\":\"https:\\\/\\\/www.organisator.ch\\\/wp-content\\\/uploads\\\/2022\\\/01\\\/Logo_Organisator_Website.png\",\"contentUrl\":\"https:\\\/\\\/www.organisator.ch\\\/wp-content\\\/uploads\\\/2022\\\/01\\\/Logo_Organisator_Website.png\",\"width\":800,\"height\":77,\"caption\":\"Organisator\"},\"image\":{\"@id\":\"https:\\\/\\\/www.organisator.ch\\\/#\\\/schema\\\/logo\\\/image\\\/\"},\"sameAs\":[\"https:\\\/\\\/www.facebook.com\\\/OrganisatorFachmagazin\",\"https:\\\/\\\/www.linkedin.com\\\/showcase\\\/organisator-das-magazin-fr-kmu\",\"https:\\\/\\\/www.xing.com\\\/news\\\/pages\\\/organisator-ch-695\",\"https:\\\/\\\/www.youtube.com\\\/channel\\\/UCGP2Sq0iWaZwT3BdIAQFYpw\"]},{\"@type\":\"Person\",\"@id\":\"https:\\\/\\\/www.organisator.ch\\\/#\\\/schema\\\/person\\\/134708ca9321c57b0362cceb7948ffbd\",\"name\":\"michael.merz\",\"image\":{\"@type\":\"ImageObject\",\"inLanguage\":\"it-IT\",\"@id\":\"https:\\\/\\\/secure.gravatar.com\\\/avatar\\\/?s=96&d=mm&r=g\",\"url\":\"https:\\\/\\\/secure.gravatar.com\\\/avatar\\\/?s=96&d=mm&r=g\",\"contentUrl\":\"https:\\\/\\\/secure.gravatar.com\\\/avatar\\\/?s=96&d=mm&r=g\",\"caption\":\"michael.merz\"},\"url\":\"https:\\\/\\\/www.organisator.ch\\\/it\\\/author\\\/michael-merz\\\/\"}]}<\/script>\n<!-- \/ Yoast SEO plugin. -->","yoast_head_json":{"title":"Watt d'Or: premiato l'autobus elettrico svizzero con \"turbocompressore\" - Organizzatore","description":"Il rinomato premio svizzero \"Watt d'Or\" premia i grandi risultati innovativi nel settore dell'energia in quattro categorie e un premio speciale.","robots":{"index":"index","follow":"follow","max-snippet":"max-snippet:-1","max-image-preview":"max-image-preview:large","max-video-preview":"max-video-preview:-1"},"canonical":"https:\/\/www.organisator.ch\/it\/sostenibilita\/2018-01-11\/1434-2\/","og_locale":"it_IT","og_type":"article","og_title":"Watt d'Or: Schweizer Elektrobus mit \"Turboladung\" ausgezeichnet - Organisator","og_description":"Der renommierte Schweizer Preis \"Watt d\u2019Or\" zeichnet in vier Kategorien und einem Spezialpreis grossartige und innovative Leistungen im Energieumfeld aus.","og_url":"https:\/\/www.organisator.ch\/it\/sostenibilita\/2018-01-11\/1434-2\/","og_site_name":"Organisator","article_publisher":"https:\/\/www.facebook.com\/OrganisatorFachmagazin","article_published_time":"2018-01-11T13:47:06+00:00","article_modified_time":"2022-02-09T10:06:19+00:00","og_image":[{"width":624,"height":351,"url":"https:\/\/www.organisator.ch\/wp-content\/uploads\/2018\/01\/bild_s8.jpg","type":"image\/jpeg"}],"author":"michael.merz","twitter_card":"summary_large_image","schema":{"@context":"https:\/\/schema.org","@graph":[{"@type":"Article","@id":"https:\/\/www.organisator.ch\/sustainability\/2018-01-11\/1434-2\/#article","isPartOf":{"@id":"https:\/\/www.organisator.ch\/sustainability\/2018-01-11\/1434-2\/"},"author":{"name":"michael.merz","@id":"https:\/\/www.organisator.ch\/#\/schema\/person\/134708ca9321c57b0362cceb7948ffbd"},"headline":"Watt d&#8217;Or: Schweizer Elektrobus mit &#8222;Turboladung&#8220; ausgezeichnet","datePublished":"2018-01-11T13:47:06+00:00","dateModified":"2022-02-09T10:06:19+00:00","mainEntityOfPage":{"@id":"https:\/\/www.organisator.ch\/sustainability\/2018-01-11\/1434-2\/"},"wordCount":436,"commentCount":0,"publisher":{"@id":"https:\/\/www.organisator.ch\/#organization"},"image":{"@id":"https:\/\/www.organisator.ch\/sustainability\/2018-01-11\/1434-2\/#primaryimage"},"thumbnailUrl":"https:\/\/www.organisator.ch\/wp-content\/uploads\/2018\/01\/bild_s8.jpg","keywords":["Award","E-Mobili\u00e4t","energieeffizient","Watt d'Or"],"articleSection":["SUSTAINABILITY"],"inLanguage":"it-IT"},{"@type":"WebPage","@id":"https:\/\/www.organisator.ch\/sustainability\/2018-01-11\/1434-2\/","url":"https:\/\/www.organisator.ch\/sustainability\/2018-01-11\/1434-2\/","name":"Watt d'Or: premiato l'autobus elettrico svizzero con \"turbocompressore\" - Organizzatore","isPartOf":{"@id":"https:\/\/www.organisator.ch\/#website"},"primaryImageOfPage":{"@id":"https:\/\/www.organisator.ch\/sustainability\/2018-01-11\/1434-2\/#primaryimage"},"image":{"@id":"https:\/\/www.organisator.ch\/sustainability\/2018-01-11\/1434-2\/#primaryimage"},"thumbnailUrl":"https:\/\/www.organisator.ch\/wp-content\/uploads\/2018\/01\/bild_s8.jpg","datePublished":"2018-01-11T13:47:06+00:00","dateModified":"2022-02-09T10:06:19+00:00","description":"Il rinomato premio svizzero \"Watt d'Or\" premia i grandi risultati innovativi nel settore dell'energia in quattro categorie e un premio speciale.","breadcrumb":{"@id":"https:\/\/www.organisator.ch\/sustainability\/2018-01-11\/1434-2\/#breadcrumb"},"inLanguage":"it-IT","potentialAction":[{"@type":"ReadAction","target":["https:\/\/www.organisator.ch\/sustainability\/2018-01-11\/1434-2\/"]}]},{"@type":"ImageObject","inLanguage":"it-IT","@id":"https:\/\/www.organisator.ch\/sustainability\/2018-01-11\/1434-2\/#primaryimage","url":"https:\/\/www.organisator.ch\/wp-content\/uploads\/2018\/01\/bild_s8.jpg","contentUrl":"https:\/\/www.organisator.ch\/wp-content\/uploads\/2018\/01\/bild_s8.jpg","width":624,"height":351,"caption":"Der Elektrobus \"Tosa\" kommt ohne Fahrleitung aus. Er l\u00e4dt seine Batterien an ausgew\u00e4hlten Stationen in Sekundenschnelle wieder auf. (Bild: EPFL)"},{"@type":"BreadcrumbList","@id":"https:\/\/www.organisator.ch\/sustainability\/2018-01-11\/1434-2\/#breadcrumb","itemListElement":[{"@type":"ListItem","position":1,"name":"Home","item":"https:\/\/www.organisator.ch\/"},{"@type":"ListItem","position":2,"name":"Watt d&#8217;Or: Schweizer Elektrobus mit &#8222;Turboladung&#8220; ausgezeichnet"}]},{"@type":"WebSite","@id":"https:\/\/www.organisator.ch\/#website","url":"https:\/\/www.organisator.ch\/","name":"Organizzatore","description":"Competente. Pratico. In 10 numeri all'anno, ORGANISATOR presenta i temi essenziali per i manager delle PMI.","publisher":{"@id":"https:\/\/www.organisator.ch\/#organization"},"potentialAction":[{"@type":"SearchAction","target":{"@type":"EntryPoint","urlTemplate":"https:\/\/www.organisator.ch\/?s={search_term_string}"},"query-input":{"@type":"PropertyValueSpecification","valueRequired":true,"valueName":"search_term_string"}}],"inLanguage":"it-IT"},{"@type":"Organization","@id":"https:\/\/www.organisator.ch\/#organization","name":"Organizzatore","url":"https:\/\/www.organisator.ch\/","logo":{"@type":"ImageObject","inLanguage":"it-IT","@id":"https:\/\/www.organisator.ch\/#\/schema\/logo\/image\/","url":"https:\/\/www.organisator.ch\/wp-content\/uploads\/2022\/01\/Logo_Organisator_Website.png","contentUrl":"https:\/\/www.organisator.ch\/wp-content\/uploads\/2022\/01\/Logo_Organisator_Website.png","width":800,"height":77,"caption":"Organisator"},"image":{"@id":"https:\/\/www.organisator.ch\/#\/schema\/logo\/image\/"},"sameAs":["https:\/\/www.facebook.com\/OrganisatorFachmagazin","https:\/\/www.linkedin.com\/showcase\/organisator-das-magazin-fr-kmu","https:\/\/www.xing.com\/news\/pages\/organisator-ch-695","https:\/\/www.youtube.com\/channel\/UCGP2Sq0iWaZwT3BdIAQFYpw"]},{"@type":"Person","@id":"https:\/\/www.organisator.ch\/#\/schema\/person\/134708ca9321c57b0362cceb7948ffbd","name":"michael.merz","image":{"@type":"ImageObject","inLanguage":"it-IT","@id":"https:\/\/secure.gravatar.com\/avatar\/?s=96&d=mm&r=g","url":"https:\/\/secure.gravatar.com\/avatar\/?s=96&d=mm&r=g","contentUrl":"https:\/\/secure.gravatar.com\/avatar\/?s=96&d=mm&r=g","caption":"michael.merz"},"url":"https:\/\/www.organisator.ch\/it\/author\/michael-merz\/"}]}},"_links":{"self":[{"href":"https:\/\/www.organisator.ch\/it\/wp-json\/wp\/v2\/posts\/1434","targetHints":{"allow":["GET"]}}],"collection":[{"href":"https:\/\/www.organisator.ch\/it\/wp-json\/wp\/v2\/posts"}],"about":[{"href":"https:\/\/www.organisator.ch\/it\/wp-json\/wp\/v2\/types\/post"}],"author":[{"embeddable":true,"href":"https:\/\/www.organisator.ch\/it\/wp-json\/wp\/v2\/users\/5"}],"replies":[{"embeddable":true,"href":"https:\/\/www.organisator.ch\/it\/wp-json\/wp\/v2\/comments?post=1434"}],"version-history":[{"count":1,"href":"https:\/\/www.organisator.ch\/it\/wp-json\/wp\/v2\/posts\/1434\/revisions"}],"predecessor-version":[{"id":10573,"href":"https:\/\/www.organisator.ch\/it\/wp-json\/wp\/v2\/posts\/1434\/revisions\/10573"}],"wp:featuredmedia":[{"embeddable":true,"href":"https:\/\/www.organisator.ch\/it\/wp-json\/wp\/v2\/media\/1437"}],"wp:attachment":[{"href":"https:\/\/www.organisator.ch\/it\/wp-json\/wp\/v2\/media?parent=1434"}],"wp:term":[{"taxonomy":"category","embeddable":true,"href":"https:\/\/www.organisator.ch\/it\/wp-json\/wp\/v2\/categories?post=1434"},{"taxonomy":"post_tag","embeddable":true,"href":"https:\/\/www.organisator.ch\/it\/wp-json\/wp\/v2\/tags?post=1434"}],"curies":[{"name":"wp","href":"https:\/\/api.w.org\/{rel}","templated":true}]}}