{"id":1451,"date":"2018-01-23T17:04:59","date_gmt":"2018-01-23T16:04:59","guid":{"rendered":"https:\/\/www.umweltperspektiven.ch\/?p=1451"},"modified":"2022-02-09T11:10:10","modified_gmt":"2022-02-09T10:10:10","slug":"gemeinsam-fuer-einen-nachhaltigen-und-attraktiven-kakaosektor","status":"publish","type":"post","link":"https:\/\/www.organisator.ch\/it\/sustainability\/2018-01-23\/gemeinsam-fuer-einen-nachhaltigen-und-attraktiven-kakaosektor\/","title":{"rendered":"Industria svizzera del cacao: insieme per un cioccolato sostenibile"},"content":{"rendered":"<figure id=\"attachment_1452\" aria-describedby=\"caption-attachment-1452\" style=\"width: 680px\" class=\"wp-caption alignnone\"><img loading=\"lazy\" decoding=\"async\" class=\"size-medium wp-image-1452\" src=\"\/\/www.umweltperspektiven.ch\/wp-content\/uploads\/2018\/01\/Schweizer-Kakaobranche-Gemeinsam-f\u00fcr-nachhaltige-Schokolade-UP_Umwelt-Perspektiven.jpg\" alt=\"\" width=\"680\" height=\"453\" \/><figcaption id=\"caption-attachment-1452\" class=\"wp-caption-text\">La neonata Piattaforma del cacao \u00e8 impegnata in una stretta collaborazione con tutti i principali stakeholder del settore del cacao. (Copyright: Chocolats Halba)<\/figcaption><\/figure>\n<p>Oggi, 41 stakeholder del settore del cacao svizzero si sono uniti per formare l'associazione indipendente Piattaforma svizzera per il cacao sostenibile. La nuova associazione promuove la sostenibilit\u00e0 nel settore del cacao. Tra i membri fondatori figurano l'associazione di settore CHOCOSUISSE, i produttori, gli importatori e i commercianti di prodotti a base di cacao, i rivenditori svizzeri, la Segreteria di Stato per gli Affari Economici (SECO), le organizzazioni no-profit e gli istituti di ricerca. \"L'iniziativa congiunta del settore privato, del settore pubblico, della societ\u00e0 civile e degli istituti di ricerca \u00e8 un passo importante verso una catena del valore del cacao sostenibile\", afferma Ernst A. Brugger, presidente della Cocoa Platform.<\/p>\n<p><strong>Obiettivo: 80% di cacao sostenibile<\/strong><\/p>\n<p>I membri della Piattaforma del Cacao si sono posti un obiettivo ambizioso e vincolante: \"Entro il 2025, almeno 80% dei prodotti contenenti cacao importati in Svizzera proverranno da coltivazioni sostenibili\", afferma Walter Anderau, ex presidente dell'associazione industriale CHOCOSUISSE. \"Questo riguarda i semi di cacao, la massa, il burro e la polvere di cacao, nonch\u00e9 i prodotti finiti importati. E richiede che il cacao sia coltivato in modo compatibile dal punto di vista sociale, ecologico ed economico\". A lungo termine, l'intero flusso fisico di prodotti contenenti cacao in Svizzera dovrebbe provenire da coltivazioni sostenibili.<\/p>\n<p><strong>Progetti congiunti di sostenibilit\u00e0<\/strong><\/p>\n<p>Per raggiungere questo obiettivo, la Piattaforma del cacao promuove progetti comuni con un impatto misurabile. \"La nuova associazione mette in rete e rafforza gli sforzi del settore privato, del settore pubblico, della societ\u00e0 civile e degli istituti di ricerca per un cacao sostenibile\", afferma Esther Haldimann, responsabile dei servizi di consulenza di Helvetas e rappresentante del settore delle ONG nel consiglio di amministrazione appena eletto. \"La piattaforma utilizza le competenze dei suoi membri per sviluppare e implementare soluzioni innovative. Questa collaborazione rafforza le sinergie e consente un maggiore impatto\".<\/p>\n<p><strong>Ottenere miglioramenti misurabili<\/strong><\/p>\n<p>La piattaforma Cocoa mira a ottenere miglioramenti misurabili in modo tempestivo. Per questo motivo, concentra le sue attivit\u00e0 su aree in cui i suoi membri hanno una vasta esperienza e possono dare un contributo globale. Sono gi\u00e0 iniziati i lavori per lo sviluppo di soluzioni ad alcune delle questioni chiave nei gruppi di lavoro.<\/p>\n<p><strong>Un contributo agli Obiettivi di Sviluppo Sostenibile delle Nazioni Unite<\/strong><\/p>\n<p>Con la sua iniziativa per un settore del cacao sostenibile, la Piattaforma del Cacao, lanciata nel giugno 2017, intende contribuire agli Obiettivi di Sviluppo Sostenibile (SDGs) perseguiti dagli Stati membri delle Nazioni Unite e anche dalla Svizzera. \"Nel contesto dell'Agenda globale 2030, la nuova iniziativa pu\u00f2 contribuire a migliorare le condizioni di vita delle persone nei Paesi produttori e a preservare le risorse\", afferma la direttrice della SECO Marie-Gabrielle Ineichen-Fleisch. \"Un importante punto a favore della piattaforma del cacao \u00e8 la creazione di un quadro per una pi\u00f9 stretta collaborazione tra il settore privato e quello pubblico. In questo modo, la cooperazione allo sviluppo economico che stiamo portando avanti in diversi Paesi produttori di cacao pu\u00f2 avere un impatto maggiore\".<\/p>\n<p><strong>Forte rete internazionale<\/strong><\/p>\n<p>La Piattaforma del cacao \u00e8 impegnata in una stretta collaborazione con tutti i principali stakeholder del settore globale del cacao. Promuove il dialogo con le autorit\u00e0 e le organizzazioni locali dei Paesi produttori e coordina le proprie misure con le iniziative internazionali e nazionali. Il 19 gennaio, in occasione della Settimana verde internazionale di Berlino, la Piattaforma del cacao ha compiuto un altro passo importante verso la creazione di una rete internazionale: i rappresentanti delle iniziative per il cacao sostenibile di Germania, Francia, Paesi Bassi e Svizzera hanno deciso di collaborare strettamente.<\/p>\n<p>La Piattaforma svizzera per il cacao sostenibile e il Forum tedesco per il cacao sostenibile hanno firmato una dichiarazione d'intenti congiunta in occasione dell'evento di apertura per intensificare la loro cooperazione.<\/p>\n<p><em>I membri dell'associazione Piattaforma svizzera per il cacao sostenibile:<\/em><\/p>\n<p><em>\u00c8 possibile trovare la directory corrente <a href=\"\/\/www.kakaoplattform.ch\/kakaoplattform\/mitglieder\">qui\u00a0 <\/a><\/em><\/p>\n<p>&nbsp;<\/p>","protected":false},"excerpt":{"rendered":"<p>Heute haben sich 41 Akteure der Schweizer Kakaobranche zum eigenst\u00e4ndigen Verein Schweizer Plattform f\u00fcr Nachhaltigen Kakao zusammengeschlossen. Der neue Verein f\u00f6rdert die Nachhaltigkeit im Kakaobereich. Zu den Gr\u00fcndungsmitgliedern z\u00e4hlen der Branchenverband CHOCOSUISSE, Hersteller, Importeure und H\u00e4ndler von kakaohaltigen Produkten, Schweizer Detailh\u00e4ndler, das Staatssekretariat f\u00fcr Wirtschaft (SECO), Non-Profit-Organisationen sowie Forschungseinrichtungen. \u00abDie gemeinsame Initiative von Privatsektor, \u00f6ffentlicher [&hellip;]<\/p>\n","protected":false},"author":5,"featured_media":9532,"comment_status":"open","ping_status":"open","sticky":false,"template":"","format":"standard","meta":{"_acf_changed":false,"_yoast_wpseo_focuskw":"Schweizer Kakaobranche","_yoast_wpseo_metadesc":"Es kommt neuer Wind in die Schweizer Kakaobranche. Heute wurde die Schweizer Plattform f\u00fcr Nachhaltigen Kakao in einen Verein zusammengeschlossen.","articlekey":"","footnotes":""},"categories":[580],"tags":[1724,1780,2443],"class_list":["post-1451","post","type-post","status-publish","format-standard","has-post-thumbnail","hentry","category-sustainability","tag-mitglieder","tag-nachhaltiges-essen","tag-verein"],"acf":[],"yoast_head":"<!-- This site is optimized with the Yoast SEO plugin v27.5 - https:\/\/yoast.com\/product\/yoast-seo-wordpress\/ -->\n<title>Schweizer Kakaobranche: Gemeinsam f\u00fcr nachhaltige Schokolade - Organisator<\/title>\n<meta name=\"description\" content=\"Es kommt neuer Wind in die Schweizer Kakaobranche. Heute wurde die Schweizer Plattform f\u00fcr Nachhaltigen Kakao in einen Verein zusammengeschlossen.\" \/>\n<meta name=\"robots\" content=\"index, follow, max-snippet:-1, max-image-preview:large, max-video-preview:-1\" \/>\n<link rel=\"canonical\" href=\"https:\/\/www.organisator.ch\/it\/sostenibilita\/2018-01-23\/gemeinsam-fuer-einen-nachhaltigen-und-attraktiven-kakaosektor\/\" \/>\n<meta property=\"og:locale\" content=\"it_IT\" \/>\n<meta property=\"og:type\" content=\"article\" \/>\n<meta property=\"og:title\" content=\"Schweizer Kakaobranche: Gemeinsam f\u00fcr nachhaltige Schokolade - Organisator\" \/>\n<meta property=\"og:description\" content=\"Es kommt neuer Wind in die Schweizer Kakaobranche. Heute wurde die Schweizer Plattform f\u00fcr Nachhaltigen Kakao in einen Verein zusammengeschlossen.\" \/>\n<meta property=\"og:url\" content=\"https:\/\/www.organisator.ch\/it\/sostenibilita\/2018-01-23\/gemeinsam-fuer-einen-nachhaltigen-und-attraktiven-kakaosektor\/\" \/>\n<meta property=\"og:site_name\" content=\"Organisator\" \/>\n<meta property=\"article:publisher\" content=\"https:\/\/www.facebook.com\/OrganisatorFachmagazin\" \/>\n<meta property=\"article:published_time\" content=\"2018-01-23T16:04:59+00:00\" \/>\n<meta property=\"article:modified_time\" content=\"2022-02-09T10:10:10+00:00\" \/>\n<meta property=\"og:image\" content=\"https:\/\/www.organisator.ch\/wp-content\/uploads\/2018\/01\/Schweizer-Kakaobranche-Gemeinsam-fuer-nachhaltige-Schokolade-UP_Umwelt-Perspektiven-scaled.jpg\" \/>\n\t<meta property=\"og:image:width\" content=\"2560\" \/>\n\t<meta property=\"og:image:height\" content=\"1704\" \/>\n\t<meta property=\"og:image:type\" content=\"image\/jpeg\" \/>\n<meta name=\"author\" content=\"michael.merz\" \/>\n<meta name=\"twitter:card\" content=\"summary_large_image\" \/>\n<script type=\"application\/ld+json\" class=\"yoast-schema-graph\">{\"@context\":\"https:\\\/\\\/schema.org\",\"@graph\":[{\"@type\":\"Article\",\"@id\":\"https:\\\/\\\/www.organisator.ch\\\/sustainability\\\/2018-01-23\\\/gemeinsam-fuer-einen-nachhaltigen-und-attraktiven-kakaosektor\\\/#article\",\"isPartOf\":{\"@id\":\"https:\\\/\\\/www.organisator.ch\\\/sustainability\\\/2018-01-23\\\/gemeinsam-fuer-einen-nachhaltigen-und-attraktiven-kakaosektor\\\/\"},\"author\":{\"name\":\"michael.merz\",\"@id\":\"https:\\\/\\\/www.organisator.ch\\\/#\\\/schema\\\/person\\\/134708ca9321c57b0362cceb7948ffbd\"},\"headline\":\"Schweizer Kakaobranche: Gemeinsam f\u00fcr nachhaltige Schokolade\",\"datePublished\":\"2018-01-23T16:04:59+00:00\",\"dateModified\":\"2022-02-09T10:10:10+00:00\",\"mainEntityOfPage\":{\"@id\":\"https:\\\/\\\/www.organisator.ch\\\/sustainability\\\/2018-01-23\\\/gemeinsam-fuer-einen-nachhaltigen-und-attraktiven-kakaosektor\\\/\"},\"wordCount\":569,\"commentCount\":0,\"publisher\":{\"@id\":\"https:\\\/\\\/www.organisator.ch\\\/#organization\"},\"image\":{\"@id\":\"https:\\\/\\\/www.organisator.ch\\\/sustainability\\\/2018-01-23\\\/gemeinsam-fuer-einen-nachhaltigen-und-attraktiven-kakaosektor\\\/#primaryimage\"},\"thumbnailUrl\":\"https:\\\/\\\/www.organisator.ch\\\/wp-content\\\/uploads\\\/2018\\\/01\\\/Schweizer-Kakaobranche-Gemeinsam-fuer-nachhaltige-Schokolade-UP_Umwelt-Perspektiven-scaled.jpg\",\"keywords\":[\"Mitglieder\",\"Nachhaltiges Essen\",\"Verein\"],\"articleSection\":[\"SUSTAINABILITY\"],\"inLanguage\":\"it-IT\"},{\"@type\":\"WebPage\",\"@id\":\"https:\\\/\\\/www.organisator.ch\\\/sustainability\\\/2018-01-23\\\/gemeinsam-fuer-einen-nachhaltigen-und-attraktiven-kakaosektor\\\/\",\"url\":\"https:\\\/\\\/www.organisator.ch\\\/sustainability\\\/2018-01-23\\\/gemeinsam-fuer-einen-nachhaltigen-und-attraktiven-kakaosektor\\\/\",\"name\":\"Schweizer Kakaobranche: Gemeinsam f\u00fcr nachhaltige Schokolade - Organisator\",\"isPartOf\":{\"@id\":\"https:\\\/\\\/www.organisator.ch\\\/#website\"},\"primaryImageOfPage\":{\"@id\":\"https:\\\/\\\/www.organisator.ch\\\/sustainability\\\/2018-01-23\\\/gemeinsam-fuer-einen-nachhaltigen-und-attraktiven-kakaosektor\\\/#primaryimage\"},\"image\":{\"@id\":\"https:\\\/\\\/www.organisator.ch\\\/sustainability\\\/2018-01-23\\\/gemeinsam-fuer-einen-nachhaltigen-und-attraktiven-kakaosektor\\\/#primaryimage\"},\"thumbnailUrl\":\"https:\\\/\\\/www.organisator.ch\\\/wp-content\\\/uploads\\\/2018\\\/01\\\/Schweizer-Kakaobranche-Gemeinsam-fuer-nachhaltige-Schokolade-UP_Umwelt-Perspektiven-scaled.jpg\",\"datePublished\":\"2018-01-23T16:04:59+00:00\",\"dateModified\":\"2022-02-09T10:10:10+00:00\",\"description\":\"Es kommt neuer Wind in die Schweizer Kakaobranche. Heute wurde die Schweizer Plattform f\u00fcr Nachhaltigen Kakao in einen Verein zusammengeschlossen.\",\"breadcrumb\":{\"@id\":\"https:\\\/\\\/www.organisator.ch\\\/sustainability\\\/2018-01-23\\\/gemeinsam-fuer-einen-nachhaltigen-und-attraktiven-kakaosektor\\\/#breadcrumb\"},\"inLanguage\":\"it-IT\",\"potentialAction\":[{\"@type\":\"ReadAction\",\"target\":[\"https:\\\/\\\/www.organisator.ch\\\/sustainability\\\/2018-01-23\\\/gemeinsam-fuer-einen-nachhaltigen-und-attraktiven-kakaosektor\\\/\"]}]},{\"@type\":\"ImageObject\",\"inLanguage\":\"it-IT\",\"@id\":\"https:\\\/\\\/www.organisator.ch\\\/sustainability\\\/2018-01-23\\\/gemeinsam-fuer-einen-nachhaltigen-und-attraktiven-kakaosektor\\\/#primaryimage\",\"url\":\"https:\\\/\\\/www.organisator.ch\\\/wp-content\\\/uploads\\\/2018\\\/01\\\/Schweizer-Kakaobranche-Gemeinsam-fuer-nachhaltige-Schokolade-UP_Umwelt-Perspektiven-scaled.jpg\",\"contentUrl\":\"https:\\\/\\\/www.organisator.ch\\\/wp-content\\\/uploads\\\/2018\\\/01\\\/Schweizer-Kakaobranche-Gemeinsam-fuer-nachhaltige-Schokolade-UP_Umwelt-Perspektiven-scaled.jpg\",\"width\":2560,\"height\":1704,\"caption\":\"Die neugeschaffene Kakaoplattform setzt sich f\u00fcr eine enge Kooperation mit allen wichtigen Akteuren im Kakaosektor ein. (Copyright: Chocolat Halbas)\"},{\"@type\":\"BreadcrumbList\",\"@id\":\"https:\\\/\\\/www.organisator.ch\\\/sustainability\\\/2018-01-23\\\/gemeinsam-fuer-einen-nachhaltigen-und-attraktiven-kakaosektor\\\/#breadcrumb\",\"itemListElement\":[{\"@type\":\"ListItem\",\"position\":1,\"name\":\"Home\",\"item\":\"https:\\\/\\\/www.organisator.ch\\\/\"},{\"@type\":\"ListItem\",\"position\":2,\"name\":\"Schweizer Kakaobranche: Gemeinsam f\u00fcr nachhaltige Schokolade\"}]},{\"@type\":\"WebSite\",\"@id\":\"https:\\\/\\\/www.organisator.ch\\\/#website\",\"url\":\"https:\\\/\\\/www.organisator.ch\\\/\",\"name\":\"Organisator\",\"description\":\"Kompetent. Praxisnah. Der ORGANISATOR bereitet in 10 Ausgaben pro Jahr die wesentlichen Themen f\u00fcr F\u00fchrungskr\u00e4fte von KMU auf.\",\"publisher\":{\"@id\":\"https:\\\/\\\/www.organisator.ch\\\/#organization\"},\"potentialAction\":[{\"@type\":\"SearchAction\",\"target\":{\"@type\":\"EntryPoint\",\"urlTemplate\":\"https:\\\/\\\/www.organisator.ch\\\/?s={search_term_string}\"},\"query-input\":{\"@type\":\"PropertyValueSpecification\",\"valueRequired\":true,\"valueName\":\"search_term_string\"}}],\"inLanguage\":\"it-IT\"},{\"@type\":\"Organization\",\"@id\":\"https:\\\/\\\/www.organisator.ch\\\/#organization\",\"name\":\"Organisator\",\"url\":\"https:\\\/\\\/www.organisator.ch\\\/\",\"logo\":{\"@type\":\"ImageObject\",\"inLanguage\":\"it-IT\",\"@id\":\"https:\\\/\\\/www.organisator.ch\\\/#\\\/schema\\\/logo\\\/image\\\/\",\"url\":\"https:\\\/\\\/www.organisator.ch\\\/wp-content\\\/uploads\\\/2022\\\/01\\\/Logo_Organisator_Website.png\",\"contentUrl\":\"https:\\\/\\\/www.organisator.ch\\\/wp-content\\\/uploads\\\/2022\\\/01\\\/Logo_Organisator_Website.png\",\"width\":800,\"height\":77,\"caption\":\"Organisator\"},\"image\":{\"@id\":\"https:\\\/\\\/www.organisator.ch\\\/#\\\/schema\\\/logo\\\/image\\\/\"},\"sameAs\":[\"https:\\\/\\\/www.facebook.com\\\/OrganisatorFachmagazin\",\"https:\\\/\\\/www.linkedin.com\\\/showcase\\\/organisator-das-magazin-fr-kmu\",\"https:\\\/\\\/www.xing.com\\\/news\\\/pages\\\/organisator-ch-695\",\"https:\\\/\\\/www.youtube.com\\\/channel\\\/UCGP2Sq0iWaZwT3BdIAQFYpw\"]},{\"@type\":\"Person\",\"@id\":\"https:\\\/\\\/www.organisator.ch\\\/#\\\/schema\\\/person\\\/134708ca9321c57b0362cceb7948ffbd\",\"name\":\"michael.merz\",\"image\":{\"@type\":\"ImageObject\",\"inLanguage\":\"it-IT\",\"@id\":\"https:\\\/\\\/secure.gravatar.com\\\/avatar\\\/?s=96&d=mm&r=g\",\"url\":\"https:\\\/\\\/secure.gravatar.com\\\/avatar\\\/?s=96&d=mm&r=g\",\"contentUrl\":\"https:\\\/\\\/secure.gravatar.com\\\/avatar\\\/?s=96&d=mm&r=g\",\"caption\":\"michael.merz\"},\"url\":\"https:\\\/\\\/www.organisator.ch\\\/it\\\/author\\\/michael-merz\\\/\"}]}<\/script>\n<!-- \/ Yoast SEO plugin. -->","yoast_head_json":{"title":"Industria svizzera del cacao: insieme per un cioccolato sostenibile - Organizzatore","description":"Un nuovo vento soffia nell'industria svizzera del cacao. Oggi, la Piattaforma svizzera per il cacao sostenibile \u00e8 stata fusa in un'associazione.","robots":{"index":"index","follow":"follow","max-snippet":"max-snippet:-1","max-image-preview":"max-image-preview:large","max-video-preview":"max-video-preview:-1"},"canonical":"https:\/\/www.organisator.ch\/it\/sostenibilita\/2018-01-23\/gemeinsam-fuer-einen-nachhaltigen-und-attraktiven-kakaosektor\/","og_locale":"it_IT","og_type":"article","og_title":"Schweizer Kakaobranche: Gemeinsam f\u00fcr nachhaltige Schokolade - Organisator","og_description":"Es kommt neuer Wind in die Schweizer Kakaobranche. Heute wurde die Schweizer Plattform f\u00fcr Nachhaltigen Kakao in einen Verein zusammengeschlossen.","og_url":"https:\/\/www.organisator.ch\/it\/sostenibilita\/2018-01-23\/gemeinsam-fuer-einen-nachhaltigen-und-attraktiven-kakaosektor\/","og_site_name":"Organisator","article_publisher":"https:\/\/www.facebook.com\/OrganisatorFachmagazin","article_published_time":"2018-01-23T16:04:59+00:00","article_modified_time":"2022-02-09T10:10:10+00:00","og_image":[{"width":2560,"height":1704,"url":"https:\/\/www.organisator.ch\/wp-content\/uploads\/2018\/01\/Schweizer-Kakaobranche-Gemeinsam-fuer-nachhaltige-Schokolade-UP_Umwelt-Perspektiven-scaled.jpg","type":"image\/jpeg"}],"author":"michael.merz","twitter_card":"summary_large_image","schema":{"@context":"https:\/\/schema.org","@graph":[{"@type":"Article","@id":"https:\/\/www.organisator.ch\/sustainability\/2018-01-23\/gemeinsam-fuer-einen-nachhaltigen-und-attraktiven-kakaosektor\/#article","isPartOf":{"@id":"https:\/\/www.organisator.ch\/sustainability\/2018-01-23\/gemeinsam-fuer-einen-nachhaltigen-und-attraktiven-kakaosektor\/"},"author":{"name":"michael.merz","@id":"https:\/\/www.organisator.ch\/#\/schema\/person\/134708ca9321c57b0362cceb7948ffbd"},"headline":"Schweizer Kakaobranche: Gemeinsam f\u00fcr nachhaltige Schokolade","datePublished":"2018-01-23T16:04:59+00:00","dateModified":"2022-02-09T10:10:10+00:00","mainEntityOfPage":{"@id":"https:\/\/www.organisator.ch\/sustainability\/2018-01-23\/gemeinsam-fuer-einen-nachhaltigen-und-attraktiven-kakaosektor\/"},"wordCount":569,"commentCount":0,"publisher":{"@id":"https:\/\/www.organisator.ch\/#organization"},"image":{"@id":"https:\/\/www.organisator.ch\/sustainability\/2018-01-23\/gemeinsam-fuer-einen-nachhaltigen-und-attraktiven-kakaosektor\/#primaryimage"},"thumbnailUrl":"https:\/\/www.organisator.ch\/wp-content\/uploads\/2018\/01\/Schweizer-Kakaobranche-Gemeinsam-fuer-nachhaltige-Schokolade-UP_Umwelt-Perspektiven-scaled.jpg","keywords":["Mitglieder","Nachhaltiges Essen","Verein"],"articleSection":["SUSTAINABILITY"],"inLanguage":"it-IT"},{"@type":"WebPage","@id":"https:\/\/www.organisator.ch\/sustainability\/2018-01-23\/gemeinsam-fuer-einen-nachhaltigen-und-attraktiven-kakaosektor\/","url":"https:\/\/www.organisator.ch\/sustainability\/2018-01-23\/gemeinsam-fuer-einen-nachhaltigen-und-attraktiven-kakaosektor\/","name":"Industria svizzera del cacao: insieme per un cioccolato sostenibile - Organizzatore","isPartOf":{"@id":"https:\/\/www.organisator.ch\/#website"},"primaryImageOfPage":{"@id":"https:\/\/www.organisator.ch\/sustainability\/2018-01-23\/gemeinsam-fuer-einen-nachhaltigen-und-attraktiven-kakaosektor\/#primaryimage"},"image":{"@id":"https:\/\/www.organisator.ch\/sustainability\/2018-01-23\/gemeinsam-fuer-einen-nachhaltigen-und-attraktiven-kakaosektor\/#primaryimage"},"thumbnailUrl":"https:\/\/www.organisator.ch\/wp-content\/uploads\/2018\/01\/Schweizer-Kakaobranche-Gemeinsam-fuer-nachhaltige-Schokolade-UP_Umwelt-Perspektiven-scaled.jpg","datePublished":"2018-01-23T16:04:59+00:00","dateModified":"2022-02-09T10:10:10+00:00","description":"Un nuovo vento soffia nell'industria svizzera del cacao. Oggi, la Piattaforma svizzera per il cacao sostenibile \u00e8 stata fusa in un'associazione.","breadcrumb":{"@id":"https:\/\/www.organisator.ch\/sustainability\/2018-01-23\/gemeinsam-fuer-einen-nachhaltigen-und-attraktiven-kakaosektor\/#breadcrumb"},"inLanguage":"it-IT","potentialAction":[{"@type":"ReadAction","target":["https:\/\/www.organisator.ch\/sustainability\/2018-01-23\/gemeinsam-fuer-einen-nachhaltigen-und-attraktiven-kakaosektor\/"]}]},{"@type":"ImageObject","inLanguage":"it-IT","@id":"https:\/\/www.organisator.ch\/sustainability\/2018-01-23\/gemeinsam-fuer-einen-nachhaltigen-und-attraktiven-kakaosektor\/#primaryimage","url":"https:\/\/www.organisator.ch\/wp-content\/uploads\/2018\/01\/Schweizer-Kakaobranche-Gemeinsam-fuer-nachhaltige-Schokolade-UP_Umwelt-Perspektiven-scaled.jpg","contentUrl":"https:\/\/www.organisator.ch\/wp-content\/uploads\/2018\/01\/Schweizer-Kakaobranche-Gemeinsam-fuer-nachhaltige-Schokolade-UP_Umwelt-Perspektiven-scaled.jpg","width":2560,"height":1704,"caption":"Die neugeschaffene Kakaoplattform setzt sich f\u00fcr eine enge Kooperation mit allen wichtigen Akteuren im Kakaosektor ein. (Copyright: Chocolat Halbas)"},{"@type":"BreadcrumbList","@id":"https:\/\/www.organisator.ch\/sustainability\/2018-01-23\/gemeinsam-fuer-einen-nachhaltigen-und-attraktiven-kakaosektor\/#breadcrumb","itemListElement":[{"@type":"ListItem","position":1,"name":"Home","item":"https:\/\/www.organisator.ch\/"},{"@type":"ListItem","position":2,"name":"Schweizer Kakaobranche: Gemeinsam f\u00fcr nachhaltige Schokolade"}]},{"@type":"WebSite","@id":"https:\/\/www.organisator.ch\/#website","url":"https:\/\/www.organisator.ch\/","name":"Organizzatore","description":"Competente. Pratico. In 10 numeri all'anno, ORGANISATOR presenta i temi essenziali per i manager delle PMI.","publisher":{"@id":"https:\/\/www.organisator.ch\/#organization"},"potentialAction":[{"@type":"SearchAction","target":{"@type":"EntryPoint","urlTemplate":"https:\/\/www.organisator.ch\/?s={search_term_string}"},"query-input":{"@type":"PropertyValueSpecification","valueRequired":true,"valueName":"search_term_string"}}],"inLanguage":"it-IT"},{"@type":"Organization","@id":"https:\/\/www.organisator.ch\/#organization","name":"Organizzatore","url":"https:\/\/www.organisator.ch\/","logo":{"@type":"ImageObject","inLanguage":"it-IT","@id":"https:\/\/www.organisator.ch\/#\/schema\/logo\/image\/","url":"https:\/\/www.organisator.ch\/wp-content\/uploads\/2022\/01\/Logo_Organisator_Website.png","contentUrl":"https:\/\/www.organisator.ch\/wp-content\/uploads\/2022\/01\/Logo_Organisator_Website.png","width":800,"height":77,"caption":"Organisator"},"image":{"@id":"https:\/\/www.organisator.ch\/#\/schema\/logo\/image\/"},"sameAs":["https:\/\/www.facebook.com\/OrganisatorFachmagazin","https:\/\/www.linkedin.com\/showcase\/organisator-das-magazin-fr-kmu","https:\/\/www.xing.com\/news\/pages\/organisator-ch-695","https:\/\/www.youtube.com\/channel\/UCGP2Sq0iWaZwT3BdIAQFYpw"]},{"@type":"Person","@id":"https:\/\/www.organisator.ch\/#\/schema\/person\/134708ca9321c57b0362cceb7948ffbd","name":"michael.merz","image":{"@type":"ImageObject","inLanguage":"it-IT","@id":"https:\/\/secure.gravatar.com\/avatar\/?s=96&d=mm&r=g","url":"https:\/\/secure.gravatar.com\/avatar\/?s=96&d=mm&r=g","contentUrl":"https:\/\/secure.gravatar.com\/avatar\/?s=96&d=mm&r=g","caption":"michael.merz"},"url":"https:\/\/www.organisator.ch\/it\/author\/michael-merz\/"}]}},"_links":{"self":[{"href":"https:\/\/www.organisator.ch\/it\/wp-json\/wp\/v2\/posts\/1451","targetHints":{"allow":["GET"]}}],"collection":[{"href":"https:\/\/www.organisator.ch\/it\/wp-json\/wp\/v2\/posts"}],"about":[{"href":"https:\/\/www.organisator.ch\/it\/wp-json\/wp\/v2\/types\/post"}],"author":[{"embeddable":true,"href":"https:\/\/www.organisator.ch\/it\/wp-json\/wp\/v2\/users\/5"}],"replies":[{"embeddable":true,"href":"https:\/\/www.organisator.ch\/it\/wp-json\/wp\/v2\/comments?post=1451"}],"version-history":[{"count":1,"href":"https:\/\/www.organisator.ch\/it\/wp-json\/wp\/v2\/posts\/1451\/revisions"}],"predecessor-version":[{"id":10929,"href":"https:\/\/www.organisator.ch\/it\/wp-json\/wp\/v2\/posts\/1451\/revisions\/10929"}],"wp:featuredmedia":[{"embeddable":true,"href":"https:\/\/www.organisator.ch\/it\/wp-json\/wp\/v2\/media\/9532"}],"wp:attachment":[{"href":"https:\/\/www.organisator.ch\/it\/wp-json\/wp\/v2\/media?parent=1451"}],"wp:term":[{"taxonomy":"category","embeddable":true,"href":"https:\/\/www.organisator.ch\/it\/wp-json\/wp\/v2\/categories?post=1451"},{"taxonomy":"post_tag","embeddable":true,"href":"https:\/\/www.organisator.ch\/it\/wp-json\/wp\/v2\/tags?post=1451"}],"curies":[{"name":"wp","href":"https:\/\/api.w.org\/{rel}","templated":true}]}}