{"id":1462,"date":"2018-01-30T13:08:29","date_gmt":"2018-01-30T12:08:29","guid":{"rendered":"https:\/\/www.umweltperspektiven.ch\/?p=1462"},"modified":"2022-02-09T11:06:54","modified_gmt":"2022-02-09T10:06:54","slug":"1462-2","status":"publish","type":"post","link":"https:\/\/www.organisator.ch\/it\/sustainability\/2018-01-30\/1462-2\/","title":{"rendered":"Suva: aumento del numero di incidenti a causa del bel tempo"},"content":{"rendered":"<figure id=\"attachment_1463\" aria-describedby=\"caption-attachment-1463\" style=\"width: 680px\" class=\"wp-caption alignnone\"><img loading=\"lazy\" decoding=\"async\" class=\"size-medium wp-image-1463\" src=\"\/\/www.umweltperspektiven.ch\/wp-content\/uploads\/2018\/01\/SUVA-Erhebung-Sch\u00f6nes-Wetter-liess-Unfallzahlen-2017-ansteigen-up-umweltperspektiven.jpg\" alt=\"\" width=\"680\" height=\"438\" \/><figcaption id=\"caption-attachment-1463\" class=\"wp-caption-text\">Ci sono regole chiare per la guida, il ciclismo e anche la navigazione. E lo sci retroilluminato? (Immagine: pixabay)<\/figcaption><\/figure>\n<p>La Suva ha riportato pi\u00f9 di 465 000 incidenti per il 2017. Questo \u00e8 l'uno per cento in pi\u00f9 rispetto all'anno precedente. Il numero di incidenti sul lavoro \u00e8 rimasto stabile rispetto all'anno precedente, anche se il numero di dipendenti in Svizzera \u00e8 aumentato di quasi l'1%, secondo l'Ufficio federale di statistica. Il numero di incidenti non professionali, invece, \u00e8 aumentato dell'1,9%. Questo era ancora leggermente inferiore all'anno precedente.<\/p>\n<div class=\"m-text-image m-text-image--textonly\" data-anchor=\"text-1\">\n<div class=\"m-rich\">\n<p>Incidenti registrati alla Suva<\/p>\n<\/div>\n<\/div>\n<table class=\"a-table__table js-a-table__table\" style=\"height: 226px;\" width=\"981\">\n<thead class=\"a-table__head\">\n<tr class=\"a-table__row\">\n<th class=\"a-table__th\"><strong>\u00a0<\/strong><\/th>\n<th class=\"a-table__th\"><strong>2017<\/strong><\/th>\n<th class=\"a-table__th\"><strong>2016<\/strong><\/th>\n<th class=\"a-table__th\"><strong>Differenza<\/strong><\/th>\n<\/tr>\n<\/thead>\n<tbody>\n<tr class=\"a-table__row\">\n<td class=\"a-table__td\"><strong>Totale incidenti e malattie professionali<\/strong><\/td>\n<td class=\"a-table__td\"><strong>\u00a0\u00a0\u00a0\u00a0\u00a0\u00a0\u00a0\u00a0\u00a0 465\u00a0701<\/strong><\/td>\n<td class=\"a-table__td\"><strong>\u00a0\u00a0\u00a0\u00a0\u00a0\u00a0 461\u00a0010<\/strong><\/td>\n<td class=\"a-table__td\"><strong>\u00a0\u00a0\u00a0\u00a0\u00a0\u00a0 + 1,0 %<\/strong><\/td>\n<\/tr>\n<tr class=\"a-table__row\">\n<td class=\"a-table__td\">- di cui incidenti e malattie professionali<\/td>\n<td class=\"a-table__td\">\u00a0\u00a0\u00a0\u00a0\u00a0\u00a0\u00a0\u00a0\u00a0\u00a0\u00a0\u00a0 177 973<\/td>\n<td class=\"a-table__td\">\u00a0\u00a0\u00a0\u00a0\u00a0\u00a0\u00a0\u00a0 178 282<\/td>\n<td class=\"a-table__td\">\u00a0\u00a0\u00a0\u00a0\u00a0\u00a0\u00a0 - 0,2 %<\/td>\n<\/tr>\n<tr class=\"a-table__row\">\n<td class=\"a-table__td\">- di cui incidenti non professionali<\/td>\n<td class=\"a-table__td\">\u00a0\u00a0\u00a0\u00a0\u00a0\u00a0\u00a0\u00a0\u00a0\u00a0 268 934<\/td>\n<td class=\"a-table__td\">\u00a0\u00a0\u00a0\u00a0\u00a0\u00a0\u00a0 263 987<\/td>\n<td class=\"a-table__td\">\u00a0\u00a0\u00a0\u00a0\u00a0\u00a0\u00a0\u00a0 + 1,9 %<\/td>\n<\/tr>\n<tr class=\"a-table__row\">\n<td class=\"a-table__td\">- di cui infortuni e malattie professionali nell'assicurazione volontaria dei datori di lavoro<\/td>\n<td class=\"a-table__td\">\u00a0\u00a0\u00a0\u00a0\u00a0\u00a0\u00a0\u00a0\u00a0\u00a0\u00a0\u00a0\u00a0\u00a0\u00a0\u00a0\u00a0 1139<\/td>\n<td class=\"a-table__td\">\u00a0\u00a0\u00a0\u00a0\u00a0\u00a0\u00a0\u00a0\u00a0\u00a0\u00a0\u00a0\u00a0 1094<\/td>\n<td class=\"a-table__td\">\u00a0\u00a0\u00a0\u00a0\u00a0\u00a0\u00a0\u00a0 + 4,1 %<\/td>\n<\/tr>\n<tr class=\"a-table__row\">\n<td class=\"a-table__td\">- di cui incidenti e malattie professionali nell'assicurazione contro gli infortuni per i disoccupati<\/td>\n<td class=\"a-table__td\">\u00a0\u00a0\u00a0\u00a0\u00a0\u00a0\u00a0\u00a0\u00a0\u00a0\u00a0\u00a0\u00a0\u00a0 17 655<\/td>\n<td class=\"a-table__td\">\u00a0\u00a0\u00a0\u00a0\u00a0\u00a0\u00a0\u00a0\u00a0\u00a0 17 647<\/td>\n<td class=\"a-table__td\">\u00a0\u00a0\u00a0\u00a0\u00a0\u00a0\u00a0\u00a0\u00a0\u00a0\u00a0 0,0 %<\/td>\n<\/tr>\n<\/tbody>\n<\/table>\n<p>(Fonte: Suva)<\/p>\n<h4><\/h4>\n<h4>\u00a0L'ondata di calore ha causato pi\u00f9 incidenti<\/h4>\n<p>La Suva ha registrato un numero significativamente maggiore di incidenti non professionali rispetto all'anno precedente tra i suoi assicurati, soprattutto nei mesi di gennaio e giugno 2017. Secondo MeteoSvizzera, il 2017 ha portato alla Svizzera la terza primavera pi\u00f9 calda e la terza estate pi\u00f9 calda dall'inizio delle misurazioni nel 1864. A giugno, in particolare, c'\u00e8 stata un'ondata di calore, atipica per questo mese. Un'altra ondata di calore \u00e8 stata registrata in ottobre. \"Di conseguenza, le persone erano attive all'aperto pi\u00f9 a lungo, il che ha portato a pi\u00f9 incidenti\", dice Peter Andermatt, statistico della Suva.<\/p>\n<p>In termini di attivit\u00e0 del tempo libero, gli incidenti durante le escursioni e le passeggiate (+ 16,5 per cento), cos\u00ec come le moto (+ 4,8 per cento) e le biciclette (+ 3,6 per cento) hanno avuto il maggiore impatto. Nei mesi eccezionalmente caldi di giugno e ottobre, gli assicurati hanno segnalato un numero significativamente maggiore di incidenti rispetto all'anno precedente per tutte e tre le attivit\u00e0 del tempo libero. Gli incidenti a piedi e a piedi sono addirittura aumentati della met\u00e0 nei mesi di gennaio e giugno rispetto all'anno precedente. In totale, la Suva ha registrato pi\u00f9 di 21.500 incidenti durante le escursioni e le passeggiate.<\/p>\n<h4>I giovani hanno meno incidenti nel tempo libero<\/h4>\n<p>L'aumento pi\u00f9 forte di tutti gli incidenti nel tempo libero \u00e8 stato registrato dai 55-64enni con l'8 per cento. \"A quanto pare, le persone in questa fascia d'et\u00e0 sono attratte dall'aria aperta pi\u00f9 spesso delle persone pi\u00f9 giovani quando il tempo \u00e8 bello\", dice lo statistico Andermatt. Il forte aumento degli incidenti in questa fascia d'et\u00e0 non pu\u00f2 essere spiegato solo dal fatto che ci sono sempre pi\u00f9 persone assicurate in questa fascia d'et\u00e0 a causa dei baby boomers. I 35-44enni hanno registrato un aumento del 3,6% degli incidenti nel tempo libero. Per quelli fino a 24 anni, gli incidenti nel tempo libero sono addirittura diminuiti del 2,7 per cento.<\/p>\n<p>La Suva assicura circa due terzi di tutti i dipendenti in Svizzera contro le conseguenze degli infortuni professionali e non professionali e delle malattie professionali.<\/p>\n<p><a href=\"\/\/www.suva.ch\">www.suva.ch<\/a><\/p>","protected":false},"excerpt":{"rendered":"<p>F\u00fcr 2017 meldet die Suva \u00fcber 465 000 Unf\u00e4lle. Das ist ein Prozent mehr als im Vorjahr. Dabei blieb die Zahl der Berufsunf\u00e4lle im Vergleich zum Vorjahr stabil, obwohl die Anzahl der Besch\u00e4ftigten in der Schweiz gem\u00e4ss Bundesamt f\u00fcr Statistik um knapp 1 Prozent zugenommen hat. Die Zahl der Nichtberufsunf\u00e4lle ist hingegen um 1,9 Prozent [&hellip;]<\/p>\n","protected":false},"author":5,"featured_media":9533,"comment_status":"open","ping_status":"open","sticky":false,"template":"","format":"standard","meta":{"_acf_changed":false,"_yoast_wpseo_focuskw":"Suva","_yoast_wpseo_metadesc":"Suva zeigt: 2017 verunfallten deutlich mehr Versicherte der Suva beim Wandern, Spazieren oder auf dem Motorrad und Velo. Grund daf\u00fcr war das warme Wetter.","articlekey":"","footnotes":""},"categories":[580],"tags":[596,424,463,616],"class_list":["post-1462","post","type-post","status-publish","format-standard","has-post-thumbnail","hentry","category-sustainability","tag-klima","tag-schweiz","tag-suva","tag-unfaelle"],"acf":[],"yoast_head":"<!-- This site is optimized with the Yoast SEO plugin v27.4 - https:\/\/yoast.com\/product\/yoast-seo-wordpress\/ -->\n<title>Suva: Gestiegene Unfallzahlen wegen sch\u00f6nem Wetter - Organisator<\/title>\n<meta name=\"description\" content=\"Suva zeigt: 2017 verunfallten deutlich mehr Versicherte der Suva beim Wandern, Spazieren oder auf dem Motorrad und Velo. Grund daf\u00fcr war das warme Wetter.\" \/>\n<meta name=\"robots\" content=\"index, follow, max-snippet:-1, max-image-preview:large, max-video-preview:-1\" \/>\n<link rel=\"canonical\" href=\"https:\/\/www.organisator.ch\/it\/sostenibilita\/2018-01-30\/1462-2\/\" \/>\n<meta property=\"og:locale\" content=\"it_IT\" \/>\n<meta property=\"og:type\" content=\"article\" \/>\n<meta property=\"og:title\" content=\"Suva: Gestiegene Unfallzahlen wegen sch\u00f6nem Wetter - Organisator\" \/>\n<meta property=\"og:description\" content=\"Suva zeigt: 2017 verunfallten deutlich mehr Versicherte der Suva beim Wandern, Spazieren oder auf dem Motorrad und Velo. Grund daf\u00fcr war das warme Wetter.\" \/>\n<meta property=\"og:url\" content=\"https:\/\/www.organisator.ch\/it\/sostenibilita\/2018-01-30\/1462-2\/\" \/>\n<meta property=\"og:site_name\" content=\"Organisator\" \/>\n<meta property=\"article:publisher\" content=\"https:\/\/www.facebook.com\/OrganisatorFachmagazin\" \/>\n<meta property=\"article:published_time\" content=\"2018-01-30T12:08:29+00:00\" \/>\n<meta property=\"article:modified_time\" content=\"2022-02-09T10:06:54+00:00\" \/>\n<meta property=\"og:image\" content=\"https:\/\/www.organisator.ch\/wp-content\/uploads\/2018\/01\/SUVA-Erhebung-Schoenes-Wetter-liess-Unfallzahlen-2017-ansteigen-up-umweltperspektiven.jpg\" \/>\n\t<meta property=\"og:image:width\" content=\"1098\" \/>\n\t<meta property=\"og:image:height\" content=\"708\" \/>\n\t<meta property=\"og:image:type\" content=\"image\/jpeg\" \/>\n<meta name=\"author\" content=\"michael.merz\" \/>\n<meta name=\"twitter:card\" content=\"summary_large_image\" \/>\n<script type=\"application\/ld+json\" class=\"yoast-schema-graph\">{\"@context\":\"https:\\\/\\\/schema.org\",\"@graph\":[{\"@type\":\"Article\",\"@id\":\"https:\\\/\\\/www.organisator.ch\\\/sustainability\\\/2018-01-30\\\/1462-2\\\/#article\",\"isPartOf\":{\"@id\":\"https:\\\/\\\/www.organisator.ch\\\/sustainability\\\/2018-01-30\\\/1462-2\\\/\"},\"author\":{\"name\":\"michael.merz\",\"@id\":\"https:\\\/\\\/www.organisator.ch\\\/#\\\/schema\\\/person\\\/134708ca9321c57b0362cceb7948ffbd\"},\"headline\":\"Suva: Gestiegene Unfallzahlen wegen sch\u00f6nem Wetter\",\"datePublished\":\"2018-01-30T12:08:29+00:00\",\"dateModified\":\"2022-02-09T10:06:54+00:00\",\"mainEntityOfPage\":{\"@id\":\"https:\\\/\\\/www.organisator.ch\\\/sustainability\\\/2018-01-30\\\/1462-2\\\/\"},\"wordCount\":446,\"commentCount\":0,\"publisher\":{\"@id\":\"https:\\\/\\\/www.organisator.ch\\\/#organization\"},\"image\":{\"@id\":\"https:\\\/\\\/www.organisator.ch\\\/sustainability\\\/2018-01-30\\\/1462-2\\\/#primaryimage\"},\"thumbnailUrl\":\"https:\\\/\\\/www.organisator.ch\\\/wp-content\\\/uploads\\\/2018\\\/01\\\/SUVA-Erhebung-Schoenes-Wetter-liess-Unfallzahlen-2017-ansteigen-up-umweltperspektiven.jpg\",\"keywords\":[\"KLIMA\",\"Schweiz\",\"SUVA\",\"Unf\u00e4lle\"],\"articleSection\":[\"SUSTAINABILITY\"],\"inLanguage\":\"it-IT\"},{\"@type\":\"WebPage\",\"@id\":\"https:\\\/\\\/www.organisator.ch\\\/sustainability\\\/2018-01-30\\\/1462-2\\\/\",\"url\":\"https:\\\/\\\/www.organisator.ch\\\/sustainability\\\/2018-01-30\\\/1462-2\\\/\",\"name\":\"Suva: Gestiegene Unfallzahlen wegen sch\u00f6nem Wetter - Organisator\",\"isPartOf\":{\"@id\":\"https:\\\/\\\/www.organisator.ch\\\/#website\"},\"primaryImageOfPage\":{\"@id\":\"https:\\\/\\\/www.organisator.ch\\\/sustainability\\\/2018-01-30\\\/1462-2\\\/#primaryimage\"},\"image\":{\"@id\":\"https:\\\/\\\/www.organisator.ch\\\/sustainability\\\/2018-01-30\\\/1462-2\\\/#primaryimage\"},\"thumbnailUrl\":\"https:\\\/\\\/www.organisator.ch\\\/wp-content\\\/uploads\\\/2018\\\/01\\\/SUVA-Erhebung-Schoenes-Wetter-liess-Unfallzahlen-2017-ansteigen-up-umweltperspektiven.jpg\",\"datePublished\":\"2018-01-30T12:08:29+00:00\",\"dateModified\":\"2022-02-09T10:06:54+00:00\",\"description\":\"Suva zeigt: 2017 verunfallten deutlich mehr Versicherte der Suva beim Wandern, Spazieren oder auf dem Motorrad und Velo. Grund daf\u00fcr war das warme Wetter.\",\"breadcrumb\":{\"@id\":\"https:\\\/\\\/www.organisator.ch\\\/sustainability\\\/2018-01-30\\\/1462-2\\\/#breadcrumb\"},\"inLanguage\":\"it-IT\",\"potentialAction\":[{\"@type\":\"ReadAction\",\"target\":[\"https:\\\/\\\/www.organisator.ch\\\/sustainability\\\/2018-01-30\\\/1462-2\\\/\"]}]},{\"@type\":\"ImageObject\",\"inLanguage\":\"it-IT\",\"@id\":\"https:\\\/\\\/www.organisator.ch\\\/sustainability\\\/2018-01-30\\\/1462-2\\\/#primaryimage\",\"url\":\"https:\\\/\\\/www.organisator.ch\\\/wp-content\\\/uploads\\\/2018\\\/01\\\/SUVA-Erhebung-Schoenes-Wetter-liess-Unfallzahlen-2017-ansteigen-up-umweltperspektiven.jpg\",\"contentUrl\":\"https:\\\/\\\/www.organisator.ch\\\/wp-content\\\/uploads\\\/2018\\\/01\\\/SUVA-Erhebung-Schoenes-Wetter-liess-Unfallzahlen-2017-ansteigen-up-umweltperspektiven.jpg\",\"width\":1098,\"height\":708,\"caption\":\"Beim Auto-, Velo- und sogar Bootfahren gibt es klare Bestimmungen. Wie ist es beim Skifahren bei Gegenlicht? (Bild: pixabay)\"},{\"@type\":\"BreadcrumbList\",\"@id\":\"https:\\\/\\\/www.organisator.ch\\\/sustainability\\\/2018-01-30\\\/1462-2\\\/#breadcrumb\",\"itemListElement\":[{\"@type\":\"ListItem\",\"position\":1,\"name\":\"Home\",\"item\":\"https:\\\/\\\/www.organisator.ch\\\/\"},{\"@type\":\"ListItem\",\"position\":2,\"name\":\"Suva: Gestiegene Unfallzahlen wegen sch\u00f6nem Wetter\"}]},{\"@type\":\"WebSite\",\"@id\":\"https:\\\/\\\/www.organisator.ch\\\/#website\",\"url\":\"https:\\\/\\\/www.organisator.ch\\\/\",\"name\":\"Organisator\",\"description\":\"Kompetent. Praxisnah. Der ORGANISATOR bereitet in 10 Ausgaben pro Jahr die wesentlichen Themen f\u00fcr F\u00fchrungskr\u00e4fte von KMU auf.\",\"publisher\":{\"@id\":\"https:\\\/\\\/www.organisator.ch\\\/#organization\"},\"potentialAction\":[{\"@type\":\"SearchAction\",\"target\":{\"@type\":\"EntryPoint\",\"urlTemplate\":\"https:\\\/\\\/www.organisator.ch\\\/?s={search_term_string}\"},\"query-input\":{\"@type\":\"PropertyValueSpecification\",\"valueRequired\":true,\"valueName\":\"search_term_string\"}}],\"inLanguage\":\"it-IT\"},{\"@type\":\"Organization\",\"@id\":\"https:\\\/\\\/www.organisator.ch\\\/#organization\",\"name\":\"Organisator\",\"url\":\"https:\\\/\\\/www.organisator.ch\\\/\",\"logo\":{\"@type\":\"ImageObject\",\"inLanguage\":\"it-IT\",\"@id\":\"https:\\\/\\\/www.organisator.ch\\\/#\\\/schema\\\/logo\\\/image\\\/\",\"url\":\"https:\\\/\\\/www.organisator.ch\\\/wp-content\\\/uploads\\\/2022\\\/01\\\/Logo_Organisator_Website.png\",\"contentUrl\":\"https:\\\/\\\/www.organisator.ch\\\/wp-content\\\/uploads\\\/2022\\\/01\\\/Logo_Organisator_Website.png\",\"width\":800,\"height\":77,\"caption\":\"Organisator\"},\"image\":{\"@id\":\"https:\\\/\\\/www.organisator.ch\\\/#\\\/schema\\\/logo\\\/image\\\/\"},\"sameAs\":[\"https:\\\/\\\/www.facebook.com\\\/OrganisatorFachmagazin\",\"https:\\\/\\\/www.linkedin.com\\\/showcase\\\/organisator-das-magazin-fr-kmu\",\"https:\\\/\\\/www.xing.com\\\/news\\\/pages\\\/organisator-ch-695\",\"https:\\\/\\\/www.youtube.com\\\/channel\\\/UCGP2Sq0iWaZwT3BdIAQFYpw\"]},{\"@type\":\"Person\",\"@id\":\"https:\\\/\\\/www.organisator.ch\\\/#\\\/schema\\\/person\\\/134708ca9321c57b0362cceb7948ffbd\",\"name\":\"michael.merz\",\"image\":{\"@type\":\"ImageObject\",\"inLanguage\":\"it-IT\",\"@id\":\"https:\\\/\\\/secure.gravatar.com\\\/avatar\\\/?s=96&d=mm&r=g\",\"url\":\"https:\\\/\\\/secure.gravatar.com\\\/avatar\\\/?s=96&d=mm&r=g\",\"contentUrl\":\"https:\\\/\\\/secure.gravatar.com\\\/avatar\\\/?s=96&d=mm&r=g\",\"caption\":\"michael.merz\"},\"url\":\"https:\\\/\\\/www.organisator.ch\\\/it\\\/author\\\/michael-merz\\\/\"}]}<\/script>\n<!-- \/ Yoast SEO plugin. -->","yoast_head_json":{"title":"Suva: Aumento del numero di incidenti a causa del bel tempo - Organizzatore","description":"Suva mostra: nel 2017, un numero significativamente maggiore di assicurati della Suva ha subito incidenti durante escursioni, passeggiate o in sella a moto e biciclette. Il motivo \u00e8 il clima caldo.","robots":{"index":"index","follow":"follow","max-snippet":"max-snippet:-1","max-image-preview":"max-image-preview:large","max-video-preview":"max-video-preview:-1"},"canonical":"https:\/\/www.organisator.ch\/it\/sostenibilita\/2018-01-30\/1462-2\/","og_locale":"it_IT","og_type":"article","og_title":"Suva: Gestiegene Unfallzahlen wegen sch\u00f6nem Wetter - Organisator","og_description":"Suva zeigt: 2017 verunfallten deutlich mehr Versicherte der Suva beim Wandern, Spazieren oder auf dem Motorrad und Velo. Grund daf\u00fcr war das warme Wetter.","og_url":"https:\/\/www.organisator.ch\/it\/sostenibilita\/2018-01-30\/1462-2\/","og_site_name":"Organisator","article_publisher":"https:\/\/www.facebook.com\/OrganisatorFachmagazin","article_published_time":"2018-01-30T12:08:29+00:00","article_modified_time":"2022-02-09T10:06:54+00:00","og_image":[{"width":1098,"height":708,"url":"https:\/\/www.organisator.ch\/wp-content\/uploads\/2018\/01\/SUVA-Erhebung-Schoenes-Wetter-liess-Unfallzahlen-2017-ansteigen-up-umweltperspektiven.jpg","type":"image\/jpeg"}],"author":"michael.merz","twitter_card":"summary_large_image","schema":{"@context":"https:\/\/schema.org","@graph":[{"@type":"Article","@id":"https:\/\/www.organisator.ch\/sustainability\/2018-01-30\/1462-2\/#article","isPartOf":{"@id":"https:\/\/www.organisator.ch\/sustainability\/2018-01-30\/1462-2\/"},"author":{"name":"michael.merz","@id":"https:\/\/www.organisator.ch\/#\/schema\/person\/134708ca9321c57b0362cceb7948ffbd"},"headline":"Suva: Gestiegene Unfallzahlen wegen sch\u00f6nem Wetter","datePublished":"2018-01-30T12:08:29+00:00","dateModified":"2022-02-09T10:06:54+00:00","mainEntityOfPage":{"@id":"https:\/\/www.organisator.ch\/sustainability\/2018-01-30\/1462-2\/"},"wordCount":446,"commentCount":0,"publisher":{"@id":"https:\/\/www.organisator.ch\/#organization"},"image":{"@id":"https:\/\/www.organisator.ch\/sustainability\/2018-01-30\/1462-2\/#primaryimage"},"thumbnailUrl":"https:\/\/www.organisator.ch\/wp-content\/uploads\/2018\/01\/SUVA-Erhebung-Schoenes-Wetter-liess-Unfallzahlen-2017-ansteigen-up-umweltperspektiven.jpg","keywords":["KLIMA","Schweiz","SUVA","Unf\u00e4lle"],"articleSection":["SUSTAINABILITY"],"inLanguage":"it-IT"},{"@type":"WebPage","@id":"https:\/\/www.organisator.ch\/sustainability\/2018-01-30\/1462-2\/","url":"https:\/\/www.organisator.ch\/sustainability\/2018-01-30\/1462-2\/","name":"Suva: Aumento del numero di incidenti a causa del bel tempo - Organizzatore","isPartOf":{"@id":"https:\/\/www.organisator.ch\/#website"},"primaryImageOfPage":{"@id":"https:\/\/www.organisator.ch\/sustainability\/2018-01-30\/1462-2\/#primaryimage"},"image":{"@id":"https:\/\/www.organisator.ch\/sustainability\/2018-01-30\/1462-2\/#primaryimage"},"thumbnailUrl":"https:\/\/www.organisator.ch\/wp-content\/uploads\/2018\/01\/SUVA-Erhebung-Schoenes-Wetter-liess-Unfallzahlen-2017-ansteigen-up-umweltperspektiven.jpg","datePublished":"2018-01-30T12:08:29+00:00","dateModified":"2022-02-09T10:06:54+00:00","description":"Suva mostra: nel 2017, un numero significativamente maggiore di assicurati della Suva ha subito incidenti durante escursioni, passeggiate o in sella a moto e biciclette. Il motivo \u00e8 il clima caldo.","breadcrumb":{"@id":"https:\/\/www.organisator.ch\/sustainability\/2018-01-30\/1462-2\/#breadcrumb"},"inLanguage":"it-IT","potentialAction":[{"@type":"ReadAction","target":["https:\/\/www.organisator.ch\/sustainability\/2018-01-30\/1462-2\/"]}]},{"@type":"ImageObject","inLanguage":"it-IT","@id":"https:\/\/www.organisator.ch\/sustainability\/2018-01-30\/1462-2\/#primaryimage","url":"https:\/\/www.organisator.ch\/wp-content\/uploads\/2018\/01\/SUVA-Erhebung-Schoenes-Wetter-liess-Unfallzahlen-2017-ansteigen-up-umweltperspektiven.jpg","contentUrl":"https:\/\/www.organisator.ch\/wp-content\/uploads\/2018\/01\/SUVA-Erhebung-Schoenes-Wetter-liess-Unfallzahlen-2017-ansteigen-up-umweltperspektiven.jpg","width":1098,"height":708,"caption":"Beim Auto-, Velo- und sogar Bootfahren gibt es klare Bestimmungen. Wie ist es beim Skifahren bei Gegenlicht? (Bild: pixabay)"},{"@type":"BreadcrumbList","@id":"https:\/\/www.organisator.ch\/sustainability\/2018-01-30\/1462-2\/#breadcrumb","itemListElement":[{"@type":"ListItem","position":1,"name":"Home","item":"https:\/\/www.organisator.ch\/"},{"@type":"ListItem","position":2,"name":"Suva: Gestiegene Unfallzahlen wegen sch\u00f6nem Wetter"}]},{"@type":"WebSite","@id":"https:\/\/www.organisator.ch\/#website","url":"https:\/\/www.organisator.ch\/","name":"Organizzatore","description":"Competente. Pratico. In 10 numeri all'anno, ORGANISATOR presenta i temi essenziali per i manager delle PMI.","publisher":{"@id":"https:\/\/www.organisator.ch\/#organization"},"potentialAction":[{"@type":"SearchAction","target":{"@type":"EntryPoint","urlTemplate":"https:\/\/www.organisator.ch\/?s={search_term_string}"},"query-input":{"@type":"PropertyValueSpecification","valueRequired":true,"valueName":"search_term_string"}}],"inLanguage":"it-IT"},{"@type":"Organization","@id":"https:\/\/www.organisator.ch\/#organization","name":"Organizzatore","url":"https:\/\/www.organisator.ch\/","logo":{"@type":"ImageObject","inLanguage":"it-IT","@id":"https:\/\/www.organisator.ch\/#\/schema\/logo\/image\/","url":"https:\/\/www.organisator.ch\/wp-content\/uploads\/2022\/01\/Logo_Organisator_Website.png","contentUrl":"https:\/\/www.organisator.ch\/wp-content\/uploads\/2022\/01\/Logo_Organisator_Website.png","width":800,"height":77,"caption":"Organisator"},"image":{"@id":"https:\/\/www.organisator.ch\/#\/schema\/logo\/image\/"},"sameAs":["https:\/\/www.facebook.com\/OrganisatorFachmagazin","https:\/\/www.linkedin.com\/showcase\/organisator-das-magazin-fr-kmu","https:\/\/www.xing.com\/news\/pages\/organisator-ch-695","https:\/\/www.youtube.com\/channel\/UCGP2Sq0iWaZwT3BdIAQFYpw"]},{"@type":"Person","@id":"https:\/\/www.organisator.ch\/#\/schema\/person\/134708ca9321c57b0362cceb7948ffbd","name":"michael.merz","image":{"@type":"ImageObject","inLanguage":"it-IT","@id":"https:\/\/secure.gravatar.com\/avatar\/?s=96&d=mm&r=g","url":"https:\/\/secure.gravatar.com\/avatar\/?s=96&d=mm&r=g","contentUrl":"https:\/\/secure.gravatar.com\/avatar\/?s=96&d=mm&r=g","caption":"michael.merz"},"url":"https:\/\/www.organisator.ch\/it\/author\/michael-merz\/"}]}},"_links":{"self":[{"href":"https:\/\/www.organisator.ch\/it\/wp-json\/wp\/v2\/posts\/1462","targetHints":{"allow":["GET"]}}],"collection":[{"href":"https:\/\/www.organisator.ch\/it\/wp-json\/wp\/v2\/posts"}],"about":[{"href":"https:\/\/www.organisator.ch\/it\/wp-json\/wp\/v2\/types\/post"}],"author":[{"embeddable":true,"href":"https:\/\/www.organisator.ch\/it\/wp-json\/wp\/v2\/users\/5"}],"replies":[{"embeddable":true,"href":"https:\/\/www.organisator.ch\/it\/wp-json\/wp\/v2\/comments?post=1462"}],"version-history":[{"count":1,"href":"https:\/\/www.organisator.ch\/it\/wp-json\/wp\/v2\/posts\/1462\/revisions"}],"predecessor-version":[{"id":10717,"href":"https:\/\/www.organisator.ch\/it\/wp-json\/wp\/v2\/posts\/1462\/revisions\/10717"}],"wp:featuredmedia":[{"embeddable":true,"href":"https:\/\/www.organisator.ch\/it\/wp-json\/wp\/v2\/media\/9533"}],"wp:attachment":[{"href":"https:\/\/www.organisator.ch\/it\/wp-json\/wp\/v2\/media?parent=1462"}],"wp:term":[{"taxonomy":"category","embeddable":true,"href":"https:\/\/www.organisator.ch\/it\/wp-json\/wp\/v2\/categories?post=1462"},{"taxonomy":"post_tag","embeddable":true,"href":"https:\/\/www.organisator.ch\/it\/wp-json\/wp\/v2\/tags?post=1462"}],"curies":[{"name":"wp","href":"https:\/\/api.w.org\/{rel}","templated":true}]}}