{"id":1474,"date":"2018-02-02T16:22:14","date_gmt":"2018-02-02T15:22:14","guid":{"rendered":"https:\/\/www.umweltperspektiven.ch\/?p=1474"},"modified":"2022-02-09T11:10:10","modified_gmt":"2022-02-09T10:10:10","slug":"zkb-kmu-preis-die-finalisten-stehen-fest","status":"publish","type":"post","link":"https:\/\/www.organisator.ch\/it\/sustainability\/2018-02-02\/zkb-kmu-preis-die-finalisten-stehen-fest\/","title":{"rendered":"Premio ZKB PMI per le aziende sostenibili: I finalisti sono stati determinati"},"content":{"rendered":"<figure id=\"attachment_1475\" aria-describedby=\"caption-attachment-1475\" style=\"width: 660px\" class=\"wp-caption alignnone\"><img loading=\"lazy\" decoding=\"async\" class=\"size-full wp-image-1475\" src=\"\/\/www.umweltperspektiven.ch\/wp-content\/uploads\/2018\/02\/ZKB-KMU-Preis-f\u00fcr-nachhaltige-Unternehmen-Die-Finalisten-stehen-fest-up-umweltperspektiven.jpg\" alt=\"\" width=\"660\" height=\"550\" \/><figcaption id=\"caption-attachment-1475\" class=\"wp-caption-text\">Con un premio in denaro di 150.000 franchi, la Z\u00fcrcher Kantonalbank premia ogni anno<br \/>piccole e medie imprese (PMI). (Immagine: Z\u00fcrcher Kantonalbank)<\/figcaption><\/figure>\n<p>Per la nona volta la Banca cantonale zurighese ha assegnato il premio ZKB PMI per le imprese sostenibili con un premio totale di 150'000 franchi. I cinque vincitori del premio sono stati premiati alla cerimonia di premiazione il 1\u00b0 febbraio 2018 nella Umwelt Arena Schweiz di Spreitenbach davanti a oltre 500 ospiti invitati provenienti dal mondo economico, scientifico e politico.<\/p>\n<p>Il premio principale del 2018 \u00e8 stato vinto da Hector Egger Holzbau AG di Langenthal (BE). La Acryline AG di Oberglatt (ZH) \u00e8 arrivata seconda, e il terzo posto \u00e8 andato alla Str\u00fcby Holding AG di Seewen (SZ). Il premio speciale per le piccole imprese esemplari \u00e8 stato vinto dalla Lindauer AG di Steinen (SZ). Il premio speciale per le prestazioni eccezionali \u00e8 stato assegnato alla \u00c4ss-Bar GmbH di Zurigo.<\/p>\n<p><strong>PMI esemplari<\/strong><\/p>\n<p>Sono state ricevute circa 80 domande. Da questi, otto finalisti sono stati poi premiati. Cinque di loro sono stati premiati. La giuria valuta aspetti attuali e lungimiranti dai campi dell'economia, della societ\u00e0, del management e dell'ambiente.<\/p>\n<p>I seguenti otto finalisti sono stati nominati per il ZKB SME Award 2018 (in ordine alfabetico):<\/p>\n<ul>\n<li>Acryline AG, Oberglatt (ZH)<\/li>\n<li>\u00c4ss-Bar GmbH, Zurigo (ZH)<\/li>\n<li>Hector Egger Holzbau AG, Langenthal (BE)<\/li>\n<li>Hug Baustoffe AG, N\u00e4nikon (ZH)<\/li>\n<li>Kernser Edelpilze GmbH, Kerns (OW)<\/li>\n<li>Lindauer AG, Steinen (SZ)<\/li>\n<li>Str\u00fcby Holding AG, Seewen (SZ)<\/li>\n<li>Tuwag Immobilien AG, W\u00e4denswil (ZH)<\/li>\n<\/ul>\n<p><strong>Primo posto per Hector Egger Holzbau AG<\/strong><br \/>\nIl premio principale di quest'anno \u00e8 stato vinto dalla Hector Egger Holzbau AG di Langenthal (BE), specializzata in costruzioni in legno ed elementi high-tech. Fondata nel 1848 da Samuel Rudolf Hector Egger, dal 2001 l'azienda \u00e8 gestita dal proprietario Paul Sch\u00e4r come Hector Egger Holzbau AG ed \u00e8 caratterizzata da un alto livello di innovazione e da un'ampia comprensione della sostenibilit\u00e0. Il presidente della giuria Bruno Dobler ha spiegato la decisione:<\/p>\n<p>\"Hector Egger Holzbau AG \u00e8 un'azienda familiare profondamente ancorata a livello regionale e locale. Il livello elevato ed equilibrato in tutte le dimensioni della sostenibilit\u00e0, l'impegno culturale e soprattutto la straordinaria forza innovativa hanno impressionato la giuria e ci hanno convinto ad assegnare alla Hector Egger Holzbau AG il premio principale di quest'anno del ZKB SME Award\".<\/p>\n<p><strong>L'argento e il bronzo vanno a Acryline AG e Str\u00fcby Holding AG<\/strong><br \/>\nIl secondo posto \u00e8 andato a Acryline AG, un'azienda leader nella lavorazione della plastica e del vetro acrilico.<br \/>\ncon sede e produzione a Oberglatt vicino a Zurigo. Tecnologia all'avanguardia e un quarto di secolo di esperienza fanno dell'azienda, fondata nel 1989 da Thomas Cahak, un importante leader del settore nell'industria e nella pubblicit\u00e0.<\/p>\n<p>Nella sua dichiarazione, la giuria ha sottolineato che Acryline AG ha raggiunto una posizione eccellente nella tecnologia della plastica e della pubblicit\u00e0 negli ultimi 29 anni. Gli investimenti in nuove tecnologie, l'uso responsabile della plastica come risorsa e la riduzione dell'inquinamento ambientale, cos\u00ec come il trattamento prudente dei dipendenti, sono stati convincenti.<\/p>\n<p>Il terzo posto \u00e8 andato all'azienda svizzera di architettura e costruzioni in legno Str\u00fcby Holding AG di Seewen (SZ). L'azienda si \u00e8 trasformata da un'impresa di costruzioni in legno in un fornitore di servizi totali. L'efficienza ambientale \u00e8 una priorit\u00e0 assoluta in tutto il processo aziendale. Inoltre, l'uso di nuove tecnologie, gli alti standard ambientali e la forza innovativa tangibile hanno fatto pendere la bilancia dalla parte della giuria.<\/p>\n<p><em>La giuria \u00e8 composta da rappresentanti della Z\u00fcrcher Kantonalbank, dai partner CCRS (Center for Corporate Responsibility and Sustainability) e \u00f6bu (Association for Sustainable Business) e da rinomati rappresentanti delle PMI. I premi sono dati alle piccole e medie imprese (PMI) che danno un contributo eccezionale allo sviluppo sostenibile nel contesto delle loro attivit\u00e0 imprenditoriali.<\/em><\/p>\n<p><a href=\"\/\/www.zkb.ch\/kmupreis\" target=\"_blank\" rel=\"noopener noreferrer\">www.zkb.ch\/kmupreis<\/a><\/p>","protected":false},"excerpt":{"rendered":"<p>Die Z\u00fcrcher Kantonalbank hat zum neunten Mal den mit einer Preissumme von insgesamt CHF 150\u2018000.- dotierten ZKB KMU-Preis f\u00fcr nachhaltige Unternehmen vergeben. Die f\u00fcnf Preistr\u00e4ger wurden an der Preisverleihung am 1. Februar 2018 in der Umwelt Arena Schweiz in Spreitenbach vor \u00fcber 500 geladenen G\u00e4sten aus Wirtschaft, Wissenschaft und Politik pr\u00e4miert. Den Hauptpreis gewann 2018 [&hellip;]<\/p>\n","protected":false},"author":5,"featured_media":1475,"comment_status":"open","ping_status":"open","sticky":false,"template":"","format":"standard","meta":{"_acf_changed":false,"_yoast_wpseo_focuskw":"ZKB KMU-Preis f\u00fcr nachhaltige Unternehmen","_yoast_wpseo_metadesc":"Am 1. Februar 2018 hat die Z\u00fcrcher Kantonalbank zum neunten Mal den ZKB KMU-Preis f\u00fcr nachhaltige Unternehmen in der Umweltarena vergeben.","articlekey":"","footnotes":""},"categories":[580],"tags":[301,358,1792,542],"class_list":["post-1474","post","type-post","status-publish","format-standard","has-post-thumbnail","hentry","category-sustainability","tag-kmu","tag-nachhaltige-wirtschaft","tag-nachhaltigkeitspreis","tag-zuerich"],"acf":[],"yoast_head":"<!-- This site is optimized with the Yoast SEO plugin v27.5 - https:\/\/yoast.com\/product\/yoast-seo-wordpress\/ -->\n<title>ZKB KMU-Preis f\u00fcr nachhaltige Unternehmen: Die Finalisten stehen fest - Organisator<\/title>\n<meta name=\"description\" content=\"Am 1. Februar 2018 hat die Z\u00fcrcher Kantonalbank zum neunten Mal den ZKB KMU-Preis f\u00fcr nachhaltige Unternehmen in der Umweltarena vergeben.\" \/>\n<meta name=\"robots\" content=\"index, follow, max-snippet:-1, max-image-preview:large, max-video-preview:-1\" \/>\n<link rel=\"canonical\" href=\"https:\/\/www.organisator.ch\/it\/sostenibilita\/2018-02-02\/zkb-kmu-preis-die-finalisten-stehen-fest\/\" \/>\n<meta property=\"og:locale\" content=\"it_IT\" \/>\n<meta property=\"og:type\" content=\"article\" \/>\n<meta property=\"og:title\" content=\"ZKB KMU-Preis f\u00fcr nachhaltige Unternehmen: Die Finalisten stehen fest - Organisator\" \/>\n<meta property=\"og:description\" content=\"Am 1. Februar 2018 hat die Z\u00fcrcher Kantonalbank zum neunten Mal den ZKB KMU-Preis f\u00fcr nachhaltige Unternehmen in der Umweltarena vergeben.\" \/>\n<meta property=\"og:url\" content=\"https:\/\/www.organisator.ch\/it\/sostenibilita\/2018-02-02\/zkb-kmu-preis-die-finalisten-stehen-fest\/\" \/>\n<meta property=\"og:site_name\" content=\"Organisator\" \/>\n<meta property=\"article:publisher\" content=\"https:\/\/www.facebook.com\/OrganisatorFachmagazin\" \/>\n<meta property=\"article:published_time\" content=\"2018-02-02T15:22:14+00:00\" \/>\n<meta property=\"article:modified_time\" content=\"2022-02-09T10:10:10+00:00\" \/>\n<meta property=\"og:image\" content=\"https:\/\/www.organisator.ch\/wp-content\/uploads\/2018\/02\/ZKB-KMU-Preis-fuer-nachhaltige-Unternehmen-Die-Finalisten-stehen-fest-up-umweltperspektiven.jpg\" \/>\n\t<meta property=\"og:image:width\" content=\"660\" \/>\n\t<meta property=\"og:image:height\" content=\"550\" \/>\n\t<meta property=\"og:image:type\" content=\"image\/jpeg\" \/>\n<meta name=\"author\" content=\"michael.merz\" \/>\n<meta name=\"twitter:card\" content=\"summary_large_image\" \/>\n<script type=\"application\/ld+json\" class=\"yoast-schema-graph\">{\"@context\":\"https:\\\/\\\/schema.org\",\"@graph\":[{\"@type\":\"Article\",\"@id\":\"https:\\\/\\\/www.organisator.ch\\\/sustainability\\\/2018-02-02\\\/zkb-kmu-preis-die-finalisten-stehen-fest\\\/#article\",\"isPartOf\":{\"@id\":\"https:\\\/\\\/www.organisator.ch\\\/sustainability\\\/2018-02-02\\\/zkb-kmu-preis-die-finalisten-stehen-fest\\\/\"},\"author\":{\"name\":\"michael.merz\",\"@id\":\"https:\\\/\\\/www.organisator.ch\\\/#\\\/schema\\\/person\\\/134708ca9321c57b0362cceb7948ffbd\"},\"headline\":\"ZKB KMU-Preis f\u00fcr nachhaltige Unternehmen: Die Finalisten stehen fest\",\"datePublished\":\"2018-02-02T15:22:14+00:00\",\"dateModified\":\"2022-02-09T10:10:10+00:00\",\"mainEntityOfPage\":{\"@id\":\"https:\\\/\\\/www.organisator.ch\\\/sustainability\\\/2018-02-02\\\/zkb-kmu-preis-die-finalisten-stehen-fest\\\/\"},\"wordCount\":602,\"commentCount\":0,\"publisher\":{\"@id\":\"https:\\\/\\\/www.organisator.ch\\\/#organization\"},\"image\":{\"@id\":\"https:\\\/\\\/www.organisator.ch\\\/sustainability\\\/2018-02-02\\\/zkb-kmu-preis-die-finalisten-stehen-fest\\\/#primaryimage\"},\"thumbnailUrl\":\"https:\\\/\\\/www.organisator.ch\\\/wp-content\\\/uploads\\\/2018\\\/02\\\/ZKB-KMU-Preis-fuer-nachhaltige-Unternehmen-Die-Finalisten-stehen-fest-up-umweltperspektiven.jpg\",\"keywords\":[\"KMU\",\"Nachhaltige Wirtschaft\",\"Nachhaltigkeitspreis\",\"Z\u00fcrich\"],\"articleSection\":[\"SUSTAINABILITY\"],\"inLanguage\":\"it-IT\"},{\"@type\":\"WebPage\",\"@id\":\"https:\\\/\\\/www.organisator.ch\\\/sustainability\\\/2018-02-02\\\/zkb-kmu-preis-die-finalisten-stehen-fest\\\/\",\"url\":\"https:\\\/\\\/www.organisator.ch\\\/sustainability\\\/2018-02-02\\\/zkb-kmu-preis-die-finalisten-stehen-fest\\\/\",\"name\":\"ZKB KMU-Preis f\u00fcr nachhaltige Unternehmen: Die Finalisten stehen fest - Organisator\",\"isPartOf\":{\"@id\":\"https:\\\/\\\/www.organisator.ch\\\/#website\"},\"primaryImageOfPage\":{\"@id\":\"https:\\\/\\\/www.organisator.ch\\\/sustainability\\\/2018-02-02\\\/zkb-kmu-preis-die-finalisten-stehen-fest\\\/#primaryimage\"},\"image\":{\"@id\":\"https:\\\/\\\/www.organisator.ch\\\/sustainability\\\/2018-02-02\\\/zkb-kmu-preis-die-finalisten-stehen-fest\\\/#primaryimage\"},\"thumbnailUrl\":\"https:\\\/\\\/www.organisator.ch\\\/wp-content\\\/uploads\\\/2018\\\/02\\\/ZKB-KMU-Preis-fuer-nachhaltige-Unternehmen-Die-Finalisten-stehen-fest-up-umweltperspektiven.jpg\",\"datePublished\":\"2018-02-02T15:22:14+00:00\",\"dateModified\":\"2022-02-09T10:10:10+00:00\",\"description\":\"Am 1. Februar 2018 hat die Z\u00fcrcher Kantonalbank zum neunten Mal den ZKB KMU-Preis f\u00fcr nachhaltige Unternehmen in der Umweltarena vergeben.\",\"breadcrumb\":{\"@id\":\"https:\\\/\\\/www.organisator.ch\\\/sustainability\\\/2018-02-02\\\/zkb-kmu-preis-die-finalisten-stehen-fest\\\/#breadcrumb\"},\"inLanguage\":\"it-IT\",\"potentialAction\":[{\"@type\":\"ReadAction\",\"target\":[\"https:\\\/\\\/www.organisator.ch\\\/sustainability\\\/2018-02-02\\\/zkb-kmu-preis-die-finalisten-stehen-fest\\\/\"]}]},{\"@type\":\"ImageObject\",\"inLanguage\":\"it-IT\",\"@id\":\"https:\\\/\\\/www.organisator.ch\\\/sustainability\\\/2018-02-02\\\/zkb-kmu-preis-die-finalisten-stehen-fest\\\/#primaryimage\",\"url\":\"https:\\\/\\\/www.organisator.ch\\\/wp-content\\\/uploads\\\/2018\\\/02\\\/ZKB-KMU-Preis-fuer-nachhaltige-Unternehmen-Die-Finalisten-stehen-fest-up-umweltperspektiven.jpg\",\"contentUrl\":\"https:\\\/\\\/www.organisator.ch\\\/wp-content\\\/uploads\\\/2018\\\/02\\\/ZKB-KMU-Preis-fuer-nachhaltige-Unternehmen-Die-Finalisten-stehen-fest-up-umweltperspektiven.jpg\",\"width\":660,\"height\":550,\"caption\":\"Mit einer Preissumme von CHF 150\u2018000.-pr\u00e4miert die Z\u00fcrcher Kantonalbank j\u00e4hrlich kleine und mittlere Unternehmen (KMU). (Bild: Z\u00fcrcher Kantonalbank)\"},{\"@type\":\"BreadcrumbList\",\"@id\":\"https:\\\/\\\/www.organisator.ch\\\/sustainability\\\/2018-02-02\\\/zkb-kmu-preis-die-finalisten-stehen-fest\\\/#breadcrumb\",\"itemListElement\":[{\"@type\":\"ListItem\",\"position\":1,\"name\":\"Home\",\"item\":\"https:\\\/\\\/www.organisator.ch\\\/\"},{\"@type\":\"ListItem\",\"position\":2,\"name\":\"ZKB KMU-Preis f\u00fcr nachhaltige Unternehmen: Die Finalisten stehen fest\"}]},{\"@type\":\"WebSite\",\"@id\":\"https:\\\/\\\/www.organisator.ch\\\/#website\",\"url\":\"https:\\\/\\\/www.organisator.ch\\\/\",\"name\":\"Organisator\",\"description\":\"Kompetent. Praxisnah. Der ORGANISATOR bereitet in 10 Ausgaben pro Jahr die wesentlichen Themen f\u00fcr F\u00fchrungskr\u00e4fte von KMU auf.\",\"publisher\":{\"@id\":\"https:\\\/\\\/www.organisator.ch\\\/#organization\"},\"potentialAction\":[{\"@type\":\"SearchAction\",\"target\":{\"@type\":\"EntryPoint\",\"urlTemplate\":\"https:\\\/\\\/www.organisator.ch\\\/?s={search_term_string}\"},\"query-input\":{\"@type\":\"PropertyValueSpecification\",\"valueRequired\":true,\"valueName\":\"search_term_string\"}}],\"inLanguage\":\"it-IT\"},{\"@type\":\"Organization\",\"@id\":\"https:\\\/\\\/www.organisator.ch\\\/#organization\",\"name\":\"Organisator\",\"url\":\"https:\\\/\\\/www.organisator.ch\\\/\",\"logo\":{\"@type\":\"ImageObject\",\"inLanguage\":\"it-IT\",\"@id\":\"https:\\\/\\\/www.organisator.ch\\\/#\\\/schema\\\/logo\\\/image\\\/\",\"url\":\"https:\\\/\\\/www.organisator.ch\\\/wp-content\\\/uploads\\\/2022\\\/01\\\/Logo_Organisator_Website.png\",\"contentUrl\":\"https:\\\/\\\/www.organisator.ch\\\/wp-content\\\/uploads\\\/2022\\\/01\\\/Logo_Organisator_Website.png\",\"width\":800,\"height\":77,\"caption\":\"Organisator\"},\"image\":{\"@id\":\"https:\\\/\\\/www.organisator.ch\\\/#\\\/schema\\\/logo\\\/image\\\/\"},\"sameAs\":[\"https:\\\/\\\/www.facebook.com\\\/OrganisatorFachmagazin\",\"https:\\\/\\\/www.linkedin.com\\\/showcase\\\/organisator-das-magazin-fr-kmu\",\"https:\\\/\\\/www.xing.com\\\/news\\\/pages\\\/organisator-ch-695\",\"https:\\\/\\\/www.youtube.com\\\/channel\\\/UCGP2Sq0iWaZwT3BdIAQFYpw\"]},{\"@type\":\"Person\",\"@id\":\"https:\\\/\\\/www.organisator.ch\\\/#\\\/schema\\\/person\\\/134708ca9321c57b0362cceb7948ffbd\",\"name\":\"michael.merz\",\"image\":{\"@type\":\"ImageObject\",\"inLanguage\":\"it-IT\",\"@id\":\"https:\\\/\\\/secure.gravatar.com\\\/avatar\\\/?s=96&d=mm&r=g\",\"url\":\"https:\\\/\\\/secure.gravatar.com\\\/avatar\\\/?s=96&d=mm&r=g\",\"contentUrl\":\"https:\\\/\\\/secure.gravatar.com\\\/avatar\\\/?s=96&d=mm&r=g\",\"caption\":\"michael.merz\"},\"url\":\"https:\\\/\\\/www.organisator.ch\\\/it\\\/author\\\/michael-merz\\\/\"}]}<\/script>\n<!-- \/ Yoast SEO plugin. -->","yoast_head_json":{"title":"Premio ZKB PMI per le imprese sostenibili: I finalisti sono stati determinati - Organizzatore","description":"Il 1\u00b0 febbraio 2018 la Z\u00fcrcher Kantonalbank ha assegnato per la nona volta il Premio ZKB per le PMI per le imprese sostenibili nella Umweltarena.","robots":{"index":"index","follow":"follow","max-snippet":"max-snippet:-1","max-image-preview":"max-image-preview:large","max-video-preview":"max-video-preview:-1"},"canonical":"https:\/\/www.organisator.ch\/it\/sostenibilita\/2018-02-02\/zkb-kmu-preis-die-finalisten-stehen-fest\/","og_locale":"it_IT","og_type":"article","og_title":"ZKB KMU-Preis f\u00fcr nachhaltige Unternehmen: Die Finalisten stehen fest - Organisator","og_description":"Am 1. Februar 2018 hat die Z\u00fcrcher Kantonalbank zum neunten Mal den ZKB KMU-Preis f\u00fcr nachhaltige Unternehmen in der Umweltarena vergeben.","og_url":"https:\/\/www.organisator.ch\/it\/sostenibilita\/2018-02-02\/zkb-kmu-preis-die-finalisten-stehen-fest\/","og_site_name":"Organisator","article_publisher":"https:\/\/www.facebook.com\/OrganisatorFachmagazin","article_published_time":"2018-02-02T15:22:14+00:00","article_modified_time":"2022-02-09T10:10:10+00:00","og_image":[{"width":660,"height":550,"url":"https:\/\/www.organisator.ch\/wp-content\/uploads\/2018\/02\/ZKB-KMU-Preis-fuer-nachhaltige-Unternehmen-Die-Finalisten-stehen-fest-up-umweltperspektiven.jpg","type":"image\/jpeg"}],"author":"michael.merz","twitter_card":"summary_large_image","schema":{"@context":"https:\/\/schema.org","@graph":[{"@type":"Article","@id":"https:\/\/www.organisator.ch\/sustainability\/2018-02-02\/zkb-kmu-preis-die-finalisten-stehen-fest\/#article","isPartOf":{"@id":"https:\/\/www.organisator.ch\/sustainability\/2018-02-02\/zkb-kmu-preis-die-finalisten-stehen-fest\/"},"author":{"name":"michael.merz","@id":"https:\/\/www.organisator.ch\/#\/schema\/person\/134708ca9321c57b0362cceb7948ffbd"},"headline":"ZKB KMU-Preis f\u00fcr nachhaltige Unternehmen: Die Finalisten stehen fest","datePublished":"2018-02-02T15:22:14+00:00","dateModified":"2022-02-09T10:10:10+00:00","mainEntityOfPage":{"@id":"https:\/\/www.organisator.ch\/sustainability\/2018-02-02\/zkb-kmu-preis-die-finalisten-stehen-fest\/"},"wordCount":602,"commentCount":0,"publisher":{"@id":"https:\/\/www.organisator.ch\/#organization"},"image":{"@id":"https:\/\/www.organisator.ch\/sustainability\/2018-02-02\/zkb-kmu-preis-die-finalisten-stehen-fest\/#primaryimage"},"thumbnailUrl":"https:\/\/www.organisator.ch\/wp-content\/uploads\/2018\/02\/ZKB-KMU-Preis-fuer-nachhaltige-Unternehmen-Die-Finalisten-stehen-fest-up-umweltperspektiven.jpg","keywords":["KMU","Nachhaltige Wirtschaft","Nachhaltigkeitspreis","Z\u00fcrich"],"articleSection":["SUSTAINABILITY"],"inLanguage":"it-IT"},{"@type":"WebPage","@id":"https:\/\/www.organisator.ch\/sustainability\/2018-02-02\/zkb-kmu-preis-die-finalisten-stehen-fest\/","url":"https:\/\/www.organisator.ch\/sustainability\/2018-02-02\/zkb-kmu-preis-die-finalisten-stehen-fest\/","name":"Premio ZKB PMI per le imprese sostenibili: I finalisti sono stati determinati - Organizzatore","isPartOf":{"@id":"https:\/\/www.organisator.ch\/#website"},"primaryImageOfPage":{"@id":"https:\/\/www.organisator.ch\/sustainability\/2018-02-02\/zkb-kmu-preis-die-finalisten-stehen-fest\/#primaryimage"},"image":{"@id":"https:\/\/www.organisator.ch\/sustainability\/2018-02-02\/zkb-kmu-preis-die-finalisten-stehen-fest\/#primaryimage"},"thumbnailUrl":"https:\/\/www.organisator.ch\/wp-content\/uploads\/2018\/02\/ZKB-KMU-Preis-fuer-nachhaltige-Unternehmen-Die-Finalisten-stehen-fest-up-umweltperspektiven.jpg","datePublished":"2018-02-02T15:22:14+00:00","dateModified":"2022-02-09T10:10:10+00:00","description":"Il 1\u00b0 febbraio 2018 la Z\u00fcrcher Kantonalbank ha assegnato per la nona volta il Premio ZKB per le PMI per le imprese sostenibili nella Umweltarena.","breadcrumb":{"@id":"https:\/\/www.organisator.ch\/sustainability\/2018-02-02\/zkb-kmu-preis-die-finalisten-stehen-fest\/#breadcrumb"},"inLanguage":"it-IT","potentialAction":[{"@type":"ReadAction","target":["https:\/\/www.organisator.ch\/sustainability\/2018-02-02\/zkb-kmu-preis-die-finalisten-stehen-fest\/"]}]},{"@type":"ImageObject","inLanguage":"it-IT","@id":"https:\/\/www.organisator.ch\/sustainability\/2018-02-02\/zkb-kmu-preis-die-finalisten-stehen-fest\/#primaryimage","url":"https:\/\/www.organisator.ch\/wp-content\/uploads\/2018\/02\/ZKB-KMU-Preis-fuer-nachhaltige-Unternehmen-Die-Finalisten-stehen-fest-up-umweltperspektiven.jpg","contentUrl":"https:\/\/www.organisator.ch\/wp-content\/uploads\/2018\/02\/ZKB-KMU-Preis-fuer-nachhaltige-Unternehmen-Die-Finalisten-stehen-fest-up-umweltperspektiven.jpg","width":660,"height":550,"caption":"Mit einer Preissumme von CHF 150\u2018000.-pr\u00e4miert die Z\u00fcrcher Kantonalbank j\u00e4hrlich kleine und mittlere Unternehmen (KMU). (Bild: Z\u00fcrcher Kantonalbank)"},{"@type":"BreadcrumbList","@id":"https:\/\/www.organisator.ch\/sustainability\/2018-02-02\/zkb-kmu-preis-die-finalisten-stehen-fest\/#breadcrumb","itemListElement":[{"@type":"ListItem","position":1,"name":"Home","item":"https:\/\/www.organisator.ch\/"},{"@type":"ListItem","position":2,"name":"ZKB KMU-Preis f\u00fcr nachhaltige Unternehmen: Die Finalisten stehen fest"}]},{"@type":"WebSite","@id":"https:\/\/www.organisator.ch\/#website","url":"https:\/\/www.organisator.ch\/","name":"Organizzatore","description":"Competente. Pratico. In 10 numeri all'anno, ORGANISATOR presenta i temi essenziali per i manager delle PMI.","publisher":{"@id":"https:\/\/www.organisator.ch\/#organization"},"potentialAction":[{"@type":"SearchAction","target":{"@type":"EntryPoint","urlTemplate":"https:\/\/www.organisator.ch\/?s={search_term_string}"},"query-input":{"@type":"PropertyValueSpecification","valueRequired":true,"valueName":"search_term_string"}}],"inLanguage":"it-IT"},{"@type":"Organization","@id":"https:\/\/www.organisator.ch\/#organization","name":"Organizzatore","url":"https:\/\/www.organisator.ch\/","logo":{"@type":"ImageObject","inLanguage":"it-IT","@id":"https:\/\/www.organisator.ch\/#\/schema\/logo\/image\/","url":"https:\/\/www.organisator.ch\/wp-content\/uploads\/2022\/01\/Logo_Organisator_Website.png","contentUrl":"https:\/\/www.organisator.ch\/wp-content\/uploads\/2022\/01\/Logo_Organisator_Website.png","width":800,"height":77,"caption":"Organisator"},"image":{"@id":"https:\/\/www.organisator.ch\/#\/schema\/logo\/image\/"},"sameAs":["https:\/\/www.facebook.com\/OrganisatorFachmagazin","https:\/\/www.linkedin.com\/showcase\/organisator-das-magazin-fr-kmu","https:\/\/www.xing.com\/news\/pages\/organisator-ch-695","https:\/\/www.youtube.com\/channel\/UCGP2Sq0iWaZwT3BdIAQFYpw"]},{"@type":"Person","@id":"https:\/\/www.organisator.ch\/#\/schema\/person\/134708ca9321c57b0362cceb7948ffbd","name":"michael.merz","image":{"@type":"ImageObject","inLanguage":"it-IT","@id":"https:\/\/secure.gravatar.com\/avatar\/?s=96&d=mm&r=g","url":"https:\/\/secure.gravatar.com\/avatar\/?s=96&d=mm&r=g","contentUrl":"https:\/\/secure.gravatar.com\/avatar\/?s=96&d=mm&r=g","caption":"michael.merz"},"url":"https:\/\/www.organisator.ch\/it\/author\/michael-merz\/"}]}},"_links":{"self":[{"href":"https:\/\/www.organisator.ch\/it\/wp-json\/wp\/v2\/posts\/1474","targetHints":{"allow":["GET"]}}],"collection":[{"href":"https:\/\/www.organisator.ch\/it\/wp-json\/wp\/v2\/posts"}],"about":[{"href":"https:\/\/www.organisator.ch\/it\/wp-json\/wp\/v2\/types\/post"}],"author":[{"embeddable":true,"href":"https:\/\/www.organisator.ch\/it\/wp-json\/wp\/v2\/users\/5"}],"replies":[{"embeddable":true,"href":"https:\/\/www.organisator.ch\/it\/wp-json\/wp\/v2\/comments?post=1474"}],"version-history":[{"count":1,"href":"https:\/\/www.organisator.ch\/it\/wp-json\/wp\/v2\/posts\/1474\/revisions"}],"predecessor-version":[{"id":10928,"href":"https:\/\/www.organisator.ch\/it\/wp-json\/wp\/v2\/posts\/1474\/revisions\/10928"}],"wp:featuredmedia":[{"embeddable":true,"href":"https:\/\/www.organisator.ch\/it\/wp-json\/wp\/v2\/media\/1475"}],"wp:attachment":[{"href":"https:\/\/www.organisator.ch\/it\/wp-json\/wp\/v2\/media?parent=1474"}],"wp:term":[{"taxonomy":"category","embeddable":true,"href":"https:\/\/www.organisator.ch\/it\/wp-json\/wp\/v2\/categories?post=1474"},{"taxonomy":"post_tag","embeddable":true,"href":"https:\/\/www.organisator.ch\/it\/wp-json\/wp\/v2\/tags?post=1474"}],"curies":[{"name":"wp","href":"https:\/\/api.w.org\/{rel}","templated":true}]}}