{"id":1477,"date":"2017-02-06T13:46:37","date_gmt":"2017-02-06T12:46:37","guid":{"rendered":"https:\/\/www.organisator.ch\/?p=1477"},"modified":"2017-02-06T13:46:37","modified_gmt":"2017-02-06T12:46:37","slug":"unternehmensleitmedien-gedruckte-mitarbeiternews-und-intranet","status":"publish","type":"post","link":"https:\/\/www.organisator.ch\/it\/human-resources\/hrm\/2017-02-06\/unternehmensleitmedien-gedruckte-mitarbeiternews-und-intranet\/","title":{"rendered":"Media aziendali: notizie stampate per il personale e intranet"},"content":{"rendered":"<figure id=\"attachment_1482\" aria-describedby=\"caption-attachment-1482\" style=\"width: 640px\" class=\"wp-caption alignnone\"><img loading=\"lazy\" decoding=\"async\" class=\"size-full wp-image-1482\" src=\"https:\/\/www.organisator.ch\/wp-content\/uploads\/2017\/02\/Leitmedien-gedruckte-Mitarbeiternews-org-organisator.jpg\" alt=\"\" width=\"640\" height=\"427\" srcset=\"https:\/\/www.organisator.ch\/wp-content\/uploads\/2017\/02\/Leitmedien-gedruckte-Mitarbeiternews-org-organisator.jpg 640w, https:\/\/www.organisator.ch\/wp-content\/uploads\/2017\/02\/Leitmedien-gedruckte-Mitarbeiternews-org-organisator-16x12.jpg 16w, https:\/\/www.organisator.ch\/wp-content\/uploads\/2017\/02\/Leitmedien-gedruckte-Mitarbeiternews-org-organisator-262x175.jpg 262w, https:\/\/www.organisator.ch\/wp-content\/uploads\/2017\/02\/Leitmedien-gedruckte-Mitarbeiternews-org-organisator-525x350.jpg 525w, https:\/\/www.organisator.ch\/wp-content\/uploads\/2017\/02\/Leitmedien-gedruckte-Mitarbeiternews-org-organisator-300x200.jpg 300w\" sizes=\"auto, (max-width: 640px) 100vw, 640px\" \/><figcaption id=\"caption-attachment-1482\" class=\"wp-caption-text\">Le maggiori aziende svizzere informano i propri dipendenti tramite intranet o sotto forma di giornale per i dipendenti: in altre parole, tendono a farlo offline. (Immagine: Depositphotos)<\/figcaption><\/figure>\n<p>Per la prima volta, il fact check di Perikom fornisce un quadro preciso della situazione della comunicazione interna nelle grandi aziende svizzere. Il sondaggio \u00e8 stato richiesto a 150 aziende. Solo quattro dei cento pi\u00f9 grandi non hanno voluto fornire alcuna informazione.<\/p>\n<p><strong>Quali sono i canali pi\u00f9 importanti?<\/strong><\/p>\n<p>Perikom ha posto una domanda volutamente aperta sul \"lead medium\" nella comunicazione interna. La gamma di risposte \u00e8 stata ampia: 60 aziende hanno indicato \"intranet\" senza una specificazione precisa, alcune hanno aggiunto e specificato \"e-mail ai dipendenti\", \"rivista online\", \"schermi informativi\" o \"webcast\". Solo quattro aziende hanno dichiarato di lavorare con le app o di aver gi\u00e0 portato la intranet sugli smartphone dei dipendenti. Tuttavia, a domanda, molte aziende hanno in programma di farlo.<\/p>\n<p>Il giornale del personale \u00e8 stato indicato come unico mezzo di comunicazione principale nel 20% dei casi. Se si includono le doppie menzioni, il giornale stampato dei dipendenti \u00e8 ancora considerato il mezzo principale dal 40%. La categoria dei media offline deve includere anche la classica bacheca, che \u00e8 stata ancora indicata come mezzo principale da cinque aziende.<\/p>\n<p><strong>Comunicare e parlare <\/strong><\/p>\n<p>Il quarto canale di comunicazione interna, la comunicazione faccia a faccia o interpersonale diretta, \u00e8 stato citato solo in cinque casi (eventi informativi per il personale). Allarmante. La funzione della persona responsabile della comunicazione interna sta scomparendo?<\/p>\n<p>Inoltre, l'indagine ha chiesto quante posizioni a tempo pieno nei dipartimenti di comunicazione sono dedicate alla comunicazione interna. Una tendenza \u00e8 emersa chiaramente: una chiara assegnazione dei compiti in base agli stakeholder sta diventando sempre pi\u00f9 rara.<\/p>\n<p><strong>Posizioni semi-strutturate a tempo pieno <\/strong><\/p>\n<p>Sono sempre pi\u00f9 diffusi i team editoriali misti, in cui i compiti di comunicazione interna sono assunti da diversi membri del team a seconda dell'area tematica (parola chiave newsroom). Se si chiedono gli equivalenti a tempo pieno (FTE), solo undici grandi aziende dichiarano una spesa superiore al cinque per cento per la comunicazione interna. La maggior parte di essi impiega da una a due posizioni del personale per questo scopo.<\/p>\n<p><img loading=\"lazy\" decoding=\"async\" class=\"alignnone size-medium wp-image-1479\" src=\"https:\/\/www.organisator.ch\/wp-content\/uploads\/2017\/02\/Grafik-Anteil-Maz.png\" alt=\"\" width=\"680\" height=\"536\" srcset=\"https:\/\/www.organisator.ch\/wp-content\/uploads\/2017\/02\/Grafik-Anteil-Maz.png 827w, https:\/\/www.organisator.ch\/wp-content\/uploads\/2017\/02\/Grafik-Anteil-Maz-680x536.png 680w, https:\/\/www.organisator.ch\/wp-content\/uploads\/2017\/02\/Grafik-Anteil-Maz-768x605.png 768w, https:\/\/www.organisator.ch\/wp-content\/uploads\/2017\/02\/Grafik-Anteil-Maz-16x12.png 16w, https:\/\/www.organisator.ch\/wp-content\/uploads\/2017\/02\/Grafik-Anteil-Maz-222x175.png 222w, https:\/\/www.organisator.ch\/wp-content\/uploads\/2017\/02\/Grafik-Anteil-Maz-444x350.png 444w, https:\/\/www.organisator.ch\/wp-content\/uploads\/2017\/02\/Grafik-Anteil-Maz-300x237.png 300w\" sizes=\"auto, (max-width: 680px) 100vw, 680px\" \/><\/p>\n<p><em>L'attuale studio completo \u00e8 disponibile gratuitamente per gli attuali membri di Perikom. Le parti interessate devono contattare Andreas J\u00e4ggi, amministratore delegato di Perikom, info@perikom.ch.<\/em><\/p>","protected":false},"excerpt":{"rendered":"<p>Der Perikom-Faktencheck gibt erstmalig ein akkurates Bild der Situation der internen Kommunikation in grossen Schweizer Unternehmen. F\u00fcr die Umfrage wurden 150 Unternehmen angefragt. Lediglich vier unter den gr\u00f6ssten hundert wollten keinerlei Ausk\u00fcnfte geben. Welche Kan\u00e4le sind am wichtigsten? Perikom fragte in einer bewusst offenen Frage nach dem \u201eLeadmedium\u201c in der internen Kommunikation. Die Bandbreite der [&hellip;]<\/p>\n","protected":false},"author":5,"featured_media":1482,"comment_status":"open","ping_status":"open","sticky":false,"template":"","format":"standard","meta":{"_acf_changed":false,"_yoast_wpseo_focuskw":"Mitarbeiternews","_yoast_wpseo_metadesc":"Erstaunlich, noch rund 62 Prozent von Schweizer Firmen publizieren gedruckte Mitarbeiternews. Gleichwohl liegt das Intranet vorne, unterstreicht eine Umfrage von Perikom.","articlekey":"","footnotes":""},"categories":[26],"tags":[325,352,378],"class_list":["post-1477","post","type-post","status-publish","format-standard","has-post-thumbnail","hentry","category-hrm","tag-leitmedien","tag-mitarbeiterzeitung","tag-perikom"],"acf":[],"yoast_head":"<!-- This site is optimized with the Yoast SEO plugin v27.5 - https:\/\/yoast.com\/product\/yoast-seo-wordpress\/ -->\n<title>Firmenleitmedien: Gedruckte Mitarbeiternews und Intranet - Organisator<\/title>\n<meta name=\"description\" content=\"Erstaunlich, noch rund 62 Prozent von Schweizer Firmen publizieren gedruckte Mitarbeiternews. Gleichwohl liegt das Intranet vorne, unterstreicht eine Umfrage von Perikom.\" \/>\n<meta name=\"robots\" content=\"index, follow, max-snippet:-1, max-image-preview:large, max-video-preview:-1\" \/>\n<link rel=\"canonical\" href=\"https:\/\/www.organisator.ch\/it\/risorse-umane\/hrm\/2017-02-06\/unternehmensleitmedien-gedruckte-mitarbeiternews-und-intranet\/\" \/>\n<meta property=\"og:locale\" content=\"it_IT\" \/>\n<meta property=\"og:type\" content=\"article\" \/>\n<meta property=\"og:title\" content=\"Firmenleitmedien: Gedruckte Mitarbeiternews und Intranet - Organisator\" \/>\n<meta property=\"og:description\" content=\"Erstaunlich, noch rund 62 Prozent von Schweizer Firmen publizieren gedruckte Mitarbeiternews. Gleichwohl liegt das Intranet vorne, unterstreicht eine Umfrage von Perikom.\" \/>\n<meta property=\"og:url\" content=\"https:\/\/www.organisator.ch\/it\/risorse-umane\/hrm\/2017-02-06\/unternehmensleitmedien-gedruckte-mitarbeiternews-und-intranet\/\" \/>\n<meta property=\"og:site_name\" content=\"Organisator\" \/>\n<meta property=\"article:publisher\" content=\"https:\/\/www.facebook.com\/OrganisatorFachmagazin\" \/>\n<meta property=\"article:published_time\" content=\"2017-02-06T12:46:37+00:00\" \/>\n<meta property=\"og:image\" content=\"https:\/\/www.organisator.ch\/wp-content\/uploads\/2017\/02\/Leitmedien-gedruckte-Mitarbeiternews-org-organisator.jpg\" \/>\n\t<meta property=\"og:image:width\" content=\"640\" \/>\n\t<meta property=\"og:image:height\" content=\"427\" \/>\n\t<meta property=\"og:image:type\" content=\"image\/jpeg\" \/>\n<meta name=\"author\" content=\"michael.merz\" \/>\n<meta name=\"twitter:card\" content=\"summary_large_image\" \/>\n<script type=\"application\/ld+json\" class=\"yoast-schema-graph\">{\"@context\":\"https:\\\/\\\/schema.org\",\"@graph\":[{\"@type\":\"Article\",\"@id\":\"https:\\\/\\\/www.organisator.ch\\\/human-resources\\\/hrm\\\/2017-02-06\\\/unternehmensleitmedien-gedruckte-mitarbeiternews-und-intranet\\\/#article\",\"isPartOf\":{\"@id\":\"https:\\\/\\\/www.organisator.ch\\\/human-resources\\\/hrm\\\/2017-02-06\\\/unternehmensleitmedien-gedruckte-mitarbeiternews-und-intranet\\\/\"},\"author\":{\"name\":\"michael.merz\",\"@id\":\"https:\\\/\\\/www.organisator.ch\\\/#\\\/schema\\\/person\\\/134708ca9321c57b0362cceb7948ffbd\"},\"headline\":\"Firmenleitmedien: Gedruckte Mitarbeiternews und Intranet\",\"datePublished\":\"2017-02-06T12:46:37+00:00\",\"mainEntityOfPage\":{\"@id\":\"https:\\\/\\\/www.organisator.ch\\\/human-resources\\\/hrm\\\/2017-02-06\\\/unternehmensleitmedien-gedruckte-mitarbeiternews-und-intranet\\\/\"},\"wordCount\":355,\"commentCount\":0,\"publisher\":{\"@id\":\"https:\\\/\\\/www.organisator.ch\\\/#organization\"},\"image\":{\"@id\":\"https:\\\/\\\/www.organisator.ch\\\/human-resources\\\/hrm\\\/2017-02-06\\\/unternehmensleitmedien-gedruckte-mitarbeiternews-und-intranet\\\/#primaryimage\"},\"thumbnailUrl\":\"https:\\\/\\\/www.organisator.ch\\\/wp-content\\\/uploads\\\/2017\\\/02\\\/Leitmedien-gedruckte-Mitarbeiternews-org-organisator.jpg\",\"keywords\":[\"Leitmedien\",\"Mitarbeiterzeitung\",\"Perikom\"],\"articleSection\":[\"HRM\"],\"inLanguage\":\"it-IT\"},{\"@type\":\"WebPage\",\"@id\":\"https:\\\/\\\/www.organisator.ch\\\/human-resources\\\/hrm\\\/2017-02-06\\\/unternehmensleitmedien-gedruckte-mitarbeiternews-und-intranet\\\/\",\"url\":\"https:\\\/\\\/www.organisator.ch\\\/human-resources\\\/hrm\\\/2017-02-06\\\/unternehmensleitmedien-gedruckte-mitarbeiternews-und-intranet\\\/\",\"name\":\"Firmenleitmedien: Gedruckte Mitarbeiternews und Intranet - Organisator\",\"isPartOf\":{\"@id\":\"https:\\\/\\\/www.organisator.ch\\\/#website\"},\"primaryImageOfPage\":{\"@id\":\"https:\\\/\\\/www.organisator.ch\\\/human-resources\\\/hrm\\\/2017-02-06\\\/unternehmensleitmedien-gedruckte-mitarbeiternews-und-intranet\\\/#primaryimage\"},\"image\":{\"@id\":\"https:\\\/\\\/www.organisator.ch\\\/human-resources\\\/hrm\\\/2017-02-06\\\/unternehmensleitmedien-gedruckte-mitarbeiternews-und-intranet\\\/#primaryimage\"},\"thumbnailUrl\":\"https:\\\/\\\/www.organisator.ch\\\/wp-content\\\/uploads\\\/2017\\\/02\\\/Leitmedien-gedruckte-Mitarbeiternews-org-organisator.jpg\",\"datePublished\":\"2017-02-06T12:46:37+00:00\",\"description\":\"Erstaunlich, noch rund 62 Prozent von Schweizer Firmen publizieren gedruckte Mitarbeiternews. Gleichwohl liegt das Intranet vorne, unterstreicht eine Umfrage von Perikom.\",\"breadcrumb\":{\"@id\":\"https:\\\/\\\/www.organisator.ch\\\/human-resources\\\/hrm\\\/2017-02-06\\\/unternehmensleitmedien-gedruckte-mitarbeiternews-und-intranet\\\/#breadcrumb\"},\"inLanguage\":\"it-IT\",\"potentialAction\":[{\"@type\":\"ReadAction\",\"target\":[\"https:\\\/\\\/www.organisator.ch\\\/human-resources\\\/hrm\\\/2017-02-06\\\/unternehmensleitmedien-gedruckte-mitarbeiternews-und-intranet\\\/\"]}]},{\"@type\":\"ImageObject\",\"inLanguage\":\"it-IT\",\"@id\":\"https:\\\/\\\/www.organisator.ch\\\/human-resources\\\/hrm\\\/2017-02-06\\\/unternehmensleitmedien-gedruckte-mitarbeiternews-und-intranet\\\/#primaryimage\",\"url\":\"https:\\\/\\\/www.organisator.ch\\\/wp-content\\\/uploads\\\/2017\\\/02\\\/Leitmedien-gedruckte-Mitarbeiternews-org-organisator.jpg\",\"contentUrl\":\"https:\\\/\\\/www.organisator.ch\\\/wp-content\\\/uploads\\\/2017\\\/02\\\/Leitmedien-gedruckte-Mitarbeiternews-org-organisator.jpg\",\"width\":640,\"height\":427,\"caption\":\"We're Hiring headlined newspaper on the table\"},{\"@type\":\"BreadcrumbList\",\"@id\":\"https:\\\/\\\/www.organisator.ch\\\/human-resources\\\/hrm\\\/2017-02-06\\\/unternehmensleitmedien-gedruckte-mitarbeiternews-und-intranet\\\/#breadcrumb\",\"itemListElement\":[{\"@type\":\"ListItem\",\"position\":1,\"name\":\"Home\",\"item\":\"https:\\\/\\\/www.organisator.ch\\\/\"},{\"@type\":\"ListItem\",\"position\":2,\"name\":\"Firmenleitmedien: Gedruckte Mitarbeiternews und Intranet\"}]},{\"@type\":\"WebSite\",\"@id\":\"https:\\\/\\\/www.organisator.ch\\\/#website\",\"url\":\"https:\\\/\\\/www.organisator.ch\\\/\",\"name\":\"Organisator\",\"description\":\"Kompetent. Praxisnah. Der ORGANISATOR bereitet in 10 Ausgaben pro Jahr die wesentlichen Themen f\u00fcr F\u00fchrungskr\u00e4fte von KMU auf.\",\"publisher\":{\"@id\":\"https:\\\/\\\/www.organisator.ch\\\/#organization\"},\"potentialAction\":[{\"@type\":\"SearchAction\",\"target\":{\"@type\":\"EntryPoint\",\"urlTemplate\":\"https:\\\/\\\/www.organisator.ch\\\/?s={search_term_string}\"},\"query-input\":{\"@type\":\"PropertyValueSpecification\",\"valueRequired\":true,\"valueName\":\"search_term_string\"}}],\"inLanguage\":\"it-IT\"},{\"@type\":\"Organization\",\"@id\":\"https:\\\/\\\/www.organisator.ch\\\/#organization\",\"name\":\"Organisator\",\"url\":\"https:\\\/\\\/www.organisator.ch\\\/\",\"logo\":{\"@type\":\"ImageObject\",\"inLanguage\":\"it-IT\",\"@id\":\"https:\\\/\\\/www.organisator.ch\\\/#\\\/schema\\\/logo\\\/image\\\/\",\"url\":\"https:\\\/\\\/www.organisator.ch\\\/wp-content\\\/uploads\\\/2022\\\/01\\\/Logo_Organisator_Website.png\",\"contentUrl\":\"https:\\\/\\\/www.organisator.ch\\\/wp-content\\\/uploads\\\/2022\\\/01\\\/Logo_Organisator_Website.png\",\"width\":800,\"height\":77,\"caption\":\"Organisator\"},\"image\":{\"@id\":\"https:\\\/\\\/www.organisator.ch\\\/#\\\/schema\\\/logo\\\/image\\\/\"},\"sameAs\":[\"https:\\\/\\\/www.facebook.com\\\/OrganisatorFachmagazin\",\"https:\\\/\\\/www.linkedin.com\\\/showcase\\\/organisator-das-magazin-fr-kmu\",\"https:\\\/\\\/www.xing.com\\\/news\\\/pages\\\/organisator-ch-695\",\"https:\\\/\\\/www.youtube.com\\\/channel\\\/UCGP2Sq0iWaZwT3BdIAQFYpw\"]},{\"@type\":\"Person\",\"@id\":\"https:\\\/\\\/www.organisator.ch\\\/#\\\/schema\\\/person\\\/134708ca9321c57b0362cceb7948ffbd\",\"name\":\"michael.merz\",\"image\":{\"@type\":\"ImageObject\",\"inLanguage\":\"it-IT\",\"@id\":\"https:\\\/\\\/secure.gravatar.com\\\/avatar\\\/?s=96&d=mm&r=g\",\"url\":\"https:\\\/\\\/secure.gravatar.com\\\/avatar\\\/?s=96&d=mm&r=g\",\"contentUrl\":\"https:\\\/\\\/secure.gravatar.com\\\/avatar\\\/?s=96&d=mm&r=g\",\"caption\":\"michael.merz\"},\"url\":\"https:\\\/\\\/www.organisator.ch\\\/it\\\/author\\\/michael-merz\\\/\"}]}<\/script>\n<!-- \/ Yoast SEO plugin. -->","yoast_head_json":{"title":"Mezzi di comunicazione aziendali: notizie stampate per il personale e intranet - Organizzatore","description":"Sorprendentemente, circa il 62% delle aziende svizzere pubblica ancora notizie stampate sui dipendenti. Tuttavia, l'intranet \u00e8 in vantaggio, come sottolinea un'indagine di Perikom.","robots":{"index":"index","follow":"follow","max-snippet":"max-snippet:-1","max-image-preview":"max-image-preview:large","max-video-preview":"max-video-preview:-1"},"canonical":"https:\/\/www.organisator.ch\/it\/risorse-umane\/hrm\/2017-02-06\/unternehmensleitmedien-gedruckte-mitarbeiternews-und-intranet\/","og_locale":"it_IT","og_type":"article","og_title":"Firmenleitmedien: Gedruckte Mitarbeiternews und Intranet - Organisator","og_description":"Erstaunlich, noch rund 62 Prozent von Schweizer Firmen publizieren gedruckte Mitarbeiternews. Gleichwohl liegt das Intranet vorne, unterstreicht eine Umfrage von Perikom.","og_url":"https:\/\/www.organisator.ch\/it\/risorse-umane\/hrm\/2017-02-06\/unternehmensleitmedien-gedruckte-mitarbeiternews-und-intranet\/","og_site_name":"Organisator","article_publisher":"https:\/\/www.facebook.com\/OrganisatorFachmagazin","article_published_time":"2017-02-06T12:46:37+00:00","og_image":[{"width":640,"height":427,"url":"https:\/\/www.organisator.ch\/wp-content\/uploads\/2017\/02\/Leitmedien-gedruckte-Mitarbeiternews-org-organisator.jpg","type":"image\/jpeg"}],"author":"michael.merz","twitter_card":"summary_large_image","schema":{"@context":"https:\/\/schema.org","@graph":[{"@type":"Article","@id":"https:\/\/www.organisator.ch\/human-resources\/hrm\/2017-02-06\/unternehmensleitmedien-gedruckte-mitarbeiternews-und-intranet\/#article","isPartOf":{"@id":"https:\/\/www.organisator.ch\/human-resources\/hrm\/2017-02-06\/unternehmensleitmedien-gedruckte-mitarbeiternews-und-intranet\/"},"author":{"name":"michael.merz","@id":"https:\/\/www.organisator.ch\/#\/schema\/person\/134708ca9321c57b0362cceb7948ffbd"},"headline":"Firmenleitmedien: Gedruckte Mitarbeiternews und Intranet","datePublished":"2017-02-06T12:46:37+00:00","mainEntityOfPage":{"@id":"https:\/\/www.organisator.ch\/human-resources\/hrm\/2017-02-06\/unternehmensleitmedien-gedruckte-mitarbeiternews-und-intranet\/"},"wordCount":355,"commentCount":0,"publisher":{"@id":"https:\/\/www.organisator.ch\/#organization"},"image":{"@id":"https:\/\/www.organisator.ch\/human-resources\/hrm\/2017-02-06\/unternehmensleitmedien-gedruckte-mitarbeiternews-und-intranet\/#primaryimage"},"thumbnailUrl":"https:\/\/www.organisator.ch\/wp-content\/uploads\/2017\/02\/Leitmedien-gedruckte-Mitarbeiternews-org-organisator.jpg","keywords":["Leitmedien","Mitarbeiterzeitung","Perikom"],"articleSection":["HRM"],"inLanguage":"it-IT"},{"@type":"WebPage","@id":"https:\/\/www.organisator.ch\/human-resources\/hrm\/2017-02-06\/unternehmensleitmedien-gedruckte-mitarbeiternews-und-intranet\/","url":"https:\/\/www.organisator.ch\/human-resources\/hrm\/2017-02-06\/unternehmensleitmedien-gedruckte-mitarbeiternews-und-intranet\/","name":"Mezzi di comunicazione aziendali: notizie stampate per il personale e intranet - Organizzatore","isPartOf":{"@id":"https:\/\/www.organisator.ch\/#website"},"primaryImageOfPage":{"@id":"https:\/\/www.organisator.ch\/human-resources\/hrm\/2017-02-06\/unternehmensleitmedien-gedruckte-mitarbeiternews-und-intranet\/#primaryimage"},"image":{"@id":"https:\/\/www.organisator.ch\/human-resources\/hrm\/2017-02-06\/unternehmensleitmedien-gedruckte-mitarbeiternews-und-intranet\/#primaryimage"},"thumbnailUrl":"https:\/\/www.organisator.ch\/wp-content\/uploads\/2017\/02\/Leitmedien-gedruckte-Mitarbeiternews-org-organisator.jpg","datePublished":"2017-02-06T12:46:37+00:00","description":"Sorprendentemente, circa il 62% delle aziende svizzere pubblica ancora notizie stampate sui dipendenti. Tuttavia, l'intranet \u00e8 in vantaggio, come sottolinea un'indagine di Perikom.","breadcrumb":{"@id":"https:\/\/www.organisator.ch\/human-resources\/hrm\/2017-02-06\/unternehmensleitmedien-gedruckte-mitarbeiternews-und-intranet\/#breadcrumb"},"inLanguage":"it-IT","potentialAction":[{"@type":"ReadAction","target":["https:\/\/www.organisator.ch\/human-resources\/hrm\/2017-02-06\/unternehmensleitmedien-gedruckte-mitarbeiternews-und-intranet\/"]}]},{"@type":"ImageObject","inLanguage":"it-IT","@id":"https:\/\/www.organisator.ch\/human-resources\/hrm\/2017-02-06\/unternehmensleitmedien-gedruckte-mitarbeiternews-und-intranet\/#primaryimage","url":"https:\/\/www.organisator.ch\/wp-content\/uploads\/2017\/02\/Leitmedien-gedruckte-Mitarbeiternews-org-organisator.jpg","contentUrl":"https:\/\/www.organisator.ch\/wp-content\/uploads\/2017\/02\/Leitmedien-gedruckte-Mitarbeiternews-org-organisator.jpg","width":640,"height":427,"caption":"We're Hiring headlined newspaper on the table"},{"@type":"BreadcrumbList","@id":"https:\/\/www.organisator.ch\/human-resources\/hrm\/2017-02-06\/unternehmensleitmedien-gedruckte-mitarbeiternews-und-intranet\/#breadcrumb","itemListElement":[{"@type":"ListItem","position":1,"name":"Home","item":"https:\/\/www.organisator.ch\/"},{"@type":"ListItem","position":2,"name":"Firmenleitmedien: Gedruckte Mitarbeiternews und Intranet"}]},{"@type":"WebSite","@id":"https:\/\/www.organisator.ch\/#website","url":"https:\/\/www.organisator.ch\/","name":"Organizzatore","description":"Competente. Pratico. In 10 numeri all'anno, ORGANISATOR presenta i temi essenziali per i manager delle PMI.","publisher":{"@id":"https:\/\/www.organisator.ch\/#organization"},"potentialAction":[{"@type":"SearchAction","target":{"@type":"EntryPoint","urlTemplate":"https:\/\/www.organisator.ch\/?s={search_term_string}"},"query-input":{"@type":"PropertyValueSpecification","valueRequired":true,"valueName":"search_term_string"}}],"inLanguage":"it-IT"},{"@type":"Organization","@id":"https:\/\/www.organisator.ch\/#organization","name":"Organizzatore","url":"https:\/\/www.organisator.ch\/","logo":{"@type":"ImageObject","inLanguage":"it-IT","@id":"https:\/\/www.organisator.ch\/#\/schema\/logo\/image\/","url":"https:\/\/www.organisator.ch\/wp-content\/uploads\/2022\/01\/Logo_Organisator_Website.png","contentUrl":"https:\/\/www.organisator.ch\/wp-content\/uploads\/2022\/01\/Logo_Organisator_Website.png","width":800,"height":77,"caption":"Organisator"},"image":{"@id":"https:\/\/www.organisator.ch\/#\/schema\/logo\/image\/"},"sameAs":["https:\/\/www.facebook.com\/OrganisatorFachmagazin","https:\/\/www.linkedin.com\/showcase\/organisator-das-magazin-fr-kmu","https:\/\/www.xing.com\/news\/pages\/organisator-ch-695","https:\/\/www.youtube.com\/channel\/UCGP2Sq0iWaZwT3BdIAQFYpw"]},{"@type":"Person","@id":"https:\/\/www.organisator.ch\/#\/schema\/person\/134708ca9321c57b0362cceb7948ffbd","name":"michael.merz","image":{"@type":"ImageObject","inLanguage":"it-IT","@id":"https:\/\/secure.gravatar.com\/avatar\/?s=96&d=mm&r=g","url":"https:\/\/secure.gravatar.com\/avatar\/?s=96&d=mm&r=g","contentUrl":"https:\/\/secure.gravatar.com\/avatar\/?s=96&d=mm&r=g","caption":"michael.merz"},"url":"https:\/\/www.organisator.ch\/it\/author\/michael-merz\/"}]}},"_links":{"self":[{"href":"https:\/\/www.organisator.ch\/it\/wp-json\/wp\/v2\/posts\/1477","targetHints":{"allow":["GET"]}}],"collection":[{"href":"https:\/\/www.organisator.ch\/it\/wp-json\/wp\/v2\/posts"}],"about":[{"href":"https:\/\/www.organisator.ch\/it\/wp-json\/wp\/v2\/types\/post"}],"author":[{"embeddable":true,"href":"https:\/\/www.organisator.ch\/it\/wp-json\/wp\/v2\/users\/5"}],"replies":[{"embeddable":true,"href":"https:\/\/www.organisator.ch\/it\/wp-json\/wp\/v2\/comments?post=1477"}],"version-history":[{"count":0,"href":"https:\/\/www.organisator.ch\/it\/wp-json\/wp\/v2\/posts\/1477\/revisions"}],"wp:featuredmedia":[{"embeddable":true,"href":"https:\/\/www.organisator.ch\/it\/wp-json\/wp\/v2\/media\/1482"}],"wp:attachment":[{"href":"https:\/\/www.organisator.ch\/it\/wp-json\/wp\/v2\/media?parent=1477"}],"wp:term":[{"taxonomy":"category","embeddable":true,"href":"https:\/\/www.organisator.ch\/it\/wp-json\/wp\/v2\/categories?post=1477"},{"taxonomy":"post_tag","embeddable":true,"href":"https:\/\/www.organisator.ch\/it\/wp-json\/wp\/v2\/tags?post=1477"}],"curies":[{"name":"wp","href":"https:\/\/api.w.org\/{rel}","templated":true}]}}