{"id":1485,"date":"2018-02-08T15:42:06","date_gmt":"2018-02-08T14:42:06","guid":{"rendered":"https:\/\/www.umweltperspektiven.ch\/?p=1485"},"modified":"2022-02-09T11:10:55","modified_gmt":"2022-02-09T10:10:55","slug":"gefaehrliche-keime-in-baechen-fluessen-und-seen-patentrezept-gibt-es-nicht","status":"publish","type":"post","link":"https:\/\/www.organisator.ch\/it\/sustainability\/2018-02-08\/gefaehrliche-keime-in-baechen-fluessen-und-seen-patentrezept-gibt-es-nicht\/","title":{"rendered":"Germi pericolosi in ruscelli, fiumi e laghi: non esiste un rimedio brevettato!"},"content":{"rendered":"<figure id=\"attachment_1486\" aria-describedby=\"caption-attachment-1486\" style=\"width: 680px\" class=\"wp-caption alignnone\"><img loading=\"lazy\" decoding=\"async\" class=\"size-medium wp-image-1486\" src=\"\/\/www.umweltperspektiven.ch\/wp-content\/uploads\/2018\/02\/Gef\u00e4hrliche-Keime-in-B\u00e4chen-Fl\u00fcssen-und-Seen-Patentrezept-gibt-es-nicht-up_umweltperspektiven.jpg\" alt=\"\" width=\"680\" height=\"487\" \/><figcaption id=\"caption-attachment-1486\" class=\"wp-caption-text\">Germi pericolosi in torrenti, fiumi e laghi: non esiste un rimedio brevettato. (Immagine: depositphotos)<\/figcaption><\/figure>\n<p>Recentemente, il programma televisivo \"Germi pericolosi in torrenti, fiumi e laghi\" \u00e8 stato trasmesso dalla rivista politica \"Panorama - die Reporter\".  Prodotto dalla Norddeutscher Rundfunk (NDR), il programma del 6 febbraio 2018 sta suscitando polemiche in Germania. Otto Schaaf, presidente dell'Associazione tedesca per l'acqua, le acque reflue e i rifiuti (DWA), in cui sono organizzate anche le aziende tedesche di smaltimento delle acque reflue, si \u00e8 espresso a favore di una visione pi\u00f9 differenziata del rapporto.<\/p>\n<p><strong>Germi resistenti agli antibiotici<\/strong><\/p>\n<p>Gli impianti di trattamento delle acque reflue servono a proteggere l'uomo e l'ambiente dalle malattie che altrimenti sarebbero causate dalle acque reflue. I germi resistenti agli antibiotici non sono ancora stati eliminati in modo specifico. Tuttavia, gli impianti di trattamento delle acque reflue non sono affatto l'unica via attraverso la quale i germi resistenti agli antibiotici vengono introdotti nei corpi idrici. Importanti per i casi qui considerati sono il deflusso dai terreni agricoli e le fonti puntuali come gli ospedali.<\/p>\n<p>\"Particolarmente discutibile \u00e8 l'uso eccessivo e preventivo di antibiotici, in parte anche di quelli di riserva, negli allevamenti intensivi\" sottolinea \"Germi pericolosi in torrenti, fiumi e laghi\", prodotto dalla Norddeutscher Rundfunk (NDR) e trasmesso il 6 febbraio 2018 nella sua rivista politica \"Panorama - die Reporter\". \"Non esiste un rimedio brevettuale. Tuttavia, il modo migliore per evitare i germi resistenti \u00e8 alla fonte, cio\u00e8, ad esempio, negli ospedali e negli allevamenti intensivi\", afferma Otto Schaaf.<\/p>\n<p>La NDR sottolinea giustamente i possibili pericoli derivanti da microrganismi resistenti agli antibiotici. Come soluzione, Panorama, citando il Ministero Federale dell'Ambiente e l'Agenzia Federale per l'Ambiente, chiede che almeno tutti gli impianti di trattamento delle acque reflue pi\u00f9 grandi vengano riadattati. Questo perch\u00e9 gli impianti di trattamento delle acque reflue in Germania non sono progettati per rimuovere gli agenti patogeni multiresistenti dalle acque reflue.<\/p>\n<p><strong>L'adeguamento degli impianti di trattamento delle acque reflue da solo non \u00e8 una soluzione<\/strong><\/p>\n<p>Il DWA ritiene che questo requisito - nonostante tutte le preoccupazioni per gli agenti patogeni resistenti agli antibiotici - sia critico perch\u00e9 non \u00e8 adatto a risolvere il problema. Gli impianti di depurazione non sono la fonte dei batteri resistenti agli antibiotici, ma si trovano alla fine di una catena di molti percorsi di sviluppo e diffusione. Gli esperti dell'acqua sono convinti che la soluzione debba essere trovata pi\u00f9 vicino alle cause: l'uso di antibiotici. Gli antibiotici sono utilizzati nella medicina umana e veterinaria e nell'industria agricola.<\/p>\n<p><strong>Usare gli antibiotici con giudizio<\/strong><\/p>\n<p>Gli antibiotici devono essere usati con giudizio nelle infezioni umane. Si tratta di una questione che riguarda sia i medici che i pazienti. Gli antibiotici devono essere assunti secondo la prescrizione del medico e non devono essere sospesi prematuramente dal paziente. I farmaci residui che non sono pi\u00f9 necessari devono essere gettati nel bidone dei rifiuti residui e in nessun caso nel water o nel lavandino.<\/p>\n<p><strong>Fare a meno degli antibiotici in agricoltura<\/strong><\/p>\n<p>In agricoltura, soprattutto negli allevamenti intensivi, ma anche nell'acquacoltura, si deve rinunciare all'uso massiccio e spesso preventivo di antibiotici. In particolare, si vuole limitare l'uso degli antibiotici di riserva, destinati a fungere da \"riserva di ferro\" in caso di malattie gravi. \"L'uso eccessivo di antibiotici negli allevamenti di fabbrica \u00e8 una delle cause principali dello sviluppo della resistenza agli antibiotici. Anche nell'interesse della propria salute, l'industria agricola dovrebbe esercitare una certa moderazione. Una volta che i batteri resistenti agli antibiotici hanno raggiunto il ciclo dell'acqua, \u00e8 troppo tardi. Tuttavia, la colpa non pu\u00f2 essere attribuita agli impianti di trattamento delle acque reflue\", afferma Otto Schaaf.<\/p>\n<p>Considerando le molteplici vie di trasmissione di antibiotici e microrganismi dalle stalle su larga scala all'ambiente, l'adeguamento degli impianti di trattamento delle acque reflue, ad esempio con apparecchiature di irradiazione UV, sarebbe tutt'altro che sufficiente a risolvere il problema. Schaaf: \"Invece di misure a valle, alla fine del tubo, dobbiamo iniziare dal punto di utilizzo. Sarebbe inoltre positivo se fosse possibile sviluppare ingredienti farmaceutici attivi che si degradano nell'ambiente attraverso processi naturali dopo aver attraversato l'organismo. Non si tratta di un sogno del futuro. Approcci promettenti esistono, ad esempio, presso l'Istituto per la Chimica Sostenibile e la Chimica Ambientale dell'Universit\u00e0 di L\u00fcneburg, diretto dal professor Klaus K\u00fcmmerer\".<\/p>\n<p><strong>Sono necessarie ulteriori ricerche<\/strong><\/p>\n<p>Nell'ambito del progetto \"Caratterizzazione, comunicazione e minimizzazione dei rischi derivanti da nuovi inquinanti e agenti patogeni nel ciclo dell'acqua - TransRisk\", finanziato dal Ministero federale dell'Istruzione e della Ricerca (BMBF), \u00e8 stata condotta una ricerca sulla formazione della resistenza ed \u00e8 stato stabilito, tra l'altro, che ognuno pu\u00f2 fare qualcosa per contribuire a prevenirla (<a href=\"\/\/www.transrisk-projekt.de\"><em>www.transrisk-projekt.de<\/em><\/a>). Il DWA ritiene che siano urgentemente necessarie ulteriori ricerche sia nell'ambito dello sviluppo di antibiotici compatibili con l'ambiente, sia nell'ambito della tecnologia di processo per l'eliminazione di queste sostanze. Fonte: <a href=\"\/\/www.dwa.de\/\"><strong>www.dwa.de<\/strong><\/a><\/p>\n<p>&nbsp;<\/p>","protected":false},"excerpt":{"rendered":"<p>K\u00fcrzlich wurde die TV Sendung \u201eGef\u00e4hrliche Keime in B\u00e4chen, Fl\u00fcssen und Seen\u201c im Politmagazin \u201ePanorama \u2013 die Reporter\u201c ausgestrahlt.\u00a0 Die vom Norddeutschen Rundfunk (NDR) produzierte Sendung vom 6. Februar 2018 sorgt in Deutschland f\u00fcr eine Kontroverse. Otto Schaaf, Pr\u00e4sident der Deutschen Vereinigung f\u00fcr Wasserwirtschaft, Abwasser und Abfall e.\u00a0V. (DWA), in der auch die deutschen Abwasserentsorger [&hellip;]<\/p>\n","protected":false},"author":5,"featured_media":1486,"comment_status":"open","ping_status":"open","sticky":false,"template":"","format":"standard","meta":{"_acf_changed":false,"_yoast_wpseo_focuskw":"Gef\u00e4hrliche Keime in B\u00e4chen, Fl\u00fcssen und Seen","_yoast_wpseo_metadesc":"K\u00fcrzlich wurde die TV Sendung \u201eGef\u00e4hrliche Keime in B\u00e4chen, Fl\u00fcssen und Seen\u201c im Politmagazin \u201ePanorama \u2013 die Reporter\u201c ausgestrahlt.","articlekey":"","footnotes":""},"categories":[580],"tags":[716,1484,1498,2522],"class_list":["post-1485","post","type-post","status-publish","format-standard","has-post-thumbnail","hentry","category-sustainability","tag-antibiotika","tag-keime","tag-klaeranlagen","tag-wasserquailtaet"],"acf":[],"yoast_head":"<!-- This site is optimized with the Yoast SEO plugin v27.5 - https:\/\/yoast.com\/product\/yoast-seo-wordpress\/ -->\n<title>Gef\u00e4hrliche Keime in B\u00e4chen, Fl\u00fcssen und Seen: Patentrezept gibt es nicht! - Organisator<\/title>\n<meta name=\"description\" content=\"K\u00fcrzlich wurde die TV Sendung \u201eGef\u00e4hrliche Keime in B\u00e4chen, Fl\u00fcssen und Seen\u201c im Politmagazin \u201ePanorama \u2013 die Reporter\u201c ausgestrahlt.\" \/>\n<meta name=\"robots\" content=\"index, follow, max-snippet:-1, max-image-preview:large, max-video-preview:-1\" \/>\n<link rel=\"canonical\" href=\"https:\/\/www.organisator.ch\/it\/sostenibilita\/2018-02-08\/gefaehrliche-keime-in-baechen-fluessen-und-seen-patentrezept-gibt-es-nicht\/\" \/>\n<meta property=\"og:locale\" content=\"it_IT\" \/>\n<meta property=\"og:type\" content=\"article\" \/>\n<meta property=\"og:title\" content=\"Gef\u00e4hrliche Keime in B\u00e4chen, Fl\u00fcssen und Seen: Patentrezept gibt es nicht! - Organisator\" \/>\n<meta property=\"og:description\" content=\"K\u00fcrzlich wurde die TV Sendung \u201eGef\u00e4hrliche Keime in B\u00e4chen, Fl\u00fcssen und Seen\u201c im Politmagazin \u201ePanorama \u2013 die Reporter\u201c ausgestrahlt.\" \/>\n<meta property=\"og:url\" content=\"https:\/\/www.organisator.ch\/it\/sostenibilita\/2018-02-08\/gefaehrliche-keime-in-baechen-fluessen-und-seen-patentrezept-gibt-es-nicht\/\" \/>\n<meta property=\"og:site_name\" content=\"Organisator\" \/>\n<meta property=\"article:publisher\" content=\"https:\/\/www.facebook.com\/OrganisatorFachmagazin\" \/>\n<meta property=\"article:published_time\" content=\"2018-02-08T14:42:06+00:00\" \/>\n<meta property=\"article:modified_time\" content=\"2022-02-09T10:10:55+00:00\" \/>\n<meta property=\"og:image\" content=\"https:\/\/www.organisator.ch\/wp-content\/uploads\/2018\/02\/Gefaehrliche-Keime-in-Baechen-Fluessen-und-Seen-Patentrezept-gibt-es-nicht-up_umweltperspektiven-scaled.jpg\" \/>\n\t<meta property=\"og:image:width\" content=\"2560\" \/>\n\t<meta property=\"og:image:height\" content=\"1833\" \/>\n\t<meta property=\"og:image:type\" content=\"image\/jpeg\" \/>\n<meta name=\"author\" content=\"michael.merz\" \/>\n<meta name=\"twitter:card\" content=\"summary_large_image\" \/>\n<script type=\"application\/ld+json\" class=\"yoast-schema-graph\">{\"@context\":\"https:\\\/\\\/schema.org\",\"@graph\":[{\"@type\":\"Article\",\"@id\":\"https:\\\/\\\/www.organisator.ch\\\/sustainability\\\/2018-02-08\\\/gefaehrliche-keime-in-baechen-fluessen-und-seen-patentrezept-gibt-es-nicht\\\/#article\",\"isPartOf\":{\"@id\":\"https:\\\/\\\/www.organisator.ch\\\/sustainability\\\/2018-02-08\\\/gefaehrliche-keime-in-baechen-fluessen-und-seen-patentrezept-gibt-es-nicht\\\/\"},\"author\":{\"name\":\"michael.merz\",\"@id\":\"https:\\\/\\\/www.organisator.ch\\\/#\\\/schema\\\/person\\\/134708ca9321c57b0362cceb7948ffbd\"},\"headline\":\"Gef\u00e4hrliche Keime in B\u00e4chen, Fl\u00fcssen und Seen: Patentrezept gibt es nicht!\",\"datePublished\":\"2018-02-08T14:42:06+00:00\",\"dateModified\":\"2022-02-09T10:10:55+00:00\",\"mainEntityOfPage\":{\"@id\":\"https:\\\/\\\/www.organisator.ch\\\/sustainability\\\/2018-02-08\\\/gefaehrliche-keime-in-baechen-fluessen-und-seen-patentrezept-gibt-es-nicht\\\/\"},\"wordCount\":756,\"commentCount\":0,\"publisher\":{\"@id\":\"https:\\\/\\\/www.organisator.ch\\\/#organization\"},\"image\":{\"@id\":\"https:\\\/\\\/www.organisator.ch\\\/sustainability\\\/2018-02-08\\\/gefaehrliche-keime-in-baechen-fluessen-und-seen-patentrezept-gibt-es-nicht\\\/#primaryimage\"},\"thumbnailUrl\":\"https:\\\/\\\/www.organisator.ch\\\/wp-content\\\/uploads\\\/2018\\\/02\\\/Gefaehrliche-Keime-in-Baechen-Fluessen-und-Seen-Patentrezept-gibt-es-nicht-up_umweltperspektiven-scaled.jpg\",\"keywords\":[\"Antibiotika\",\"Keime\",\"Kl\u00e4ranlagen\",\"Wasserquailt\u00e4t\"],\"articleSection\":[\"SUSTAINABILITY\"],\"inLanguage\":\"it-IT\"},{\"@type\":\"WebPage\",\"@id\":\"https:\\\/\\\/www.organisator.ch\\\/sustainability\\\/2018-02-08\\\/gefaehrliche-keime-in-baechen-fluessen-und-seen-patentrezept-gibt-es-nicht\\\/\",\"url\":\"https:\\\/\\\/www.organisator.ch\\\/sustainability\\\/2018-02-08\\\/gefaehrliche-keime-in-baechen-fluessen-und-seen-patentrezept-gibt-es-nicht\\\/\",\"name\":\"Gef\u00e4hrliche Keime in B\u00e4chen, Fl\u00fcssen und Seen: Patentrezept gibt es nicht! - Organisator\",\"isPartOf\":{\"@id\":\"https:\\\/\\\/www.organisator.ch\\\/#website\"},\"primaryImageOfPage\":{\"@id\":\"https:\\\/\\\/www.organisator.ch\\\/sustainability\\\/2018-02-08\\\/gefaehrliche-keime-in-baechen-fluessen-und-seen-patentrezept-gibt-es-nicht\\\/#primaryimage\"},\"image\":{\"@id\":\"https:\\\/\\\/www.organisator.ch\\\/sustainability\\\/2018-02-08\\\/gefaehrliche-keime-in-baechen-fluessen-und-seen-patentrezept-gibt-es-nicht\\\/#primaryimage\"},\"thumbnailUrl\":\"https:\\\/\\\/www.organisator.ch\\\/wp-content\\\/uploads\\\/2018\\\/02\\\/Gefaehrliche-Keime-in-Baechen-Fluessen-und-Seen-Patentrezept-gibt-es-nicht-up_umweltperspektiven-scaled.jpg\",\"datePublished\":\"2018-02-08T14:42:06+00:00\",\"dateModified\":\"2022-02-09T10:10:55+00:00\",\"description\":\"K\u00fcrzlich wurde die TV Sendung \u201eGef\u00e4hrliche Keime in B\u00e4chen, Fl\u00fcssen und Seen\u201c im Politmagazin \u201ePanorama \u2013 die Reporter\u201c ausgestrahlt.\",\"breadcrumb\":{\"@id\":\"https:\\\/\\\/www.organisator.ch\\\/sustainability\\\/2018-02-08\\\/gefaehrliche-keime-in-baechen-fluessen-und-seen-patentrezept-gibt-es-nicht\\\/#breadcrumb\"},\"inLanguage\":\"it-IT\",\"potentialAction\":[{\"@type\":\"ReadAction\",\"target\":[\"https:\\\/\\\/www.organisator.ch\\\/sustainability\\\/2018-02-08\\\/gefaehrliche-keime-in-baechen-fluessen-und-seen-patentrezept-gibt-es-nicht\\\/\"]}]},{\"@type\":\"ImageObject\",\"inLanguage\":\"it-IT\",\"@id\":\"https:\\\/\\\/www.organisator.ch\\\/sustainability\\\/2018-02-08\\\/gefaehrliche-keime-in-baechen-fluessen-und-seen-patentrezept-gibt-es-nicht\\\/#primaryimage\",\"url\":\"https:\\\/\\\/www.organisator.ch\\\/wp-content\\\/uploads\\\/2018\\\/02\\\/Gefaehrliche-Keime-in-Baechen-Fluessen-und-Seen-Patentrezept-gibt-es-nicht-up_umweltperspektiven-scaled.jpg\",\"contentUrl\":\"https:\\\/\\\/www.organisator.ch\\\/wp-content\\\/uploads\\\/2018\\\/02\\\/Gefaehrliche-Keime-in-Baechen-Fluessen-und-Seen-Patentrezept-gibt-es-nicht-up_umweltperspektiven-scaled.jpg\",\"width\":2560,\"height\":1833,\"caption\":\"Gef\u00e4hrliche Keime in B\u00e4chen, Fl\u00fcssen und Seen: Patentrezept gibt es nicht. (Bild: depositphotos)\"},{\"@type\":\"BreadcrumbList\",\"@id\":\"https:\\\/\\\/www.organisator.ch\\\/sustainability\\\/2018-02-08\\\/gefaehrliche-keime-in-baechen-fluessen-und-seen-patentrezept-gibt-es-nicht\\\/#breadcrumb\",\"itemListElement\":[{\"@type\":\"ListItem\",\"position\":1,\"name\":\"Home\",\"item\":\"https:\\\/\\\/www.organisator.ch\\\/\"},{\"@type\":\"ListItem\",\"position\":2,\"name\":\"Gef\u00e4hrliche Keime in B\u00e4chen, Fl\u00fcssen und Seen: Patentrezept gibt es nicht!\"}]},{\"@type\":\"WebSite\",\"@id\":\"https:\\\/\\\/www.organisator.ch\\\/#website\",\"url\":\"https:\\\/\\\/www.organisator.ch\\\/\",\"name\":\"Organisator\",\"description\":\"Kompetent. Praxisnah. Der ORGANISATOR bereitet in 10 Ausgaben pro Jahr die wesentlichen Themen f\u00fcr F\u00fchrungskr\u00e4fte von KMU auf.\",\"publisher\":{\"@id\":\"https:\\\/\\\/www.organisator.ch\\\/#organization\"},\"potentialAction\":[{\"@type\":\"SearchAction\",\"target\":{\"@type\":\"EntryPoint\",\"urlTemplate\":\"https:\\\/\\\/www.organisator.ch\\\/?s={search_term_string}\"},\"query-input\":{\"@type\":\"PropertyValueSpecification\",\"valueRequired\":true,\"valueName\":\"search_term_string\"}}],\"inLanguage\":\"it-IT\"},{\"@type\":\"Organization\",\"@id\":\"https:\\\/\\\/www.organisator.ch\\\/#organization\",\"name\":\"Organisator\",\"url\":\"https:\\\/\\\/www.organisator.ch\\\/\",\"logo\":{\"@type\":\"ImageObject\",\"inLanguage\":\"it-IT\",\"@id\":\"https:\\\/\\\/www.organisator.ch\\\/#\\\/schema\\\/logo\\\/image\\\/\",\"url\":\"https:\\\/\\\/www.organisator.ch\\\/wp-content\\\/uploads\\\/2022\\\/01\\\/Logo_Organisator_Website.png\",\"contentUrl\":\"https:\\\/\\\/www.organisator.ch\\\/wp-content\\\/uploads\\\/2022\\\/01\\\/Logo_Organisator_Website.png\",\"width\":800,\"height\":77,\"caption\":\"Organisator\"},\"image\":{\"@id\":\"https:\\\/\\\/www.organisator.ch\\\/#\\\/schema\\\/logo\\\/image\\\/\"},\"sameAs\":[\"https:\\\/\\\/www.facebook.com\\\/OrganisatorFachmagazin\",\"https:\\\/\\\/www.linkedin.com\\\/showcase\\\/organisator-das-magazin-fr-kmu\",\"https:\\\/\\\/www.xing.com\\\/news\\\/pages\\\/organisator-ch-695\",\"https:\\\/\\\/www.youtube.com\\\/channel\\\/UCGP2Sq0iWaZwT3BdIAQFYpw\"]},{\"@type\":\"Person\",\"@id\":\"https:\\\/\\\/www.organisator.ch\\\/#\\\/schema\\\/person\\\/134708ca9321c57b0362cceb7948ffbd\",\"name\":\"michael.merz\",\"image\":{\"@type\":\"ImageObject\",\"inLanguage\":\"it-IT\",\"@id\":\"https:\\\/\\\/secure.gravatar.com\\\/avatar\\\/?s=96&d=mm&r=g\",\"url\":\"https:\\\/\\\/secure.gravatar.com\\\/avatar\\\/?s=96&d=mm&r=g\",\"contentUrl\":\"https:\\\/\\\/secure.gravatar.com\\\/avatar\\\/?s=96&d=mm&r=g\",\"caption\":\"michael.merz\"},\"url\":\"https:\\\/\\\/www.organisator.ch\\\/it\\\/author\\\/michael-merz\\\/\"}]}<\/script>\n<!-- \/ Yoast SEO plugin. -->","yoast_head_json":{"title":"Germi pericolosi in torrenti, fiumi e laghi: non esiste un rimedio brevettato! - Organizzatore","description":"Recentemente, il programma televisivo \"Germi pericolosi in torrenti, fiumi e laghi\" \u00e8 stato trasmesso dalla rivista politica \"Panorama - die Reporter\".","robots":{"index":"index","follow":"follow","max-snippet":"max-snippet:-1","max-image-preview":"max-image-preview:large","max-video-preview":"max-video-preview:-1"},"canonical":"https:\/\/www.organisator.ch\/it\/sostenibilita\/2018-02-08\/gefaehrliche-keime-in-baechen-fluessen-und-seen-patentrezept-gibt-es-nicht\/","og_locale":"it_IT","og_type":"article","og_title":"Gef\u00e4hrliche Keime in B\u00e4chen, Fl\u00fcssen und Seen: Patentrezept gibt es nicht! - Organisator","og_description":"K\u00fcrzlich wurde die TV Sendung \u201eGef\u00e4hrliche Keime in B\u00e4chen, Fl\u00fcssen und Seen\u201c im Politmagazin \u201ePanorama \u2013 die Reporter\u201c ausgestrahlt.","og_url":"https:\/\/www.organisator.ch\/it\/sostenibilita\/2018-02-08\/gefaehrliche-keime-in-baechen-fluessen-und-seen-patentrezept-gibt-es-nicht\/","og_site_name":"Organisator","article_publisher":"https:\/\/www.facebook.com\/OrganisatorFachmagazin","article_published_time":"2018-02-08T14:42:06+00:00","article_modified_time":"2022-02-09T10:10:55+00:00","og_image":[{"width":2560,"height":1833,"url":"https:\/\/www.organisator.ch\/wp-content\/uploads\/2018\/02\/Gefaehrliche-Keime-in-Baechen-Fluessen-und-Seen-Patentrezept-gibt-es-nicht-up_umweltperspektiven-scaled.jpg","type":"image\/jpeg"}],"author":"michael.merz","twitter_card":"summary_large_image","schema":{"@context":"https:\/\/schema.org","@graph":[{"@type":"Article","@id":"https:\/\/www.organisator.ch\/sustainability\/2018-02-08\/gefaehrliche-keime-in-baechen-fluessen-und-seen-patentrezept-gibt-es-nicht\/#article","isPartOf":{"@id":"https:\/\/www.organisator.ch\/sustainability\/2018-02-08\/gefaehrliche-keime-in-baechen-fluessen-und-seen-patentrezept-gibt-es-nicht\/"},"author":{"name":"michael.merz","@id":"https:\/\/www.organisator.ch\/#\/schema\/person\/134708ca9321c57b0362cceb7948ffbd"},"headline":"Gef\u00e4hrliche Keime in B\u00e4chen, Fl\u00fcssen und Seen: Patentrezept gibt es nicht!","datePublished":"2018-02-08T14:42:06+00:00","dateModified":"2022-02-09T10:10:55+00:00","mainEntityOfPage":{"@id":"https:\/\/www.organisator.ch\/sustainability\/2018-02-08\/gefaehrliche-keime-in-baechen-fluessen-und-seen-patentrezept-gibt-es-nicht\/"},"wordCount":756,"commentCount":0,"publisher":{"@id":"https:\/\/www.organisator.ch\/#organization"},"image":{"@id":"https:\/\/www.organisator.ch\/sustainability\/2018-02-08\/gefaehrliche-keime-in-baechen-fluessen-und-seen-patentrezept-gibt-es-nicht\/#primaryimage"},"thumbnailUrl":"https:\/\/www.organisator.ch\/wp-content\/uploads\/2018\/02\/Gefaehrliche-Keime-in-Baechen-Fluessen-und-Seen-Patentrezept-gibt-es-nicht-up_umweltperspektiven-scaled.jpg","keywords":["Antibiotika","Keime","Kl\u00e4ranlagen","Wasserquailt\u00e4t"],"articleSection":["SUSTAINABILITY"],"inLanguage":"it-IT"},{"@type":"WebPage","@id":"https:\/\/www.organisator.ch\/sustainability\/2018-02-08\/gefaehrliche-keime-in-baechen-fluessen-und-seen-patentrezept-gibt-es-nicht\/","url":"https:\/\/www.organisator.ch\/sustainability\/2018-02-08\/gefaehrliche-keime-in-baechen-fluessen-und-seen-patentrezept-gibt-es-nicht\/","name":"Germi pericolosi in torrenti, fiumi e laghi: non esiste un rimedio brevettato! - Organizzatore","isPartOf":{"@id":"https:\/\/www.organisator.ch\/#website"},"primaryImageOfPage":{"@id":"https:\/\/www.organisator.ch\/sustainability\/2018-02-08\/gefaehrliche-keime-in-baechen-fluessen-und-seen-patentrezept-gibt-es-nicht\/#primaryimage"},"image":{"@id":"https:\/\/www.organisator.ch\/sustainability\/2018-02-08\/gefaehrliche-keime-in-baechen-fluessen-und-seen-patentrezept-gibt-es-nicht\/#primaryimage"},"thumbnailUrl":"https:\/\/www.organisator.ch\/wp-content\/uploads\/2018\/02\/Gefaehrliche-Keime-in-Baechen-Fluessen-und-Seen-Patentrezept-gibt-es-nicht-up_umweltperspektiven-scaled.jpg","datePublished":"2018-02-08T14:42:06+00:00","dateModified":"2022-02-09T10:10:55+00:00","description":"Recentemente, il programma televisivo \"Germi pericolosi in torrenti, fiumi e laghi\" \u00e8 stato trasmesso dalla rivista politica \"Panorama - die Reporter\".","breadcrumb":{"@id":"https:\/\/www.organisator.ch\/sustainability\/2018-02-08\/gefaehrliche-keime-in-baechen-fluessen-und-seen-patentrezept-gibt-es-nicht\/#breadcrumb"},"inLanguage":"it-IT","potentialAction":[{"@type":"ReadAction","target":["https:\/\/www.organisator.ch\/sustainability\/2018-02-08\/gefaehrliche-keime-in-baechen-fluessen-und-seen-patentrezept-gibt-es-nicht\/"]}]},{"@type":"ImageObject","inLanguage":"it-IT","@id":"https:\/\/www.organisator.ch\/sustainability\/2018-02-08\/gefaehrliche-keime-in-baechen-fluessen-und-seen-patentrezept-gibt-es-nicht\/#primaryimage","url":"https:\/\/www.organisator.ch\/wp-content\/uploads\/2018\/02\/Gefaehrliche-Keime-in-Baechen-Fluessen-und-Seen-Patentrezept-gibt-es-nicht-up_umweltperspektiven-scaled.jpg","contentUrl":"https:\/\/www.organisator.ch\/wp-content\/uploads\/2018\/02\/Gefaehrliche-Keime-in-Baechen-Fluessen-und-Seen-Patentrezept-gibt-es-nicht-up_umweltperspektiven-scaled.jpg","width":2560,"height":1833,"caption":"Gef\u00e4hrliche Keime in B\u00e4chen, Fl\u00fcssen und Seen: Patentrezept gibt es nicht. (Bild: depositphotos)"},{"@type":"BreadcrumbList","@id":"https:\/\/www.organisator.ch\/sustainability\/2018-02-08\/gefaehrliche-keime-in-baechen-fluessen-und-seen-patentrezept-gibt-es-nicht\/#breadcrumb","itemListElement":[{"@type":"ListItem","position":1,"name":"Home","item":"https:\/\/www.organisator.ch\/"},{"@type":"ListItem","position":2,"name":"Gef\u00e4hrliche Keime in B\u00e4chen, Fl\u00fcssen und Seen: Patentrezept gibt es nicht!"}]},{"@type":"WebSite","@id":"https:\/\/www.organisator.ch\/#website","url":"https:\/\/www.organisator.ch\/","name":"Organizzatore","description":"Competente. Pratico. In 10 numeri all'anno, ORGANISATOR presenta i temi essenziali per i manager delle PMI.","publisher":{"@id":"https:\/\/www.organisator.ch\/#organization"},"potentialAction":[{"@type":"SearchAction","target":{"@type":"EntryPoint","urlTemplate":"https:\/\/www.organisator.ch\/?s={search_term_string}"},"query-input":{"@type":"PropertyValueSpecification","valueRequired":true,"valueName":"search_term_string"}}],"inLanguage":"it-IT"},{"@type":"Organization","@id":"https:\/\/www.organisator.ch\/#organization","name":"Organizzatore","url":"https:\/\/www.organisator.ch\/","logo":{"@type":"ImageObject","inLanguage":"it-IT","@id":"https:\/\/www.organisator.ch\/#\/schema\/logo\/image\/","url":"https:\/\/www.organisator.ch\/wp-content\/uploads\/2022\/01\/Logo_Organisator_Website.png","contentUrl":"https:\/\/www.organisator.ch\/wp-content\/uploads\/2022\/01\/Logo_Organisator_Website.png","width":800,"height":77,"caption":"Organisator"},"image":{"@id":"https:\/\/www.organisator.ch\/#\/schema\/logo\/image\/"},"sameAs":["https:\/\/www.facebook.com\/OrganisatorFachmagazin","https:\/\/www.linkedin.com\/showcase\/organisator-das-magazin-fr-kmu","https:\/\/www.xing.com\/news\/pages\/organisator-ch-695","https:\/\/www.youtube.com\/channel\/UCGP2Sq0iWaZwT3BdIAQFYpw"]},{"@type":"Person","@id":"https:\/\/www.organisator.ch\/#\/schema\/person\/134708ca9321c57b0362cceb7948ffbd","name":"michael.merz","image":{"@type":"ImageObject","inLanguage":"it-IT","@id":"https:\/\/secure.gravatar.com\/avatar\/?s=96&d=mm&r=g","url":"https:\/\/secure.gravatar.com\/avatar\/?s=96&d=mm&r=g","contentUrl":"https:\/\/secure.gravatar.com\/avatar\/?s=96&d=mm&r=g","caption":"michael.merz"},"url":"https:\/\/www.organisator.ch\/it\/author\/michael-merz\/"}]}},"_links":{"self":[{"href":"https:\/\/www.organisator.ch\/it\/wp-json\/wp\/v2\/posts\/1485","targetHints":{"allow":["GET"]}}],"collection":[{"href":"https:\/\/www.organisator.ch\/it\/wp-json\/wp\/v2\/posts"}],"about":[{"href":"https:\/\/www.organisator.ch\/it\/wp-json\/wp\/v2\/types\/post"}],"author":[{"embeddable":true,"href":"https:\/\/www.organisator.ch\/it\/wp-json\/wp\/v2\/users\/5"}],"replies":[{"embeddable":true,"href":"https:\/\/www.organisator.ch\/it\/wp-json\/wp\/v2\/comments?post=1485"}],"version-history":[{"count":1,"href":"https:\/\/www.organisator.ch\/it\/wp-json\/wp\/v2\/posts\/1485\/revisions"}],"predecessor-version":[{"id":11038,"href":"https:\/\/www.organisator.ch\/it\/wp-json\/wp\/v2\/posts\/1485\/revisions\/11038"}],"wp:featuredmedia":[{"embeddable":true,"href":"https:\/\/www.organisator.ch\/it\/wp-json\/wp\/v2\/media\/1486"}],"wp:attachment":[{"href":"https:\/\/www.organisator.ch\/it\/wp-json\/wp\/v2\/media?parent=1485"}],"wp:term":[{"taxonomy":"category","embeddable":true,"href":"https:\/\/www.organisator.ch\/it\/wp-json\/wp\/v2\/categories?post=1485"},{"taxonomy":"post_tag","embeddable":true,"href":"https:\/\/www.organisator.ch\/it\/wp-json\/wp\/v2\/tags?post=1485"}],"curies":[{"name":"wp","href":"https:\/\/api.w.org\/{rel}","templated":true}]}}