{"id":1492,"date":"2018-02-13T13:45:15","date_gmt":"2018-02-13T12:45:15","guid":{"rendered":"https:\/\/www.umweltperspektiven.ch\/?p=1492"},"modified":"2018-02-13T13:45:15","modified_gmt":"2018-02-13T12:45:15","slug":"bfu-befragung-zu-selbstunfaellen-auf-dem-e-bike","status":"publish","type":"post","link":"https:\/\/www.organisator.ch\/it\/allgemein\/2018-02-13\/bfu-befragung-zu-selbstunfaellen-auf-dem-e-bike\/","title":{"rendered":"sondaggio dell'upi sugli auto-incidenti con le e-bike"},"content":{"rendered":"<div class=\"ym-grid is-detail-page\">\n<div class=\"ym-g66 ym-gl\">\n<div class=\"is-detail-page-content\">\n<div class=\"is-detail-information-content\">\n<figure id=\"attachment_1493\" aria-describedby=\"caption-attachment-1493\" style=\"width: 680px\" class=\"wp-caption alignnone\"><img loading=\"lazy\" decoding=\"async\" class=\"size-medium wp-image-1493\" src=\"\/\/www.umweltperspektiven.ch\/wp-content\/uploads\/2018\/02\/bfu-Befragung-zu-Selbstunf\u00e4llen-auf-dem-E-Bike-up-umweltperspektiven.jpg\" alt=\"\" width=\"680\" height=\"453\" \/><figcaption id=\"caption-attachment-1493\" class=\"wp-caption-text\">L'idillio \u00e8 ingannevole: un pilota di e-bike su sei \u00e8 gi\u00e0 caduto nel traffico stradale. (Immagine: Pixabay)<\/figcaption><\/figure>\n<\/div>\n<div><\/div>\n<div class=\"is-detail-information-content\">Il sondaggio dell'upi sugli incidenti con e-bike mostra delle tendenze chiare. Le biciclette elettriche stanno conquistando le strade svizzere da qualche anno. Nel 2016, sono state vendute pi\u00f9 di 75.000 e-bike, il che corrisponde a circa un quarto di tutte le biciclette vendute in Svizzera. Questo si riflette nelle statistiche degli incidenti: tra il 2011 e il 2016, gli incidenti che coinvolgono le e-bike sono triplicati.<\/div>\n<div><\/div>\n<div class=\"is-detail-information-content\">\n<p>Come previsto, i ciclisti che usano frequentemente una e-bike hanno il pi\u00f9 alto rischio di avere un incidente stradale. Coloro che usano la e-bike anche in inverno sono particolarmente a rischio, cos\u00ec come gli uomini e le persone che usano la e-bike per andare al lavoro o a scuola. L'et\u00e0 non gioca un ruolo importante in questo caso; tutti i gruppi di et\u00e0 sono ugualmente colpiti.<\/p>\n<p><strong>Lo scivolamento come causa pi\u00f9 frequente di incidenti<\/strong><\/p>\n<p>Il sondaggio dell'upi mostra che lo scivolamento \u00e8 la causa pi\u00f9 frequente degli auto-incidenti, per esempio su un terreno ghiacciato o bagnato, con un terzo dei casi. L'e-bike \u00e8 raramente considerata una causa (contributiva) dell'incidente. Pi\u00f9 dell'80 % degli intervistati sono dell'opinione che l'incidente sarebbe accaduto anche con una bicicletta normale.<\/p>\n<p>Tre quarti degli incidenti autoinflitti si sono conclusi senza problemi e non hanno provocato ferite o solo lievi. 18 % degli intervistati, tuttavia, si sono feriti in modo moderatamente grave e hanno dovuto essere curati in uno studio medico. 7 % si sono feriti in misura tale da rendere necessario un trattamento in ospedale.<\/p>\n<p><strong>Possibili misure di prevenzione<\/strong><\/p>\n<p>Secondo le loro stesse informazioni, i ciclisti di e-bike si sentono relativamente sicuri sulle strade svizzere. Ciononostante, secondo gli intervistati e l'upi, la sicurezza stradale delle e-bike pu\u00f2 essere migliorata con diverse misure - per esempio, controllando e migliorando l'infrastruttura ciclabile, attraverso una regolare manutenzione delle strade e con campagne di sensibilizzazione per i conducenti di e-bike e auto. I progressi nella tecnologia delle e-bike possono anche migliorare ulteriormente la sicurezza.<\/p>\n<p><a href=\"\/\/www.bfu.ch\">www.bfu.ch<\/a><\/p>\n<p>&nbsp;<\/p>\n<p><iframe loading=\"lazy\" title=\"L&#039;e-bike \u00e8 pi\u00f9 veloce di quanto si pensi\" width=\"768\" height=\"432\" src=\"https:\/\/www.youtube.com\/embed\/EsGiPnVzpOM?feature=oembed\" frameborder=\"0\" allow=\"accelerometer; autoplay; clipboard-write; encrypted-media; gyroscope; picture-in-picture\" allowfullscreen><\/iframe><\/p>\n<\/div>\n<div class=\"is-detail-information-content\"><\/div>\n<\/div>\n<\/div>\n<\/div>\n<p>&nbsp;<\/p>","protected":false},"excerpt":{"rendered":"<p>Die bfu-Befragung zu Selbstunf\u00e4llen mit E-Bikes zeigt eindeutige Tendenzen auf. Seit ein paar Jahren erobern E-Bikes Schweizer Strassen. 2016 wurden \u00fcber 75 000 E-Bikes verkauft, was rund einem Viertel aller in der Schweiz verkauften Velos entspricht. Dies zeigt sich in der Unfallstatistik: Zwischen 2011 und 2016 haben sich die Unf\u00e4lle mit E-Bikes verdreifacht. Das gr\u00f6sste [&hellip;]<\/p>\n","protected":false},"author":5,"featured_media":1493,"comment_status":"open","ping_status":"open","sticky":false,"template":"","format":"standard","meta":{"_acf_changed":false,"_yoast_wpseo_focuskw":"bfu-Befragung","_yoast_wpseo_metadesc":"Eine bfu-Befragung der Beratungsstelle f\u00fcr Unfallverh\u00fctung zeigt, dass rund jeder sechste E-Bike-Fahrende bereits einmal im Strassenverkehr verunfallte.","articlekey":"","footnotes":""},"categories":[1],"tags":[1001,1006,424,2214],"class_list":["post-1492","post","type-post","status-publish","format-standard","has-post-thumbnail","hentry","category-allgemein","tag-e-bikes","tag-e-mobilitaet","tag-schweiz","tag-strassenverkehr"],"acf":[],"yoast_head":"<!-- This site is optimized with the Yoast SEO plugin v27.5 - https:\/\/yoast.com\/product\/yoast-seo-wordpress\/ -->\n<title>bfu-Befragung zu Selbstunf\u00e4llen auf dem E-Bike - Organisator<\/title>\n<meta name=\"description\" content=\"Eine bfu-Befragung der Beratungsstelle f\u00fcr Unfallverh\u00fctung zeigt, dass rund jeder sechste E-Bike-Fahrende bereits einmal im Strassenverkehr verunfallte.\" \/>\n<meta name=\"robots\" content=\"index, follow, max-snippet:-1, max-image-preview:large, max-video-preview:-1\" \/>\n<link rel=\"canonical\" href=\"https:\/\/www.organisator.ch\/it\/generale\/2018-02-13\/bfu-befragung-zu-selbstunfaellen-auf-dem-e-bike\/\" \/>\n<meta property=\"og:locale\" content=\"it_IT\" \/>\n<meta property=\"og:type\" content=\"article\" \/>\n<meta property=\"og:title\" content=\"bfu-Befragung zu Selbstunf\u00e4llen auf dem E-Bike\" \/>\n<meta property=\"og:description\" content=\"Eine bfu-Befragung der Beratungsstelle f\u00fcr Unfallverh\u00fctung zeigt, dass rund jeder sechste E-Bike-Fahrende bereits einmal im Strassenverkehr verunfallte.\" \/>\n<meta property=\"og:url\" content=\"https:\/\/www.organisator.ch\/it\/generale\/2018-02-13\/bfu-befragung-zu-selbstunfaellen-auf-dem-e-bike\/\" \/>\n<meta property=\"og:site_name\" content=\"Organisator\" \/>\n<meta property=\"article:publisher\" content=\"https:\/\/www.facebook.com\/OrganisatorFachmagazin\" \/>\n<meta property=\"article:published_time\" content=\"2018-02-13T12:45:15+00:00\" \/>\n<meta property=\"og:image\" content=\"https:\/\/www.organisator.ch\/wp-content\/uploads\/2018\/02\/bfu-Befragung-zu-Selbstunfaellen-auf-dem-E-Bike-up-umweltperspektiven.jpg\" \/>\n\t<meta property=\"og:image:width\" content=\"1920\" \/>\n\t<meta property=\"og:image:height\" content=\"1280\" \/>\n\t<meta property=\"og:image:type\" content=\"image\/jpeg\" \/>\n<meta name=\"author\" content=\"michael.merz\" \/>\n<meta name=\"twitter:card\" content=\"summary_large_image\" \/>\n<script type=\"application\/ld+json\" class=\"yoast-schema-graph\">{\"@context\":\"https:\\\/\\\/schema.org\",\"@graph\":[{\"@type\":\"Article\",\"@id\":\"https:\\\/\\\/www.organisator.ch\\\/it\\\/generale\\\/2018-02-13\\\/bfu-befragung-zu-selbstunfaellen-auf-dem-e-bike\\\/#article\",\"isPartOf\":{\"@id\":\"https:\\\/\\\/www.organisator.ch\\\/it\\\/generale\\\/2018-02-13\\\/bfu-befragung-zu-selbstunfaellen-auf-dem-e-bike\\\/\"},\"author\":{\"name\":\"michael.merz\",\"@id\":\"https:\\\/\\\/www.organisator.ch\\\/#\\\/schema\\\/person\\\/134708ca9321c57b0362cceb7948ffbd\"},\"headline\":\"bfu-Befragung zu Selbstunf\u00e4llen auf dem E-Bike\",\"datePublished\":\"2018-02-13T12:45:15+00:00\",\"mainEntityOfPage\":{\"@id\":\"https:\\\/\\\/www.organisator.ch\\\/it\\\/generale\\\/2018-02-13\\\/bfu-befragung-zu-selbstunfaellen-auf-dem-e-bike\\\/\"},\"wordCount\":330,\"commentCount\":0,\"publisher\":{\"@id\":\"https:\\\/\\\/www.organisator.ch\\\/#organization\"},\"image\":{\"@id\":\"https:\\\/\\\/www.organisator.ch\\\/it\\\/generale\\\/2018-02-13\\\/bfu-befragung-zu-selbstunfaellen-auf-dem-e-bike\\\/#primaryimage\"},\"thumbnailUrl\":\"https:\\\/\\\/www.organisator.ch\\\/wp-content\\\/uploads\\\/2018\\\/02\\\/bfu-Befragung-zu-Selbstunfaellen-auf-dem-E-Bike-up-umweltperspektiven.jpg\",\"keywords\":[\"E-Bikes\",\"E-Mobilit\u00e4t\",\"Schweiz\",\"Strassenverkehr\"],\"articleSection\":[\"Allgemein\"],\"inLanguage\":\"it-IT\"},{\"@type\":\"WebPage\",\"@id\":\"https:\\\/\\\/www.organisator.ch\\\/it\\\/generale\\\/2018-02-13\\\/bfu-befragung-zu-selbstunfaellen-auf-dem-e-bike\\\/\",\"url\":\"https:\\\/\\\/www.organisator.ch\\\/it\\\/generale\\\/2018-02-13\\\/bfu-befragung-zu-selbstunfaellen-auf-dem-e-bike\\\/\",\"name\":\"bfu-Befragung zu Selbstunf\u00e4llen auf dem E-Bike - Organisator\",\"isPartOf\":{\"@id\":\"https:\\\/\\\/www.organisator.ch\\\/#website\"},\"primaryImageOfPage\":{\"@id\":\"https:\\\/\\\/www.organisator.ch\\\/it\\\/generale\\\/2018-02-13\\\/bfu-befragung-zu-selbstunfaellen-auf-dem-e-bike\\\/#primaryimage\"},\"image\":{\"@id\":\"https:\\\/\\\/www.organisator.ch\\\/it\\\/generale\\\/2018-02-13\\\/bfu-befragung-zu-selbstunfaellen-auf-dem-e-bike\\\/#primaryimage\"},\"thumbnailUrl\":\"https:\\\/\\\/www.organisator.ch\\\/wp-content\\\/uploads\\\/2018\\\/02\\\/bfu-Befragung-zu-Selbstunfaellen-auf-dem-E-Bike-up-umweltperspektiven.jpg\",\"datePublished\":\"2018-02-13T12:45:15+00:00\",\"description\":\"Eine bfu-Befragung der Beratungsstelle f\u00fcr Unfallverh\u00fctung zeigt, dass rund jeder sechste E-Bike-Fahrende bereits einmal im Strassenverkehr verunfallte.\",\"breadcrumb\":{\"@id\":\"https:\\\/\\\/www.organisator.ch\\\/it\\\/generale\\\/2018-02-13\\\/bfu-befragung-zu-selbstunfaellen-auf-dem-e-bike\\\/#breadcrumb\"},\"inLanguage\":\"it-IT\",\"potentialAction\":[{\"@type\":\"ReadAction\",\"target\":[\"https:\\\/\\\/www.organisator.ch\\\/it\\\/generale\\\/2018-02-13\\\/bfu-befragung-zu-selbstunfaellen-auf-dem-e-bike\\\/\"]}]},{\"@type\":\"ImageObject\",\"inLanguage\":\"it-IT\",\"@id\":\"https:\\\/\\\/www.organisator.ch\\\/it\\\/generale\\\/2018-02-13\\\/bfu-befragung-zu-selbstunfaellen-auf-dem-e-bike\\\/#primaryimage\",\"url\":\"https:\\\/\\\/www.organisator.ch\\\/wp-content\\\/uploads\\\/2018\\\/02\\\/bfu-Befragung-zu-Selbstunfaellen-auf-dem-E-Bike-up-umweltperspektiven.jpg\",\"contentUrl\":\"https:\\\/\\\/www.organisator.ch\\\/wp-content\\\/uploads\\\/2018\\\/02\\\/bfu-Befragung-zu-Selbstunfaellen-auf-dem-E-Bike-up-umweltperspektiven.jpg\",\"width\":1920,\"height\":1280,\"caption\":\"Die Idylle tr\u00fcgt: Einer von sechs E-Bike-Fahrenden ist bereits im Strassenverkehr gest\u00fcrz. (Bild: Pixabay)\"},{\"@type\":\"BreadcrumbList\",\"@id\":\"https:\\\/\\\/www.organisator.ch\\\/it\\\/generale\\\/2018-02-13\\\/bfu-befragung-zu-selbstunfaellen-auf-dem-e-bike\\\/#breadcrumb\",\"itemListElement\":[{\"@type\":\"ListItem\",\"position\":1,\"name\":\"Home\",\"item\":\"https:\\\/\\\/www.organisator.ch\\\/\"},{\"@type\":\"ListItem\",\"position\":2,\"name\":\"bfu-Befragung zu Selbstunf\u00e4llen auf dem E-Bike\"}]},{\"@type\":\"WebSite\",\"@id\":\"https:\\\/\\\/www.organisator.ch\\\/#website\",\"url\":\"https:\\\/\\\/www.organisator.ch\\\/\",\"name\":\"Organisator\",\"description\":\"Kompetent. Praxisnah. Der ORGANISATOR bereitet in 10 Ausgaben pro Jahr die wesentlichen Themen f\u00fcr F\u00fchrungskr\u00e4fte von KMU auf.\",\"publisher\":{\"@id\":\"https:\\\/\\\/www.organisator.ch\\\/#organization\"},\"potentialAction\":[{\"@type\":\"SearchAction\",\"target\":{\"@type\":\"EntryPoint\",\"urlTemplate\":\"https:\\\/\\\/www.organisator.ch\\\/?s={search_term_string}\"},\"query-input\":{\"@type\":\"PropertyValueSpecification\",\"valueRequired\":true,\"valueName\":\"search_term_string\"}}],\"inLanguage\":\"it-IT\"},{\"@type\":\"Organization\",\"@id\":\"https:\\\/\\\/www.organisator.ch\\\/#organization\",\"name\":\"Organisator\",\"url\":\"https:\\\/\\\/www.organisator.ch\\\/\",\"logo\":{\"@type\":\"ImageObject\",\"inLanguage\":\"it-IT\",\"@id\":\"https:\\\/\\\/www.organisator.ch\\\/#\\\/schema\\\/logo\\\/image\\\/\",\"url\":\"https:\\\/\\\/www.organisator.ch\\\/wp-content\\\/uploads\\\/2022\\\/01\\\/Logo_Organisator_Website.png\",\"contentUrl\":\"https:\\\/\\\/www.organisator.ch\\\/wp-content\\\/uploads\\\/2022\\\/01\\\/Logo_Organisator_Website.png\",\"width\":800,\"height\":77,\"caption\":\"Organisator\"},\"image\":{\"@id\":\"https:\\\/\\\/www.organisator.ch\\\/#\\\/schema\\\/logo\\\/image\\\/\"},\"sameAs\":[\"https:\\\/\\\/www.facebook.com\\\/OrganisatorFachmagazin\",\"https:\\\/\\\/www.linkedin.com\\\/showcase\\\/organisator-das-magazin-fr-kmu\",\"https:\\\/\\\/www.xing.com\\\/news\\\/pages\\\/organisator-ch-695\",\"https:\\\/\\\/www.youtube.com\\\/channel\\\/UCGP2Sq0iWaZwT3BdIAQFYpw\"]},{\"@type\":\"Person\",\"@id\":\"https:\\\/\\\/www.organisator.ch\\\/#\\\/schema\\\/person\\\/134708ca9321c57b0362cceb7948ffbd\",\"name\":\"michael.merz\",\"image\":{\"@type\":\"ImageObject\",\"inLanguage\":\"it-IT\",\"@id\":\"https:\\\/\\\/secure.gravatar.com\\\/avatar\\\/?s=96&d=mm&r=g\",\"url\":\"https:\\\/\\\/secure.gravatar.com\\\/avatar\\\/?s=96&d=mm&r=g\",\"contentUrl\":\"https:\\\/\\\/secure.gravatar.com\\\/avatar\\\/?s=96&d=mm&r=g\",\"caption\":\"michael.merz\"},\"url\":\"https:\\\/\\\/www.organisator.ch\\\/it\\\/author\\\/michael-merz\\\/\"}]}<\/script>\n<!-- \/ Yoast SEO plugin. -->","yoast_head_json":{"title":"Sondaggio upi sugli auto-incidenti in e-bike - Organizzatore","description":"Un'indagine dell'Ufficio svizzero per la prevenzione degli infortuni (upi) mostra che circa un ciclista su sei ha gi\u00e0 avuto un incidente nel traffico stradale.","robots":{"index":"index","follow":"follow","max-snippet":"max-snippet:-1","max-image-preview":"max-image-preview:large","max-video-preview":"max-video-preview:-1"},"canonical":"https:\/\/www.organisator.ch\/it\/generale\/2018-02-13\/bfu-befragung-zu-selbstunfaellen-auf-dem-e-bike\/","og_locale":"it_IT","og_type":"article","og_title":"bfu-Befragung zu Selbstunf\u00e4llen auf dem E-Bike","og_description":"Eine bfu-Befragung der Beratungsstelle f\u00fcr Unfallverh\u00fctung zeigt, dass rund jeder sechste E-Bike-Fahrende bereits einmal im Strassenverkehr verunfallte.","og_url":"https:\/\/www.organisator.ch\/it\/generale\/2018-02-13\/bfu-befragung-zu-selbstunfaellen-auf-dem-e-bike\/","og_site_name":"Organisator","article_publisher":"https:\/\/www.facebook.com\/OrganisatorFachmagazin","article_published_time":"2018-02-13T12:45:15+00:00","og_image":[{"width":1920,"height":1280,"url":"https:\/\/www.organisator.ch\/wp-content\/uploads\/2018\/02\/bfu-Befragung-zu-Selbstunfaellen-auf-dem-E-Bike-up-umweltperspektiven.jpg","type":"image\/jpeg"}],"author":"michael.merz","twitter_card":"summary_large_image","schema":{"@context":"https:\/\/schema.org","@graph":[{"@type":"Article","@id":"https:\/\/www.organisator.ch\/it\/generale\/2018-02-13\/bfu-befragung-zu-selbstunfaellen-auf-dem-e-bike\/#article","isPartOf":{"@id":"https:\/\/www.organisator.ch\/it\/generale\/2018-02-13\/bfu-befragung-zu-selbstunfaellen-auf-dem-e-bike\/"},"author":{"name":"michael.merz","@id":"https:\/\/www.organisator.ch\/#\/schema\/person\/134708ca9321c57b0362cceb7948ffbd"},"headline":"bfu-Befragung zu Selbstunf\u00e4llen auf dem E-Bike","datePublished":"2018-02-13T12:45:15+00:00","mainEntityOfPage":{"@id":"https:\/\/www.organisator.ch\/it\/generale\/2018-02-13\/bfu-befragung-zu-selbstunfaellen-auf-dem-e-bike\/"},"wordCount":330,"commentCount":0,"publisher":{"@id":"https:\/\/www.organisator.ch\/#organization"},"image":{"@id":"https:\/\/www.organisator.ch\/it\/generale\/2018-02-13\/bfu-befragung-zu-selbstunfaellen-auf-dem-e-bike\/#primaryimage"},"thumbnailUrl":"https:\/\/www.organisator.ch\/wp-content\/uploads\/2018\/02\/bfu-Befragung-zu-Selbstunfaellen-auf-dem-E-Bike-up-umweltperspektiven.jpg","keywords":["E-Bikes","E-Mobilit\u00e4t","Schweiz","Strassenverkehr"],"articleSection":["Allgemein"],"inLanguage":"it-IT"},{"@type":"WebPage","@id":"https:\/\/www.organisator.ch\/it\/generale\/2018-02-13\/bfu-befragung-zu-selbstunfaellen-auf-dem-e-bike\/","url":"https:\/\/www.organisator.ch\/it\/generale\/2018-02-13\/bfu-befragung-zu-selbstunfaellen-auf-dem-e-bike\/","name":"Sondaggio upi sugli auto-incidenti in e-bike - Organizzatore","isPartOf":{"@id":"https:\/\/www.organisator.ch\/#website"},"primaryImageOfPage":{"@id":"https:\/\/www.organisator.ch\/it\/generale\/2018-02-13\/bfu-befragung-zu-selbstunfaellen-auf-dem-e-bike\/#primaryimage"},"image":{"@id":"https:\/\/www.organisator.ch\/it\/generale\/2018-02-13\/bfu-befragung-zu-selbstunfaellen-auf-dem-e-bike\/#primaryimage"},"thumbnailUrl":"https:\/\/www.organisator.ch\/wp-content\/uploads\/2018\/02\/bfu-Befragung-zu-Selbstunfaellen-auf-dem-E-Bike-up-umweltperspektiven.jpg","datePublished":"2018-02-13T12:45:15+00:00","description":"Un'indagine dell'Ufficio svizzero per la prevenzione degli infortuni (upi) mostra che circa un ciclista su sei ha gi\u00e0 avuto un incidente nel traffico stradale.","breadcrumb":{"@id":"https:\/\/www.organisator.ch\/it\/generale\/2018-02-13\/bfu-befragung-zu-selbstunfaellen-auf-dem-e-bike\/#breadcrumb"},"inLanguage":"it-IT","potentialAction":[{"@type":"ReadAction","target":["https:\/\/www.organisator.ch\/it\/generale\/2018-02-13\/bfu-befragung-zu-selbstunfaellen-auf-dem-e-bike\/"]}]},{"@type":"ImageObject","inLanguage":"it-IT","@id":"https:\/\/www.organisator.ch\/it\/generale\/2018-02-13\/bfu-befragung-zu-selbstunfaellen-auf-dem-e-bike\/#primaryimage","url":"https:\/\/www.organisator.ch\/wp-content\/uploads\/2018\/02\/bfu-Befragung-zu-Selbstunfaellen-auf-dem-E-Bike-up-umweltperspektiven.jpg","contentUrl":"https:\/\/www.organisator.ch\/wp-content\/uploads\/2018\/02\/bfu-Befragung-zu-Selbstunfaellen-auf-dem-E-Bike-up-umweltperspektiven.jpg","width":1920,"height":1280,"caption":"Die Idylle tr\u00fcgt: Einer von sechs E-Bike-Fahrenden ist bereits im Strassenverkehr gest\u00fcrz. (Bild: Pixabay)"},{"@type":"BreadcrumbList","@id":"https:\/\/www.organisator.ch\/it\/generale\/2018-02-13\/bfu-befragung-zu-selbstunfaellen-auf-dem-e-bike\/#breadcrumb","itemListElement":[{"@type":"ListItem","position":1,"name":"Home","item":"https:\/\/www.organisator.ch\/"},{"@type":"ListItem","position":2,"name":"bfu-Befragung zu Selbstunf\u00e4llen auf dem E-Bike"}]},{"@type":"WebSite","@id":"https:\/\/www.organisator.ch\/#website","url":"https:\/\/www.organisator.ch\/","name":"Organizzatore","description":"Competente. Pratico. In 10 numeri all'anno, ORGANISATOR presenta i temi essenziali per i manager delle PMI.","publisher":{"@id":"https:\/\/www.organisator.ch\/#organization"},"potentialAction":[{"@type":"SearchAction","target":{"@type":"EntryPoint","urlTemplate":"https:\/\/www.organisator.ch\/?s={search_term_string}"},"query-input":{"@type":"PropertyValueSpecification","valueRequired":true,"valueName":"search_term_string"}}],"inLanguage":"it-IT"},{"@type":"Organization","@id":"https:\/\/www.organisator.ch\/#organization","name":"Organizzatore","url":"https:\/\/www.organisator.ch\/","logo":{"@type":"ImageObject","inLanguage":"it-IT","@id":"https:\/\/www.organisator.ch\/#\/schema\/logo\/image\/","url":"https:\/\/www.organisator.ch\/wp-content\/uploads\/2022\/01\/Logo_Organisator_Website.png","contentUrl":"https:\/\/www.organisator.ch\/wp-content\/uploads\/2022\/01\/Logo_Organisator_Website.png","width":800,"height":77,"caption":"Organisator"},"image":{"@id":"https:\/\/www.organisator.ch\/#\/schema\/logo\/image\/"},"sameAs":["https:\/\/www.facebook.com\/OrganisatorFachmagazin","https:\/\/www.linkedin.com\/showcase\/organisator-das-magazin-fr-kmu","https:\/\/www.xing.com\/news\/pages\/organisator-ch-695","https:\/\/www.youtube.com\/channel\/UCGP2Sq0iWaZwT3BdIAQFYpw"]},{"@type":"Person","@id":"https:\/\/www.organisator.ch\/#\/schema\/person\/134708ca9321c57b0362cceb7948ffbd","name":"michael.merz","image":{"@type":"ImageObject","inLanguage":"it-IT","@id":"https:\/\/secure.gravatar.com\/avatar\/?s=96&d=mm&r=g","url":"https:\/\/secure.gravatar.com\/avatar\/?s=96&d=mm&r=g","contentUrl":"https:\/\/secure.gravatar.com\/avatar\/?s=96&d=mm&r=g","caption":"michael.merz"},"url":"https:\/\/www.organisator.ch\/it\/author\/michael-merz\/"}]}},"_links":{"self":[{"href":"https:\/\/www.organisator.ch\/it\/wp-json\/wp\/v2\/posts\/1492","targetHints":{"allow":["GET"]}}],"collection":[{"href":"https:\/\/www.organisator.ch\/it\/wp-json\/wp\/v2\/posts"}],"about":[{"href":"https:\/\/www.organisator.ch\/it\/wp-json\/wp\/v2\/types\/post"}],"author":[{"embeddable":true,"href":"https:\/\/www.organisator.ch\/it\/wp-json\/wp\/v2\/users\/5"}],"replies":[{"embeddable":true,"href":"https:\/\/www.organisator.ch\/it\/wp-json\/wp\/v2\/comments?post=1492"}],"version-history":[{"count":0,"href":"https:\/\/www.organisator.ch\/it\/wp-json\/wp\/v2\/posts\/1492\/revisions"}],"wp:featuredmedia":[{"embeddable":true,"href":"https:\/\/www.organisator.ch\/it\/wp-json\/wp\/v2\/media\/1493"}],"wp:attachment":[{"href":"https:\/\/www.organisator.ch\/it\/wp-json\/wp\/v2\/media?parent=1492"}],"wp:term":[{"taxonomy":"category","embeddable":true,"href":"https:\/\/www.organisator.ch\/it\/wp-json\/wp\/v2\/categories?post=1492"},{"taxonomy":"post_tag","embeddable":true,"href":"https:\/\/www.organisator.ch\/it\/wp-json\/wp\/v2\/tags?post=1492"}],"curies":[{"name":"wp","href":"https:\/\/api.w.org\/{rel}","templated":true}]}}