{"id":1496,"date":"2017-02-08T13:24:23","date_gmt":"2017-02-08T12:24:23","guid":{"rendered":"https:\/\/www.organisator.ch\/?p=1496"},"modified":"2017-02-08T13:24:23","modified_gmt":"2017-02-08T12:24:23","slug":"schweizer-verwaltungsraete-fuer-optimierte-innovation","status":"publish","type":"post","link":"https:\/\/www.organisator.ch\/it\/management\/2017-02-08\/schweizer-verwaltungsraete-fuer-optimierte-innovation\/","title":{"rendered":"Consigli di amministrazione svizzeri per un'innovazione ottimizzata"},"content":{"rendered":"<p>&nbsp;<\/p>\n<figure id=\"attachment_1497\" aria-describedby=\"caption-attachment-1497\" style=\"width: 513px\" class=\"wp-caption alignnone\"><img loading=\"lazy\" decoding=\"async\" class=\"size-full wp-image-1497\" src=\"https:\/\/www.organisator.ch\/wp-content\/uploads\/2017\/02\/Schweizer_Verwaltungsraete-Innovation-org-Organisator.jpg\" alt=\"\" width=\"513\" height=\"360\" srcset=\"https:\/\/www.organisator.ch\/wp-content\/uploads\/2017\/02\/Schweizer_Verwaltungsraete-Innovation-org-Organisator.jpg 513w, https:\/\/www.organisator.ch\/wp-content\/uploads\/2017\/02\/Schweizer_Verwaltungsraete-Innovation-org-Organisator-16x12.jpg 16w, https:\/\/www.organisator.ch\/wp-content\/uploads\/2017\/02\/Schweizer_Verwaltungsraete-Innovation-org-Organisator-249x175.jpg 249w, https:\/\/www.organisator.ch\/wp-content\/uploads\/2017\/02\/Schweizer_Verwaltungsraete-Innovation-org-Organisator-499x350.jpg 499w, https:\/\/www.organisator.ch\/wp-content\/uploads\/2017\/02\/Schweizer_Verwaltungsraete-Innovation-org-Organisator-300x211.jpg 300w\" sizes=\"auto, (max-width: 513px) 100vw, 513px\" \/><figcaption id=\"caption-attachment-1497\" class=\"wp-caption-text\">I consigli di amministrazione svizzeri devono affrontare una vasta gamma di questioni e stabilire delle priorit\u00e0. (Immagine: Depositphotos)<\/figcaption><\/figure>\n<p>Prospettive dei membri del consiglio di amministrazione per la propria azienda: 53% si aspettano uno sviluppo positivo degli affari per la loro azienda - con le aziende valutate molto pi\u00f9 ottimisticamente rispetto allo sviluppo economico nel suo complesso. Il Prof. Dr. Dr. Christian Wunderlin, presidente di swissVR, afferma: \"La discrepanza tra la valutazione delle prospettive della propria azienda e quella del settore indica quanto sia grande la fiducia nei propri sforzi per affrontare le sfide attuali e nel successo della propria azienda.\"<\/p>\n<p><strong>Top argomenti strategici del CdA<\/strong><\/p>\n<p>Il 96% dei membri dei consigli di amministrazione svizzeri intervistati conferma che attualmente svolge un ruolo attivo nella definizione della strategia aziendale - e quindi rispetta il mandato legale. La maggioranza degli intervistati valuta positivamente la competenza del consiglio di amministrazione nelle questioni strategiche. Tuttavia, il 30% crede che i singoli membri possano essere sovraccaricati quando si tratta di questioni strategiche.<\/p>\n<p>La quota delle PMI \u00e8 molto pi\u00f9 alta di quella delle grandi imprese.<\/p>\n<p><strong>Ottimizzazioni e strategie <\/strong><\/p>\n<p>I membri del consiglio devono occuparsi di una variet\u00e0 di argomenti e stabilire delle priorit\u00e0. Secondo il sondaggio, i temi pi\u00f9 importanti negli ultimi dodici mesi sono stati l'aumento dell'efficienza e l'ottimizzazione dei processi interni (43%), lo sviluppo di una strategia aziendale (36%) e le sfide del personale a livello di comitato esecutivo (35%).<\/p>\n<p>Per il prossimo anno, gli intervistati si aspettano solo un'importanza comparabilmente alta per il tema dell'efficienza. D'altra parte, la digitalizzazione, la strategia di mercato e di vendita e la gestione dei talenti acquisteranno importanza in futuro.<\/p>\n<p><strong>La Svizzera si concentra sull'innovazione<\/strong><\/p>\n<p>La maggior parte dell'innovazione si concentra sulle innovazioni di servizio e di prodotto (rispettivamente 58% e 47%). Le aziende svizzere sembrano gi\u00e0 seguire la tendenza globale verso una societ\u00e0 dei servizi con la sua forte attenzione allo sviluppo di nuovi servizi. Tuttavia, il focus tradizionale di molte aziende svizzere - il nuovo sviluppo e il miglioramento dei prodotti - continua a godere di un'alta priorit\u00e0.<\/p>\n<p>Il fatto che molti membri dei consigli di amministrazione considerino importanti anche l'innovazione dei processi e dei modelli di business (rispettivamente 30% e 22%) \u00e8 un'indicazione che le aziende svizzere stanno gi\u00e0 innovando sempre pi\u00f9 oltre il prodotto e guidando l'innovazione in altre parti della catena del valore (compresi i servizi, i processi, il marketing). Inoltre, una grande maggioranza (86%) dei membri del consiglio di amministrazione intervistati ha sottolineato che i dipendenti adatti e il giusto know-how sono una priorit\u00e0 assoluta al fine di perseguire attivit\u00e0 di innovazione di successo. (Fonte: \"swissVR Monitor\")<\/p>\n<p><em>Ulteriori informazioni possono essere trovate <a href=\"https:\/\/www2.deloitte.com\/ch\/en\/pages\/audit\/topics\/swiss-centre-for-corporate-governance.html\">Centro svizzero per la governance aziendale<\/a><\/em><\/p>","protected":false},"excerpt":{"rendered":"<p>&nbsp; Die Aussichten der Verwaltungsr\u00e4te f\u00fcr das eigene Unternehmen: 53% erwarten eine positive Gesch\u00e4ftsentwicklung f\u00fcr ihr Unternehmen \u2013 wobei Firmen wesentlich optimistischer eingesch\u00e4tzt werden als die Wirtschaftsentwicklung als Ganzes. Prof. Dr. Dr. Christian Wunderlin, Pr\u00e4sident swissVR, sagt: \u201eDie Diskrepanz zwischen der Einsch\u00e4tzung der Aussichten f\u00fcr das eigene Unternehmen und jene der Branche deutet darauf hin, [&hellip;]<\/p>\n","protected":false},"author":5,"featured_media":1497,"comment_status":"open","ping_status":"open","sticky":false,"template":"","format":"standard","meta":{"_acf_changed":false,"_yoast_wpseo_focuskw":"Schweizer Verwaltungsr\u00e4te","_yoast_wpseo_metadesc":"swissVR befragte zusammen mit Deloitte und der Hochschule Luzern Schweizer Verwaltungsr\u00e4te zu Gesch\u00e4ftsaussichten und aktuellen Verwaltungsratsthemen.","articlekey":"","footnotes":""},"categories":[28],"tags":[399,459,465,496,513],"class_list":["post-1496","post","type-post","status-publish","format-standard","has-post-thumbnail","hentry","category-management","tag-prozessmanagement","tag-studie","tag-swiss-monitor","tag-unternehmensfuehrung","tag-verwaltungsraete"],"acf":[],"yoast_head":"<!-- This site is optimized with the Yoast SEO plugin v27.4 - https:\/\/yoast.com\/product\/yoast-seo-wordpress\/ -->\n<title>Schweizer Verwaltungsr\u00e4te f\u00fcr optimierte Innovation - Organisator<\/title>\n<meta name=\"description\" content=\"swissVR befragte zusammen mit Deloitte und der Hochschule Luzern Schweizer Verwaltungsr\u00e4te zu Gesch\u00e4ftsaussichten und aktuellen Verwaltungsratsthemen.\" \/>\n<meta name=\"robots\" content=\"index, follow, max-snippet:-1, max-image-preview:large, max-video-preview:-1\" \/>\n<link rel=\"canonical\" href=\"https:\/\/www.m-q.ch\/887-2\/\" \/>\n<meta property=\"og:locale\" content=\"it_IT\" \/>\n<meta property=\"og:type\" content=\"article\" \/>\n<meta property=\"og:title\" content=\"Schweizer Verwaltungsr\u00e4te f\u00fcr optimierte Innovation\" \/>\n<meta property=\"og:description\" content=\"#swissVR hat zusammen mit #Deloitte und der Hochschule Luzern 460 Verwaltungsratsmitglieder zu Gesch\u00e4ftsaussichten und aktuellen #Verwaltungsratsthemen wie Strategien und Innovation befragt. In der ersten &quot;swissVR Monitor&quot; Ausgabe \u00e4usserten sich die Verwaltungsratsmitglieder recht positiv zu den Gesch\u00e4ftsaussichten in den n\u00e4chsten zw\u00f6lf Monaten.\" \/>\n<meta property=\"og:url\" content=\"https:\/\/www.m-q.ch\/887-2\/\" \/>\n<meta property=\"og:site_name\" content=\"Organisator\" \/>\n<meta property=\"article:publisher\" content=\"https:\/\/www.facebook.com\/OrganisatorFachmagazin\" \/>\n<meta property=\"article:published_time\" content=\"2017-02-08T12:24:23+00:00\" \/>\n<meta property=\"og:image\" content=\"https:\/\/www.organisator.ch\/wp-content\/uploads\/2017\/02\/Schweizer_Verwaltungsraete-Innovation-org-Organisator.jpg\" \/>\n\t<meta property=\"og:image:width\" content=\"513\" \/>\n\t<meta property=\"og:image:height\" content=\"360\" \/>\n\t<meta property=\"og:image:type\" content=\"image\/jpeg\" \/>\n<meta name=\"author\" content=\"michael.merz\" \/>\n<meta name=\"twitter:card\" content=\"summary_large_image\" \/>\n<meta name=\"twitter:title\" content=\"#SchweizerVerwaltungsr\u00e4te f\u00fcr optimierte Innovation\" \/>\n<meta name=\"twitter:description\" content=\"#swissVR hat zusammen mit #Deloitte und der Hochschule Luzern 460 Verwaltungsratsmitglieder zu Gesch\u00e4ftsaussichten und aktuellen #Verwaltungsratsthemen wie Strategien und Innovation befragt. In der ersten &quot;swissVR Monitor&quot; Ausgabe \u00e4usserten sich die Verwaltungsratsmitglieder recht positiv zu den Gesch\u00e4ftsaussichten in den n\u00e4chsten zw\u00f6lf Monaten.\" \/>\n<meta name=\"twitter:image\" content=\"https:\/\/www.organisator.ch\/wp-content\/uploads\/2017\/02\/Schweizer_Verwaltungsr\u00e4te-Innovation-org-Organisator.jpg\" \/>\n<script type=\"application\/ld+json\" class=\"yoast-schema-graph\">{\"@context\":\"https:\\\/\\\/schema.org\",\"@graph\":[{\"@type\":\"Article\",\"@id\":\"https:\\\/\\\/www.m-q.ch\\\/887-2\\\/#article\",\"isPartOf\":{\"@id\":\"https:\\\/\\\/www.organisator.ch\\\/management\\\/2017-02-08\\\/schweizer-verwaltungsraete-fuer-optimierte-innovation\\\/\"},\"author\":{\"name\":\"michael.merz\",\"@id\":\"https:\\\/\\\/www.organisator.ch\\\/#\\\/schema\\\/person\\\/134708ca9321c57b0362cceb7948ffbd\"},\"headline\":\"Schweizer Verwaltungsr\u00e4te f\u00fcr optimierte Innovation\",\"datePublished\":\"2017-02-08T12:24:23+00:00\",\"mainEntityOfPage\":{\"@id\":\"https:\\\/\\\/www.organisator.ch\\\/management\\\/2017-02-08\\\/schweizer-verwaltungsraete-fuer-optimierte-innovation\\\/\"},\"wordCount\":392,\"commentCount\":0,\"publisher\":{\"@id\":\"https:\\\/\\\/www.organisator.ch\\\/#organization\"},\"image\":{\"@id\":\"https:\\\/\\\/www.m-q.ch\\\/887-2\\\/#primaryimage\"},\"thumbnailUrl\":\"https:\\\/\\\/www.organisator.ch\\\/wp-content\\\/uploads\\\/2017\\\/02\\\/Schweizer_Verwaltungsraete-Innovation-org-Organisator.jpg\",\"keywords\":[\"Prozessmanagement\",\"Studie\",\"Swiss Monitor\",\"Unternehmensf\u00fchrung\",\"Verwaltungsr\u00e4te\"],\"articleSection\":[\"MANAGEMENT\"],\"inLanguage\":\"it-IT\"},{\"@type\":\"WebPage\",\"@id\":\"https:\\\/\\\/www.organisator.ch\\\/management\\\/2017-02-08\\\/schweizer-verwaltungsraete-fuer-optimierte-innovation\\\/\",\"url\":\"https:\\\/\\\/www.m-q.ch\\\/887-2\\\/\",\"name\":\"Schweizer Verwaltungsr\u00e4te f\u00fcr optimierte Innovation - Organisator\",\"isPartOf\":{\"@id\":\"https:\\\/\\\/www.organisator.ch\\\/#website\"},\"primaryImageOfPage\":{\"@id\":\"https:\\\/\\\/www.m-q.ch\\\/887-2\\\/#primaryimage\"},\"image\":{\"@id\":\"https:\\\/\\\/www.m-q.ch\\\/887-2\\\/#primaryimage\"},\"thumbnailUrl\":\"https:\\\/\\\/www.organisator.ch\\\/wp-content\\\/uploads\\\/2017\\\/02\\\/Schweizer_Verwaltungsraete-Innovation-org-Organisator.jpg\",\"datePublished\":\"2017-02-08T12:24:23+00:00\",\"description\":\"swissVR befragte zusammen mit Deloitte und der Hochschule Luzern Schweizer Verwaltungsr\u00e4te zu Gesch\u00e4ftsaussichten und aktuellen Verwaltungsratsthemen.\",\"breadcrumb\":{\"@id\":\"https:\\\/\\\/www.m-q.ch\\\/887-2\\\/#breadcrumb\"},\"inLanguage\":\"it-IT\",\"potentialAction\":[{\"@type\":\"ReadAction\",\"target\":[\"https:\\\/\\\/www.m-q.ch\\\/887-2\\\/\"]}]},{\"@type\":\"ImageObject\",\"inLanguage\":\"it-IT\",\"@id\":\"https:\\\/\\\/www.m-q.ch\\\/887-2\\\/#primaryimage\",\"url\":\"https:\\\/\\\/www.organisator.ch\\\/wp-content\\\/uploads\\\/2017\\\/02\\\/Schweizer_Verwaltungsraete-Innovation-org-Organisator.jpg\",\"contentUrl\":\"https:\\\/\\\/www.organisator.ch\\\/wp-content\\\/uploads\\\/2017\\\/02\\\/Schweizer_Verwaltungsraete-Innovation-org-Organisator.jpg\",\"width\":513,\"height\":360,\"caption\":\"Business people\"},{\"@type\":\"BreadcrumbList\",\"@id\":\"https:\\\/\\\/www.m-q.ch\\\/887-2\\\/#breadcrumb\",\"itemListElement\":[{\"@type\":\"ListItem\",\"position\":1,\"name\":\"Home\",\"item\":\"https:\\\/\\\/www.organisator.ch\\\/\"},{\"@type\":\"ListItem\",\"position\":2,\"name\":\"Schweizer Verwaltungsr\u00e4te f\u00fcr optimierte Innovation\"}]},{\"@type\":\"WebSite\",\"@id\":\"https:\\\/\\\/www.organisator.ch\\\/#website\",\"url\":\"https:\\\/\\\/www.organisator.ch\\\/\",\"name\":\"Organisator\",\"description\":\"Kompetent. Praxisnah. Der ORGANISATOR bereitet in 10 Ausgaben pro Jahr die wesentlichen Themen f\u00fcr F\u00fchrungskr\u00e4fte von KMU auf.\",\"publisher\":{\"@id\":\"https:\\\/\\\/www.organisator.ch\\\/#organization\"},\"potentialAction\":[{\"@type\":\"SearchAction\",\"target\":{\"@type\":\"EntryPoint\",\"urlTemplate\":\"https:\\\/\\\/www.organisator.ch\\\/?s={search_term_string}\"},\"query-input\":{\"@type\":\"PropertyValueSpecification\",\"valueRequired\":true,\"valueName\":\"search_term_string\"}}],\"inLanguage\":\"it-IT\"},{\"@type\":\"Organization\",\"@id\":\"https:\\\/\\\/www.organisator.ch\\\/#organization\",\"name\":\"Organisator\",\"url\":\"https:\\\/\\\/www.organisator.ch\\\/\",\"logo\":{\"@type\":\"ImageObject\",\"inLanguage\":\"it-IT\",\"@id\":\"https:\\\/\\\/www.organisator.ch\\\/#\\\/schema\\\/logo\\\/image\\\/\",\"url\":\"https:\\\/\\\/www.organisator.ch\\\/wp-content\\\/uploads\\\/2022\\\/01\\\/Logo_Organisator_Website.png\",\"contentUrl\":\"https:\\\/\\\/www.organisator.ch\\\/wp-content\\\/uploads\\\/2022\\\/01\\\/Logo_Organisator_Website.png\",\"width\":800,\"height\":77,\"caption\":\"Organisator\"},\"image\":{\"@id\":\"https:\\\/\\\/www.organisator.ch\\\/#\\\/schema\\\/logo\\\/image\\\/\"},\"sameAs\":[\"https:\\\/\\\/www.facebook.com\\\/OrganisatorFachmagazin\",\"https:\\\/\\\/www.linkedin.com\\\/showcase\\\/organisator-das-magazin-fr-kmu\",\"https:\\\/\\\/www.xing.com\\\/news\\\/pages\\\/organisator-ch-695\",\"https:\\\/\\\/www.youtube.com\\\/channel\\\/UCGP2Sq0iWaZwT3BdIAQFYpw\"]},{\"@type\":\"Person\",\"@id\":\"https:\\\/\\\/www.organisator.ch\\\/#\\\/schema\\\/person\\\/134708ca9321c57b0362cceb7948ffbd\",\"name\":\"michael.merz\",\"image\":{\"@type\":\"ImageObject\",\"inLanguage\":\"it-IT\",\"@id\":\"https:\\\/\\\/secure.gravatar.com\\\/avatar\\\/?s=96&d=mm&r=g\",\"url\":\"https:\\\/\\\/secure.gravatar.com\\\/avatar\\\/?s=96&d=mm&r=g\",\"contentUrl\":\"https:\\\/\\\/secure.gravatar.com\\\/avatar\\\/?s=96&d=mm&r=g\",\"caption\":\"michael.merz\"},\"url\":\"https:\\\/\\\/www.organisator.ch\\\/it\\\/author\\\/michael-merz\\\/\"}]}<\/script>\n<!-- \/ Yoast SEO plugin. -->","yoast_head_json":{"title":"I Consigli di amministrazione svizzeri per l'innovazione ottimizzata - Organizzatore","description":"swissVR, in collaborazione con Deloitte e l'Universit\u00e0 di Scienze Applicate e Arti di Lucerna, ha condotto un sondaggio tra i membri dei consigli di amministrazione svizzeri sulle prospettive di business e sui temi attuali dei consigli di amministrazione.","robots":{"index":"index","follow":"follow","max-snippet":"max-snippet:-1","max-image-preview":"max-image-preview:large","max-video-preview":"max-video-preview:-1"},"canonical":"https:\/\/www.m-q.ch\/887-2\/","og_locale":"it_IT","og_type":"article","og_title":"Schweizer Verwaltungsr\u00e4te f\u00fcr optimierte Innovation","og_description":"#swissVR hat zusammen mit #Deloitte und der Hochschule Luzern 460 Verwaltungsratsmitglieder zu Gesch\u00e4ftsaussichten und aktuellen #Verwaltungsratsthemen wie Strategien und Innovation befragt. In der ersten \"swissVR Monitor\" Ausgabe \u00e4usserten sich die Verwaltungsratsmitglieder recht positiv zu den Gesch\u00e4ftsaussichten in den n\u00e4chsten zw\u00f6lf Monaten.","og_url":"https:\/\/www.m-q.ch\/887-2\/","og_site_name":"Organisator","article_publisher":"https:\/\/www.facebook.com\/OrganisatorFachmagazin","article_published_time":"2017-02-08T12:24:23+00:00","og_image":[{"width":513,"height":360,"url":"https:\/\/www.organisator.ch\/wp-content\/uploads\/2017\/02\/Schweizer_Verwaltungsraete-Innovation-org-Organisator.jpg","type":"image\/jpeg"}],"author":"michael.merz","twitter_card":"summary_large_image","twitter_title":"#SchweizerVerwaltungsr\u00e4te f\u00fcr optimierte Innovation","twitter_description":"#swissVR hat zusammen mit #Deloitte und der Hochschule Luzern 460 Verwaltungsratsmitglieder zu Gesch\u00e4ftsaussichten und aktuellen #Verwaltungsratsthemen wie Strategien und Innovation befragt. In der ersten \"swissVR Monitor\" Ausgabe \u00e4usserten sich die Verwaltungsratsmitglieder recht positiv zu den Gesch\u00e4ftsaussichten in den n\u00e4chsten zw\u00f6lf Monaten.","twitter_image":"https:\/\/www.organisator.ch\/wp-content\/uploads\/2017\/02\/Schweizer_Verwaltungsr\u00e4te-Innovation-org-Organisator.jpg","schema":{"@context":"https:\/\/schema.org","@graph":[{"@type":"Article","@id":"https:\/\/www.m-q.ch\/887-2\/#article","isPartOf":{"@id":"https:\/\/www.organisator.ch\/management\/2017-02-08\/schweizer-verwaltungsraete-fuer-optimierte-innovation\/"},"author":{"name":"michael.merz","@id":"https:\/\/www.organisator.ch\/#\/schema\/person\/134708ca9321c57b0362cceb7948ffbd"},"headline":"Schweizer Verwaltungsr\u00e4te f\u00fcr optimierte Innovation","datePublished":"2017-02-08T12:24:23+00:00","mainEntityOfPage":{"@id":"https:\/\/www.organisator.ch\/management\/2017-02-08\/schweizer-verwaltungsraete-fuer-optimierte-innovation\/"},"wordCount":392,"commentCount":0,"publisher":{"@id":"https:\/\/www.organisator.ch\/#organization"},"image":{"@id":"https:\/\/www.m-q.ch\/887-2\/#primaryimage"},"thumbnailUrl":"https:\/\/www.organisator.ch\/wp-content\/uploads\/2017\/02\/Schweizer_Verwaltungsraete-Innovation-org-Organisator.jpg","keywords":["Prozessmanagement","Studie","Swiss Monitor","Unternehmensf\u00fchrung","Verwaltungsr\u00e4te"],"articleSection":["MANAGEMENT"],"inLanguage":"it-IT"},{"@type":"WebPage","@id":"https:\/\/www.organisator.ch\/management\/2017-02-08\/schweizer-verwaltungsraete-fuer-optimierte-innovation\/","url":"https:\/\/www.m-q.ch\/887-2\/","name":"I Consigli di amministrazione svizzeri per l'innovazione ottimizzata - Organizzatore","isPartOf":{"@id":"https:\/\/www.organisator.ch\/#website"},"primaryImageOfPage":{"@id":"https:\/\/www.m-q.ch\/887-2\/#primaryimage"},"image":{"@id":"https:\/\/www.m-q.ch\/887-2\/#primaryimage"},"thumbnailUrl":"https:\/\/www.organisator.ch\/wp-content\/uploads\/2017\/02\/Schweizer_Verwaltungsraete-Innovation-org-Organisator.jpg","datePublished":"2017-02-08T12:24:23+00:00","description":"swissVR, in collaborazione con Deloitte e l'Universit\u00e0 di Scienze Applicate e Arti di Lucerna, ha condotto un sondaggio tra i membri dei consigli di amministrazione svizzeri sulle prospettive di business e sui temi attuali dei consigli di amministrazione.","breadcrumb":{"@id":"https:\/\/www.m-q.ch\/887-2\/#breadcrumb"},"inLanguage":"it-IT","potentialAction":[{"@type":"ReadAction","target":["https:\/\/www.m-q.ch\/887-2\/"]}]},{"@type":"ImageObject","inLanguage":"it-IT","@id":"https:\/\/www.m-q.ch\/887-2\/#primaryimage","url":"https:\/\/www.organisator.ch\/wp-content\/uploads\/2017\/02\/Schweizer_Verwaltungsraete-Innovation-org-Organisator.jpg","contentUrl":"https:\/\/www.organisator.ch\/wp-content\/uploads\/2017\/02\/Schweizer_Verwaltungsraete-Innovation-org-Organisator.jpg","width":513,"height":360,"caption":"Business people"},{"@type":"BreadcrumbList","@id":"https:\/\/www.m-q.ch\/887-2\/#breadcrumb","itemListElement":[{"@type":"ListItem","position":1,"name":"Home","item":"https:\/\/www.organisator.ch\/"},{"@type":"ListItem","position":2,"name":"Schweizer Verwaltungsr\u00e4te f\u00fcr optimierte Innovation"}]},{"@type":"WebSite","@id":"https:\/\/www.organisator.ch\/#website","url":"https:\/\/www.organisator.ch\/","name":"Organizzatore","description":"Competente. Pratico. In 10 numeri all'anno, ORGANISATOR presenta i temi essenziali per i manager delle PMI.","publisher":{"@id":"https:\/\/www.organisator.ch\/#organization"},"potentialAction":[{"@type":"SearchAction","target":{"@type":"EntryPoint","urlTemplate":"https:\/\/www.organisator.ch\/?s={search_term_string}"},"query-input":{"@type":"PropertyValueSpecification","valueRequired":true,"valueName":"search_term_string"}}],"inLanguage":"it-IT"},{"@type":"Organization","@id":"https:\/\/www.organisator.ch\/#organization","name":"Organizzatore","url":"https:\/\/www.organisator.ch\/","logo":{"@type":"ImageObject","inLanguage":"it-IT","@id":"https:\/\/www.organisator.ch\/#\/schema\/logo\/image\/","url":"https:\/\/www.organisator.ch\/wp-content\/uploads\/2022\/01\/Logo_Organisator_Website.png","contentUrl":"https:\/\/www.organisator.ch\/wp-content\/uploads\/2022\/01\/Logo_Organisator_Website.png","width":800,"height":77,"caption":"Organisator"},"image":{"@id":"https:\/\/www.organisator.ch\/#\/schema\/logo\/image\/"},"sameAs":["https:\/\/www.facebook.com\/OrganisatorFachmagazin","https:\/\/www.linkedin.com\/showcase\/organisator-das-magazin-fr-kmu","https:\/\/www.xing.com\/news\/pages\/organisator-ch-695","https:\/\/www.youtube.com\/channel\/UCGP2Sq0iWaZwT3BdIAQFYpw"]},{"@type":"Person","@id":"https:\/\/www.organisator.ch\/#\/schema\/person\/134708ca9321c57b0362cceb7948ffbd","name":"michael.merz","image":{"@type":"ImageObject","inLanguage":"it-IT","@id":"https:\/\/secure.gravatar.com\/avatar\/?s=96&d=mm&r=g","url":"https:\/\/secure.gravatar.com\/avatar\/?s=96&d=mm&r=g","contentUrl":"https:\/\/secure.gravatar.com\/avatar\/?s=96&d=mm&r=g","caption":"michael.merz"},"url":"https:\/\/www.organisator.ch\/it\/author\/michael-merz\/"}]}},"_links":{"self":[{"href":"https:\/\/www.organisator.ch\/it\/wp-json\/wp\/v2\/posts\/1496","targetHints":{"allow":["GET"]}}],"collection":[{"href":"https:\/\/www.organisator.ch\/it\/wp-json\/wp\/v2\/posts"}],"about":[{"href":"https:\/\/www.organisator.ch\/it\/wp-json\/wp\/v2\/types\/post"}],"author":[{"embeddable":true,"href":"https:\/\/www.organisator.ch\/it\/wp-json\/wp\/v2\/users\/5"}],"replies":[{"embeddable":true,"href":"https:\/\/www.organisator.ch\/it\/wp-json\/wp\/v2\/comments?post=1496"}],"version-history":[{"count":0,"href":"https:\/\/www.organisator.ch\/it\/wp-json\/wp\/v2\/posts\/1496\/revisions"}],"wp:featuredmedia":[{"embeddable":true,"href":"https:\/\/www.organisator.ch\/it\/wp-json\/wp\/v2\/media\/1497"}],"wp:attachment":[{"href":"https:\/\/www.organisator.ch\/it\/wp-json\/wp\/v2\/media?parent=1496"}],"wp:term":[{"taxonomy":"category","embeddable":true,"href":"https:\/\/www.organisator.ch\/it\/wp-json\/wp\/v2\/categories?post=1496"},{"taxonomy":"post_tag","embeddable":true,"href":"https:\/\/www.organisator.ch\/it\/wp-json\/wp\/v2\/tags?post=1496"}],"curies":[{"name":"wp","href":"https:\/\/api.w.org\/{rel}","templated":true}]}}