{"id":1498,"date":"2018-02-14T11:18:58","date_gmt":"2018-02-14T10:18:58","guid":{"rendered":"https:\/\/www.umweltperspektiven.ch\/?p=1498"},"modified":"2018-02-14T11:18:58","modified_gmt":"2018-02-14T10:18:58","slug":"zhaw-studie-ueber-shared-mobility-neue-rollende-rivalen","status":"publish","type":"post","link":"https:\/\/www.organisator.ch\/it\/allgemein\/2018-02-14\/zhaw-studie-ueber-shared-mobility-neue-rollende-rivalen\/","title":{"rendered":"Studio ZHAW sulla mobilit\u00e0 condivisa: nuovi rivali a rotazione?"},"content":{"rendered":"<figure id=\"attachment_1499\" aria-describedby=\"caption-attachment-1499\" style=\"width: 680px\" class=\"wp-caption alignnone\"><img loading=\"lazy\" decoding=\"async\" class=\"wp-image-1499 size-medium\" src=\"\/\/www.umweltperspektiven.ch\/wp-content\/uploads\/2018\/02\/Sharing-Mobilit\u00e4t-und-neue-rollende-Rivalen.jpg\" alt=\"\" width=\"680\" height=\"510\" \/><figcaption id=\"caption-attachment-1499\" class=\"wp-caption-text\">La scelta dei tipi di veicoli \u00e8 enorme. Non solo le biciclette, ma anche lo scooter sharing sta guadagnando importanza a passi da gigante. Stanno emergendo migliori opzioni di noleggio anche nella Svizzera mobile? (Immagine: pixabay)<\/figcaption><\/figure>\n<p><span style=\"font-size: 10.5pt; font-family: 'Arial','sans-serif';\">Lo studio della ZHAW sulla \"mobilit\u00e0 condivisa\", cio\u00e8 la condivisione di veicoli in pubblico, \u00e8 molto rivelatore. Ci sono nuove tendenze come la distribuzione pubblica di scooter nelle citt\u00e0 europee e c'\u00e8 anche un movimento nel car sharing. Dopo che i grandi fornitori popolari come Uber sono andati \"fuori dalla finestra\" nell'estate del 2017, perch\u00e9 la legislazione svizzera ha messo rigorosamente il kibosh sul nuovo tipo di servizio di trasporto Uber Pop, alcuni nuovi tipi di veicoli in rete hanno sferragliare in citt\u00e0 come Zurigo. Qui, tuttavia, i fornitori si trovano su un terreno difficile in termini di offerta sempre crescente di biciclette, scooter e scooter o piccoli veicoli.<\/span><\/p>\n<p><span style=\"font-size: 10.5pt; font-family: 'Arial','sans-serif';\"><span class=\"st\">Pi\u00f9 offerte ci sono, pi\u00f9 basso \u00e8 il d<\/span>i prezzi, sottolinea - brevemente riassunto - lo studio attuale. Per il terzo anno consecutivo, gli studenti della ZHAW del corso di sistemi di trasporto hanno condotto lo studio \"Shared Mobility\". <\/span><span style=\"font-size: 10.5pt; font-family: 'Arial','sans-serif';\">e ha esaminato a questo scopo i concetti di condivisione esistenti nel campo della mobilit\u00e0 in sette citt\u00e0 europee. I risultati di Zurigo, Berlino, Copenhagen, Londra, Parigi, Vienna e Barcellona mostrano che la crescita della sharing economy \u00e8 continuata l'anno scorso e ha portato a ulteriori cambiamenti. <\/span><\/p>\n<p><b><span style=\"font-size: 10.5pt; font-family: 'Arial','sans-serif';\">Gli scooter seguono la marea di biciclette<br \/>\n<\/span><\/b><span style=\"font-size: 10.5pt; font-family: 'Arial','sans-serif';\">\"Dopo il focus dello scorso anno sui servizi peer-to-peer (P2P) - cio\u00e8 il car sharing tra privati - lo studio di quest'anno esamina anche lo scooter sharing\", spiega Thomas Sauter-Servaes, capo del programma Transport Systems alla ZHAW School of Engineering. In questo modello, gli scooter sono offerti per la condivisione allo stesso modo delle biciclette. Lo scooter sharing sta crescendo rapidamente, secondo lo studio ZHAW. Gli scooter sono gi\u00e0 particolarmente popolari a Berlino e Parigi. Non esiste ancora un servizio simile a Zurigo. Ci sono grandi differenze di prezzo tra i fornitori. In contrasto con il bike sharing, i costi sono ancora molto pi\u00f9 alti di quelli del trasporto pubblico.<\/span><\/p>\n<p><b><span style=\"font-size: 10.5pt; font-family: 'Arial','sans-serif';\">Bike sharing in transizione<br \/>\n<\/span><\/b><span style=\"font-size: 10.5pt; font-family: 'Arial','sans-serif';\">Il bike-sharing ha subito grandi cambiamenti nel 2017 a causa dell'ingresso sul mercato di nuovi fornitori. \"Le dimensioni della flotta sono cresciute massicciamente in alcuni casi\", dice lo studente Sandro D\u00fcnki, che ha gestito il progetto insieme a Marc Aeberhard. \"L'aggressiva strategia di espansione dei fornitori, per lo pi\u00f9 asiatici, ha sorpreso i politici di varie citt\u00e0\". Zurich, per esempio, ha guadagnato tre nuovi fornitori rispetto all'anno precedente. Il numero di biciclette a noleggio \u00e8 aumentato di oltre il 200 per cento per un totale di 1055. Le biciclette di questi nuovi fornitori di solito possono essere parcheggiate liberamente e non sono legate a stazioni fisse. \"Questo tipo di condivisione \u00e8 diventato possibile solo grazie alle moderne tecnologie e alla diffusione quasi universale degli smartphone\", dice Aeberhard. Perch\u00e9 il prerequisito per utilizzare un tale servizio \u00e8 essere in grado di localizzare e sbloccare le biciclette in qualsiasi momento della giornata.<\/span><\/p>\n<p><b><span style=\"font-size: 10.5pt; font-family: 'Arial','sans-serif';\">Vibrante mercato del Car-Sharing<br \/>\n<\/span><\/b><span style=\"font-size: 10.5pt; font-family: 'Arial','sans-serif';\">L'uso dei servizi di Car-Sharing nelle principali citt\u00e0 europee \u00e8 ancora in tendenza. Lo studio mostra che il numero di veicoli \u00e8 generalmente in aumento e i prezzi di tutti i fornitori di Car-Sharing sono diminuiti. \"I prezzi variano molto, quindi vale la pena confrontare diversi fornitori\", dice D\u00fcnki. Le offerte dei grandi fornitori erano leggermente pi\u00f9 economiche nel complesso. Tuttavia, c'\u00e8 ancora un solo fornitore a Zurigo. E il trasporto pubblico \u00e8 ancora significativamente pi\u00f9 economico del Car-Sharing nella maggior parte delle citt\u00e0.<\/span><\/p>\n<p><span style=\"font-size: 10.5pt; font-family: 'Arial','sans-serif';\">\"Il mercato \u00e8 abbastanza vivace: Arrivano nuovi fornitori, altri spariscono di nuovo dalla scena\", spiega Aeberhard. Inoltre, la differenza tra il car sharing e la condivisione P2P si \u00e8 ridotta ulteriormente, ma il car sharing tra privati rimane pi\u00f9 economico. Inoltre, l'industria della condivisione P2P continua a crescere. Sempre pi\u00f9 persone offrono il loro veicolo su una piattaforma di condivisione. Nella maggior parte delle citt\u00e0 prese in esame, l'offerta \u00e8 particolarmente interessante per un periodo di noleggio pi\u00f9 lungo rispetto al noleggio di un'auto classica. <\/span><\/p>\n<p><em>I download di ulteriori grafici e informazioni dallo studio possono essere trovati su <a href=\"\/\/www.zhaw.ch\/de\/medien\/medienmitteilungen\/detailansicht-medienmitteilung\/news-single\/sinkende-preise-und-mehr-fahrzeuge-bei-sharing-mobilitaetsservices\/\">qui<\/a><\/em><\/p>\n<h2><\/h2>\n<figure id=\"attachment_1501\" aria-describedby=\"caption-attachment-1501\" style=\"width: 680px\" class=\"wp-caption alignnone\"><img loading=\"lazy\" decoding=\"async\" class=\"wp-image-1501 size-medium\" src=\"\/\/www.umweltperspektiven.ch\/wp-content\/uploads\/2018\/02\/Umfrage_SharedMob_BikeSharing-1.png\" alt=\"\" width=\"680\" height=\"658\" srcset=\"https:\/\/www.organisator.ch\/wp-content\/uploads\/2018\/02\/Umfrage_SharedMob_BikeSharing-1.png 4751w, https:\/\/www.organisator.ch\/wp-content\/uploads\/2018\/02\/Umfrage_SharedMob_BikeSharing-1-680x658.png 680w, https:\/\/www.organisator.ch\/wp-content\/uploads\/2018\/02\/Umfrage_SharedMob_BikeSharing-1-1024x990.png 1024w, https:\/\/www.organisator.ch\/wp-content\/uploads\/2018\/02\/Umfrage_SharedMob_BikeSharing-1-768x743.png 768w, https:\/\/www.organisator.ch\/wp-content\/uploads\/2018\/02\/Umfrage_SharedMob_BikeSharing-1-1536x1485.png 1536w, https:\/\/www.organisator.ch\/wp-content\/uploads\/2018\/02\/Umfrage_SharedMob_BikeSharing-1-2048x1980.png 2048w, https:\/\/www.organisator.ch\/wp-content\/uploads\/2018\/02\/Umfrage_SharedMob_BikeSharing-1-12x12.png 12w, https:\/\/www.organisator.ch\/wp-content\/uploads\/2018\/02\/Umfrage_SharedMob_BikeSharing-1-181x175.png 181w, https:\/\/www.organisator.ch\/wp-content\/uploads\/2018\/02\/Umfrage_SharedMob_BikeSharing-1-362x350.png 362w, https:\/\/www.organisator.ch\/wp-content\/uploads\/2018\/02\/Umfrage_SharedMob_BikeSharing-1-827x800.png 827w, https:\/\/www.organisator.ch\/wp-content\/uploads\/2018\/02\/Umfrage_SharedMob_BikeSharing-1-920x890.png 920w, https:\/\/www.organisator.ch\/wp-content\/uploads\/2018\/02\/Umfrage_SharedMob_BikeSharing-1-1400x1354.png 1400w, https:\/\/www.organisator.ch\/wp-content\/uploads\/2018\/02\/Umfrage_SharedMob_BikeSharing-1-1448x1400.png 1448w, https:\/\/www.organisator.ch\/wp-content\/uploads\/2018\/02\/Umfrage_SharedMob_BikeSharing-1-300x290.png 300w\" sizes=\"auto, (max-width: 680px) 100vw, 680px\" \/><figcaption id=\"caption-attachment-1501\" class=\"wp-caption-text\">\"Questo tipo di condivisione \u00e8 diventato possibile solo grazie alle moderne tecnologie e alla diffusione quasi universale degli smartphone\", dice l'attuale studio ZHAW sulla mobilit\u00e0 condivisa. (Fonte: ZHAW)<\/figcaption><\/figure>\n<p>&nbsp;<\/p>\n<p>&nbsp;<\/p>\n<p><span style=\"font-size: 10.5pt; font-family: 'Arial','sans-serif';\">\u00a0<\/span><i><\/i><\/p>","protected":false},"excerpt":{"rendered":"<p>Die ZHAW-Studie \u00fcber &#8222;Shared Mobility&#8220;, also das Teilen von Fahrzeugen in der \u00d6ffentlichkeit, ist sehr aufschlussreich. Es gibt neue Tendzen wie die \u00f6ffentliche Verteilung von Motorrollern in europ\u00e4ischen St\u00e4dten und auch beim Car-Sharing kommt Bewegung ins Spiel. Nachdem beliebte gr\u00f6ssere Anbieter wie Uber im Sommer 2017 &#8222;weg vom Fenster&#8220; gerieten, weil die Schweizer Gesetzgebung rigoros [&hellip;]<\/p>\n","protected":false},"author":5,"featured_media":1499,"comment_status":"open","ping_status":"open","sticky":false,"template":"","format":"standard","meta":{"_acf_changed":false,"_yoast_wpseo_focuskw":"ZHAW-Studie \u00fcber Shared Mobility","_yoast_wpseo_metadesc":"Die ZHAW-Studie \u00fcber Shared Mobility ist aktuell: das Bike-Sharing befindet sich teilorts im Sinkflug, obgleich die Flottengr\u00f6ssen massiv angesteigen ist","articlekey":"","footnotes":""},"categories":[1],"tags":[1155,1731,2117,2118,459],"class_list":["post-1498","post","type-post","status-publish","format-standard","has-post-thumbnail","hentry","category-allgemein","tag-fahrzeuge","tag-mobiltitaet","tag-shared-mobiltity","tag-sharing-economy","tag-studie"],"acf":[],"yoast_head":"<!-- This site is optimized with the Yoast SEO plugin v27.4 - https:\/\/yoast.com\/product\/yoast-seo-wordpress\/ -->\n<title>ZHAW-Studie \u00fcber Shared Mobility: Neue rollende Rivalen? - Organisator<\/title>\n<meta name=\"description\" content=\"Die ZHAW-Studie \u00fcber Shared Mobility ist aktuell: das Bike-Sharing befindet sich teilorts im Sinkflug, obgleich die Flottengr\u00f6ssen massiv angesteigen ist\" \/>\n<meta name=\"robots\" content=\"index, follow, max-snippet:-1, max-image-preview:large, max-video-preview:-1\" \/>\n<link rel=\"canonical\" href=\"https:\/\/www.organisator.ch\/it\/generale\/2018-02-14\/zhaw-studie-ueber-shared-mobility-neue-rollende-rivalen\/\" \/>\n<meta property=\"og:locale\" content=\"it_IT\" \/>\n<meta property=\"og:type\" content=\"article\" \/>\n<meta property=\"og:title\" content=\"ZHAW-Studie \u00fcber Shared Mobility: Neue rollende Rivalen?\" \/>\n<meta property=\"og:description\" content=\"Die ZHAW-Studie \u00fcber Shared Mobility ist aktuell: das Bike-Sharing befindet sich teilorts im Sinkflug, obgleich die Flottengr\u00f6ssen massiv angesteigen ist\" \/>\n<meta property=\"og:url\" content=\"https:\/\/www.organisator.ch\/it\/generale\/2018-02-14\/zhaw-studie-ueber-shared-mobility-neue-rollende-rivalen\/\" \/>\n<meta property=\"og:site_name\" content=\"Organisator\" \/>\n<meta property=\"article:publisher\" content=\"https:\/\/www.facebook.com\/OrganisatorFachmagazin\" \/>\n<meta property=\"article:published_time\" content=\"2018-02-14T10:18:58+00:00\" \/>\n<meta property=\"og:image\" content=\"https:\/\/www.organisator.ch\/wp-content\/uploads\/2018\/02\/Sharing-Mobilitaet-und-neue-rollende-Rivalen.jpg\" \/>\n\t<meta property=\"og:image:width\" content=\"1920\" \/>\n\t<meta property=\"og:image:height\" content=\"1440\" \/>\n\t<meta property=\"og:image:type\" content=\"image\/jpeg\" \/>\n<meta name=\"author\" content=\"michael.merz\" \/>\n<meta name=\"twitter:card\" content=\"summary_large_image\" \/>\n<script type=\"application\/ld+json\" class=\"yoast-schema-graph\">{\"@context\":\"https:\\\/\\\/schema.org\",\"@graph\":[{\"@type\":\"Article\",\"@id\":\"https:\\\/\\\/www.organisator.ch\\\/de\\\/allgemein\\\/2018-02-14\\\/zhaw-studie-ueber-shared-mobility-neue-rollende-rivalen\\\/#article\",\"isPartOf\":{\"@id\":\"https:\\\/\\\/www.organisator.ch\\\/de\\\/allgemein\\\/2018-02-14\\\/zhaw-studie-ueber-shared-mobility-neue-rollende-rivalen\\\/\"},\"author\":{\"name\":\"michael.merz\",\"@id\":\"https:\\\/\\\/www.organisator.ch\\\/#\\\/schema\\\/person\\\/134708ca9321c57b0362cceb7948ffbd\"},\"headline\":\"ZHAW-Studie \u00fcber Shared Mobility: Neue rollende Rivalen?\",\"datePublished\":\"2018-02-14T10:18:58+00:00\",\"mainEntityOfPage\":{\"@id\":\"https:\\\/\\\/www.organisator.ch\\\/de\\\/allgemein\\\/2018-02-14\\\/zhaw-studie-ueber-shared-mobility-neue-rollende-rivalen\\\/\"},\"wordCount\":697,\"commentCount\":0,\"publisher\":{\"@id\":\"https:\\\/\\\/www.organisator.ch\\\/#organization\"},\"image\":{\"@id\":\"https:\\\/\\\/www.organisator.ch\\\/de\\\/allgemein\\\/2018-02-14\\\/zhaw-studie-ueber-shared-mobility-neue-rollende-rivalen\\\/#primaryimage\"},\"thumbnailUrl\":\"https:\\\/\\\/www.organisator.ch\\\/wp-content\\\/uploads\\\/2018\\\/02\\\/Sharing-Mobilitaet-und-neue-rollende-Rivalen.jpg\",\"keywords\":[\"Fahrzeuge\",\"Mobiltit\u00e4t\",\"Shared Mobiltity\",\"sharing economy\",\"Studie\"],\"articleSection\":[\"Allgemein\"],\"inLanguage\":\"it-IT\"},{\"@type\":\"WebPage\",\"@id\":\"https:\\\/\\\/www.organisator.ch\\\/de\\\/allgemein\\\/2018-02-14\\\/zhaw-studie-ueber-shared-mobility-neue-rollende-rivalen\\\/\",\"url\":\"https:\\\/\\\/www.organisator.ch\\\/de\\\/allgemein\\\/2018-02-14\\\/zhaw-studie-ueber-shared-mobility-neue-rollende-rivalen\\\/\",\"name\":\"ZHAW-Studie \u00fcber Shared Mobility: Neue rollende Rivalen? - Organisator\",\"isPartOf\":{\"@id\":\"https:\\\/\\\/www.organisator.ch\\\/#website\"},\"primaryImageOfPage\":{\"@id\":\"https:\\\/\\\/www.organisator.ch\\\/de\\\/allgemein\\\/2018-02-14\\\/zhaw-studie-ueber-shared-mobility-neue-rollende-rivalen\\\/#primaryimage\"},\"image\":{\"@id\":\"https:\\\/\\\/www.organisator.ch\\\/de\\\/allgemein\\\/2018-02-14\\\/zhaw-studie-ueber-shared-mobility-neue-rollende-rivalen\\\/#primaryimage\"},\"thumbnailUrl\":\"https:\\\/\\\/www.organisator.ch\\\/wp-content\\\/uploads\\\/2018\\\/02\\\/Sharing-Mobilitaet-und-neue-rollende-Rivalen.jpg\",\"datePublished\":\"2018-02-14T10:18:58+00:00\",\"description\":\"Die ZHAW-Studie \u00fcber Shared Mobility ist aktuell: das Bike-Sharing befindet sich teilorts im Sinkflug, obgleich die Flottengr\u00f6ssen massiv angesteigen ist\",\"breadcrumb\":{\"@id\":\"https:\\\/\\\/www.organisator.ch\\\/de\\\/allgemein\\\/2018-02-14\\\/zhaw-studie-ueber-shared-mobility-neue-rollende-rivalen\\\/#breadcrumb\"},\"inLanguage\":\"it-IT\",\"potentialAction\":[{\"@type\":\"ReadAction\",\"target\":[\"https:\\\/\\\/www.organisator.ch\\\/de\\\/allgemein\\\/2018-02-14\\\/zhaw-studie-ueber-shared-mobility-neue-rollende-rivalen\\\/\"]}]},{\"@type\":\"ImageObject\",\"inLanguage\":\"it-IT\",\"@id\":\"https:\\\/\\\/www.organisator.ch\\\/de\\\/allgemein\\\/2018-02-14\\\/zhaw-studie-ueber-shared-mobility-neue-rollende-rivalen\\\/#primaryimage\",\"url\":\"https:\\\/\\\/www.organisator.ch\\\/wp-content\\\/uploads\\\/2018\\\/02\\\/Sharing-Mobilitaet-und-neue-rollende-Rivalen.jpg\",\"contentUrl\":\"https:\\\/\\\/www.organisator.ch\\\/wp-content\\\/uploads\\\/2018\\\/02\\\/Sharing-Mobilitaet-und-neue-rollende-Rivalen.jpg\",\"width\":1920,\"height\":1440},{\"@type\":\"BreadcrumbList\",\"@id\":\"https:\\\/\\\/www.organisator.ch\\\/de\\\/allgemein\\\/2018-02-14\\\/zhaw-studie-ueber-shared-mobility-neue-rollende-rivalen\\\/#breadcrumb\",\"itemListElement\":[{\"@type\":\"ListItem\",\"position\":1,\"name\":\"Home\",\"item\":\"https:\\\/\\\/www.organisator.ch\\\/\"},{\"@type\":\"ListItem\",\"position\":2,\"name\":\"ZHAW-Studie \u00fcber Shared Mobility: Neue rollende Rivalen?\"}]},{\"@type\":\"WebSite\",\"@id\":\"https:\\\/\\\/www.organisator.ch\\\/#website\",\"url\":\"https:\\\/\\\/www.organisator.ch\\\/\",\"name\":\"Organisator\",\"description\":\"Kompetent. Praxisnah. Der ORGANISATOR bereitet in 10 Ausgaben pro Jahr die wesentlichen Themen f\u00fcr F\u00fchrungskr\u00e4fte von KMU auf.\",\"publisher\":{\"@id\":\"https:\\\/\\\/www.organisator.ch\\\/#organization\"},\"potentialAction\":[{\"@type\":\"SearchAction\",\"target\":{\"@type\":\"EntryPoint\",\"urlTemplate\":\"https:\\\/\\\/www.organisator.ch\\\/?s={search_term_string}\"},\"query-input\":{\"@type\":\"PropertyValueSpecification\",\"valueRequired\":true,\"valueName\":\"search_term_string\"}}],\"inLanguage\":\"it-IT\"},{\"@type\":\"Organization\",\"@id\":\"https:\\\/\\\/www.organisator.ch\\\/#organization\",\"name\":\"Organisator\",\"url\":\"https:\\\/\\\/www.organisator.ch\\\/\",\"logo\":{\"@type\":\"ImageObject\",\"inLanguage\":\"it-IT\",\"@id\":\"https:\\\/\\\/www.organisator.ch\\\/#\\\/schema\\\/logo\\\/image\\\/\",\"url\":\"https:\\\/\\\/www.organisator.ch\\\/wp-content\\\/uploads\\\/2022\\\/01\\\/Logo_Organisator_Website.png\",\"contentUrl\":\"https:\\\/\\\/www.organisator.ch\\\/wp-content\\\/uploads\\\/2022\\\/01\\\/Logo_Organisator_Website.png\",\"width\":800,\"height\":77,\"caption\":\"Organisator\"},\"image\":{\"@id\":\"https:\\\/\\\/www.organisator.ch\\\/#\\\/schema\\\/logo\\\/image\\\/\"},\"sameAs\":[\"https:\\\/\\\/www.facebook.com\\\/OrganisatorFachmagazin\",\"https:\\\/\\\/www.linkedin.com\\\/showcase\\\/organisator-das-magazin-fr-kmu\",\"https:\\\/\\\/www.xing.com\\\/news\\\/pages\\\/organisator-ch-695\",\"https:\\\/\\\/www.youtube.com\\\/channel\\\/UCGP2Sq0iWaZwT3BdIAQFYpw\"]},{\"@type\":\"Person\",\"@id\":\"https:\\\/\\\/www.organisator.ch\\\/#\\\/schema\\\/person\\\/134708ca9321c57b0362cceb7948ffbd\",\"name\":\"michael.merz\",\"image\":{\"@type\":\"ImageObject\",\"inLanguage\":\"it-IT\",\"@id\":\"https:\\\/\\\/secure.gravatar.com\\\/avatar\\\/?s=96&d=mm&r=g\",\"url\":\"https:\\\/\\\/secure.gravatar.com\\\/avatar\\\/?s=96&d=mm&r=g\",\"contentUrl\":\"https:\\\/\\\/secure.gravatar.com\\\/avatar\\\/?s=96&d=mm&r=g\",\"caption\":\"michael.merz\"},\"url\":\"https:\\\/\\\/www.organisator.ch\\\/it\\\/author\\\/michael-merz\\\/\"}]}<\/script>\n<!-- \/ Yoast SEO plugin. -->","yoast_head_json":{"title":"Studio ZHAW sulla mobilit\u00e0 condivisa: nuovi rivali rotanti? - Organizzatore","description":"Lo studio ZHAW sulla mobilit\u00e0 condivisa \u00e8 aggiornato: il bike sharing \u00e8 in declino in alcune localit\u00e0, anche se le dimensioni della flotta sono aumentate in modo massiccio.","robots":{"index":"index","follow":"follow","max-snippet":"max-snippet:-1","max-image-preview":"max-image-preview:large","max-video-preview":"max-video-preview:-1"},"canonical":"https:\/\/www.organisator.ch\/it\/generale\/2018-02-14\/zhaw-studie-ueber-shared-mobility-neue-rollende-rivalen\/","og_locale":"it_IT","og_type":"article","og_title":"ZHAW-Studie \u00fcber Shared Mobility: Neue rollende Rivalen?","og_description":"Die ZHAW-Studie \u00fcber Shared Mobility ist aktuell: das Bike-Sharing befindet sich teilorts im Sinkflug, obgleich die Flottengr\u00f6ssen massiv angesteigen ist","og_url":"https:\/\/www.organisator.ch\/it\/generale\/2018-02-14\/zhaw-studie-ueber-shared-mobility-neue-rollende-rivalen\/","og_site_name":"Organisator","article_publisher":"https:\/\/www.facebook.com\/OrganisatorFachmagazin","article_published_time":"2018-02-14T10:18:58+00:00","og_image":[{"width":1920,"height":1440,"url":"https:\/\/www.organisator.ch\/wp-content\/uploads\/2018\/02\/Sharing-Mobilitaet-und-neue-rollende-Rivalen.jpg","type":"image\/jpeg"}],"author":"michael.merz","twitter_card":"summary_large_image","schema":{"@context":"https:\/\/schema.org","@graph":[{"@type":"Article","@id":"https:\/\/www.organisator.ch\/de\/allgemein\/2018-02-14\/zhaw-studie-ueber-shared-mobility-neue-rollende-rivalen\/#article","isPartOf":{"@id":"https:\/\/www.organisator.ch\/de\/allgemein\/2018-02-14\/zhaw-studie-ueber-shared-mobility-neue-rollende-rivalen\/"},"author":{"name":"michael.merz","@id":"https:\/\/www.organisator.ch\/#\/schema\/person\/134708ca9321c57b0362cceb7948ffbd"},"headline":"ZHAW-Studie \u00fcber Shared Mobility: Neue rollende Rivalen?","datePublished":"2018-02-14T10:18:58+00:00","mainEntityOfPage":{"@id":"https:\/\/www.organisator.ch\/de\/allgemein\/2018-02-14\/zhaw-studie-ueber-shared-mobility-neue-rollende-rivalen\/"},"wordCount":697,"commentCount":0,"publisher":{"@id":"https:\/\/www.organisator.ch\/#organization"},"image":{"@id":"https:\/\/www.organisator.ch\/de\/allgemein\/2018-02-14\/zhaw-studie-ueber-shared-mobility-neue-rollende-rivalen\/#primaryimage"},"thumbnailUrl":"https:\/\/www.organisator.ch\/wp-content\/uploads\/2018\/02\/Sharing-Mobilitaet-und-neue-rollende-Rivalen.jpg","keywords":["Fahrzeuge","Mobiltit\u00e4t","Shared Mobiltity","sharing economy","Studie"],"articleSection":["Allgemein"],"inLanguage":"it-IT"},{"@type":"WebPage","@id":"https:\/\/www.organisator.ch\/de\/allgemein\/2018-02-14\/zhaw-studie-ueber-shared-mobility-neue-rollende-rivalen\/","url":"https:\/\/www.organisator.ch\/de\/allgemein\/2018-02-14\/zhaw-studie-ueber-shared-mobility-neue-rollende-rivalen\/","name":"Studio ZHAW sulla mobilit\u00e0 condivisa: nuovi rivali rotanti? - Organizzatore","isPartOf":{"@id":"https:\/\/www.organisator.ch\/#website"},"primaryImageOfPage":{"@id":"https:\/\/www.organisator.ch\/de\/allgemein\/2018-02-14\/zhaw-studie-ueber-shared-mobility-neue-rollende-rivalen\/#primaryimage"},"image":{"@id":"https:\/\/www.organisator.ch\/de\/allgemein\/2018-02-14\/zhaw-studie-ueber-shared-mobility-neue-rollende-rivalen\/#primaryimage"},"thumbnailUrl":"https:\/\/www.organisator.ch\/wp-content\/uploads\/2018\/02\/Sharing-Mobilitaet-und-neue-rollende-Rivalen.jpg","datePublished":"2018-02-14T10:18:58+00:00","description":"Lo studio ZHAW sulla mobilit\u00e0 condivisa \u00e8 aggiornato: il bike sharing \u00e8 in declino in alcune localit\u00e0, anche se le dimensioni della flotta sono aumentate in modo massiccio.","breadcrumb":{"@id":"https:\/\/www.organisator.ch\/de\/allgemein\/2018-02-14\/zhaw-studie-ueber-shared-mobility-neue-rollende-rivalen\/#breadcrumb"},"inLanguage":"it-IT","potentialAction":[{"@type":"ReadAction","target":["https:\/\/www.organisator.ch\/de\/allgemein\/2018-02-14\/zhaw-studie-ueber-shared-mobility-neue-rollende-rivalen\/"]}]},{"@type":"ImageObject","inLanguage":"it-IT","@id":"https:\/\/www.organisator.ch\/de\/allgemein\/2018-02-14\/zhaw-studie-ueber-shared-mobility-neue-rollende-rivalen\/#primaryimage","url":"https:\/\/www.organisator.ch\/wp-content\/uploads\/2018\/02\/Sharing-Mobilitaet-und-neue-rollende-Rivalen.jpg","contentUrl":"https:\/\/www.organisator.ch\/wp-content\/uploads\/2018\/02\/Sharing-Mobilitaet-und-neue-rollende-Rivalen.jpg","width":1920,"height":1440},{"@type":"BreadcrumbList","@id":"https:\/\/www.organisator.ch\/de\/allgemein\/2018-02-14\/zhaw-studie-ueber-shared-mobility-neue-rollende-rivalen\/#breadcrumb","itemListElement":[{"@type":"ListItem","position":1,"name":"Home","item":"https:\/\/www.organisator.ch\/"},{"@type":"ListItem","position":2,"name":"ZHAW-Studie \u00fcber Shared Mobility: Neue rollende Rivalen?"}]},{"@type":"WebSite","@id":"https:\/\/www.organisator.ch\/#website","url":"https:\/\/www.organisator.ch\/","name":"Organizzatore","description":"Competente. Pratico. In 10 numeri all'anno, ORGANISATOR presenta i temi essenziali per i manager delle PMI.","publisher":{"@id":"https:\/\/www.organisator.ch\/#organization"},"potentialAction":[{"@type":"SearchAction","target":{"@type":"EntryPoint","urlTemplate":"https:\/\/www.organisator.ch\/?s={search_term_string}"},"query-input":{"@type":"PropertyValueSpecification","valueRequired":true,"valueName":"search_term_string"}}],"inLanguage":"it-IT"},{"@type":"Organization","@id":"https:\/\/www.organisator.ch\/#organization","name":"Organizzatore","url":"https:\/\/www.organisator.ch\/","logo":{"@type":"ImageObject","inLanguage":"it-IT","@id":"https:\/\/www.organisator.ch\/#\/schema\/logo\/image\/","url":"https:\/\/www.organisator.ch\/wp-content\/uploads\/2022\/01\/Logo_Organisator_Website.png","contentUrl":"https:\/\/www.organisator.ch\/wp-content\/uploads\/2022\/01\/Logo_Organisator_Website.png","width":800,"height":77,"caption":"Organisator"},"image":{"@id":"https:\/\/www.organisator.ch\/#\/schema\/logo\/image\/"},"sameAs":["https:\/\/www.facebook.com\/OrganisatorFachmagazin","https:\/\/www.linkedin.com\/showcase\/organisator-das-magazin-fr-kmu","https:\/\/www.xing.com\/news\/pages\/organisator-ch-695","https:\/\/www.youtube.com\/channel\/UCGP2Sq0iWaZwT3BdIAQFYpw"]},{"@type":"Person","@id":"https:\/\/www.organisator.ch\/#\/schema\/person\/134708ca9321c57b0362cceb7948ffbd","name":"michael.merz","image":{"@type":"ImageObject","inLanguage":"it-IT","@id":"https:\/\/secure.gravatar.com\/avatar\/?s=96&d=mm&r=g","url":"https:\/\/secure.gravatar.com\/avatar\/?s=96&d=mm&r=g","contentUrl":"https:\/\/secure.gravatar.com\/avatar\/?s=96&d=mm&r=g","caption":"michael.merz"},"url":"https:\/\/www.organisator.ch\/it\/author\/michael-merz\/"}]}},"_links":{"self":[{"href":"https:\/\/www.organisator.ch\/it\/wp-json\/wp\/v2\/posts\/1498","targetHints":{"allow":["GET"]}}],"collection":[{"href":"https:\/\/www.organisator.ch\/it\/wp-json\/wp\/v2\/posts"}],"about":[{"href":"https:\/\/www.organisator.ch\/it\/wp-json\/wp\/v2\/types\/post"}],"author":[{"embeddable":true,"href":"https:\/\/www.organisator.ch\/it\/wp-json\/wp\/v2\/users\/5"}],"replies":[{"embeddable":true,"href":"https:\/\/www.organisator.ch\/it\/wp-json\/wp\/v2\/comments?post=1498"}],"version-history":[{"count":0,"href":"https:\/\/www.organisator.ch\/it\/wp-json\/wp\/v2\/posts\/1498\/revisions"}],"wp:featuredmedia":[{"embeddable":true,"href":"https:\/\/www.organisator.ch\/it\/wp-json\/wp\/v2\/media\/1499"}],"wp:attachment":[{"href":"https:\/\/www.organisator.ch\/it\/wp-json\/wp\/v2\/media?parent=1498"}],"wp:term":[{"taxonomy":"category","embeddable":true,"href":"https:\/\/www.organisator.ch\/it\/wp-json\/wp\/v2\/categories?post=1498"},{"taxonomy":"post_tag","embeddable":true,"href":"https:\/\/www.organisator.ch\/it\/wp-json\/wp\/v2\/tags?post=1498"}],"curies":[{"name":"wp","href":"https:\/\/api.w.org\/{rel}","templated":true}]}}