{"id":15234,"date":"2022-06-17T08:10:02","date_gmt":"2022-06-17T06:10:02","guid":{"rendered":"https:\/\/www.organisator.ch\/?p=15234"},"modified":"2022-06-17T08:10:02","modified_gmt":"2022-06-17T06:10:02","slug":"aumento-dei-tassi-dinteresse-il-snb-prima-banca-riduce-il-tasso-dinteresse-negativo","status":"publish","type":"post","link":"https:\/\/www.organisator.ch\/it\/management\/finanzen_recht\/2022-06-17\/leitzins-erhoehung-der-snb-erste-banken-reduzieren-negativzinsen\/","title":{"rendered":"Aumento del tasso di riferimento della BNS: le prime banche riducono i tassi di interesse negativi"},"content":{"rendered":"<figure id=\"attachment_15250\" aria-describedby=\"caption-attachment-15250\" style=\"width: 680px\" class=\"wp-caption alignnone\"><img loading=\"lazy\" decoding=\"async\" class=\"size-full wp-image-15250\" src=\"https:\/\/www.organisator.ch\/wp-content\/uploads\/2022\/06\/Leitzins-Erhoehung-der-SNB-Erste-Banken-reduzieren-Negativzinsen_Organisator.jpg\" alt=\"\" width=\"680\" height=\"454\" srcset=\"https:\/\/www.organisator.ch\/wp-content\/uploads\/2022\/06\/Leitzins-Erhoehung-der-SNB-Erste-Banken-reduzieren-Negativzinsen_Organisator.jpg 680w, https:\/\/www.organisator.ch\/wp-content\/uploads\/2022\/06\/Leitzins-Erhoehung-der-SNB-Erste-Banken-reduzieren-Negativzinsen_Organisator-18x12.jpg 18w, https:\/\/www.organisator.ch\/wp-content\/uploads\/2022\/06\/Leitzins-Erhoehung-der-SNB-Erste-Banken-reduzieren-Negativzinsen_Organisator-262x175.jpg 262w, https:\/\/www.organisator.ch\/wp-content\/uploads\/2022\/06\/Leitzins-Erhoehung-der-SNB-Erste-Banken-reduzieren-Negativzinsen_Organisator-524x350.jpg 524w, https:\/\/www.organisator.ch\/wp-content\/uploads\/2022\/06\/Leitzins-Erhoehung-der-SNB-Erste-Banken-reduzieren-Negativzinsen_Organisator-300x200.jpg 300w\" sizes=\"auto, (max-width: 680px) 100vw, 680px\" \/><figcaption id=\"caption-attachment-15250\" class=\"wp-caption-text\">L'aumento del tasso di interesse di riferimento della BNS del 16 giugno 2022 sembra aver annunciato la fine dell'era dei tassi di interesse negativi. (Immagine: Pixabay.com)<\/figcaption><\/figure>\n<p>Il 16 giugno 2022 la Banca nazionale svizzera (BNS) ha sorpreso l'opinione pubblica: ha aumentato il tasso d'interesse di riferimento di mezzo punto percentuale, portandolo da -0,75 a solo -0,25%. Per molti commentatori si tratta di un evento straordinario: \"\u00c8 la prima volta in 15 anni che la BNS aumenta il tasso d'interesse di riferimento\", afferma Benjamin Manz, amministratore delegato di moneyland.ch, un servizio svizzero di confronto online per banche, assicurazioni e telecomunicazioni. L'aumento del tasso d'interesse di riferimento comporta automaticamente una riduzione degli interessi negativi sui conti di risparmio e sui conti commerciali?<\/p>\n<h3>Aumento dei tassi di interesse di riferimento pi\u00f9 consistente del previsto<\/h3>\n<p>La mossa era sostanzialmente prevedibile, ma la BNS \u00e8 intervenuta sorprendentemente in anticipo, come afferma l'analista Felix Oeschger di moneyland.ch. Inoltre, l'aumento \u00e8 stato maggiore di quanto inizialmente previsto da molti osservatori del mercato.<\/p>\n<p>L'aumento del tasso di riferimento favorisce un ulteriore aumento dei tassi di interesse per molti prodotti finanziari diversi. Tra questi vi sono le obbligazioni a medio termine e i mutui ipotecari. Tuttavia, l'inversione di tendenza dei tassi di interesse \u00e8 gi\u00e0 avvenuta per questi prodotti: I tassi di interesse sono in aumento dall'inizio dell'anno. La situazione \u00e8 diversa per i conti di risparmio e i conti privati, come spiega Oeschger: \"Finora non \u00e8 cambiato nulla nei tassi di interesse dei conti bancari. Se la BNS manterr\u00e0 la sua rotta, tuttavia, possiamo aspettarci un aumento anche dei tassi di interesse sui risparmi e sui conti privati.\"<\/p>\n<h3>Meno interessi negativi<\/h3>\n<p>Il servizio di confronto moneyland.ch ha chiesto a diverse banche come stanno reagendo alla decisione della BNS. Diverse banche confermano che ridurranno i tassi di interesse negativi. UBS e Credit Suisse, ad esempio, hanno dichiarato che adegueranno di mezzo punto percentuale i tassi di interesse negativi per i clienti privati e aziendali. Raiffeisen Svizzera raccomanda inoltre a tutte le Banche Raiffeisen di addebitare in futuro solo lo 0,25% invece dello 0,75% per gli interessi negativi.<\/p>\n<p>La modifica dei tassi di interesse da parte della BNS si applica gi\u00e0 dal 17 giugno. Le commissioni modificate per i clienti privati, invece, non entreranno in vigore in molte banche fino al 1\u00b0 luglio 2022. Ma ci sono anche delle eccezioni: La Z\u00fcrcher Kantonalbank riduce il tasso di interesse negativo contemporaneamente alla BNS. Per Postfinance, l'adeguamento dovr\u00e0 essere attuato per tutti i clienti privati e commerciali al pi\u00f9 tardi entro il 1\u00b0 luglio 2022. I clienti grandi e istituzionali saranno i primi a essere colpiti.<\/p>\n<h3>Previsti ulteriori aumenti dei tassi di interesse<\/h3>\n<p>Le risposte delle banche mostrano: Anche se le commissioni non sono ancora storiche, ai clienti colpiti dai tassi di interesse negativi verr\u00e0 chiesto di pagare molto meno in futuro. Tuttavia, sui saldi a vista delle banche presso la BNS continueranno a essere applicati interessi negativi se superano l'importo di esenzione. \"Quindi le banche possono ancora giustificare gli interessi negativi sui conti dei clienti, ma se la BNS adotter\u00e0 ulteriori misure sui tassi d'interesse, questo argomento non sar\u00e0 pi\u00f9 valido\", afferma Oeschger.<\/p>\n<p>Ed \u00e8 lecito supporre che questo non sar\u00e0 l'ultimo aumento dei tassi di interesse da parte della BNS. Thomas Jordan, Presidente della BNS, ha gi\u00e0 sottolineato, in occasione dell'annuncio dell'attuale rialzo dei tassi, che presto potrebbero seguirne altri. Anche Oeschger lo ritiene probabile: \"Perch\u00e9 \u00e8 discutibile che l'inflazione in Svizzera possa essere tenuta sotto controllo con il solo aumento del tasso di interesse di riferimento di oggi\".<\/p>\n<p><em>Fonte: <a href=\"http:\/\/www.moneyland.ch\">moneyland.ch<\/a><\/em><\/p>","protected":false},"excerpt":{"rendered":"<p>Die Schweizerische Nationalbank (SNB) \u00fcberraschte am 16. Juni 2022 die \u00d6ffentlichkeit: Sie erh\u00f6hte den Leitzins um einen halben Prozentpunkt von -0.75 auf nur noch -0.25 Prozent. Von vielen Kommentatoren wird dies als ausserordentliches Ereignis gewertet: \u00abDas ist das erste Mal seit 15 Jahren, dass die SNB den Leitzins erh\u00f6ht\u00bb, sagt Benjamin Manz, Gesch\u00e4ftsf\u00fchrer von moneyland.ch, [&hellip;]<\/p>\n","protected":false},"author":4,"featured_media":15250,"comment_status":"closed","ping_status":"closed","sticky":false,"template":"","format":"standard","meta":{"_acf_changed":false,"_yoast_wpseo_focuskw":"Leitzins","_yoast_wpseo_metadesc":"Die ersten Banken reagieren auf die Leitzins-Erh\u00f6hung der Nationalbank und reduzieren bereits die Negativzinsen.","articlekey":"","footnotes":""},"categories":[24],"tags":[69,531],"class_list":["post-15234","post","type-post","status-publish","format-standard","has-post-thumbnail","hentry","category-finanzen_recht","tag-banken","tag-wirtschaftspolitik"],"acf":[],"yoast_head":"<!-- This site is optimized with the Yoast SEO plugin v27.4 - https:\/\/yoast.com\/product\/yoast-seo-wordpress\/ -->\n<title>Leitzins-Erh\u00f6hung der SNB: Erste Banken reduzieren Negativzinsen - Organisator<\/title>\n<meta name=\"description\" content=\"Die ersten Banken reagieren auf die Leitzins-Erh\u00f6hung der Nationalbank und reduzieren bereits die Negativzinsen.\" \/>\n<meta name=\"robots\" content=\"index, follow, max-snippet:-1, max-image-preview:large, max-video-preview:-1\" \/>\n<link rel=\"canonical\" href=\"https:\/\/www.organisator.ch\/it\/gestione-2\/finanzen_recht\/2022-06-17\/aumento-dei-tassi-dinteresse-il-snb-prima-banca-riduce-il-tasso-dinteresse-negativo\/\" \/>\n<meta property=\"og:locale\" content=\"it_IT\" \/>\n<meta property=\"og:type\" content=\"article\" \/>\n<meta property=\"og:title\" content=\"Leitzins-Erh\u00f6hung der SNB: Erste Banken reduzieren Negativzinsen\" \/>\n<meta property=\"og:description\" content=\"Die ersten Banken reagieren auf die Leitzins-Erh\u00f6hung der Nationalbank und reduzieren bereits die Negativzinsen.\" \/>\n<meta property=\"og:url\" content=\"https:\/\/www.organisator.ch\/it\/gestione-2\/finanzen_recht\/2022-06-17\/aumento-dei-tassi-dinteresse-il-snb-prima-banca-riduce-il-tasso-dinteresse-negativo\/\" \/>\n<meta property=\"og:site_name\" content=\"Organisator\" \/>\n<meta property=\"article:publisher\" content=\"https:\/\/www.facebook.com\/OrganisatorFachmagazin\" \/>\n<meta property=\"article:published_time\" content=\"2022-06-17T06:10:02+00:00\" \/>\n<meta property=\"og:image\" content=\"https:\/\/www.organisator.ch\/wp-content\/uploads\/2022\/06\/Leitzins-Erhoehung-der-SNB-Erste-Banken-reduzieren-Negativzinsen_Organisator.jpg\" \/>\n\t<meta property=\"og:image:width\" content=\"680\" \/>\n\t<meta property=\"og:image:height\" content=\"454\" \/>\n\t<meta property=\"og:image:type\" content=\"image\/jpeg\" \/>\n<meta name=\"author\" content=\"thomas.berner\" \/>\n<meta name=\"twitter:card\" content=\"summary_large_image\" \/>\n<meta name=\"twitter:title\" content=\"#Leitzins-Erh\u00f6hung der #SNB: Erste Banken reduzieren #Negativzinsen\" \/>\n<meta name=\"twitter:description\" content=\"Die ersten Banken reagieren auf die #Leitzins-Erh\u00f6hung der #Nationalbank und reduzieren bereits die #Negativzinsen.\" \/>\n<meta name=\"twitter:image\" content=\"https:\/\/www.organisator.ch\/wp-content\/uploads\/2022\/06\/Leitzins-Erhoehung-der-SNB-Erste-Banken-reduzieren-Negativzinsen_Organisator.jpg\" \/>\n<script type=\"application\/ld+json\" class=\"yoast-schema-graph\">{\"@context\":\"https:\\\/\\\/schema.org\",\"@graph\":[{\"@type\":\"Article\",\"@id\":\"https:\\\/\\\/www.organisator.ch\\\/management\\\/finanzen_recht\\\/2022-06-17\\\/leitzins-erhoehung-der-snb-erste-banken-reduzieren-negativzinsen\\\/#article\",\"isPartOf\":{\"@id\":\"https:\\\/\\\/www.organisator.ch\\\/management\\\/finanzen_recht\\\/2022-06-17\\\/leitzins-erhoehung-der-snb-erste-banken-reduzieren-negativzinsen\\\/\"},\"author\":{\"name\":\"thomas.berner\",\"@id\":\"https:\\\/\\\/www.organisator.ch\\\/#\\\/schema\\\/person\\\/6f650f90b2842cd4c0cc334b4e36f67e\"},\"headline\":\"Leitzins-Erh\u00f6hung der SNB: Erste Banken reduzieren Negativzinsen\",\"datePublished\":\"2022-06-17T06:10:02+00:00\",\"mainEntityOfPage\":{\"@id\":\"https:\\\/\\\/www.organisator.ch\\\/management\\\/finanzen_recht\\\/2022-06-17\\\/leitzins-erhoehung-der-snb-erste-banken-reduzieren-negativzinsen\\\/\"},\"wordCount\":538,\"publisher\":{\"@id\":\"https:\\\/\\\/www.organisator.ch\\\/#organization\"},\"image\":{\"@id\":\"https:\\\/\\\/www.organisator.ch\\\/management\\\/finanzen_recht\\\/2022-06-17\\\/leitzins-erhoehung-der-snb-erste-banken-reduzieren-negativzinsen\\\/#primaryimage\"},\"thumbnailUrl\":\"https:\\\/\\\/www.organisator.ch\\\/wp-content\\\/uploads\\\/2022\\\/06\\\/Leitzins-Erhoehung-der-SNB-Erste-Banken-reduzieren-Negativzinsen_Organisator.jpg\",\"keywords\":[\"Banken\",\"Wirtschaftspolitik\"],\"articleSection\":[\"FINANZEN\\\/RECHT\"],\"inLanguage\":\"it-IT\"},{\"@type\":\"WebPage\",\"@id\":\"https:\\\/\\\/www.organisator.ch\\\/management\\\/finanzen_recht\\\/2022-06-17\\\/leitzins-erhoehung-der-snb-erste-banken-reduzieren-negativzinsen\\\/\",\"url\":\"https:\\\/\\\/www.organisator.ch\\\/management\\\/finanzen_recht\\\/2022-06-17\\\/leitzins-erhoehung-der-snb-erste-banken-reduzieren-negativzinsen\\\/\",\"name\":\"Leitzins-Erh\u00f6hung der SNB: Erste Banken reduzieren Negativzinsen - Organisator\",\"isPartOf\":{\"@id\":\"https:\\\/\\\/www.organisator.ch\\\/#website\"},\"primaryImageOfPage\":{\"@id\":\"https:\\\/\\\/www.organisator.ch\\\/management\\\/finanzen_recht\\\/2022-06-17\\\/leitzins-erhoehung-der-snb-erste-banken-reduzieren-negativzinsen\\\/#primaryimage\"},\"image\":{\"@id\":\"https:\\\/\\\/www.organisator.ch\\\/management\\\/finanzen_recht\\\/2022-06-17\\\/leitzins-erhoehung-der-snb-erste-banken-reduzieren-negativzinsen\\\/#primaryimage\"},\"thumbnailUrl\":\"https:\\\/\\\/www.organisator.ch\\\/wp-content\\\/uploads\\\/2022\\\/06\\\/Leitzins-Erhoehung-der-SNB-Erste-Banken-reduzieren-Negativzinsen_Organisator.jpg\",\"datePublished\":\"2022-06-17T06:10:02+00:00\",\"description\":\"Die ersten Banken reagieren auf die Leitzins-Erh\u00f6hung der Nationalbank und reduzieren bereits die Negativzinsen.\",\"breadcrumb\":{\"@id\":\"https:\\\/\\\/www.organisator.ch\\\/management\\\/finanzen_recht\\\/2022-06-17\\\/leitzins-erhoehung-der-snb-erste-banken-reduzieren-negativzinsen\\\/#breadcrumb\"},\"inLanguage\":\"it-IT\",\"potentialAction\":[{\"@type\":\"ReadAction\",\"target\":[\"https:\\\/\\\/www.organisator.ch\\\/management\\\/finanzen_recht\\\/2022-06-17\\\/leitzins-erhoehung-der-snb-erste-banken-reduzieren-negativzinsen\\\/\"]}]},{\"@type\":\"ImageObject\",\"inLanguage\":\"it-IT\",\"@id\":\"https:\\\/\\\/www.organisator.ch\\\/management\\\/finanzen_recht\\\/2022-06-17\\\/leitzins-erhoehung-der-snb-erste-banken-reduzieren-negativzinsen\\\/#primaryimage\",\"url\":\"https:\\\/\\\/www.organisator.ch\\\/wp-content\\\/uploads\\\/2022\\\/06\\\/Leitzins-Erhoehung-der-SNB-Erste-Banken-reduzieren-Negativzinsen_Organisator.jpg\",\"contentUrl\":\"https:\\\/\\\/www.organisator.ch\\\/wp-content\\\/uploads\\\/2022\\\/06\\\/Leitzins-Erhoehung-der-SNB-Erste-Banken-reduzieren-Negativzinsen_Organisator.jpg\",\"width\":680,\"height\":454,\"caption\":\"Mit der Leitzins-Erh\u00f6hung der Nationalbank vom 16. Juni 2022 scheint ein Ende der Negativzins-\u00c4ra eingel\u00e4utet worden zu sein. (Bild: Pixabay.com)\"},{\"@type\":\"BreadcrumbList\",\"@id\":\"https:\\\/\\\/www.organisator.ch\\\/management\\\/finanzen_recht\\\/2022-06-17\\\/leitzins-erhoehung-der-snb-erste-banken-reduzieren-negativzinsen\\\/#breadcrumb\",\"itemListElement\":[{\"@type\":\"ListItem\",\"position\":1,\"name\":\"Home\",\"item\":\"https:\\\/\\\/www.organisator.ch\\\/\"},{\"@type\":\"ListItem\",\"position\":2,\"name\":\"Leitzins-Erh\u00f6hung der SNB: Erste Banken reduzieren Negativzinsen\"}]},{\"@type\":\"WebSite\",\"@id\":\"https:\\\/\\\/www.organisator.ch\\\/#website\",\"url\":\"https:\\\/\\\/www.organisator.ch\\\/\",\"name\":\"Organisator\",\"description\":\"Kompetent. Praxisnah. Der ORGANISATOR bereitet in 10 Ausgaben pro Jahr die wesentlichen Themen f\u00fcr F\u00fchrungskr\u00e4fte von KMU auf.\",\"publisher\":{\"@id\":\"https:\\\/\\\/www.organisator.ch\\\/#organization\"},\"potentialAction\":[{\"@type\":\"SearchAction\",\"target\":{\"@type\":\"EntryPoint\",\"urlTemplate\":\"https:\\\/\\\/www.organisator.ch\\\/?s={search_term_string}\"},\"query-input\":{\"@type\":\"PropertyValueSpecification\",\"valueRequired\":true,\"valueName\":\"search_term_string\"}}],\"inLanguage\":\"it-IT\"},{\"@type\":\"Organization\",\"@id\":\"https:\\\/\\\/www.organisator.ch\\\/#organization\",\"name\":\"Organisator\",\"url\":\"https:\\\/\\\/www.organisator.ch\\\/\",\"logo\":{\"@type\":\"ImageObject\",\"inLanguage\":\"it-IT\",\"@id\":\"https:\\\/\\\/www.organisator.ch\\\/#\\\/schema\\\/logo\\\/image\\\/\",\"url\":\"https:\\\/\\\/www.organisator.ch\\\/wp-content\\\/uploads\\\/2022\\\/01\\\/Logo_Organisator_Website.png\",\"contentUrl\":\"https:\\\/\\\/www.organisator.ch\\\/wp-content\\\/uploads\\\/2022\\\/01\\\/Logo_Organisator_Website.png\",\"width\":800,\"height\":77,\"caption\":\"Organisator\"},\"image\":{\"@id\":\"https:\\\/\\\/www.organisator.ch\\\/#\\\/schema\\\/logo\\\/image\\\/\"},\"sameAs\":[\"https:\\\/\\\/www.facebook.com\\\/OrganisatorFachmagazin\",\"https:\\\/\\\/www.linkedin.com\\\/showcase\\\/organisator-das-magazin-fr-kmu\",\"https:\\\/\\\/www.xing.com\\\/news\\\/pages\\\/organisator-ch-695\",\"https:\\\/\\\/www.youtube.com\\\/channel\\\/UCGP2Sq0iWaZwT3BdIAQFYpw\"]},{\"@type\":\"Person\",\"@id\":\"https:\\\/\\\/www.organisator.ch\\\/#\\\/schema\\\/person\\\/6f650f90b2842cd4c0cc334b4e36f67e\",\"name\":\"thomas.berner\",\"image\":{\"@type\":\"ImageObject\",\"inLanguage\":\"it-IT\",\"@id\":\"https:\\\/\\\/secure.gravatar.com\\\/avatar\\\/ac5001d2a36cb6c6cd3e50789007ffca834b477b74a2144564522e944eabff61?s=96&d=mm&r=g\",\"url\":\"https:\\\/\\\/secure.gravatar.com\\\/avatar\\\/ac5001d2a36cb6c6cd3e50789007ffca834b477b74a2144564522e944eabff61?s=96&d=mm&r=g\",\"contentUrl\":\"https:\\\/\\\/secure.gravatar.com\\\/avatar\\\/ac5001d2a36cb6c6cd3e50789007ffca834b477b74a2144564522e944eabff61?s=96&d=mm&r=g\",\"caption\":\"thomas.berner\"},\"url\":\"https:\\\/\\\/www.organisator.ch\\\/it\\\/author\\\/thomas-berner\\\/\"}]}<\/script>\n<!-- \/ Yoast SEO plugin. -->","yoast_head_json":{"title":"Aumento dei tassi di interesse della BNS: le prime banche riducono i tassi di interesse negativi - Organizzatore","description":"Le prime banche stanno reagendo all'aumento del tasso di interesse di riferimento della Banca nazionale e stanno gi\u00e0 riducendo i tassi di interesse negativi.","robots":{"index":"index","follow":"follow","max-snippet":"max-snippet:-1","max-image-preview":"max-image-preview:large","max-video-preview":"max-video-preview:-1"},"canonical":"https:\/\/www.organisator.ch\/it\/gestione-2\/finanzen_recht\/2022-06-17\/aumento-dei-tassi-dinteresse-il-snb-prima-banca-riduce-il-tasso-dinteresse-negativo\/","og_locale":"it_IT","og_type":"article","og_title":"Leitzins-Erh\u00f6hung der SNB: Erste Banken reduzieren Negativzinsen","og_description":"Die ersten Banken reagieren auf die Leitzins-Erh\u00f6hung der Nationalbank und reduzieren bereits die Negativzinsen.","og_url":"https:\/\/www.organisator.ch\/it\/gestione-2\/finanzen_recht\/2022-06-17\/aumento-dei-tassi-dinteresse-il-snb-prima-banca-riduce-il-tasso-dinteresse-negativo\/","og_site_name":"Organisator","article_publisher":"https:\/\/www.facebook.com\/OrganisatorFachmagazin","article_published_time":"2022-06-17T06:10:02+00:00","og_image":[{"width":680,"height":454,"url":"https:\/\/www.organisator.ch\/wp-content\/uploads\/2022\/06\/Leitzins-Erhoehung-der-SNB-Erste-Banken-reduzieren-Negativzinsen_Organisator.jpg","type":"image\/jpeg"}],"author":"thomas.berner","twitter_card":"summary_large_image","twitter_title":"#Leitzins-Erh\u00f6hung der #SNB: Erste Banken reduzieren #Negativzinsen","twitter_description":"Die ersten Banken reagieren auf die #Leitzins-Erh\u00f6hung der #Nationalbank und reduzieren bereits die #Negativzinsen.","twitter_image":"https:\/\/www.organisator.ch\/wp-content\/uploads\/2022\/06\/Leitzins-Erhoehung-der-SNB-Erste-Banken-reduzieren-Negativzinsen_Organisator.jpg","schema":{"@context":"https:\/\/schema.org","@graph":[{"@type":"Article","@id":"https:\/\/www.organisator.ch\/management\/finanzen_recht\/2022-06-17\/leitzins-erhoehung-der-snb-erste-banken-reduzieren-negativzinsen\/#article","isPartOf":{"@id":"https:\/\/www.organisator.ch\/management\/finanzen_recht\/2022-06-17\/leitzins-erhoehung-der-snb-erste-banken-reduzieren-negativzinsen\/"},"author":{"name":"thomas.berner","@id":"https:\/\/www.organisator.ch\/#\/schema\/person\/6f650f90b2842cd4c0cc334b4e36f67e"},"headline":"Leitzins-Erh\u00f6hung der SNB: Erste Banken reduzieren Negativzinsen","datePublished":"2022-06-17T06:10:02+00:00","mainEntityOfPage":{"@id":"https:\/\/www.organisator.ch\/management\/finanzen_recht\/2022-06-17\/leitzins-erhoehung-der-snb-erste-banken-reduzieren-negativzinsen\/"},"wordCount":538,"publisher":{"@id":"https:\/\/www.organisator.ch\/#organization"},"image":{"@id":"https:\/\/www.organisator.ch\/management\/finanzen_recht\/2022-06-17\/leitzins-erhoehung-der-snb-erste-banken-reduzieren-negativzinsen\/#primaryimage"},"thumbnailUrl":"https:\/\/www.organisator.ch\/wp-content\/uploads\/2022\/06\/Leitzins-Erhoehung-der-SNB-Erste-Banken-reduzieren-Negativzinsen_Organisator.jpg","keywords":["Banken","Wirtschaftspolitik"],"articleSection":["FINANZEN\/RECHT"],"inLanguage":"it-IT"},{"@type":"WebPage","@id":"https:\/\/www.organisator.ch\/management\/finanzen_recht\/2022-06-17\/leitzins-erhoehung-der-snb-erste-banken-reduzieren-negativzinsen\/","url":"https:\/\/www.organisator.ch\/management\/finanzen_recht\/2022-06-17\/leitzins-erhoehung-der-snb-erste-banken-reduzieren-negativzinsen\/","name":"Aumento dei tassi di interesse della BNS: le prime banche riducono i tassi di interesse negativi - Organizzatore","isPartOf":{"@id":"https:\/\/www.organisator.ch\/#website"},"primaryImageOfPage":{"@id":"https:\/\/www.organisator.ch\/management\/finanzen_recht\/2022-06-17\/leitzins-erhoehung-der-snb-erste-banken-reduzieren-negativzinsen\/#primaryimage"},"image":{"@id":"https:\/\/www.organisator.ch\/management\/finanzen_recht\/2022-06-17\/leitzins-erhoehung-der-snb-erste-banken-reduzieren-negativzinsen\/#primaryimage"},"thumbnailUrl":"https:\/\/www.organisator.ch\/wp-content\/uploads\/2022\/06\/Leitzins-Erhoehung-der-SNB-Erste-Banken-reduzieren-Negativzinsen_Organisator.jpg","datePublished":"2022-06-17T06:10:02+00:00","description":"Le prime banche stanno reagendo all'aumento del tasso di interesse di riferimento della Banca nazionale e stanno gi\u00e0 riducendo i tassi di interesse negativi.","breadcrumb":{"@id":"https:\/\/www.organisator.ch\/management\/finanzen_recht\/2022-06-17\/leitzins-erhoehung-der-snb-erste-banken-reduzieren-negativzinsen\/#breadcrumb"},"inLanguage":"it-IT","potentialAction":[{"@type":"ReadAction","target":["https:\/\/www.organisator.ch\/management\/finanzen_recht\/2022-06-17\/leitzins-erhoehung-der-snb-erste-banken-reduzieren-negativzinsen\/"]}]},{"@type":"ImageObject","inLanguage":"it-IT","@id":"https:\/\/www.organisator.ch\/management\/finanzen_recht\/2022-06-17\/leitzins-erhoehung-der-snb-erste-banken-reduzieren-negativzinsen\/#primaryimage","url":"https:\/\/www.organisator.ch\/wp-content\/uploads\/2022\/06\/Leitzins-Erhoehung-der-SNB-Erste-Banken-reduzieren-Negativzinsen_Organisator.jpg","contentUrl":"https:\/\/www.organisator.ch\/wp-content\/uploads\/2022\/06\/Leitzins-Erhoehung-der-SNB-Erste-Banken-reduzieren-Negativzinsen_Organisator.jpg","width":680,"height":454,"caption":"Mit der Leitzins-Erh\u00f6hung der Nationalbank vom 16. Juni 2022 scheint ein Ende der Negativzins-\u00c4ra eingel\u00e4utet worden zu sein. (Bild: Pixabay.com)"},{"@type":"BreadcrumbList","@id":"https:\/\/www.organisator.ch\/management\/finanzen_recht\/2022-06-17\/leitzins-erhoehung-der-snb-erste-banken-reduzieren-negativzinsen\/#breadcrumb","itemListElement":[{"@type":"ListItem","position":1,"name":"Home","item":"https:\/\/www.organisator.ch\/"},{"@type":"ListItem","position":2,"name":"Leitzins-Erh\u00f6hung der SNB: Erste Banken reduzieren Negativzinsen"}]},{"@type":"WebSite","@id":"https:\/\/www.organisator.ch\/#website","url":"https:\/\/www.organisator.ch\/","name":"Organizzatore","description":"Competente. Pratico. In 10 numeri all'anno, ORGANISATOR presenta i temi essenziali per i manager delle PMI.","publisher":{"@id":"https:\/\/www.organisator.ch\/#organization"},"potentialAction":[{"@type":"SearchAction","target":{"@type":"EntryPoint","urlTemplate":"https:\/\/www.organisator.ch\/?s={search_term_string}"},"query-input":{"@type":"PropertyValueSpecification","valueRequired":true,"valueName":"search_term_string"}}],"inLanguage":"it-IT"},{"@type":"Organization","@id":"https:\/\/www.organisator.ch\/#organization","name":"Organizzatore","url":"https:\/\/www.organisator.ch\/","logo":{"@type":"ImageObject","inLanguage":"it-IT","@id":"https:\/\/www.organisator.ch\/#\/schema\/logo\/image\/","url":"https:\/\/www.organisator.ch\/wp-content\/uploads\/2022\/01\/Logo_Organisator_Website.png","contentUrl":"https:\/\/www.organisator.ch\/wp-content\/uploads\/2022\/01\/Logo_Organisator_Website.png","width":800,"height":77,"caption":"Organisator"},"image":{"@id":"https:\/\/www.organisator.ch\/#\/schema\/logo\/image\/"},"sameAs":["https:\/\/www.facebook.com\/OrganisatorFachmagazin","https:\/\/www.linkedin.com\/showcase\/organisator-das-magazin-fr-kmu","https:\/\/www.xing.com\/news\/pages\/organisator-ch-695","https:\/\/www.youtube.com\/channel\/UCGP2Sq0iWaZwT3BdIAQFYpw"]},{"@type":"Person","@id":"https:\/\/www.organisator.ch\/#\/schema\/person\/6f650f90b2842cd4c0cc334b4e36f67e","name":"Tommaso.berner","image":{"@type":"ImageObject","inLanguage":"it-IT","@id":"https:\/\/secure.gravatar.com\/avatar\/ac5001d2a36cb6c6cd3e50789007ffca834b477b74a2144564522e944eabff61?s=96&d=mm&r=g","url":"https:\/\/secure.gravatar.com\/avatar\/ac5001d2a36cb6c6cd3e50789007ffca834b477b74a2144564522e944eabff61?s=96&d=mm&r=g","contentUrl":"https:\/\/secure.gravatar.com\/avatar\/ac5001d2a36cb6c6cd3e50789007ffca834b477b74a2144564522e944eabff61?s=96&d=mm&r=g","caption":"thomas.berner"},"url":"https:\/\/www.organisator.ch\/it\/author\/thomas-berner\/"}]}},"_links":{"self":[{"href":"https:\/\/www.organisator.ch\/it\/wp-json\/wp\/v2\/posts\/15234","targetHints":{"allow":["GET"]}}],"collection":[{"href":"https:\/\/www.organisator.ch\/it\/wp-json\/wp\/v2\/posts"}],"about":[{"href":"https:\/\/www.organisator.ch\/it\/wp-json\/wp\/v2\/types\/post"}],"author":[{"embeddable":true,"href":"https:\/\/www.organisator.ch\/it\/wp-json\/wp\/v2\/users\/4"}],"replies":[{"embeddable":true,"href":"https:\/\/www.organisator.ch\/it\/wp-json\/wp\/v2\/comments?post=15234"}],"version-history":[{"count":1,"href":"https:\/\/www.organisator.ch\/it\/wp-json\/wp\/v2\/posts\/15234\/revisions"}],"predecessor-version":[{"id":15251,"href":"https:\/\/www.organisator.ch\/it\/wp-json\/wp\/v2\/posts\/15234\/revisions\/15251"}],"wp:featuredmedia":[{"embeddable":true,"href":"https:\/\/www.organisator.ch\/it\/wp-json\/wp\/v2\/media\/15250"}],"wp:attachment":[{"href":"https:\/\/www.organisator.ch\/it\/wp-json\/wp\/v2\/media?parent=15234"}],"wp:term":[{"taxonomy":"category","embeddable":true,"href":"https:\/\/www.organisator.ch\/it\/wp-json\/wp\/v2\/categories?post=15234"},{"taxonomy":"post_tag","embeddable":true,"href":"https:\/\/www.organisator.ch\/it\/wp-json\/wp\/v2\/tags?post=15234"}],"curies":[{"name":"wp","href":"https:\/\/api.w.org\/{rel}","templated":true}]}}