{"id":15243,"date":"2022-06-17T07:34:37","date_gmt":"2022-06-17T05:34:37","guid":{"rendered":"https:\/\/www.m-q.ch\/?p=16504"},"modified":"2022-07-25T12:38:29","modified_gmt":"2022-07-25T10:38:29","slug":"cyberkriminelle-machen-keine-ferien","status":"publish","type":"post","link":"https:\/\/www.organisator.ch\/it\/operational-excellence\/2022-06-17\/cyberkriminelle-machen-keine-ferien\/","title":{"rendered":"I criminali informatici non vanno in vacanza"},"content":{"rendered":"<figure id=\"attachment_16505\" class=\"wp-caption alignnone\" style=\"width: 680px\" aria-describedby=\"caption-attachment-16505\"><img class=\"alignnone wp-image-16505 size-full\" src=\"https:\/\/www.m-q.ch\/wp-content\/uploads\/2022\/06\/Cyberkriminelle-machen-keine-Ferien_MQ.jpg\" alt=\"Criminali informatici \" width=\"680\" height=\"562\" \/><figcaption id=\"caption-attachment-16505\" class=\"wp-caption-text\">In spiaggia o in un bar: anche in vacanza, \u00e8 importante proteggersi dai criminali informatici quando si utilizza lo smartphone online. (Immagine: Unsplash.com)<\/figcaption><\/figure>\r\nIn vacanza i turisti sono molto attenti ai borseggiatori. Ma quando si tratta della loro sicurezza digitale, sono meno attenti. Eppure le frodi con le carte di credito, i furti di dati e i furti di identit\u00e0 sono in agguato dietro ogni angolo. Che si tratti di aeroporto, hotel, campeggio o internet caf\u00e9, i criminali informatici sfruttano ogni occasione per rubare informazioni sensibili ai viaggiatori. \"Gli hotspot WLAN pubblici sono molto popolari durante le vacanze, ma lo sono anche i criminali. Manipolano l'accesso alla WLAN per rubare i dati di login e bancari. I vacanzieri dovrebbero quindi giocare d'anticipo e non inserirvi mai dati riservati come quelli delle carte di credito e non effettuare transazioni bancarie online o simili\", spiega Thomas Uhlemann, IT Security Specialist di ESET. \"Ma ci sono altre truffe progettate per intrappolare i vacanzieri che iniziano ancora prima del viaggio. \"\r\n<h3><strong>Consigli per una vacanza sicura online<\/strong><\/h3>\r\n<strong>Prima delle vacanze:<\/strong>\r\n<ul>\r\n \t<li><strong>Attenzione alle brutte fregature dei portali di viaggio online:<\/strong> Le presunte offerte per le vacanze attirano sempre pi\u00f9 spesso i vacanzieri verso falsi portali di viaggio sul web, dove inseriscono ignari i dati della loro carta di credito. Invece del paradiso delle vacanze che avevano prenotato, trovano un fondo vacanze vuoto sul loro conto.<\/li>\r\n \t<li><strong>Proteggete i vostri dati:<\/strong> Installate un software di sicurezza o aggiornatelo alla versione pi\u00f9 recente per proteggervi da phishing, trojan e altre minacce informatiche. Eseguite il backup dei vostri dati. Se il dispositivo digitale viene smarrito durante le vacanze, i dati sono ancora a portata di mano. Utilizzate anche una soluzione antifurto per ritrovare il dispositivo rubato o smarrito. Crittografare i dati sul notebook per garantire la sicurezza.<\/li>\r\n \t<li><strong>Pubblicare poco sui social network:<\/strong> Sia prima delle vacanze che nel bel mezzo di esse, dovreste frenare la vostra gioia al riguardo. \u00c8 meglio non rivelare nulla al riguardo sui profili pubblici. Perch\u00e9 i ladri reali e virtuali non aspettano altro che Facebook e Co. per sapere chi va in vacanza e quando.<\/li>\r\n \t<li><strong>Tenete a portata di mano i numeri di blocco della vostra carta di credito:<\/strong> In questo modo, in caso di smarrimento, \u00e8 possibile rendere immediatamente inutilizzabile la carta di credito o di debito.<\/li>\r\n \t<li><strong>Creare un \"account e-mail per le vacanze\":<\/strong> Questo significa che potete inviare immagini e messaggi senza preoccupazioni, perch\u00e9 anche dopo un hacking non \u00e8 possibile trovare altri dati personali.<\/li>\r\n<\/ul>\r\n<strong>In loco:<\/strong>\r\n<ul>\r\n \t<li><strong>Uscire dall'Internet caf\u00e9 e cancellare tutti i dati lasciati:<\/strong> Rimuovere i file temporanei del browser, la cronologia di navigazione e i cookie dopo aver utilizzato i computer in un bar. Uscire dai siti web in cui si \u00e8 effettuato l'accesso come utente registrato. In caso contrario, l'utente successivo potrebbe continuare ad accedere al vostro account.<\/li>\r\n \t<li><strong>Utilizzate gli hotspot WLAN solo con una connessione VPN:<\/strong> Solo per controllare il saldo del fondo viaggi o per pagare rapidamente una fattura. Affidarsi a un accesso Wi-Fi aperto mentre si \u00e8 in vacanza non \u00e8 una buona idea. I criminali informatici spesso manipolano gli hotspot Wi-Fi per ottenere dati e denaro. Gli utenti dovrebbero quindi proteggere la connessione con una soluzione VPN affidabile o attivare il roaming dati e navigare come al solito tramite l'operatore di rete mobile. Tuttavia, \u00e8 meglio aspettare la fine delle vacanze prima di fare acquisti online o transazioni finanziarie.<\/li>\r\n \t<li><strong>Fate attenzione ai pagamenti senza contatto:<\/strong> Le carte di credito e di debito devono essere custodite in una custodia protettiva o in un portafoglio speciale con blocco RFID e NFC integrato. I ladri dispongono di dispositivi speciali con cui \u00e8 possibile leggere i dati su di essi. Inoltre, dovreste affidarvi a metodi di pagamento molto pi\u00f9 sicuri, come Apple e Google Pay.<\/li>\r\n \t<li><strong>Disattivare<\/strong> <strong>Reti radio:<\/strong> Quando non si usano, \u00e8 meglio spegnere le funzioni Bluetooth e WLAN. In questo modo i criminali informatici avranno meno superfici di attacco.<\/li>\r\n \t<li><strong>Non perdete mai di vista il vostro dispositivo:<\/strong> Bastano pochi minuti per spiare i dati di accesso. Inoltre, non collocare direttamente al sole per evitare \"incendi di dati\".<\/li>\r\n \t<li><strong>Non \u00e8 pi\u00f9 necessario aggiornare il software e i certificati:<\/strong> Se prima si deve aggiornare il software o scaricare i certificati per una connessione WLAN, \u00e8 meglio annullare tutto. Non \u00e8 raro che dietro a questo si nasconda del malware.<\/li>\r\n<\/ul>\r\n<strong>Dopo il ritorno:<\/strong>\r\n<ul>\r\n \t<li><strong>Eseguire una scansione del malware:<\/strong> Prima di collegare i dispositivi utilizzati in vacanza alla rete domestica, \u00e8 necessario verificare la presenza di malware con un software di sicurezza o almeno con un antivirus online.<\/li>\r\n \t<li><strong>Cambiate le password dei servizi che utilizzate:<\/strong> Dopo le vacanze \u00e8 un'occasione ghiotta per cambiare le password dei social media, dei servizi di posta elettronica, ecc. Sicuro \u00e8 sicuro!<\/li>\r\n<\/ul>\r\n<blockquote>\r\n<h3>Nessuna possibilit\u00e0 per i criminali informatici<\/h3>\r\nPer chi vuole andare sul sicuro in vacanza e nella vita di tutti i giorni, il produttore europeo di sicurezza informatica ESET offre un pacchetto completo e senza pensieri con il suo prodotto \"Smart Security Premium\". Oltre alla protezione antivirus e al firewall, il software di sicurezza offre anche un modulo antifurto completo e un'efficace crittografia dei dati. Secondo il produttore, grazie a questa soluzione molti utenti sono riusciti a recuperare i propri dispositivi dopo un furto.<\/blockquote>\r\n<em>Ulteriori informazioni su <a href=\"http:\/\/www.eset.ch\/\">www.eset.ch<\/a><\/em>\n<p class=\"syndicated-attribution\">Questo articolo \u00e8 apparso originariamente su m-q.ch - <a href=\"https:\/\/www.m-q.ch\/de\/cyberkriminelle-machen-keine-ferien\/\" target=\"_blank\">https:\/\/www.m-q.ch\/de\/cyberkriminelle-machen-keine-ferien\/<\/a><\/p>","protected":false},"excerpt":{"rendered":"<p>Touristen sind in den Ferien vor Taschendieben enorm auf der Hut. Doch wenn es um ihre digitale Sicherheit geht, lassen sie weniger Vorsicht walten. Dabei lauern Kreditkartenbetrug, Datenklau und Identit\u00e4tsdiebstahl gef\u00fchlt an jeder Ecke. Ob am Flughafen, im Hotel, auf dem Campingplatz oder Internet-Caf\u00e9 \u2013 Cyberkriminelle nutzen jede Gelegenheit, um sensible Informationen von Reisenden zu [\u2026]<\/p>\n","protected":false},"author":8,"featured_media":0,"comment_status":"closed","ping_status":"closed","sticky":false,"template":"","format":"standard","meta":{"_acf_changed":false,"_yoast_wpseo_focuskw":"Cyberkriminelle","_yoast_wpseo_metadesc":"Sommer, Sonne, gute Laune: F\u00fcr viele sind die langersehnten Ferien zum Greifen nah. Auch in den Ferien landen die digitalen Alltagsbegleiter wie Smartphone, Tablet oder Notebook im Gep\u00e4ck der Reisenden.","articlekey":"","footnotes":""},"categories":[582],"tags":[3092],"class_list":["post-15243","post","type-post","status-publish","format-standard","hentry","category-operational-excellence","tag-cyberkriminelle"],"acf":[],"yoast_head":"<!-- This site is optimized with the Yoast SEO plugin v27.5 - https:\/\/yoast.com\/product\/yoast-seo-wordpress\/ -->\n<title>Cyberkriminelle machen keine Ferien - Organisator<\/title>\n<meta name=\"description\" content=\"Sommer, Sonne, gute Laune: F\u00fcr viele sind die langersehnten Ferien zum Greifen nah. Auch in den Ferien landen die digitalen Alltagsbegleiter wie Smartphone, Tablet oder Notebook im Gep\u00e4ck der Reisenden.\" \/>\n<meta name=\"robots\" content=\"index, follow, max-snippet:-1, max-image-preview:large, max-video-preview:-1\" \/>\n<link rel=\"canonical\" href=\"https:\/\/www.m-q.ch\/de\/cyberkriminelle-machen-keine-ferien\/\" \/>\n<meta property=\"og:locale\" content=\"it_IT\" \/>\n<meta property=\"og:type\" content=\"article\" \/>\n<meta property=\"og:title\" content=\"Cyberkriminelle machen keine Ferien - Organisator\" \/>\n<meta property=\"og:description\" content=\"Sommer, Sonne, gute Laune: F\u00fcr viele sind die langersehnten Ferien zum Greifen nah. Auch in den Ferien landen die digitalen Alltagsbegleiter wie Smartphone, Tablet oder Notebook im Gep\u00e4ck der Reisenden.\" \/>\n<meta property=\"og:url\" content=\"https:\/\/www.m-q.ch\/de\/cyberkriminelle-machen-keine-ferien\/\" \/>\n<meta property=\"og:site_name\" content=\"Organisator\" \/>\n<meta property=\"article:publisher\" content=\"https:\/\/www.facebook.com\/OrganisatorFachmagazin\" \/>\n<meta property=\"article:published_time\" content=\"2022-06-17T05:34:37+00:00\" \/>\n<meta property=\"article:modified_time\" content=\"2022-07-25T10:38:29+00:00\" \/>\n<meta property=\"og:image\" content=\"https:\/\/www.m-q.ch\/wp-content\/uploads\/2022\/06\/Cyberkriminelle-machen-keine-Ferien_MQ.jpg\" \/>\n<meta name=\"author\" content=\"galledia\" \/>\n<meta name=\"twitter:card\" content=\"summary_large_image\" \/>\n<meta name=\"twitter:creator\" content=\"@admin\" \/>\n<script type=\"application\/ld+json\" class=\"yoast-schema-graph\">{\"@context\":\"https:\\\/\\\/schema.org\",\"@graph\":[{\"@type\":\"Article\",\"@id\":\"https:\\\/\\\/www.m-q.ch\\\/de\\\/cyberkriminelle-machen-keine-ferien\\\/#article\",\"isPartOf\":{\"@id\":\"https:\\\/\\\/www.organisator.ch\\\/operational-excellence\\\/2022-06-17\\\/cyberkriminelle-machen-keine-ferien\\\/\"},\"author\":{\"name\":\"galledia\",\"@id\":\"https:\\\/\\\/www.organisator.ch\\\/#\\\/schema\\\/person\\\/4e51799071cd2dd1232ac003643ef5f0\"},\"headline\":\"Cyberkriminelle machen keine Ferien\",\"datePublished\":\"2022-06-17T05:34:37+00:00\",\"dateModified\":\"2022-07-25T10:38:29+00:00\",\"mainEntityOfPage\":{\"@id\":\"https:\\\/\\\/www.organisator.ch\\\/operational-excellence\\\/2022-06-17\\\/cyberkriminelle-machen-keine-ferien\\\/\"},\"wordCount\":797,\"publisher\":{\"@id\":\"https:\\\/\\\/www.organisator.ch\\\/#organization\"},\"image\":{\"@id\":\"https:\\\/\\\/www.m-q.ch\\\/de\\\/cyberkriminelle-machen-keine-ferien\\\/#primaryimage\"},\"thumbnailUrl\":\"https:\\\/\\\/www.m-q.ch\\\/wp-content\\\/uploads\\\/2022\\\/06\\\/Cyberkriminelle-machen-keine-Ferien_MQ.jpg\",\"keywords\":[\"Cyberkriminelle\"],\"articleSection\":[\"OPERATIONAL EXCELLENCE\"],\"inLanguage\":\"it-IT\"},{\"@type\":\"WebPage\",\"@id\":\"https:\\\/\\\/www.organisator.ch\\\/operational-excellence\\\/2022-06-17\\\/cyberkriminelle-machen-keine-ferien\\\/\",\"url\":\"https:\\\/\\\/www.m-q.ch\\\/de\\\/cyberkriminelle-machen-keine-ferien\\\/\",\"name\":\"Cyberkriminelle machen keine Ferien - Organisator\",\"isPartOf\":{\"@id\":\"https:\\\/\\\/www.organisator.ch\\\/#website\"},\"primaryImageOfPage\":{\"@id\":\"https:\\\/\\\/www.m-q.ch\\\/de\\\/cyberkriminelle-machen-keine-ferien\\\/#primaryimage\"},\"image\":{\"@id\":\"https:\\\/\\\/www.m-q.ch\\\/de\\\/cyberkriminelle-machen-keine-ferien\\\/#primaryimage\"},\"thumbnailUrl\":\"https:\\\/\\\/www.m-q.ch\\\/wp-content\\\/uploads\\\/2022\\\/06\\\/Cyberkriminelle-machen-keine-Ferien_MQ.jpg\",\"datePublished\":\"2022-06-17T05:34:37+00:00\",\"dateModified\":\"2022-07-25T10:38:29+00:00\",\"description\":\"Sommer, Sonne, gute Laune: F\u00fcr viele sind die langersehnten Ferien zum Greifen nah. Auch in den Ferien landen die digitalen Alltagsbegleiter wie Smartphone, Tablet oder Notebook im Gep\u00e4ck der Reisenden.\",\"breadcrumb\":{\"@id\":\"https:\\\/\\\/www.m-q.ch\\\/de\\\/cyberkriminelle-machen-keine-ferien\\\/#breadcrumb\"},\"inLanguage\":\"it-IT\",\"potentialAction\":[{\"@type\":\"ReadAction\",\"target\":[\"https:\\\/\\\/www.m-q.ch\\\/de\\\/cyberkriminelle-machen-keine-ferien\\\/\"]}]},{\"@type\":\"ImageObject\",\"inLanguage\":\"it-IT\",\"@id\":\"https:\\\/\\\/www.m-q.ch\\\/de\\\/cyberkriminelle-machen-keine-ferien\\\/#primaryimage\",\"url\":\"https:\\\/\\\/www.m-q.ch\\\/wp-content\\\/uploads\\\/2022\\\/06\\\/Cyberkriminelle-machen-keine-Ferien_MQ.jpg\",\"contentUrl\":\"https:\\\/\\\/www.m-q.ch\\\/wp-content\\\/uploads\\\/2022\\\/06\\\/Cyberkriminelle-machen-keine-Ferien_MQ.jpg\"},{\"@type\":\"BreadcrumbList\",\"@id\":\"https:\\\/\\\/www.m-q.ch\\\/de\\\/cyberkriminelle-machen-keine-ferien\\\/#breadcrumb\",\"itemListElement\":[{\"@type\":\"ListItem\",\"position\":1,\"name\":\"Home\",\"item\":\"https:\\\/\\\/www.organisator.ch\\\/\"},{\"@type\":\"ListItem\",\"position\":2,\"name\":\"Cyberkriminelle machen keine Ferien\"}]},{\"@type\":\"WebSite\",\"@id\":\"https:\\\/\\\/www.organisator.ch\\\/#website\",\"url\":\"https:\\\/\\\/www.organisator.ch\\\/\",\"name\":\"Organisator\",\"description\":\"Kompetent. Praxisnah. Der ORGANISATOR bereitet in 10 Ausgaben pro Jahr die wesentlichen Themen f\u00fcr F\u00fchrungskr\u00e4fte von KMU auf.\",\"publisher\":{\"@id\":\"https:\\\/\\\/www.organisator.ch\\\/#organization\"},\"potentialAction\":[{\"@type\":\"SearchAction\",\"target\":{\"@type\":\"EntryPoint\",\"urlTemplate\":\"https:\\\/\\\/www.organisator.ch\\\/?s={search_term_string}\"},\"query-input\":{\"@type\":\"PropertyValueSpecification\",\"valueRequired\":true,\"valueName\":\"search_term_string\"}}],\"inLanguage\":\"it-IT\"},{\"@type\":\"Organization\",\"@id\":\"https:\\\/\\\/www.organisator.ch\\\/#organization\",\"name\":\"Organisator\",\"url\":\"https:\\\/\\\/www.organisator.ch\\\/\",\"logo\":{\"@type\":\"ImageObject\",\"inLanguage\":\"it-IT\",\"@id\":\"https:\\\/\\\/www.organisator.ch\\\/#\\\/schema\\\/logo\\\/image\\\/\",\"url\":\"https:\\\/\\\/www.organisator.ch\\\/wp-content\\\/uploads\\\/2022\\\/01\\\/Logo_Organisator_Website.png\",\"contentUrl\":\"https:\\\/\\\/www.organisator.ch\\\/wp-content\\\/uploads\\\/2022\\\/01\\\/Logo_Organisator_Website.png\",\"width\":800,\"height\":77,\"caption\":\"Organisator\"},\"image\":{\"@id\":\"https:\\\/\\\/www.organisator.ch\\\/#\\\/schema\\\/logo\\\/image\\\/\"},\"sameAs\":[\"https:\\\/\\\/www.facebook.com\\\/OrganisatorFachmagazin\",\"https:\\\/\\\/www.linkedin.com\\\/showcase\\\/organisator-das-magazin-fr-kmu\",\"https:\\\/\\\/www.xing.com\\\/news\\\/pages\\\/organisator-ch-695\",\"https:\\\/\\\/www.youtube.com\\\/channel\\\/UCGP2Sq0iWaZwT3BdIAQFYpw\"]},{\"@type\":\"Person\",\"@id\":\"https:\\\/\\\/www.organisator.ch\\\/#\\\/schema\\\/person\\\/4e51799071cd2dd1232ac003643ef5f0\",\"name\":\"galledia\",\"image\":{\"@type\":\"ImageObject\",\"inLanguage\":\"it-IT\",\"@id\":\"https:\\\/\\\/secure.gravatar.com\\\/avatar\\\/78a7f90c01fc2bfc875782a0d4922b37cde2cf184ce347b91316d23cd7f69a36?s=96&d=mm&r=g\",\"url\":\"https:\\\/\\\/secure.gravatar.com\\\/avatar\\\/78a7f90c01fc2bfc875782a0d4922b37cde2cf184ce347b91316d23cd7f69a36?s=96&d=mm&r=g\",\"contentUrl\":\"https:\\\/\\\/secure.gravatar.com\\\/avatar\\\/78a7f90c01fc2bfc875782a0d4922b37cde2cf184ce347b91316d23cd7f69a36?s=96&d=mm&r=g\",\"caption\":\"galledia\"},\"sameAs\":[\"https:\\\/\\\/x.com\\\/admin\"],\"url\":\"https:\\\/\\\/www.organisator.ch\\\/it\\\/author\\\/galledia\\\/\"}]}<\/script>\n<!-- \/ Yoast SEO plugin. -->","yoast_head_json":{"title":"I criminali informatici non vanno in vacanza - Organizzatore","description":"Estate, sole, buon umore: per molti le tanto attese vacanze sono a portata di mano. Anche in vacanza, i compagni digitali di tutti i giorni come smartphone, tablet o notebook finiscono nei bagagli dei viaggiatori.","robots":{"index":"index","follow":"follow","max-snippet":"max-snippet:-1","max-image-preview":"max-image-preview:large","max-video-preview":"max-video-preview:-1"},"canonical":"https:\/\/www.m-q.ch\/de\/cyberkriminelle-machen-keine-ferien\/","og_locale":"it_IT","og_type":"article","og_title":"Cyberkriminelle machen keine Ferien - Organisator","og_description":"Sommer, Sonne, gute Laune: F\u00fcr viele sind die langersehnten Ferien zum Greifen nah. Auch in den Ferien landen die digitalen Alltagsbegleiter wie Smartphone, Tablet oder Notebook im Gep\u00e4ck der Reisenden.","og_url":"https:\/\/www.m-q.ch\/de\/cyberkriminelle-machen-keine-ferien\/","og_site_name":"Organisator","article_publisher":"https:\/\/www.facebook.com\/OrganisatorFachmagazin","article_published_time":"2022-06-17T05:34:37+00:00","article_modified_time":"2022-07-25T10:38:29+00:00","og_image":[{"url":"https:\/\/www.m-q.ch\/wp-content\/uploads\/2022\/06\/Cyberkriminelle-machen-keine-Ferien_MQ.jpg","type":"","width":"","height":""}],"author":"galledia","twitter_card":"summary_large_image","twitter_creator":"@admin","schema":{"@context":"https:\/\/schema.org","@graph":[{"@type":"Article","@id":"https:\/\/www.m-q.ch\/de\/cyberkriminelle-machen-keine-ferien\/#article","isPartOf":{"@id":"https:\/\/www.organisator.ch\/operational-excellence\/2022-06-17\/cyberkriminelle-machen-keine-ferien\/"},"author":{"name":"galledia","@id":"https:\/\/www.organisator.ch\/#\/schema\/person\/4e51799071cd2dd1232ac003643ef5f0"},"headline":"Cyberkriminelle machen keine Ferien","datePublished":"2022-06-17T05:34:37+00:00","dateModified":"2022-07-25T10:38:29+00:00","mainEntityOfPage":{"@id":"https:\/\/www.organisator.ch\/operational-excellence\/2022-06-17\/cyberkriminelle-machen-keine-ferien\/"},"wordCount":797,"publisher":{"@id":"https:\/\/www.organisator.ch\/#organization"},"image":{"@id":"https:\/\/www.m-q.ch\/de\/cyberkriminelle-machen-keine-ferien\/#primaryimage"},"thumbnailUrl":"https:\/\/www.m-q.ch\/wp-content\/uploads\/2022\/06\/Cyberkriminelle-machen-keine-Ferien_MQ.jpg","keywords":["Cyberkriminelle"],"articleSection":["OPERATIONAL EXCELLENCE"],"inLanguage":"it-IT"},{"@type":"WebPage","@id":"https:\/\/www.organisator.ch\/operational-excellence\/2022-06-17\/cyberkriminelle-machen-keine-ferien\/","url":"https:\/\/www.m-q.ch\/de\/cyberkriminelle-machen-keine-ferien\/","name":"I criminali informatici non vanno in vacanza - Organizzatore","isPartOf":{"@id":"https:\/\/www.organisator.ch\/#website"},"primaryImageOfPage":{"@id":"https:\/\/www.m-q.ch\/de\/cyberkriminelle-machen-keine-ferien\/#primaryimage"},"image":{"@id":"https:\/\/www.m-q.ch\/de\/cyberkriminelle-machen-keine-ferien\/#primaryimage"},"thumbnailUrl":"https:\/\/www.m-q.ch\/wp-content\/uploads\/2022\/06\/Cyberkriminelle-machen-keine-Ferien_MQ.jpg","datePublished":"2022-06-17T05:34:37+00:00","dateModified":"2022-07-25T10:38:29+00:00","description":"Estate, sole, buon umore: per molti le tanto attese vacanze sono a portata di mano. Anche in vacanza, i compagni digitali di tutti i giorni come smartphone, tablet o notebook finiscono nei bagagli dei viaggiatori.","breadcrumb":{"@id":"https:\/\/www.m-q.ch\/de\/cyberkriminelle-machen-keine-ferien\/#breadcrumb"},"inLanguage":"it-IT","potentialAction":[{"@type":"ReadAction","target":["https:\/\/www.m-q.ch\/de\/cyberkriminelle-machen-keine-ferien\/"]}]},{"@type":"ImageObject","inLanguage":"it-IT","@id":"https:\/\/www.m-q.ch\/de\/cyberkriminelle-machen-keine-ferien\/#primaryimage","url":"https:\/\/www.m-q.ch\/wp-content\/uploads\/2022\/06\/Cyberkriminelle-machen-keine-Ferien_MQ.jpg","contentUrl":"https:\/\/www.m-q.ch\/wp-content\/uploads\/2022\/06\/Cyberkriminelle-machen-keine-Ferien_MQ.jpg"},{"@type":"BreadcrumbList","@id":"https:\/\/www.m-q.ch\/de\/cyberkriminelle-machen-keine-ferien\/#breadcrumb","itemListElement":[{"@type":"ListItem","position":1,"name":"Home","item":"https:\/\/www.organisator.ch\/"},{"@type":"ListItem","position":2,"name":"Cyberkriminelle machen keine Ferien"}]},{"@type":"WebSite","@id":"https:\/\/www.organisator.ch\/#website","url":"https:\/\/www.organisator.ch\/","name":"Organizzatore","description":"Competente. Pratico. In 10 numeri all'anno, ORGANISATOR presenta i temi essenziali per i manager delle PMI.","publisher":{"@id":"https:\/\/www.organisator.ch\/#organization"},"potentialAction":[{"@type":"SearchAction","target":{"@type":"EntryPoint","urlTemplate":"https:\/\/www.organisator.ch\/?s={search_term_string}"},"query-input":{"@type":"PropertyValueSpecification","valueRequired":true,"valueName":"search_term_string"}}],"inLanguage":"it-IT"},{"@type":"Organization","@id":"https:\/\/www.organisator.ch\/#organization","name":"Organizzatore","url":"https:\/\/www.organisator.ch\/","logo":{"@type":"ImageObject","inLanguage":"it-IT","@id":"https:\/\/www.organisator.ch\/#\/schema\/logo\/image\/","url":"https:\/\/www.organisator.ch\/wp-content\/uploads\/2022\/01\/Logo_Organisator_Website.png","contentUrl":"https:\/\/www.organisator.ch\/wp-content\/uploads\/2022\/01\/Logo_Organisator_Website.png","width":800,"height":77,"caption":"Organisator"},"image":{"@id":"https:\/\/www.organisator.ch\/#\/schema\/logo\/image\/"},"sameAs":["https:\/\/www.facebook.com\/OrganisatorFachmagazin","https:\/\/www.linkedin.com\/showcase\/organisator-das-magazin-fr-kmu","https:\/\/www.xing.com\/news\/pages\/organisator-ch-695","https:\/\/www.youtube.com\/channel\/UCGP2Sq0iWaZwT3BdIAQFYpw"]},{"@type":"Person","@id":"https:\/\/www.organisator.ch\/#\/schema\/person\/4e51799071cd2dd1232ac003643ef5f0","name":"galledia","image":{"@type":"ImageObject","inLanguage":"it-IT","@id":"https:\/\/secure.gravatar.com\/avatar\/78a7f90c01fc2bfc875782a0d4922b37cde2cf184ce347b91316d23cd7f69a36?s=96&d=mm&r=g","url":"https:\/\/secure.gravatar.com\/avatar\/78a7f90c01fc2bfc875782a0d4922b37cde2cf184ce347b91316d23cd7f69a36?s=96&d=mm&r=g","contentUrl":"https:\/\/secure.gravatar.com\/avatar\/78a7f90c01fc2bfc875782a0d4922b37cde2cf184ce347b91316d23cd7f69a36?s=96&d=mm&r=g","caption":"galledia"},"sameAs":["https:\/\/x.com\/admin"],"url":"https:\/\/www.organisator.ch\/it\/author\/galledia\/"}]}},"_links":{"self":[{"href":"https:\/\/www.organisator.ch\/it\/wp-json\/wp\/v2\/posts\/15243","targetHints":{"allow":["GET"]}}],"collection":[{"href":"https:\/\/www.organisator.ch\/it\/wp-json\/wp\/v2\/posts"}],"about":[{"href":"https:\/\/www.organisator.ch\/it\/wp-json\/wp\/v2\/types\/post"}],"author":[{"embeddable":true,"href":"https:\/\/www.organisator.ch\/it\/wp-json\/wp\/v2\/users\/8"}],"replies":[{"embeddable":true,"href":"https:\/\/www.organisator.ch\/it\/wp-json\/wp\/v2\/comments?post=15243"}],"version-history":[{"count":4,"href":"https:\/\/www.organisator.ch\/it\/wp-json\/wp\/v2\/posts\/15243\/revisions"}],"predecessor-version":[{"id":15806,"href":"https:\/\/www.organisator.ch\/it\/wp-json\/wp\/v2\/posts\/15243\/revisions\/15806"}],"wp:attachment":[{"href":"https:\/\/www.organisator.ch\/it\/wp-json\/wp\/v2\/media?parent=15243"}],"wp:term":[{"taxonomy":"category","embeddable":true,"href":"https:\/\/www.organisator.ch\/it\/wp-json\/wp\/v2\/categories?post=15243"},{"taxonomy":"post_tag","embeddable":true,"href":"https:\/\/www.organisator.ch\/it\/wp-json\/wp\/v2\/tags?post=15243"}],"curies":[{"name":"wp","href":"https:\/\/api.w.org\/{rel}","templated":true}]}}