{"id":1527,"date":"2017-02-16T08:24:51","date_gmt":"2017-02-16T07:24:51","guid":{"rendered":"https:\/\/www.organisator.ch\/?p=1527"},"modified":"2017-02-16T08:24:51","modified_gmt":"2017-02-16T07:24:51","slug":"politik-in-140-zeichen-twitter-ist-trumpf","status":"publish","type":"post","link":"https:\/\/www.organisator.ch\/it\/marketing\/2017-02-16\/politik-in-140-zeichen-twitter-ist-trumpf\/","title":{"rendered":"La politica in 140 caratteri? Twitter \u00e8 \"Trump(f)"},"content":{"rendered":"<figure id=\"attachment_1529\" aria-describedby=\"caption-attachment-1529\" style=\"width: 640px\" class=\"wp-caption alignnone\"><img loading=\"lazy\" decoding=\"async\" class=\"size-full wp-image-1529\" src=\"https:\/\/www.organisator.ch\/wp-content\/uploads\/2017\/02\/Politik-in-140-Zeichen-Twitter-ist-Trumpf_Organisator.jpg\" alt=\"\" width=\"640\" height=\"427\" srcset=\"https:\/\/www.organisator.ch\/wp-content\/uploads\/2017\/02\/Politik-in-140-Zeichen-Twitter-ist-Trumpf_Organisator.jpg 640w, https:\/\/www.organisator.ch\/wp-content\/uploads\/2017\/02\/Politik-in-140-Zeichen-Twitter-ist-Trumpf_Organisator-16x12.jpg 16w, https:\/\/www.organisator.ch\/wp-content\/uploads\/2017\/02\/Politik-in-140-Zeichen-Twitter-ist-Trumpf_Organisator-262x175.jpg 262w, https:\/\/www.organisator.ch\/wp-content\/uploads\/2017\/02\/Politik-in-140-Zeichen-Twitter-ist-Trumpf_Organisator-525x350.jpg 525w, https:\/\/www.organisator.ch\/wp-content\/uploads\/2017\/02\/Politik-in-140-Zeichen-Twitter-ist-Trumpf_Organisator-300x200.jpg 300w\" sizes=\"auto, (max-width: 640px) 100vw, 640px\" \/><figcaption id=\"caption-attachment-1529\" class=\"wp-caption-text\">L'esperto di comunicazione Stefan H\u00e4seli parla di Twitter come strumento di gestione presidenziale. (Foto: zVg)<\/figcaption><\/figure>\n<p>Una cosa in anticipo, secondo Stefan H\u00e4seli: \"Se questo atto sia buono per il mondo o quanto sar\u00e0 cattivo quando l'impulsivo nuovo presidente modeller\u00e0 non solo il destino degli Stati Uniti ma anche, collegato a questo, in larga misura quello del mondo per i prossimi quattro anni, \u00e8 lasciato agli osservatori politici. I timori che Donald Trump continui a spaventare molti con le sue dichiarazioni spesso schiette sono senza dubbio giustificati. Il mondo \u00e8 gi\u00e0 stupito da quello che si permette di dire verbalmente\". Allo stesso tempo, \u00e8 abbastanza eccitante seguire come comunica Donald Trump: \"Bisogna separare due cose qui. Da un lato, molto spesso ignora tutte le regole della comunicazione costruttiva e del feedback apprezzabile. Questo \u00e8 senza dubbio qualcosa che non mi piace. L'altro \u00e8 che lui, come quasi nessun altro, cerca di governare il mondo in 140 caratteri dalla \"finestra di Twitter\". Ed \u00e8 qualcosa a cui dovremmo pensare\".<\/p>\n<p><strong>Arrivare al cuore della questione<\/strong><\/p>\n<p>Da questo punto di vista, dice l'esperto di comunicazione, vale la pena cercare di separare il minaccioso dall'utile: \"Se per una volta si mette da parte la paura del contenuto delle dichiarazioni provocatorie, si pu\u00f2 imparare molto in termini di comunicazione. Perch\u00e9 si tratta di arrivare al cuore di una questione. Questo d\u00e0 inizio alla discussione. 140 caratteri sono sufficienti per fare la notizia, che sia positiva o negativa. O, in modo meno spettacolare, semplicemente nella conversazione. Impacchettare dichiarazioni importanti via Twitter in 140 caratteri non \u00e8 certo sempre giusto - soprattutto quando si tratta di interessi globali. Ma l'arte di poterlo fare \u00e8 importante! Questa capacit\u00e0 non \u00e8 ancora usata bene ovunque nella societ\u00e0 moderna, negli affari e nel pubblico\", dice Stefan H\u00e4seli, che ha lavorato sulla comunicazione quotidiana per molti anni. \"Non \u00e8 affatto un segno di superficialit\u00e0 limitare le informazioni a 140 caratteri. Piuttosto, tale dichiarazione di base deve essere formulata in modo appropriato. La situazione \u00e8 diversa, ovviamente, con contesti complessi. Chiunque padroneggi l'uno e l'altro \u00e8 un 'comandante in tweets'\".<\/p>\n<p><strong>Una qualit\u00e0 che pu\u00f2 essere appresa<\/strong><\/p>\n<p>Ci\u00f2 che resta da distinguere e differenziare \u00e8 che molta spazzatura viene twittata. Stefan H\u00e4seli: \"Molti dei post di Donald Trump sembrano anche troppo sconsiderati. Ma chi non ha mai inviato un messaggio senza pensare a quello che potrebbe scatenare? Ma c'\u00e8 una differenza tra l'invio di una mail poco chiara a un buon conoscente e l'uomo pi\u00f9 potente del mondo che insulta un collega con armi nucleari nell'armadio\". Anche se molte cose non vengono mangiate cos\u00ec calde come vengono cucinate, come Stefan H\u00e4seli sa dai suoi contatti con i politici: \"Alcune cose vengono fatte per la galleria. Per esempio, quando Donald Trump pubblica un messaggio su Twitter su Vladimir Putin, pu\u00f2 essere che la conversazione personale tra i due abbia avuto luogo da tempo e che sappiano molto bene l'uno dell'altro cosa pensano veramente\". Il che ci porta a chiudere il cerchio, dice l'esperto: \"Comporre un messaggio in 140 caratteri \u00e8 una qualit\u00e0 che si pu\u00f2 imparare e che sta diventando sempre pi\u00f9 importante. Tuttavia, non c'\u00e8 ancora e per il momento nessun sostituto alla conversazione. Ci\u00f2 che \u00e8 chiaro \u00e8 che alla fine della giornata, anche Donald Trump sar\u00e0 giudicato sulle azioni e non sui suoi post\".<\/p>\n<p><strong>Raccomandazione di Stefan H\u00e4seli: Twitter come formazione<\/strong><\/p>\n<p>\"Suddividere importanti messaggi chiave in 140 caratteri \u00e8 un lavoro duro - ma molto istruttivo. L'ho fatto recentemente in una conferenza con i messaggi chiave pi\u00f9 importanti:<\/p>\n<ul>\n<li>Il mondo della comunicazione \u00e8 sempre pi\u00f9 esigente. Comunicare molto su pi\u00f9 media non si traduce necessariamente in pi\u00f9 contenuti.<\/li>\n<li>In tutta l'euforia e nel vortice del pensiero in rete e degli approcci olistici: Nel mercato, \u00e8 ancora necessario vendere.<\/li>\n<li>Il percorso \u00e8 la meta. Questo pu\u00f2 essere vero la maggior parte delle volte. Ma non dimentichiamo: un bel treno non serve a niente se non arriva alla stazione.<\/li>\n<li>Ci\u00f2 che serve sono le soluzioni ai problemi dei clienti, non solo i risultati degli studi e le convinzioni dei fornitori.<\/li>\n<\/ul>\n<p>Questo era attraente per il pubblico e mi ha aiutato a trattare l'argomento in modo intensivo. Quindi la presunta superficialit\u00e0 pu\u00f2 essere anche il risultato della profondit\u00e0\".<\/p>\n<p><em>Su Stefan H\u00e4seli:<\/em><\/p>\n<p><em>Come oratore internazionale, Stefan H\u00e4seli incoraggia le persone a sperimentare la comunicazione efficace nella vita quotidiana in modo divertente. \u00c8 autore di numerosi libri ed \u00e8 noto come consulente in programmi radiofonici e televisivi. <a href=\"http:\/\/www.stefanhaeseli.ch\/\">www.stefanhaeseli.ch<\/a><\/em><\/p>","protected":false},"excerpt":{"rendered":"<p>Eines vorab, so Stefan H\u00e4seli: \u201eOb dieser Akt f\u00fcr die Welt gut ist oder wie schlecht es werden wird, wenn der impulsive neue Pr\u00e4sident die n\u00e4chsten vier Jahre nicht nur die Geschicke der USA, sondern damit verkn\u00fcpft auch zu einem guten Teil die der Welt pr\u00e4gt, sei den politischen Beobachtern \u00fcberlassen. Berechtigt sind zweifellos die [&hellip;]<\/p>\n","protected":false},"author":4,"featured_media":1529,"comment_status":"open","ping_status":"open","sticky":false,"template":"","format":"standard","meta":{"_acf_changed":false,"_yoast_wpseo_focuskw":"Twitter","_yoast_wpseo_metadesc":"Der neue US-Pr\u00e4sident Donald Trump f\u00fcllt \u00fcber Twitter die Zeitungsspalten. Trotz aller Vorbehalte kann man in einem Punkt durchaus von ihm lernen.","articlekey":"","footnotes":""},"categories":[29],"tags":[308,334,339,508],"class_list":["post-1527","post","type-post","status-publish","format-standard","has-post-thumbnail","hentry","category-marketing","tag-kommunikation","tag-management","tag-marketing","tag-vermischtes"],"acf":[],"yoast_head":"<!-- This site is optimized with the Yoast SEO plugin v27.5 - https:\/\/yoast.com\/product\/yoast-seo-wordpress\/ -->\n<title>Politik in 140 Zeichen? Twitter ist &quot;Trump(f)&quot; - Organisator<\/title>\n<meta name=\"description\" content=\"Der neue US-Pr\u00e4sident Donald Trump f\u00fcllt \u00fcber Twitter die Zeitungsspalten. Trotz aller Vorbehalte kann man in einem Punkt durchaus von ihm lernen.\" \/>\n<meta name=\"robots\" content=\"index, follow, max-snippet:-1, max-image-preview:large, max-video-preview:-1\" \/>\n<link rel=\"canonical\" href=\"https:\/\/www.organisator.ch\/it\/marketing\/2017-02-16\/politik-in-140-zeichen-twitter-ist-trumpf\/\" \/>\n<meta property=\"og:locale\" content=\"it_IT\" \/>\n<meta property=\"og:type\" content=\"article\" \/>\n<meta property=\"og:title\" content=\"Politik in 140 Zeichen? Twitter ist &quot;Trump(f)&quot;\" \/>\n<meta property=\"og:description\" content=\"Der neue #US-Pr\u00e4sident Donald Trump f\u00fcllt \u00fcber #Twitter die Zeitungsspalten. Trotz aller Vorbehalte kann man in einem Punkt durchaus von ihm lernen, wie Kommunikationsexperte #StefanH\u00e4seli meint.\" \/>\n<meta property=\"og:url\" content=\"https:\/\/www.organisator.ch\/it\/marketing\/2017-02-16\/politik-in-140-zeichen-twitter-ist-trumpf\/\" \/>\n<meta property=\"og:site_name\" content=\"Organisator\" \/>\n<meta property=\"article:publisher\" content=\"https:\/\/www.facebook.com\/OrganisatorFachmagazin\" \/>\n<meta property=\"article:published_time\" content=\"2017-02-16T07:24:51+00:00\" \/>\n<meta property=\"og:image\" content=\"https:\/\/www.organisator.ch\/wp-content\/uploads\/2017\/02\/Politik-in-140-Zeichen-Twitter-ist-Trumpf_Organisator.jpg\" \/>\n\t<meta property=\"og:image:width\" content=\"640\" \/>\n\t<meta property=\"og:image:height\" content=\"427\" \/>\n\t<meta property=\"og:image:type\" content=\"image\/jpeg\" \/>\n<meta name=\"author\" content=\"thomas.berner\" \/>\n<meta name=\"twitter:card\" content=\"summary_large_image\" \/>\n<meta name=\"twitter:title\" content=\"Politik in #140Zeichen? #Twitter ist &quot;Trump(f)&quot;\" \/>\n<meta name=\"twitter:description\" content=\"Der neue #US-Pr\u00e4sident Donald Trump f\u00fcllt \u00fcber #Twitter die Zeitungsspalten. Trotz aller Vorbehalte kann man in einem Punkt durchaus von ihm lernen, wie Kommunikationsexperte #StefanH\u00e4seli meint.\" \/>\n<meta name=\"twitter:image\" content=\"https:\/\/www.organisator.ch\/wp-content\/uploads\/2017\/02\/Politik-in-140-Zeichen-Twitter-ist-Trumpf_Organisator.jpg\" \/>\n<script type=\"application\/ld+json\" class=\"yoast-schema-graph\">{\"@context\":\"https:\\\/\\\/schema.org\",\"@graph\":[{\"@type\":\"Article\",\"@id\":\"https:\\\/\\\/www.organisator.ch\\\/marketing\\\/2017-02-16\\\/politik-in-140-zeichen-twitter-ist-trumpf\\\/#article\",\"isPartOf\":{\"@id\":\"https:\\\/\\\/www.organisator.ch\\\/marketing\\\/2017-02-16\\\/politik-in-140-zeichen-twitter-ist-trumpf\\\/\"},\"author\":{\"name\":\"thomas.berner\",\"@id\":\"https:\\\/\\\/www.organisator.ch\\\/#\\\/schema\\\/person\\\/6f650f90b2842cd4c0cc334b4e36f67e\"},\"headline\":\"Politik in 140 Zeichen? Twitter ist &#8222;Trump(f)&#8220;\",\"datePublished\":\"2017-02-16T07:24:51+00:00\",\"mainEntityOfPage\":{\"@id\":\"https:\\\/\\\/www.organisator.ch\\\/marketing\\\/2017-02-16\\\/politik-in-140-zeichen-twitter-ist-trumpf\\\/\"},\"wordCount\":771,\"commentCount\":0,\"publisher\":{\"@id\":\"https:\\\/\\\/www.organisator.ch\\\/#organization\"},\"image\":{\"@id\":\"https:\\\/\\\/www.organisator.ch\\\/marketing\\\/2017-02-16\\\/politik-in-140-zeichen-twitter-ist-trumpf\\\/#primaryimage\"},\"thumbnailUrl\":\"https:\\\/\\\/www.organisator.ch\\\/wp-content\\\/uploads\\\/2017\\\/02\\\/Politik-in-140-Zeichen-Twitter-ist-Trumpf_Organisator.jpg\",\"keywords\":[\"Kommunikation\",\"Management\",\"Marketing\",\"Vermischtes\"],\"articleSection\":[\"MARKETING\"],\"inLanguage\":\"it-IT\"},{\"@type\":\"WebPage\",\"@id\":\"https:\\\/\\\/www.organisator.ch\\\/marketing\\\/2017-02-16\\\/politik-in-140-zeichen-twitter-ist-trumpf\\\/\",\"url\":\"https:\\\/\\\/www.organisator.ch\\\/marketing\\\/2017-02-16\\\/politik-in-140-zeichen-twitter-ist-trumpf\\\/\",\"name\":\"Politik in 140 Zeichen? Twitter ist \\\"Trump(f)\\\" - Organisator\",\"isPartOf\":{\"@id\":\"https:\\\/\\\/www.organisator.ch\\\/#website\"},\"primaryImageOfPage\":{\"@id\":\"https:\\\/\\\/www.organisator.ch\\\/marketing\\\/2017-02-16\\\/politik-in-140-zeichen-twitter-ist-trumpf\\\/#primaryimage\"},\"image\":{\"@id\":\"https:\\\/\\\/www.organisator.ch\\\/marketing\\\/2017-02-16\\\/politik-in-140-zeichen-twitter-ist-trumpf\\\/#primaryimage\"},\"thumbnailUrl\":\"https:\\\/\\\/www.organisator.ch\\\/wp-content\\\/uploads\\\/2017\\\/02\\\/Politik-in-140-Zeichen-Twitter-ist-Trumpf_Organisator.jpg\",\"datePublished\":\"2017-02-16T07:24:51+00:00\",\"description\":\"Der neue US-Pr\u00e4sident Donald Trump f\u00fcllt \u00fcber Twitter die Zeitungsspalten. Trotz aller Vorbehalte kann man in einem Punkt durchaus von ihm lernen.\",\"breadcrumb\":{\"@id\":\"https:\\\/\\\/www.organisator.ch\\\/marketing\\\/2017-02-16\\\/politik-in-140-zeichen-twitter-ist-trumpf\\\/#breadcrumb\"},\"inLanguage\":\"it-IT\",\"potentialAction\":[{\"@type\":\"ReadAction\",\"target\":[\"https:\\\/\\\/www.organisator.ch\\\/marketing\\\/2017-02-16\\\/politik-in-140-zeichen-twitter-ist-trumpf\\\/\"]}]},{\"@type\":\"ImageObject\",\"inLanguage\":\"it-IT\",\"@id\":\"https:\\\/\\\/www.organisator.ch\\\/marketing\\\/2017-02-16\\\/politik-in-140-zeichen-twitter-ist-trumpf\\\/#primaryimage\",\"url\":\"https:\\\/\\\/www.organisator.ch\\\/wp-content\\\/uploads\\\/2017\\\/02\\\/Politik-in-140-Zeichen-Twitter-ist-Trumpf_Organisator.jpg\",\"contentUrl\":\"https:\\\/\\\/www.organisator.ch\\\/wp-content\\\/uploads\\\/2017\\\/02\\\/Politik-in-140-Zeichen-Twitter-ist-Trumpf_Organisator.jpg\",\"width\":640,\"height\":427,\"caption\":\"Kommunikations-Experte Stefan H\u00e4seli \u00e4ussert zu Twitter als pr\u00e4sidiales F\u00fchrungsinstrument. (Foto: zVg)\"},{\"@type\":\"BreadcrumbList\",\"@id\":\"https:\\\/\\\/www.organisator.ch\\\/marketing\\\/2017-02-16\\\/politik-in-140-zeichen-twitter-ist-trumpf\\\/#breadcrumb\",\"itemListElement\":[{\"@type\":\"ListItem\",\"position\":1,\"name\":\"Home\",\"item\":\"https:\\\/\\\/www.organisator.ch\\\/\"},{\"@type\":\"ListItem\",\"position\":2,\"name\":\"Politik in 140 Zeichen? Twitter ist &#8222;Trump(f)&#8220;\"}]},{\"@type\":\"WebSite\",\"@id\":\"https:\\\/\\\/www.organisator.ch\\\/#website\",\"url\":\"https:\\\/\\\/www.organisator.ch\\\/\",\"name\":\"Organisator\",\"description\":\"Kompetent. Praxisnah. Der ORGANISATOR bereitet in 10 Ausgaben pro Jahr die wesentlichen Themen f\u00fcr F\u00fchrungskr\u00e4fte von KMU auf.\",\"publisher\":{\"@id\":\"https:\\\/\\\/www.organisator.ch\\\/#organization\"},\"potentialAction\":[{\"@type\":\"SearchAction\",\"target\":{\"@type\":\"EntryPoint\",\"urlTemplate\":\"https:\\\/\\\/www.organisator.ch\\\/?s={search_term_string}\"},\"query-input\":{\"@type\":\"PropertyValueSpecification\",\"valueRequired\":true,\"valueName\":\"search_term_string\"}}],\"inLanguage\":\"it-IT\"},{\"@type\":\"Organization\",\"@id\":\"https:\\\/\\\/www.organisator.ch\\\/#organization\",\"name\":\"Organisator\",\"url\":\"https:\\\/\\\/www.organisator.ch\\\/\",\"logo\":{\"@type\":\"ImageObject\",\"inLanguage\":\"it-IT\",\"@id\":\"https:\\\/\\\/www.organisator.ch\\\/#\\\/schema\\\/logo\\\/image\\\/\",\"url\":\"https:\\\/\\\/www.organisator.ch\\\/wp-content\\\/uploads\\\/2022\\\/01\\\/Logo_Organisator_Website.png\",\"contentUrl\":\"https:\\\/\\\/www.organisator.ch\\\/wp-content\\\/uploads\\\/2022\\\/01\\\/Logo_Organisator_Website.png\",\"width\":800,\"height\":77,\"caption\":\"Organisator\"},\"image\":{\"@id\":\"https:\\\/\\\/www.organisator.ch\\\/#\\\/schema\\\/logo\\\/image\\\/\"},\"sameAs\":[\"https:\\\/\\\/www.facebook.com\\\/OrganisatorFachmagazin\",\"https:\\\/\\\/www.linkedin.com\\\/showcase\\\/organisator-das-magazin-fr-kmu\",\"https:\\\/\\\/www.xing.com\\\/news\\\/pages\\\/organisator-ch-695\",\"https:\\\/\\\/www.youtube.com\\\/channel\\\/UCGP2Sq0iWaZwT3BdIAQFYpw\"]},{\"@type\":\"Person\",\"@id\":\"https:\\\/\\\/www.organisator.ch\\\/#\\\/schema\\\/person\\\/6f650f90b2842cd4c0cc334b4e36f67e\",\"name\":\"thomas.berner\",\"image\":{\"@type\":\"ImageObject\",\"inLanguage\":\"it-IT\",\"@id\":\"https:\\\/\\\/secure.gravatar.com\\\/avatar\\\/ac5001d2a36cb6c6cd3e50789007ffca834b477b74a2144564522e944eabff61?s=96&d=mm&r=g\",\"url\":\"https:\\\/\\\/secure.gravatar.com\\\/avatar\\\/ac5001d2a36cb6c6cd3e50789007ffca834b477b74a2144564522e944eabff61?s=96&d=mm&r=g\",\"contentUrl\":\"https:\\\/\\\/secure.gravatar.com\\\/avatar\\\/ac5001d2a36cb6c6cd3e50789007ffca834b477b74a2144564522e944eabff61?s=96&d=mm&r=g\",\"caption\":\"thomas.berner\"},\"url\":\"https:\\\/\\\/www.organisator.ch\\\/it\\\/author\\\/thomas-berner\\\/\"}]}<\/script>\n<!-- \/ Yoast SEO plugin. -->","yoast_head_json":{"title":"Politica in 140 caratteri? Twitter \u00e8 \"Trump(f)\" - Organizzatore","description":"Il nuovo Presidente degli Stati Uniti Donald Trump riempie le colonne dei giornali su Twitter. Nonostante tutte le riserve, c'\u00e8 una cosa che possiamo imparare da lui.","robots":{"index":"index","follow":"follow","max-snippet":"max-snippet:-1","max-image-preview":"max-image-preview:large","max-video-preview":"max-video-preview:-1"},"canonical":"https:\/\/www.organisator.ch\/it\/marketing\/2017-02-16\/politik-in-140-zeichen-twitter-ist-trumpf\/","og_locale":"it_IT","og_type":"article","og_title":"Politik in 140 Zeichen? Twitter ist \"Trump(f)\"","og_description":"Der neue #US-Pr\u00e4sident Donald Trump f\u00fcllt \u00fcber #Twitter die Zeitungsspalten. Trotz aller Vorbehalte kann man in einem Punkt durchaus von ihm lernen, wie Kommunikationsexperte #StefanH\u00e4seli meint.","og_url":"https:\/\/www.organisator.ch\/it\/marketing\/2017-02-16\/politik-in-140-zeichen-twitter-ist-trumpf\/","og_site_name":"Organisator","article_publisher":"https:\/\/www.facebook.com\/OrganisatorFachmagazin","article_published_time":"2017-02-16T07:24:51+00:00","og_image":[{"width":640,"height":427,"url":"https:\/\/www.organisator.ch\/wp-content\/uploads\/2017\/02\/Politik-in-140-Zeichen-Twitter-ist-Trumpf_Organisator.jpg","type":"image\/jpeg"}],"author":"thomas.berner","twitter_card":"summary_large_image","twitter_title":"Politik in #140Zeichen? #Twitter ist \"Trump(f)\"","twitter_description":"Der neue #US-Pr\u00e4sident Donald Trump f\u00fcllt \u00fcber #Twitter die Zeitungsspalten. Trotz aller Vorbehalte kann man in einem Punkt durchaus von ihm lernen, wie Kommunikationsexperte #StefanH\u00e4seli meint.","twitter_image":"https:\/\/www.organisator.ch\/wp-content\/uploads\/2017\/02\/Politik-in-140-Zeichen-Twitter-ist-Trumpf_Organisator.jpg","schema":{"@context":"https:\/\/schema.org","@graph":[{"@type":"Article","@id":"https:\/\/www.organisator.ch\/marketing\/2017-02-16\/politik-in-140-zeichen-twitter-ist-trumpf\/#article","isPartOf":{"@id":"https:\/\/www.organisator.ch\/marketing\/2017-02-16\/politik-in-140-zeichen-twitter-ist-trumpf\/"},"author":{"name":"thomas.berner","@id":"https:\/\/www.organisator.ch\/#\/schema\/person\/6f650f90b2842cd4c0cc334b4e36f67e"},"headline":"Politik in 140 Zeichen? Twitter ist &#8222;Trump(f)&#8220;","datePublished":"2017-02-16T07:24:51+00:00","mainEntityOfPage":{"@id":"https:\/\/www.organisator.ch\/marketing\/2017-02-16\/politik-in-140-zeichen-twitter-ist-trumpf\/"},"wordCount":771,"commentCount":0,"publisher":{"@id":"https:\/\/www.organisator.ch\/#organization"},"image":{"@id":"https:\/\/www.organisator.ch\/marketing\/2017-02-16\/politik-in-140-zeichen-twitter-ist-trumpf\/#primaryimage"},"thumbnailUrl":"https:\/\/www.organisator.ch\/wp-content\/uploads\/2017\/02\/Politik-in-140-Zeichen-Twitter-ist-Trumpf_Organisator.jpg","keywords":["Kommunikation","Management","Marketing","Vermischtes"],"articleSection":["MARKETING"],"inLanguage":"it-IT"},{"@type":"WebPage","@id":"https:\/\/www.organisator.ch\/marketing\/2017-02-16\/politik-in-140-zeichen-twitter-ist-trumpf\/","url":"https:\/\/www.organisator.ch\/marketing\/2017-02-16\/politik-in-140-zeichen-twitter-ist-trumpf\/","name":"Politica in 140 caratteri? Twitter \u00e8 \"Trump(f)\" - Organizzatore","isPartOf":{"@id":"https:\/\/www.organisator.ch\/#website"},"primaryImageOfPage":{"@id":"https:\/\/www.organisator.ch\/marketing\/2017-02-16\/politik-in-140-zeichen-twitter-ist-trumpf\/#primaryimage"},"image":{"@id":"https:\/\/www.organisator.ch\/marketing\/2017-02-16\/politik-in-140-zeichen-twitter-ist-trumpf\/#primaryimage"},"thumbnailUrl":"https:\/\/www.organisator.ch\/wp-content\/uploads\/2017\/02\/Politik-in-140-Zeichen-Twitter-ist-Trumpf_Organisator.jpg","datePublished":"2017-02-16T07:24:51+00:00","description":"Il nuovo Presidente degli Stati Uniti Donald Trump riempie le colonne dei giornali su Twitter. Nonostante tutte le riserve, c'\u00e8 una cosa che possiamo imparare da lui.","breadcrumb":{"@id":"https:\/\/www.organisator.ch\/marketing\/2017-02-16\/politik-in-140-zeichen-twitter-ist-trumpf\/#breadcrumb"},"inLanguage":"it-IT","potentialAction":[{"@type":"ReadAction","target":["https:\/\/www.organisator.ch\/marketing\/2017-02-16\/politik-in-140-zeichen-twitter-ist-trumpf\/"]}]},{"@type":"ImageObject","inLanguage":"it-IT","@id":"https:\/\/www.organisator.ch\/marketing\/2017-02-16\/politik-in-140-zeichen-twitter-ist-trumpf\/#primaryimage","url":"https:\/\/www.organisator.ch\/wp-content\/uploads\/2017\/02\/Politik-in-140-Zeichen-Twitter-ist-Trumpf_Organisator.jpg","contentUrl":"https:\/\/www.organisator.ch\/wp-content\/uploads\/2017\/02\/Politik-in-140-Zeichen-Twitter-ist-Trumpf_Organisator.jpg","width":640,"height":427,"caption":"Kommunikations-Experte Stefan H\u00e4seli \u00e4ussert zu Twitter als pr\u00e4sidiales F\u00fchrungsinstrument. (Foto: zVg)"},{"@type":"BreadcrumbList","@id":"https:\/\/www.organisator.ch\/marketing\/2017-02-16\/politik-in-140-zeichen-twitter-ist-trumpf\/#breadcrumb","itemListElement":[{"@type":"ListItem","position":1,"name":"Home","item":"https:\/\/www.organisator.ch\/"},{"@type":"ListItem","position":2,"name":"Politik in 140 Zeichen? Twitter ist &#8222;Trump(f)&#8220;"}]},{"@type":"WebSite","@id":"https:\/\/www.organisator.ch\/#website","url":"https:\/\/www.organisator.ch\/","name":"Organizzatore","description":"Competente. Pratico. In 10 numeri all'anno, ORGANISATOR presenta i temi essenziali per i manager delle PMI.","publisher":{"@id":"https:\/\/www.organisator.ch\/#organization"},"potentialAction":[{"@type":"SearchAction","target":{"@type":"EntryPoint","urlTemplate":"https:\/\/www.organisator.ch\/?s={search_term_string}"},"query-input":{"@type":"PropertyValueSpecification","valueRequired":true,"valueName":"search_term_string"}}],"inLanguage":"it-IT"},{"@type":"Organization","@id":"https:\/\/www.organisator.ch\/#organization","name":"Organizzatore","url":"https:\/\/www.organisator.ch\/","logo":{"@type":"ImageObject","inLanguage":"it-IT","@id":"https:\/\/www.organisator.ch\/#\/schema\/logo\/image\/","url":"https:\/\/www.organisator.ch\/wp-content\/uploads\/2022\/01\/Logo_Organisator_Website.png","contentUrl":"https:\/\/www.organisator.ch\/wp-content\/uploads\/2022\/01\/Logo_Organisator_Website.png","width":800,"height":77,"caption":"Organisator"},"image":{"@id":"https:\/\/www.organisator.ch\/#\/schema\/logo\/image\/"},"sameAs":["https:\/\/www.facebook.com\/OrganisatorFachmagazin","https:\/\/www.linkedin.com\/showcase\/organisator-das-magazin-fr-kmu","https:\/\/www.xing.com\/news\/pages\/organisator-ch-695","https:\/\/www.youtube.com\/channel\/UCGP2Sq0iWaZwT3BdIAQFYpw"]},{"@type":"Person","@id":"https:\/\/www.organisator.ch\/#\/schema\/person\/6f650f90b2842cd4c0cc334b4e36f67e","name":"Tommaso.berner","image":{"@type":"ImageObject","inLanguage":"it-IT","@id":"https:\/\/secure.gravatar.com\/avatar\/ac5001d2a36cb6c6cd3e50789007ffca834b477b74a2144564522e944eabff61?s=96&d=mm&r=g","url":"https:\/\/secure.gravatar.com\/avatar\/ac5001d2a36cb6c6cd3e50789007ffca834b477b74a2144564522e944eabff61?s=96&d=mm&r=g","contentUrl":"https:\/\/secure.gravatar.com\/avatar\/ac5001d2a36cb6c6cd3e50789007ffca834b477b74a2144564522e944eabff61?s=96&d=mm&r=g","caption":"thomas.berner"},"url":"https:\/\/www.organisator.ch\/it\/author\/thomas-berner\/"}]}},"_links":{"self":[{"href":"https:\/\/www.organisator.ch\/it\/wp-json\/wp\/v2\/posts\/1527","targetHints":{"allow":["GET"]}}],"collection":[{"href":"https:\/\/www.organisator.ch\/it\/wp-json\/wp\/v2\/posts"}],"about":[{"href":"https:\/\/www.organisator.ch\/it\/wp-json\/wp\/v2\/types\/post"}],"author":[{"embeddable":true,"href":"https:\/\/www.organisator.ch\/it\/wp-json\/wp\/v2\/users\/4"}],"replies":[{"embeddable":true,"href":"https:\/\/www.organisator.ch\/it\/wp-json\/wp\/v2\/comments?post=1527"}],"version-history":[{"count":0,"href":"https:\/\/www.organisator.ch\/it\/wp-json\/wp\/v2\/posts\/1527\/revisions"}],"wp:featuredmedia":[{"embeddable":true,"href":"https:\/\/www.organisator.ch\/it\/wp-json\/wp\/v2\/media\/1529"}],"wp:attachment":[{"href":"https:\/\/www.organisator.ch\/it\/wp-json\/wp\/v2\/media?parent=1527"}],"wp:term":[{"taxonomy":"category","embeddable":true,"href":"https:\/\/www.organisator.ch\/it\/wp-json\/wp\/v2\/categories?post=1527"},{"taxonomy":"post_tag","embeddable":true,"href":"https:\/\/www.organisator.ch\/it\/wp-json\/wp\/v2\/tags?post=1527"}],"curies":[{"name":"wp","href":"https:\/\/api.w.org\/{rel}","templated":true}]}}