{"id":15295,"date":"2022-06-17T10:42:32","date_gmt":"2022-06-17T08:42:32","guid":{"rendered":"https:\/\/www.werbewoche.ch\/?p=178241"},"modified":"2022-07-25T12:37:09","modified_gmt":"2022-07-25T10:37:09","slug":"schoene-boeden-marke-haro-geschaerft-zusammen-mit-process","status":"publish","type":"post","link":"https:\/\/www.organisator.ch\/it\/marketing\/2022-06-17\/schoene-boeden-marke-haro-geschaerft-zusammen-mit-process\/","title":{"rendered":"Pavimenti belli: il marchio Haro affilato - insieme a Process"},"content":{"rendered":"<img class=\"alignnone wp-image-178242 size-full\" src=\"https:\/\/www.werbewoche.ch\/wp-content\/uploads\/2022\/06\/PR_MM_HARO_1_Key.jpg\" alt=\"Haro\" width=\"1920\" height=\"1080\" \/>\r\n\r\nPer molte persone l'acquisto di un nuovo pavimento \u00e8 un'occasione unica. Al momento giusto, \u00e8 importante convincere i clienti, non solo con il prezzo. \"Molti fornitori hanno prodotti di alta qualit\u00e0 nella loro gamma. \u00c8 quindi difficile per i clienti riconoscere le differenze. Abbiamo deciso di investire nel nostro marchio. Vogliamo profilarlo e comunicare a tutti coloro che vogliono abbellire la propria casa come i pavimenti Haro arricchiscono la loro vita\", riferisce Andreas Merz, responsabile del marketing e del marchio Haro.\r\n<h3><strong>Coerenza nella gestione del marchio<\/strong><\/h3>\r\nLa collaborazione con Process \u00e8 iniziata nel 2020, in un momento in cui molte persone guardano con maggiore attenzione al proprio spazio abitativo. Insieme, il marchio Haro si affina e si carica di emozioni. Il nuovo claim \"Pavimenti naturalmente belli\" esprime da un lato la competenza principale di Haro e dall'altro l'atteggiamento naturale verso la vita e la bellezza dei prodotti di alta qualit\u00e0 di cui i clienti vogliono circondarsi.\r\n\r\nDopo tutto, l'identificazione con il tema centrale del marchio \u00e8 importante. Non solo per gli acquirenti, ma anche per i concessionari di tutto il mondo che distribuiscono in esclusiva Haro e contribuiscono in modo decisivo al successo dell'azienda. \"Un marchio forte porta avanti anche chi vende i prodotti Haro. Questo d\u00e0 loro una storia ben raccontata che li differenzia dalla concorrenza, convince i clienti e, in ultima analisi, aumenta le vendite\", afferma Michel Gabriel, Consulting Director di Process e responsabile del mandato.\r\n\r\n<a href=\"https:\/\/www.werbewoche.ch\/de\/marketing\/marken\/2022-06-17\/schoene-boeden-marke-haro-geschaerft-zusammen-mit-process\/attachment\/pr_mm_haro_2\/\"><img class=\"attachment-large alignnone\" src=\"https:\/\/www.werbewoche.ch\/wp-content\/uploads\/2022\/06\/PR_MM_HARO_2-1024x576.jpg\" alt=\"Haro\" width=\"768\" height=\"432\" \/><\/a>\r\n<a href=\"https:\/\/www.werbewoche.ch\/de\/marketing\/marken\/2022-06-17\/schoene-boeden-marke-haro-geschaerft-zusammen-mit-process\/attachment\/pr_mm_haro_7\/\"><img class=\"attachment-large alignnone\" src=\"https:\/\/www.werbewoche.ch\/wp-content\/uploads\/2022\/06\/PR_MM_HARO_7-1024x576.jpg\" alt=\"Haro\" width=\"768\" height=\"432\" \/><\/a>\r\n<a href=\"https:\/\/www.werbewoche.ch\/de\/marketing\/marken\/2022-06-17\/schoene-boeden-marke-haro-geschaerft-zusammen-mit-process\/attachment\/pr_mm_haro_6\/\"><img class=\"attachment-large alignnone\" src=\"https:\/\/www.werbewoche.ch\/wp-content\/uploads\/2022\/06\/PR_MM_HARO_6-1024x576.jpg\" alt=\"Haro\" width=\"768\" height=\"432\" \/><\/a>\r\n<a href=\"https:\/\/www.werbewoche.ch\/de\/marketing\/marken\/2022-06-17\/schoene-boeden-marke-haro-geschaerft-zusammen-mit-process\/attachment\/pr_mm_haro_5\/\"><img class=\"attachment-large alignnone\" src=\"https:\/\/www.werbewoche.ch\/wp-content\/uploads\/2022\/06\/PR_MM_HARO_5-1024x576.jpg\" alt=\"Haro\" width=\"768\" height=\"432\" \/><\/a>\r\n<a href=\"https:\/\/www.werbewoche.ch\/de\/marketing\/marken\/2022-06-17\/schoene-boeden-marke-haro-geschaerft-zusammen-mit-process\/attachment\/pr_mm_haro_4\/\"><img class=\"attachment-large alignnone\" src=\"https:\/\/www.werbewoche.ch\/wp-content\/uploads\/2022\/06\/PR_MM_HARO_4-1024x576.jpg\" alt=\"Haro\" width=\"768\" height=\"432\" \/><\/a>\r\n<a href=\"https:\/\/www.werbewoche.ch\/de\/marketing\/marken\/2022-06-17\/schoene-boeden-marke-haro-geschaerft-zusammen-mit-process\/attachment\/pr_mm_haro_3\/\"><img class=\"attachment-large alignnone\" src=\"https:\/\/www.werbewoche.ch\/wp-content\/uploads\/2022\/06\/PR_MM_HARO_3-1024x576.jpg\" alt=\"Haro\" width=\"768\" height=\"432\" \/><\/a>\r\n\r\n&nbsp;\r\n\r\n<strong>Bellezza naturale lungo il percorso del cliente<\/strong>\r\n\r\nNell'arco di due anni, tutti gli elementi costitutivi della nuova storia del marchio vengono sviluppati e applicati da Process: In primo luogo, il marchio \u00e8 stato definito e posizionato e poi reso tangibile nel nuovo design modulare del marchio. Una voce chiara e talvolta umoristica conferisce alla comunicazione il tipico \"tocco\" HARO. Seguono le riprogettazioni del packaging, della presenza in fiera e dei moduli per showroom e POS, dei cataloghi della gamma di prodotti, dei documenti di vendita, del mailing per i rivenditori, della segnaletica per i camion e gli edifici. A ci\u00f2 si aggiungono le applicazioni digitali, come il look della nuova HARO Academy, l'offerta di formazione online per i concessionari, realizzata nel nostro studio.\r\n\r\n&nbsp;\r\n\r\n<strong>Digitale e personale<\/strong>\r\n\r\nAll'inizio del 2022 verr\u00e0 raggiunta un'importante pietra miliare: il rilancio di <a href=\"https:\/\/www.haro.com\/\">Haro.com<\/a> in sei lingue. Process ha sviluppato un'esperienza utente completa, che risponde alle esigenze dei clienti e si concentra sulle vendite attraverso i rivenditori locali. Il nuovo Product Finder facilita la scelta e l'assistente virtuale \"Floorentine\" \u00e8 il primo punto di contatto per informazioni su prodotti e servizi. \"I clienti dovrebbero sperimentare anche online che alla HARO si possono trovare soluzioni per le loro preferenze e desideri individuali. Ecco perch\u00e9 forniamo loro strumenti efficaci come i cataloghi personalizzabili dei prodotti preferiti\", spiega Bruno Manser, Creative Director Digital di Process.\r\n\r\n&nbsp;\r\n\r\n<img class=\"alignnone wp-image-178252 size-full\" src=\"https:\/\/www.werbewoche.ch\/wp-content\/uploads\/2022\/06\/PR_MM_HARO_9-1.jpg\" alt=\"Haro\" width=\"1300\" height=\"731\" \/> <img class=\"alignnone wp-image-178253 size-full\" src=\"https:\/\/www.werbewoche.ch\/wp-content\/uploads\/2022\/06\/PR_MM_HARO_8-1.jpg\" alt=\"Haro\" width=\"1920\" height=\"1080\" \/>((PR_MM_HARO_8.png))\r\n\r\n((PR_MM_HARO_9.png))\r\n\r\n \r\n\r\n \r\n\r\n\"Siamo molto soddisfatti dei risultati ottenuti. Ora abbiamo creato condizioni importanti per condurre HARO nel futuro e creare ulteriori applicazioni per un'esperienza del cliente incentrata sulla bellezza naturale.\"\r\n\r\n<hr \/>\r\n\r\nResponsabile presso Haro: Andreas Merz, responsabile marketing. Agenzia responsabile: Process Zurich","protected":false},"excerpt":{"rendered":"<p>Der Kauf eines neuen Bodens ist f\u00fcr viele Menschen eine einmalige Sache. Im richtigen Moment gilt es die Kundinnen und Kunden zu \u00fcberzeugen \u2013 nicht nur mit dem Preis. \u00abViele Anbieter haben qualitativ hochwertige Produkte im Sortiment. F\u00fcr die Kunden ist es daher schwierig Unterschiede zu erkennen. Wir haben uns entschieden in unsere Marke zu [\u2026]<\/p>\n","protected":false},"author":8,"featured_media":0,"comment_status":"closed","ping_status":"closed","sticky":false,"template":"","format":"standard","meta":{"_acf_changed":false,"_yoast_wpseo_focuskw":"Haro","_yoast_wpseo_metadesc":"Hamberger Flooring, europaweit t\u00e4tiger Bodenbelagshersteller, legt mit dem Fokus auf nat\u00fcrlich sch\u00f6ne B\u00f6den den Grundstein f\u00fcr eine umfassende Erneuerung der Marke Haro.","articlekey":"","footnotes":""},"categories":[29],"tags":[2974,2975],"class_list":["post-15295","post","type-post","status-publish","format-standard","hentry","category-marketing","tag-haro","tag-process"],"acf":[],"yoast_head":"<!-- This site is optimized with the Yoast SEO plugin v27.4 - https:\/\/yoast.com\/product\/yoast-seo-wordpress\/ -->\n<title>Sch\u00f6ne B\u00f6den: Marke Haro gesch\u00e4rft \u2013\u00a0zusammen mit Process - Organisator<\/title>\n<meta name=\"description\" content=\"Hamberger Flooring, europaweit t\u00e4tiger Bodenbelagshersteller, legt mit dem Fokus auf nat\u00fcrlich sch\u00f6ne B\u00f6den den Grundstein f\u00fcr eine umfassende Erneuerung der Marke Haro.\" \/>\n<meta name=\"robots\" content=\"index, follow, max-snippet:-1, max-image-preview:large, max-video-preview:-1\" \/>\n<link rel=\"canonical\" href=\"https:\/\/www.werbewoche.ch\/de\/marketing\/marken\/2022-06-17\/schoene-boeden-marke-haro-geschaerft-zusammen-mit-process\/\" \/>\n<meta property=\"og:locale\" content=\"it_IT\" \/>\n<meta property=\"og:type\" content=\"article\" \/>\n<meta property=\"og:title\" content=\"Sch\u00f6ne B\u00f6den: Marke Haro gesch\u00e4rft \u2013\u00a0zusammen mit Process - Organisator\" \/>\n<meta property=\"og:description\" content=\"Hamberger Flooring, europaweit t\u00e4tiger Bodenbelagshersteller, legt mit dem Fokus auf nat\u00fcrlich sch\u00f6ne B\u00f6den den Grundstein f\u00fcr eine umfassende Erneuerung der Marke Haro.\" \/>\n<meta property=\"og:url\" content=\"https:\/\/www.werbewoche.ch\/de\/marketing\/marken\/2022-06-17\/schoene-boeden-marke-haro-geschaerft-zusammen-mit-process\/\" \/>\n<meta property=\"og:site_name\" content=\"Organisator\" \/>\n<meta property=\"article:publisher\" content=\"https:\/\/www.facebook.com\/OrganisatorFachmagazin\" \/>\n<meta property=\"article:published_time\" content=\"2022-06-17T08:42:32+00:00\" \/>\n<meta property=\"article:modified_time\" content=\"2022-07-25T10:37:09+00:00\" \/>\n<meta property=\"og:image\" content=\"https:\/\/www.werbewoche.ch\/wp-content\/uploads\/2022\/06\/PR_MM_HARO_1_Key.jpg\" \/>\n<meta name=\"author\" content=\"galledia\" \/>\n<meta name=\"twitter:card\" content=\"summary_large_image\" \/>\n<meta name=\"twitter:creator\" content=\"@admin\" \/>\n<script type=\"application\/ld+json\" class=\"yoast-schema-graph\">{\"@context\":\"https:\\\/\\\/schema.org\",\"@graph\":[{\"@type\":\"Article\",\"@id\":\"https:\\\/\\\/www.werbewoche.ch\\\/de\\\/marketing\\\/marken\\\/2022-06-17\\\/schoene-boeden-marke-haro-geschaerft-zusammen-mit-process\\\/#article\",\"isPartOf\":{\"@id\":\"https:\\\/\\\/www.organisator.ch\\\/marketing\\\/2022-06-17\\\/schoene-boeden-marke-haro-geschaerft-zusammen-mit-process\\\/\"},\"author\":{\"name\":\"galledia\",\"@id\":\"https:\\\/\\\/www.organisator.ch\\\/#\\\/schema\\\/person\\\/4e51799071cd2dd1232ac003643ef5f0\"},\"headline\":\"Sch\u00f6ne B\u00f6den: Marke Haro gesch\u00e4rft \u2013\u00a0zusammen mit Process\",\"datePublished\":\"2022-06-17T08:42:32+00:00\",\"dateModified\":\"2022-07-25T10:37:09+00:00\",\"mainEntityOfPage\":{\"@id\":\"https:\\\/\\\/www.organisator.ch\\\/marketing\\\/2022-06-17\\\/schoene-boeden-marke-haro-geschaerft-zusammen-mit-process\\\/\"},\"wordCount\":540,\"publisher\":{\"@id\":\"https:\\\/\\\/www.organisator.ch\\\/#organization\"},\"image\":{\"@id\":\"https:\\\/\\\/www.werbewoche.ch\\\/de\\\/marketing\\\/marken\\\/2022-06-17\\\/schoene-boeden-marke-haro-geschaerft-zusammen-mit-process\\\/#primaryimage\"},\"thumbnailUrl\":\"https:\\\/\\\/www.werbewoche.ch\\\/wp-content\\\/uploads\\\/2022\\\/06\\\/PR_MM_HARO_1_Key.jpg\",\"keywords\":[\"Haro\",\"Process\"],\"articleSection\":[\"MARKETING\"],\"inLanguage\":\"it-IT\"},{\"@type\":\"WebPage\",\"@id\":\"https:\\\/\\\/www.organisator.ch\\\/marketing\\\/2022-06-17\\\/schoene-boeden-marke-haro-geschaerft-zusammen-mit-process\\\/\",\"url\":\"https:\\\/\\\/www.werbewoche.ch\\\/de\\\/marketing\\\/marken\\\/2022-06-17\\\/schoene-boeden-marke-haro-geschaerft-zusammen-mit-process\\\/\",\"name\":\"Sch\u00f6ne B\u00f6den: Marke Haro gesch\u00e4rft \u2013\u00a0zusammen mit Process - Organisator\",\"isPartOf\":{\"@id\":\"https:\\\/\\\/www.organisator.ch\\\/#website\"},\"primaryImageOfPage\":{\"@id\":\"https:\\\/\\\/www.werbewoche.ch\\\/de\\\/marketing\\\/marken\\\/2022-06-17\\\/schoene-boeden-marke-haro-geschaerft-zusammen-mit-process\\\/#primaryimage\"},\"image\":{\"@id\":\"https:\\\/\\\/www.werbewoche.ch\\\/de\\\/marketing\\\/marken\\\/2022-06-17\\\/schoene-boeden-marke-haro-geschaerft-zusammen-mit-process\\\/#primaryimage\"},\"thumbnailUrl\":\"https:\\\/\\\/www.werbewoche.ch\\\/wp-content\\\/uploads\\\/2022\\\/06\\\/PR_MM_HARO_1_Key.jpg\",\"datePublished\":\"2022-06-17T08:42:32+00:00\",\"dateModified\":\"2022-07-25T10:37:09+00:00\",\"description\":\"Hamberger Flooring, europaweit t\u00e4tiger Bodenbelagshersteller, legt mit dem Fokus auf nat\u00fcrlich sch\u00f6ne B\u00f6den den Grundstein f\u00fcr eine umfassende Erneuerung der Marke Haro.\",\"breadcrumb\":{\"@id\":\"https:\\\/\\\/www.werbewoche.ch\\\/de\\\/marketing\\\/marken\\\/2022-06-17\\\/schoene-boeden-marke-haro-geschaerft-zusammen-mit-process\\\/#breadcrumb\"},\"inLanguage\":\"it-IT\",\"potentialAction\":[{\"@type\":\"ReadAction\",\"target\":[\"https:\\\/\\\/www.werbewoche.ch\\\/de\\\/marketing\\\/marken\\\/2022-06-17\\\/schoene-boeden-marke-haro-geschaerft-zusammen-mit-process\\\/\"]}]},{\"@type\":\"ImageObject\",\"inLanguage\":\"it-IT\",\"@id\":\"https:\\\/\\\/www.werbewoche.ch\\\/de\\\/marketing\\\/marken\\\/2022-06-17\\\/schoene-boeden-marke-haro-geschaerft-zusammen-mit-process\\\/#primaryimage\",\"url\":\"https:\\\/\\\/www.werbewoche.ch\\\/wp-content\\\/uploads\\\/2022\\\/06\\\/PR_MM_HARO_1_Key.jpg\",\"contentUrl\":\"https:\\\/\\\/www.werbewoche.ch\\\/wp-content\\\/uploads\\\/2022\\\/06\\\/PR_MM_HARO_1_Key.jpg\"},{\"@type\":\"BreadcrumbList\",\"@id\":\"https:\\\/\\\/www.werbewoche.ch\\\/de\\\/marketing\\\/marken\\\/2022-06-17\\\/schoene-boeden-marke-haro-geschaerft-zusammen-mit-process\\\/#breadcrumb\",\"itemListElement\":[{\"@type\":\"ListItem\",\"position\":1,\"name\":\"Home\",\"item\":\"https:\\\/\\\/www.organisator.ch\\\/\"},{\"@type\":\"ListItem\",\"position\":2,\"name\":\"Sch\u00f6ne B\u00f6den: Marke Haro gesch\u00e4rft \u2013\u00a0zusammen mit Process\"}]},{\"@type\":\"WebSite\",\"@id\":\"https:\\\/\\\/www.organisator.ch\\\/#website\",\"url\":\"https:\\\/\\\/www.organisator.ch\\\/\",\"name\":\"Organisator\",\"description\":\"Kompetent. Praxisnah. Der ORGANISATOR bereitet in 10 Ausgaben pro Jahr die wesentlichen Themen f\u00fcr F\u00fchrungskr\u00e4fte von KMU auf.\",\"publisher\":{\"@id\":\"https:\\\/\\\/www.organisator.ch\\\/#organization\"},\"potentialAction\":[{\"@type\":\"SearchAction\",\"target\":{\"@type\":\"EntryPoint\",\"urlTemplate\":\"https:\\\/\\\/www.organisator.ch\\\/?s={search_term_string}\"},\"query-input\":{\"@type\":\"PropertyValueSpecification\",\"valueRequired\":true,\"valueName\":\"search_term_string\"}}],\"inLanguage\":\"it-IT\"},{\"@type\":\"Organization\",\"@id\":\"https:\\\/\\\/www.organisator.ch\\\/#organization\",\"name\":\"Organisator\",\"url\":\"https:\\\/\\\/www.organisator.ch\\\/\",\"logo\":{\"@type\":\"ImageObject\",\"inLanguage\":\"it-IT\",\"@id\":\"https:\\\/\\\/www.organisator.ch\\\/#\\\/schema\\\/logo\\\/image\\\/\",\"url\":\"https:\\\/\\\/www.organisator.ch\\\/wp-content\\\/uploads\\\/2022\\\/01\\\/Logo_Organisator_Website.png\",\"contentUrl\":\"https:\\\/\\\/www.organisator.ch\\\/wp-content\\\/uploads\\\/2022\\\/01\\\/Logo_Organisator_Website.png\",\"width\":800,\"height\":77,\"caption\":\"Organisator\"},\"image\":{\"@id\":\"https:\\\/\\\/www.organisator.ch\\\/#\\\/schema\\\/logo\\\/image\\\/\"},\"sameAs\":[\"https:\\\/\\\/www.facebook.com\\\/OrganisatorFachmagazin\",\"https:\\\/\\\/www.linkedin.com\\\/showcase\\\/organisator-das-magazin-fr-kmu\",\"https:\\\/\\\/www.xing.com\\\/news\\\/pages\\\/organisator-ch-695\",\"https:\\\/\\\/www.youtube.com\\\/channel\\\/UCGP2Sq0iWaZwT3BdIAQFYpw\"]},{\"@type\":\"Person\",\"@id\":\"https:\\\/\\\/www.organisator.ch\\\/#\\\/schema\\\/person\\\/4e51799071cd2dd1232ac003643ef5f0\",\"name\":\"galledia\",\"image\":{\"@type\":\"ImageObject\",\"inLanguage\":\"it-IT\",\"@id\":\"https:\\\/\\\/secure.gravatar.com\\\/avatar\\\/78a7f90c01fc2bfc875782a0d4922b37cde2cf184ce347b91316d23cd7f69a36?s=96&d=mm&r=g\",\"url\":\"https:\\\/\\\/secure.gravatar.com\\\/avatar\\\/78a7f90c01fc2bfc875782a0d4922b37cde2cf184ce347b91316d23cd7f69a36?s=96&d=mm&r=g\",\"contentUrl\":\"https:\\\/\\\/secure.gravatar.com\\\/avatar\\\/78a7f90c01fc2bfc875782a0d4922b37cde2cf184ce347b91316d23cd7f69a36?s=96&d=mm&r=g\",\"caption\":\"galledia\"},\"sameAs\":[\"https:\\\/\\\/x.com\\\/admin\"],\"url\":\"https:\\\/\\\/www.organisator.ch\\\/it\\\/author\\\/galledia\\\/\"}]}<\/script>\n<!-- \/ Yoast SEO plugin. -->","yoast_head_json":{"title":"Pavimenti belli: marchio Haro affilato - insieme a Process - Organiser","description":"Hamberger Flooring, produttore di pavimenti a livello europeo, getta le basi per un rinnovamento completo del marchio Haro, concentrandosi su pavimenti dalla bellezza naturale.","robots":{"index":"index","follow":"follow","max-snippet":"max-snippet:-1","max-image-preview":"max-image-preview:large","max-video-preview":"max-video-preview:-1"},"canonical":"https:\/\/www.werbewoche.ch\/de\/marketing\/marken\/2022-06-17\/schoene-boeden-marke-haro-geschaerft-zusammen-mit-process\/","og_locale":"it_IT","og_type":"article","og_title":"Sch\u00f6ne B\u00f6den: Marke Haro gesch\u00e4rft \u2013\u00a0zusammen mit Process - Organisator","og_description":"Hamberger Flooring, europaweit t\u00e4tiger Bodenbelagshersteller, legt mit dem Fokus auf nat\u00fcrlich sch\u00f6ne B\u00f6den den Grundstein f\u00fcr eine umfassende Erneuerung der Marke Haro.","og_url":"https:\/\/www.werbewoche.ch\/de\/marketing\/marken\/2022-06-17\/schoene-boeden-marke-haro-geschaerft-zusammen-mit-process\/","og_site_name":"Organisator","article_publisher":"https:\/\/www.facebook.com\/OrganisatorFachmagazin","article_published_time":"2022-06-17T08:42:32+00:00","article_modified_time":"2022-07-25T10:37:09+00:00","og_image":[{"url":"https:\/\/www.werbewoche.ch\/wp-content\/uploads\/2022\/06\/PR_MM_HARO_1_Key.jpg","type":"","width":"","height":""}],"author":"galledia","twitter_card":"summary_large_image","twitter_creator":"@admin","schema":{"@context":"https:\/\/schema.org","@graph":[{"@type":"Article","@id":"https:\/\/www.werbewoche.ch\/de\/marketing\/marken\/2022-06-17\/schoene-boeden-marke-haro-geschaerft-zusammen-mit-process\/#article","isPartOf":{"@id":"https:\/\/www.organisator.ch\/marketing\/2022-06-17\/schoene-boeden-marke-haro-geschaerft-zusammen-mit-process\/"},"author":{"name":"galledia","@id":"https:\/\/www.organisator.ch\/#\/schema\/person\/4e51799071cd2dd1232ac003643ef5f0"},"headline":"Sch\u00f6ne B\u00f6den: Marke Haro gesch\u00e4rft \u2013\u00a0zusammen mit Process","datePublished":"2022-06-17T08:42:32+00:00","dateModified":"2022-07-25T10:37:09+00:00","mainEntityOfPage":{"@id":"https:\/\/www.organisator.ch\/marketing\/2022-06-17\/schoene-boeden-marke-haro-geschaerft-zusammen-mit-process\/"},"wordCount":540,"publisher":{"@id":"https:\/\/www.organisator.ch\/#organization"},"image":{"@id":"https:\/\/www.werbewoche.ch\/de\/marketing\/marken\/2022-06-17\/schoene-boeden-marke-haro-geschaerft-zusammen-mit-process\/#primaryimage"},"thumbnailUrl":"https:\/\/www.werbewoche.ch\/wp-content\/uploads\/2022\/06\/PR_MM_HARO_1_Key.jpg","keywords":["Haro","Process"],"articleSection":["MARKETING"],"inLanguage":"it-IT"},{"@type":"WebPage","@id":"https:\/\/www.organisator.ch\/marketing\/2022-06-17\/schoene-boeden-marke-haro-geschaerft-zusammen-mit-process\/","url":"https:\/\/www.werbewoche.ch\/de\/marketing\/marken\/2022-06-17\/schoene-boeden-marke-haro-geschaerft-zusammen-mit-process\/","name":"Pavimenti belli: marchio Haro affilato - insieme a Process - Organiser","isPartOf":{"@id":"https:\/\/www.organisator.ch\/#website"},"primaryImageOfPage":{"@id":"https:\/\/www.werbewoche.ch\/de\/marketing\/marken\/2022-06-17\/schoene-boeden-marke-haro-geschaerft-zusammen-mit-process\/#primaryimage"},"image":{"@id":"https:\/\/www.werbewoche.ch\/de\/marketing\/marken\/2022-06-17\/schoene-boeden-marke-haro-geschaerft-zusammen-mit-process\/#primaryimage"},"thumbnailUrl":"https:\/\/www.werbewoche.ch\/wp-content\/uploads\/2022\/06\/PR_MM_HARO_1_Key.jpg","datePublished":"2022-06-17T08:42:32+00:00","dateModified":"2022-07-25T10:37:09+00:00","description":"Hamberger Flooring, produttore di pavimenti a livello europeo, getta le basi per un rinnovamento completo del marchio Haro, concentrandosi su pavimenti dalla bellezza naturale.","breadcrumb":{"@id":"https:\/\/www.werbewoche.ch\/de\/marketing\/marken\/2022-06-17\/schoene-boeden-marke-haro-geschaerft-zusammen-mit-process\/#breadcrumb"},"inLanguage":"it-IT","potentialAction":[{"@type":"ReadAction","target":["https:\/\/www.werbewoche.ch\/de\/marketing\/marken\/2022-06-17\/schoene-boeden-marke-haro-geschaerft-zusammen-mit-process\/"]}]},{"@type":"ImageObject","inLanguage":"it-IT","@id":"https:\/\/www.werbewoche.ch\/de\/marketing\/marken\/2022-06-17\/schoene-boeden-marke-haro-geschaerft-zusammen-mit-process\/#primaryimage","url":"https:\/\/www.werbewoche.ch\/wp-content\/uploads\/2022\/06\/PR_MM_HARO_1_Key.jpg","contentUrl":"https:\/\/www.werbewoche.ch\/wp-content\/uploads\/2022\/06\/PR_MM_HARO_1_Key.jpg"},{"@type":"BreadcrumbList","@id":"https:\/\/www.werbewoche.ch\/de\/marketing\/marken\/2022-06-17\/schoene-boeden-marke-haro-geschaerft-zusammen-mit-process\/#breadcrumb","itemListElement":[{"@type":"ListItem","position":1,"name":"Home","item":"https:\/\/www.organisator.ch\/"},{"@type":"ListItem","position":2,"name":"Sch\u00f6ne B\u00f6den: Marke Haro gesch\u00e4rft \u2013\u00a0zusammen mit Process"}]},{"@type":"WebSite","@id":"https:\/\/www.organisator.ch\/#website","url":"https:\/\/www.organisator.ch\/","name":"Organizzatore","description":"Competente. Pratico. In 10 numeri all'anno, ORGANISATOR presenta i temi essenziali per i manager delle PMI.","publisher":{"@id":"https:\/\/www.organisator.ch\/#organization"},"potentialAction":[{"@type":"SearchAction","target":{"@type":"EntryPoint","urlTemplate":"https:\/\/www.organisator.ch\/?s={search_term_string}"},"query-input":{"@type":"PropertyValueSpecification","valueRequired":true,"valueName":"search_term_string"}}],"inLanguage":"it-IT"},{"@type":"Organization","@id":"https:\/\/www.organisator.ch\/#organization","name":"Organizzatore","url":"https:\/\/www.organisator.ch\/","logo":{"@type":"ImageObject","inLanguage":"it-IT","@id":"https:\/\/www.organisator.ch\/#\/schema\/logo\/image\/","url":"https:\/\/www.organisator.ch\/wp-content\/uploads\/2022\/01\/Logo_Organisator_Website.png","contentUrl":"https:\/\/www.organisator.ch\/wp-content\/uploads\/2022\/01\/Logo_Organisator_Website.png","width":800,"height":77,"caption":"Organisator"},"image":{"@id":"https:\/\/www.organisator.ch\/#\/schema\/logo\/image\/"},"sameAs":["https:\/\/www.facebook.com\/OrganisatorFachmagazin","https:\/\/www.linkedin.com\/showcase\/organisator-das-magazin-fr-kmu","https:\/\/www.xing.com\/news\/pages\/organisator-ch-695","https:\/\/www.youtube.com\/channel\/UCGP2Sq0iWaZwT3BdIAQFYpw"]},{"@type":"Person","@id":"https:\/\/www.organisator.ch\/#\/schema\/person\/4e51799071cd2dd1232ac003643ef5f0","name":"galledia","image":{"@type":"ImageObject","inLanguage":"it-IT","@id":"https:\/\/secure.gravatar.com\/avatar\/78a7f90c01fc2bfc875782a0d4922b37cde2cf184ce347b91316d23cd7f69a36?s=96&d=mm&r=g","url":"https:\/\/secure.gravatar.com\/avatar\/78a7f90c01fc2bfc875782a0d4922b37cde2cf184ce347b91316d23cd7f69a36?s=96&d=mm&r=g","contentUrl":"https:\/\/secure.gravatar.com\/avatar\/78a7f90c01fc2bfc875782a0d4922b37cde2cf184ce347b91316d23cd7f69a36?s=96&d=mm&r=g","caption":"galledia"},"sameAs":["https:\/\/x.com\/admin"],"url":"https:\/\/www.organisator.ch\/it\/author\/galledia\/"}]}},"_links":{"self":[{"href":"https:\/\/www.organisator.ch\/it\/wp-json\/wp\/v2\/posts\/15295","targetHints":{"allow":["GET"]}}],"collection":[{"href":"https:\/\/www.organisator.ch\/it\/wp-json\/wp\/v2\/posts"}],"about":[{"href":"https:\/\/www.organisator.ch\/it\/wp-json\/wp\/v2\/types\/post"}],"author":[{"embeddable":true,"href":"https:\/\/www.organisator.ch\/it\/wp-json\/wp\/v2\/users\/8"}],"replies":[{"embeddable":true,"href":"https:\/\/www.organisator.ch\/it\/wp-json\/wp\/v2\/comments?post=15295"}],"version-history":[{"count":2,"href":"https:\/\/www.organisator.ch\/it\/wp-json\/wp\/v2\/posts\/15295\/revisions"}],"predecessor-version":[{"id":15804,"href":"https:\/\/www.organisator.ch\/it\/wp-json\/wp\/v2\/posts\/15295\/revisions\/15804"}],"wp:attachment":[{"href":"https:\/\/www.organisator.ch\/it\/wp-json\/wp\/v2\/media?parent=15295"}],"wp:term":[{"taxonomy":"category","embeddable":true,"href":"https:\/\/www.organisator.ch\/it\/wp-json\/wp\/v2\/categories?post=15295"},{"taxonomy":"post_tag","embeddable":true,"href":"https:\/\/www.organisator.ch\/it\/wp-json\/wp\/v2\/tags?post=15295"}],"curies":[{"name":"wp","href":"https:\/\/api.w.org\/{rel}","templated":true}]}}