{"id":15383,"date":"2022-06-21T01:02:39","date_gmt":"2022-06-20T23:02:39","guid":{"rendered":"https:\/\/www.organisator.ch\/?p=15383"},"modified":"2022-06-20T21:13:46","modified_gmt":"2022-06-20T19:13:46","slug":"auch-buexi-am-unternehmertag-2022-in-vaduz","status":"publish","type":"post","link":"https:\/\/www.organisator.ch\/it\/management\/2022-06-21\/auch-buexi-am-unternehmertag-2022-in-vaduz\/","title":{"rendered":"B\u00fcxi\" anche all'Entrepreneur Day 2022 di Vaduz"},"content":{"rendered":"<figure id=\"attachment_14514\" aria-describedby=\"caption-attachment-14514\" style=\"width: 680px\" class=\"wp-caption alignnone\"><img loading=\"lazy\" decoding=\"async\" class=\"size-full wp-image-14514\" src=\"https:\/\/www.organisator.ch\/wp-content\/uploads\/2022\/06\/Unternehmertag-mit-Joe-Kaeser-und-Monisha-Kaltenborn_Organisator.jpg\" alt=\"\" width=\"680\" height=\"501\" srcset=\"https:\/\/www.organisator.ch\/wp-content\/uploads\/2022\/06\/Unternehmertag-mit-Joe-Kaeser-und-Monisha-Kaltenborn_Organisator.jpg 680w, https:\/\/www.organisator.ch\/wp-content\/uploads\/2022\/06\/Unternehmertag-mit-Joe-Kaeser-und-Monisha-Kaltenborn_Organisator-16x12.jpg 16w, https:\/\/www.organisator.ch\/wp-content\/uploads\/2022\/06\/Unternehmertag-mit-Joe-Kaeser-und-Monisha-Kaltenborn_Organisator-238x175.jpg 238w, https:\/\/www.organisator.ch\/wp-content\/uploads\/2022\/06\/Unternehmertag-mit-Joe-Kaeser-und-Monisha-Kaltenborn_Organisator-475x350.jpg 475w, https:\/\/www.organisator.ch\/wp-content\/uploads\/2022\/06\/Unternehmertag-mit-Joe-Kaeser-und-Monisha-Kaltenborn_Organisator-300x221.jpg 300w\" sizes=\"auto, (max-width: 680px) 100vw, 680px\" \/><figcaption id=\"caption-attachment-14514\" class=\"wp-caption-text\">Sabine Monauni, Joe Kaeser, Peter Bofinger, Monisha Kaltenborn, Markus Kaiser e Monisha Kaltenborn partecipano all'Entrepreneur Day di Vaduz. L'ex corridore di sci Marco \"B\u00fcxi\" B\u00fcchel \u00e8 un altro relatore (non nella foto). (Immagine: zVg)<\/figcaption><\/figure>\n<p>Il <a href=\"https:\/\/www.organisator.ch\/de\/management\/2022-06-13\/unternehmertag-mit-joe-kaeser-und-monisha-kaltenborn\/\">Giornata dell'imprenditore il 6 luglio<\/a> \u00e8 dedicato all'attuale tema del \"Leading in Instability\". Tra i partecipanti alla pi\u00f9 grande conferenza sull'imprenditorialit\u00e0 del Principato del Liechtenstein figurano Joe Kaeser, uno dei manager pi\u00f9 noti d'Europa e attuale capo del consiglio di sorveglianza di Siemens Energy, la top manager Monisha Kaltenborn (Racing Unleashed), l'economista Peter Bofinger, il ministro dell'Economia del Liechtenstein Sabine Monauni, le due personalit\u00e0 imprenditoriali Katharina Lehmann e Markus Kaiser e la moderatrice Mona Vetsch.<\/p>\n<h3>Marco \"B\u00fcxi\" B\u00fcchel come oratore di chiusura<\/h3>\n<p>\u00c8 stato ingaggiato uno speciale relatore di chiusura sul tema \"Leading in Instability\". L'ex corridore di sci Marco B\u00fcchel parteciper\u00e0 al 17\u00b0 Entrepreneur Day e dedicher\u00e0 il suo intervento al tema \"Alzati, raddrizza la tua corona, vai avanti\". In 20 anni di carriera, \"B\u00fcxi\" ha ottenuto quattro vittorie in Coppa del Mondo, 18 podi in Coppa del Mondo e ha vinto la medaglia d'argento in Coppa del Mondo nello slalom gigante di Vail nel 1999. Dal suo ritiro dallo sport di alto livello, B\u00fcchel si \u00e8 fatto strada nel mondo della comunicazione e dei media, tra l'altro come esperto di sci per la televisione tedesca ZDF. \u00c8 anche allenatore di atleti che stanno per raggiungere la vetta del mondo.<\/p>\n<p><em>Info e biglietti su <a href=\"http:\/\/www.unternehmertag.li\">www.unternehmertag.li<\/a><\/em><\/p>","protected":false},"excerpt":{"rendered":"<p>Der Unternehmertag am 6. Juli widmet sich dem aktuellen Thema \u00abF\u00fchren in der Instabilit\u00e4t\u00bb. An der gr\u00f6ssten Konferenz f\u00fcr Unternehmertum in der Region F\u00fcrstentum Liechtenstein treten unter anderem Joe Kaeser, einer der bekanntesten Manager Europas und heutiger Aufsichtsratschef Siemens Energy, Top-Managerin Monisha Kaltenborn (Racing Unleashed), \u00d6konom Peter Bofinger, Liechtensteins Wirtschaftsministerin Sabine Monauni, die beiden Unternehmerpers\u00f6nlichkeiten [&hellip;]<\/p>\n","protected":false},"author":4,"featured_media":14514,"comment_status":"closed","ping_status":"closed","sticky":false,"template":"","format":"standard","meta":{"_acf_changed":false,"_yoast_wpseo_focuskw":"B\u00fcxi","_yoast_wpseo_metadesc":"","articlekey":"","footnotes":""},"categories":[28],"tags":[193,335,492],"class_list":["post-15383","post","type-post","status-publish","format-standard","has-post-thumbnail","hentry","category-management","tag-fachkongressfachmesse","tag-management-und-unternehmensfuehrung","tag-unternehmen"],"acf":[],"yoast_head":"<!-- This site is optimized with the Yoast SEO plugin v27.4 - https:\/\/yoast.com\/product\/yoast-seo-wordpress\/ -->\n<title>Auch &quot;B\u00fcxi&quot; am Unternehmertag 2022 in Vaduz - Organisator<\/title>\n<meta name=\"robots\" content=\"index, follow, max-snippet:-1, max-image-preview:large, max-video-preview:-1\" \/>\n<link rel=\"canonical\" href=\"https:\/\/www.organisator.ch\/it\/gestione-2\/2022-06-21\/auch-buexi-am-unternehmertag-2022-in-vaduz\/\" \/>\n<meta property=\"og:locale\" content=\"it_IT\" \/>\n<meta property=\"og:type\" content=\"article\" \/>\n<meta property=\"og:title\" content=\"Auch &quot;B\u00fcxi&quot; am Unternehmertag 2022 in Vaduz - Organisator\" \/>\n<meta property=\"og:description\" content=\"Der Unternehmertag am 6. Juli widmet sich dem aktuellen Thema \u00abF\u00fchren in der Instabilit\u00e4t\u00bb. An der gr\u00f6ssten Konferenz f\u00fcr Unternehmertum in der Region F\u00fcrstentum Liechtenstein treten unter anderem Joe Kaeser, einer der bekanntesten Manager Europas und heutiger Aufsichtsratschef Siemens Energy, Top-Managerin Monisha Kaltenborn (Racing Unleashed), \u00d6konom Peter Bofinger, Liechtensteins Wirtschaftsministerin Sabine Monauni, die beiden Unternehmerpers\u00f6nlichkeiten [&hellip;]\" \/>\n<meta property=\"og:url\" content=\"https:\/\/www.organisator.ch\/it\/gestione-2\/2022-06-21\/auch-buexi-am-unternehmertag-2022-in-vaduz\/\" \/>\n<meta property=\"og:site_name\" content=\"Organisator\" \/>\n<meta property=\"article:publisher\" content=\"https:\/\/www.facebook.com\/OrganisatorFachmagazin\" \/>\n<meta property=\"article:published_time\" content=\"2022-06-20T23:02:39+00:00\" \/>\n<meta property=\"og:image\" content=\"https:\/\/www.organisator.ch\/wp-content\/uploads\/2022\/06\/Unternehmertag-mit-Joe-Kaeser-und-Monisha-Kaltenborn_Organisator.jpg\" \/>\n\t<meta property=\"og:image:width\" content=\"680\" \/>\n\t<meta property=\"og:image:height\" content=\"501\" \/>\n\t<meta property=\"og:image:type\" content=\"image\/jpeg\" \/>\n<meta name=\"author\" content=\"thomas.berner\" \/>\n<meta name=\"twitter:card\" content=\"summary_large_image\" \/>\n<script type=\"application\/ld+json\" class=\"yoast-schema-graph\">{\"@context\":\"https:\\\/\\\/schema.org\",\"@graph\":[{\"@type\":\"Article\",\"@id\":\"https:\\\/\\\/www.organisator.ch\\\/management\\\/2022-06-21\\\/auch-buexi-am-unternehmertag-2022-in-vaduz\\\/#article\",\"isPartOf\":{\"@id\":\"https:\\\/\\\/www.organisator.ch\\\/management\\\/2022-06-21\\\/auch-buexi-am-unternehmertag-2022-in-vaduz\\\/\"},\"author\":{\"name\":\"thomas.berner\",\"@id\":\"https:\\\/\\\/www.organisator.ch\\\/#\\\/schema\\\/person\\\/6f650f90b2842cd4c0cc334b4e36f67e\"},\"headline\":\"Auch &#8222;B\u00fcxi&#8220; am Unternehmertag 2022 in Vaduz\",\"datePublished\":\"2022-06-20T23:02:39+00:00\",\"mainEntityOfPage\":{\"@id\":\"https:\\\/\\\/www.organisator.ch\\\/management\\\/2022-06-21\\\/auch-buexi-am-unternehmertag-2022-in-vaduz\\\/\"},\"wordCount\":222,\"publisher\":{\"@id\":\"https:\\\/\\\/www.organisator.ch\\\/#organization\"},\"image\":{\"@id\":\"https:\\\/\\\/www.organisator.ch\\\/management\\\/2022-06-21\\\/auch-buexi-am-unternehmertag-2022-in-vaduz\\\/#primaryimage\"},\"thumbnailUrl\":\"https:\\\/\\\/www.organisator.ch\\\/wp-content\\\/uploads\\\/2022\\\/06\\\/Unternehmertag-mit-Joe-Kaeser-und-Monisha-Kaltenborn_Organisator.jpg\",\"keywords\":[\"Fachkongress\\\/Fachmesse\",\"Management und Unternehmensf\u00fchrung\",\"Unternehmen\"],\"articleSection\":[\"MANAGEMENT\"],\"inLanguage\":\"it-IT\"},{\"@type\":\"WebPage\",\"@id\":\"https:\\\/\\\/www.organisator.ch\\\/management\\\/2022-06-21\\\/auch-buexi-am-unternehmertag-2022-in-vaduz\\\/\",\"url\":\"https:\\\/\\\/www.organisator.ch\\\/management\\\/2022-06-21\\\/auch-buexi-am-unternehmertag-2022-in-vaduz\\\/\",\"name\":\"Auch \\\"B\u00fcxi\\\" am Unternehmertag 2022 in Vaduz - Organisator\",\"isPartOf\":{\"@id\":\"https:\\\/\\\/www.organisator.ch\\\/#website\"},\"primaryImageOfPage\":{\"@id\":\"https:\\\/\\\/www.organisator.ch\\\/management\\\/2022-06-21\\\/auch-buexi-am-unternehmertag-2022-in-vaduz\\\/#primaryimage\"},\"image\":{\"@id\":\"https:\\\/\\\/www.organisator.ch\\\/management\\\/2022-06-21\\\/auch-buexi-am-unternehmertag-2022-in-vaduz\\\/#primaryimage\"},\"thumbnailUrl\":\"https:\\\/\\\/www.organisator.ch\\\/wp-content\\\/uploads\\\/2022\\\/06\\\/Unternehmertag-mit-Joe-Kaeser-und-Monisha-Kaltenborn_Organisator.jpg\",\"datePublished\":\"2022-06-20T23:02:39+00:00\",\"breadcrumb\":{\"@id\":\"https:\\\/\\\/www.organisator.ch\\\/management\\\/2022-06-21\\\/auch-buexi-am-unternehmertag-2022-in-vaduz\\\/#breadcrumb\"},\"inLanguage\":\"it-IT\",\"potentialAction\":[{\"@type\":\"ReadAction\",\"target\":[\"https:\\\/\\\/www.organisator.ch\\\/management\\\/2022-06-21\\\/auch-buexi-am-unternehmertag-2022-in-vaduz\\\/\"]}]},{\"@type\":\"ImageObject\",\"inLanguage\":\"it-IT\",\"@id\":\"https:\\\/\\\/www.organisator.ch\\\/management\\\/2022-06-21\\\/auch-buexi-am-unternehmertag-2022-in-vaduz\\\/#primaryimage\",\"url\":\"https:\\\/\\\/www.organisator.ch\\\/wp-content\\\/uploads\\\/2022\\\/06\\\/Unternehmertag-mit-Joe-Kaeser-und-Monisha-Kaltenborn_Organisator.jpg\",\"contentUrl\":\"https:\\\/\\\/www.organisator.ch\\\/wp-content\\\/uploads\\\/2022\\\/06\\\/Unternehmertag-mit-Joe-Kaeser-und-Monisha-Kaltenborn_Organisator.jpg\",\"width\":680,\"height\":501,\"caption\":\"Sabine Monauni, Joe Kaeser, Peter Bofinger, Monisha Kaltenborn, Markus Kaiser und Monisha Kaltenborn treten am Unternehmertag in Vaduz auf. (Bild: zVg)\"},{\"@type\":\"BreadcrumbList\",\"@id\":\"https:\\\/\\\/www.organisator.ch\\\/management\\\/2022-06-21\\\/auch-buexi-am-unternehmertag-2022-in-vaduz\\\/#breadcrumb\",\"itemListElement\":[{\"@type\":\"ListItem\",\"position\":1,\"name\":\"Home\",\"item\":\"https:\\\/\\\/www.organisator.ch\\\/\"},{\"@type\":\"ListItem\",\"position\":2,\"name\":\"Auch &#8222;B\u00fcxi&#8220; am Unternehmertag 2022 in Vaduz\"}]},{\"@type\":\"WebSite\",\"@id\":\"https:\\\/\\\/www.organisator.ch\\\/#website\",\"url\":\"https:\\\/\\\/www.organisator.ch\\\/\",\"name\":\"Organisator\",\"description\":\"Kompetent. Praxisnah. Der ORGANISATOR bereitet in 10 Ausgaben pro Jahr die wesentlichen Themen f\u00fcr F\u00fchrungskr\u00e4fte von KMU auf.\",\"publisher\":{\"@id\":\"https:\\\/\\\/www.organisator.ch\\\/#organization\"},\"potentialAction\":[{\"@type\":\"SearchAction\",\"target\":{\"@type\":\"EntryPoint\",\"urlTemplate\":\"https:\\\/\\\/www.organisator.ch\\\/?s={search_term_string}\"},\"query-input\":{\"@type\":\"PropertyValueSpecification\",\"valueRequired\":true,\"valueName\":\"search_term_string\"}}],\"inLanguage\":\"it-IT\"},{\"@type\":\"Organization\",\"@id\":\"https:\\\/\\\/www.organisator.ch\\\/#organization\",\"name\":\"Organisator\",\"url\":\"https:\\\/\\\/www.organisator.ch\\\/\",\"logo\":{\"@type\":\"ImageObject\",\"inLanguage\":\"it-IT\",\"@id\":\"https:\\\/\\\/www.organisator.ch\\\/#\\\/schema\\\/logo\\\/image\\\/\",\"url\":\"https:\\\/\\\/www.organisator.ch\\\/wp-content\\\/uploads\\\/2022\\\/01\\\/Logo_Organisator_Website.png\",\"contentUrl\":\"https:\\\/\\\/www.organisator.ch\\\/wp-content\\\/uploads\\\/2022\\\/01\\\/Logo_Organisator_Website.png\",\"width\":800,\"height\":77,\"caption\":\"Organisator\"},\"image\":{\"@id\":\"https:\\\/\\\/www.organisator.ch\\\/#\\\/schema\\\/logo\\\/image\\\/\"},\"sameAs\":[\"https:\\\/\\\/www.facebook.com\\\/OrganisatorFachmagazin\",\"https:\\\/\\\/www.linkedin.com\\\/showcase\\\/organisator-das-magazin-fr-kmu\",\"https:\\\/\\\/www.xing.com\\\/news\\\/pages\\\/organisator-ch-695\",\"https:\\\/\\\/www.youtube.com\\\/channel\\\/UCGP2Sq0iWaZwT3BdIAQFYpw\"]},{\"@type\":\"Person\",\"@id\":\"https:\\\/\\\/www.organisator.ch\\\/#\\\/schema\\\/person\\\/6f650f90b2842cd4c0cc334b4e36f67e\",\"name\":\"thomas.berner\",\"image\":{\"@type\":\"ImageObject\",\"inLanguage\":\"it-IT\",\"@id\":\"https:\\\/\\\/secure.gravatar.com\\\/avatar\\\/ac5001d2a36cb6c6cd3e50789007ffca834b477b74a2144564522e944eabff61?s=96&d=mm&r=g\",\"url\":\"https:\\\/\\\/secure.gravatar.com\\\/avatar\\\/ac5001d2a36cb6c6cd3e50789007ffca834b477b74a2144564522e944eabff61?s=96&d=mm&r=g\",\"contentUrl\":\"https:\\\/\\\/secure.gravatar.com\\\/avatar\\\/ac5001d2a36cb6c6cd3e50789007ffca834b477b74a2144564522e944eabff61?s=96&d=mm&r=g\",\"caption\":\"thomas.berner\"},\"url\":\"https:\\\/\\\/www.organisator.ch\\\/it\\\/author\\\/thomas-berner\\\/\"}]}<\/script>\n<!-- \/ Yoast SEO plugin. -->","yoast_head_json":{"title":"B\u00fcxi\" anche all'Entrepreneur Day 2022 di Vaduz - Organizzatore","robots":{"index":"index","follow":"follow","max-snippet":"max-snippet:-1","max-image-preview":"max-image-preview:large","max-video-preview":"max-video-preview:-1"},"canonical":"https:\/\/www.organisator.ch\/it\/gestione-2\/2022-06-21\/auch-buexi-am-unternehmertag-2022-in-vaduz\/","og_locale":"it_IT","og_type":"article","og_title":"Auch \"B\u00fcxi\" am Unternehmertag 2022 in Vaduz - Organisator","og_description":"Der Unternehmertag am 6. Juli widmet sich dem aktuellen Thema \u00abF\u00fchren in der Instabilit\u00e4t\u00bb. An der gr\u00f6ssten Konferenz f\u00fcr Unternehmertum in der Region F\u00fcrstentum Liechtenstein treten unter anderem Joe Kaeser, einer der bekanntesten Manager Europas und heutiger Aufsichtsratschef Siemens Energy, Top-Managerin Monisha Kaltenborn (Racing Unleashed), \u00d6konom Peter Bofinger, Liechtensteins Wirtschaftsministerin Sabine Monauni, die beiden Unternehmerpers\u00f6nlichkeiten [&hellip;]","og_url":"https:\/\/www.organisator.ch\/it\/gestione-2\/2022-06-21\/auch-buexi-am-unternehmertag-2022-in-vaduz\/","og_site_name":"Organisator","article_publisher":"https:\/\/www.facebook.com\/OrganisatorFachmagazin","article_published_time":"2022-06-20T23:02:39+00:00","og_image":[{"width":680,"height":501,"url":"https:\/\/www.organisator.ch\/wp-content\/uploads\/2022\/06\/Unternehmertag-mit-Joe-Kaeser-und-Monisha-Kaltenborn_Organisator.jpg","type":"image\/jpeg"}],"author":"thomas.berner","twitter_card":"summary_large_image","schema":{"@context":"https:\/\/schema.org","@graph":[{"@type":"Article","@id":"https:\/\/www.organisator.ch\/management\/2022-06-21\/auch-buexi-am-unternehmertag-2022-in-vaduz\/#article","isPartOf":{"@id":"https:\/\/www.organisator.ch\/management\/2022-06-21\/auch-buexi-am-unternehmertag-2022-in-vaduz\/"},"author":{"name":"thomas.berner","@id":"https:\/\/www.organisator.ch\/#\/schema\/person\/6f650f90b2842cd4c0cc334b4e36f67e"},"headline":"Auch &#8222;B\u00fcxi&#8220; am Unternehmertag 2022 in Vaduz","datePublished":"2022-06-20T23:02:39+00:00","mainEntityOfPage":{"@id":"https:\/\/www.organisator.ch\/management\/2022-06-21\/auch-buexi-am-unternehmertag-2022-in-vaduz\/"},"wordCount":222,"publisher":{"@id":"https:\/\/www.organisator.ch\/#organization"},"image":{"@id":"https:\/\/www.organisator.ch\/management\/2022-06-21\/auch-buexi-am-unternehmertag-2022-in-vaduz\/#primaryimage"},"thumbnailUrl":"https:\/\/www.organisator.ch\/wp-content\/uploads\/2022\/06\/Unternehmertag-mit-Joe-Kaeser-und-Monisha-Kaltenborn_Organisator.jpg","keywords":["Fachkongress\/Fachmesse","Management und Unternehmensf\u00fchrung","Unternehmen"],"articleSection":["MANAGEMENT"],"inLanguage":"it-IT"},{"@type":"WebPage","@id":"https:\/\/www.organisator.ch\/management\/2022-06-21\/auch-buexi-am-unternehmertag-2022-in-vaduz\/","url":"https:\/\/www.organisator.ch\/management\/2022-06-21\/auch-buexi-am-unternehmertag-2022-in-vaduz\/","name":"B\u00fcxi\" anche all'Entrepreneur Day 2022 di Vaduz - Organizzatore","isPartOf":{"@id":"https:\/\/www.organisator.ch\/#website"},"primaryImageOfPage":{"@id":"https:\/\/www.organisator.ch\/management\/2022-06-21\/auch-buexi-am-unternehmertag-2022-in-vaduz\/#primaryimage"},"image":{"@id":"https:\/\/www.organisator.ch\/management\/2022-06-21\/auch-buexi-am-unternehmertag-2022-in-vaduz\/#primaryimage"},"thumbnailUrl":"https:\/\/www.organisator.ch\/wp-content\/uploads\/2022\/06\/Unternehmertag-mit-Joe-Kaeser-und-Monisha-Kaltenborn_Organisator.jpg","datePublished":"2022-06-20T23:02:39+00:00","breadcrumb":{"@id":"https:\/\/www.organisator.ch\/management\/2022-06-21\/auch-buexi-am-unternehmertag-2022-in-vaduz\/#breadcrumb"},"inLanguage":"it-IT","potentialAction":[{"@type":"ReadAction","target":["https:\/\/www.organisator.ch\/management\/2022-06-21\/auch-buexi-am-unternehmertag-2022-in-vaduz\/"]}]},{"@type":"ImageObject","inLanguage":"it-IT","@id":"https:\/\/www.organisator.ch\/management\/2022-06-21\/auch-buexi-am-unternehmertag-2022-in-vaduz\/#primaryimage","url":"https:\/\/www.organisator.ch\/wp-content\/uploads\/2022\/06\/Unternehmertag-mit-Joe-Kaeser-und-Monisha-Kaltenborn_Organisator.jpg","contentUrl":"https:\/\/www.organisator.ch\/wp-content\/uploads\/2022\/06\/Unternehmertag-mit-Joe-Kaeser-und-Monisha-Kaltenborn_Organisator.jpg","width":680,"height":501,"caption":"Sabine Monauni, Joe Kaeser, Peter Bofinger, Monisha Kaltenborn, Markus Kaiser und Monisha Kaltenborn treten am Unternehmertag in Vaduz auf. (Bild: zVg)"},{"@type":"BreadcrumbList","@id":"https:\/\/www.organisator.ch\/management\/2022-06-21\/auch-buexi-am-unternehmertag-2022-in-vaduz\/#breadcrumb","itemListElement":[{"@type":"ListItem","position":1,"name":"Home","item":"https:\/\/www.organisator.ch\/"},{"@type":"ListItem","position":2,"name":"Auch &#8222;B\u00fcxi&#8220; am Unternehmertag 2022 in Vaduz"}]},{"@type":"WebSite","@id":"https:\/\/www.organisator.ch\/#website","url":"https:\/\/www.organisator.ch\/","name":"Organizzatore","description":"Competente. Pratico. In 10 numeri all'anno, ORGANISATOR presenta i temi essenziali per i manager delle PMI.","publisher":{"@id":"https:\/\/www.organisator.ch\/#organization"},"potentialAction":[{"@type":"SearchAction","target":{"@type":"EntryPoint","urlTemplate":"https:\/\/www.organisator.ch\/?s={search_term_string}"},"query-input":{"@type":"PropertyValueSpecification","valueRequired":true,"valueName":"search_term_string"}}],"inLanguage":"it-IT"},{"@type":"Organization","@id":"https:\/\/www.organisator.ch\/#organization","name":"Organizzatore","url":"https:\/\/www.organisator.ch\/","logo":{"@type":"ImageObject","inLanguage":"it-IT","@id":"https:\/\/www.organisator.ch\/#\/schema\/logo\/image\/","url":"https:\/\/www.organisator.ch\/wp-content\/uploads\/2022\/01\/Logo_Organisator_Website.png","contentUrl":"https:\/\/www.organisator.ch\/wp-content\/uploads\/2022\/01\/Logo_Organisator_Website.png","width":800,"height":77,"caption":"Organisator"},"image":{"@id":"https:\/\/www.organisator.ch\/#\/schema\/logo\/image\/"},"sameAs":["https:\/\/www.facebook.com\/OrganisatorFachmagazin","https:\/\/www.linkedin.com\/showcase\/organisator-das-magazin-fr-kmu","https:\/\/www.xing.com\/news\/pages\/organisator-ch-695","https:\/\/www.youtube.com\/channel\/UCGP2Sq0iWaZwT3BdIAQFYpw"]},{"@type":"Person","@id":"https:\/\/www.organisator.ch\/#\/schema\/person\/6f650f90b2842cd4c0cc334b4e36f67e","name":"Tommaso.berner","image":{"@type":"ImageObject","inLanguage":"it-IT","@id":"https:\/\/secure.gravatar.com\/avatar\/ac5001d2a36cb6c6cd3e50789007ffca834b477b74a2144564522e944eabff61?s=96&d=mm&r=g","url":"https:\/\/secure.gravatar.com\/avatar\/ac5001d2a36cb6c6cd3e50789007ffca834b477b74a2144564522e944eabff61?s=96&d=mm&r=g","contentUrl":"https:\/\/secure.gravatar.com\/avatar\/ac5001d2a36cb6c6cd3e50789007ffca834b477b74a2144564522e944eabff61?s=96&d=mm&r=g","caption":"thomas.berner"},"url":"https:\/\/www.organisator.ch\/it\/author\/thomas-berner\/"}]}},"_links":{"self":[{"href":"https:\/\/www.organisator.ch\/it\/wp-json\/wp\/v2\/posts\/15383","targetHints":{"allow":["GET"]}}],"collection":[{"href":"https:\/\/www.organisator.ch\/it\/wp-json\/wp\/v2\/posts"}],"about":[{"href":"https:\/\/www.organisator.ch\/it\/wp-json\/wp\/v2\/types\/post"}],"author":[{"embeddable":true,"href":"https:\/\/www.organisator.ch\/it\/wp-json\/wp\/v2\/users\/4"}],"replies":[{"embeddable":true,"href":"https:\/\/www.organisator.ch\/it\/wp-json\/wp\/v2\/comments?post=15383"}],"version-history":[{"count":1,"href":"https:\/\/www.organisator.ch\/it\/wp-json\/wp\/v2\/posts\/15383\/revisions"}],"predecessor-version":[{"id":15384,"href":"https:\/\/www.organisator.ch\/it\/wp-json\/wp\/v2\/posts\/15383\/revisions\/15384"}],"wp:featuredmedia":[{"embeddable":true,"href":"https:\/\/www.organisator.ch\/it\/wp-json\/wp\/v2\/media\/14514"}],"wp:attachment":[{"href":"https:\/\/www.organisator.ch\/it\/wp-json\/wp\/v2\/media?parent=15383"}],"wp:term":[{"taxonomy":"category","embeddable":true,"href":"https:\/\/www.organisator.ch\/it\/wp-json\/wp\/v2\/categories?post=15383"},{"taxonomy":"post_tag","embeddable":true,"href":"https:\/\/www.organisator.ch\/it\/wp-json\/wp\/v2\/tags?post=15383"}],"curies":[{"name":"wp","href":"https:\/\/api.w.org\/{rel}","templated":true}]}}