{"id":15404,"date":"2022-06-22T09:41:21","date_gmt":"2022-06-22T07:41:21","guid":{"rendered":"https:\/\/www.organisator.ch\/?p=15404"},"modified":"2022-06-22T09:41:21","modified_gmt":"2022-06-22T07:41:21","slug":"firmenjubilaeum-august-manser-ag-wird-50-jaehrig","status":"publish","type":"post","link":"https:\/\/www.organisator.ch\/it\/management\/2022-06-22\/firmenjubilaeum-august-manser-ag-wird-50-jaehrig\/","title":{"rendered":"Anniversario dell'azienda: August Manser AG compie 50 anni"},"content":{"rendered":"<figure id=\"attachment_15405\" aria-describedby=\"caption-attachment-15405\" style=\"width: 680px\" class=\"wp-caption alignnone\"><img loading=\"lazy\" decoding=\"async\" class=\"size-full wp-image-15405\" src=\"https:\/\/www.organisator.ch\/wp-content\/uploads\/2022\/06\/Firmenjubilaeum-August-Manser-AG-wird-50-jaehrig_Organisator.jpg\" alt=\"\" width=\"680\" height=\"491\" srcset=\"https:\/\/www.organisator.ch\/wp-content\/uploads\/2022\/06\/Firmenjubilaeum-August-Manser-AG-wird-50-jaehrig_Organisator.jpg 680w, https:\/\/www.organisator.ch\/wp-content\/uploads\/2022\/06\/Firmenjubilaeum-August-Manser-AG-wird-50-jaehrig_Organisator-18x12.jpg 18w, https:\/\/www.organisator.ch\/wp-content\/uploads\/2022\/06\/Firmenjubilaeum-August-Manser-AG-wird-50-jaehrig_Organisator-242x175.jpg 242w, https:\/\/www.organisator.ch\/wp-content\/uploads\/2022\/06\/Firmenjubilaeum-August-Manser-AG-wird-50-jaehrig_Organisator-485x350.jpg 485w, https:\/\/www.organisator.ch\/wp-content\/uploads\/2022\/06\/Firmenjubilaeum-August-Manser-AG-wird-50-jaehrig_Organisator-300x217.jpg 300w\" sizes=\"auto, (max-width: 680px) 100vw, 680px\" \/><figcaption id=\"caption-attachment-15405\" class=\"wp-caption-text\">Due generazioni Manser, da sinistra a destra: Michael Manser, Heidi Manser, August Manser, Yvonne Schuler-Manser. (Immagine: zVg)<\/figcaption><\/figure>\n<p>Il 1\u00b0 giugno 1972, August Manser pose la prima pietra dell'attuale August Manser AG ad Altst\u00e4tten, nel Canton San Gallo, fondando una ditta individuale a proprio nome. Due anni dopo, il primo meccanico di precisione inizia a lavorare e l'azienda si sviluppa nel tempo in un'impresa familiare stabile e innovativa.<\/p>\n<h3>Azienda familiare innovativa di seconda generazione<\/h3>\n<p>Oggi August Manser AG si definisce un'azienda leader nel settore dei sistemi e dei servizi meccanici e meccatronici. L'ampia clientela dell'azienda trova un partner competente, creativo e a lungo termine nella moderna attivit\u00e0 high-tech: dall'innovazione e sviluppo del prodotto all'industrializzazione e alla produzione di precisione, fino all'assemblaggio di sottogruppi e sistemi. Dal 2019, Michael Manser gestisce l'azienda di famiglia nella seconda generazione. \"Siamo un'azienda familiare innovativa. Il nostro fattore di successo pi\u00f9 importante sono i nostri dipendenti\", afferma Michael Manser, \"In un ambiente di lavoro orientato al futuro, con opportunit\u00e0 di formazione e sviluppo, lavoriamo insieme, con entusiasmo, ai prodotti dei nostri clienti. Grazie alla messa in rete di idee innovative, conoscenze e nuove tecnologie, ogni giorno vengono generate soluzioni sofisticate. Insieme ai nostri dipendenti, continuiamo a svilupparci come azienda, perch\u00e9 \u00e8 possibile costruire un successo sostenibile solo su basi solide.\"<\/p>\n<h3><strong>Le ricette del successo di August Manser AG<\/strong><\/h3>\n<p>Grazie a dipendenti qualificati e a un'infrastruttura orientata al futuro, \u00e8 possibile soddisfare le crescenti esigenze dei clienti e i pi\u00f9 elevati standard di qualit\u00e0, scrive l'azienda. August Manser AG modernizza costantemente i propri macchinari e utilizza nuove tecnologie e idee innovative. Oggi l'azienda impiega circa 100 persone nelle due sedi di Altst\u00e4tten e dal 1980 forma anche polimeccanici. Manser \u00e8 quindi diventata un importante pilastro economico della regione, con un impatto che va ben oltre la Valle del Reno sangallese. Colpisce anche il fatto che l'azienda impieghi molti dipendenti di lunga data, a riprova della continua attrattiva dei posti di lavoro. Nel febbraio 2022, Michael Manser ha potuto congratularsi con sei dipendenti per un totale di 140 anni di servizio presso l'azienda.<\/p>\n<p>Il Gruppo Manser comprende le societ\u00e0 Sedax AG, InLack AG e admantec AG con un totale di 50 dipendenti.<\/p>\n<p><em>Sito web dell'azienda: <a href=\"http:\/\/www.manser-ag.com\">www.manser-ag.com<\/a><\/em><\/p>","protected":false},"excerpt":{"rendered":"<p>Am 1. Juni 1972 legt August Manser den Grundstein f\u00fcr die heutige August Manser AG in Altst\u00e4tten, Kanton St.Gallen, als er, unter seinem Namen, eine Einzelfirma gr\u00fcndet. Zwei Jahre sp\u00e4ter nimmt der erste Feinmechaniker seine T\u00e4tigkeit auf und der Betrieb entwickelt sich im Laufe der Zeit zu einem stabilen, innovativen Familienunternehmen weiter. Innovativer Familienbetrieb in [&hellip;]<\/p>\n","protected":false},"author":4,"featured_media":15405,"comment_status":"closed","ping_status":"closed","sticky":false,"template":"","format":"standard","meta":{"_acf_changed":false,"_yoast_wpseo_focuskw":"August Manser","_yoast_wpseo_metadesc":"Vom kleinen Einmannbetrieb zum High-Tech-Unternehmen: die Entwicklung der August Manser AG \u00fcber die letzten 50 Jahre hinweg ist beachtlich.","articlekey":"","footnotes":""},"categories":[28],"tags":[206,492],"class_list":["post-15404","post","type-post","status-publish","format-standard","has-post-thumbnail","hentry","category-management","tag-firmenjubilaeum","tag-unternehmen"],"acf":[],"yoast_head":"<!-- This site is optimized with the Yoast SEO plugin v27.4 - https:\/\/yoast.com\/product\/yoast-seo-wordpress\/ -->\n<title>Firmenjubil\u00e4um: August Manser AG wird 50-j\u00e4hrig - Organisator<\/title>\n<meta name=\"description\" content=\"Vom kleinen Einmannbetrieb zum High-Tech-Unternehmen: die Entwicklung der August Manser AG \u00fcber die letzten 50 Jahre hinweg ist beachtlich.\" \/>\n<meta name=\"robots\" content=\"index, follow, max-snippet:-1, max-image-preview:large, max-video-preview:-1\" \/>\n<link rel=\"canonical\" href=\"https:\/\/www.organisator.ch\/it\/gestione-2\/2022-06-22\/firmenjubilaeum-august-manser-ag-wird-50-jaehrig\/\" \/>\n<meta property=\"og:locale\" content=\"it_IT\" \/>\n<meta property=\"og:type\" content=\"article\" \/>\n<meta property=\"og:title\" content=\"Firmenjubil\u00e4um: August Manser AG wird 50-j\u00e4hrig\" \/>\n<meta property=\"og:description\" content=\"Vom kleinen Einmannbetrieb zum High-Tech-Unternehmen: die Entwicklung der August Manser AG \u00fcber die letzten 50 Jahre hinweg ist beachtlich.\" \/>\n<meta property=\"og:url\" content=\"https:\/\/www.organisator.ch\/it\/gestione-2\/2022-06-22\/firmenjubilaeum-august-manser-ag-wird-50-jaehrig\/\" \/>\n<meta property=\"og:site_name\" content=\"Organisator\" \/>\n<meta property=\"article:publisher\" content=\"https:\/\/www.facebook.com\/OrganisatorFachmagazin\" \/>\n<meta property=\"article:published_time\" content=\"2022-06-22T07:41:21+00:00\" \/>\n<meta property=\"og:image\" content=\"https:\/\/www.organisator.ch\/wp-content\/uploads\/2022\/06\/Firmenjubilaeum-August-Manser-AG-wird-50-jaehrig_Organisator.jpg\" \/>\n\t<meta property=\"og:image:width\" content=\"680\" \/>\n\t<meta property=\"og:image:height\" content=\"491\" \/>\n\t<meta property=\"og:image:type\" content=\"image\/jpeg\" \/>\n<meta name=\"author\" content=\"thomas.berner\" \/>\n<meta name=\"twitter:card\" content=\"summary_large_image\" \/>\n<meta name=\"twitter:title\" content=\"#Firmenjubil\u00e4um: August #Manser AG wird #50-j\u00e4hrig\" \/>\n<meta name=\"twitter:description\" content=\"Vom kleinen #Einmannbetrieb zum #High-Tech-Unternehmen: die Entwicklung der August Manser AG \u00fcber die letzten 50 Jahre hinweg ist beachtlich.\" \/>\n<meta name=\"twitter:image\" content=\"https:\/\/www.organisator.ch\/wp-content\/uploads\/2022\/06\/Firmenjubilaeum-August-Manser-AG-wird-50-jaehrig_Organisator.jpg\" \/>\n<script type=\"application\/ld+json\" class=\"yoast-schema-graph\">{\"@context\":\"https:\\\/\\\/schema.org\",\"@graph\":[{\"@type\":\"Article\",\"@id\":\"https:\\\/\\\/www.organisator.ch\\\/management\\\/2022-06-22\\\/firmenjubilaeum-august-manser-ag-wird-50-jaehrig\\\/#article\",\"isPartOf\":{\"@id\":\"https:\\\/\\\/www.organisator.ch\\\/management\\\/2022-06-22\\\/firmenjubilaeum-august-manser-ag-wird-50-jaehrig\\\/\"},\"author\":{\"name\":\"thomas.berner\",\"@id\":\"https:\\\/\\\/www.organisator.ch\\\/#\\\/schema\\\/person\\\/6f650f90b2842cd4c0cc334b4e36f67e\"},\"headline\":\"Firmenjubil\u00e4um: August Manser AG wird 50-j\u00e4hrig\",\"datePublished\":\"2022-06-22T07:41:21+00:00\",\"mainEntityOfPage\":{\"@id\":\"https:\\\/\\\/www.organisator.ch\\\/management\\\/2022-06-22\\\/firmenjubilaeum-august-manser-ag-wird-50-jaehrig\\\/\"},\"wordCount\":372,\"publisher\":{\"@id\":\"https:\\\/\\\/www.organisator.ch\\\/#organization\"},\"image\":{\"@id\":\"https:\\\/\\\/www.organisator.ch\\\/management\\\/2022-06-22\\\/firmenjubilaeum-august-manser-ag-wird-50-jaehrig\\\/#primaryimage\"},\"thumbnailUrl\":\"https:\\\/\\\/www.organisator.ch\\\/wp-content\\\/uploads\\\/2022\\\/06\\\/Firmenjubilaeum-August-Manser-AG-wird-50-jaehrig_Organisator.jpg\",\"keywords\":[\"Firmenjubil\u00e4um\",\"Unternehmen\"],\"articleSection\":[\"MANAGEMENT\"],\"inLanguage\":\"it-IT\"},{\"@type\":\"WebPage\",\"@id\":\"https:\\\/\\\/www.organisator.ch\\\/management\\\/2022-06-22\\\/firmenjubilaeum-august-manser-ag-wird-50-jaehrig\\\/\",\"url\":\"https:\\\/\\\/www.organisator.ch\\\/management\\\/2022-06-22\\\/firmenjubilaeum-august-manser-ag-wird-50-jaehrig\\\/\",\"name\":\"Firmenjubil\u00e4um: August Manser AG wird 50-j\u00e4hrig - Organisator\",\"isPartOf\":{\"@id\":\"https:\\\/\\\/www.organisator.ch\\\/#website\"},\"primaryImageOfPage\":{\"@id\":\"https:\\\/\\\/www.organisator.ch\\\/management\\\/2022-06-22\\\/firmenjubilaeum-august-manser-ag-wird-50-jaehrig\\\/#primaryimage\"},\"image\":{\"@id\":\"https:\\\/\\\/www.organisator.ch\\\/management\\\/2022-06-22\\\/firmenjubilaeum-august-manser-ag-wird-50-jaehrig\\\/#primaryimage\"},\"thumbnailUrl\":\"https:\\\/\\\/www.organisator.ch\\\/wp-content\\\/uploads\\\/2022\\\/06\\\/Firmenjubilaeum-August-Manser-AG-wird-50-jaehrig_Organisator.jpg\",\"datePublished\":\"2022-06-22T07:41:21+00:00\",\"description\":\"Vom kleinen Einmannbetrieb zum High-Tech-Unternehmen: die Entwicklung der August Manser AG \u00fcber die letzten 50 Jahre hinweg ist beachtlich.\",\"breadcrumb\":{\"@id\":\"https:\\\/\\\/www.organisator.ch\\\/management\\\/2022-06-22\\\/firmenjubilaeum-august-manser-ag-wird-50-jaehrig\\\/#breadcrumb\"},\"inLanguage\":\"it-IT\",\"potentialAction\":[{\"@type\":\"ReadAction\",\"target\":[\"https:\\\/\\\/www.organisator.ch\\\/management\\\/2022-06-22\\\/firmenjubilaeum-august-manser-ag-wird-50-jaehrig\\\/\"]}]},{\"@type\":\"ImageObject\",\"inLanguage\":\"it-IT\",\"@id\":\"https:\\\/\\\/www.organisator.ch\\\/management\\\/2022-06-22\\\/firmenjubilaeum-august-manser-ag-wird-50-jaehrig\\\/#primaryimage\",\"url\":\"https:\\\/\\\/www.organisator.ch\\\/wp-content\\\/uploads\\\/2022\\\/06\\\/Firmenjubilaeum-August-Manser-AG-wird-50-jaehrig_Organisator.jpg\",\"contentUrl\":\"https:\\\/\\\/www.organisator.ch\\\/wp-content\\\/uploads\\\/2022\\\/06\\\/Firmenjubilaeum-August-Manser-AG-wird-50-jaehrig_Organisator.jpg\",\"width\":680,\"height\":491,\"caption\":\"Zwei Generationen Manser. v.l.n.r: Michael Manser, Heidi Manser, August Manser, Yvonne Schuler-Manser. (Bild: zVg)\"},{\"@type\":\"BreadcrumbList\",\"@id\":\"https:\\\/\\\/www.organisator.ch\\\/management\\\/2022-06-22\\\/firmenjubilaeum-august-manser-ag-wird-50-jaehrig\\\/#breadcrumb\",\"itemListElement\":[{\"@type\":\"ListItem\",\"position\":1,\"name\":\"Home\",\"item\":\"https:\\\/\\\/www.organisator.ch\\\/\"},{\"@type\":\"ListItem\",\"position\":2,\"name\":\"Firmenjubil\u00e4um: August Manser AG wird 50-j\u00e4hrig\"}]},{\"@type\":\"WebSite\",\"@id\":\"https:\\\/\\\/www.organisator.ch\\\/#website\",\"url\":\"https:\\\/\\\/www.organisator.ch\\\/\",\"name\":\"Organisator\",\"description\":\"Kompetent. Praxisnah. Der ORGANISATOR bereitet in 10 Ausgaben pro Jahr die wesentlichen Themen f\u00fcr F\u00fchrungskr\u00e4fte von KMU auf.\",\"publisher\":{\"@id\":\"https:\\\/\\\/www.organisator.ch\\\/#organization\"},\"potentialAction\":[{\"@type\":\"SearchAction\",\"target\":{\"@type\":\"EntryPoint\",\"urlTemplate\":\"https:\\\/\\\/www.organisator.ch\\\/?s={search_term_string}\"},\"query-input\":{\"@type\":\"PropertyValueSpecification\",\"valueRequired\":true,\"valueName\":\"search_term_string\"}}],\"inLanguage\":\"it-IT\"},{\"@type\":\"Organization\",\"@id\":\"https:\\\/\\\/www.organisator.ch\\\/#organization\",\"name\":\"Organisator\",\"url\":\"https:\\\/\\\/www.organisator.ch\\\/\",\"logo\":{\"@type\":\"ImageObject\",\"inLanguage\":\"it-IT\",\"@id\":\"https:\\\/\\\/www.organisator.ch\\\/#\\\/schema\\\/logo\\\/image\\\/\",\"url\":\"https:\\\/\\\/www.organisator.ch\\\/wp-content\\\/uploads\\\/2022\\\/01\\\/Logo_Organisator_Website.png\",\"contentUrl\":\"https:\\\/\\\/www.organisator.ch\\\/wp-content\\\/uploads\\\/2022\\\/01\\\/Logo_Organisator_Website.png\",\"width\":800,\"height\":77,\"caption\":\"Organisator\"},\"image\":{\"@id\":\"https:\\\/\\\/www.organisator.ch\\\/#\\\/schema\\\/logo\\\/image\\\/\"},\"sameAs\":[\"https:\\\/\\\/www.facebook.com\\\/OrganisatorFachmagazin\",\"https:\\\/\\\/www.linkedin.com\\\/showcase\\\/organisator-das-magazin-fr-kmu\",\"https:\\\/\\\/www.xing.com\\\/news\\\/pages\\\/organisator-ch-695\",\"https:\\\/\\\/www.youtube.com\\\/channel\\\/UCGP2Sq0iWaZwT3BdIAQFYpw\"]},{\"@type\":\"Person\",\"@id\":\"https:\\\/\\\/www.organisator.ch\\\/#\\\/schema\\\/person\\\/6f650f90b2842cd4c0cc334b4e36f67e\",\"name\":\"thomas.berner\",\"image\":{\"@type\":\"ImageObject\",\"inLanguage\":\"it-IT\",\"@id\":\"https:\\\/\\\/secure.gravatar.com\\\/avatar\\\/ac5001d2a36cb6c6cd3e50789007ffca834b477b74a2144564522e944eabff61?s=96&d=mm&r=g\",\"url\":\"https:\\\/\\\/secure.gravatar.com\\\/avatar\\\/ac5001d2a36cb6c6cd3e50789007ffca834b477b74a2144564522e944eabff61?s=96&d=mm&r=g\",\"contentUrl\":\"https:\\\/\\\/secure.gravatar.com\\\/avatar\\\/ac5001d2a36cb6c6cd3e50789007ffca834b477b74a2144564522e944eabff61?s=96&d=mm&r=g\",\"caption\":\"thomas.berner\"},\"url\":\"https:\\\/\\\/www.organisator.ch\\\/it\\\/author\\\/thomas-berner\\\/\"}]}<\/script>\n<!-- \/ Yoast SEO plugin. -->","yoast_head_json":{"title":"Anniversario dell'azienda: August Manser AG compie 50 anni - Organizzatore","description":"Da una piccola impresa individuale a un'azienda high-tech: lo sviluppo di August Manser AG negli ultimi 50 anni \u00e8 notevole.","robots":{"index":"index","follow":"follow","max-snippet":"max-snippet:-1","max-image-preview":"max-image-preview:large","max-video-preview":"max-video-preview:-1"},"canonical":"https:\/\/www.organisator.ch\/it\/gestione-2\/2022-06-22\/firmenjubilaeum-august-manser-ag-wird-50-jaehrig\/","og_locale":"it_IT","og_type":"article","og_title":"Firmenjubil\u00e4um: August Manser AG wird 50-j\u00e4hrig","og_description":"Vom kleinen Einmannbetrieb zum High-Tech-Unternehmen: die Entwicklung der August Manser AG \u00fcber die letzten 50 Jahre hinweg ist beachtlich.","og_url":"https:\/\/www.organisator.ch\/it\/gestione-2\/2022-06-22\/firmenjubilaeum-august-manser-ag-wird-50-jaehrig\/","og_site_name":"Organisator","article_publisher":"https:\/\/www.facebook.com\/OrganisatorFachmagazin","article_published_time":"2022-06-22T07:41:21+00:00","og_image":[{"width":680,"height":491,"url":"https:\/\/www.organisator.ch\/wp-content\/uploads\/2022\/06\/Firmenjubilaeum-August-Manser-AG-wird-50-jaehrig_Organisator.jpg","type":"image\/jpeg"}],"author":"thomas.berner","twitter_card":"summary_large_image","twitter_title":"#Firmenjubil\u00e4um: August #Manser AG wird #50-j\u00e4hrig","twitter_description":"Vom kleinen #Einmannbetrieb zum #High-Tech-Unternehmen: die Entwicklung der August Manser AG \u00fcber die letzten 50 Jahre hinweg ist beachtlich.","twitter_image":"https:\/\/www.organisator.ch\/wp-content\/uploads\/2022\/06\/Firmenjubilaeum-August-Manser-AG-wird-50-jaehrig_Organisator.jpg","schema":{"@context":"https:\/\/schema.org","@graph":[{"@type":"Article","@id":"https:\/\/www.organisator.ch\/management\/2022-06-22\/firmenjubilaeum-august-manser-ag-wird-50-jaehrig\/#article","isPartOf":{"@id":"https:\/\/www.organisator.ch\/management\/2022-06-22\/firmenjubilaeum-august-manser-ag-wird-50-jaehrig\/"},"author":{"name":"thomas.berner","@id":"https:\/\/www.organisator.ch\/#\/schema\/person\/6f650f90b2842cd4c0cc334b4e36f67e"},"headline":"Firmenjubil\u00e4um: August Manser AG wird 50-j\u00e4hrig","datePublished":"2022-06-22T07:41:21+00:00","mainEntityOfPage":{"@id":"https:\/\/www.organisator.ch\/management\/2022-06-22\/firmenjubilaeum-august-manser-ag-wird-50-jaehrig\/"},"wordCount":372,"publisher":{"@id":"https:\/\/www.organisator.ch\/#organization"},"image":{"@id":"https:\/\/www.organisator.ch\/management\/2022-06-22\/firmenjubilaeum-august-manser-ag-wird-50-jaehrig\/#primaryimage"},"thumbnailUrl":"https:\/\/www.organisator.ch\/wp-content\/uploads\/2022\/06\/Firmenjubilaeum-August-Manser-AG-wird-50-jaehrig_Organisator.jpg","keywords":["Firmenjubil\u00e4um","Unternehmen"],"articleSection":["MANAGEMENT"],"inLanguage":"it-IT"},{"@type":"WebPage","@id":"https:\/\/www.organisator.ch\/management\/2022-06-22\/firmenjubilaeum-august-manser-ag-wird-50-jaehrig\/","url":"https:\/\/www.organisator.ch\/management\/2022-06-22\/firmenjubilaeum-august-manser-ag-wird-50-jaehrig\/","name":"Anniversario dell'azienda: August Manser AG compie 50 anni - Organizzatore","isPartOf":{"@id":"https:\/\/www.organisator.ch\/#website"},"primaryImageOfPage":{"@id":"https:\/\/www.organisator.ch\/management\/2022-06-22\/firmenjubilaeum-august-manser-ag-wird-50-jaehrig\/#primaryimage"},"image":{"@id":"https:\/\/www.organisator.ch\/management\/2022-06-22\/firmenjubilaeum-august-manser-ag-wird-50-jaehrig\/#primaryimage"},"thumbnailUrl":"https:\/\/www.organisator.ch\/wp-content\/uploads\/2022\/06\/Firmenjubilaeum-August-Manser-AG-wird-50-jaehrig_Organisator.jpg","datePublished":"2022-06-22T07:41:21+00:00","description":"Da una piccola impresa individuale a un'azienda high-tech: lo sviluppo di August Manser AG negli ultimi 50 anni \u00e8 notevole.","breadcrumb":{"@id":"https:\/\/www.organisator.ch\/management\/2022-06-22\/firmenjubilaeum-august-manser-ag-wird-50-jaehrig\/#breadcrumb"},"inLanguage":"it-IT","potentialAction":[{"@type":"ReadAction","target":["https:\/\/www.organisator.ch\/management\/2022-06-22\/firmenjubilaeum-august-manser-ag-wird-50-jaehrig\/"]}]},{"@type":"ImageObject","inLanguage":"it-IT","@id":"https:\/\/www.organisator.ch\/management\/2022-06-22\/firmenjubilaeum-august-manser-ag-wird-50-jaehrig\/#primaryimage","url":"https:\/\/www.organisator.ch\/wp-content\/uploads\/2022\/06\/Firmenjubilaeum-August-Manser-AG-wird-50-jaehrig_Organisator.jpg","contentUrl":"https:\/\/www.organisator.ch\/wp-content\/uploads\/2022\/06\/Firmenjubilaeum-August-Manser-AG-wird-50-jaehrig_Organisator.jpg","width":680,"height":491,"caption":"Zwei Generationen Manser. v.l.n.r: Michael Manser, Heidi Manser, August Manser, Yvonne Schuler-Manser. (Bild: zVg)"},{"@type":"BreadcrumbList","@id":"https:\/\/www.organisator.ch\/management\/2022-06-22\/firmenjubilaeum-august-manser-ag-wird-50-jaehrig\/#breadcrumb","itemListElement":[{"@type":"ListItem","position":1,"name":"Home","item":"https:\/\/www.organisator.ch\/"},{"@type":"ListItem","position":2,"name":"Firmenjubil\u00e4um: August Manser AG wird 50-j\u00e4hrig"}]},{"@type":"WebSite","@id":"https:\/\/www.organisator.ch\/#website","url":"https:\/\/www.organisator.ch\/","name":"Organizzatore","description":"Competente. Pratico. In 10 numeri all'anno, ORGANISATOR presenta i temi essenziali per i manager delle PMI.","publisher":{"@id":"https:\/\/www.organisator.ch\/#organization"},"potentialAction":[{"@type":"SearchAction","target":{"@type":"EntryPoint","urlTemplate":"https:\/\/www.organisator.ch\/?s={search_term_string}"},"query-input":{"@type":"PropertyValueSpecification","valueRequired":true,"valueName":"search_term_string"}}],"inLanguage":"it-IT"},{"@type":"Organization","@id":"https:\/\/www.organisator.ch\/#organization","name":"Organizzatore","url":"https:\/\/www.organisator.ch\/","logo":{"@type":"ImageObject","inLanguage":"it-IT","@id":"https:\/\/www.organisator.ch\/#\/schema\/logo\/image\/","url":"https:\/\/www.organisator.ch\/wp-content\/uploads\/2022\/01\/Logo_Organisator_Website.png","contentUrl":"https:\/\/www.organisator.ch\/wp-content\/uploads\/2022\/01\/Logo_Organisator_Website.png","width":800,"height":77,"caption":"Organisator"},"image":{"@id":"https:\/\/www.organisator.ch\/#\/schema\/logo\/image\/"},"sameAs":["https:\/\/www.facebook.com\/OrganisatorFachmagazin","https:\/\/www.linkedin.com\/showcase\/organisator-das-magazin-fr-kmu","https:\/\/www.xing.com\/news\/pages\/organisator-ch-695","https:\/\/www.youtube.com\/channel\/UCGP2Sq0iWaZwT3BdIAQFYpw"]},{"@type":"Person","@id":"https:\/\/www.organisator.ch\/#\/schema\/person\/6f650f90b2842cd4c0cc334b4e36f67e","name":"Tommaso.berner","image":{"@type":"ImageObject","inLanguage":"it-IT","@id":"https:\/\/secure.gravatar.com\/avatar\/ac5001d2a36cb6c6cd3e50789007ffca834b477b74a2144564522e944eabff61?s=96&d=mm&r=g","url":"https:\/\/secure.gravatar.com\/avatar\/ac5001d2a36cb6c6cd3e50789007ffca834b477b74a2144564522e944eabff61?s=96&d=mm&r=g","contentUrl":"https:\/\/secure.gravatar.com\/avatar\/ac5001d2a36cb6c6cd3e50789007ffca834b477b74a2144564522e944eabff61?s=96&d=mm&r=g","caption":"thomas.berner"},"url":"https:\/\/www.organisator.ch\/it\/author\/thomas-berner\/"}]}},"_links":{"self":[{"href":"https:\/\/www.organisator.ch\/it\/wp-json\/wp\/v2\/posts\/15404","targetHints":{"allow":["GET"]}}],"collection":[{"href":"https:\/\/www.organisator.ch\/it\/wp-json\/wp\/v2\/posts"}],"about":[{"href":"https:\/\/www.organisator.ch\/it\/wp-json\/wp\/v2\/types\/post"}],"author":[{"embeddable":true,"href":"https:\/\/www.organisator.ch\/it\/wp-json\/wp\/v2\/users\/4"}],"replies":[{"embeddable":true,"href":"https:\/\/www.organisator.ch\/it\/wp-json\/wp\/v2\/comments?post=15404"}],"version-history":[{"count":1,"href":"https:\/\/www.organisator.ch\/it\/wp-json\/wp\/v2\/posts\/15404\/revisions"}],"predecessor-version":[{"id":15406,"href":"https:\/\/www.organisator.ch\/it\/wp-json\/wp\/v2\/posts\/15404\/revisions\/15406"}],"wp:featuredmedia":[{"embeddable":true,"href":"https:\/\/www.organisator.ch\/it\/wp-json\/wp\/v2\/media\/15405"}],"wp:attachment":[{"href":"https:\/\/www.organisator.ch\/it\/wp-json\/wp\/v2\/media?parent=15404"}],"wp:term":[{"taxonomy":"category","embeddable":true,"href":"https:\/\/www.organisator.ch\/it\/wp-json\/wp\/v2\/categories?post=15404"},{"taxonomy":"post_tag","embeddable":true,"href":"https:\/\/www.organisator.ch\/it\/wp-json\/wp\/v2\/tags?post=15404"}],"curies":[{"name":"wp","href":"https:\/\/api.w.org\/{rel}","templated":true}]}}