{"id":15425,"date":"2022-06-23T16:46:26","date_gmt":"2022-06-23T14:46:26","guid":{"rendered":"https:\/\/www.m-q.ch\/?p=16524"},"modified":"2022-07-23T16:21:44","modified_gmt":"2022-07-23T14:21:44","slug":"sicherheit-ein-topthema-fuer-die-schweiz-und-ihre-industrie","status":"publish","type":"post","link":"https:\/\/www.organisator.ch\/it\/operational-excellence\/2022-06-23\/sicherheit-ein-topthema-fuer-die-schweiz-und-ihre-industrie\/","title":{"rendered":"La sicurezza: una questione di primaria importanza per la Svizzera e la sua industria"},"content":{"rendered":"<figure id=\"attachment_16525\" class=\"wp-caption alignnone\" style=\"width: 680px\" aria-describedby=\"caption-attachment-16525\"><img class=\"alignnone wp-image-16525 size-full\" src=\"https:\/\/www.m-q.ch\/wp-content\/uploads\/2022\/06\/Sicherheit-ein-Topthema-fuer-die-Schweiz-und-ihre-Industrie_MQ.jpg\" alt=\"Politica di sicurezza\" width=\"680\" height=\"453\" \/><figcaption id=\"caption-attachment-16525\" class=\"wp-caption-text\">Le aziende industriali svizzere sono ripetutamente nel mirino dei criminali informatici. (Immagine: Pixabay.com)<\/figcaption><\/figure>\r\nL'ex Segretario Generale della NATO e Primo Ministro della Danimarca Anders Fogh Rasmussen ha aperto lo Swissmem Industry Day il 23 giugno 2022 e ha presentato la sua analisi della situazione della sicurezza in Europa. Per lui \u00e8 chiaro: \"Nel breve termine, un aumento delle tensioni tra autocrazie e democrazie \u00e8 inevitabile\". Rivolgendosi agli imprenditori, ha detto: \"Nel 2022, ogni grande azienda avr\u00e0 bisogno di un proprio ministro degli Esteri. Solo comprendendo i rischi geopolitici si pu\u00f2 stare un passo avanti rispetto alla concorrenza\". Philippe Amon, Presidente e CEO Sicpa, ha espresso un parere simile: \"Le dinamiche strategiche globali stanno diventando sempre pi\u00f9 aggressive. Il vero successo sta nella nostra capacit\u00e0 di anticipare\".\r\n<h3>Una situazione scomoda per i piccoli Stati<\/h3>\r\nMartin Hirzel, presidente di Swissmem, ha commentato anche la politica di sicurezza: \"Da anni notiamo un ritorno al protezionismo, al nazionalismo e al militarismo in diversi Paesi. A livello internazionale, la legge del pi\u00f9 forte sta prendendo sempre pi\u00f9 il sopravvento. Per i piccoli Stati come la Svizzera, questo \u00e8 particolarmente scomodo. A mio avviso, \u00e8 giunto il momento che la Svizzera torni a sostenere sempre pi\u00f9 un sistema internazionale basato sul diritto internazionale, sul multilateralismo, sulla cooperazione e sul commercio.\"\r\n\r\nIl Consigliere federale Ueli Maurer, capo del Dipartimento federale delle finanze, responsabile della cybersecurity a livello federale, ha sottolineato: \"La cybersecurity \u00e8 ben sostenuta in politica in tutti i partiti.\r\n<h3>Le aziende MEM svizzere sono oggetto di numerosi attacchi<\/h3>\r\nNell'era della digitalizzazione, le aziende industriali offrono superfici di attacco particolarmente ampie ai criminali informatici. I cyberattacchi, ma anche gli attacchi fisici, sono oggi una minaccia costante. In occasione dell'Industry Day, Martin Hirzel ha presentato i risultati di un'indagine condotta tra le aziende associate a Swissmem in collaborazione con l'Istituto di diritto penale e criminologia dell'Universit\u00e0 di Berna. Dimostrano chiaramente che gli attacchi possono colpire qualsiasi azienda, indipendentemente dalle sue dimensioni. Il potenziale di danno \u00e8 enorme e in casi estremi pu\u00f2 mettere in pericolo l'esistenza di un'azienda. Di conseguenza, la consapevolezza di questi rischi \u00e8 elevata nelle aziende associate a Swissmem. Quasi tutte le aziende stanno attuando misure mirate. Di conseguenza, l'82% degli attacchi classificati come molto gravi non ha avuto conseguenze o \u00e8 stato possibile porvi rimedio nel breve periodo. Martin Hirzel, Presidente di Swissmem, ne trae le seguenti conclusioni: \"Sono lieto che tra i soci di Swissmem vi sia un elevato livello di consapevolezza degli attacchi informatici e delle minacce fisiche. Tuttavia, l'attenzione non deve calare. Ogni azienda deve essere sempre preparata tecnologicamente e organizzativamente per poter respingere tali attacchi\".\r\n<h3>Esperienze di attacchi informatici<\/h3>\r\nNel corso di una tavola rotonda, Irina Leutwyler, CEO di Wesco AG, Barend Fruithof, CEO di Aebi Schmidt AG e Andrea Roth, CEO di Geobrugg AG, hanno descritto le loro esperienze e le loro conoscenze sugli attacchi alle loro aziende. Irina Leutwyler ha sostenuto a nome di tutti la dichiarazione del presidente di Swissmem: \"Ci prepariamo costantemente al prossimo attacco. Perch\u00e9 arriver\u00e0!\r\n\r\nLa Giornata dell'Industria si \u00e8 conclusa con un panel composto dalla Consigliera nazionale Maja Riniker (FDP), dalla Consigliera nazionale Edith Graf-Litscher (SP), dal Consigliere nazionale Franz Gr\u00fcter (SVP) e dal Consigliere nazionale Gerhard Andrey (GR\u00dcNE).\r\n\r\n<em>Fonte: <a href=\"http:\/\/www.swissmem.ch\/\">www.swissmem.ch<\/a><\/em>\n<p class=\"syndicated-attribution\">Questo articolo \u00e8 apparso originariamente su m-q.ch - <a href=\"https:\/\/www.m-q.ch\/de\/sicherheit-ein-topthema-fuer-die-schweiz-und-ihre-industrie\/\" target=\"_blank\">https:\/\/www.m-q.ch\/de\/sicherheit-ein-topthema-fuer-die-schweiz-und-ihre-industrie\/<\/a><\/p>","protected":false},"excerpt":{"rendered":"<p>Der ehemalige NATO-Generalsekret\u00e4r und Premierminister D\u00e4nemarks Anders Fogh Rasmussen er\u00f6ffnete den Swissmem-Industrietag vom 23. Juni 2022 und pr\u00e4sentierte seine Analyse zur Sicherheitslage in Europa. F\u00fcr ihn ist klar: \u00abKurzfristig ist eine Zunahme der Spannungen zwischen Autokratien und Demokratien unvermeidlich.\u00bb An die Unternehmerinnen und Unternehmer gerichtet meinte er: \u00abIm Jahr 2022 braucht jedes grosse Unternehmen seinen [\u2026]<\/p>\n","protected":false},"author":8,"featured_media":0,"comment_status":"closed","ping_status":"closed","sticky":false,"template":"","format":"standard","meta":{"_acf_changed":false,"_yoast_wpseo_focuskw":"Sicherheitspolitik","_yoast_wpseo_metadesc":"Unter dem Titel \u00abIm Fadenkreuz \u2013 Sicherheit und Resilienz f\u00fcr Industrie und Gesellschaft\u00bb fand am 23. Juni 2022 der 15.","articlekey":"","footnotes":""},"categories":[582],"tags":[2998],"class_list":["post-15425","post","type-post","status-publish","format-standard","hentry","category-operational-excellence","tag-sicherheitspolitik"],"acf":[],"yoast_head":"<!-- This site is optimized with the Yoast SEO plugin v27.5 - https:\/\/yoast.com\/product\/yoast-seo-wordpress\/ -->\n<title>Sicherheit \u2013 ein Topthema f\u00fcr die Schweiz und ihre Industrie - Organisator<\/title>\n<meta name=\"description\" content=\"Unter dem Titel \u00abIm Fadenkreuz \u2013 Sicherheit und Resilienz f\u00fcr Industrie und Gesellschaft\u00bb fand am 23. Juni 2022 der 15.\" \/>\n<meta name=\"robots\" content=\"index, follow, max-snippet:-1, max-image-preview:large, max-video-preview:-1\" \/>\n<link rel=\"canonical\" href=\"https:\/\/www.m-q.ch\/de\/sicherheit-ein-topthema-fuer-die-schweiz-und-ihre-industrie\/\" \/>\n<meta property=\"og:locale\" content=\"it_IT\" \/>\n<meta property=\"og:type\" content=\"article\" \/>\n<meta property=\"og:title\" content=\"Sicherheit \u2013 ein Topthema f\u00fcr die Schweiz und ihre Industrie - Organisator\" \/>\n<meta property=\"og:description\" content=\"Unter dem Titel \u00abIm Fadenkreuz \u2013 Sicherheit und Resilienz f\u00fcr Industrie und Gesellschaft\u00bb fand am 23. Juni 2022 der 15.\" \/>\n<meta property=\"og:url\" content=\"https:\/\/www.m-q.ch\/de\/sicherheit-ein-topthema-fuer-die-schweiz-und-ihre-industrie\/\" \/>\n<meta property=\"og:site_name\" content=\"Organisator\" \/>\n<meta property=\"article:publisher\" content=\"https:\/\/www.facebook.com\/OrganisatorFachmagazin\" \/>\n<meta property=\"article:published_time\" content=\"2022-06-23T14:46:26+00:00\" \/>\n<meta property=\"article:modified_time\" content=\"2022-07-23T14:21:44+00:00\" \/>\n<meta property=\"og:image\" content=\"https:\/\/www.m-q.ch\/wp-content\/uploads\/2022\/06\/Sicherheit-ein-Topthema-fuer-die-Schweiz-und-ihre-Industrie_MQ.jpg\" \/>\n<meta name=\"author\" content=\"galledia\" \/>\n<meta name=\"twitter:card\" content=\"summary_large_image\" \/>\n<meta name=\"twitter:creator\" content=\"@admin\" \/>\n<script type=\"application\/ld+json\" class=\"yoast-schema-graph\">{\"@context\":\"https:\\\/\\\/schema.org\",\"@graph\":[{\"@type\":\"Article\",\"@id\":\"https:\\\/\\\/www.m-q.ch\\\/de\\\/sicherheit-ein-topthema-fuer-die-schweiz-und-ihre-industrie\\\/#article\",\"isPartOf\":{\"@id\":\"https:\\\/\\\/www.organisator.ch\\\/operational-excellence\\\/2022-06-23\\\/sicherheit-ein-topthema-fuer-die-schweiz-und-ihre-industrie\\\/\"},\"author\":{\"name\":\"galledia\",\"@id\":\"https:\\\/\\\/www.organisator.ch\\\/#\\\/schema\\\/person\\\/4e51799071cd2dd1232ac003643ef5f0\"},\"headline\":\"Sicherheit \u2013 ein Topthema f\u00fcr die Schweiz und ihre Industrie\",\"datePublished\":\"2022-06-23T14:46:26+00:00\",\"dateModified\":\"2022-07-23T14:21:44+00:00\",\"mainEntityOfPage\":{\"@id\":\"https:\\\/\\\/www.organisator.ch\\\/operational-excellence\\\/2022-06-23\\\/sicherheit-ein-topthema-fuer-die-schweiz-und-ihre-industrie\\\/\"},\"wordCount\":521,\"publisher\":{\"@id\":\"https:\\\/\\\/www.organisator.ch\\\/#organization\"},\"image\":{\"@id\":\"https:\\\/\\\/www.m-q.ch\\\/de\\\/sicherheit-ein-topthema-fuer-die-schweiz-und-ihre-industrie\\\/#primaryimage\"},\"thumbnailUrl\":\"https:\\\/\\\/www.m-q.ch\\\/wp-content\\\/uploads\\\/2022\\\/06\\\/Sicherheit-ein-Topthema-fuer-die-Schweiz-und-ihre-Industrie_MQ.jpg\",\"keywords\":[\"Sicherheitspolitik\"],\"articleSection\":[\"OPERATIONAL EXCELLENCE\"],\"inLanguage\":\"it-IT\"},{\"@type\":\"WebPage\",\"@id\":\"https:\\\/\\\/www.organisator.ch\\\/operational-excellence\\\/2022-06-23\\\/sicherheit-ein-topthema-fuer-die-schweiz-und-ihre-industrie\\\/\",\"url\":\"https:\\\/\\\/www.m-q.ch\\\/de\\\/sicherheit-ein-topthema-fuer-die-schweiz-und-ihre-industrie\\\/\",\"name\":\"Sicherheit \u2013 ein Topthema f\u00fcr die Schweiz und ihre Industrie - Organisator\",\"isPartOf\":{\"@id\":\"https:\\\/\\\/www.organisator.ch\\\/#website\"},\"primaryImageOfPage\":{\"@id\":\"https:\\\/\\\/www.m-q.ch\\\/de\\\/sicherheit-ein-topthema-fuer-die-schweiz-und-ihre-industrie\\\/#primaryimage\"},\"image\":{\"@id\":\"https:\\\/\\\/www.m-q.ch\\\/de\\\/sicherheit-ein-topthema-fuer-die-schweiz-und-ihre-industrie\\\/#primaryimage\"},\"thumbnailUrl\":\"https:\\\/\\\/www.m-q.ch\\\/wp-content\\\/uploads\\\/2022\\\/06\\\/Sicherheit-ein-Topthema-fuer-die-Schweiz-und-ihre-Industrie_MQ.jpg\",\"datePublished\":\"2022-06-23T14:46:26+00:00\",\"dateModified\":\"2022-07-23T14:21:44+00:00\",\"description\":\"Unter dem Titel \u00abIm Fadenkreuz \u2013 Sicherheit und Resilienz f\u00fcr Industrie und Gesellschaft\u00bb fand am 23. Juni 2022 der 15.\",\"breadcrumb\":{\"@id\":\"https:\\\/\\\/www.m-q.ch\\\/de\\\/sicherheit-ein-topthema-fuer-die-schweiz-und-ihre-industrie\\\/#breadcrumb\"},\"inLanguage\":\"it-IT\",\"potentialAction\":[{\"@type\":\"ReadAction\",\"target\":[\"https:\\\/\\\/www.m-q.ch\\\/de\\\/sicherheit-ein-topthema-fuer-die-schweiz-und-ihre-industrie\\\/\"]}]},{\"@type\":\"ImageObject\",\"inLanguage\":\"it-IT\",\"@id\":\"https:\\\/\\\/www.m-q.ch\\\/de\\\/sicherheit-ein-topthema-fuer-die-schweiz-und-ihre-industrie\\\/#primaryimage\",\"url\":\"https:\\\/\\\/www.m-q.ch\\\/wp-content\\\/uploads\\\/2022\\\/06\\\/Sicherheit-ein-Topthema-fuer-die-Schweiz-und-ihre-Industrie_MQ.jpg\",\"contentUrl\":\"https:\\\/\\\/www.m-q.ch\\\/wp-content\\\/uploads\\\/2022\\\/06\\\/Sicherheit-ein-Topthema-fuer-die-Schweiz-und-ihre-Industrie_MQ.jpg\"},{\"@type\":\"BreadcrumbList\",\"@id\":\"https:\\\/\\\/www.m-q.ch\\\/de\\\/sicherheit-ein-topthema-fuer-die-schweiz-und-ihre-industrie\\\/#breadcrumb\",\"itemListElement\":[{\"@type\":\"ListItem\",\"position\":1,\"name\":\"Home\",\"item\":\"https:\\\/\\\/www.organisator.ch\\\/\"},{\"@type\":\"ListItem\",\"position\":2,\"name\":\"Sicherheit \u2013 ein Topthema f\u00fcr die Schweiz und ihre Industrie\"}]},{\"@type\":\"WebSite\",\"@id\":\"https:\\\/\\\/www.organisator.ch\\\/#website\",\"url\":\"https:\\\/\\\/www.organisator.ch\\\/\",\"name\":\"Organisator\",\"description\":\"Kompetent. Praxisnah. Der ORGANISATOR bereitet in 10 Ausgaben pro Jahr die wesentlichen Themen f\u00fcr F\u00fchrungskr\u00e4fte von KMU auf.\",\"publisher\":{\"@id\":\"https:\\\/\\\/www.organisator.ch\\\/#organization\"},\"potentialAction\":[{\"@type\":\"SearchAction\",\"target\":{\"@type\":\"EntryPoint\",\"urlTemplate\":\"https:\\\/\\\/www.organisator.ch\\\/?s={search_term_string}\"},\"query-input\":{\"@type\":\"PropertyValueSpecification\",\"valueRequired\":true,\"valueName\":\"search_term_string\"}}],\"inLanguage\":\"it-IT\"},{\"@type\":\"Organization\",\"@id\":\"https:\\\/\\\/www.organisator.ch\\\/#organization\",\"name\":\"Organisator\",\"url\":\"https:\\\/\\\/www.organisator.ch\\\/\",\"logo\":{\"@type\":\"ImageObject\",\"inLanguage\":\"it-IT\",\"@id\":\"https:\\\/\\\/www.organisator.ch\\\/#\\\/schema\\\/logo\\\/image\\\/\",\"url\":\"https:\\\/\\\/www.organisator.ch\\\/wp-content\\\/uploads\\\/2022\\\/01\\\/Logo_Organisator_Website.png\",\"contentUrl\":\"https:\\\/\\\/www.organisator.ch\\\/wp-content\\\/uploads\\\/2022\\\/01\\\/Logo_Organisator_Website.png\",\"width\":800,\"height\":77,\"caption\":\"Organisator\"},\"image\":{\"@id\":\"https:\\\/\\\/www.organisator.ch\\\/#\\\/schema\\\/logo\\\/image\\\/\"},\"sameAs\":[\"https:\\\/\\\/www.facebook.com\\\/OrganisatorFachmagazin\",\"https:\\\/\\\/www.linkedin.com\\\/showcase\\\/organisator-das-magazin-fr-kmu\",\"https:\\\/\\\/www.xing.com\\\/news\\\/pages\\\/organisator-ch-695\",\"https:\\\/\\\/www.youtube.com\\\/channel\\\/UCGP2Sq0iWaZwT3BdIAQFYpw\"]},{\"@type\":\"Person\",\"@id\":\"https:\\\/\\\/www.organisator.ch\\\/#\\\/schema\\\/person\\\/4e51799071cd2dd1232ac003643ef5f0\",\"name\":\"galledia\",\"image\":{\"@type\":\"ImageObject\",\"inLanguage\":\"it-IT\",\"@id\":\"https:\\\/\\\/secure.gravatar.com\\\/avatar\\\/78a7f90c01fc2bfc875782a0d4922b37cde2cf184ce347b91316d23cd7f69a36?s=96&d=mm&r=g\",\"url\":\"https:\\\/\\\/secure.gravatar.com\\\/avatar\\\/78a7f90c01fc2bfc875782a0d4922b37cde2cf184ce347b91316d23cd7f69a36?s=96&d=mm&r=g\",\"contentUrl\":\"https:\\\/\\\/secure.gravatar.com\\\/avatar\\\/78a7f90c01fc2bfc875782a0d4922b37cde2cf184ce347b91316d23cd7f69a36?s=96&d=mm&r=g\",\"caption\":\"galledia\"},\"sameAs\":[\"https:\\\/\\\/x.com\\\/admin\"],\"url\":\"https:\\\/\\\/www.organisator.ch\\\/it\\\/author\\\/galledia\\\/\"}]}<\/script>\n<!-- \/ Yoast SEO plugin. -->","yoast_head_json":{"title":"La sicurezza: una questione di primaria importanza per la Svizzera e la sua industria - Organizzatore","description":"Con il titolo \"Nel mirino - Sicurezza e resilienza per l'industria e la societ\u00e0\", il 23 giugno 2022 si \u00e8 svolta la 15a Conferenza internazionale sulla sicurezza e la resilienza per l'industria e la societ\u00e0.","robots":{"index":"index","follow":"follow","max-snippet":"max-snippet:-1","max-image-preview":"max-image-preview:large","max-video-preview":"max-video-preview:-1"},"canonical":"https:\/\/www.m-q.ch\/de\/sicherheit-ein-topthema-fuer-die-schweiz-und-ihre-industrie\/","og_locale":"it_IT","og_type":"article","og_title":"Sicherheit \u2013 ein Topthema f\u00fcr die Schweiz und ihre Industrie - Organisator","og_description":"Unter dem Titel \u00abIm Fadenkreuz \u2013 Sicherheit und Resilienz f\u00fcr Industrie und Gesellschaft\u00bb fand am 23. Juni 2022 der 15.","og_url":"https:\/\/www.m-q.ch\/de\/sicherheit-ein-topthema-fuer-die-schweiz-und-ihre-industrie\/","og_site_name":"Organisator","article_publisher":"https:\/\/www.facebook.com\/OrganisatorFachmagazin","article_published_time":"2022-06-23T14:46:26+00:00","article_modified_time":"2022-07-23T14:21:44+00:00","og_image":[{"url":"https:\/\/www.m-q.ch\/wp-content\/uploads\/2022\/06\/Sicherheit-ein-Topthema-fuer-die-Schweiz-und-ihre-Industrie_MQ.jpg","type":"","width":"","height":""}],"author":"galledia","twitter_card":"summary_large_image","twitter_creator":"@admin","schema":{"@context":"https:\/\/schema.org","@graph":[{"@type":"Article","@id":"https:\/\/www.m-q.ch\/de\/sicherheit-ein-topthema-fuer-die-schweiz-und-ihre-industrie\/#article","isPartOf":{"@id":"https:\/\/www.organisator.ch\/operational-excellence\/2022-06-23\/sicherheit-ein-topthema-fuer-die-schweiz-und-ihre-industrie\/"},"author":{"name":"galledia","@id":"https:\/\/www.organisator.ch\/#\/schema\/person\/4e51799071cd2dd1232ac003643ef5f0"},"headline":"Sicherheit \u2013 ein Topthema f\u00fcr die Schweiz und ihre Industrie","datePublished":"2022-06-23T14:46:26+00:00","dateModified":"2022-07-23T14:21:44+00:00","mainEntityOfPage":{"@id":"https:\/\/www.organisator.ch\/operational-excellence\/2022-06-23\/sicherheit-ein-topthema-fuer-die-schweiz-und-ihre-industrie\/"},"wordCount":521,"publisher":{"@id":"https:\/\/www.organisator.ch\/#organization"},"image":{"@id":"https:\/\/www.m-q.ch\/de\/sicherheit-ein-topthema-fuer-die-schweiz-und-ihre-industrie\/#primaryimage"},"thumbnailUrl":"https:\/\/www.m-q.ch\/wp-content\/uploads\/2022\/06\/Sicherheit-ein-Topthema-fuer-die-Schweiz-und-ihre-Industrie_MQ.jpg","keywords":["Sicherheitspolitik"],"articleSection":["OPERATIONAL EXCELLENCE"],"inLanguage":"it-IT"},{"@type":"WebPage","@id":"https:\/\/www.organisator.ch\/operational-excellence\/2022-06-23\/sicherheit-ein-topthema-fuer-die-schweiz-und-ihre-industrie\/","url":"https:\/\/www.m-q.ch\/de\/sicherheit-ein-topthema-fuer-die-schweiz-und-ihre-industrie\/","name":"La sicurezza: una questione di primaria importanza per la Svizzera e la sua industria - Organizzatore","isPartOf":{"@id":"https:\/\/www.organisator.ch\/#website"},"primaryImageOfPage":{"@id":"https:\/\/www.m-q.ch\/de\/sicherheit-ein-topthema-fuer-die-schweiz-und-ihre-industrie\/#primaryimage"},"image":{"@id":"https:\/\/www.m-q.ch\/de\/sicherheit-ein-topthema-fuer-die-schweiz-und-ihre-industrie\/#primaryimage"},"thumbnailUrl":"https:\/\/www.m-q.ch\/wp-content\/uploads\/2022\/06\/Sicherheit-ein-Topthema-fuer-die-Schweiz-und-ihre-Industrie_MQ.jpg","datePublished":"2022-06-23T14:46:26+00:00","dateModified":"2022-07-23T14:21:44+00:00","description":"Con il titolo \"Nel mirino - Sicurezza e resilienza per l'industria e la societ\u00e0\", il 23 giugno 2022 si \u00e8 svolta la 15a Conferenza internazionale sulla sicurezza e la resilienza per l'industria e la societ\u00e0.","breadcrumb":{"@id":"https:\/\/www.m-q.ch\/de\/sicherheit-ein-topthema-fuer-die-schweiz-und-ihre-industrie\/#breadcrumb"},"inLanguage":"it-IT","potentialAction":[{"@type":"ReadAction","target":["https:\/\/www.m-q.ch\/de\/sicherheit-ein-topthema-fuer-die-schweiz-und-ihre-industrie\/"]}]},{"@type":"ImageObject","inLanguage":"it-IT","@id":"https:\/\/www.m-q.ch\/de\/sicherheit-ein-topthema-fuer-die-schweiz-und-ihre-industrie\/#primaryimage","url":"https:\/\/www.m-q.ch\/wp-content\/uploads\/2022\/06\/Sicherheit-ein-Topthema-fuer-die-Schweiz-und-ihre-Industrie_MQ.jpg","contentUrl":"https:\/\/www.m-q.ch\/wp-content\/uploads\/2022\/06\/Sicherheit-ein-Topthema-fuer-die-Schweiz-und-ihre-Industrie_MQ.jpg"},{"@type":"BreadcrumbList","@id":"https:\/\/www.m-q.ch\/de\/sicherheit-ein-topthema-fuer-die-schweiz-und-ihre-industrie\/#breadcrumb","itemListElement":[{"@type":"ListItem","position":1,"name":"Home","item":"https:\/\/www.organisator.ch\/"},{"@type":"ListItem","position":2,"name":"Sicherheit \u2013 ein Topthema f\u00fcr die Schweiz und ihre Industrie"}]},{"@type":"WebSite","@id":"https:\/\/www.organisator.ch\/#website","url":"https:\/\/www.organisator.ch\/","name":"Organizzatore","description":"Competente. Pratico. In 10 numeri all'anno, ORGANISATOR presenta i temi essenziali per i manager delle PMI.","publisher":{"@id":"https:\/\/www.organisator.ch\/#organization"},"potentialAction":[{"@type":"SearchAction","target":{"@type":"EntryPoint","urlTemplate":"https:\/\/www.organisator.ch\/?s={search_term_string}"},"query-input":{"@type":"PropertyValueSpecification","valueRequired":true,"valueName":"search_term_string"}}],"inLanguage":"it-IT"},{"@type":"Organization","@id":"https:\/\/www.organisator.ch\/#organization","name":"Organizzatore","url":"https:\/\/www.organisator.ch\/","logo":{"@type":"ImageObject","inLanguage":"it-IT","@id":"https:\/\/www.organisator.ch\/#\/schema\/logo\/image\/","url":"https:\/\/www.organisator.ch\/wp-content\/uploads\/2022\/01\/Logo_Organisator_Website.png","contentUrl":"https:\/\/www.organisator.ch\/wp-content\/uploads\/2022\/01\/Logo_Organisator_Website.png","width":800,"height":77,"caption":"Organisator"},"image":{"@id":"https:\/\/www.organisator.ch\/#\/schema\/logo\/image\/"},"sameAs":["https:\/\/www.facebook.com\/OrganisatorFachmagazin","https:\/\/www.linkedin.com\/showcase\/organisator-das-magazin-fr-kmu","https:\/\/www.xing.com\/news\/pages\/organisator-ch-695","https:\/\/www.youtube.com\/channel\/UCGP2Sq0iWaZwT3BdIAQFYpw"]},{"@type":"Person","@id":"https:\/\/www.organisator.ch\/#\/schema\/person\/4e51799071cd2dd1232ac003643ef5f0","name":"galledia","image":{"@type":"ImageObject","inLanguage":"it-IT","@id":"https:\/\/secure.gravatar.com\/avatar\/78a7f90c01fc2bfc875782a0d4922b37cde2cf184ce347b91316d23cd7f69a36?s=96&d=mm&r=g","url":"https:\/\/secure.gravatar.com\/avatar\/78a7f90c01fc2bfc875782a0d4922b37cde2cf184ce347b91316d23cd7f69a36?s=96&d=mm&r=g","contentUrl":"https:\/\/secure.gravatar.com\/avatar\/78a7f90c01fc2bfc875782a0d4922b37cde2cf184ce347b91316d23cd7f69a36?s=96&d=mm&r=g","caption":"galledia"},"sameAs":["https:\/\/x.com\/admin"],"url":"https:\/\/www.organisator.ch\/it\/author\/galledia\/"}]}},"_links":{"self":[{"href":"https:\/\/www.organisator.ch\/it\/wp-json\/wp\/v2\/posts\/15425","targetHints":{"allow":["GET"]}}],"collection":[{"href":"https:\/\/www.organisator.ch\/it\/wp-json\/wp\/v2\/posts"}],"about":[{"href":"https:\/\/www.organisator.ch\/it\/wp-json\/wp\/v2\/types\/post"}],"author":[{"embeddable":true,"href":"https:\/\/www.organisator.ch\/it\/wp-json\/wp\/v2\/users\/8"}],"replies":[{"embeddable":true,"href":"https:\/\/www.organisator.ch\/it\/wp-json\/wp\/v2\/comments?post=15425"}],"version-history":[{"count":4,"href":"https:\/\/www.organisator.ch\/it\/wp-json\/wp\/v2\/posts\/15425\/revisions"}],"predecessor-version":[{"id":15774,"href":"https:\/\/www.organisator.ch\/it\/wp-json\/wp\/v2\/posts\/15425\/revisions\/15774"}],"wp:attachment":[{"href":"https:\/\/www.organisator.ch\/it\/wp-json\/wp\/v2\/media?parent=15425"}],"wp:term":[{"taxonomy":"category","embeddable":true,"href":"https:\/\/www.organisator.ch\/it\/wp-json\/wp\/v2\/categories?post=15425"},{"taxonomy":"post_tag","embeddable":true,"href":"https:\/\/www.organisator.ch\/it\/wp-json\/wp\/v2\/tags?post=15425"}],"curies":[{"name":"wp","href":"https:\/\/api.w.org\/{rel}","templated":true}]}}