{"id":15459,"date":"2022-06-27T08:42:49","date_gmt":"2022-06-27T06:42:49","guid":{"rendered":"https:\/\/www.organisator.ch\/?p=15459"},"modified":"2022-06-27T08:42:49","modified_gmt":"2022-06-27T06:42:49","slug":"30-ausgabe-der-it-fachmesse-topsoft-beendet","status":"publish","type":"post","link":"https:\/\/www.organisator.ch\/it\/operational-excellence\/2022-06-27\/30-ausgabe-der-it-fachmesse-topsoft-beendet\/","title":{"rendered":"Si conclude la 30a edizione della fiera IT topsoft"},"content":{"rendered":"<figure id=\"attachment_15460\" aria-describedby=\"caption-attachment-15460\" style=\"width: 680px\" class=\"wp-caption alignnone\"><img loading=\"lazy\" decoding=\"async\" class=\"size-full wp-image-15460\" src=\"https:\/\/www.organisator.ch\/wp-content\/uploads\/2022\/06\/30.-Ausgabe-der-IT-Fachmesse-topsoft-beendet_Organisator.jpg\" alt=\"\" width=\"680\" height=\"447\" srcset=\"https:\/\/www.organisator.ch\/wp-content\/uploads\/2022\/06\/30.-Ausgabe-der-IT-Fachmesse-topsoft-beendet_Organisator.jpg 680w, https:\/\/www.organisator.ch\/wp-content\/uploads\/2022\/06\/30.-Ausgabe-der-IT-Fachmesse-topsoft-beendet_Organisator-18x12.jpg 18w, https:\/\/www.organisator.ch\/wp-content\/uploads\/2022\/06\/30.-Ausgabe-der-IT-Fachmesse-topsoft-beendet_Organisator-266x175.jpg 266w, https:\/\/www.organisator.ch\/wp-content\/uploads\/2022\/06\/30.-Ausgabe-der-IT-Fachmesse-topsoft-beendet_Organisator-532x350.jpg 532w, https:\/\/www.organisator.ch\/wp-content\/uploads\/2022\/06\/30.-Ausgabe-der-IT-Fachmesse-topsoft-beendet_Organisator-300x197.jpg 300w\" sizes=\"auto, (max-width: 680px) 100vw, 680px\" \/><figcaption id=\"caption-attachment-15460\" class=\"wp-caption-text\">La 30a edizione della fiera IT topsoft ha presentato un programma vario, ma ha contato relativamente pochi visitatori. (Immagine: Thomas Berner)<\/figcaption><\/figure>\n<p>Il 22\/23 giugno 2022, la fiera IT topsoft ha riaperto le sue porte dopo una pausa di due anni da Corona. Nell'Umwelt Arena Spreitenbach, fornitori, utenti ed esperti hanno potuto incontrarsi dal vivo e scambiare informazioni sulle ultime tendenze della digitalizzazione. \"Dopo la lunga interruzione, \u00e8 davvero bello organizzare un evento come questo\", ha dichiarato il direttore della fiera Cyrill Schmid alla vigilia della fiera. In effetti, molti espositori hanno suonato lo stesso clamore, sottolineando l'importanza dell'incontro personale con i clienti. Tuttavia, l'impressione soggettiva sul sito era un po' diversa: il numero di visitatori sembrava pi\u00f9 scarso rispetto al passato. Ci\u00f2 \u00e8 stato confermato anche dalle conversazioni con diversi espositori. Avrebbero voluto vedere pi\u00f9 affari. Ma la qualit\u00e0 delle (poche) discussioni \u00e8 stata elevata. \"Abbiamo la prospettiva di almeno un progetto concreto. Se questo si realizzer\u00e0, la nostra presenza in fiera sar\u00e0 gi\u00e0 stata proficua\", ha dichiarato Urs Amrein, Marketing Manager di Opacc, uno dei maggiori espositori di quest'anno.<\/p>\n<h3><strong>Potenziale informativo scarsamente utilizzato<\/strong><\/h3>\n<p>L'Umwelt Arena Schweiz ha offerto un ambiente attraente e moderno per la fiera IT di quest'anno. I visitatori hanno assistito a un programma completo all'insegna del motto \"Digitalizzazione. In diretta. Calcestruzzo\". Dalle soluzioni aziendali complete alle applicazioni speciali per il marketing, la finanza, la produzione o la logistica, sono state coperte molte aree tematiche. I workshop e le presentazioni di accompagnamento hanno trasmesso conoscenze pratiche su argomenti quali l'automazione dei processi, l'e-commerce, i social media, il marketing online e altro ancora. Il tema della protezione dei dati ha riscosso particolare interesse con la presentazione di Nicole Beranek Zanon, partner di H\u00e4rting Rechtsanw\u00e4lte. In confronto, il pubblico delle altre presentazioni era piuttosto scarso. Il direttore della fiera Cyrill Schmid era visibilmente deluso: \"Trovo frustrante che la gente prenoti un biglietto e poi non si presenti. \u00c8 davvero un peccato, perch\u00e9 \u00e8 sempre pi\u00f9 raro trovare tanta conoscenza informatica riunita in un unico luogo a condizioni cos\u00ec favorevoli.<\/p>\n<h3><strong>fiera topsoft, per la trentesima volta<\/strong><\/h3>\n<p>Il fatto che la fiera topsoft IT si svolgesse per la trentesima volta si \u00e8 quasi perso nella confusione. In questo modo ha superato tutti gli altri eventi informatici simili in patria e all'estero. Cyrill Schmid non nasconde la ricetta del successo: \"Ci concentriamo sulle esigenze dei fornitori e mettiamo al centro il dialogo con gli utenti. La fiera \u00e8 inserita nella nostra rete di informazioni, attiva tutto l'anno, che comprende eventi dal vivo, social media, stampa e canali online.\" L'anniversario \u00e8 stato poi celebrato in modo dignitoso all'aperitivo della fiera il 22 giugno.<\/p>\n<p>E poi? Gli organizzatori hanno affermato che, nonostante il successo sopra menzionato, la fiera topsoft IT necessita di un ulteriore sviluppo concettuale. Non \u00e8 chiaro in quale direzione si debba andare. Ma le idee non mancano e il bisogno di informazioni sulla digitalizzazione \u00e8 ancora alto.<\/p>\n<p><a href=\"http:\/\/www.topsoft.ch\"><em>www.topsoft.ch<\/em><\/a><\/p>\n<p>&nbsp;<\/p>","protected":false},"excerpt":{"rendered":"<p>Am 22.\/23. Juni 2022 \u00f6ffnete die IT-Fachmesse topsoft nach zweij\u00e4hriger Corona-Pause wieder die Tore. In der Umwelt Arena Spreitenbach konnten sich Anbieter, Anwender und Experten live begegnen und \u00fcber die neuesten Trends der Digitalisierung austauschen. \u00abNach dem langen Unterbruch f\u00fchlt es sich richtig gut an, eine solche Veranstaltung durchzuf\u00fchren\u00bb, sagte Messeleiter Cyrill Schmid im Vorfeld [&hellip;]<\/p>\n","protected":false},"author":4,"featured_media":15460,"comment_status":"closed","ping_status":"closed","sticky":false,"template":"","format":"standard","meta":{"_acf_changed":false,"_yoast_wpseo_focuskw":"IT-Fachmesse topsoft","_yoast_wpseo_metadesc":"Am 22.\/23. Juni 2022 fand zum nunmehr dreissigsten Mal die IT-Fachmesse topsoft statt. Ein vielf\u00e4ltiges Programm erwartete die Besucher.","articlekey":"","footnotes":""},"categories":[27,582],"tags":[193,287,482],"class_list":["post-15459","post","type-post","status-publish","format-standard","has-post-thumbnail","hentry","category-it","category-operational-excellence","tag-fachkongressfachmesse","tag-itbusiness-software","tag-topsoft"],"acf":[],"yoast_head":"<!-- This site is optimized with the Yoast SEO plugin v27.4 - https:\/\/yoast.com\/product\/yoast-seo-wordpress\/ -->\n<title>30. Ausgabe der IT-Fachmesse topsoft beendet - Organisator<\/title>\n<meta name=\"description\" content=\"Am 22.\/23. Juni 2022 fand zum nunmehr dreissigsten Mal die IT-Fachmesse topsoft statt. Ein vielf\u00e4ltiges Programm erwartete die Besucher.\" \/>\n<meta name=\"robots\" content=\"index, follow, max-snippet:-1, max-image-preview:large, max-video-preview:-1\" \/>\n<link rel=\"canonical\" href=\"https:\/\/www.organisator.ch\/it\/gestione-2\/it\/2022-06-27\/30-ausgabe-der-it-fachmesse-topsoft-beendet\/\" \/>\n<meta property=\"og:locale\" content=\"it_IT\" \/>\n<meta property=\"og:type\" content=\"article\" \/>\n<meta property=\"og:title\" content=\"30. Ausgabe der IT-Fachmesse topsoft beendet\" \/>\n<meta property=\"og:description\" content=\"Am 22.\/23. Juni 2022 fand zum nunmehr dreissigsten Mal die IT-Fachmesse topsoft statt. Ein vielf\u00e4ltiges Programm erwartete die Besucher.\" \/>\n<meta property=\"og:url\" content=\"https:\/\/www.organisator.ch\/it\/gestione-2\/it\/2022-06-27\/30-ausgabe-der-it-fachmesse-topsoft-beendet\/\" \/>\n<meta property=\"og:site_name\" content=\"Organisator\" \/>\n<meta property=\"article:publisher\" content=\"https:\/\/www.facebook.com\/OrganisatorFachmagazin\" \/>\n<meta property=\"article:published_time\" content=\"2022-06-27T06:42:49+00:00\" \/>\n<meta property=\"og:image\" content=\"https:\/\/www.organisator.ch\/wp-content\/uploads\/2022\/06\/30.-Ausgabe-der-IT-Fachmesse-topsoft-beendet_Organisator.jpg\" \/>\n\t<meta property=\"og:image:width\" content=\"680\" \/>\n\t<meta property=\"og:image:height\" content=\"447\" \/>\n\t<meta property=\"og:image:type\" content=\"image\/jpeg\" \/>\n<meta name=\"author\" content=\"thomas.berner\" \/>\n<meta name=\"twitter:card\" content=\"summary_large_image\" \/>\n<meta name=\"twitter:title\" content=\"30. Ausgabe der IT-Fachmesse #topsoft beendet\" \/>\n<meta name=\"twitter:description\" content=\"Am 22.\/23. Juni 2022 fand zum nunmehr dreissigsten Mal die #IT-Fachmesse #topsoft statt. Ein vielf\u00e4ltiges Programm erwartete die Besucher.\" \/>\n<meta name=\"twitter:image\" content=\"https:\/\/www.organisator.ch\/wp-content\/uploads\/2022\/06\/30.-Ausgabe-der-IT-Fachmesse-topsoft-beendet_Organisator.jpg\" \/>\n<script type=\"application\/ld+json\" class=\"yoast-schema-graph\">{\"@context\":\"https:\\\/\\\/schema.org\",\"@graph\":[{\"@type\":\"Article\",\"@id\":\"https:\\\/\\\/www.organisator.ch\\\/management\\\/it\\\/2022-06-27\\\/30-ausgabe-der-it-fachmesse-topsoft-beendet\\\/#article\",\"isPartOf\":{\"@id\":\"https:\\\/\\\/www.organisator.ch\\\/management\\\/it\\\/2022-06-27\\\/30-ausgabe-der-it-fachmesse-topsoft-beendet\\\/\"},\"author\":{\"name\":\"thomas.berner\",\"@id\":\"https:\\\/\\\/www.organisator.ch\\\/#\\\/schema\\\/person\\\/6f650f90b2842cd4c0cc334b4e36f67e\"},\"headline\":\"30. Ausgabe der IT-Fachmesse topsoft beendet\",\"datePublished\":\"2022-06-27T06:42:49+00:00\",\"mainEntityOfPage\":{\"@id\":\"https:\\\/\\\/www.organisator.ch\\\/management\\\/it\\\/2022-06-27\\\/30-ausgabe-der-it-fachmesse-topsoft-beendet\\\/\"},\"wordCount\":502,\"publisher\":{\"@id\":\"https:\\\/\\\/www.organisator.ch\\\/#organization\"},\"image\":{\"@id\":\"https:\\\/\\\/www.organisator.ch\\\/management\\\/it\\\/2022-06-27\\\/30-ausgabe-der-it-fachmesse-topsoft-beendet\\\/#primaryimage\"},\"thumbnailUrl\":\"https:\\\/\\\/www.organisator.ch\\\/wp-content\\\/uploads\\\/2022\\\/06\\\/30.-Ausgabe-der-IT-Fachmesse-topsoft-beendet_Organisator.jpg\",\"keywords\":[\"Fachkongress\\\/Fachmesse\",\"IT\u2009&amp;\u2009Business Software\",\"topsoft\"],\"articleSection\":[\"IT\",\"OPERATIONAL EXCELLENCE\"],\"inLanguage\":\"it-IT\"},{\"@type\":\"WebPage\",\"@id\":\"https:\\\/\\\/www.organisator.ch\\\/management\\\/it\\\/2022-06-27\\\/30-ausgabe-der-it-fachmesse-topsoft-beendet\\\/\",\"url\":\"https:\\\/\\\/www.organisator.ch\\\/management\\\/it\\\/2022-06-27\\\/30-ausgabe-der-it-fachmesse-topsoft-beendet\\\/\",\"name\":\"30. Ausgabe der IT-Fachmesse topsoft beendet - Organisator\",\"isPartOf\":{\"@id\":\"https:\\\/\\\/www.organisator.ch\\\/#website\"},\"primaryImageOfPage\":{\"@id\":\"https:\\\/\\\/www.organisator.ch\\\/management\\\/it\\\/2022-06-27\\\/30-ausgabe-der-it-fachmesse-topsoft-beendet\\\/#primaryimage\"},\"image\":{\"@id\":\"https:\\\/\\\/www.organisator.ch\\\/management\\\/it\\\/2022-06-27\\\/30-ausgabe-der-it-fachmesse-topsoft-beendet\\\/#primaryimage\"},\"thumbnailUrl\":\"https:\\\/\\\/www.organisator.ch\\\/wp-content\\\/uploads\\\/2022\\\/06\\\/30.-Ausgabe-der-IT-Fachmesse-topsoft-beendet_Organisator.jpg\",\"datePublished\":\"2022-06-27T06:42:49+00:00\",\"description\":\"Am 22.\\\/23. Juni 2022 fand zum nunmehr dreissigsten Mal die IT-Fachmesse topsoft statt. Ein vielf\u00e4ltiges Programm erwartete die Besucher.\",\"breadcrumb\":{\"@id\":\"https:\\\/\\\/www.organisator.ch\\\/management\\\/it\\\/2022-06-27\\\/30-ausgabe-der-it-fachmesse-topsoft-beendet\\\/#breadcrumb\"},\"inLanguage\":\"it-IT\",\"potentialAction\":[{\"@type\":\"ReadAction\",\"target\":[\"https:\\\/\\\/www.organisator.ch\\\/management\\\/it\\\/2022-06-27\\\/30-ausgabe-der-it-fachmesse-topsoft-beendet\\\/\"]}]},{\"@type\":\"ImageObject\",\"inLanguage\":\"it-IT\",\"@id\":\"https:\\\/\\\/www.organisator.ch\\\/management\\\/it\\\/2022-06-27\\\/30-ausgabe-der-it-fachmesse-topsoft-beendet\\\/#primaryimage\",\"url\":\"https:\\\/\\\/www.organisator.ch\\\/wp-content\\\/uploads\\\/2022\\\/06\\\/30.-Ausgabe-der-IT-Fachmesse-topsoft-beendet_Organisator.jpg\",\"contentUrl\":\"https:\\\/\\\/www.organisator.ch\\\/wp-content\\\/uploads\\\/2022\\\/06\\\/30.-Ausgabe-der-IT-Fachmesse-topsoft-beendet_Organisator.jpg\",\"width\":680,\"height\":447,\"caption\":\"Die 30. Ausgabe der IT-Fachmesse topsoft zeigte ein vielf\u00e4ltiges Programm, z\u00e4hlte aber vergleichsweise wenige Besucherinnen und Besucher. (Bild: Thomas Berner)\"},{\"@type\":\"BreadcrumbList\",\"@id\":\"https:\\\/\\\/www.organisator.ch\\\/management\\\/it\\\/2022-06-27\\\/30-ausgabe-der-it-fachmesse-topsoft-beendet\\\/#breadcrumb\",\"itemListElement\":[{\"@type\":\"ListItem\",\"position\":1,\"name\":\"Home\",\"item\":\"https:\\\/\\\/www.organisator.ch\\\/\"},{\"@type\":\"ListItem\",\"position\":2,\"name\":\"30. Ausgabe der IT-Fachmesse topsoft beendet\"}]},{\"@type\":\"WebSite\",\"@id\":\"https:\\\/\\\/www.organisator.ch\\\/#website\",\"url\":\"https:\\\/\\\/www.organisator.ch\\\/\",\"name\":\"Organisator\",\"description\":\"Kompetent. Praxisnah. Der ORGANISATOR bereitet in 10 Ausgaben pro Jahr die wesentlichen Themen f\u00fcr F\u00fchrungskr\u00e4fte von KMU auf.\",\"publisher\":{\"@id\":\"https:\\\/\\\/www.organisator.ch\\\/#organization\"},\"potentialAction\":[{\"@type\":\"SearchAction\",\"target\":{\"@type\":\"EntryPoint\",\"urlTemplate\":\"https:\\\/\\\/www.organisator.ch\\\/?s={search_term_string}\"},\"query-input\":{\"@type\":\"PropertyValueSpecification\",\"valueRequired\":true,\"valueName\":\"search_term_string\"}}],\"inLanguage\":\"it-IT\"},{\"@type\":\"Organization\",\"@id\":\"https:\\\/\\\/www.organisator.ch\\\/#organization\",\"name\":\"Organisator\",\"url\":\"https:\\\/\\\/www.organisator.ch\\\/\",\"logo\":{\"@type\":\"ImageObject\",\"inLanguage\":\"it-IT\",\"@id\":\"https:\\\/\\\/www.organisator.ch\\\/#\\\/schema\\\/logo\\\/image\\\/\",\"url\":\"https:\\\/\\\/www.organisator.ch\\\/wp-content\\\/uploads\\\/2022\\\/01\\\/Logo_Organisator_Website.png\",\"contentUrl\":\"https:\\\/\\\/www.organisator.ch\\\/wp-content\\\/uploads\\\/2022\\\/01\\\/Logo_Organisator_Website.png\",\"width\":800,\"height\":77,\"caption\":\"Organisator\"},\"image\":{\"@id\":\"https:\\\/\\\/www.organisator.ch\\\/#\\\/schema\\\/logo\\\/image\\\/\"},\"sameAs\":[\"https:\\\/\\\/www.facebook.com\\\/OrganisatorFachmagazin\",\"https:\\\/\\\/www.linkedin.com\\\/showcase\\\/organisator-das-magazin-fr-kmu\",\"https:\\\/\\\/www.xing.com\\\/news\\\/pages\\\/organisator-ch-695\",\"https:\\\/\\\/www.youtube.com\\\/channel\\\/UCGP2Sq0iWaZwT3BdIAQFYpw\"]},{\"@type\":\"Person\",\"@id\":\"https:\\\/\\\/www.organisator.ch\\\/#\\\/schema\\\/person\\\/6f650f90b2842cd4c0cc334b4e36f67e\",\"name\":\"thomas.berner\",\"image\":{\"@type\":\"ImageObject\",\"inLanguage\":\"it-IT\",\"@id\":\"https:\\\/\\\/secure.gravatar.com\\\/avatar\\\/ac5001d2a36cb6c6cd3e50789007ffca834b477b74a2144564522e944eabff61?s=96&d=mm&r=g\",\"url\":\"https:\\\/\\\/secure.gravatar.com\\\/avatar\\\/ac5001d2a36cb6c6cd3e50789007ffca834b477b74a2144564522e944eabff61?s=96&d=mm&r=g\",\"contentUrl\":\"https:\\\/\\\/secure.gravatar.com\\\/avatar\\\/ac5001d2a36cb6c6cd3e50789007ffca834b477b74a2144564522e944eabff61?s=96&d=mm&r=g\",\"caption\":\"thomas.berner\"},\"url\":\"https:\\\/\\\/www.organisator.ch\\\/it\\\/author\\\/thomas-berner\\\/\"}]}<\/script>\n<!-- \/ Yoast SEO plugin. -->","yoast_head_json":{"title":"Si conclude la 30a edizione della fiera topsoft IT - Organizzatore","description":"Il 22\/23 giugno 2022 si \u00e8 svolta per la trentesima volta la fiera IT topsoft. Un programma vario attendeva i visitatori.","robots":{"index":"index","follow":"follow","max-snippet":"max-snippet:-1","max-image-preview":"max-image-preview:large","max-video-preview":"max-video-preview:-1"},"canonical":"https:\/\/www.organisator.ch\/it\/gestione-2\/it\/2022-06-27\/30-ausgabe-der-it-fachmesse-topsoft-beendet\/","og_locale":"it_IT","og_type":"article","og_title":"30. Ausgabe der IT-Fachmesse topsoft beendet","og_description":"Am 22.\/23. Juni 2022 fand zum nunmehr dreissigsten Mal die IT-Fachmesse topsoft statt. Ein vielf\u00e4ltiges Programm erwartete die Besucher.","og_url":"https:\/\/www.organisator.ch\/it\/gestione-2\/it\/2022-06-27\/30-ausgabe-der-it-fachmesse-topsoft-beendet\/","og_site_name":"Organisator","article_publisher":"https:\/\/www.facebook.com\/OrganisatorFachmagazin","article_published_time":"2022-06-27T06:42:49+00:00","og_image":[{"width":680,"height":447,"url":"https:\/\/www.organisator.ch\/wp-content\/uploads\/2022\/06\/30.-Ausgabe-der-IT-Fachmesse-topsoft-beendet_Organisator.jpg","type":"image\/jpeg"}],"author":"thomas.berner","twitter_card":"summary_large_image","twitter_title":"30. Ausgabe der IT-Fachmesse #topsoft beendet","twitter_description":"Am 22.\/23. Juni 2022 fand zum nunmehr dreissigsten Mal die #IT-Fachmesse #topsoft statt. Ein vielf\u00e4ltiges Programm erwartete die Besucher.","twitter_image":"https:\/\/www.organisator.ch\/wp-content\/uploads\/2022\/06\/30.-Ausgabe-der-IT-Fachmesse-topsoft-beendet_Organisator.jpg","schema":{"@context":"https:\/\/schema.org","@graph":[{"@type":"Article","@id":"https:\/\/www.organisator.ch\/management\/it\/2022-06-27\/30-ausgabe-der-it-fachmesse-topsoft-beendet\/#article","isPartOf":{"@id":"https:\/\/www.organisator.ch\/management\/it\/2022-06-27\/30-ausgabe-der-it-fachmesse-topsoft-beendet\/"},"author":{"name":"thomas.berner","@id":"https:\/\/www.organisator.ch\/#\/schema\/person\/6f650f90b2842cd4c0cc334b4e36f67e"},"headline":"30. Ausgabe der IT-Fachmesse topsoft beendet","datePublished":"2022-06-27T06:42:49+00:00","mainEntityOfPage":{"@id":"https:\/\/www.organisator.ch\/management\/it\/2022-06-27\/30-ausgabe-der-it-fachmesse-topsoft-beendet\/"},"wordCount":502,"publisher":{"@id":"https:\/\/www.organisator.ch\/#organization"},"image":{"@id":"https:\/\/www.organisator.ch\/management\/it\/2022-06-27\/30-ausgabe-der-it-fachmesse-topsoft-beendet\/#primaryimage"},"thumbnailUrl":"https:\/\/www.organisator.ch\/wp-content\/uploads\/2022\/06\/30.-Ausgabe-der-IT-Fachmesse-topsoft-beendet_Organisator.jpg","keywords":["Fachkongress\/Fachmesse","IT\u2009&amp;\u2009Business Software","topsoft"],"articleSection":["IT","OPERATIONAL EXCELLENCE"],"inLanguage":"it-IT"},{"@type":"WebPage","@id":"https:\/\/www.organisator.ch\/management\/it\/2022-06-27\/30-ausgabe-der-it-fachmesse-topsoft-beendet\/","url":"https:\/\/www.organisator.ch\/management\/it\/2022-06-27\/30-ausgabe-der-it-fachmesse-topsoft-beendet\/","name":"Si conclude la 30a edizione della fiera topsoft IT - Organizzatore","isPartOf":{"@id":"https:\/\/www.organisator.ch\/#website"},"primaryImageOfPage":{"@id":"https:\/\/www.organisator.ch\/management\/it\/2022-06-27\/30-ausgabe-der-it-fachmesse-topsoft-beendet\/#primaryimage"},"image":{"@id":"https:\/\/www.organisator.ch\/management\/it\/2022-06-27\/30-ausgabe-der-it-fachmesse-topsoft-beendet\/#primaryimage"},"thumbnailUrl":"https:\/\/www.organisator.ch\/wp-content\/uploads\/2022\/06\/30.-Ausgabe-der-IT-Fachmesse-topsoft-beendet_Organisator.jpg","datePublished":"2022-06-27T06:42:49+00:00","description":"Il 22\/23 giugno 2022 si \u00e8 svolta per la trentesima volta la fiera IT topsoft. Un programma vario attendeva i visitatori.","breadcrumb":{"@id":"https:\/\/www.organisator.ch\/management\/it\/2022-06-27\/30-ausgabe-der-it-fachmesse-topsoft-beendet\/#breadcrumb"},"inLanguage":"it-IT","potentialAction":[{"@type":"ReadAction","target":["https:\/\/www.organisator.ch\/management\/it\/2022-06-27\/30-ausgabe-der-it-fachmesse-topsoft-beendet\/"]}]},{"@type":"ImageObject","inLanguage":"it-IT","@id":"https:\/\/www.organisator.ch\/management\/it\/2022-06-27\/30-ausgabe-der-it-fachmesse-topsoft-beendet\/#primaryimage","url":"https:\/\/www.organisator.ch\/wp-content\/uploads\/2022\/06\/30.-Ausgabe-der-IT-Fachmesse-topsoft-beendet_Organisator.jpg","contentUrl":"https:\/\/www.organisator.ch\/wp-content\/uploads\/2022\/06\/30.-Ausgabe-der-IT-Fachmesse-topsoft-beendet_Organisator.jpg","width":680,"height":447,"caption":"Die 30. Ausgabe der IT-Fachmesse topsoft zeigte ein vielf\u00e4ltiges Programm, z\u00e4hlte aber vergleichsweise wenige Besucherinnen und Besucher. (Bild: Thomas Berner)"},{"@type":"BreadcrumbList","@id":"https:\/\/www.organisator.ch\/management\/it\/2022-06-27\/30-ausgabe-der-it-fachmesse-topsoft-beendet\/#breadcrumb","itemListElement":[{"@type":"ListItem","position":1,"name":"Home","item":"https:\/\/www.organisator.ch\/"},{"@type":"ListItem","position":2,"name":"30. Ausgabe der IT-Fachmesse topsoft beendet"}]},{"@type":"WebSite","@id":"https:\/\/www.organisator.ch\/#website","url":"https:\/\/www.organisator.ch\/","name":"Organizzatore","description":"Competente. Pratico. In 10 numeri all'anno, ORGANISATOR presenta i temi essenziali per i manager delle PMI.","publisher":{"@id":"https:\/\/www.organisator.ch\/#organization"},"potentialAction":[{"@type":"SearchAction","target":{"@type":"EntryPoint","urlTemplate":"https:\/\/www.organisator.ch\/?s={search_term_string}"},"query-input":{"@type":"PropertyValueSpecification","valueRequired":true,"valueName":"search_term_string"}}],"inLanguage":"it-IT"},{"@type":"Organization","@id":"https:\/\/www.organisator.ch\/#organization","name":"Organizzatore","url":"https:\/\/www.organisator.ch\/","logo":{"@type":"ImageObject","inLanguage":"it-IT","@id":"https:\/\/www.organisator.ch\/#\/schema\/logo\/image\/","url":"https:\/\/www.organisator.ch\/wp-content\/uploads\/2022\/01\/Logo_Organisator_Website.png","contentUrl":"https:\/\/www.organisator.ch\/wp-content\/uploads\/2022\/01\/Logo_Organisator_Website.png","width":800,"height":77,"caption":"Organisator"},"image":{"@id":"https:\/\/www.organisator.ch\/#\/schema\/logo\/image\/"},"sameAs":["https:\/\/www.facebook.com\/OrganisatorFachmagazin","https:\/\/www.linkedin.com\/showcase\/organisator-das-magazin-fr-kmu","https:\/\/www.xing.com\/news\/pages\/organisator-ch-695","https:\/\/www.youtube.com\/channel\/UCGP2Sq0iWaZwT3BdIAQFYpw"]},{"@type":"Person","@id":"https:\/\/www.organisator.ch\/#\/schema\/person\/6f650f90b2842cd4c0cc334b4e36f67e","name":"Tommaso.berner","image":{"@type":"ImageObject","inLanguage":"it-IT","@id":"https:\/\/secure.gravatar.com\/avatar\/ac5001d2a36cb6c6cd3e50789007ffca834b477b74a2144564522e944eabff61?s=96&d=mm&r=g","url":"https:\/\/secure.gravatar.com\/avatar\/ac5001d2a36cb6c6cd3e50789007ffca834b477b74a2144564522e944eabff61?s=96&d=mm&r=g","contentUrl":"https:\/\/secure.gravatar.com\/avatar\/ac5001d2a36cb6c6cd3e50789007ffca834b477b74a2144564522e944eabff61?s=96&d=mm&r=g","caption":"thomas.berner"},"url":"https:\/\/www.organisator.ch\/it\/author\/thomas-berner\/"}]}},"_links":{"self":[{"href":"https:\/\/www.organisator.ch\/it\/wp-json\/wp\/v2\/posts\/15459","targetHints":{"allow":["GET"]}}],"collection":[{"href":"https:\/\/www.organisator.ch\/it\/wp-json\/wp\/v2\/posts"}],"about":[{"href":"https:\/\/www.organisator.ch\/it\/wp-json\/wp\/v2\/types\/post"}],"author":[{"embeddable":true,"href":"https:\/\/www.organisator.ch\/it\/wp-json\/wp\/v2\/users\/4"}],"replies":[{"embeddable":true,"href":"https:\/\/www.organisator.ch\/it\/wp-json\/wp\/v2\/comments?post=15459"}],"version-history":[{"count":1,"href":"https:\/\/www.organisator.ch\/it\/wp-json\/wp\/v2\/posts\/15459\/revisions"}],"predecessor-version":[{"id":15461,"href":"https:\/\/www.organisator.ch\/it\/wp-json\/wp\/v2\/posts\/15459\/revisions\/15461"}],"wp:featuredmedia":[{"embeddable":true,"href":"https:\/\/www.organisator.ch\/it\/wp-json\/wp\/v2\/media\/15460"}],"wp:attachment":[{"href":"https:\/\/www.organisator.ch\/it\/wp-json\/wp\/v2\/media?parent=15459"}],"wp:term":[{"taxonomy":"category","embeddable":true,"href":"https:\/\/www.organisator.ch\/it\/wp-json\/wp\/v2\/categories?post=15459"},{"taxonomy":"post_tag","embeddable":true,"href":"https:\/\/www.organisator.ch\/it\/wp-json\/wp\/v2\/tags?post=15459"}],"curies":[{"name":"wp","href":"https:\/\/api.w.org\/{rel}","templated":true}]}}