{"id":15462,"date":"2022-06-27T10:51:45","date_gmt":"2022-06-27T08:51:45","guid":{"rendered":"https:\/\/www.werbewoche.ch\/?p=179943"},"modified":"2022-07-23T16:14:45","modified_gmt":"2022-07-23T14:14:45","slug":"nachhaltige-swisscom-ueber-1-million-alt-handys-gesammelt","status":"publish","type":"post","link":"https:\/\/www.organisator.ch\/it\/marketing\/2022-06-27\/nachhaltige-swisscom-ueber-1-million-alt-handys-gesammelt\/","title":{"rendered":"Swisscom sostenibile: raccolti oltre 1 milione di vecchi cellulari"},"content":{"rendered":"Il CEO di Swisscom Christoph Aeschlimann annuncia oggi anche una nuova pietra miliare nell'ambito dell'economia circolare: entro giugno 2022, i clienti di Swisscom avranno raggiunto i seguenti risultati dall'inizio del programma di economia circolare <a href=\"https:\/\/www.swisscom.ch\/de\/about\/nachhaltigkeit\/mobile-aid.html\" rel=\"noopener noreferrer\">Aiuto mobile<\/a>\u00a0ha restituito un milione di vecchi elettrodomestici nel 2012.\r\n\r\n\"La Svizzera pu\u00f2 essere orgogliosa\", afferma Monika Wojcik, responsabile dei progetti speciali di World Finance. \"Swisscom ha raggiunto un risultato che non ha eguali a livello internazionale. Non solo \u00e8 passata completamente all'elettricit\u00e0 rinnovabile proveniente dalla Svizzera, ma ha anche ridotto il suo fabbisogno energetico totale di 80%. Entro il 2025, inoltre, l'azienda sar\u00e0 neutrale dal punto di vista climatico in tutti i suoi aspetti, dalle catene di approvvigionamento agli spostamenti dei dipendenti. Inoltre, mira a recuperare 1 milione di tonnellate di CO2 in pi\u00f9 rispetto al consumo. Questo solleva l'intero Paese\".\r\n<h3><strong>Apprezzamento per la tabella di marcia verso la neutralit\u00e0 climatica<\/strong><\/h3>\r\nCon i lanci del 2019 del\u00a0<a href=\"https:\/\/www.worldfinance.com\/sustainability-awards\" rel=\"noopener noreferrer\">Premi per la sostenibilit\u00e0<\/a>\u00a0la rivista World Finance Magazine premia le aziende che si impegnano ad attuare misure ambientali, sociali e di governance (ESG) significative e che cercano continuamente di migliorare i propri sforzi di sostenibilit\u00e0. La giuria ha riconosciuto in particolare l'allineamento di Swisscom con l'Accordo di Parigi, il suo contributo ai 17 Obiettivi di Sviluppo Sostenibile (SDGs) e la sua strategia olistica di sostenibilit\u00e0. La giuria ha riconosciuto le pratiche aziendali e l'etica di Swisscom, la sua leadership nella definizione di un'ambiziosa strategia di sostenibilit\u00e0 nel settore delle telecomunicazioni e l'emissione dei Green Bond per promuovere i progressi sostenibili e tecnologici. Swisscom non si assume solo la responsabilit\u00e0 per l'ambiente, ma anche per le persone. Secondo la valutazione della giuria, ci\u00f2 \u00e8 stato dimostrato soprattutto durante la pandemia.\r\n<h3><strong>1 milione di telefoni cellulari finanzia 5 milioni di pasti<\/strong><\/h3>\r\n\"Il premio \u00e8 un meraviglioso riconoscimento della nostra governance aziendale sostenibile e responsabile\", afferma il CEO Christoph Aeschlimann. \"Ma vorrei ringraziare soprattutto i nostri clienti per il loro impegno sostenibile: pochi giorni fa, in un negozio Swisscom di Berna \u00e8 stato consegnato il milionesimo cellulare raccolto per Mobile Aid. Nell'ambito del programma Mobile Aid, clienti e non clienti possono donare i loro vecchi smartphone per una buona causa.\r\n\r\n\"Il ricavato di un milione di telefoni cellulari raccolti ha gi\u00e0 finanziato 5 milioni di pasti per i bambini bisognosi\", spiega Aeschlimann. Si stima che in Svizzera ci siano ancora otto milioni di vecchi telefoni cellulari inutilizzati. Il loro valore materiale supera facilmente i 60 milioni di franchi svizzeri. Il ricavato della rivendita dei telefoni cellulari usati e del corretto riciclaggio dei vecchi dispositivi va a beneficio di SOS Villaggi dei Bambini Svizzera.\r\n\r\nSoprattutto in considerazione della scarsit\u00e0 di risorse naturali, anche il materiale ottenuto dal riciclo \u00e8 molto prezioso. Dopo tutto, le terre rare necessarie per la produzione di nuovi telefoni cellulari provengono da tutto il mondo. Grazie a Mobile Aid, Swisscom attinge a una risorsa del proprio Paese che, grazie al riciclaggio, crea anche posti di lavoro a bassa soglia e a carattere sociale.","protected":false},"excerpt":{"rendered":"<p>Auch im Bereich Kreislaufwirtschaft verk\u00fcndet Swisscom-CEO Christoph Aeschlimann heute einen neuen Meilenstein \u2013 bis Juni 2022 haben Swisscom Kundinnen und Kunden seit Beginn des Kreislaufwirtschafts-Programms Mobile Aid\u00a0im Jahr 2012 eine Million alte Ger\u00e4te zur\u00fcckgebracht. \u00abDie Schweiz kann stolz sein\u00bb, sagt Monika Wojcik, Head of Special Projects bei World Finance. \u00abDenn Swisscom hat etwas geschafft, das [\u2026]<\/p>\n","protected":false},"author":8,"featured_media":0,"comment_status":"closed","ping_status":"closed","sticky":false,"template":"","format":"standard","meta":{"_acf_changed":false,"_yoast_wpseo_focuskw":"Swisscom","_yoast_wpseo_metadesc":"Das Magazin World Finance hat Swisscom zur \u00abMost Sustainable Company in the Telecommunication Industry 2022\u00bb gew\u00e4hlt.","articlekey":"","footnotes":""},"categories":[29],"tags":[3079,3080,2962],"class_list":["post-15462","post","type-post","status-publish","format-standard","hentry","category-marketing","tag-handys-gesammelt","tag-nachhaltige","tag-swisscom"],"acf":[],"yoast_head":"<!-- This site is optimized with the Yoast SEO plugin v27.5 - https:\/\/yoast.com\/product\/yoast-seo-wordpress\/ -->\n<title>Nachhaltige Swisscom: \u00dcber 1 Million Alt-Handys gesammelt - Organisator<\/title>\n<meta name=\"description\" content=\"Das Magazin World Finance hat Swisscom zur \u00abMost Sustainable Company in the Telecommunication Industry 2022\u00bb gew\u00e4hlt.\" \/>\n<meta name=\"robots\" content=\"index, follow, max-snippet:-1, max-image-preview:large, max-video-preview:-1\" \/>\n<link rel=\"canonical\" href=\"https:\/\/www.werbewoche.ch\/de\/marketing\/marken\/2022-06-27\/nachhaltige-swisscom-ueber-1-million-alt-handys-gesammelt\/\" \/>\n<meta property=\"og:locale\" content=\"it_IT\" \/>\n<meta property=\"og:type\" content=\"article\" \/>\n<meta property=\"og:title\" content=\"Nachhaltige Swisscom: \u00dcber 1 Million Alt-Handys gesammelt - Organisator\" \/>\n<meta property=\"og:description\" content=\"Das Magazin World Finance hat Swisscom zur \u00abMost Sustainable Company in the Telecommunication Industry 2022\u00bb gew\u00e4hlt.\" \/>\n<meta property=\"og:url\" content=\"https:\/\/www.werbewoche.ch\/de\/marketing\/marken\/2022-06-27\/nachhaltige-swisscom-ueber-1-million-alt-handys-gesammelt\/\" \/>\n<meta property=\"og:site_name\" content=\"Organisator\" \/>\n<meta property=\"article:publisher\" content=\"https:\/\/www.facebook.com\/OrganisatorFachmagazin\" \/>\n<meta property=\"article:published_time\" content=\"2022-06-27T08:51:45+00:00\" \/>\n<meta property=\"article:modified_time\" content=\"2022-07-23T14:14:45+00:00\" \/>\n<meta name=\"author\" content=\"galledia\" \/>\n<meta name=\"twitter:card\" content=\"summary_large_image\" \/>\n<meta name=\"twitter:creator\" content=\"@admin\" \/>\n<script type=\"application\/ld+json\" class=\"yoast-schema-graph\">{\"@context\":\"https:\\\/\\\/schema.org\",\"@graph\":[{\"@type\":\"Article\",\"@id\":\"https:\\\/\\\/www.werbewoche.ch\\\/de\\\/marketing\\\/marken\\\/2022-06-27\\\/nachhaltige-swisscom-ueber-1-million-alt-handys-gesammelt\\\/#article\",\"isPartOf\":{\"@id\":\"https:\\\/\\\/www.organisator.ch\\\/marketing\\\/2022-06-27\\\/nachhaltige-swisscom-ueber-1-million-alt-handys-gesammelt\\\/\"},\"author\":{\"name\":\"galledia\",\"@id\":\"https:\\\/\\\/www.organisator.ch\\\/#\\\/schema\\\/person\\\/4e51799071cd2dd1232ac003643ef5f0\"},\"headline\":\"Nachhaltige Swisscom: \u00dcber 1 Million Alt-Handys gesammelt\",\"datePublished\":\"2022-06-27T08:51:45+00:00\",\"dateModified\":\"2022-07-23T14:14:45+00:00\",\"mainEntityOfPage\":{\"@id\":\"https:\\\/\\\/www.organisator.ch\\\/marketing\\\/2022-06-27\\\/nachhaltige-swisscom-ueber-1-million-alt-handys-gesammelt\\\/\"},\"wordCount\":467,\"publisher\":{\"@id\":\"https:\\\/\\\/www.organisator.ch\\\/#organization\"},\"keywords\":[\"Handys gesammelt\",\"Nachhaltige\",\"Swisscom\"],\"articleSection\":[\"MARKETING\"],\"inLanguage\":\"it-IT\"},{\"@type\":\"WebPage\",\"@id\":\"https:\\\/\\\/www.organisator.ch\\\/marketing\\\/2022-06-27\\\/nachhaltige-swisscom-ueber-1-million-alt-handys-gesammelt\\\/\",\"url\":\"https:\\\/\\\/www.werbewoche.ch\\\/de\\\/marketing\\\/marken\\\/2022-06-27\\\/nachhaltige-swisscom-ueber-1-million-alt-handys-gesammelt\\\/\",\"name\":\"Nachhaltige Swisscom: \u00dcber 1 Million Alt-Handys gesammelt - Organisator\",\"isPartOf\":{\"@id\":\"https:\\\/\\\/www.organisator.ch\\\/#website\"},\"datePublished\":\"2022-06-27T08:51:45+00:00\",\"dateModified\":\"2022-07-23T14:14:45+00:00\",\"description\":\"Das Magazin World Finance hat Swisscom zur \u00abMost Sustainable Company in the Telecommunication Industry 2022\u00bb gew\u00e4hlt.\",\"breadcrumb\":{\"@id\":\"https:\\\/\\\/www.werbewoche.ch\\\/de\\\/marketing\\\/marken\\\/2022-06-27\\\/nachhaltige-swisscom-ueber-1-million-alt-handys-gesammelt\\\/#breadcrumb\"},\"inLanguage\":\"it-IT\",\"potentialAction\":[{\"@type\":\"ReadAction\",\"target\":[\"https:\\\/\\\/www.werbewoche.ch\\\/de\\\/marketing\\\/marken\\\/2022-06-27\\\/nachhaltige-swisscom-ueber-1-million-alt-handys-gesammelt\\\/\"]}]},{\"@type\":\"BreadcrumbList\",\"@id\":\"https:\\\/\\\/www.werbewoche.ch\\\/de\\\/marketing\\\/marken\\\/2022-06-27\\\/nachhaltige-swisscom-ueber-1-million-alt-handys-gesammelt\\\/#breadcrumb\",\"itemListElement\":[{\"@type\":\"ListItem\",\"position\":1,\"name\":\"Home\",\"item\":\"https:\\\/\\\/www.organisator.ch\\\/\"},{\"@type\":\"ListItem\",\"position\":2,\"name\":\"Nachhaltige Swisscom: \u00dcber 1 Million Alt-Handys gesammelt\"}]},{\"@type\":\"WebSite\",\"@id\":\"https:\\\/\\\/www.organisator.ch\\\/#website\",\"url\":\"https:\\\/\\\/www.organisator.ch\\\/\",\"name\":\"Organisator\",\"description\":\"Kompetent. Praxisnah. Der ORGANISATOR bereitet in 10 Ausgaben pro Jahr die wesentlichen Themen f\u00fcr F\u00fchrungskr\u00e4fte von KMU auf.\",\"publisher\":{\"@id\":\"https:\\\/\\\/www.organisator.ch\\\/#organization\"},\"potentialAction\":[{\"@type\":\"SearchAction\",\"target\":{\"@type\":\"EntryPoint\",\"urlTemplate\":\"https:\\\/\\\/www.organisator.ch\\\/?s={search_term_string}\"},\"query-input\":{\"@type\":\"PropertyValueSpecification\",\"valueRequired\":true,\"valueName\":\"search_term_string\"}}],\"inLanguage\":\"it-IT\"},{\"@type\":\"Organization\",\"@id\":\"https:\\\/\\\/www.organisator.ch\\\/#organization\",\"name\":\"Organisator\",\"url\":\"https:\\\/\\\/www.organisator.ch\\\/\",\"logo\":{\"@type\":\"ImageObject\",\"inLanguage\":\"it-IT\",\"@id\":\"https:\\\/\\\/www.organisator.ch\\\/#\\\/schema\\\/logo\\\/image\\\/\",\"url\":\"https:\\\/\\\/www.organisator.ch\\\/wp-content\\\/uploads\\\/2022\\\/01\\\/Logo_Organisator_Website.png\",\"contentUrl\":\"https:\\\/\\\/www.organisator.ch\\\/wp-content\\\/uploads\\\/2022\\\/01\\\/Logo_Organisator_Website.png\",\"width\":800,\"height\":77,\"caption\":\"Organisator\"},\"image\":{\"@id\":\"https:\\\/\\\/www.organisator.ch\\\/#\\\/schema\\\/logo\\\/image\\\/\"},\"sameAs\":[\"https:\\\/\\\/www.facebook.com\\\/OrganisatorFachmagazin\",\"https:\\\/\\\/www.linkedin.com\\\/showcase\\\/organisator-das-magazin-fr-kmu\",\"https:\\\/\\\/www.xing.com\\\/news\\\/pages\\\/organisator-ch-695\",\"https:\\\/\\\/www.youtube.com\\\/channel\\\/UCGP2Sq0iWaZwT3BdIAQFYpw\"]},{\"@type\":\"Person\",\"@id\":\"https:\\\/\\\/www.organisator.ch\\\/#\\\/schema\\\/person\\\/4e51799071cd2dd1232ac003643ef5f0\",\"name\":\"galledia\",\"image\":{\"@type\":\"ImageObject\",\"inLanguage\":\"it-IT\",\"@id\":\"https:\\\/\\\/secure.gravatar.com\\\/avatar\\\/78a7f90c01fc2bfc875782a0d4922b37cde2cf184ce347b91316d23cd7f69a36?s=96&d=mm&r=g\",\"url\":\"https:\\\/\\\/secure.gravatar.com\\\/avatar\\\/78a7f90c01fc2bfc875782a0d4922b37cde2cf184ce347b91316d23cd7f69a36?s=96&d=mm&r=g\",\"contentUrl\":\"https:\\\/\\\/secure.gravatar.com\\\/avatar\\\/78a7f90c01fc2bfc875782a0d4922b37cde2cf184ce347b91316d23cd7f69a36?s=96&d=mm&r=g\",\"caption\":\"galledia\"},\"sameAs\":[\"https:\\\/\\\/x.com\\\/admin\"],\"url\":\"https:\\\/\\\/www.organisator.ch\\\/it\\\/author\\\/galledia\\\/\"}]}<\/script>\n<!-- \/ Yoast SEO plugin. -->","yoast_head_json":{"title":"Swisscom sostenibile: raccolta di oltre 1 milione di vecchi telefoni cellulari - Organizzatore","description":"La rivista World Finance ha nominato Swisscom \"Azienda pi\u00f9 sostenibile del settore delle telecomunicazioni 2022\".","robots":{"index":"index","follow":"follow","max-snippet":"max-snippet:-1","max-image-preview":"max-image-preview:large","max-video-preview":"max-video-preview:-1"},"canonical":"https:\/\/www.werbewoche.ch\/de\/marketing\/marken\/2022-06-27\/nachhaltige-swisscom-ueber-1-million-alt-handys-gesammelt\/","og_locale":"it_IT","og_type":"article","og_title":"Nachhaltige Swisscom: \u00dcber 1 Million Alt-Handys gesammelt - Organisator","og_description":"Das Magazin World Finance hat Swisscom zur \u00abMost Sustainable Company in the Telecommunication Industry 2022\u00bb gew\u00e4hlt.","og_url":"https:\/\/www.werbewoche.ch\/de\/marketing\/marken\/2022-06-27\/nachhaltige-swisscom-ueber-1-million-alt-handys-gesammelt\/","og_site_name":"Organisator","article_publisher":"https:\/\/www.facebook.com\/OrganisatorFachmagazin","article_published_time":"2022-06-27T08:51:45+00:00","article_modified_time":"2022-07-23T14:14:45+00:00","author":"galledia","twitter_card":"summary_large_image","twitter_creator":"@admin","schema":{"@context":"https:\/\/schema.org","@graph":[{"@type":"Article","@id":"https:\/\/www.werbewoche.ch\/de\/marketing\/marken\/2022-06-27\/nachhaltige-swisscom-ueber-1-million-alt-handys-gesammelt\/#article","isPartOf":{"@id":"https:\/\/www.organisator.ch\/marketing\/2022-06-27\/nachhaltige-swisscom-ueber-1-million-alt-handys-gesammelt\/"},"author":{"name":"galledia","@id":"https:\/\/www.organisator.ch\/#\/schema\/person\/4e51799071cd2dd1232ac003643ef5f0"},"headline":"Nachhaltige Swisscom: \u00dcber 1 Million Alt-Handys gesammelt","datePublished":"2022-06-27T08:51:45+00:00","dateModified":"2022-07-23T14:14:45+00:00","mainEntityOfPage":{"@id":"https:\/\/www.organisator.ch\/marketing\/2022-06-27\/nachhaltige-swisscom-ueber-1-million-alt-handys-gesammelt\/"},"wordCount":467,"publisher":{"@id":"https:\/\/www.organisator.ch\/#organization"},"keywords":["Handys gesammelt","Nachhaltige","Swisscom"],"articleSection":["MARKETING"],"inLanguage":"it-IT"},{"@type":"WebPage","@id":"https:\/\/www.organisator.ch\/marketing\/2022-06-27\/nachhaltige-swisscom-ueber-1-million-alt-handys-gesammelt\/","url":"https:\/\/www.werbewoche.ch\/de\/marketing\/marken\/2022-06-27\/nachhaltige-swisscom-ueber-1-million-alt-handys-gesammelt\/","name":"Swisscom sostenibile: raccolta di oltre 1 milione di vecchi telefoni cellulari - Organizzatore","isPartOf":{"@id":"https:\/\/www.organisator.ch\/#website"},"datePublished":"2022-06-27T08:51:45+00:00","dateModified":"2022-07-23T14:14:45+00:00","description":"La rivista World Finance ha nominato Swisscom \"Azienda pi\u00f9 sostenibile del settore delle telecomunicazioni 2022\".","breadcrumb":{"@id":"https:\/\/www.werbewoche.ch\/de\/marketing\/marken\/2022-06-27\/nachhaltige-swisscom-ueber-1-million-alt-handys-gesammelt\/#breadcrumb"},"inLanguage":"it-IT","potentialAction":[{"@type":"ReadAction","target":["https:\/\/www.werbewoche.ch\/de\/marketing\/marken\/2022-06-27\/nachhaltige-swisscom-ueber-1-million-alt-handys-gesammelt\/"]}]},{"@type":"BreadcrumbList","@id":"https:\/\/www.werbewoche.ch\/de\/marketing\/marken\/2022-06-27\/nachhaltige-swisscom-ueber-1-million-alt-handys-gesammelt\/#breadcrumb","itemListElement":[{"@type":"ListItem","position":1,"name":"Home","item":"https:\/\/www.organisator.ch\/"},{"@type":"ListItem","position":2,"name":"Nachhaltige Swisscom: \u00dcber 1 Million Alt-Handys gesammelt"}]},{"@type":"WebSite","@id":"https:\/\/www.organisator.ch\/#website","url":"https:\/\/www.organisator.ch\/","name":"Organizzatore","description":"Competente. Pratico. In 10 numeri all'anno, ORGANISATOR presenta i temi essenziali per i manager delle PMI.","publisher":{"@id":"https:\/\/www.organisator.ch\/#organization"},"potentialAction":[{"@type":"SearchAction","target":{"@type":"EntryPoint","urlTemplate":"https:\/\/www.organisator.ch\/?s={search_term_string}"},"query-input":{"@type":"PropertyValueSpecification","valueRequired":true,"valueName":"search_term_string"}}],"inLanguage":"it-IT"},{"@type":"Organization","@id":"https:\/\/www.organisator.ch\/#organization","name":"Organizzatore","url":"https:\/\/www.organisator.ch\/","logo":{"@type":"ImageObject","inLanguage":"it-IT","@id":"https:\/\/www.organisator.ch\/#\/schema\/logo\/image\/","url":"https:\/\/www.organisator.ch\/wp-content\/uploads\/2022\/01\/Logo_Organisator_Website.png","contentUrl":"https:\/\/www.organisator.ch\/wp-content\/uploads\/2022\/01\/Logo_Organisator_Website.png","width":800,"height":77,"caption":"Organisator"},"image":{"@id":"https:\/\/www.organisator.ch\/#\/schema\/logo\/image\/"},"sameAs":["https:\/\/www.facebook.com\/OrganisatorFachmagazin","https:\/\/www.linkedin.com\/showcase\/organisator-das-magazin-fr-kmu","https:\/\/www.xing.com\/news\/pages\/organisator-ch-695","https:\/\/www.youtube.com\/channel\/UCGP2Sq0iWaZwT3BdIAQFYpw"]},{"@type":"Person","@id":"https:\/\/www.organisator.ch\/#\/schema\/person\/4e51799071cd2dd1232ac003643ef5f0","name":"galledia","image":{"@type":"ImageObject","inLanguage":"it-IT","@id":"https:\/\/secure.gravatar.com\/avatar\/78a7f90c01fc2bfc875782a0d4922b37cde2cf184ce347b91316d23cd7f69a36?s=96&d=mm&r=g","url":"https:\/\/secure.gravatar.com\/avatar\/78a7f90c01fc2bfc875782a0d4922b37cde2cf184ce347b91316d23cd7f69a36?s=96&d=mm&r=g","contentUrl":"https:\/\/secure.gravatar.com\/avatar\/78a7f90c01fc2bfc875782a0d4922b37cde2cf184ce347b91316d23cd7f69a36?s=96&d=mm&r=g","caption":"galledia"},"sameAs":["https:\/\/x.com\/admin"],"url":"https:\/\/www.organisator.ch\/it\/author\/galledia\/"}]}},"_links":{"self":[{"href":"https:\/\/www.organisator.ch\/it\/wp-json\/wp\/v2\/posts\/15462","targetHints":{"allow":["GET"]}}],"collection":[{"href":"https:\/\/www.organisator.ch\/it\/wp-json\/wp\/v2\/posts"}],"about":[{"href":"https:\/\/www.organisator.ch\/it\/wp-json\/wp\/v2\/types\/post"}],"author":[{"embeddable":true,"href":"https:\/\/www.organisator.ch\/it\/wp-json\/wp\/v2\/users\/8"}],"replies":[{"embeddable":true,"href":"https:\/\/www.organisator.ch\/it\/wp-json\/wp\/v2\/comments?post=15462"}],"version-history":[{"count":2,"href":"https:\/\/www.organisator.ch\/it\/wp-json\/wp\/v2\/posts\/15462\/revisions"}],"predecessor-version":[{"id":15768,"href":"https:\/\/www.organisator.ch\/it\/wp-json\/wp\/v2\/posts\/15462\/revisions\/15768"}],"wp:attachment":[{"href":"https:\/\/www.organisator.ch\/it\/wp-json\/wp\/v2\/media?parent=15462"}],"wp:term":[{"taxonomy":"category","embeddable":true,"href":"https:\/\/www.organisator.ch\/it\/wp-json\/wp\/v2\/categories?post=15462"},{"taxonomy":"post_tag","embeddable":true,"href":"https:\/\/www.organisator.ch\/it\/wp-json\/wp\/v2\/tags?post=15462"}],"curies":[{"name":"wp","href":"https:\/\/api.w.org\/{rel}","templated":true}]}}