{"id":15465,"date":"2022-06-27T15:16:46","date_gmt":"2022-06-27T13:16:46","guid":{"rendered":"https:\/\/www.organisator.ch\/?p=15465"},"modified":"2022-07-28T08:11:50","modified_gmt":"2022-07-28T06:11:50","slug":"impulsi-al-successo-cosa-e-piu-importante-nella-leadership","status":"publish","type":"post","link":"https:\/\/www.organisator.ch\/it\/management\/2022-06-27\/erfolgs-impuls-was-ist-am-wichtigsten-im-leadership\/","title":{"rendered":"Success Impulse: Cosa \u00e8 pi\u00f9 importante nella leadership?"},"content":{"rendered":"<figure id=\"attachment_15473\" aria-describedby=\"caption-attachment-15473\" style=\"width: 680px\" class=\"wp-caption alignnone\"><img loading=\"lazy\" decoding=\"async\" class=\"size-full wp-image-15473\" src=\"https:\/\/www.organisator.ch\/wp-content\/uploads\/2022\/06\/Erfolgs-Impuls-Was-ist-am-wichtigsten-im-Leadership_Organisator.jpg\" alt=\"\" width=\"680\" height=\"453\" srcset=\"https:\/\/www.organisator.ch\/wp-content\/uploads\/2022\/06\/Erfolgs-Impuls-Was-ist-am-wichtigsten-im-Leadership_Organisator.jpg 680w, https:\/\/www.organisator.ch\/wp-content\/uploads\/2022\/06\/Erfolgs-Impuls-Was-ist-am-wichtigsten-im-Leadership_Organisator-18x12.jpg 18w, https:\/\/www.organisator.ch\/wp-content\/uploads\/2022\/06\/Erfolgs-Impuls-Was-ist-am-wichtigsten-im-Leadership_Organisator-263x175.jpg 263w, https:\/\/www.organisator.ch\/wp-content\/uploads\/2022\/06\/Erfolgs-Impuls-Was-ist-am-wichtigsten-im-Leadership_Organisator-525x350.jpg 525w, https:\/\/www.organisator.ch\/wp-content\/uploads\/2022\/06\/Erfolgs-Impuls-Was-ist-am-wichtigsten-im-Leadership_Organisator-300x200.jpg 300w\" sizes=\"auto, (max-width: 680px) 100vw, 680px\" \/><figcaption id=\"caption-attachment-15473\" class=\"wp-caption-text\">Ci sono diversi aspetti su cui un leader deve lavorare per avere pi\u00f9 successo. (Immagine: Unsplash.com)<\/figcaption><\/figure>\n<p>Che cosa \u00e8 pi\u00f9 importante nella leadership? Ci sono varie leve, ma dopo anni di lavoro con innumerevoli leader, vedo naturalmente alcuni schemi che si ripetono spesso.<\/p>\n<p>\u00c8 molto importante non farsi ingannare troppo dai sintomi. La leadership di alto livello \u00e8 raramente caratterizzata dal miglioramento di routine specifiche (\"ascoltare meglio\", \"avere conversazioni difficili\", ecc.). Anche questo \u00e8 utile, ma non va al cuore del problema. Mi riferisco alle grandi leve che hanno un impatto su molti altri aspetti. Se si migliorano queste leve, l'effetto positivo si moltiplica.<\/p>\n<p>Ecco i miei 3 principali deficit di leadership su cui vale la pena di lavorare:<\/p>\n<ol>\n<li>Mancanza di volont\u00e0 di imparare.<br \/>\nLa mia domanda classica a questo proposito \u00e8: \"Quanti libri di sviluppo personale hai letto negli ultimi tre mesi? O frequentato seminari? O di seguire corsi di video?\". Vedo un chiaro collegamento tra la disponibilit\u00e0 a imparare sistematicamente, cio\u00e8 a lavorare su se stessi, e la qualit\u00e0 della leadership.<br \/>\nIl mio consiglio: fate dello sviluppo personale una priorit\u00e0 per la vostra leadership, anche in termini di tempo. Pianificate blocchi fissi per la formazione continua, anche durante il giorno, e stabilite obiettivi di apprendimento concreti.<\/li>\n<li>Il vittimismo.<br \/>\nAnche nelle posizioni dirigenziali, vedo troppe persone che si considerano vittime di circostanze esterne in molti luoghi. Sempre e comunque, altri dipartimenti, il consiglio di amministrazione, l'economia, la politica, il tasso di cambio, i sistemi informatici (un classico) e altri ancora sono ritenuti responsabili delle proprie prestazioni (ovviamente solo in senso negativo). Il problema: se incolpate gli altri dei vostri successi e dei vostri fallimenti, togliete il controllo a voi stessi. Quindi non c'\u00e8 pi\u00f9 molto da fare.<br \/>\nIl mio consiglio: consideratevi responsabili di TUTTO, che possiate farne a meno o meno. In ogni caso, potete scegliere la vostra reazione. Non accettate mai scuse.<\/li>\n<li>Ambiguit\u00e0.<br \/>\nLa mancanza di chiarezza \u00e8 un classico che incontro a tutti i livelli di gestione. Inizia con la situazione attuale, prosegue con eventuali misure di comunicazione e non si conclude con obiettivi poco chiari: Mancanza di chiarezza ovunque! Le conseguenze sono l'incertezza, la mancanza di prestazioni, la frustrazione e molto altro ancora.<br \/>\nIl mio consiglio: create piena chiarezza in tutte le aree.<\/li>\n<\/ol>\n<p>Ecco quindi i tre problemi principali su cui dovreste assolutamente lavorare se volete diventare un leader ancora migliore. Non \u00e8 poi cos\u00ec difficile, vero?<\/p>\n<p><i><strong>All'autore:<\/strong><br \/>\n<\/i><em>Volkmar V\u00f6lzke \u00e8 un massimizzatore di successi. Autore del libro. Consulente. Allenatore. Altoparlante.\u00a0<a href=\"http:\/\/www.volkmarvoelzke.ch\/\">www.volkmarvoelzke.ch<\/a><\/em><\/p>","protected":false},"excerpt":{"rendered":"<p>Was ist am wichtigsten im Leadership? Es gibt zwar diverse Hebel, aber ich sehe nach jahrelanger Zusammenarbeit mit unz\u00e4hligen F\u00fchrungskr\u00e4ften nat\u00fcrlich so einige Muster, die sich h\u00e4ufig wiederholen. Ganz wichtig dabei ist, dass man sich nicht zu sehr von Symptomen t\u00e4uschen l\u00e4sst. Denn Top-Leadership zeichnet sich nur selten dadurch aus, dass ganz bestimmte Routinen verbessert [&hellip;]<\/p>\n","protected":false},"author":4,"featured_media":0,"comment_status":"closed","ping_status":"closed","sticky":false,"template":"","format":"standard","meta":{"_acf_changed":false,"_yoast_wpseo_focuskw":"Leadership","_yoast_wpseo_metadesc":"W\u00e4re es nicht spannend zu wissen, an welchen Themen man als F\u00fchrungsperson f\u00fcr bessere Leadership arbeiten muss?","articlekey":"","footnotes":""},"categories":[28],"tags":[177,320,335],"class_list":["post-15465","post","type-post","status-publish","format-standard","hentry","category-management","tag-erfolgs-impuls","tag-leadership","tag-management-und-unternehmensfuehrung"],"acf":[],"yoast_head":"<!-- This site is optimized with the Yoast SEO plugin v27.5 - https:\/\/yoast.com\/product\/yoast-seo-wordpress\/ -->\n<title>Erfolgs-Impuls: Was ist am wichtigsten im Leadership? - Organisator<\/title>\n<meta name=\"description\" content=\"W\u00e4re es nicht spannend zu wissen, an welchen Themen man als F\u00fchrungsperson f\u00fcr bessere Leadership arbeiten muss?\" \/>\n<meta name=\"robots\" content=\"index, follow, max-snippet:-1, max-image-preview:large, max-video-preview:-1\" \/>\n<link rel=\"canonical\" href=\"https:\/\/www.organisator.ch\/it\/gestione-2\/2022-06-27\/impulsi-al-successo-cosa-e-piu-importante-nella-leadership\/\" \/>\n<meta property=\"og:locale\" content=\"it_IT\" \/>\n<meta property=\"og:type\" content=\"article\" \/>\n<meta property=\"og:title\" content=\"Erfolgs-Impuls: Was ist am wichtigsten im Leadership?\" \/>\n<meta property=\"og:description\" content=\"W\u00e4re es nicht spannend zu wissen, an welchen Themen man als F\u00fchrungsperson f\u00fcr bessere Leadership arbeiten muss?\" \/>\n<meta property=\"og:url\" content=\"https:\/\/www.organisator.ch\/it\/gestione-2\/2022-06-27\/impulsi-al-successo-cosa-e-piu-importante-nella-leadership\/\" \/>\n<meta property=\"og:site_name\" content=\"Organisator\" \/>\n<meta property=\"article:publisher\" content=\"https:\/\/www.facebook.com\/OrganisatorFachmagazin\" \/>\n<meta property=\"article:published_time\" content=\"2022-06-27T13:16:46+00:00\" \/>\n<meta property=\"article:modified_time\" content=\"2022-07-28T06:11:50+00:00\" \/>\n<meta property=\"og:image\" content=\"https:\/\/www.organisator.ch\/wp-content\/uploads\/2022\/06\/Erfolgs-Impuls-Was-ist-am-wichtigsten-im-Leadership_Organisator.jpg\" \/>\n\t<meta property=\"og:image:width\" content=\"680\" \/>\n\t<meta property=\"og:image:height\" content=\"453\" \/>\n\t<meta property=\"og:image:type\" content=\"image\/jpeg\" \/>\n<meta name=\"author\" content=\"thomas.berner\" \/>\n<meta name=\"twitter:card\" content=\"summary_large_image\" \/>\n<meta name=\"twitter:title\" content=\"#Erfolgs-Impuls: Was ist am wichtigsten im #Leadership?\" \/>\n<meta name=\"twitter:description\" content=\"W\u00e4re es nicht spannend zu wissen, an welchen Themen man als #F\u00fchrungsperson f\u00fcr bessere #Leadership arbeiten muss?\" \/>\n<meta name=\"twitter:image\" content=\"https:\/\/www.organisator.ch\/wp-content\/uploads\/2022\/06\/Erfolgs-Impuls-Was-ist-am-wichtigsten-im-Leadership_Organisator.jpg\" \/>\n<script type=\"application\/ld+json\" class=\"yoast-schema-graph\">{\"@context\":\"https:\\\/\\\/schema.org\",\"@graph\":[{\"@type\":\"Article\",\"@id\":\"https:\\\/\\\/www.organisator.ch\\\/management\\\/2022-06-27\\\/erfolgs-impuls-was-ist-am-wichtigsten-im-leadership\\\/#article\",\"isPartOf\":{\"@id\":\"https:\\\/\\\/www.organisator.ch\\\/management\\\/2022-06-27\\\/erfolgs-impuls-was-ist-am-wichtigsten-im-leadership\\\/\"},\"author\":{\"name\":\"thomas.berner\",\"@id\":\"https:\\\/\\\/www.organisator.ch\\\/#\\\/schema\\\/person\\\/6f650f90b2842cd4c0cc334b4e36f67e\"},\"headline\":\"Erfolgs-Impuls: Was ist am wichtigsten im Leadership?\",\"datePublished\":\"2022-06-27T13:16:46+00:00\",\"dateModified\":\"2022-07-28T06:11:50+00:00\",\"mainEntityOfPage\":{\"@id\":\"https:\\\/\\\/www.organisator.ch\\\/management\\\/2022-06-27\\\/erfolgs-impuls-was-ist-am-wichtigsten-im-leadership\\\/\"},\"wordCount\":454,\"publisher\":{\"@id\":\"https:\\\/\\\/www.organisator.ch\\\/#organization\"},\"image\":{\"@id\":\"https:\\\/\\\/www.organisator.ch\\\/management\\\/2022-06-27\\\/erfolgs-impuls-was-ist-am-wichtigsten-im-leadership\\\/#primaryimage\"},\"thumbnailUrl\":\"https:\\\/\\\/www.organisator.ch\\\/wp-content\\\/uploads\\\/2022\\\/06\\\/Erfolgs-Impuls-Was-ist-am-wichtigsten-im-Leadership_Organisator.jpg\",\"keywords\":[\"Erfolgs-Impuls\",\"Leadership\",\"Management und Unternehmensf\u00fchrung\"],\"articleSection\":[\"MANAGEMENT\"],\"inLanguage\":\"it-IT\"},{\"@type\":\"WebPage\",\"@id\":\"https:\\\/\\\/www.organisator.ch\\\/management\\\/2022-06-27\\\/erfolgs-impuls-was-ist-am-wichtigsten-im-leadership\\\/\",\"url\":\"https:\\\/\\\/www.organisator.ch\\\/management\\\/2022-06-27\\\/erfolgs-impuls-was-ist-am-wichtigsten-im-leadership\\\/\",\"name\":\"Erfolgs-Impuls: Was ist am wichtigsten im Leadership? - Organisator\",\"isPartOf\":{\"@id\":\"https:\\\/\\\/www.organisator.ch\\\/#website\"},\"primaryImageOfPage\":{\"@id\":\"https:\\\/\\\/www.organisator.ch\\\/management\\\/2022-06-27\\\/erfolgs-impuls-was-ist-am-wichtigsten-im-leadership\\\/#primaryimage\"},\"image\":{\"@id\":\"https:\\\/\\\/www.organisator.ch\\\/management\\\/2022-06-27\\\/erfolgs-impuls-was-ist-am-wichtigsten-im-leadership\\\/#primaryimage\"},\"thumbnailUrl\":\"https:\\\/\\\/www.organisator.ch\\\/wp-content\\\/uploads\\\/2022\\\/06\\\/Erfolgs-Impuls-Was-ist-am-wichtigsten-im-Leadership_Organisator.jpg\",\"datePublished\":\"2022-06-27T13:16:46+00:00\",\"dateModified\":\"2022-07-28T06:11:50+00:00\",\"description\":\"W\u00e4re es nicht spannend zu wissen, an welchen Themen man als F\u00fchrungsperson f\u00fcr bessere Leadership arbeiten muss?\",\"breadcrumb\":{\"@id\":\"https:\\\/\\\/www.organisator.ch\\\/management\\\/2022-06-27\\\/erfolgs-impuls-was-ist-am-wichtigsten-im-leadership\\\/#breadcrumb\"},\"inLanguage\":\"it-IT\",\"potentialAction\":[{\"@type\":\"ReadAction\",\"target\":[\"https:\\\/\\\/www.organisator.ch\\\/management\\\/2022-06-27\\\/erfolgs-impuls-was-ist-am-wichtigsten-im-leadership\\\/\"]}]},{\"@type\":\"ImageObject\",\"inLanguage\":\"it-IT\",\"@id\":\"https:\\\/\\\/www.organisator.ch\\\/management\\\/2022-06-27\\\/erfolgs-impuls-was-ist-am-wichtigsten-im-leadership\\\/#primaryimage\",\"url\":\"https:\\\/\\\/www.organisator.ch\\\/wp-content\\\/uploads\\\/2022\\\/06\\\/Erfolgs-Impuls-Was-ist-am-wichtigsten-im-Leadership_Organisator.jpg\",\"contentUrl\":\"https:\\\/\\\/www.organisator.ch\\\/wp-content\\\/uploads\\\/2022\\\/06\\\/Erfolgs-Impuls-Was-ist-am-wichtigsten-im-Leadership_Organisator.jpg\"},{\"@type\":\"BreadcrumbList\",\"@id\":\"https:\\\/\\\/www.organisator.ch\\\/management\\\/2022-06-27\\\/erfolgs-impuls-was-ist-am-wichtigsten-im-leadership\\\/#breadcrumb\",\"itemListElement\":[{\"@type\":\"ListItem\",\"position\":1,\"name\":\"Home\",\"item\":\"https:\\\/\\\/www.organisator.ch\\\/\"},{\"@type\":\"ListItem\",\"position\":2,\"name\":\"Erfolgs-Impuls: Was ist am wichtigsten im Leadership?\"}]},{\"@type\":\"WebSite\",\"@id\":\"https:\\\/\\\/www.organisator.ch\\\/#website\",\"url\":\"https:\\\/\\\/www.organisator.ch\\\/\",\"name\":\"Organisator\",\"description\":\"Kompetent. Praxisnah. Der ORGANISATOR bereitet in 10 Ausgaben pro Jahr die wesentlichen Themen f\u00fcr F\u00fchrungskr\u00e4fte von KMU auf.\",\"publisher\":{\"@id\":\"https:\\\/\\\/www.organisator.ch\\\/#organization\"},\"potentialAction\":[{\"@type\":\"SearchAction\",\"target\":{\"@type\":\"EntryPoint\",\"urlTemplate\":\"https:\\\/\\\/www.organisator.ch\\\/?s={search_term_string}\"},\"query-input\":{\"@type\":\"PropertyValueSpecification\",\"valueRequired\":true,\"valueName\":\"search_term_string\"}}],\"inLanguage\":\"it-IT\"},{\"@type\":\"Organization\",\"@id\":\"https:\\\/\\\/www.organisator.ch\\\/#organization\",\"name\":\"Organisator\",\"url\":\"https:\\\/\\\/www.organisator.ch\\\/\",\"logo\":{\"@type\":\"ImageObject\",\"inLanguage\":\"it-IT\",\"@id\":\"https:\\\/\\\/www.organisator.ch\\\/#\\\/schema\\\/logo\\\/image\\\/\",\"url\":\"https:\\\/\\\/www.organisator.ch\\\/wp-content\\\/uploads\\\/2022\\\/01\\\/Logo_Organisator_Website.png\",\"contentUrl\":\"https:\\\/\\\/www.organisator.ch\\\/wp-content\\\/uploads\\\/2022\\\/01\\\/Logo_Organisator_Website.png\",\"width\":800,\"height\":77,\"caption\":\"Organisator\"},\"image\":{\"@id\":\"https:\\\/\\\/www.organisator.ch\\\/#\\\/schema\\\/logo\\\/image\\\/\"},\"sameAs\":[\"https:\\\/\\\/www.facebook.com\\\/OrganisatorFachmagazin\",\"https:\\\/\\\/www.linkedin.com\\\/showcase\\\/organisator-das-magazin-fr-kmu\",\"https:\\\/\\\/www.xing.com\\\/news\\\/pages\\\/organisator-ch-695\",\"https:\\\/\\\/www.youtube.com\\\/channel\\\/UCGP2Sq0iWaZwT3BdIAQFYpw\"]},{\"@type\":\"Person\",\"@id\":\"https:\\\/\\\/www.organisator.ch\\\/#\\\/schema\\\/person\\\/6f650f90b2842cd4c0cc334b4e36f67e\",\"name\":\"thomas.berner\",\"image\":{\"@type\":\"ImageObject\",\"inLanguage\":\"it-IT\",\"@id\":\"https:\\\/\\\/secure.gravatar.com\\\/avatar\\\/ac5001d2a36cb6c6cd3e50789007ffca834b477b74a2144564522e944eabff61?s=96&d=mm&r=g\",\"url\":\"https:\\\/\\\/secure.gravatar.com\\\/avatar\\\/ac5001d2a36cb6c6cd3e50789007ffca834b477b74a2144564522e944eabff61?s=96&d=mm&r=g\",\"contentUrl\":\"https:\\\/\\\/secure.gravatar.com\\\/avatar\\\/ac5001d2a36cb6c6cd3e50789007ffca834b477b74a2144564522e944eabff61?s=96&d=mm&r=g\",\"caption\":\"thomas.berner\"},\"url\":\"https:\\\/\\\/www.organisator.ch\\\/it\\\/author\\\/thomas-berner\\\/\"}]}<\/script>\n<!-- \/ Yoast SEO plugin. -->","yoast_head_json":{"title":"Success Impulse: Cosa \u00e8 pi\u00f9 importante nella leadership? - Organizzatore","description":"Non sarebbe entusiasmante sapere su quali aspetti dovete lavorare come leader per migliorare la vostra leadership?","robots":{"index":"index","follow":"follow","max-snippet":"max-snippet:-1","max-image-preview":"max-image-preview:large","max-video-preview":"max-video-preview:-1"},"canonical":"https:\/\/www.organisator.ch\/it\/gestione-2\/2022-06-27\/impulsi-al-successo-cosa-e-piu-importante-nella-leadership\/","og_locale":"it_IT","og_type":"article","og_title":"Erfolgs-Impuls: Was ist am wichtigsten im Leadership?","og_description":"W\u00e4re es nicht spannend zu wissen, an welchen Themen man als F\u00fchrungsperson f\u00fcr bessere Leadership arbeiten muss?","og_url":"https:\/\/www.organisator.ch\/it\/gestione-2\/2022-06-27\/impulsi-al-successo-cosa-e-piu-importante-nella-leadership\/","og_site_name":"Organisator","article_publisher":"https:\/\/www.facebook.com\/OrganisatorFachmagazin","article_published_time":"2022-06-27T13:16:46+00:00","article_modified_time":"2022-07-28T06:11:50+00:00","og_image":[{"width":680,"height":453,"url":"https:\/\/www.organisator.ch\/wp-content\/uploads\/2022\/06\/Erfolgs-Impuls-Was-ist-am-wichtigsten-im-Leadership_Organisator.jpg","type":"image\/jpeg"}],"author":"thomas.berner","twitter_card":"summary_large_image","twitter_title":"#Erfolgs-Impuls: Was ist am wichtigsten im #Leadership?","twitter_description":"W\u00e4re es nicht spannend zu wissen, an welchen Themen man als #F\u00fchrungsperson f\u00fcr bessere #Leadership arbeiten muss?","twitter_image":"https:\/\/www.organisator.ch\/wp-content\/uploads\/2022\/06\/Erfolgs-Impuls-Was-ist-am-wichtigsten-im-Leadership_Organisator.jpg","schema":{"@context":"https:\/\/schema.org","@graph":[{"@type":"Article","@id":"https:\/\/www.organisator.ch\/management\/2022-06-27\/erfolgs-impuls-was-ist-am-wichtigsten-im-leadership\/#article","isPartOf":{"@id":"https:\/\/www.organisator.ch\/management\/2022-06-27\/erfolgs-impuls-was-ist-am-wichtigsten-im-leadership\/"},"author":{"name":"thomas.berner","@id":"https:\/\/www.organisator.ch\/#\/schema\/person\/6f650f90b2842cd4c0cc334b4e36f67e"},"headline":"Erfolgs-Impuls: Was ist am wichtigsten im Leadership?","datePublished":"2022-06-27T13:16:46+00:00","dateModified":"2022-07-28T06:11:50+00:00","mainEntityOfPage":{"@id":"https:\/\/www.organisator.ch\/management\/2022-06-27\/erfolgs-impuls-was-ist-am-wichtigsten-im-leadership\/"},"wordCount":454,"publisher":{"@id":"https:\/\/www.organisator.ch\/#organization"},"image":{"@id":"https:\/\/www.organisator.ch\/management\/2022-06-27\/erfolgs-impuls-was-ist-am-wichtigsten-im-leadership\/#primaryimage"},"thumbnailUrl":"https:\/\/www.organisator.ch\/wp-content\/uploads\/2022\/06\/Erfolgs-Impuls-Was-ist-am-wichtigsten-im-Leadership_Organisator.jpg","keywords":["Erfolgs-Impuls","Leadership","Management und Unternehmensf\u00fchrung"],"articleSection":["MANAGEMENT"],"inLanguage":"it-IT"},{"@type":"WebPage","@id":"https:\/\/www.organisator.ch\/management\/2022-06-27\/erfolgs-impuls-was-ist-am-wichtigsten-im-leadership\/","url":"https:\/\/www.organisator.ch\/management\/2022-06-27\/erfolgs-impuls-was-ist-am-wichtigsten-im-leadership\/","name":"Success Impulse: Cosa \u00e8 pi\u00f9 importante nella leadership? - Organizzatore","isPartOf":{"@id":"https:\/\/www.organisator.ch\/#website"},"primaryImageOfPage":{"@id":"https:\/\/www.organisator.ch\/management\/2022-06-27\/erfolgs-impuls-was-ist-am-wichtigsten-im-leadership\/#primaryimage"},"image":{"@id":"https:\/\/www.organisator.ch\/management\/2022-06-27\/erfolgs-impuls-was-ist-am-wichtigsten-im-leadership\/#primaryimage"},"thumbnailUrl":"https:\/\/www.organisator.ch\/wp-content\/uploads\/2022\/06\/Erfolgs-Impuls-Was-ist-am-wichtigsten-im-Leadership_Organisator.jpg","datePublished":"2022-06-27T13:16:46+00:00","dateModified":"2022-07-28T06:11:50+00:00","description":"Non sarebbe entusiasmante sapere su quali aspetti dovete lavorare come leader per migliorare la vostra leadership?","breadcrumb":{"@id":"https:\/\/www.organisator.ch\/management\/2022-06-27\/erfolgs-impuls-was-ist-am-wichtigsten-im-leadership\/#breadcrumb"},"inLanguage":"it-IT","potentialAction":[{"@type":"ReadAction","target":["https:\/\/www.organisator.ch\/management\/2022-06-27\/erfolgs-impuls-was-ist-am-wichtigsten-im-leadership\/"]}]},{"@type":"ImageObject","inLanguage":"it-IT","@id":"https:\/\/www.organisator.ch\/management\/2022-06-27\/erfolgs-impuls-was-ist-am-wichtigsten-im-leadership\/#primaryimage","url":"https:\/\/www.organisator.ch\/wp-content\/uploads\/2022\/06\/Erfolgs-Impuls-Was-ist-am-wichtigsten-im-Leadership_Organisator.jpg","contentUrl":"https:\/\/www.organisator.ch\/wp-content\/uploads\/2022\/06\/Erfolgs-Impuls-Was-ist-am-wichtigsten-im-Leadership_Organisator.jpg"},{"@type":"BreadcrumbList","@id":"https:\/\/www.organisator.ch\/management\/2022-06-27\/erfolgs-impuls-was-ist-am-wichtigsten-im-leadership\/#breadcrumb","itemListElement":[{"@type":"ListItem","position":1,"name":"Home","item":"https:\/\/www.organisator.ch\/"},{"@type":"ListItem","position":2,"name":"Erfolgs-Impuls: Was ist am wichtigsten im Leadership?"}]},{"@type":"WebSite","@id":"https:\/\/www.organisator.ch\/#website","url":"https:\/\/www.organisator.ch\/","name":"Organizzatore","description":"Competente. Pratico. In 10 numeri all'anno, ORGANISATOR presenta i temi essenziali per i manager delle PMI.","publisher":{"@id":"https:\/\/www.organisator.ch\/#organization"},"potentialAction":[{"@type":"SearchAction","target":{"@type":"EntryPoint","urlTemplate":"https:\/\/www.organisator.ch\/?s={search_term_string}"},"query-input":{"@type":"PropertyValueSpecification","valueRequired":true,"valueName":"search_term_string"}}],"inLanguage":"it-IT"},{"@type":"Organization","@id":"https:\/\/www.organisator.ch\/#organization","name":"Organizzatore","url":"https:\/\/www.organisator.ch\/","logo":{"@type":"ImageObject","inLanguage":"it-IT","@id":"https:\/\/www.organisator.ch\/#\/schema\/logo\/image\/","url":"https:\/\/www.organisator.ch\/wp-content\/uploads\/2022\/01\/Logo_Organisator_Website.png","contentUrl":"https:\/\/www.organisator.ch\/wp-content\/uploads\/2022\/01\/Logo_Organisator_Website.png","width":800,"height":77,"caption":"Organisator"},"image":{"@id":"https:\/\/www.organisator.ch\/#\/schema\/logo\/image\/"},"sameAs":["https:\/\/www.facebook.com\/OrganisatorFachmagazin","https:\/\/www.linkedin.com\/showcase\/organisator-das-magazin-fr-kmu","https:\/\/www.xing.com\/news\/pages\/organisator-ch-695","https:\/\/www.youtube.com\/channel\/UCGP2Sq0iWaZwT3BdIAQFYpw"]},{"@type":"Person","@id":"https:\/\/www.organisator.ch\/#\/schema\/person\/6f650f90b2842cd4c0cc334b4e36f67e","name":"Tommaso.berner","image":{"@type":"ImageObject","inLanguage":"it-IT","@id":"https:\/\/secure.gravatar.com\/avatar\/ac5001d2a36cb6c6cd3e50789007ffca834b477b74a2144564522e944eabff61?s=96&d=mm&r=g","url":"https:\/\/secure.gravatar.com\/avatar\/ac5001d2a36cb6c6cd3e50789007ffca834b477b74a2144564522e944eabff61?s=96&d=mm&r=g","contentUrl":"https:\/\/secure.gravatar.com\/avatar\/ac5001d2a36cb6c6cd3e50789007ffca834b477b74a2144564522e944eabff61?s=96&d=mm&r=g","caption":"thomas.berner"},"url":"https:\/\/www.organisator.ch\/it\/author\/thomas-berner\/"}]}},"_links":{"self":[{"href":"https:\/\/www.organisator.ch\/it\/wp-json\/wp\/v2\/posts\/15465","targetHints":{"allow":["GET"]}}],"collection":[{"href":"https:\/\/www.organisator.ch\/it\/wp-json\/wp\/v2\/posts"}],"about":[{"href":"https:\/\/www.organisator.ch\/it\/wp-json\/wp\/v2\/types\/post"}],"author":[{"embeddable":true,"href":"https:\/\/www.organisator.ch\/it\/wp-json\/wp\/v2\/users\/4"}],"replies":[{"embeddable":true,"href":"https:\/\/www.organisator.ch\/it\/wp-json\/wp\/v2\/comments?post=15465"}],"version-history":[{"count":5,"href":"https:\/\/www.organisator.ch\/it\/wp-json\/wp\/v2\/posts\/15465\/revisions"}],"predecessor-version":[{"id":15474,"href":"https:\/\/www.organisator.ch\/it\/wp-json\/wp\/v2\/posts\/15465\/revisions\/15474"}],"wp:attachment":[{"href":"https:\/\/www.organisator.ch\/it\/wp-json\/wp\/v2\/media?parent=15465"}],"wp:term":[{"taxonomy":"category","embeddable":true,"href":"https:\/\/www.organisator.ch\/it\/wp-json\/wp\/v2\/categories?post=15465"},{"taxonomy":"post_tag","embeddable":true,"href":"https:\/\/www.organisator.ch\/it\/wp-json\/wp\/v2\/tags?post=15465"}],"curies":[{"name":"wp","href":"https:\/\/api.w.org\/{rel}","templated":true}]}}