{"id":15490,"date":"2022-06-28T12:02:11","date_gmt":"2022-06-28T10:02:11","guid":{"rendered":"https:\/\/www.organisator.ch\/?p=15490"},"modified":"2022-06-28T12:02:11","modified_gmt":"2022-06-28T10:02:11","slug":"schweizer-kmu-tag-2022-kmu-und-beziehungen-konstant-im-wandel","status":"publish","type":"post","link":"https:\/\/www.organisator.ch\/it\/management\/2022-06-28\/schweizer-kmu-tag-2022-kmu-und-beziehungen-konstant-im-wandel\/","title":{"rendered":"Giornata svizzera delle PMI 2022: PMI e relazioni - in continua evoluzione"},"content":{"rendered":"<figure id=\"attachment_15491\" aria-describedby=\"caption-attachment-15491\" style=\"width: 680px\" class=\"wp-caption alignnone\"><img loading=\"lazy\" decoding=\"async\" class=\"size-full wp-image-15491\" src=\"https:\/\/www.organisator.ch\/wp-content\/uploads\/2022\/06\/Schweizer-KMU-Tag-2022-KMU-und-Beziehungen-konstant-im-Wandel_Organisator.jpg\" alt=\"\" width=\"680\" height=\"422\" srcset=\"https:\/\/www.organisator.ch\/wp-content\/uploads\/2022\/06\/Schweizer-KMU-Tag-2022-KMU-und-Beziehungen-konstant-im-Wandel_Organisator.jpg 680w, https:\/\/www.organisator.ch\/wp-content\/uploads\/2022\/06\/Schweizer-KMU-Tag-2022-KMU-und-Beziehungen-konstant-im-Wandel_Organisator-18x12.jpg 18w, https:\/\/www.organisator.ch\/wp-content\/uploads\/2022\/06\/Schweizer-KMU-Tag-2022-KMU-und-Beziehungen-konstant-im-Wandel_Organisator-282x175.jpg 282w, https:\/\/www.organisator.ch\/wp-content\/uploads\/2022\/06\/Schweizer-KMU-Tag-2022-KMU-und-Beziehungen-konstant-im-Wandel_Organisator-564x350.jpg 564w, https:\/\/www.organisator.ch\/wp-content\/uploads\/2022\/06\/Schweizer-KMU-Tag-2022-KMU-und-Beziehungen-konstant-im-Wandel_Organisator-300x186.jpg 300w\" sizes=\"auto, (max-width: 680px) 100vw, 680px\" \/><figcaption id=\"caption-attachment-15491\" class=\"wp-caption-text\">Partecipazione alla Giornata della PMI 2022 a San Gallo il 28 ottobre: Tobias Wolf (ospite), Jacqueline Badran, Franz Fischlin (moderatore), Giada Ilardo, Reto F\u00f6llmi, Reto Schmid (in senso orario). Fonte: PMI Day<\/figcaption><\/figure>\n<p>Una volta all'anno, San Gallo diventa il luogo di incontro delle PMI svizzere, quest'anno per la 19a volta. La Giornata svizzera delle PMI 2022 si concentrer\u00e0 ancora una volta sulle sfide attuali per le piccole e medie imprese (PMI).<\/p>\n<h3><strong>Inflazione, avvio di un'attivit\u00e0 a 16 anni e piccolezza come modello di business<\/strong><\/h3>\n<p>Dopo l'introduzione alla Giornata delle PMI di quest'anno da parte del padrone di casa Tobias Wolf, il professore della HSG Reto F\u00f6llmi parler\u00e0 di \"Inflazione e PMI\", mentre l'imprenditrice di tatuaggi e piercing Giada Ilardo racconter\u00e0 ai partecipanti di \"Iniziare un'attivit\u00e0 a 16 anni, poi \u00e8 andata veloce\". Nella ormai consolidata \"Inspiration Session\", le start-up con i loro modelli di business ispirano i partecipanti a proporre idee per la propria attivit\u00e0. In seguito, Reto Schmid, che prepara la pi\u00f9 piccola torta alle noci dei Grigioni, parler\u00e0 di \"Piccolezza come modello di business\" e l'imprenditrice di Internet e consigliera nazionale Jacqueline Badran dir\u00e0: \"So gi\u00e0 cosa voglio dire\".<\/p>\n<h3><strong>Le PMI svizzere si scambiano idee alla Giornata delle PMI 2022<\/strong><\/h3>\n<p>La Giornata svizzera delle PMI \u00e8 una piattaforma ricercata per lo scambio di imprenditori e manager delle PMI svizzere. Importanti istituzioni hanno assunto il patrocinio della Giornata svizzera delle PMI 2022: L'Associazione svizzera del commercio (SGV), economiesuisse, la Camera di commercio e industria di San Gallo-Appenzello e l'Associazione cantonale del commercio di San Gallo. L'evento \u00e8 sostenuto da una serie di co-sponsor e sponsor principali di lunga data per i quali le preoccupazioni delle PMI sono molto importanti: Raiffeisen, Helvetia, ABACUS, OBT e Swisscom, oltre a numerose PMI del settore industriale e dei servizi.<\/p>\n<p>La Giornata svizzera delle PMI \u00e8 organizzata dall'Istituto svizzero per le PMI e l'imprenditorialit\u00e0 dell'Universit\u00e0 di San Gallo (KMU-HSG) e dall'agenzia alea iacta ag. Le iscrizioni alla conferenza sono aperte tramite <a href=\"http:\/\/www.kmu-tag.ch\/index_de.php?TPL=24000&amp;x24000_FID=6&amp;x25000_ID=41\">www.kmu-tag.ch<\/a>\/La registrazione \u00e8 possibile. Vale la pena di iscriversi in anticipo; negli anni precedenti la giornata dedicata alle PMI \u00e8 andata rapidamente esaurita.<\/p>\n<p>Una revisione del <a href=\"https:\/\/www.organisator.ch\/de\/allgemein\/2021-10-23\/schweizer-kmu-tag-2021-wenn-ueberraschungen-die-neue-normalitaet-sind\/\">L'evento dell'anno scorso \u00e8 disponibile qui<\/a>.<\/p>","protected":false},"excerpt":{"rendered":"<p>St.Gallen wird einmal im Jahr zum Treffpunkt der Schweizer KMU \u2013 in diesem Jahr bereits zum 19. Mal. Der Schweizer KMU-Tag 2022 stellt auch dieses Mal die aktuellen Herausforderungen f\u00fcr Klein- und Mittelunternehmen (KMU) in den Fokus. Inflation, Unternehmensgr\u00fcndung mit 16 und Kleinheit als Gesch\u00e4ftsmodell Nach der Einf\u00fchrung in den diesj\u00e4hrigen KMU-Tag durch Gastgeber Tobias [&hellip;]<\/p>\n","protected":false},"author":4,"featured_media":15491,"comment_status":"closed","ping_status":"closed","sticky":false,"template":"","format":"standard","meta":{"_acf_changed":false,"_yoast_wpseo_focuskw":"KMU-Tag 2022","_yoast_wpseo_metadesc":"Am 28. Oktober geht es am Schweizer KMU-Tag 2022 um das Thema \u00abKMU und Beziehungen \u2013 konstant im Wandel\u00bb, mit spannenden Referent\/-innen.","articlekey":"","footnotes":""},"categories":[28],"tags":[193,305,335],"class_list":["post-15490","post","type-post","status-publish","format-standard","has-post-thumbnail","hentry","category-management","tag-fachkongressfachmesse","tag-kmu-tag","tag-management-und-unternehmensfuehrung"],"acf":[],"yoast_head":"<!-- This site is optimized with the Yoast SEO plugin v27.5 - https:\/\/yoast.com\/product\/yoast-seo-wordpress\/ -->\n<title>Schweizer KMU-Tag 2022: KMU und Beziehungen - konstant im Wandel - Organisator<\/title>\n<meta name=\"description\" content=\"Am 28. Oktober geht es am Schweizer KMU-Tag 2022 um das Thema \u00abKMU und Beziehungen \u2013 konstant im Wandel\u00bb, mit spannenden Referent\/-innen.\" \/>\n<meta name=\"robots\" content=\"index, follow, max-snippet:-1, max-image-preview:large, max-video-preview:-1\" \/>\n<link rel=\"canonical\" href=\"https:\/\/www.organisator.ch\/it\/gestione-2\/2022-06-28\/schweizer-kmu-tag-2022-kmu-und-beziehungen-konstant-im-wandel\/\" \/>\n<meta property=\"og:locale\" content=\"it_IT\" \/>\n<meta property=\"og:type\" content=\"article\" \/>\n<meta property=\"og:title\" content=\"Schweizer KMU-Tag 2022: KMU und Beziehungen - konstant im Wandel\" \/>\n<meta property=\"og:description\" content=\"Am 28. Oktober geht es am Schweizer KMU-Tag 2022 um das Thema \u00abKMU und Beziehungen \u2013 konstant im Wandel\u00bb, mit spannenden Referent\/-innen.\" \/>\n<meta property=\"og:url\" content=\"https:\/\/www.organisator.ch\/it\/gestione-2\/2022-06-28\/schweizer-kmu-tag-2022-kmu-und-beziehungen-konstant-im-wandel\/\" \/>\n<meta property=\"og:site_name\" content=\"Organisator\" \/>\n<meta property=\"article:publisher\" content=\"https:\/\/www.facebook.com\/OrganisatorFachmagazin\" \/>\n<meta property=\"article:published_time\" content=\"2022-06-28T10:02:11+00:00\" \/>\n<meta property=\"og:image\" content=\"https:\/\/www.organisator.ch\/wp-content\/uploads\/2022\/06\/Schweizer-KMU-Tag-2022-KMU-und-Beziehungen-konstant-im-Wandel_Organisator.jpg\" \/>\n\t<meta property=\"og:image:width\" content=\"680\" \/>\n\t<meta property=\"og:image:height\" content=\"422\" \/>\n\t<meta property=\"og:image:type\" content=\"image\/jpeg\" \/>\n<meta name=\"author\" content=\"thomas.berner\" \/>\n<meta name=\"twitter:card\" content=\"summary_large_image\" \/>\n<meta name=\"twitter:title\" content=\"Schweizer #KMU-Tag 2022: KMU und #Beziehungen - konstant im Wandel\" \/>\n<meta name=\"twitter:description\" content=\"Am 28. Oktober geht es am Schweizer #KMU-Tag 2022 um das Thema \u00abKMU und Beziehungen \u2013 konstant im Wandel\u00bb, mit spannenden Referent\/-innen.\" \/>\n<meta name=\"twitter:image\" content=\"https:\/\/www.organisator.ch\/wp-content\/uploads\/2022\/06\/Schweizer-KMU-Tag-2022-KMU-und-Beziehungen-konstant-im-Wandel_Organisator.jpg\" \/>\n<script type=\"application\/ld+json\" class=\"yoast-schema-graph\">{\"@context\":\"https:\\\/\\\/schema.org\",\"@graph\":[{\"@type\":\"Article\",\"@id\":\"https:\\\/\\\/www.organisator.ch\\\/management\\\/2022-06-28\\\/schweizer-kmu-tag-2022-kmu-und-beziehungen-konstant-im-wandel\\\/#article\",\"isPartOf\":{\"@id\":\"https:\\\/\\\/www.organisator.ch\\\/management\\\/2022-06-28\\\/schweizer-kmu-tag-2022-kmu-und-beziehungen-konstant-im-wandel\\\/\"},\"author\":{\"name\":\"thomas.berner\",\"@id\":\"https:\\\/\\\/www.organisator.ch\\\/#\\\/schema\\\/person\\\/6f650f90b2842cd4c0cc334b4e36f67e\"},\"headline\":\"Schweizer KMU-Tag 2022: KMU und Beziehungen &#8211; konstant im Wandel\",\"datePublished\":\"2022-06-28T10:02:11+00:00\",\"mainEntityOfPage\":{\"@id\":\"https:\\\/\\\/www.organisator.ch\\\/management\\\/2022-06-28\\\/schweizer-kmu-tag-2022-kmu-und-beziehungen-konstant-im-wandel\\\/\"},\"wordCount\":348,\"publisher\":{\"@id\":\"https:\\\/\\\/www.organisator.ch\\\/#organization\"},\"image\":{\"@id\":\"https:\\\/\\\/www.organisator.ch\\\/management\\\/2022-06-28\\\/schweizer-kmu-tag-2022-kmu-und-beziehungen-konstant-im-wandel\\\/#primaryimage\"},\"thumbnailUrl\":\"https:\\\/\\\/www.organisator.ch\\\/wp-content\\\/uploads\\\/2022\\\/06\\\/Schweizer-KMU-Tag-2022-KMU-und-Beziehungen-konstant-im-Wandel_Organisator.jpg\",\"keywords\":[\"Fachkongress\\\/Fachmesse\",\"KMU-Tag\",\"Management und Unternehmensf\u00fchrung\"],\"articleSection\":[\"MANAGEMENT\"],\"inLanguage\":\"it-IT\"},{\"@type\":\"WebPage\",\"@id\":\"https:\\\/\\\/www.organisator.ch\\\/management\\\/2022-06-28\\\/schweizer-kmu-tag-2022-kmu-und-beziehungen-konstant-im-wandel\\\/\",\"url\":\"https:\\\/\\\/www.organisator.ch\\\/management\\\/2022-06-28\\\/schweizer-kmu-tag-2022-kmu-und-beziehungen-konstant-im-wandel\\\/\",\"name\":\"Schweizer KMU-Tag 2022: KMU und Beziehungen - konstant im Wandel - Organisator\",\"isPartOf\":{\"@id\":\"https:\\\/\\\/www.organisator.ch\\\/#website\"},\"primaryImageOfPage\":{\"@id\":\"https:\\\/\\\/www.organisator.ch\\\/management\\\/2022-06-28\\\/schweizer-kmu-tag-2022-kmu-und-beziehungen-konstant-im-wandel\\\/#primaryimage\"},\"image\":{\"@id\":\"https:\\\/\\\/www.organisator.ch\\\/management\\\/2022-06-28\\\/schweizer-kmu-tag-2022-kmu-und-beziehungen-konstant-im-wandel\\\/#primaryimage\"},\"thumbnailUrl\":\"https:\\\/\\\/www.organisator.ch\\\/wp-content\\\/uploads\\\/2022\\\/06\\\/Schweizer-KMU-Tag-2022-KMU-und-Beziehungen-konstant-im-Wandel_Organisator.jpg\",\"datePublished\":\"2022-06-28T10:02:11+00:00\",\"description\":\"Am 28. Oktober geht es am Schweizer KMU-Tag 2022 um das Thema \u00abKMU und Beziehungen \u2013 konstant im Wandel\u00bb, mit spannenden Referent\\\/-innen.\",\"breadcrumb\":{\"@id\":\"https:\\\/\\\/www.organisator.ch\\\/management\\\/2022-06-28\\\/schweizer-kmu-tag-2022-kmu-und-beziehungen-konstant-im-wandel\\\/#breadcrumb\"},\"inLanguage\":\"it-IT\",\"potentialAction\":[{\"@type\":\"ReadAction\",\"target\":[\"https:\\\/\\\/www.organisator.ch\\\/management\\\/2022-06-28\\\/schweizer-kmu-tag-2022-kmu-und-beziehungen-konstant-im-wandel\\\/\"]}]},{\"@type\":\"ImageObject\",\"inLanguage\":\"it-IT\",\"@id\":\"https:\\\/\\\/www.organisator.ch\\\/management\\\/2022-06-28\\\/schweizer-kmu-tag-2022-kmu-und-beziehungen-konstant-im-wandel\\\/#primaryimage\",\"url\":\"https:\\\/\\\/www.organisator.ch\\\/wp-content\\\/uploads\\\/2022\\\/06\\\/Schweizer-KMU-Tag-2022-KMU-und-Beziehungen-konstant-im-Wandel_Organisator.jpg\",\"contentUrl\":\"https:\\\/\\\/www.organisator.ch\\\/wp-content\\\/uploads\\\/2022\\\/06\\\/Schweizer-KMU-Tag-2022-KMU-und-Beziehungen-konstant-im-Wandel_Organisator.jpg\",\"width\":680,\"height\":422,\"caption\":\"Treten am 28. Oktober am KMU-Tag 2022 in St.Gallen auf: Tobias Wolf (Gastgeber), Jacqueline Badran, Franz Fischlin (Moderator), Giada Ilardo, Reto F\u00f6llmi, Reto Schmid (im Uhrzeigersinn). Bildquelle: KMU-Tag\"},{\"@type\":\"BreadcrumbList\",\"@id\":\"https:\\\/\\\/www.organisator.ch\\\/management\\\/2022-06-28\\\/schweizer-kmu-tag-2022-kmu-und-beziehungen-konstant-im-wandel\\\/#breadcrumb\",\"itemListElement\":[{\"@type\":\"ListItem\",\"position\":1,\"name\":\"Home\",\"item\":\"https:\\\/\\\/www.organisator.ch\\\/\"},{\"@type\":\"ListItem\",\"position\":2,\"name\":\"Schweizer KMU-Tag 2022: KMU und Beziehungen &#8211; konstant im Wandel\"}]},{\"@type\":\"WebSite\",\"@id\":\"https:\\\/\\\/www.organisator.ch\\\/#website\",\"url\":\"https:\\\/\\\/www.organisator.ch\\\/\",\"name\":\"Organisator\",\"description\":\"Kompetent. Praxisnah. Der ORGANISATOR bereitet in 10 Ausgaben pro Jahr die wesentlichen Themen f\u00fcr F\u00fchrungskr\u00e4fte von KMU auf.\",\"publisher\":{\"@id\":\"https:\\\/\\\/www.organisator.ch\\\/#organization\"},\"potentialAction\":[{\"@type\":\"SearchAction\",\"target\":{\"@type\":\"EntryPoint\",\"urlTemplate\":\"https:\\\/\\\/www.organisator.ch\\\/?s={search_term_string}\"},\"query-input\":{\"@type\":\"PropertyValueSpecification\",\"valueRequired\":true,\"valueName\":\"search_term_string\"}}],\"inLanguage\":\"it-IT\"},{\"@type\":\"Organization\",\"@id\":\"https:\\\/\\\/www.organisator.ch\\\/#organization\",\"name\":\"Organisator\",\"url\":\"https:\\\/\\\/www.organisator.ch\\\/\",\"logo\":{\"@type\":\"ImageObject\",\"inLanguage\":\"it-IT\",\"@id\":\"https:\\\/\\\/www.organisator.ch\\\/#\\\/schema\\\/logo\\\/image\\\/\",\"url\":\"https:\\\/\\\/www.organisator.ch\\\/wp-content\\\/uploads\\\/2022\\\/01\\\/Logo_Organisator_Website.png\",\"contentUrl\":\"https:\\\/\\\/www.organisator.ch\\\/wp-content\\\/uploads\\\/2022\\\/01\\\/Logo_Organisator_Website.png\",\"width\":800,\"height\":77,\"caption\":\"Organisator\"},\"image\":{\"@id\":\"https:\\\/\\\/www.organisator.ch\\\/#\\\/schema\\\/logo\\\/image\\\/\"},\"sameAs\":[\"https:\\\/\\\/www.facebook.com\\\/OrganisatorFachmagazin\",\"https:\\\/\\\/www.linkedin.com\\\/showcase\\\/organisator-das-magazin-fr-kmu\",\"https:\\\/\\\/www.xing.com\\\/news\\\/pages\\\/organisator-ch-695\",\"https:\\\/\\\/www.youtube.com\\\/channel\\\/UCGP2Sq0iWaZwT3BdIAQFYpw\"]},{\"@type\":\"Person\",\"@id\":\"https:\\\/\\\/www.organisator.ch\\\/#\\\/schema\\\/person\\\/6f650f90b2842cd4c0cc334b4e36f67e\",\"name\":\"thomas.berner\",\"image\":{\"@type\":\"ImageObject\",\"inLanguage\":\"it-IT\",\"@id\":\"https:\\\/\\\/secure.gravatar.com\\\/avatar\\\/ac5001d2a36cb6c6cd3e50789007ffca834b477b74a2144564522e944eabff61?s=96&d=mm&r=g\",\"url\":\"https:\\\/\\\/secure.gravatar.com\\\/avatar\\\/ac5001d2a36cb6c6cd3e50789007ffca834b477b74a2144564522e944eabff61?s=96&d=mm&r=g\",\"contentUrl\":\"https:\\\/\\\/secure.gravatar.com\\\/avatar\\\/ac5001d2a36cb6c6cd3e50789007ffca834b477b74a2144564522e944eabff61?s=96&d=mm&r=g\",\"caption\":\"thomas.berner\"},\"url\":\"https:\\\/\\\/www.organisator.ch\\\/it\\\/author\\\/thomas-berner\\\/\"}]}<\/script>\n<!-- \/ Yoast SEO plugin. -->","yoast_head_json":{"title":"Giornata svizzera delle PMI 2022: PMI e relazioni - in continua evoluzione - Organizzatore","description":"Il 28 ottobre, il tema della Giornata svizzera delle PMI 2022 sar\u00e0 \"PMI e relazioni - in continua evoluzione\", con relatori interessanti.","robots":{"index":"index","follow":"follow","max-snippet":"max-snippet:-1","max-image-preview":"max-image-preview:large","max-video-preview":"max-video-preview:-1"},"canonical":"https:\/\/www.organisator.ch\/it\/gestione-2\/2022-06-28\/schweizer-kmu-tag-2022-kmu-und-beziehungen-konstant-im-wandel\/","og_locale":"it_IT","og_type":"article","og_title":"Schweizer KMU-Tag 2022: KMU und Beziehungen - konstant im Wandel","og_description":"Am 28. Oktober geht es am Schweizer KMU-Tag 2022 um das Thema \u00abKMU und Beziehungen \u2013 konstant im Wandel\u00bb, mit spannenden Referent\/-innen.","og_url":"https:\/\/www.organisator.ch\/it\/gestione-2\/2022-06-28\/schweizer-kmu-tag-2022-kmu-und-beziehungen-konstant-im-wandel\/","og_site_name":"Organisator","article_publisher":"https:\/\/www.facebook.com\/OrganisatorFachmagazin","article_published_time":"2022-06-28T10:02:11+00:00","og_image":[{"width":680,"height":422,"url":"https:\/\/www.organisator.ch\/wp-content\/uploads\/2022\/06\/Schweizer-KMU-Tag-2022-KMU-und-Beziehungen-konstant-im-Wandel_Organisator.jpg","type":"image\/jpeg"}],"author":"thomas.berner","twitter_card":"summary_large_image","twitter_title":"Schweizer #KMU-Tag 2022: KMU und #Beziehungen - konstant im Wandel","twitter_description":"Am 28. Oktober geht es am Schweizer #KMU-Tag 2022 um das Thema \u00abKMU und Beziehungen \u2013 konstant im Wandel\u00bb, mit spannenden Referent\/-innen.","twitter_image":"https:\/\/www.organisator.ch\/wp-content\/uploads\/2022\/06\/Schweizer-KMU-Tag-2022-KMU-und-Beziehungen-konstant-im-Wandel_Organisator.jpg","schema":{"@context":"https:\/\/schema.org","@graph":[{"@type":"Article","@id":"https:\/\/www.organisator.ch\/management\/2022-06-28\/schweizer-kmu-tag-2022-kmu-und-beziehungen-konstant-im-wandel\/#article","isPartOf":{"@id":"https:\/\/www.organisator.ch\/management\/2022-06-28\/schweizer-kmu-tag-2022-kmu-und-beziehungen-konstant-im-wandel\/"},"author":{"name":"thomas.berner","@id":"https:\/\/www.organisator.ch\/#\/schema\/person\/6f650f90b2842cd4c0cc334b4e36f67e"},"headline":"Schweizer KMU-Tag 2022: KMU und Beziehungen &#8211; konstant im Wandel","datePublished":"2022-06-28T10:02:11+00:00","mainEntityOfPage":{"@id":"https:\/\/www.organisator.ch\/management\/2022-06-28\/schweizer-kmu-tag-2022-kmu-und-beziehungen-konstant-im-wandel\/"},"wordCount":348,"publisher":{"@id":"https:\/\/www.organisator.ch\/#organization"},"image":{"@id":"https:\/\/www.organisator.ch\/management\/2022-06-28\/schweizer-kmu-tag-2022-kmu-und-beziehungen-konstant-im-wandel\/#primaryimage"},"thumbnailUrl":"https:\/\/www.organisator.ch\/wp-content\/uploads\/2022\/06\/Schweizer-KMU-Tag-2022-KMU-und-Beziehungen-konstant-im-Wandel_Organisator.jpg","keywords":["Fachkongress\/Fachmesse","KMU-Tag","Management und Unternehmensf\u00fchrung"],"articleSection":["MANAGEMENT"],"inLanguage":"it-IT"},{"@type":"WebPage","@id":"https:\/\/www.organisator.ch\/management\/2022-06-28\/schweizer-kmu-tag-2022-kmu-und-beziehungen-konstant-im-wandel\/","url":"https:\/\/www.organisator.ch\/management\/2022-06-28\/schweizer-kmu-tag-2022-kmu-und-beziehungen-konstant-im-wandel\/","name":"Giornata svizzera delle PMI 2022: PMI e relazioni - in continua evoluzione - Organizzatore","isPartOf":{"@id":"https:\/\/www.organisator.ch\/#website"},"primaryImageOfPage":{"@id":"https:\/\/www.organisator.ch\/management\/2022-06-28\/schweizer-kmu-tag-2022-kmu-und-beziehungen-konstant-im-wandel\/#primaryimage"},"image":{"@id":"https:\/\/www.organisator.ch\/management\/2022-06-28\/schweizer-kmu-tag-2022-kmu-und-beziehungen-konstant-im-wandel\/#primaryimage"},"thumbnailUrl":"https:\/\/www.organisator.ch\/wp-content\/uploads\/2022\/06\/Schweizer-KMU-Tag-2022-KMU-und-Beziehungen-konstant-im-Wandel_Organisator.jpg","datePublished":"2022-06-28T10:02:11+00:00","description":"Il 28 ottobre, il tema della Giornata svizzera delle PMI 2022 sar\u00e0 \"PMI e relazioni - in continua evoluzione\", con relatori interessanti.","breadcrumb":{"@id":"https:\/\/www.organisator.ch\/management\/2022-06-28\/schweizer-kmu-tag-2022-kmu-und-beziehungen-konstant-im-wandel\/#breadcrumb"},"inLanguage":"it-IT","potentialAction":[{"@type":"ReadAction","target":["https:\/\/www.organisator.ch\/management\/2022-06-28\/schweizer-kmu-tag-2022-kmu-und-beziehungen-konstant-im-wandel\/"]}]},{"@type":"ImageObject","inLanguage":"it-IT","@id":"https:\/\/www.organisator.ch\/management\/2022-06-28\/schweizer-kmu-tag-2022-kmu-und-beziehungen-konstant-im-wandel\/#primaryimage","url":"https:\/\/www.organisator.ch\/wp-content\/uploads\/2022\/06\/Schweizer-KMU-Tag-2022-KMU-und-Beziehungen-konstant-im-Wandel_Organisator.jpg","contentUrl":"https:\/\/www.organisator.ch\/wp-content\/uploads\/2022\/06\/Schweizer-KMU-Tag-2022-KMU-und-Beziehungen-konstant-im-Wandel_Organisator.jpg","width":680,"height":422,"caption":"Treten am 28. Oktober am KMU-Tag 2022 in St.Gallen auf: Tobias Wolf (Gastgeber), Jacqueline Badran, Franz Fischlin (Moderator), Giada Ilardo, Reto F\u00f6llmi, Reto Schmid (im Uhrzeigersinn). Bildquelle: KMU-Tag"},{"@type":"BreadcrumbList","@id":"https:\/\/www.organisator.ch\/management\/2022-06-28\/schweizer-kmu-tag-2022-kmu-und-beziehungen-konstant-im-wandel\/#breadcrumb","itemListElement":[{"@type":"ListItem","position":1,"name":"Home","item":"https:\/\/www.organisator.ch\/"},{"@type":"ListItem","position":2,"name":"Schweizer KMU-Tag 2022: KMU und Beziehungen &#8211; konstant im Wandel"}]},{"@type":"WebSite","@id":"https:\/\/www.organisator.ch\/#website","url":"https:\/\/www.organisator.ch\/","name":"Organizzatore","description":"Competente. Pratico. In 10 numeri all'anno, ORGANISATOR presenta i temi essenziali per i manager delle PMI.","publisher":{"@id":"https:\/\/www.organisator.ch\/#organization"},"potentialAction":[{"@type":"SearchAction","target":{"@type":"EntryPoint","urlTemplate":"https:\/\/www.organisator.ch\/?s={search_term_string}"},"query-input":{"@type":"PropertyValueSpecification","valueRequired":true,"valueName":"search_term_string"}}],"inLanguage":"it-IT"},{"@type":"Organization","@id":"https:\/\/www.organisator.ch\/#organization","name":"Organizzatore","url":"https:\/\/www.organisator.ch\/","logo":{"@type":"ImageObject","inLanguage":"it-IT","@id":"https:\/\/www.organisator.ch\/#\/schema\/logo\/image\/","url":"https:\/\/www.organisator.ch\/wp-content\/uploads\/2022\/01\/Logo_Organisator_Website.png","contentUrl":"https:\/\/www.organisator.ch\/wp-content\/uploads\/2022\/01\/Logo_Organisator_Website.png","width":800,"height":77,"caption":"Organisator"},"image":{"@id":"https:\/\/www.organisator.ch\/#\/schema\/logo\/image\/"},"sameAs":["https:\/\/www.facebook.com\/OrganisatorFachmagazin","https:\/\/www.linkedin.com\/showcase\/organisator-das-magazin-fr-kmu","https:\/\/www.xing.com\/news\/pages\/organisator-ch-695","https:\/\/www.youtube.com\/channel\/UCGP2Sq0iWaZwT3BdIAQFYpw"]},{"@type":"Person","@id":"https:\/\/www.organisator.ch\/#\/schema\/person\/6f650f90b2842cd4c0cc334b4e36f67e","name":"Tommaso.berner","image":{"@type":"ImageObject","inLanguage":"it-IT","@id":"https:\/\/secure.gravatar.com\/avatar\/ac5001d2a36cb6c6cd3e50789007ffca834b477b74a2144564522e944eabff61?s=96&d=mm&r=g","url":"https:\/\/secure.gravatar.com\/avatar\/ac5001d2a36cb6c6cd3e50789007ffca834b477b74a2144564522e944eabff61?s=96&d=mm&r=g","contentUrl":"https:\/\/secure.gravatar.com\/avatar\/ac5001d2a36cb6c6cd3e50789007ffca834b477b74a2144564522e944eabff61?s=96&d=mm&r=g","caption":"thomas.berner"},"url":"https:\/\/www.organisator.ch\/it\/author\/thomas-berner\/"}]}},"_links":{"self":[{"href":"https:\/\/www.organisator.ch\/it\/wp-json\/wp\/v2\/posts\/15490","targetHints":{"allow":["GET"]}}],"collection":[{"href":"https:\/\/www.organisator.ch\/it\/wp-json\/wp\/v2\/posts"}],"about":[{"href":"https:\/\/www.organisator.ch\/it\/wp-json\/wp\/v2\/types\/post"}],"author":[{"embeddable":true,"href":"https:\/\/www.organisator.ch\/it\/wp-json\/wp\/v2\/users\/4"}],"replies":[{"embeddable":true,"href":"https:\/\/www.organisator.ch\/it\/wp-json\/wp\/v2\/comments?post=15490"}],"version-history":[{"count":1,"href":"https:\/\/www.organisator.ch\/it\/wp-json\/wp\/v2\/posts\/15490\/revisions"}],"predecessor-version":[{"id":15492,"href":"https:\/\/www.organisator.ch\/it\/wp-json\/wp\/v2\/posts\/15490\/revisions\/15492"}],"wp:featuredmedia":[{"embeddable":true,"href":"https:\/\/www.organisator.ch\/it\/wp-json\/wp\/v2\/media\/15491"}],"wp:attachment":[{"href":"https:\/\/www.organisator.ch\/it\/wp-json\/wp\/v2\/media?parent=15490"}],"wp:term":[{"taxonomy":"category","embeddable":true,"href":"https:\/\/www.organisator.ch\/it\/wp-json\/wp\/v2\/categories?post=15490"},{"taxonomy":"post_tag","embeddable":true,"href":"https:\/\/www.organisator.ch\/it\/wp-json\/wp\/v2\/tags?post=15490"}],"curies":[{"name":"wp","href":"https:\/\/api.w.org\/{rel}","templated":true}]}}