{"id":15494,"date":"2022-06-29T09:58:57","date_gmt":"2022-06-29T07:58:57","guid":{"rendered":"https:\/\/www.organisator.ch\/?p=15494"},"modified":"2022-06-29T09:58:57","modified_gmt":"2022-06-29T07:58:57","slug":"posti-di-lavoro-part-time-troppo-grandi-la-domanda-mette-in-fibrillazione-i-datori-di-lavoro","status":"publish","type":"post","link":"https:\/\/www.organisator.ch\/it\/human-resources\/2022-06-29\/teilzeitstellen-zu-grosse-nachfrage-bringt-arbeitgeber-ins-schleudern\/","title":{"rendered":"Lavori a tempo parziale: Troppa domanda fa sbandare i datori di lavoro"},"content":{"rendered":"<figure id=\"attachment_15496\" aria-describedby=\"caption-attachment-15496\" style=\"width: 680px\" class=\"wp-caption alignnone\"><img loading=\"lazy\" decoding=\"async\" class=\"size-full wp-image-15496\" src=\"https:\/\/www.organisator.ch\/wp-content\/uploads\/2022\/06\/Teilzeitstellen-Zu-grosse-Nachfrage-bringt-Arbeitgeber-ins-Schleudern-2_Organisator.jpg\" alt=\"\" width=\"680\" height=\"420\" srcset=\"https:\/\/www.organisator.ch\/wp-content\/uploads\/2022\/06\/Teilzeitstellen-Zu-grosse-Nachfrage-bringt-Arbeitgeber-ins-Schleudern-2_Organisator.jpg 680w, https:\/\/www.organisator.ch\/wp-content\/uploads\/2022\/06\/Teilzeitstellen-Zu-grosse-Nachfrage-bringt-Arbeitgeber-ins-Schleudern-2_Organisator-18x12.jpg 18w, https:\/\/www.organisator.ch\/wp-content\/uploads\/2022\/06\/Teilzeitstellen-Zu-grosse-Nachfrage-bringt-Arbeitgeber-ins-Schleudern-2_Organisator-283x175.jpg 283w, https:\/\/www.organisator.ch\/wp-content\/uploads\/2022\/06\/Teilzeitstellen-Zu-grosse-Nachfrage-bringt-Arbeitgeber-ins-Schleudern-2_Organisator-567x350.jpg 567w, https:\/\/www.organisator.ch\/wp-content\/uploads\/2022\/06\/Teilzeitstellen-Zu-grosse-Nachfrage-bringt-Arbeitgeber-ins-Schleudern-2_Organisator-300x185.jpg 300w\" sizes=\"auto, (max-width: 680px) 100vw, 680px\" \/><figcaption id=\"caption-attachment-15496\" class=\"wp-caption-text\">L'offerta di lavoro part-time non pu\u00f2 soddisfare la domanda. (Grafico: jobchannel ag)<\/figcaption><\/figure>\n<p>Quali sono i lavori part-time pi\u00f9 richiesti dalle persone in cerca di lavoro e quelli che vengono pubblicizzati pi\u00f9 frequentemente? Questo \u00e8 quanto ha valutato la piattaforma jobchannel.ch, sulla base dei dati anonimizzati degli utenti delle oltre 150 piattaforme di lavoro e specializzate che gestisce. Con oltre 26 milioni di clic sugli annunci di lavoro e circa 1 miliardo di annunci di lavoro inviati in abbonamento all'anno in tutti i settori e le aree specialistiche, i dati della rete jobchannel sono rappresentativi.<\/p>\n<h3>La domanda di posizioni part-time continua a crescere<\/h3>\n<p>Mentre nel gennaio 2019 la quota di clic sugli annunci di lavoro part-time rispetto a tutti i clic sugli annunci di lavoro era ancora di poco superiore a 32%, tre anni dopo, nel gennaio 2022, la quota \u00e8 gi\u00e0 di 41.20%. Anche se nel frattempo la quota di clic sugli annunci di lavoro part-time \u00e8 leggermente diminuita, la tendenza mostra che i lavori part-time stanno diventando sempre pi\u00f9 popolari tra le persone in cerca di lavoro e sono sempre pi\u00f9 richiesti. La quota di clic sugli annunci di lavoro part-time \u00e8 attualmente di 44.61%.<\/p>\n<figure id=\"attachment_15497\" aria-describedby=\"caption-attachment-15497\" style=\"width: 680px\" class=\"wp-caption alignnone\"><img loading=\"lazy\" decoding=\"async\" class=\"size-full wp-image-15497\" src=\"https:\/\/www.organisator.ch\/wp-content\/uploads\/2022\/06\/Teilzeitstellen-Zu-grosse-Nachfrage-bringt-Arbeitgeber-ins-Schleudern-1_Organisator.jpg\" alt=\"\" width=\"680\" height=\"279\" srcset=\"https:\/\/www.organisator.ch\/wp-content\/uploads\/2022\/06\/Teilzeitstellen-Zu-grosse-Nachfrage-bringt-Arbeitgeber-ins-Schleudern-1_Organisator.jpg 680w, https:\/\/www.organisator.ch\/wp-content\/uploads\/2022\/06\/Teilzeitstellen-Zu-grosse-Nachfrage-bringt-Arbeitgeber-ins-Schleudern-1_Organisator-18x7.jpg 18w, https:\/\/www.organisator.ch\/wp-content\/uploads\/2022\/06\/Teilzeitstellen-Zu-grosse-Nachfrage-bringt-Arbeitgeber-ins-Schleudern-1_Organisator-375x154.jpg 375w, https:\/\/www.organisator.ch\/wp-content\/uploads\/2022\/06\/Teilzeitstellen-Zu-grosse-Nachfrage-bringt-Arbeitgeber-ins-Schleudern-1_Organisator-300x123.jpg 300w\" sizes=\"auto, (max-width: 680px) 100vw, 680px\" \/><figcaption id=\"caption-attachment-15497\" class=\"wp-caption-text\">Aumento della domanda di lavoro part-time. (Grafico: jobchannel ag)<\/figcaption><\/figure>\n<p>Colpiscono i tre forti valori negativi registrati nel 2021 e all'inizio del 2022. La domanda di lavoro part-time \u00e8 stata particolarmente forte nel novembre 2021, quando la quota di clic sugli annunci di lavoro part-time \u00e8 stata superiore a 50%. Sempre nel maggio 2021, 45.24% di tutti i clic sugli annunci di lavoro riguardavano posti di lavoro a tempo parziale. Nel febbraio 2022 si \u00e8 registrato un altro forte aumento della domanda. La quota di clic sui posti di lavoro a tempo parziale \u00e8 stata di 47.21%.<\/p>\n<h3>Squilibrio: l'offerta non riesce a soddisfare la domanda<\/h3>\n<p>L'offerta di posti vacanti a tempo parziale non \u00e8 in grado di soddisfare l'elevata domanda di annunci di lavoro con un carico di lavoro a tempo parziale. Ma c'\u00e8 speranza per chi cerca lavoro: nonostante lo squilibrio prevalente tra domanda e offerta, l'offerta di posti di lavoro part-time nel gennaio 2022 \u00e8 aumentata di 2,6% rispetto all'anno precedente. Dei 171.692 posti vacanti totali pubblicati nel gennaio 2021, 28.901 erano a tempo parziale. Nel gennaio 2022, il numero di posti vacanti part-time pubblicati era gi\u00e0 di 45.109 su un totale di 232.108 posti vacanti.<\/p>\n<p>Anche l'offerta di posti di lavoro part-time \u00e8 leggermente aumentata negli ultimi cinque mesi, mentre la domanda \u00e8 leggermente diminuita nel frattempo. Ad esempio, la quota di clic sugli annunci di lavoro part-time \u00e8 stata di 41.20% in gennaio e ha registrato la domanda pi\u00f9 alta finora in febbraio, con 47.31% clic. A marzo, la domanda di posti di lavoro a tempo parziale \u00e8 diminuita ancora leggermente e la quota di clic su posti di lavoro a tempo parziale si attesta attualmente a 44.61%. Tuttavia, lo squilibrio tra domanda e offerta pu\u00f2 essere spiegato non solo dal forte aumento della domanda, ma anche dal fatto che si cercano altre posizioni part-time rispetto a quelle pubblicizzate.<\/p>\n<h3>I 10 lavori pi\u00f9 richiesti da chi cerca lavoro: Tutti i lavori vs. lavori part-time<\/h3>\n<table width=\"547\">\n<tbody>\n<tr>\n<td width=\"38\">&nbsp;<\/td>\n<td width=\"232\"><strong>Tutti i messaggi\u00a0<\/strong><\/td>\n<td width=\"277\"><strong>Lavori a tempo parziale<\/strong><\/td>\n<\/tr>\n<tr>\n<td width=\"38\"><strong>1.<\/strong><\/td>\n<td width=\"232\">Addetto alla produzione<\/td>\n<td width=\"277\">Detergente per edifici<\/td>\n<\/tr>\n<tr>\n<td width=\"38\"><strong>2.<\/strong><\/td>\n<td width=\"232\">Detergente per edifici<\/td>\n<td width=\"277\">Impiegato<\/td>\n<\/tr>\n<tr>\n<td width=\"38\"><strong>3.<\/strong><\/td>\n<td width=\"232\">Impiegato<\/td>\n<td width=\"277\">Assistente amministrativo<\/td>\n<\/tr>\n<tr>\n<td width=\"38\"><strong>4.<\/strong><\/td>\n<td width=\"232\">Impiegato di magazzino<\/td>\n<td width=\"277\">Consulente di vendita<\/td>\n<\/tr>\n<tr>\n<td width=\"38\"><strong>5.<\/strong><\/td>\n<td width=\"232\">Consulente di vendita<\/td>\n<td width=\"277\">Impiegato commerciale<\/td>\n<\/tr>\n<tr>\n<td width=\"38\"><strong>6.<\/strong><\/td>\n<td width=\"232\">Assistente amministrativo<\/td>\n<td width=\"277\">Receptionist<\/td>\n<\/tr>\n<tr>\n<td width=\"38\"><strong>7.<\/strong><\/td>\n<td width=\"232\">Autista di camion<\/td>\n<td width=\"277\">Impiegato contabile<\/td>\n<\/tr>\n<tr>\n<td width=\"38\"><strong>8.<\/strong><\/td>\n<td width=\"232\">Impiegato commerciale<\/td>\n<td width=\"277\">Impiegato di servizio<\/td>\n<\/tr>\n<tr>\n<td width=\"38\"><strong>9.<\/strong><\/td>\n<td width=\"232\">Receptionist<\/td>\n<td width=\"277\">Assistente di cucina<\/td>\n<\/tr>\n<tr>\n<td width=\"38\"><strong>10.<\/strong><\/td>\n<td width=\"232\">Logistico<\/td>\n<td width=\"277\">Assistente del personale<\/td>\n<\/tr>\n<\/tbody>\n<\/table>\n<p><em>(Fonte: <a href=\"http:\/\/www.jobchannel.ch\">jobchannel ag<\/a>, a partire da: maggio 2022)<\/em><\/p>\n<h3>Le 10 offerte di lavoro pi\u00f9 pubblicizzate: Tutti i posti vacanti vs. posti vacanti part-time<\/h3>\n<table width=\"542\">\n<tbody>\n<tr>\n<td width=\"37\">&nbsp;<\/td>\n<td width=\"231\"><strong>Tutti i posti vacanti<\/strong><\/td>\n<td width=\"274\"><strong>Offerte di lavoro a tempo parziale<\/strong><\/td>\n<\/tr>\n<tr>\n<td width=\"37\"><strong>1.<\/strong><\/td>\n<td width=\"231\">Specialista in infermieristica<\/td>\n<td width=\"274\">Specialista in infermieristica<\/td>\n<\/tr>\n<tr>\n<td width=\"37\"><strong>2.<\/strong><\/td>\n<td width=\"231\">Elettricista<\/td>\n<td width=\"274\">Professionista della salute<\/td>\n<\/tr>\n<tr>\n<td width=\"37\"><strong>3.<\/strong><\/td>\n<td width=\"231\">Sviluppatore di software<\/td>\n<td width=\"274\">Consulente di vendita<\/td>\n<\/tr>\n<tr>\n<td width=\"37\"><strong>4.<\/strong><\/td>\n<td width=\"231\">Consulente di vendita<\/td>\n<td width=\"274\">Impiegato di servizio<\/td>\n<\/tr>\n<tr>\n<td width=\"37\"><strong>5.<\/strong><\/td>\n<td width=\"231\">Responsabile di progetto<\/td>\n<td width=\"274\">Sviluppatore di software<\/td>\n<\/tr>\n<tr>\n<td width=\"37\"><strong>6.<\/strong><\/td>\n<td width=\"231\">Falegname<\/td>\n<td width=\"274\">Responsabile di progetto<\/td>\n<\/tr>\n<tr>\n<td width=\"37\"><strong>7.<\/strong><\/td>\n<td width=\"231\">Impiegato di servizio<\/td>\n<td width=\"274\">Detergente per edifici<\/td>\n<\/tr>\n<tr>\n<td width=\"37\"><strong>8.<\/strong><\/td>\n<td width=\"231\">Installatore di impianti sanitari<\/td>\n<td width=\"274\">Specialista dell'assistenza<\/td>\n<\/tr>\n<tr>\n<td width=\"37\"><strong>9.<\/strong><\/td>\n<td width=\"231\">Cuoco \/ Chef<\/td>\n<td width=\"274\">Messaggera \/ Messaggera<\/td>\n<\/tr>\n<tr>\n<td width=\"37\"><strong>10.<\/strong><\/td>\n<td width=\"231\">Professionista della salute<\/td>\n<td width=\"274\">Amministratore fiduciario<\/td>\n<\/tr>\n<\/tbody>\n<\/table>\n<p><em>(Fonte: <a href=\"https:\/\/www.x28.ch\/\">x28 AG<\/a>, a partire da: maggio 2022)<\/em><\/p>","protected":false},"excerpt":{"rendered":"<p>Welche Teilzeitstellen sind bei Stellensuchenden am beliebtesten und welche werden am h\u00e4ufigsten ausgeschrieben? Dies hat die Plattform jobchannel.ch ausgewertet, basierend auf \u00a0anonymisierten Userdaten auf den ihr betriebenen \u00fcber 150 Job- und Fachplattformen. Mit \u00fcber 26 Millionen Stellenanzeigen-Klicks und gegen 1 Milliarde in Job-Abos versendeten Stellenanzeigen pro Jahr in s\u00e4mtlichen Branchen- und Fachbereichen sind die Daten [&hellip;]<\/p>\n","protected":false},"author":4,"featured_media":15496,"comment_status":"closed","ping_status":"closed","sticky":false,"template":"","format":"standard","meta":{"_acf_changed":false,"_yoast_wpseo_focuskw":"Teilzeitstellen","_yoast_wpseo_metadesc":"W\u00e4hrend die Nachfrage nach Teilzeitstellen durch Stellensuchende weiter ansteigt, verh\u00e4lt sich das Angebot auf Arbeitgeberseite z\u00f6gerlich.","articlekey":"","footnotes":""},"categories":[579],"tags":[47,254,407],"class_list":["post-15494","post","type-post","status-publish","format-standard","has-post-thumbnail","hentry","category-human-resources","tag-arbeitsmarkt","tag-hrm","tag-recruiting"],"acf":[],"yoast_head":"<!-- This site is optimized with the Yoast SEO plugin v27.4 - https:\/\/yoast.com\/product\/yoast-seo-wordpress\/ -->\n<title>Teilzeitstellen: Zu grosse Nachfrage bringt Arbeitgeber ins Schleudern - Organisator<\/title>\n<meta name=\"description\" content=\"W\u00e4hrend die Nachfrage nach Teilzeitstellen durch Stellensuchende weiter ansteigt, verh\u00e4lt sich das Angebot auf Arbeitgeberseite z\u00f6gerlich.\" \/>\n<meta name=\"robots\" content=\"index, follow, max-snippet:-1, max-image-preview:large, max-video-preview:-1\" \/>\n<link rel=\"canonical\" href=\"https:\/\/www.organisator.ch\/it\/risorse-umane\/2022-06-29\/posti-di-lavoro-part-time-troppo-grandi-la-domanda-mette-in-fibrillazione-i-datori-di-lavoro\/\" \/>\n<meta property=\"og:locale\" content=\"it_IT\" \/>\n<meta property=\"og:type\" content=\"article\" \/>\n<meta property=\"og:title\" content=\"Teilzeitstellen: Zu grosse Nachfrage bringt Arbeitgeber ins Schleudern\" \/>\n<meta property=\"og:description\" content=\"W\u00e4hrend die Nachfrage nach Teilzeitstellen durch Stellensuchende weiter ansteigt, verh\u00e4lt sich das Angebot auf Arbeitgeberseite z\u00f6gerlich.\" \/>\n<meta property=\"og:url\" content=\"https:\/\/www.organisator.ch\/it\/risorse-umane\/2022-06-29\/posti-di-lavoro-part-time-troppo-grandi-la-domanda-mette-in-fibrillazione-i-datori-di-lavoro\/\" \/>\n<meta property=\"og:site_name\" content=\"Organisator\" \/>\n<meta property=\"article:publisher\" content=\"https:\/\/www.facebook.com\/OrganisatorFachmagazin\" \/>\n<meta property=\"article:published_time\" content=\"2022-06-29T07:58:57+00:00\" \/>\n<meta property=\"og:image\" content=\"https:\/\/www.organisator.ch\/wp-content\/uploads\/2022\/06\/Teilzeitstellen-Zu-grosse-Nachfrage-bringt-Arbeitgeber-ins-Schleudern-2_Organisator.jpg\" \/>\n\t<meta property=\"og:image:width\" content=\"680\" \/>\n\t<meta property=\"og:image:height\" content=\"420\" \/>\n\t<meta property=\"og:image:type\" content=\"image\/jpeg\" \/>\n<meta name=\"author\" content=\"thomas.berner\" \/>\n<meta name=\"twitter:card\" content=\"summary_large_image\" \/>\n<meta name=\"twitter:title\" content=\"#Teilzeitstellen: Zu grosse Nachfrage bringt #Arbeitgeber ins Schleudern\" \/>\n<meta name=\"twitter:description\" content=\"W\u00e4hrend die Nachfrage nach #Teilzeitstellen durch #Stellensuchende weiter ansteigt, verh\u00e4lt sich das Angebot auf #Arbeitgeberseite z\u00f6gerlich.\" \/>\n<meta name=\"twitter:image\" content=\"https:\/\/www.organisator.ch\/wp-content\/uploads\/2022\/06\/Teilzeitstellen-Zu-grosse-Nachfrage-bringt-Arbeitgeber-ins-Schleudern-2_Organisator.jpg\" \/>\n<script type=\"application\/ld+json\" class=\"yoast-schema-graph\">{\"@context\":\"https:\\\/\\\/schema.org\",\"@graph\":[{\"@type\":\"Article\",\"@id\":\"https:\\\/\\\/www.organisator.ch\\\/human-resources\\\/2022-06-29\\\/teilzeitstellen-zu-grosse-nachfrage-bringt-arbeitgeber-ins-schleudern\\\/#article\",\"isPartOf\":{\"@id\":\"https:\\\/\\\/www.organisator.ch\\\/human-resources\\\/2022-06-29\\\/teilzeitstellen-zu-grosse-nachfrage-bringt-arbeitgeber-ins-schleudern\\\/\"},\"author\":{\"name\":\"thomas.berner\",\"@id\":\"https:\\\/\\\/www.organisator.ch\\\/#\\\/schema\\\/person\\\/6f650f90b2842cd4c0cc334b4e36f67e\"},\"headline\":\"Teilzeitstellen: Zu grosse Nachfrage bringt Arbeitgeber ins Schleudern\",\"datePublished\":\"2022-06-29T07:58:57+00:00\",\"mainEntityOfPage\":{\"@id\":\"https:\\\/\\\/www.organisator.ch\\\/human-resources\\\/2022-06-29\\\/teilzeitstellen-zu-grosse-nachfrage-bringt-arbeitgeber-ins-schleudern\\\/\"},\"wordCount\":535,\"publisher\":{\"@id\":\"https:\\\/\\\/www.organisator.ch\\\/#organization\"},\"image\":{\"@id\":\"https:\\\/\\\/www.organisator.ch\\\/human-resources\\\/2022-06-29\\\/teilzeitstellen-zu-grosse-nachfrage-bringt-arbeitgeber-ins-schleudern\\\/#primaryimage\"},\"thumbnailUrl\":\"https:\\\/\\\/www.organisator.ch\\\/wp-content\\\/uploads\\\/2022\\\/06\\\/Teilzeitstellen-Zu-grosse-Nachfrage-bringt-Arbeitgeber-ins-Schleudern-2_Organisator.jpg\",\"keywords\":[\"Arbeitsmarkt\",\"HRM\",\"Recruiting\"],\"articleSection\":[\"HUMAN RESOURCES\"],\"inLanguage\":\"it-IT\"},{\"@type\":\"WebPage\",\"@id\":\"https:\\\/\\\/www.organisator.ch\\\/human-resources\\\/2022-06-29\\\/teilzeitstellen-zu-grosse-nachfrage-bringt-arbeitgeber-ins-schleudern\\\/\",\"url\":\"https:\\\/\\\/www.organisator.ch\\\/human-resources\\\/2022-06-29\\\/teilzeitstellen-zu-grosse-nachfrage-bringt-arbeitgeber-ins-schleudern\\\/\",\"name\":\"Teilzeitstellen: Zu grosse Nachfrage bringt Arbeitgeber ins Schleudern - Organisator\",\"isPartOf\":{\"@id\":\"https:\\\/\\\/www.organisator.ch\\\/#website\"},\"primaryImageOfPage\":{\"@id\":\"https:\\\/\\\/www.organisator.ch\\\/human-resources\\\/2022-06-29\\\/teilzeitstellen-zu-grosse-nachfrage-bringt-arbeitgeber-ins-schleudern\\\/#primaryimage\"},\"image\":{\"@id\":\"https:\\\/\\\/www.organisator.ch\\\/human-resources\\\/2022-06-29\\\/teilzeitstellen-zu-grosse-nachfrage-bringt-arbeitgeber-ins-schleudern\\\/#primaryimage\"},\"thumbnailUrl\":\"https:\\\/\\\/www.organisator.ch\\\/wp-content\\\/uploads\\\/2022\\\/06\\\/Teilzeitstellen-Zu-grosse-Nachfrage-bringt-Arbeitgeber-ins-Schleudern-2_Organisator.jpg\",\"datePublished\":\"2022-06-29T07:58:57+00:00\",\"description\":\"W\u00e4hrend die Nachfrage nach Teilzeitstellen durch Stellensuchende weiter ansteigt, verh\u00e4lt sich das Angebot auf Arbeitgeberseite z\u00f6gerlich.\",\"breadcrumb\":{\"@id\":\"https:\\\/\\\/www.organisator.ch\\\/human-resources\\\/2022-06-29\\\/teilzeitstellen-zu-grosse-nachfrage-bringt-arbeitgeber-ins-schleudern\\\/#breadcrumb\"},\"inLanguage\":\"it-IT\",\"potentialAction\":[{\"@type\":\"ReadAction\",\"target\":[\"https:\\\/\\\/www.organisator.ch\\\/human-resources\\\/2022-06-29\\\/teilzeitstellen-zu-grosse-nachfrage-bringt-arbeitgeber-ins-schleudern\\\/\"]}]},{\"@type\":\"ImageObject\",\"inLanguage\":\"it-IT\",\"@id\":\"https:\\\/\\\/www.organisator.ch\\\/human-resources\\\/2022-06-29\\\/teilzeitstellen-zu-grosse-nachfrage-bringt-arbeitgeber-ins-schleudern\\\/#primaryimage\",\"url\":\"https:\\\/\\\/www.organisator.ch\\\/wp-content\\\/uploads\\\/2022\\\/06\\\/Teilzeitstellen-Zu-grosse-Nachfrage-bringt-Arbeitgeber-ins-Schleudern-2_Organisator.jpg\",\"contentUrl\":\"https:\\\/\\\/www.organisator.ch\\\/wp-content\\\/uploads\\\/2022\\\/06\\\/Teilzeitstellen-Zu-grosse-Nachfrage-bringt-Arbeitgeber-ins-Schleudern-2_Organisator.jpg\",\"width\":680,\"height\":420,\"caption\":\"Das Angebot an Teilzeitstellen kann die Nachfrage nicht befriedigen. (Grafik: jobchannel ag)\"},{\"@type\":\"BreadcrumbList\",\"@id\":\"https:\\\/\\\/www.organisator.ch\\\/human-resources\\\/2022-06-29\\\/teilzeitstellen-zu-grosse-nachfrage-bringt-arbeitgeber-ins-schleudern\\\/#breadcrumb\",\"itemListElement\":[{\"@type\":\"ListItem\",\"position\":1,\"name\":\"Home\",\"item\":\"https:\\\/\\\/www.organisator.ch\\\/\"},{\"@type\":\"ListItem\",\"position\":2,\"name\":\"Teilzeitstellen: Zu grosse Nachfrage bringt Arbeitgeber ins Schleudern\"}]},{\"@type\":\"WebSite\",\"@id\":\"https:\\\/\\\/www.organisator.ch\\\/#website\",\"url\":\"https:\\\/\\\/www.organisator.ch\\\/\",\"name\":\"Organisator\",\"description\":\"Kompetent. Praxisnah. Der ORGANISATOR bereitet in 10 Ausgaben pro Jahr die wesentlichen Themen f\u00fcr F\u00fchrungskr\u00e4fte von KMU auf.\",\"publisher\":{\"@id\":\"https:\\\/\\\/www.organisator.ch\\\/#organization\"},\"potentialAction\":[{\"@type\":\"SearchAction\",\"target\":{\"@type\":\"EntryPoint\",\"urlTemplate\":\"https:\\\/\\\/www.organisator.ch\\\/?s={search_term_string}\"},\"query-input\":{\"@type\":\"PropertyValueSpecification\",\"valueRequired\":true,\"valueName\":\"search_term_string\"}}],\"inLanguage\":\"it-IT\"},{\"@type\":\"Organization\",\"@id\":\"https:\\\/\\\/www.organisator.ch\\\/#organization\",\"name\":\"Organisator\",\"url\":\"https:\\\/\\\/www.organisator.ch\\\/\",\"logo\":{\"@type\":\"ImageObject\",\"inLanguage\":\"it-IT\",\"@id\":\"https:\\\/\\\/www.organisator.ch\\\/#\\\/schema\\\/logo\\\/image\\\/\",\"url\":\"https:\\\/\\\/www.organisator.ch\\\/wp-content\\\/uploads\\\/2022\\\/01\\\/Logo_Organisator_Website.png\",\"contentUrl\":\"https:\\\/\\\/www.organisator.ch\\\/wp-content\\\/uploads\\\/2022\\\/01\\\/Logo_Organisator_Website.png\",\"width\":800,\"height\":77,\"caption\":\"Organisator\"},\"image\":{\"@id\":\"https:\\\/\\\/www.organisator.ch\\\/#\\\/schema\\\/logo\\\/image\\\/\"},\"sameAs\":[\"https:\\\/\\\/www.facebook.com\\\/OrganisatorFachmagazin\",\"https:\\\/\\\/www.linkedin.com\\\/showcase\\\/organisator-das-magazin-fr-kmu\",\"https:\\\/\\\/www.xing.com\\\/news\\\/pages\\\/organisator-ch-695\",\"https:\\\/\\\/www.youtube.com\\\/channel\\\/UCGP2Sq0iWaZwT3BdIAQFYpw\"]},{\"@type\":\"Person\",\"@id\":\"https:\\\/\\\/www.organisator.ch\\\/#\\\/schema\\\/person\\\/6f650f90b2842cd4c0cc334b4e36f67e\",\"name\":\"thomas.berner\",\"image\":{\"@type\":\"ImageObject\",\"inLanguage\":\"it-IT\",\"@id\":\"https:\\\/\\\/secure.gravatar.com\\\/avatar\\\/ac5001d2a36cb6c6cd3e50789007ffca834b477b74a2144564522e944eabff61?s=96&d=mm&r=g\",\"url\":\"https:\\\/\\\/secure.gravatar.com\\\/avatar\\\/ac5001d2a36cb6c6cd3e50789007ffca834b477b74a2144564522e944eabff61?s=96&d=mm&r=g\",\"contentUrl\":\"https:\\\/\\\/secure.gravatar.com\\\/avatar\\\/ac5001d2a36cb6c6cd3e50789007ffca834b477b74a2144564522e944eabff61?s=96&d=mm&r=g\",\"caption\":\"thomas.berner\"},\"url\":\"https:\\\/\\\/www.organisator.ch\\\/it\\\/author\\\/thomas-berner\\\/\"}]}<\/script>\n<!-- \/ Yoast SEO plugin. -->","yoast_head_json":{"title":"Lavori a tempo parziale: Troppa domanda fa sbandare i datori di lavoro - Organizzatore","description":"Mentre la domanda di lavoro part-time da parte di chi cerca lavoro continua a crescere, l'offerta da parte dei datori di lavoro \u00e8 esitante.","robots":{"index":"index","follow":"follow","max-snippet":"max-snippet:-1","max-image-preview":"max-image-preview:large","max-video-preview":"max-video-preview:-1"},"canonical":"https:\/\/www.organisator.ch\/it\/risorse-umane\/2022-06-29\/posti-di-lavoro-part-time-troppo-grandi-la-domanda-mette-in-fibrillazione-i-datori-di-lavoro\/","og_locale":"it_IT","og_type":"article","og_title":"Teilzeitstellen: Zu grosse Nachfrage bringt Arbeitgeber ins Schleudern","og_description":"W\u00e4hrend die Nachfrage nach Teilzeitstellen durch Stellensuchende weiter ansteigt, verh\u00e4lt sich das Angebot auf Arbeitgeberseite z\u00f6gerlich.","og_url":"https:\/\/www.organisator.ch\/it\/risorse-umane\/2022-06-29\/posti-di-lavoro-part-time-troppo-grandi-la-domanda-mette-in-fibrillazione-i-datori-di-lavoro\/","og_site_name":"Organisator","article_publisher":"https:\/\/www.facebook.com\/OrganisatorFachmagazin","article_published_time":"2022-06-29T07:58:57+00:00","og_image":[{"width":680,"height":420,"url":"https:\/\/www.organisator.ch\/wp-content\/uploads\/2022\/06\/Teilzeitstellen-Zu-grosse-Nachfrage-bringt-Arbeitgeber-ins-Schleudern-2_Organisator.jpg","type":"image\/jpeg"}],"author":"thomas.berner","twitter_card":"summary_large_image","twitter_title":"#Teilzeitstellen: Zu grosse Nachfrage bringt #Arbeitgeber ins Schleudern","twitter_description":"W\u00e4hrend die Nachfrage nach #Teilzeitstellen durch #Stellensuchende weiter ansteigt, verh\u00e4lt sich das Angebot auf #Arbeitgeberseite z\u00f6gerlich.","twitter_image":"https:\/\/www.organisator.ch\/wp-content\/uploads\/2022\/06\/Teilzeitstellen-Zu-grosse-Nachfrage-bringt-Arbeitgeber-ins-Schleudern-2_Organisator.jpg","schema":{"@context":"https:\/\/schema.org","@graph":[{"@type":"Article","@id":"https:\/\/www.organisator.ch\/human-resources\/2022-06-29\/teilzeitstellen-zu-grosse-nachfrage-bringt-arbeitgeber-ins-schleudern\/#article","isPartOf":{"@id":"https:\/\/www.organisator.ch\/human-resources\/2022-06-29\/teilzeitstellen-zu-grosse-nachfrage-bringt-arbeitgeber-ins-schleudern\/"},"author":{"name":"thomas.berner","@id":"https:\/\/www.organisator.ch\/#\/schema\/person\/6f650f90b2842cd4c0cc334b4e36f67e"},"headline":"Teilzeitstellen: Zu grosse Nachfrage bringt Arbeitgeber ins Schleudern","datePublished":"2022-06-29T07:58:57+00:00","mainEntityOfPage":{"@id":"https:\/\/www.organisator.ch\/human-resources\/2022-06-29\/teilzeitstellen-zu-grosse-nachfrage-bringt-arbeitgeber-ins-schleudern\/"},"wordCount":535,"publisher":{"@id":"https:\/\/www.organisator.ch\/#organization"},"image":{"@id":"https:\/\/www.organisator.ch\/human-resources\/2022-06-29\/teilzeitstellen-zu-grosse-nachfrage-bringt-arbeitgeber-ins-schleudern\/#primaryimage"},"thumbnailUrl":"https:\/\/www.organisator.ch\/wp-content\/uploads\/2022\/06\/Teilzeitstellen-Zu-grosse-Nachfrage-bringt-Arbeitgeber-ins-Schleudern-2_Organisator.jpg","keywords":["Arbeitsmarkt","HRM","Recruiting"],"articleSection":["HUMAN RESOURCES"],"inLanguage":"it-IT"},{"@type":"WebPage","@id":"https:\/\/www.organisator.ch\/human-resources\/2022-06-29\/teilzeitstellen-zu-grosse-nachfrage-bringt-arbeitgeber-ins-schleudern\/","url":"https:\/\/www.organisator.ch\/human-resources\/2022-06-29\/teilzeitstellen-zu-grosse-nachfrage-bringt-arbeitgeber-ins-schleudern\/","name":"Lavori a tempo parziale: Troppa domanda fa sbandare i datori di lavoro - Organizzatore","isPartOf":{"@id":"https:\/\/www.organisator.ch\/#website"},"primaryImageOfPage":{"@id":"https:\/\/www.organisator.ch\/human-resources\/2022-06-29\/teilzeitstellen-zu-grosse-nachfrage-bringt-arbeitgeber-ins-schleudern\/#primaryimage"},"image":{"@id":"https:\/\/www.organisator.ch\/human-resources\/2022-06-29\/teilzeitstellen-zu-grosse-nachfrage-bringt-arbeitgeber-ins-schleudern\/#primaryimage"},"thumbnailUrl":"https:\/\/www.organisator.ch\/wp-content\/uploads\/2022\/06\/Teilzeitstellen-Zu-grosse-Nachfrage-bringt-Arbeitgeber-ins-Schleudern-2_Organisator.jpg","datePublished":"2022-06-29T07:58:57+00:00","description":"Mentre la domanda di lavoro part-time da parte di chi cerca lavoro continua a crescere, l'offerta da parte dei datori di lavoro \u00e8 esitante.","breadcrumb":{"@id":"https:\/\/www.organisator.ch\/human-resources\/2022-06-29\/teilzeitstellen-zu-grosse-nachfrage-bringt-arbeitgeber-ins-schleudern\/#breadcrumb"},"inLanguage":"it-IT","potentialAction":[{"@type":"ReadAction","target":["https:\/\/www.organisator.ch\/human-resources\/2022-06-29\/teilzeitstellen-zu-grosse-nachfrage-bringt-arbeitgeber-ins-schleudern\/"]}]},{"@type":"ImageObject","inLanguage":"it-IT","@id":"https:\/\/www.organisator.ch\/human-resources\/2022-06-29\/teilzeitstellen-zu-grosse-nachfrage-bringt-arbeitgeber-ins-schleudern\/#primaryimage","url":"https:\/\/www.organisator.ch\/wp-content\/uploads\/2022\/06\/Teilzeitstellen-Zu-grosse-Nachfrage-bringt-Arbeitgeber-ins-Schleudern-2_Organisator.jpg","contentUrl":"https:\/\/www.organisator.ch\/wp-content\/uploads\/2022\/06\/Teilzeitstellen-Zu-grosse-Nachfrage-bringt-Arbeitgeber-ins-Schleudern-2_Organisator.jpg","width":680,"height":420,"caption":"Das Angebot an Teilzeitstellen kann die Nachfrage nicht befriedigen. (Grafik: jobchannel ag)"},{"@type":"BreadcrumbList","@id":"https:\/\/www.organisator.ch\/human-resources\/2022-06-29\/teilzeitstellen-zu-grosse-nachfrage-bringt-arbeitgeber-ins-schleudern\/#breadcrumb","itemListElement":[{"@type":"ListItem","position":1,"name":"Home","item":"https:\/\/www.organisator.ch\/"},{"@type":"ListItem","position":2,"name":"Teilzeitstellen: Zu grosse Nachfrage bringt Arbeitgeber ins Schleudern"}]},{"@type":"WebSite","@id":"https:\/\/www.organisator.ch\/#website","url":"https:\/\/www.organisator.ch\/","name":"Organizzatore","description":"Competente. Pratico. In 10 numeri all'anno, ORGANISATOR presenta i temi essenziali per i manager delle PMI.","publisher":{"@id":"https:\/\/www.organisator.ch\/#organization"},"potentialAction":[{"@type":"SearchAction","target":{"@type":"EntryPoint","urlTemplate":"https:\/\/www.organisator.ch\/?s={search_term_string}"},"query-input":{"@type":"PropertyValueSpecification","valueRequired":true,"valueName":"search_term_string"}}],"inLanguage":"it-IT"},{"@type":"Organization","@id":"https:\/\/www.organisator.ch\/#organization","name":"Organizzatore","url":"https:\/\/www.organisator.ch\/","logo":{"@type":"ImageObject","inLanguage":"it-IT","@id":"https:\/\/www.organisator.ch\/#\/schema\/logo\/image\/","url":"https:\/\/www.organisator.ch\/wp-content\/uploads\/2022\/01\/Logo_Organisator_Website.png","contentUrl":"https:\/\/www.organisator.ch\/wp-content\/uploads\/2022\/01\/Logo_Organisator_Website.png","width":800,"height":77,"caption":"Organisator"},"image":{"@id":"https:\/\/www.organisator.ch\/#\/schema\/logo\/image\/"},"sameAs":["https:\/\/www.facebook.com\/OrganisatorFachmagazin","https:\/\/www.linkedin.com\/showcase\/organisator-das-magazin-fr-kmu","https:\/\/www.xing.com\/news\/pages\/organisator-ch-695","https:\/\/www.youtube.com\/channel\/UCGP2Sq0iWaZwT3BdIAQFYpw"]},{"@type":"Person","@id":"https:\/\/www.organisator.ch\/#\/schema\/person\/6f650f90b2842cd4c0cc334b4e36f67e","name":"Tommaso.berner","image":{"@type":"ImageObject","inLanguage":"it-IT","@id":"https:\/\/secure.gravatar.com\/avatar\/ac5001d2a36cb6c6cd3e50789007ffca834b477b74a2144564522e944eabff61?s=96&d=mm&r=g","url":"https:\/\/secure.gravatar.com\/avatar\/ac5001d2a36cb6c6cd3e50789007ffca834b477b74a2144564522e944eabff61?s=96&d=mm&r=g","contentUrl":"https:\/\/secure.gravatar.com\/avatar\/ac5001d2a36cb6c6cd3e50789007ffca834b477b74a2144564522e944eabff61?s=96&d=mm&r=g","caption":"thomas.berner"},"url":"https:\/\/www.organisator.ch\/it\/author\/thomas-berner\/"}]}},"_links":{"self":[{"href":"https:\/\/www.organisator.ch\/it\/wp-json\/wp\/v2\/posts\/15494","targetHints":{"allow":["GET"]}}],"collection":[{"href":"https:\/\/www.organisator.ch\/it\/wp-json\/wp\/v2\/posts"}],"about":[{"href":"https:\/\/www.organisator.ch\/it\/wp-json\/wp\/v2\/types\/post"}],"author":[{"embeddable":true,"href":"https:\/\/www.organisator.ch\/it\/wp-json\/wp\/v2\/users\/4"}],"replies":[{"embeddable":true,"href":"https:\/\/www.organisator.ch\/it\/wp-json\/wp\/v2\/comments?post=15494"}],"version-history":[{"count":2,"href":"https:\/\/www.organisator.ch\/it\/wp-json\/wp\/v2\/posts\/15494\/revisions"}],"predecessor-version":[{"id":15498,"href":"https:\/\/www.organisator.ch\/it\/wp-json\/wp\/v2\/posts\/15494\/revisions\/15498"}],"wp:featuredmedia":[{"embeddable":true,"href":"https:\/\/www.organisator.ch\/it\/wp-json\/wp\/v2\/media\/15496"}],"wp:attachment":[{"href":"https:\/\/www.organisator.ch\/it\/wp-json\/wp\/v2\/media?parent=15494"}],"wp:term":[{"taxonomy":"category","embeddable":true,"href":"https:\/\/www.organisator.ch\/it\/wp-json\/wp\/v2\/categories?post=15494"},{"taxonomy":"post_tag","embeddable":true,"href":"https:\/\/www.organisator.ch\/it\/wp-json\/wp\/v2\/tags?post=15494"}],"curies":[{"name":"wp","href":"https:\/\/api.w.org\/{rel}","templated":true}]}}