{"id":1550,"date":"2017-02-21T12:46:35","date_gmt":"2017-02-21T11:46:35","guid":{"rendered":"https:\/\/www.organisator.ch\/?p=1550"},"modified":"2017-02-21T12:46:35","modified_gmt":"2017-02-21T11:46:35","slug":"business-travel-schweizer-travel-manager-sehen-schwarz","status":"publish","type":"post","link":"https:\/\/www.organisator.ch\/it\/allgemein\/2017-02-21\/business-travel-schweizer-travel-manager-sehen-schwarz\/","title":{"rendered":"Viaggi d'affari: i travel manager svizzeri vedono nero"},"content":{"rendered":"<figure id=\"attachment_1551\" aria-describedby=\"caption-attachment-1551\" style=\"width: 680px\" class=\"wp-caption alignnone\"><img loading=\"lazy\" decoding=\"async\" class=\"size-medium wp-image-1551\" src=\"https:\/\/www.organisator.ch\/wp-content\/uploads\/2017\/02\/Business-Travel-Schweizer-Business-Travel-Manager_AirPlus-Studie-org-Organisator.jpg\" alt=\"\" width=\"680\" height=\"454\" srcset=\"https:\/\/www.organisator.ch\/wp-content\/uploads\/2017\/02\/Business-Travel-Schweizer-Business-Travel-Manager_AirPlus-Studie-org-Organisator.jpg 1000w, https:\/\/www.organisator.ch\/wp-content\/uploads\/2017\/02\/Business-Travel-Schweizer-Business-Travel-Manager_AirPlus-Studie-org-Organisator-680x454.jpg 680w, https:\/\/www.organisator.ch\/wp-content\/uploads\/2017\/02\/Business-Travel-Schweizer-Business-Travel-Manager_AirPlus-Studie-org-Organisator-768x512.jpg 768w, https:\/\/www.organisator.ch\/wp-content\/uploads\/2017\/02\/Business-Travel-Schweizer-Business-Travel-Manager_AirPlus-Studie-org-Organisator-16x12.jpg 16w, https:\/\/www.organisator.ch\/wp-content\/uploads\/2017\/02\/Business-Travel-Schweizer-Business-Travel-Manager_AirPlus-Studie-org-Organisator-262x175.jpg 262w, https:\/\/www.organisator.ch\/wp-content\/uploads\/2017\/02\/Business-Travel-Schweizer-Business-Travel-Manager_AirPlus-Studie-org-Organisator-525x350.jpg 525w, https:\/\/www.organisator.ch\/wp-content\/uploads\/2017\/02\/Business-Travel-Schweizer-Business-Travel-Manager_AirPlus-Studie-org-Organisator-920x614.jpg 920w, https:\/\/www.organisator.ch\/wp-content\/uploads\/2017\/02\/Business-Travel-Schweizer-Business-Travel-Manager_AirPlus-Studie-org-Organisator-300x200.jpg 300w\" sizes=\"auto, (max-width: 680px) 100vw, 680px\" \/><figcaption id=\"caption-attachment-1551\" class=\"wp-caption-text\">Il franco forte e la sterlina debole non portano quasi nessun vantaggio ai dirigenti d'azienda svizzeri. (Immagine: depositphotos_ dementat)<\/figcaption><\/figure>\n<p>Solo 15% dei travel manager svizzeri si aspettano pi\u00f9 viaggi nel 2017 rispetto all'anno precedente. Nel 2016, questa cifra era ancora di 23% e quindi gi\u00e0 11 punti percentuali indietro rispetto al 2015. Gli svizzeri sono quindi pi\u00f9 pessimisti sul futuro rispetto ai loro colleghi internazionali (33%). Allo stesso tempo, per\u00f2, il numero di travel manager in Svizzera che prevedono meno viaggi d'affari quest'anno \u00e8 sceso da 16% nel 2016 agli attuali 8% (globalmente 13%).<\/p>\n<p><strong>Le aspettative sono miste <\/strong><\/p>\n<p>Secondo AirPlus, il calo dei costi dei viaggi d'affari e la non omogeneit\u00e0 del mercato svizzero delle esportazioni potrebbero essere responsabili di questa situazione contraddittoria. Mentre alcune industrie (per esempio quella farmaceutica) continuano a fare bene, l'industria di trasformazione (per esempio quella meccanica) sta lottando. I viaggiatori d'affari svizzeri sono pi\u00f9 fiduciosi sulla situazione: 13% credono che ci saranno meno viaggi nel 2017 (2016: 17%), mentre 29% prevedono un aumento (2016: 19%).<\/p>\n<p>Oltre al forte franco svizzero, un'altra tendenza tra le aziende svizzere potrebbe essere responsabile di questo, vale a dire la delocalizzazione degli impianti di produzione all'estero<\/p>\n<p><strong>Nuovi orientamenti di viaggio \u00a0<\/strong><\/p>\n<p>Le ragioni di cui sopra potrebbero aumentare la necessit\u00e0 di viaggi d'affari a livello dirigenziale. A livello internazionale, gli americani hanno le aspettative pi\u00f9 alte per il 2017: il 71% dei responsabili dei viaggi aziendali prevede un aumento dei viaggi. Nel 2016, la cifra era solo 26%. Sono ottimisti anche i 60% dei travel manager indiani e i 78% dei viaggiatori d'affari, che prevedono un aumento dei viaggi d'affari grazie al boom economico e all'aumento delle esportazioni.<\/p>\n<p><strong>pessimista svizzero <\/strong><\/p>\n<p>L'impatto economico sul loro mercato \u00e8 stato visto sempre pi\u00f9 positivamente dai travel manager internazionali negli ultimi anni. Il 2017 \u00e8 il primo anno in cui il numero di pianificatori di viaggio dalla mentalit\u00e0 positiva (29%) \u00e8 maggiore di quello dei loro colleghi dalla mentalit\u00e0 negativa (23%). Ci\u00f2 significa che la percentuale di manager ottimisti \u00e8 pi\u00f9 che raddoppiata negli ultimi tre anni (2014: 14%).<\/p>\n<p>In Svizzera, il quadro \u00e8 diverso: Solo il 5% dei travel manager svizzeri si aspetta che l'attuale contesto economico abbia un impatto positivo sui viaggi d'affari. Il numero che vede un impatto negativo \u00e8 sceso da 31% nel 2016 a 20%. Ci\u00f2 significa che 71% dei travel manager non vedono alcun impatto economico sui viaggi d'affari (2016: 62%). I viaggiatori d'affari svizzeri sono significativamente pi\u00f9 ottimisti e sono pi\u00f9 in linea con la media dell'Europa occidentale.<\/p>\n<p>Il 22% dei viaggiatori d'affari in Svizzera si aspetta che l'economia abbia un impatto positivo o negativo sul segmento dei viaggi d'affari.<\/p>\n<p>Potete trovare il 12\u00b0 \"International Travel Management Study by AirPlus International\" sotto questo <a href=\"https:\/\/www.airplus.com\/editorial-files\/switzerland\/documents\/german\/airplus_international_travel_management_study_2017_part_1_ch-de.pdf\">Link<\/a><\/p>\n<p>&nbsp;<\/p>","protected":false},"excerpt":{"rendered":"<p>Lediglich 15% der Schweizer Travel Manager rechnen 2017 mit mehr Reisen als im Vorjahr. 2016 lag dieser Wert noch bei 23% und damit bereits 11 Prozentpunkte hinter 2015. Damit blicken die Schweizer pessimistischer in die Zukunft als ihre internationalen Kollegen (33%). Gleichzeitig sank hierzulande aber auch die Zahl der Reiseverantwortlichen, welche dieses Jahr weniger Gesch\u00e4ftsreisen [&hellip;]<\/p>\n","protected":false},"author":5,"featured_media":1551,"comment_status":"open","ping_status":"open","sticky":false,"template":"","format":"standard","meta":{"_acf_changed":false,"_yoast_wpseo_focuskw":"Business Travel","_yoast_wpseo_metadesc":"Business Travel Manager gehen 2017 von einem stabilen oder wachsenden Gesch\u00e4ft aus, unterstreicht die aktuelle Studie von AirPlus.","articlekey":"","footnotes":""},"categories":[1],"tags":[34,107,492],"class_list":["post-1550","post","type-post","status-publish","format-standard","has-post-thumbnail","hentry","category-allgemein","tag-airplus","tag-business-travel","tag-unternehmen"],"acf":[],"yoast_head":"<!-- This site is optimized with the Yoast SEO plugin v27.5 - https:\/\/yoast.com\/product\/yoast-seo-wordpress\/ -->\n<title>Business Travel: Schweizer Travel Manager sehen schwarz - Organisator<\/title>\n<meta name=\"description\" content=\"Business Travel Manager gehen 2017 von einem stabilen oder wachsenden Gesch\u00e4ft aus, unterstreicht die aktuelle Studie von AirPlus.\" \/>\n<meta name=\"robots\" content=\"index, follow, max-snippet:-1, max-image-preview:large, max-video-preview:-1\" \/>\n<link rel=\"canonical\" href=\"https:\/\/www.organisator.ch\/it\/generale\/2017-02-21\/business-travel-schweizer-travel-manager-sehen-schwarz\/\" \/>\n<meta property=\"og:locale\" content=\"it_IT\" \/>\n<meta property=\"og:type\" content=\"article\" \/>\n<meta property=\"og:title\" content=\"Business Travel: Schweizer Travel Manager sehen schwarz\" \/>\n<meta property=\"og:description\" content=\"Business Travel Manager und 84 Prozent der Gesch\u00e4ftsreisenden gehen 2017 von einem stabilen oder wachsenden Gesch\u00e4ft aus, unterstreicht eine aktuelle Studie von AirPlus.\" \/>\n<meta property=\"og:url\" content=\"https:\/\/www.organisator.ch\/it\/generale\/2017-02-21\/business-travel-schweizer-travel-manager-sehen-schwarz\/\" \/>\n<meta property=\"og:site_name\" content=\"Organisator\" \/>\n<meta property=\"article:publisher\" content=\"https:\/\/www.facebook.com\/OrganisatorFachmagazin\" \/>\n<meta property=\"article:published_time\" content=\"2017-02-21T11:46:35+00:00\" \/>\n<meta property=\"og:image\" content=\"https:\/\/www.organisator.ch\/wp-content\/uploads\/2017\/02\/Business-Travel-Schweizer-Business-Travel-Manager_AirPlus-Studie-org-Organisator.jpg\" \/>\n\t<meta property=\"og:image:width\" content=\"1000\" \/>\n\t<meta property=\"og:image:height\" content=\"667\" \/>\n\t<meta property=\"og:image:type\" content=\"image\/jpeg\" \/>\n<meta name=\"author\" content=\"michael.merz\" \/>\n<meta name=\"twitter:card\" content=\"summary_large_image\" \/>\n<script type=\"application\/ld+json\" class=\"yoast-schema-graph\">{\"@context\":\"https:\\\/\\\/schema.org\",\"@graph\":[{\"@type\":\"Article\",\"@id\":\"https:\\\/\\\/www.organisator.ch\\\/de\\\/allgemein\\\/2017-02-21\\\/business-travel-schweizer-travel-manager-sehen-schwarz\\\/#article\",\"isPartOf\":{\"@id\":\"https:\\\/\\\/www.organisator.ch\\\/de\\\/allgemein\\\/2017-02-21\\\/business-travel-schweizer-travel-manager-sehen-schwarz\\\/\"},\"author\":{\"name\":\"michael.merz\",\"@id\":\"https:\\\/\\\/www.organisator.ch\\\/#\\\/schema\\\/person\\\/134708ca9321c57b0362cceb7948ffbd\"},\"headline\":\"Business Travel: Schweizer Travel Manager sehen schwarz\",\"datePublished\":\"2017-02-21T11:46:35+00:00\",\"mainEntityOfPage\":{\"@id\":\"https:\\\/\\\/www.organisator.ch\\\/de\\\/allgemein\\\/2017-02-21\\\/business-travel-schweizer-travel-manager-sehen-schwarz\\\/\"},\"wordCount\":406,\"commentCount\":0,\"publisher\":{\"@id\":\"https:\\\/\\\/www.organisator.ch\\\/#organization\"},\"image\":{\"@id\":\"https:\\\/\\\/www.organisator.ch\\\/de\\\/allgemein\\\/2017-02-21\\\/business-travel-schweizer-travel-manager-sehen-schwarz\\\/#primaryimage\"},\"thumbnailUrl\":\"https:\\\/\\\/www.organisator.ch\\\/wp-content\\\/uploads\\\/2017\\\/02\\\/Business-Travel-Schweizer-Business-Travel-Manager_AirPlus-Studie-org-Organisator.jpg\",\"keywords\":[\"AirPlus\",\"Business Travel\",\"Unternehmen\"],\"articleSection\":[\"Allgemein\"],\"inLanguage\":\"it-IT\"},{\"@type\":\"WebPage\",\"@id\":\"https:\\\/\\\/www.organisator.ch\\\/de\\\/allgemein\\\/2017-02-21\\\/business-travel-schweizer-travel-manager-sehen-schwarz\\\/\",\"url\":\"https:\\\/\\\/www.organisator.ch\\\/de\\\/allgemein\\\/2017-02-21\\\/business-travel-schweizer-travel-manager-sehen-schwarz\\\/\",\"name\":\"Business Travel: Schweizer Travel Manager sehen schwarz - Organisator\",\"isPartOf\":{\"@id\":\"https:\\\/\\\/www.organisator.ch\\\/#website\"},\"primaryImageOfPage\":{\"@id\":\"https:\\\/\\\/www.organisator.ch\\\/de\\\/allgemein\\\/2017-02-21\\\/business-travel-schweizer-travel-manager-sehen-schwarz\\\/#primaryimage\"},\"image\":{\"@id\":\"https:\\\/\\\/www.organisator.ch\\\/de\\\/allgemein\\\/2017-02-21\\\/business-travel-schweizer-travel-manager-sehen-schwarz\\\/#primaryimage\"},\"thumbnailUrl\":\"https:\\\/\\\/www.organisator.ch\\\/wp-content\\\/uploads\\\/2017\\\/02\\\/Business-Travel-Schweizer-Business-Travel-Manager_AirPlus-Studie-org-Organisator.jpg\",\"datePublished\":\"2017-02-21T11:46:35+00:00\",\"description\":\"Business Travel Manager gehen 2017 von einem stabilen oder wachsenden Gesch\u00e4ft aus, unterstreicht die aktuelle Studie von AirPlus.\",\"breadcrumb\":{\"@id\":\"https:\\\/\\\/www.organisator.ch\\\/de\\\/allgemein\\\/2017-02-21\\\/business-travel-schweizer-travel-manager-sehen-schwarz\\\/#breadcrumb\"},\"inLanguage\":\"it-IT\",\"potentialAction\":[{\"@type\":\"ReadAction\",\"target\":[\"https:\\\/\\\/www.organisator.ch\\\/de\\\/allgemein\\\/2017-02-21\\\/business-travel-schweizer-travel-manager-sehen-schwarz\\\/\"]}]},{\"@type\":\"ImageObject\",\"inLanguage\":\"it-IT\",\"@id\":\"https:\\\/\\\/www.organisator.ch\\\/de\\\/allgemein\\\/2017-02-21\\\/business-travel-schweizer-travel-manager-sehen-schwarz\\\/#primaryimage\",\"url\":\"https:\\\/\\\/www.organisator.ch\\\/wp-content\\\/uploads\\\/2017\\\/02\\\/Business-Travel-Schweizer-Business-Travel-Manager_AirPlus-Studie-org-Organisator.jpg\",\"contentUrl\":\"https:\\\/\\\/www.organisator.ch\\\/wp-content\\\/uploads\\\/2017\\\/02\\\/Business-Travel-Schweizer-Business-Travel-Manager_AirPlus-Studie-org-Organisator.jpg\",\"width\":1000,\"height\":667,\"caption\":\"Shot of airplane flying above glass office buildings. Fisheye lens effect.\"},{\"@type\":\"BreadcrumbList\",\"@id\":\"https:\\\/\\\/www.organisator.ch\\\/de\\\/allgemein\\\/2017-02-21\\\/business-travel-schweizer-travel-manager-sehen-schwarz\\\/#breadcrumb\",\"itemListElement\":[{\"@type\":\"ListItem\",\"position\":1,\"name\":\"Home\",\"item\":\"https:\\\/\\\/www.organisator.ch\\\/\"},{\"@type\":\"ListItem\",\"position\":2,\"name\":\"Business Travel: Schweizer Travel Manager sehen schwarz\"}]},{\"@type\":\"WebSite\",\"@id\":\"https:\\\/\\\/www.organisator.ch\\\/#website\",\"url\":\"https:\\\/\\\/www.organisator.ch\\\/\",\"name\":\"Organisator\",\"description\":\"Kompetent. Praxisnah. Der ORGANISATOR bereitet in 10 Ausgaben pro Jahr die wesentlichen Themen f\u00fcr F\u00fchrungskr\u00e4fte von KMU auf.\",\"publisher\":{\"@id\":\"https:\\\/\\\/www.organisator.ch\\\/#organization\"},\"potentialAction\":[{\"@type\":\"SearchAction\",\"target\":{\"@type\":\"EntryPoint\",\"urlTemplate\":\"https:\\\/\\\/www.organisator.ch\\\/?s={search_term_string}\"},\"query-input\":{\"@type\":\"PropertyValueSpecification\",\"valueRequired\":true,\"valueName\":\"search_term_string\"}}],\"inLanguage\":\"it-IT\"},{\"@type\":\"Organization\",\"@id\":\"https:\\\/\\\/www.organisator.ch\\\/#organization\",\"name\":\"Organisator\",\"url\":\"https:\\\/\\\/www.organisator.ch\\\/\",\"logo\":{\"@type\":\"ImageObject\",\"inLanguage\":\"it-IT\",\"@id\":\"https:\\\/\\\/www.organisator.ch\\\/#\\\/schema\\\/logo\\\/image\\\/\",\"url\":\"https:\\\/\\\/www.organisator.ch\\\/wp-content\\\/uploads\\\/2022\\\/01\\\/Logo_Organisator_Website.png\",\"contentUrl\":\"https:\\\/\\\/www.organisator.ch\\\/wp-content\\\/uploads\\\/2022\\\/01\\\/Logo_Organisator_Website.png\",\"width\":800,\"height\":77,\"caption\":\"Organisator\"},\"image\":{\"@id\":\"https:\\\/\\\/www.organisator.ch\\\/#\\\/schema\\\/logo\\\/image\\\/\"},\"sameAs\":[\"https:\\\/\\\/www.facebook.com\\\/OrganisatorFachmagazin\",\"https:\\\/\\\/www.linkedin.com\\\/showcase\\\/organisator-das-magazin-fr-kmu\",\"https:\\\/\\\/www.xing.com\\\/news\\\/pages\\\/organisator-ch-695\",\"https:\\\/\\\/www.youtube.com\\\/channel\\\/UCGP2Sq0iWaZwT3BdIAQFYpw\"]},{\"@type\":\"Person\",\"@id\":\"https:\\\/\\\/www.organisator.ch\\\/#\\\/schema\\\/person\\\/134708ca9321c57b0362cceb7948ffbd\",\"name\":\"michael.merz\",\"image\":{\"@type\":\"ImageObject\",\"inLanguage\":\"it-IT\",\"@id\":\"https:\\\/\\\/secure.gravatar.com\\\/avatar\\\/?s=96&d=mm&r=g\",\"url\":\"https:\\\/\\\/secure.gravatar.com\\\/avatar\\\/?s=96&d=mm&r=g\",\"contentUrl\":\"https:\\\/\\\/secure.gravatar.com\\\/avatar\\\/?s=96&d=mm&r=g\",\"caption\":\"michael.merz\"},\"url\":\"https:\\\/\\\/www.organisator.ch\\\/it\\\/author\\\/michael-merz\\\/\"}]}<\/script>\n<!-- \/ Yoast SEO plugin. -->","yoast_head_json":{"title":"Viaggi d'affari: i travel manager svizzeri vedono nero - Organizzatore","description":"I responsabili dei viaggi d'affari prevedono un'attivit\u00e0 stabile o in crescita nel 2017, sottolinea l'attuale studio di AirPlus.","robots":{"index":"index","follow":"follow","max-snippet":"max-snippet:-1","max-image-preview":"max-image-preview:large","max-video-preview":"max-video-preview:-1"},"canonical":"https:\/\/www.organisator.ch\/it\/generale\/2017-02-21\/business-travel-schweizer-travel-manager-sehen-schwarz\/","og_locale":"it_IT","og_type":"article","og_title":"Business Travel: Schweizer Travel Manager sehen schwarz","og_description":"Business Travel Manager und 84 Prozent der Gesch\u00e4ftsreisenden gehen 2017 von einem stabilen oder wachsenden Gesch\u00e4ft aus, unterstreicht eine aktuelle Studie von AirPlus.","og_url":"https:\/\/www.organisator.ch\/it\/generale\/2017-02-21\/business-travel-schweizer-travel-manager-sehen-schwarz\/","og_site_name":"Organisator","article_publisher":"https:\/\/www.facebook.com\/OrganisatorFachmagazin","article_published_time":"2017-02-21T11:46:35+00:00","og_image":[{"width":1000,"height":667,"url":"https:\/\/www.organisator.ch\/wp-content\/uploads\/2017\/02\/Business-Travel-Schweizer-Business-Travel-Manager_AirPlus-Studie-org-Organisator.jpg","type":"image\/jpeg"}],"author":"michael.merz","twitter_card":"summary_large_image","schema":{"@context":"https:\/\/schema.org","@graph":[{"@type":"Article","@id":"https:\/\/www.organisator.ch\/de\/allgemein\/2017-02-21\/business-travel-schweizer-travel-manager-sehen-schwarz\/#article","isPartOf":{"@id":"https:\/\/www.organisator.ch\/de\/allgemein\/2017-02-21\/business-travel-schweizer-travel-manager-sehen-schwarz\/"},"author":{"name":"michael.merz","@id":"https:\/\/www.organisator.ch\/#\/schema\/person\/134708ca9321c57b0362cceb7948ffbd"},"headline":"Business Travel: Schweizer Travel Manager sehen schwarz","datePublished":"2017-02-21T11:46:35+00:00","mainEntityOfPage":{"@id":"https:\/\/www.organisator.ch\/de\/allgemein\/2017-02-21\/business-travel-schweizer-travel-manager-sehen-schwarz\/"},"wordCount":406,"commentCount":0,"publisher":{"@id":"https:\/\/www.organisator.ch\/#organization"},"image":{"@id":"https:\/\/www.organisator.ch\/de\/allgemein\/2017-02-21\/business-travel-schweizer-travel-manager-sehen-schwarz\/#primaryimage"},"thumbnailUrl":"https:\/\/www.organisator.ch\/wp-content\/uploads\/2017\/02\/Business-Travel-Schweizer-Business-Travel-Manager_AirPlus-Studie-org-Organisator.jpg","keywords":["AirPlus","Business Travel","Unternehmen"],"articleSection":["Allgemein"],"inLanguage":"it-IT"},{"@type":"WebPage","@id":"https:\/\/www.organisator.ch\/de\/allgemein\/2017-02-21\/business-travel-schweizer-travel-manager-sehen-schwarz\/","url":"https:\/\/www.organisator.ch\/de\/allgemein\/2017-02-21\/business-travel-schweizer-travel-manager-sehen-schwarz\/","name":"Viaggi d'affari: i travel manager svizzeri vedono nero - Organizzatore","isPartOf":{"@id":"https:\/\/www.organisator.ch\/#website"},"primaryImageOfPage":{"@id":"https:\/\/www.organisator.ch\/de\/allgemein\/2017-02-21\/business-travel-schweizer-travel-manager-sehen-schwarz\/#primaryimage"},"image":{"@id":"https:\/\/www.organisator.ch\/de\/allgemein\/2017-02-21\/business-travel-schweizer-travel-manager-sehen-schwarz\/#primaryimage"},"thumbnailUrl":"https:\/\/www.organisator.ch\/wp-content\/uploads\/2017\/02\/Business-Travel-Schweizer-Business-Travel-Manager_AirPlus-Studie-org-Organisator.jpg","datePublished":"2017-02-21T11:46:35+00:00","description":"I responsabili dei viaggi d'affari prevedono un'attivit\u00e0 stabile o in crescita nel 2017, sottolinea l'attuale studio di AirPlus.","breadcrumb":{"@id":"https:\/\/www.organisator.ch\/de\/allgemein\/2017-02-21\/business-travel-schweizer-travel-manager-sehen-schwarz\/#breadcrumb"},"inLanguage":"it-IT","potentialAction":[{"@type":"ReadAction","target":["https:\/\/www.organisator.ch\/de\/allgemein\/2017-02-21\/business-travel-schweizer-travel-manager-sehen-schwarz\/"]}]},{"@type":"ImageObject","inLanguage":"it-IT","@id":"https:\/\/www.organisator.ch\/de\/allgemein\/2017-02-21\/business-travel-schweizer-travel-manager-sehen-schwarz\/#primaryimage","url":"https:\/\/www.organisator.ch\/wp-content\/uploads\/2017\/02\/Business-Travel-Schweizer-Business-Travel-Manager_AirPlus-Studie-org-Organisator.jpg","contentUrl":"https:\/\/www.organisator.ch\/wp-content\/uploads\/2017\/02\/Business-Travel-Schweizer-Business-Travel-Manager_AirPlus-Studie-org-Organisator.jpg","width":1000,"height":667,"caption":"Shot of airplane flying above glass office buildings. Fisheye lens effect."},{"@type":"BreadcrumbList","@id":"https:\/\/www.organisator.ch\/de\/allgemein\/2017-02-21\/business-travel-schweizer-travel-manager-sehen-schwarz\/#breadcrumb","itemListElement":[{"@type":"ListItem","position":1,"name":"Home","item":"https:\/\/www.organisator.ch\/"},{"@type":"ListItem","position":2,"name":"Business Travel: Schweizer Travel Manager sehen schwarz"}]},{"@type":"WebSite","@id":"https:\/\/www.organisator.ch\/#website","url":"https:\/\/www.organisator.ch\/","name":"Organizzatore","description":"Competente. Pratico. In 10 numeri all'anno, ORGANISATOR presenta i temi essenziali per i manager delle PMI.","publisher":{"@id":"https:\/\/www.organisator.ch\/#organization"},"potentialAction":[{"@type":"SearchAction","target":{"@type":"EntryPoint","urlTemplate":"https:\/\/www.organisator.ch\/?s={search_term_string}"},"query-input":{"@type":"PropertyValueSpecification","valueRequired":true,"valueName":"search_term_string"}}],"inLanguage":"it-IT"},{"@type":"Organization","@id":"https:\/\/www.organisator.ch\/#organization","name":"Organizzatore","url":"https:\/\/www.organisator.ch\/","logo":{"@type":"ImageObject","inLanguage":"it-IT","@id":"https:\/\/www.organisator.ch\/#\/schema\/logo\/image\/","url":"https:\/\/www.organisator.ch\/wp-content\/uploads\/2022\/01\/Logo_Organisator_Website.png","contentUrl":"https:\/\/www.organisator.ch\/wp-content\/uploads\/2022\/01\/Logo_Organisator_Website.png","width":800,"height":77,"caption":"Organisator"},"image":{"@id":"https:\/\/www.organisator.ch\/#\/schema\/logo\/image\/"},"sameAs":["https:\/\/www.facebook.com\/OrganisatorFachmagazin","https:\/\/www.linkedin.com\/showcase\/organisator-das-magazin-fr-kmu","https:\/\/www.xing.com\/news\/pages\/organisator-ch-695","https:\/\/www.youtube.com\/channel\/UCGP2Sq0iWaZwT3BdIAQFYpw"]},{"@type":"Person","@id":"https:\/\/www.organisator.ch\/#\/schema\/person\/134708ca9321c57b0362cceb7948ffbd","name":"michael.merz","image":{"@type":"ImageObject","inLanguage":"it-IT","@id":"https:\/\/secure.gravatar.com\/avatar\/?s=96&d=mm&r=g","url":"https:\/\/secure.gravatar.com\/avatar\/?s=96&d=mm&r=g","contentUrl":"https:\/\/secure.gravatar.com\/avatar\/?s=96&d=mm&r=g","caption":"michael.merz"},"url":"https:\/\/www.organisator.ch\/it\/author\/michael-merz\/"}]}},"_links":{"self":[{"href":"https:\/\/www.organisator.ch\/it\/wp-json\/wp\/v2\/posts\/1550","targetHints":{"allow":["GET"]}}],"collection":[{"href":"https:\/\/www.organisator.ch\/it\/wp-json\/wp\/v2\/posts"}],"about":[{"href":"https:\/\/www.organisator.ch\/it\/wp-json\/wp\/v2\/types\/post"}],"author":[{"embeddable":true,"href":"https:\/\/www.organisator.ch\/it\/wp-json\/wp\/v2\/users\/5"}],"replies":[{"embeddable":true,"href":"https:\/\/www.organisator.ch\/it\/wp-json\/wp\/v2\/comments?post=1550"}],"version-history":[{"count":0,"href":"https:\/\/www.organisator.ch\/it\/wp-json\/wp\/v2\/posts\/1550\/revisions"}],"wp:featuredmedia":[{"embeddable":true,"href":"https:\/\/www.organisator.ch\/it\/wp-json\/wp\/v2\/media\/1551"}],"wp:attachment":[{"href":"https:\/\/www.organisator.ch\/it\/wp-json\/wp\/v2\/media?parent=1550"}],"wp:term":[{"taxonomy":"category","embeddable":true,"href":"https:\/\/www.organisator.ch\/it\/wp-json\/wp\/v2\/categories?post=1550"},{"taxonomy":"post_tag","embeddable":true,"href":"https:\/\/www.organisator.ch\/it\/wp-json\/wp\/v2\/tags?post=1550"}],"curies":[{"name":"wp","href":"https:\/\/api.w.org\/{rel}","templated":true}]}}