{"id":15501,"date":"2022-06-29T10:00:25","date_gmt":"2022-06-29T08:00:25","guid":{"rendered":"https:\/\/www.werbewoche.ch\/?p=180771"},"modified":"2022-07-23T16:05:09","modified_gmt":"2022-07-23T14:05:09","slug":"wir-sind-da-frischer-markenauftritt-fuer-swissgrid-von-crk-und-aroma","status":"publish","type":"post","link":"https:\/\/www.organisator.ch\/it\/marketing\/2022-06-29\/wir-sind-da-frischer-markenauftritt-fuer-swissgrid-von-crk-und-aroma\/","title":{"rendered":"\"Siamo qui!\" Nuova identit\u00e0 del marchio per Swissgrid da parte di CRK e Aroma"},"content":{"rendered":"<img class=\"aligncenter wp-image-180777 size-full\" src=\"https:\/\/www.werbewoche.ch\/wp-content\/uploads\/2022\/06\/Bild-5_rgb_final_PPT_titel.jpg\" alt=\"CRK\" width=\"1029\" height=\"521\" \/>In qualit\u00e0 di societ\u00e0 di rete nazionale che gestisce la rete ad altissima tensione della Svizzera, Swissgrid dialoga con numerose persone in situazioni e ruoli diversi: con i rappresentanti politici, con le autorit\u00e0, con l'economia, con i partner industriali, con i media e con i cittadini interessati, compresi i residenti che vivono nei pressi dei progetti di rete.\r\n\r\nPer questo dialogo, la joint venture tra Aroma e CRK, incaricata come agenzia principale, ha progettato la nuova identit\u00e0 del marchio di Swissgrid secondo una chiara promessa: \"Noi ci siamo! Per le persone e le aziende in Svizzera. E manteniamo il collegamento con l'Europa\". Swissgrid fa questa promessa con molte scene di vita quotidiana ricche di atmosfera e di emozioni, in cui la fornitura affidabile di energia elettrica svolge un ruolo a volte piccolo, a volte grande. Il nuovo aspetto mostra anche le persone di Swissgrid con i loro vari compiti per mantenere questa promessa.\r\n\r\n<a href=\"https:\/\/www.werbewoche.ch\/wp-content\/uploads\/2022\/06\/Bild-4-1_rgb_final_PPT_titel.jpg\"><img class=\"attachment-full alignnone\" src=\"https:\/\/www.werbewoche.ch\/wp-content\/uploads\/2022\/06\/Bild-4-1_rgb_final_PPT_titel.jpg\" alt=\"CRK\" width=\"1029\" height=\"521\" \/><\/a>\r\n<a href=\"https:\/\/www.werbewoche.ch\/wp-content\/uploads\/2022\/06\/Bild-4-2_rgb_final_PPT_titel.jpg\"><img class=\"attachment-full alignnone\" src=\"https:\/\/www.werbewoche.ch\/wp-content\/uploads\/2022\/06\/Bild-4-2_rgb_final_PPT_titel.jpg\" alt=\"CRK\" width=\"1029\" height=\"521\" \/><\/a>\r\n\r\nQuesto \u00e8 visibile nelle nuove immagini della firma e nel nuovo filmato aziendale, che incornicia questi momenti con paesaggi e infrastrutture impressionanti. Questi vengono utilizzati in diversi canali: nei media cartacei e online, nelle fiere pubbliche e nelle conferenze commerciali, nonch\u00e9 negli eventi e nei centri visitatori dell'azienda.\r\n\r\n\r\n\r\n<a href=\"https:\/\/www.werbewoche.ch\/wp-content\/uploads\/2022\/06\/Bild-8-2_rgb_final_PPT_titel.jpg\"><img class=\"attachment-full alignnone\" src=\"https:\/\/www.werbewoche.ch\/wp-content\/uploads\/2022\/06\/Bild-8-2_rgb_final_PPT_titel.jpg\" alt=\"CRK\" width=\"1029\" height=\"521\" \/><\/a>\r\n<a href=\"https:\/\/www.werbewoche.ch\/wp-content\/uploads\/2022\/06\/Bild-8-1_rgb_final_PPT_titel.jpg\"><img class=\"attachment-full alignnone\" src=\"https:\/\/www.werbewoche.ch\/wp-content\/uploads\/2022\/06\/Bild-8-1_rgb_final_PPT_titel.jpg\" alt=\"CRK\" width=\"1029\" height=\"521\" \/><\/a>\r\n<a href=\"https:\/\/www.werbewoche.ch\/wp-content\/uploads\/2022\/06\/Bild-7-2_rgb_final_PPT_titel.jpg\"><img class=\"attachment-full size-full\" src=\"https:\/\/www.werbewoche.ch\/wp-content\/uploads\/2022\/06\/Bild-7-2_rgb_final_PPT_titel.jpg\" alt=\"\" width=\"1029\" height=\"521\" \/><\/a>\r\n<a href=\"https:\/\/www.werbewoche.ch\/wp-content\/uploads\/2022\/06\/Bild-7-1_rgb_final_PPT_titel.jpg\"><img class=\"attachment-full alignnone\" src=\"https:\/\/www.werbewoche.ch\/wp-content\/uploads\/2022\/06\/Bild-7-1_rgb_final_PPT_titel.jpg\" alt=\"CRK\" width=\"1029\" height=\"521\" \/><\/a>\r\n<a href=\"https:\/\/www.werbewoche.ch\/wp-content\/uploads\/2022\/06\/Bild-6_rgb_final_PPT_titel.jpg\"><img class=\"attachment-full alignnone\" src=\"https:\/\/www.werbewoche.ch\/wp-content\/uploads\/2022\/06\/Bild-6_rgb_final_PPT_titel.jpg\" alt=\"CRK\" width=\"1029\" height=\"521\" \/><\/a>\r\n<a href=\"https:\/\/www.werbewoche.ch\/wp-content\/uploads\/2022\/06\/Bild-3_rgb_final_PPT_titel.jpg\"><img class=\"attachment-full alignnone\" src=\"https:\/\/www.werbewoche.ch\/wp-content\/uploads\/2022\/06\/Bild-3_rgb_final_PPT_titel.jpg\" alt=\"CRK\" width=\"1029\" height=\"521\" \/><\/a>\r\n<a href=\"https:\/\/www.werbewoche.ch\/wp-content\/uploads\/2022\/06\/Bild-2_rgb_final_PPT_titel.jpg\"><img class=\"attachment-full alignnone\" src=\"https:\/\/www.werbewoche.ch\/wp-content\/uploads\/2022\/06\/Bild-2_rgb_final_PPT_titel.jpg\" alt=\"CRK\" width=\"1029\" height=\"521\" \/><\/a>\r\n<a href=\"https:\/\/www.werbewoche.ch\/wp-content\/uploads\/2022\/06\/Bild-1_rgb_final_PPT_titel.jpg\"><img class=\"attachment-full alignnone\" src=\"https:\/\/www.werbewoche.ch\/wp-content\/uploads\/2022\/06\/Bild-1_rgb_final_PPT_titel.jpg\" alt=\"CRK\" width=\"1029\" height=\"521\" \/><\/a>\r\n\r\n<hr \/>\r\n\r\n<strong>Responsabile presso Swissgrid<\/strong>Michelle Roth (Responsabile Comunicazione e Stakeholder Management), Kaspar Haffner (Responsabile Contenuti e Comunicazione Digitale), Silvia Zuber (Senior Communication Manager), Melanie Ciapponi (Digital Media Manager). <strong>Gestione dei mandati:<\/strong> Oliver Wimmer (CRK), Philipp H\u00e4nggli (Aroma). <strong>Film:<\/strong> Moritz St\u00e4helin (CD). <strong>Produzione:<\/strong> Produzione multimediale L'Project. <strong>Immagini della firma:<\/strong> Louise Riis Ruggaber (AD). <strong>Fotografo:<\/strong> Dean Jaggi (Luxwerk).","protected":false},"excerpt":{"rendered":"<p>Als nationale Netzgesellschaft, die das H\u00f6chstspannungsnetz der Schweiz betreibt, steht Swissgrid im Dialog mit zahlreichen Menschen in unterschiedlichen Situationen und Rollen: mit Politikvertreter:innen, mit Beh\u00f6rden, der Wirtschaft, mit Branchenpartnern, mit Medien und mit der interessierten \u00d6ffentlichkeit \u2013 darunter auch Anwohner:innen von Netzvorhaben. F\u00fcr diesen Dialog hat die als Lead-Agentur beauftragte Gemeinschaft von Aroma und CRK [\u2026]<\/p>\n","protected":false},"author":8,"featured_media":0,"comment_status":"closed","ping_status":"closed","sticky":false,"template":"","format":"standard","meta":{"_acf_changed":false,"_yoast_wpseo_focuskw":"CRK","_yoast_wpseo_metadesc":"Nicht l\u00e4nger sollen allein die f\u00fcr die Stromversorgung notwendigen Netzinfrastrukturen das Bild von Swissgrid pr\u00e4gen. CRK und Aroma","articlekey":"","footnotes":""},"categories":[29],"tags":[2663,3008,2268],"class_list":["post-15501","post","type-post","status-publish","format-standard","hentry","category-marketing","tag-aroma","tag-crk","tag-swissgrid"],"acf":[],"yoast_head":"<!-- This site is optimized with the Yoast SEO plugin v27.4 - https:\/\/yoast.com\/product\/yoast-seo-wordpress\/ -->\n<title>\u00abWir sind da!\u00bb Frischer Markenauftritt f\u00fcr Swissgrid von CRK und Aroma - Organisator<\/title>\n<meta name=\"description\" content=\"Nicht l\u00e4nger sollen allein die f\u00fcr die Stromversorgung notwendigen Netzinfrastrukturen das Bild von Swissgrid pr\u00e4gen. CRK und Aroma\" \/>\n<meta name=\"robots\" content=\"index, follow, max-snippet:-1, max-image-preview:large, max-video-preview:-1\" \/>\n<link rel=\"canonical\" href=\"https:\/\/www.werbewoche.ch\/de\/marketing\/marken\/2022-06-29\/wir-sind-da-frischer-markenauftritt-fuer-swissgrid-von-crk-und-aroma\/\" \/>\n<meta property=\"og:locale\" content=\"it_IT\" \/>\n<meta property=\"og:type\" content=\"article\" \/>\n<meta property=\"og:title\" content=\"\u00abWir sind da!\u00bb Frischer Markenauftritt f\u00fcr Swissgrid von CRK und Aroma - Organisator\" \/>\n<meta property=\"og:description\" content=\"Nicht l\u00e4nger sollen allein die f\u00fcr die Stromversorgung notwendigen Netzinfrastrukturen das Bild von Swissgrid pr\u00e4gen. CRK und Aroma\" \/>\n<meta property=\"og:url\" content=\"https:\/\/www.werbewoche.ch\/de\/marketing\/marken\/2022-06-29\/wir-sind-da-frischer-markenauftritt-fuer-swissgrid-von-crk-und-aroma\/\" \/>\n<meta property=\"og:site_name\" content=\"Organisator\" \/>\n<meta property=\"article:publisher\" content=\"https:\/\/www.facebook.com\/OrganisatorFachmagazin\" \/>\n<meta property=\"article:published_time\" content=\"2022-06-29T08:00:25+00:00\" \/>\n<meta property=\"article:modified_time\" content=\"2022-07-23T14:05:09+00:00\" \/>\n<meta property=\"og:image\" content=\"https:\/\/www.werbewoche.ch\/wp-content\/uploads\/2022\/06\/Bild-5_rgb_final_PPT_titel.jpg\" \/>\n<meta name=\"author\" content=\"galledia\" \/>\n<meta name=\"twitter:card\" content=\"summary_large_image\" \/>\n<meta name=\"twitter:creator\" content=\"@admin\" \/>\n<script type=\"application\/ld+json\" class=\"yoast-schema-graph\">{\"@context\":\"https:\\\/\\\/schema.org\",\"@graph\":[{\"@type\":\"Article\",\"@id\":\"https:\\\/\\\/www.werbewoche.ch\\\/de\\\/marketing\\\/marken\\\/2022-06-29\\\/wir-sind-da-frischer-markenauftritt-fuer-swissgrid-von-crk-und-aroma\\\/#article\",\"isPartOf\":{\"@id\":\"https:\\\/\\\/www.organisator.ch\\\/marketing\\\/2022-06-29\\\/wir-sind-da-frischer-markenauftritt-fuer-swissgrid-von-crk-und-aroma\\\/\"},\"author\":{\"name\":\"galledia\",\"@id\":\"https:\\\/\\\/www.organisator.ch\\\/#\\\/schema\\\/person\\\/4e51799071cd2dd1232ac003643ef5f0\"},\"headline\":\"\u00abWir sind da!\u00bb Frischer Markenauftritt f\u00fcr Swissgrid von CRK und Aroma\",\"datePublished\":\"2022-06-29T08:00:25+00:00\",\"dateModified\":\"2022-07-23T14:05:09+00:00\",\"mainEntityOfPage\":{\"@id\":\"https:\\\/\\\/www.organisator.ch\\\/marketing\\\/2022-06-29\\\/wir-sind-da-frischer-markenauftritt-fuer-swissgrid-von-crk-und-aroma\\\/\"},\"wordCount\":245,\"publisher\":{\"@id\":\"https:\\\/\\\/www.organisator.ch\\\/#organization\"},\"image\":{\"@id\":\"https:\\\/\\\/www.werbewoche.ch\\\/de\\\/marketing\\\/marken\\\/2022-06-29\\\/wir-sind-da-frischer-markenauftritt-fuer-swissgrid-von-crk-und-aroma\\\/#primaryimage\"},\"thumbnailUrl\":\"https:\\\/\\\/www.werbewoche.ch\\\/wp-content\\\/uploads\\\/2022\\\/06\\\/Bild-5_rgb_final_PPT_titel.jpg\",\"keywords\":[\"Aroma\",\"CRK\",\"Swissgrid\"],\"articleSection\":[\"MARKETING\"],\"inLanguage\":\"it-IT\"},{\"@type\":\"WebPage\",\"@id\":\"https:\\\/\\\/www.organisator.ch\\\/marketing\\\/2022-06-29\\\/wir-sind-da-frischer-markenauftritt-fuer-swissgrid-von-crk-und-aroma\\\/\",\"url\":\"https:\\\/\\\/www.werbewoche.ch\\\/de\\\/marketing\\\/marken\\\/2022-06-29\\\/wir-sind-da-frischer-markenauftritt-fuer-swissgrid-von-crk-und-aroma\\\/\",\"name\":\"\u00abWir sind da!\u00bb Frischer Markenauftritt f\u00fcr Swissgrid von CRK und Aroma - Organisator\",\"isPartOf\":{\"@id\":\"https:\\\/\\\/www.organisator.ch\\\/#website\"},\"primaryImageOfPage\":{\"@id\":\"https:\\\/\\\/www.werbewoche.ch\\\/de\\\/marketing\\\/marken\\\/2022-06-29\\\/wir-sind-da-frischer-markenauftritt-fuer-swissgrid-von-crk-und-aroma\\\/#primaryimage\"},\"image\":{\"@id\":\"https:\\\/\\\/www.werbewoche.ch\\\/de\\\/marketing\\\/marken\\\/2022-06-29\\\/wir-sind-da-frischer-markenauftritt-fuer-swissgrid-von-crk-und-aroma\\\/#primaryimage\"},\"thumbnailUrl\":\"https:\\\/\\\/www.werbewoche.ch\\\/wp-content\\\/uploads\\\/2022\\\/06\\\/Bild-5_rgb_final_PPT_titel.jpg\",\"datePublished\":\"2022-06-29T08:00:25+00:00\",\"dateModified\":\"2022-07-23T14:05:09+00:00\",\"description\":\"Nicht l\u00e4nger sollen allein die f\u00fcr die Stromversorgung notwendigen Netzinfrastrukturen das Bild von Swissgrid pr\u00e4gen. CRK und Aroma\",\"breadcrumb\":{\"@id\":\"https:\\\/\\\/www.werbewoche.ch\\\/de\\\/marketing\\\/marken\\\/2022-06-29\\\/wir-sind-da-frischer-markenauftritt-fuer-swissgrid-von-crk-und-aroma\\\/#breadcrumb\"},\"inLanguage\":\"it-IT\",\"potentialAction\":[{\"@type\":\"ReadAction\",\"target\":[\"https:\\\/\\\/www.werbewoche.ch\\\/de\\\/marketing\\\/marken\\\/2022-06-29\\\/wir-sind-da-frischer-markenauftritt-fuer-swissgrid-von-crk-und-aroma\\\/\"]}]},{\"@type\":\"ImageObject\",\"inLanguage\":\"it-IT\",\"@id\":\"https:\\\/\\\/www.werbewoche.ch\\\/de\\\/marketing\\\/marken\\\/2022-06-29\\\/wir-sind-da-frischer-markenauftritt-fuer-swissgrid-von-crk-und-aroma\\\/#primaryimage\",\"url\":\"https:\\\/\\\/www.werbewoche.ch\\\/wp-content\\\/uploads\\\/2022\\\/06\\\/Bild-5_rgb_final_PPT_titel.jpg\",\"contentUrl\":\"https:\\\/\\\/www.werbewoche.ch\\\/wp-content\\\/uploads\\\/2022\\\/06\\\/Bild-5_rgb_final_PPT_titel.jpg\"},{\"@type\":\"BreadcrumbList\",\"@id\":\"https:\\\/\\\/www.werbewoche.ch\\\/de\\\/marketing\\\/marken\\\/2022-06-29\\\/wir-sind-da-frischer-markenauftritt-fuer-swissgrid-von-crk-und-aroma\\\/#breadcrumb\",\"itemListElement\":[{\"@type\":\"ListItem\",\"position\":1,\"name\":\"Home\",\"item\":\"https:\\\/\\\/www.organisator.ch\\\/\"},{\"@type\":\"ListItem\",\"position\":2,\"name\":\"\u00abWir sind da!\u00bb Frischer Markenauftritt f\u00fcr Swissgrid von CRK und Aroma\"}]},{\"@type\":\"WebSite\",\"@id\":\"https:\\\/\\\/www.organisator.ch\\\/#website\",\"url\":\"https:\\\/\\\/www.organisator.ch\\\/\",\"name\":\"Organisator\",\"description\":\"Kompetent. Praxisnah. Der ORGANISATOR bereitet in 10 Ausgaben pro Jahr die wesentlichen Themen f\u00fcr F\u00fchrungskr\u00e4fte von KMU auf.\",\"publisher\":{\"@id\":\"https:\\\/\\\/www.organisator.ch\\\/#organization\"},\"potentialAction\":[{\"@type\":\"SearchAction\",\"target\":{\"@type\":\"EntryPoint\",\"urlTemplate\":\"https:\\\/\\\/www.organisator.ch\\\/?s={search_term_string}\"},\"query-input\":{\"@type\":\"PropertyValueSpecification\",\"valueRequired\":true,\"valueName\":\"search_term_string\"}}],\"inLanguage\":\"it-IT\"},{\"@type\":\"Organization\",\"@id\":\"https:\\\/\\\/www.organisator.ch\\\/#organization\",\"name\":\"Organisator\",\"url\":\"https:\\\/\\\/www.organisator.ch\\\/\",\"logo\":{\"@type\":\"ImageObject\",\"inLanguage\":\"it-IT\",\"@id\":\"https:\\\/\\\/www.organisator.ch\\\/#\\\/schema\\\/logo\\\/image\\\/\",\"url\":\"https:\\\/\\\/www.organisator.ch\\\/wp-content\\\/uploads\\\/2022\\\/01\\\/Logo_Organisator_Website.png\",\"contentUrl\":\"https:\\\/\\\/www.organisator.ch\\\/wp-content\\\/uploads\\\/2022\\\/01\\\/Logo_Organisator_Website.png\",\"width\":800,\"height\":77,\"caption\":\"Organisator\"},\"image\":{\"@id\":\"https:\\\/\\\/www.organisator.ch\\\/#\\\/schema\\\/logo\\\/image\\\/\"},\"sameAs\":[\"https:\\\/\\\/www.facebook.com\\\/OrganisatorFachmagazin\",\"https:\\\/\\\/www.linkedin.com\\\/showcase\\\/organisator-das-magazin-fr-kmu\",\"https:\\\/\\\/www.xing.com\\\/news\\\/pages\\\/organisator-ch-695\",\"https:\\\/\\\/www.youtube.com\\\/channel\\\/UCGP2Sq0iWaZwT3BdIAQFYpw\"]},{\"@type\":\"Person\",\"@id\":\"https:\\\/\\\/www.organisator.ch\\\/#\\\/schema\\\/person\\\/4e51799071cd2dd1232ac003643ef5f0\",\"name\":\"galledia\",\"image\":{\"@type\":\"ImageObject\",\"inLanguage\":\"it-IT\",\"@id\":\"https:\\\/\\\/secure.gravatar.com\\\/avatar\\\/78a7f90c01fc2bfc875782a0d4922b37cde2cf184ce347b91316d23cd7f69a36?s=96&d=mm&r=g\",\"url\":\"https:\\\/\\\/secure.gravatar.com\\\/avatar\\\/78a7f90c01fc2bfc875782a0d4922b37cde2cf184ce347b91316d23cd7f69a36?s=96&d=mm&r=g\",\"contentUrl\":\"https:\\\/\\\/secure.gravatar.com\\\/avatar\\\/78a7f90c01fc2bfc875782a0d4922b37cde2cf184ce347b91316d23cd7f69a36?s=96&d=mm&r=g\",\"caption\":\"galledia\"},\"sameAs\":[\"https:\\\/\\\/x.com\\\/admin\"],\"url\":\"https:\\\/\\\/www.organisator.ch\\\/it\\\/author\\\/galledia\\\/\"}]}<\/script>\n<!-- \/ Yoast SEO plugin. -->","yoast_head_json":{"title":"\"Siamo qui!\" Nuova identit\u00e0 del marchio per Swissgrid da parte di CRK e Aroma - Organizzatore","description":"L'immagine di Swissgrid non deve pi\u00f9 essere caratterizzata solo dalle infrastrutture di rete necessarie per la fornitura di energia elettrica. CRK e Aroma","robots":{"index":"index","follow":"follow","max-snippet":"max-snippet:-1","max-image-preview":"max-image-preview:large","max-video-preview":"max-video-preview:-1"},"canonical":"https:\/\/www.werbewoche.ch\/de\/marketing\/marken\/2022-06-29\/wir-sind-da-frischer-markenauftritt-fuer-swissgrid-von-crk-und-aroma\/","og_locale":"it_IT","og_type":"article","og_title":"\u00abWir sind da!\u00bb Frischer Markenauftritt f\u00fcr Swissgrid von CRK und Aroma - Organisator","og_description":"Nicht l\u00e4nger sollen allein die f\u00fcr die Stromversorgung notwendigen Netzinfrastrukturen das Bild von Swissgrid pr\u00e4gen. CRK und Aroma","og_url":"https:\/\/www.werbewoche.ch\/de\/marketing\/marken\/2022-06-29\/wir-sind-da-frischer-markenauftritt-fuer-swissgrid-von-crk-und-aroma\/","og_site_name":"Organisator","article_publisher":"https:\/\/www.facebook.com\/OrganisatorFachmagazin","article_published_time":"2022-06-29T08:00:25+00:00","article_modified_time":"2022-07-23T14:05:09+00:00","og_image":[{"url":"https:\/\/www.werbewoche.ch\/wp-content\/uploads\/2022\/06\/Bild-5_rgb_final_PPT_titel.jpg","type":"","width":"","height":""}],"author":"galledia","twitter_card":"summary_large_image","twitter_creator":"@admin","schema":{"@context":"https:\/\/schema.org","@graph":[{"@type":"Article","@id":"https:\/\/www.werbewoche.ch\/de\/marketing\/marken\/2022-06-29\/wir-sind-da-frischer-markenauftritt-fuer-swissgrid-von-crk-und-aroma\/#article","isPartOf":{"@id":"https:\/\/www.organisator.ch\/marketing\/2022-06-29\/wir-sind-da-frischer-markenauftritt-fuer-swissgrid-von-crk-und-aroma\/"},"author":{"name":"galledia","@id":"https:\/\/www.organisator.ch\/#\/schema\/person\/4e51799071cd2dd1232ac003643ef5f0"},"headline":"\u00abWir sind da!\u00bb Frischer Markenauftritt f\u00fcr Swissgrid von CRK und Aroma","datePublished":"2022-06-29T08:00:25+00:00","dateModified":"2022-07-23T14:05:09+00:00","mainEntityOfPage":{"@id":"https:\/\/www.organisator.ch\/marketing\/2022-06-29\/wir-sind-da-frischer-markenauftritt-fuer-swissgrid-von-crk-und-aroma\/"},"wordCount":245,"publisher":{"@id":"https:\/\/www.organisator.ch\/#organization"},"image":{"@id":"https:\/\/www.werbewoche.ch\/de\/marketing\/marken\/2022-06-29\/wir-sind-da-frischer-markenauftritt-fuer-swissgrid-von-crk-und-aroma\/#primaryimage"},"thumbnailUrl":"https:\/\/www.werbewoche.ch\/wp-content\/uploads\/2022\/06\/Bild-5_rgb_final_PPT_titel.jpg","keywords":["Aroma","CRK","Swissgrid"],"articleSection":["MARKETING"],"inLanguage":"it-IT"},{"@type":"WebPage","@id":"https:\/\/www.organisator.ch\/marketing\/2022-06-29\/wir-sind-da-frischer-markenauftritt-fuer-swissgrid-von-crk-und-aroma\/","url":"https:\/\/www.werbewoche.ch\/de\/marketing\/marken\/2022-06-29\/wir-sind-da-frischer-markenauftritt-fuer-swissgrid-von-crk-und-aroma\/","name":"\"Siamo qui!\" Nuova identit\u00e0 del marchio per Swissgrid da parte di CRK e Aroma - Organizzatore","isPartOf":{"@id":"https:\/\/www.organisator.ch\/#website"},"primaryImageOfPage":{"@id":"https:\/\/www.werbewoche.ch\/de\/marketing\/marken\/2022-06-29\/wir-sind-da-frischer-markenauftritt-fuer-swissgrid-von-crk-und-aroma\/#primaryimage"},"image":{"@id":"https:\/\/www.werbewoche.ch\/de\/marketing\/marken\/2022-06-29\/wir-sind-da-frischer-markenauftritt-fuer-swissgrid-von-crk-und-aroma\/#primaryimage"},"thumbnailUrl":"https:\/\/www.werbewoche.ch\/wp-content\/uploads\/2022\/06\/Bild-5_rgb_final_PPT_titel.jpg","datePublished":"2022-06-29T08:00:25+00:00","dateModified":"2022-07-23T14:05:09+00:00","description":"L'immagine di Swissgrid non deve pi\u00f9 essere caratterizzata solo dalle infrastrutture di rete necessarie per la fornitura di energia elettrica. CRK e Aroma","breadcrumb":{"@id":"https:\/\/www.werbewoche.ch\/de\/marketing\/marken\/2022-06-29\/wir-sind-da-frischer-markenauftritt-fuer-swissgrid-von-crk-und-aroma\/#breadcrumb"},"inLanguage":"it-IT","potentialAction":[{"@type":"ReadAction","target":["https:\/\/www.werbewoche.ch\/de\/marketing\/marken\/2022-06-29\/wir-sind-da-frischer-markenauftritt-fuer-swissgrid-von-crk-und-aroma\/"]}]},{"@type":"ImageObject","inLanguage":"it-IT","@id":"https:\/\/www.werbewoche.ch\/de\/marketing\/marken\/2022-06-29\/wir-sind-da-frischer-markenauftritt-fuer-swissgrid-von-crk-und-aroma\/#primaryimage","url":"https:\/\/www.werbewoche.ch\/wp-content\/uploads\/2022\/06\/Bild-5_rgb_final_PPT_titel.jpg","contentUrl":"https:\/\/www.werbewoche.ch\/wp-content\/uploads\/2022\/06\/Bild-5_rgb_final_PPT_titel.jpg"},{"@type":"BreadcrumbList","@id":"https:\/\/www.werbewoche.ch\/de\/marketing\/marken\/2022-06-29\/wir-sind-da-frischer-markenauftritt-fuer-swissgrid-von-crk-und-aroma\/#breadcrumb","itemListElement":[{"@type":"ListItem","position":1,"name":"Home","item":"https:\/\/www.organisator.ch\/"},{"@type":"ListItem","position":2,"name":"\u00abWir sind da!\u00bb Frischer Markenauftritt f\u00fcr Swissgrid von CRK und Aroma"}]},{"@type":"WebSite","@id":"https:\/\/www.organisator.ch\/#website","url":"https:\/\/www.organisator.ch\/","name":"Organizzatore","description":"Competente. Pratico. In 10 numeri all'anno, ORGANISATOR presenta i temi essenziali per i manager delle PMI.","publisher":{"@id":"https:\/\/www.organisator.ch\/#organization"},"potentialAction":[{"@type":"SearchAction","target":{"@type":"EntryPoint","urlTemplate":"https:\/\/www.organisator.ch\/?s={search_term_string}"},"query-input":{"@type":"PropertyValueSpecification","valueRequired":true,"valueName":"search_term_string"}}],"inLanguage":"it-IT"},{"@type":"Organization","@id":"https:\/\/www.organisator.ch\/#organization","name":"Organizzatore","url":"https:\/\/www.organisator.ch\/","logo":{"@type":"ImageObject","inLanguage":"it-IT","@id":"https:\/\/www.organisator.ch\/#\/schema\/logo\/image\/","url":"https:\/\/www.organisator.ch\/wp-content\/uploads\/2022\/01\/Logo_Organisator_Website.png","contentUrl":"https:\/\/www.organisator.ch\/wp-content\/uploads\/2022\/01\/Logo_Organisator_Website.png","width":800,"height":77,"caption":"Organisator"},"image":{"@id":"https:\/\/www.organisator.ch\/#\/schema\/logo\/image\/"},"sameAs":["https:\/\/www.facebook.com\/OrganisatorFachmagazin","https:\/\/www.linkedin.com\/showcase\/organisator-das-magazin-fr-kmu","https:\/\/www.xing.com\/news\/pages\/organisator-ch-695","https:\/\/www.youtube.com\/channel\/UCGP2Sq0iWaZwT3BdIAQFYpw"]},{"@type":"Person","@id":"https:\/\/www.organisator.ch\/#\/schema\/person\/4e51799071cd2dd1232ac003643ef5f0","name":"galledia","image":{"@type":"ImageObject","inLanguage":"it-IT","@id":"https:\/\/secure.gravatar.com\/avatar\/78a7f90c01fc2bfc875782a0d4922b37cde2cf184ce347b91316d23cd7f69a36?s=96&d=mm&r=g","url":"https:\/\/secure.gravatar.com\/avatar\/78a7f90c01fc2bfc875782a0d4922b37cde2cf184ce347b91316d23cd7f69a36?s=96&d=mm&r=g","contentUrl":"https:\/\/secure.gravatar.com\/avatar\/78a7f90c01fc2bfc875782a0d4922b37cde2cf184ce347b91316d23cd7f69a36?s=96&d=mm&r=g","caption":"galledia"},"sameAs":["https:\/\/x.com\/admin"],"url":"https:\/\/www.organisator.ch\/it\/author\/galledia\/"}]}},"_links":{"self":[{"href":"https:\/\/www.organisator.ch\/it\/wp-json\/wp\/v2\/posts\/15501","targetHints":{"allow":["GET"]}}],"collection":[{"href":"https:\/\/www.organisator.ch\/it\/wp-json\/wp\/v2\/posts"}],"about":[{"href":"https:\/\/www.organisator.ch\/it\/wp-json\/wp\/v2\/types\/post"}],"author":[{"embeddable":true,"href":"https:\/\/www.organisator.ch\/it\/wp-json\/wp\/v2\/users\/8"}],"replies":[{"embeddable":true,"href":"https:\/\/www.organisator.ch\/it\/wp-json\/wp\/v2\/comments?post=15501"}],"version-history":[{"count":3,"href":"https:\/\/www.organisator.ch\/it\/wp-json\/wp\/v2\/posts\/15501\/revisions"}],"predecessor-version":[{"id":15759,"href":"https:\/\/www.organisator.ch\/it\/wp-json\/wp\/v2\/posts\/15501\/revisions\/15759"}],"wp:attachment":[{"href":"https:\/\/www.organisator.ch\/it\/wp-json\/wp\/v2\/media?parent=15501"}],"wp:term":[{"taxonomy":"category","embeddable":true,"href":"https:\/\/www.organisator.ch\/it\/wp-json\/wp\/v2\/categories?post=15501"},{"taxonomy":"post_tag","embeddable":true,"href":"https:\/\/www.organisator.ch\/it\/wp-json\/wp\/v2\/tags?post=15501"}],"curies":[{"name":"wp","href":"https:\/\/api.w.org\/{rel}","templated":true}]}}