{"id":15503,"date":"2022-06-30T03:09:02","date_gmt":"2022-06-30T01:09:02","guid":{"rendered":"https:\/\/www.organisator.ch\/?p=15503"},"modified":"2022-06-29T13:29:11","modified_gmt":"2022-06-29T11:29:11","slug":"neue-buerowelten-zwei-drittel-der-unternehmen-wollen-investieren","status":"publish","type":"post","link":"https:\/\/www.organisator.ch\/it\/management\/2022-06-30\/neue-buerowelten-zwei-drittel-der-unternehmen-wollen-investieren\/","title":{"rendered":"Nuovi mondi d'ufficio: Due terzi delle aziende vogliono investire"},"content":{"rendered":"<figure id=\"attachment_15504\" aria-describedby=\"caption-attachment-15504\" style=\"width: 680px\" class=\"wp-caption alignnone\"><img loading=\"lazy\" decoding=\"async\" class=\"size-full wp-image-15504\" src=\"https:\/\/www.organisator.ch\/wp-content\/uploads\/2022\/06\/Neue-Buerowelten-Zwei-Drittel-der-Unternehmen-wollen-investieren_Organisator.jpg\" alt=\"\" width=\"680\" height=\"453\" srcset=\"https:\/\/www.organisator.ch\/wp-content\/uploads\/2022\/06\/Neue-Buerowelten-Zwei-Drittel-der-Unternehmen-wollen-investieren_Organisator.jpg 680w, https:\/\/www.organisator.ch\/wp-content\/uploads\/2022\/06\/Neue-Buerowelten-Zwei-Drittel-der-Unternehmen-wollen-investieren_Organisator-18x12.jpg 18w, https:\/\/www.organisator.ch\/wp-content\/uploads\/2022\/06\/Neue-Buerowelten-Zwei-Drittel-der-Unternehmen-wollen-investieren_Organisator-263x175.jpg 263w, https:\/\/www.organisator.ch\/wp-content\/uploads\/2022\/06\/Neue-Buerowelten-Zwei-Drittel-der-Unternehmen-wollen-investieren_Organisator-525x350.jpg 525w, https:\/\/www.organisator.ch\/wp-content\/uploads\/2022\/06\/Neue-Buerowelten-Zwei-Drittel-der-Unternehmen-wollen-investieren_Organisator-300x200.jpg 300w\" sizes=\"auto, (max-width: 680px) 100vw, 680px\" \/><figcaption id=\"caption-attachment-15504\" class=\"wp-caption-text\">Nonostante l'home office, gli uffici non sono obsoleti. La maggior parte delle aziende vuole continuare a investire negli uffici. (Immagine: Adobe Stock \/ ISS)<\/figcaption><\/figure>\n<p>ISS, societ\u00e0 internazionale di servizi di facility management e workplace experience, ha presentato i risultati dell'ultima ISS Pulse Survey. L'indagine \u00e8 stata condotta in 20 Paesi tra i 100 clienti internazionali di ISS, che rappresentano oltre un milione di lavoratori d'ufficio di vari settori industriali in tutto il mondo. L'indagine si \u00e8 basata sulla tesi che le priorit\u00e0 delle aziende per quanto riguarda le postazioni di lavoro in ufficio sono cambiate notevolmente negli ultimi anni. Mentre l'ultimo sondaggio ISS prima della pandemia Covid ha classificato l'efficienza operativa e il risparmio sui costi tra le principali priorit\u00e0 nella pianificazione e nell'operativit\u00e0 degli uffici, oggi i dipendenti, la loro assunzione e la loro fidelizzazione sono le principali priorit\u00e0. Quasi due terzi delle aziende intervistate stanno investendo negli uffici a questo scopo.<\/p>\n<h3>Svolgimento in ufficio<\/h3>\n<p>Jacob Aarup-Andersen, CEO del Gruppo ISS World Services A\/S: \"L'equilibrio di potere nei mercati del lavoro globali si \u00e8 spostato dai datori di lavoro ai lavoratori. La pandemia ha ulteriormente accelerato i modelli di lavoro ibridi e le aspettative di flessibilit\u00e0 dei dipendenti. La nuova sfida per i datori di lavoro consiste nel rispondere a queste aspettative in modo da soddisfare le esigenze di produttivit\u00e0 sia dei dipendenti che dell'azienda. Non si tratta di sapere se i dipendenti sono in ufficio, ma piuttosto di capire come possono prosperare, innovare e collaborare. Attualmente vediamo molte aziende che stanno ridefinendo i loro spazi di lavoro per adattarsi a modelli di lavoro ibridi e anche alle preferenze personali dei dipendenti. Si concentrano sia sull'ambiente fisico in cui le persone lavorano sia sull'esperienza che vivono quando entrano in ufficio\".<\/p>\n<h3>Lo spazio per gli uffici non sar\u00e0 ridotto<\/h3>\n<p>L'indagine mostra anche che la maggior parte delle aziende (69%) non sta attualmente pianificando di ridimensionare i propri uffici. Le aziende che hanno deciso di ridimensionarsi sulla scia dell'home office stanno allo stesso tempo investendo nella cultura aziendale e nell'esperienza sul posto di lavoro per migliorare l'innovazione e la collaborazione tra i dipendenti. Jacob Aarup-Andersen: \"Nonostante i diversi approcci alla questione dell'impronta ambientale degli immobili, l'obiettivo di fidelizzare i dipendenti rimane. Non esiste un unico modello quando si tratta di progettare il luogo di lavoro del futuro: deve essere adatto all'azienda e ai dipendenti. Una cosa \u00e8 certa: le previsioni sulla scomparsa dell'ufficio erano esagerate. Al contrario, oggi assistiamo alla reimmaginazione e alla riprogettazione degli spazi di lavoro in tutto il mondo\".<\/p>\n<h3>Il mondo dell'ufficio continua a cambiare<\/h3>\n<p>Per Andr\u00e9 Nauer, CEO di ISS Svizzera, \u00e8 indiscutibile che \"soprattutto nel contesto del 'New Normal', gli ambienti di lavoro continueranno a cambiare. Diventeranno pi\u00f9 colorati, pi\u00f9 accoglienti, pi\u00f9 comunicativi e favoriranno la collaborazione tra i dipendenti\". ISS, uno dei principali fornitori di facility management in Svizzera, \u00e8 specializzato in consulenza, progettazione di luoghi e spazi di lavoro, gestione energetica, salute e sicurezza e gestione ambientale. Andr\u00e9 Nauer: \"ISS dispone di un team di specialisti per la progettazione e la costruzione di spazi di lavoro sotto la guida di Ulrike B\u00e4uerle e del Dr. David Lunze, che offrono l'intera gamma di servizi, dallo studio del progetto alla realizzazione, da un'unica fonte.\"<\/p>\n<p><em>Fonte: <a href=\"http:\/\/www.iss.ch\">ISS<\/a><\/em><\/p>","protected":false},"excerpt":{"rendered":"<p>Das internationale Unternehmen ISS, ein Dienstleister f\u00fcr Facility Management und Workplace Experience, hat die Ergebnisse der j\u00fcngsten \u00abISS Pulse Survey\u00bb, vorgestellt. Die Umfrage wurde in 20 L\u00e4ndern unter 100 internationalen Kunden von ISS durchgef\u00fchrt, die weltweit \u00fcber eine Million B\u00fcroangestellte aus verschiedenen Branchen repr\u00e4sentieren. Die Untersuchung ging von der These aus, wonach sich die\u00a0 Priorit\u00e4ten [&hellip;]<\/p>\n","protected":false},"author":4,"featured_media":15504,"comment_status":"closed","ping_status":"closed","sticky":false,"template":"","format":"standard","meta":{"_acf_changed":false,"_yoast_wpseo_focuskw":"B\u00fcrowelten","_yoast_wpseo_metadesc":"Unternehmen wollen trotz Homeoffice weiter in B\u00fcrowelten investieren. Das zeigt eine weltweit durchgef\u00fchrte Umfrage des FM-Spezialisten ISS.","articlekey":"","footnotes":""},"categories":[28],"tags":[51,195,335,459],"class_list":["post-15503","post","type-post","status-publish","format-standard","has-post-thumbnail","hentry","category-management","tag-arbeitsplatzgestaltung","tag-facility-management","tag-management-und-unternehmensfuehrung","tag-studie"],"acf":[],"yoast_head":"<!-- This site is optimized with the Yoast SEO plugin v27.4 - https:\/\/yoast.com\/product\/yoast-seo-wordpress\/ -->\n<title>Neue B\u00fcrowelten: Zwei Drittel der Unternehmen wollen investieren - Organisator<\/title>\n<meta name=\"description\" content=\"Unternehmen wollen trotz Homeoffice weiter in B\u00fcrowelten investieren. Das zeigt eine weltweit durchgef\u00fchrte Umfrage des FM-Spezialisten ISS.\" \/>\n<meta name=\"robots\" content=\"index, follow, max-snippet:-1, max-image-preview:large, max-video-preview:-1\" \/>\n<link rel=\"canonical\" href=\"https:\/\/www.organisator.ch\/it\/gestione-2\/2022-06-30\/neue-buerowelten-zwei-drittel-der-unternehmen-wollen-investieren\/\" \/>\n<meta property=\"og:locale\" content=\"it_IT\" \/>\n<meta property=\"og:type\" content=\"article\" \/>\n<meta property=\"og:title\" content=\"Neue B\u00fcrowelten: Zwei Drittel der Unternehmen wollen investieren\" \/>\n<meta property=\"og:description\" content=\"Unternehmen wollen trotz Homeoffice weiter in B\u00fcrowelten investieren. Das zeigt eine weltweit durchgef\u00fchrte Umfrage des FM-Spezialisten ISS.\" \/>\n<meta property=\"og:url\" content=\"https:\/\/www.organisator.ch\/it\/gestione-2\/2022-06-30\/neue-buerowelten-zwei-drittel-der-unternehmen-wollen-investieren\/\" \/>\n<meta property=\"og:site_name\" content=\"Organisator\" \/>\n<meta property=\"article:publisher\" content=\"https:\/\/www.facebook.com\/OrganisatorFachmagazin\" \/>\n<meta property=\"article:published_time\" content=\"2022-06-30T01:09:02+00:00\" \/>\n<meta property=\"og:image\" content=\"https:\/\/www.organisator.ch\/wp-content\/uploads\/2022\/06\/Neue-Buerowelten-Zwei-Drittel-der-Unternehmen-wollen-investieren_Organisator.jpg\" \/>\n\t<meta property=\"og:image:width\" content=\"680\" \/>\n\t<meta property=\"og:image:height\" content=\"453\" \/>\n\t<meta property=\"og:image:type\" content=\"image\/jpeg\" \/>\n<meta name=\"author\" content=\"thomas.berner\" \/>\n<meta name=\"twitter:card\" content=\"summary_large_image\" \/>\n<meta name=\"twitter:title\" content=\"Neue #B\u00fcrowelten: Zwei Drittel der Unternehmen wollen investieren\" \/>\n<meta name=\"twitter:description\" content=\"Unternehmen wollen trotz Homeoffice weiter in #B\u00fcrowelten investieren. Das zeigt eine weltweit durchgef\u00fchrte Umfrage des #FM-Spezialisten ISS.\" \/>\n<meta name=\"twitter:image\" content=\"https:\/\/www.organisator.ch\/wp-content\/uploads\/2022\/06\/Neue-Buerowelten-Zwei-Drittel-der-Unternehmen-wollen-investieren_Organisator.jpg\" \/>\n<script type=\"application\/ld+json\" class=\"yoast-schema-graph\">{\"@context\":\"https:\\\/\\\/schema.org\",\"@graph\":[{\"@type\":\"Article\",\"@id\":\"https:\\\/\\\/www.organisator.ch\\\/management\\\/2022-06-30\\\/neue-buerowelten-zwei-drittel-der-unternehmen-wollen-investieren\\\/#article\",\"isPartOf\":{\"@id\":\"https:\\\/\\\/www.organisator.ch\\\/management\\\/2022-06-30\\\/neue-buerowelten-zwei-drittel-der-unternehmen-wollen-investieren\\\/\"},\"author\":{\"name\":\"thomas.berner\",\"@id\":\"https:\\\/\\\/www.organisator.ch\\\/#\\\/schema\\\/person\\\/6f650f90b2842cd4c0cc334b4e36f67e\"},\"headline\":\"Neue B\u00fcrowelten: Zwei Drittel der Unternehmen wollen investieren\",\"datePublished\":\"2022-06-30T01:09:02+00:00\",\"mainEntityOfPage\":{\"@id\":\"https:\\\/\\\/www.organisator.ch\\\/management\\\/2022-06-30\\\/neue-buerowelten-zwei-drittel-der-unternehmen-wollen-investieren\\\/\"},\"wordCount\":572,\"publisher\":{\"@id\":\"https:\\\/\\\/www.organisator.ch\\\/#organization\"},\"image\":{\"@id\":\"https:\\\/\\\/www.organisator.ch\\\/management\\\/2022-06-30\\\/neue-buerowelten-zwei-drittel-der-unternehmen-wollen-investieren\\\/#primaryimage\"},\"thumbnailUrl\":\"https:\\\/\\\/www.organisator.ch\\\/wp-content\\\/uploads\\\/2022\\\/06\\\/Neue-Buerowelten-Zwei-Drittel-der-Unternehmen-wollen-investieren_Organisator.jpg\",\"keywords\":[\"Arbeitsplatzgestaltung\",\"Facility Management\",\"Management und Unternehmensf\u00fchrung\",\"Studie\"],\"articleSection\":[\"MANAGEMENT\"],\"inLanguage\":\"it-IT\"},{\"@type\":\"WebPage\",\"@id\":\"https:\\\/\\\/www.organisator.ch\\\/management\\\/2022-06-30\\\/neue-buerowelten-zwei-drittel-der-unternehmen-wollen-investieren\\\/\",\"url\":\"https:\\\/\\\/www.organisator.ch\\\/management\\\/2022-06-30\\\/neue-buerowelten-zwei-drittel-der-unternehmen-wollen-investieren\\\/\",\"name\":\"Neue B\u00fcrowelten: Zwei Drittel der Unternehmen wollen investieren - Organisator\",\"isPartOf\":{\"@id\":\"https:\\\/\\\/www.organisator.ch\\\/#website\"},\"primaryImageOfPage\":{\"@id\":\"https:\\\/\\\/www.organisator.ch\\\/management\\\/2022-06-30\\\/neue-buerowelten-zwei-drittel-der-unternehmen-wollen-investieren\\\/#primaryimage\"},\"image\":{\"@id\":\"https:\\\/\\\/www.organisator.ch\\\/management\\\/2022-06-30\\\/neue-buerowelten-zwei-drittel-der-unternehmen-wollen-investieren\\\/#primaryimage\"},\"thumbnailUrl\":\"https:\\\/\\\/www.organisator.ch\\\/wp-content\\\/uploads\\\/2022\\\/06\\\/Neue-Buerowelten-Zwei-Drittel-der-Unternehmen-wollen-investieren_Organisator.jpg\",\"datePublished\":\"2022-06-30T01:09:02+00:00\",\"description\":\"Unternehmen wollen trotz Homeoffice weiter in B\u00fcrowelten investieren. Das zeigt eine weltweit durchgef\u00fchrte Umfrage des FM-Spezialisten ISS.\",\"breadcrumb\":{\"@id\":\"https:\\\/\\\/www.organisator.ch\\\/management\\\/2022-06-30\\\/neue-buerowelten-zwei-drittel-der-unternehmen-wollen-investieren\\\/#breadcrumb\"},\"inLanguage\":\"it-IT\",\"potentialAction\":[{\"@type\":\"ReadAction\",\"target\":[\"https:\\\/\\\/www.organisator.ch\\\/management\\\/2022-06-30\\\/neue-buerowelten-zwei-drittel-der-unternehmen-wollen-investieren\\\/\"]}]},{\"@type\":\"ImageObject\",\"inLanguage\":\"it-IT\",\"@id\":\"https:\\\/\\\/www.organisator.ch\\\/management\\\/2022-06-30\\\/neue-buerowelten-zwei-drittel-der-unternehmen-wollen-investieren\\\/#primaryimage\",\"url\":\"https:\\\/\\\/www.organisator.ch\\\/wp-content\\\/uploads\\\/2022\\\/06\\\/Neue-Buerowelten-Zwei-Drittel-der-Unternehmen-wollen-investieren_Organisator.jpg\",\"contentUrl\":\"https:\\\/\\\/www.organisator.ch\\\/wp-content\\\/uploads\\\/2022\\\/06\\\/Neue-Buerowelten-Zwei-Drittel-der-Unternehmen-wollen-investieren_Organisator.jpg\",\"width\":680,\"height\":453,\"caption\":\"Trotz Homeoffice haben B\u00fcros nicht ausgedient. Ein Grossteil der Unternehmen will weiter in B\u00fcrowelten investieren. (Bild: Adobe Stock \\\/ ISS)\"},{\"@type\":\"BreadcrumbList\",\"@id\":\"https:\\\/\\\/www.organisator.ch\\\/management\\\/2022-06-30\\\/neue-buerowelten-zwei-drittel-der-unternehmen-wollen-investieren\\\/#breadcrumb\",\"itemListElement\":[{\"@type\":\"ListItem\",\"position\":1,\"name\":\"Home\",\"item\":\"https:\\\/\\\/www.organisator.ch\\\/\"},{\"@type\":\"ListItem\",\"position\":2,\"name\":\"Neue B\u00fcrowelten: Zwei Drittel der Unternehmen wollen investieren\"}]},{\"@type\":\"WebSite\",\"@id\":\"https:\\\/\\\/www.organisator.ch\\\/#website\",\"url\":\"https:\\\/\\\/www.organisator.ch\\\/\",\"name\":\"Organisator\",\"description\":\"Kompetent. Praxisnah. Der ORGANISATOR bereitet in 10 Ausgaben pro Jahr die wesentlichen Themen f\u00fcr F\u00fchrungskr\u00e4fte von KMU auf.\",\"publisher\":{\"@id\":\"https:\\\/\\\/www.organisator.ch\\\/#organization\"},\"potentialAction\":[{\"@type\":\"SearchAction\",\"target\":{\"@type\":\"EntryPoint\",\"urlTemplate\":\"https:\\\/\\\/www.organisator.ch\\\/?s={search_term_string}\"},\"query-input\":{\"@type\":\"PropertyValueSpecification\",\"valueRequired\":true,\"valueName\":\"search_term_string\"}}],\"inLanguage\":\"it-IT\"},{\"@type\":\"Organization\",\"@id\":\"https:\\\/\\\/www.organisator.ch\\\/#organization\",\"name\":\"Organisator\",\"url\":\"https:\\\/\\\/www.organisator.ch\\\/\",\"logo\":{\"@type\":\"ImageObject\",\"inLanguage\":\"it-IT\",\"@id\":\"https:\\\/\\\/www.organisator.ch\\\/#\\\/schema\\\/logo\\\/image\\\/\",\"url\":\"https:\\\/\\\/www.organisator.ch\\\/wp-content\\\/uploads\\\/2022\\\/01\\\/Logo_Organisator_Website.png\",\"contentUrl\":\"https:\\\/\\\/www.organisator.ch\\\/wp-content\\\/uploads\\\/2022\\\/01\\\/Logo_Organisator_Website.png\",\"width\":800,\"height\":77,\"caption\":\"Organisator\"},\"image\":{\"@id\":\"https:\\\/\\\/www.organisator.ch\\\/#\\\/schema\\\/logo\\\/image\\\/\"},\"sameAs\":[\"https:\\\/\\\/www.facebook.com\\\/OrganisatorFachmagazin\",\"https:\\\/\\\/www.linkedin.com\\\/showcase\\\/organisator-das-magazin-fr-kmu\",\"https:\\\/\\\/www.xing.com\\\/news\\\/pages\\\/organisator-ch-695\",\"https:\\\/\\\/www.youtube.com\\\/channel\\\/UCGP2Sq0iWaZwT3BdIAQFYpw\"]},{\"@type\":\"Person\",\"@id\":\"https:\\\/\\\/www.organisator.ch\\\/#\\\/schema\\\/person\\\/6f650f90b2842cd4c0cc334b4e36f67e\",\"name\":\"thomas.berner\",\"image\":{\"@type\":\"ImageObject\",\"inLanguage\":\"it-IT\",\"@id\":\"https:\\\/\\\/secure.gravatar.com\\\/avatar\\\/ac5001d2a36cb6c6cd3e50789007ffca834b477b74a2144564522e944eabff61?s=96&d=mm&r=g\",\"url\":\"https:\\\/\\\/secure.gravatar.com\\\/avatar\\\/ac5001d2a36cb6c6cd3e50789007ffca834b477b74a2144564522e944eabff61?s=96&d=mm&r=g\",\"contentUrl\":\"https:\\\/\\\/secure.gravatar.com\\\/avatar\\\/ac5001d2a36cb6c6cd3e50789007ffca834b477b74a2144564522e944eabff61?s=96&d=mm&r=g\",\"caption\":\"thomas.berner\"},\"url\":\"https:\\\/\\\/www.organisator.ch\\\/it\\\/author\\\/thomas-berner\\\/\"}]}<\/script>\n<!-- \/ Yoast SEO plugin. -->","yoast_head_json":{"title":"Nuovi mondi d'ufficio: Due terzi delle aziende vogliono investire - Organizzatore","description":"Le aziende vogliono continuare a investire negli ambienti d'ufficio nonostante gli uffici domestici. Questo \u00e8 quanto emerge da un'indagine condotta a livello mondiale dallo specialista di FM ISS.","robots":{"index":"index","follow":"follow","max-snippet":"max-snippet:-1","max-image-preview":"max-image-preview:large","max-video-preview":"max-video-preview:-1"},"canonical":"https:\/\/www.organisator.ch\/it\/gestione-2\/2022-06-30\/neue-buerowelten-zwei-drittel-der-unternehmen-wollen-investieren\/","og_locale":"it_IT","og_type":"article","og_title":"Neue B\u00fcrowelten: Zwei Drittel der Unternehmen wollen investieren","og_description":"Unternehmen wollen trotz Homeoffice weiter in B\u00fcrowelten investieren. Das zeigt eine weltweit durchgef\u00fchrte Umfrage des FM-Spezialisten ISS.","og_url":"https:\/\/www.organisator.ch\/it\/gestione-2\/2022-06-30\/neue-buerowelten-zwei-drittel-der-unternehmen-wollen-investieren\/","og_site_name":"Organisator","article_publisher":"https:\/\/www.facebook.com\/OrganisatorFachmagazin","article_published_time":"2022-06-30T01:09:02+00:00","og_image":[{"width":680,"height":453,"url":"https:\/\/www.organisator.ch\/wp-content\/uploads\/2022\/06\/Neue-Buerowelten-Zwei-Drittel-der-Unternehmen-wollen-investieren_Organisator.jpg","type":"image\/jpeg"}],"author":"thomas.berner","twitter_card":"summary_large_image","twitter_title":"Neue #B\u00fcrowelten: Zwei Drittel der Unternehmen wollen investieren","twitter_description":"Unternehmen wollen trotz Homeoffice weiter in #B\u00fcrowelten investieren. Das zeigt eine weltweit durchgef\u00fchrte Umfrage des #FM-Spezialisten ISS.","twitter_image":"https:\/\/www.organisator.ch\/wp-content\/uploads\/2022\/06\/Neue-Buerowelten-Zwei-Drittel-der-Unternehmen-wollen-investieren_Organisator.jpg","schema":{"@context":"https:\/\/schema.org","@graph":[{"@type":"Article","@id":"https:\/\/www.organisator.ch\/management\/2022-06-30\/neue-buerowelten-zwei-drittel-der-unternehmen-wollen-investieren\/#article","isPartOf":{"@id":"https:\/\/www.organisator.ch\/management\/2022-06-30\/neue-buerowelten-zwei-drittel-der-unternehmen-wollen-investieren\/"},"author":{"name":"thomas.berner","@id":"https:\/\/www.organisator.ch\/#\/schema\/person\/6f650f90b2842cd4c0cc334b4e36f67e"},"headline":"Neue B\u00fcrowelten: Zwei Drittel der Unternehmen wollen investieren","datePublished":"2022-06-30T01:09:02+00:00","mainEntityOfPage":{"@id":"https:\/\/www.organisator.ch\/management\/2022-06-30\/neue-buerowelten-zwei-drittel-der-unternehmen-wollen-investieren\/"},"wordCount":572,"publisher":{"@id":"https:\/\/www.organisator.ch\/#organization"},"image":{"@id":"https:\/\/www.organisator.ch\/management\/2022-06-30\/neue-buerowelten-zwei-drittel-der-unternehmen-wollen-investieren\/#primaryimage"},"thumbnailUrl":"https:\/\/www.organisator.ch\/wp-content\/uploads\/2022\/06\/Neue-Buerowelten-Zwei-Drittel-der-Unternehmen-wollen-investieren_Organisator.jpg","keywords":["Arbeitsplatzgestaltung","Facility Management","Management und Unternehmensf\u00fchrung","Studie"],"articleSection":["MANAGEMENT"],"inLanguage":"it-IT"},{"@type":"WebPage","@id":"https:\/\/www.organisator.ch\/management\/2022-06-30\/neue-buerowelten-zwei-drittel-der-unternehmen-wollen-investieren\/","url":"https:\/\/www.organisator.ch\/management\/2022-06-30\/neue-buerowelten-zwei-drittel-der-unternehmen-wollen-investieren\/","name":"Nuovi mondi d'ufficio: Due terzi delle aziende vogliono investire - Organizzatore","isPartOf":{"@id":"https:\/\/www.organisator.ch\/#website"},"primaryImageOfPage":{"@id":"https:\/\/www.organisator.ch\/management\/2022-06-30\/neue-buerowelten-zwei-drittel-der-unternehmen-wollen-investieren\/#primaryimage"},"image":{"@id":"https:\/\/www.organisator.ch\/management\/2022-06-30\/neue-buerowelten-zwei-drittel-der-unternehmen-wollen-investieren\/#primaryimage"},"thumbnailUrl":"https:\/\/www.organisator.ch\/wp-content\/uploads\/2022\/06\/Neue-Buerowelten-Zwei-Drittel-der-Unternehmen-wollen-investieren_Organisator.jpg","datePublished":"2022-06-30T01:09:02+00:00","description":"Le aziende vogliono continuare a investire negli ambienti d'ufficio nonostante gli uffici domestici. Questo \u00e8 quanto emerge da un'indagine condotta a livello mondiale dallo specialista di FM ISS.","breadcrumb":{"@id":"https:\/\/www.organisator.ch\/management\/2022-06-30\/neue-buerowelten-zwei-drittel-der-unternehmen-wollen-investieren\/#breadcrumb"},"inLanguage":"it-IT","potentialAction":[{"@type":"ReadAction","target":["https:\/\/www.organisator.ch\/management\/2022-06-30\/neue-buerowelten-zwei-drittel-der-unternehmen-wollen-investieren\/"]}]},{"@type":"ImageObject","inLanguage":"it-IT","@id":"https:\/\/www.organisator.ch\/management\/2022-06-30\/neue-buerowelten-zwei-drittel-der-unternehmen-wollen-investieren\/#primaryimage","url":"https:\/\/www.organisator.ch\/wp-content\/uploads\/2022\/06\/Neue-Buerowelten-Zwei-Drittel-der-Unternehmen-wollen-investieren_Organisator.jpg","contentUrl":"https:\/\/www.organisator.ch\/wp-content\/uploads\/2022\/06\/Neue-Buerowelten-Zwei-Drittel-der-Unternehmen-wollen-investieren_Organisator.jpg","width":680,"height":453,"caption":"Trotz Homeoffice haben B\u00fcros nicht ausgedient. Ein Grossteil der Unternehmen will weiter in B\u00fcrowelten investieren. (Bild: Adobe Stock \/ ISS)"},{"@type":"BreadcrumbList","@id":"https:\/\/www.organisator.ch\/management\/2022-06-30\/neue-buerowelten-zwei-drittel-der-unternehmen-wollen-investieren\/#breadcrumb","itemListElement":[{"@type":"ListItem","position":1,"name":"Home","item":"https:\/\/www.organisator.ch\/"},{"@type":"ListItem","position":2,"name":"Neue B\u00fcrowelten: Zwei Drittel der Unternehmen wollen investieren"}]},{"@type":"WebSite","@id":"https:\/\/www.organisator.ch\/#website","url":"https:\/\/www.organisator.ch\/","name":"Organizzatore","description":"Competente. Pratico. In 10 numeri all'anno, ORGANISATOR presenta i temi essenziali per i manager delle PMI.","publisher":{"@id":"https:\/\/www.organisator.ch\/#organization"},"potentialAction":[{"@type":"SearchAction","target":{"@type":"EntryPoint","urlTemplate":"https:\/\/www.organisator.ch\/?s={search_term_string}"},"query-input":{"@type":"PropertyValueSpecification","valueRequired":true,"valueName":"search_term_string"}}],"inLanguage":"it-IT"},{"@type":"Organization","@id":"https:\/\/www.organisator.ch\/#organization","name":"Organizzatore","url":"https:\/\/www.organisator.ch\/","logo":{"@type":"ImageObject","inLanguage":"it-IT","@id":"https:\/\/www.organisator.ch\/#\/schema\/logo\/image\/","url":"https:\/\/www.organisator.ch\/wp-content\/uploads\/2022\/01\/Logo_Organisator_Website.png","contentUrl":"https:\/\/www.organisator.ch\/wp-content\/uploads\/2022\/01\/Logo_Organisator_Website.png","width":800,"height":77,"caption":"Organisator"},"image":{"@id":"https:\/\/www.organisator.ch\/#\/schema\/logo\/image\/"},"sameAs":["https:\/\/www.facebook.com\/OrganisatorFachmagazin","https:\/\/www.linkedin.com\/showcase\/organisator-das-magazin-fr-kmu","https:\/\/www.xing.com\/news\/pages\/organisator-ch-695","https:\/\/www.youtube.com\/channel\/UCGP2Sq0iWaZwT3BdIAQFYpw"]},{"@type":"Person","@id":"https:\/\/www.organisator.ch\/#\/schema\/person\/6f650f90b2842cd4c0cc334b4e36f67e","name":"Tommaso.berner","image":{"@type":"ImageObject","inLanguage":"it-IT","@id":"https:\/\/secure.gravatar.com\/avatar\/ac5001d2a36cb6c6cd3e50789007ffca834b477b74a2144564522e944eabff61?s=96&d=mm&r=g","url":"https:\/\/secure.gravatar.com\/avatar\/ac5001d2a36cb6c6cd3e50789007ffca834b477b74a2144564522e944eabff61?s=96&d=mm&r=g","contentUrl":"https:\/\/secure.gravatar.com\/avatar\/ac5001d2a36cb6c6cd3e50789007ffca834b477b74a2144564522e944eabff61?s=96&d=mm&r=g","caption":"thomas.berner"},"url":"https:\/\/www.organisator.ch\/it\/author\/thomas-berner\/"}]}},"_links":{"self":[{"href":"https:\/\/www.organisator.ch\/it\/wp-json\/wp\/v2\/posts\/15503","targetHints":{"allow":["GET"]}}],"collection":[{"href":"https:\/\/www.organisator.ch\/it\/wp-json\/wp\/v2\/posts"}],"about":[{"href":"https:\/\/www.organisator.ch\/it\/wp-json\/wp\/v2\/types\/post"}],"author":[{"embeddable":true,"href":"https:\/\/www.organisator.ch\/it\/wp-json\/wp\/v2\/users\/4"}],"replies":[{"embeddable":true,"href":"https:\/\/www.organisator.ch\/it\/wp-json\/wp\/v2\/comments?post=15503"}],"version-history":[{"count":1,"href":"https:\/\/www.organisator.ch\/it\/wp-json\/wp\/v2\/posts\/15503\/revisions"}],"predecessor-version":[{"id":15505,"href":"https:\/\/www.organisator.ch\/it\/wp-json\/wp\/v2\/posts\/15503\/revisions\/15505"}],"wp:featuredmedia":[{"embeddable":true,"href":"https:\/\/www.organisator.ch\/it\/wp-json\/wp\/v2\/media\/15504"}],"wp:attachment":[{"href":"https:\/\/www.organisator.ch\/it\/wp-json\/wp\/v2\/media?parent=15503"}],"wp:term":[{"taxonomy":"category","embeddable":true,"href":"https:\/\/www.organisator.ch\/it\/wp-json\/wp\/v2\/categories?post=15503"},{"taxonomy":"post_tag","embeddable":true,"href":"https:\/\/www.organisator.ch\/it\/wp-json\/wp\/v2\/tags?post=15503"}],"curies":[{"name":"wp","href":"https:\/\/api.w.org\/{rel}","templated":true}]}}