{"id":15520,"date":"2022-06-30T12:03:42","date_gmt":"2022-06-30T10:03:42","guid":{"rendered":"https:\/\/www.organisator.ch\/?p=15520"},"modified":"2022-06-30T12:03:42","modified_gmt":"2022-06-30T10:03:42","slug":"arbeitgebertag-fordert-mehr-engagement-gegen-den-fachkraeftemangel","status":"publish","type":"post","link":"https:\/\/www.organisator.ch\/it\/management\/2022-06-30\/arbeitgebertag-fordert-mehr-engagement-gegen-den-fachkraeftemangel\/","title":{"rendered":"La Giornata dei datori di lavoro chiede un maggiore impegno contro la carenza di lavoratori qualificati"},"content":{"rendered":"<figure id=\"attachment_15521\" aria-describedby=\"caption-attachment-15521\" style=\"width: 680px\" class=\"wp-caption alignnone\"><img loading=\"lazy\" decoding=\"async\" class=\"size-full wp-image-15521\" src=\"https:\/\/www.organisator.ch\/wp-content\/uploads\/2022\/06\/Arbeitgebertag-fordert-mehr-Engagement-gegen-den-Fachkraeftemangel_Organisator.jpg\" alt=\"\" width=\"680\" height=\"457\" srcset=\"https:\/\/www.organisator.ch\/wp-content\/uploads\/2022\/06\/Arbeitgebertag-fordert-mehr-Engagement-gegen-den-Fachkraeftemangel_Organisator.jpg 680w, https:\/\/www.organisator.ch\/wp-content\/uploads\/2022\/06\/Arbeitgebertag-fordert-mehr-Engagement-gegen-den-Fachkraeftemangel_Organisator-18x12.jpg 18w, https:\/\/www.organisator.ch\/wp-content\/uploads\/2022\/06\/Arbeitgebertag-fordert-mehr-Engagement-gegen-den-Fachkraeftemangel_Organisator-260x175.jpg 260w, https:\/\/www.organisator.ch\/wp-content\/uploads\/2022\/06\/Arbeitgebertag-fordert-mehr-Engagement-gegen-den-Fachkraeftemangel_Organisator-521x350.jpg 521w, https:\/\/www.organisator.ch\/wp-content\/uploads\/2022\/06\/Arbeitgebertag-fordert-mehr-Engagement-gegen-den-Fachkraeftemangel_Organisator-300x202.jpg 300w\" sizes=\"auto, (max-width: 680px) 100vw, 680px\" \/><figcaption id=\"caption-attachment-15521\" class=\"wp-caption-text\">Ha chiesto una leadership e un'azione rapida da parte del Consiglio federale in occasione della Giornata dei datori di lavoro: Il presidente dei datori di lavoro Valentin Vogt. (Foto: Associazione dei datori di lavoro)<\/figcaption><\/figure>\n<p>La Giornata dei datori di lavoro di quest'anno, tenutasi a Berna il 30 giugno 2022, ha offerto l'opportunit\u00e0, dopo un'analisi della situazione, di esplorare l'urgente questione della carenza di lavoratori qualificati dal punto di vista dei datori di lavoro in Svizzera e nella vicina Austria, nonch\u00e9 con i rappresentanti dei settori. \"La crisi di Corona ha mostrato ai datori di lavoro molte aree di miglioramento: questa opportunit\u00e0 non deve essere persa\", ha sottolineato il presidente della SAV Valentin Vogt nella sua valutazione della situazione. Ma con la guerra in Ucraina, una nuova crisi, ben pi\u00f9 drammatica dal punto di vista geopolitico, sta frenando la ripresa economica in Svizzera. Mentre il Consiglio federale collabora con l'UE, i negoziati sull'ulteriore sviluppo del modello bilaterale sono in fase di stallo. Allo stesso tempo, relazioni solide e giuridicamente garantite con l'Europa sono indispensabili, soprattutto in questo momento. Vogt ha sottolineato che la comunit\u00e0 imprenditoriale si aspetta una leadership e un'azione rapida da parte del Consiglio federale.<\/p>\n<h3>Una carenza di 1,3 milioni di lavoratori entro il 2050<\/h3>\n<p>L'evento si \u00e8 poi concentrato sulla carenza di lavoratori qualificati, aggravata dalla pandemia di Corona. Quali sono gli effetti nei settori interessati? Quali soluzioni e richieste hanno i datori di lavoro per i politici? Il direttore del datore di lavoro Roland A. M\u00fcller ha affrontato questi punti nella sua presentazione. A causa dell'invecchiamento demografico, si prevede una carenza di lavoratori qualificati di circa 1,3 milioni di persone entro il 2050. Alla luce di questa carenza, i datori di lavoro vogliono chiaramente promuovere il potenziale di manodopera nazionale. Per le donne in particolare, ci si concentra sul miglioramento della compatibilit\u00e0 tra lavoro e vita familiare e sulla riduzione dei disincentivi fiscali. \"Per i dipendenti pi\u00f9 anziani \u00e8 fondamentale mantenere e promuovere le loro competenze nel mercato del lavoro\", ha sottolineato M\u00fcller. A tal fine, l'Associazione svizzera dei datori di lavoro (SAV) ha lanciato la rete dei datori di lavoro <a href=\"https:\/\/arbeitgeber.us9.list-manage.com\/track\/click?u=56a31f9dc26f472dc5cbdbe11&amp;id=6c13f429a8&amp;e=10cd0a79ea\">focus50plus<\/a>. Tuttavia, la Svizzera continuer\u00e0 a dipendere anche in futuro dall'immigrazione dai Paesi dell'UE\/AELS e dai Paesi terzi: per questo sono decisive le buone condizioni quadro e la salvaguardia della libera circolazione delle persone.<\/p>\n<h3>L'Austria ospite della Giornata dei datori di lavoro<\/h3>\n<p>Sentimenti simili sono stati espressi per quanto riguarda l'aggravarsi della carenza di lavoratori qualificati nella vicina Austria. Come ha sottolineato Georg Knill, presidente della Federazione delle Industrie Austriache (IV), l'Austria prevede un calo della forza lavoro dall'attuale 52 al 47% entro il 2050. Per affrontare il problema a lungo termine, il governo sta lavorando a una strategia globale per la manodopera qualificata che comprende vari settori come l'apprendistato, l'integrazione delle donne e degli anziani e l'immigrazione qualificata.<\/p>\n<h3>La carenza di competenze come inibitore della crescita<\/h3>\n<p>I rappresentanti dei rispettivi settori economici hanno discusso il modo in cui la carenza di lavoratori qualificati viene vissuta e affrontata dai settori nel corso della tavola rotonda. Qual \u00e8 la ragione della grave carenza di personale qualificato nel settore sanitario e come si possono attirare i giovani in questo settore? Rolf Zehnder, ex direttore dell'Ospedale Cantonale di Winterthur e vicepresidente dell'Associazione Ospedaliera H Plus, ha sottolineato che, oltre ai salari, la cultura aziendale e l'atmosfera lavorativa giocano un ruolo importante. Thomas B\u00f6sch, responsabile delle risorse umane di Novartis Svizzera, \u00e8 consapevole del fatto che \"\u00e8 un privilegio per l'industria farmaceutica poter assumere la mancanza di lavoratori qualificati attraverso le quote dei Paesi terzi\". \"La mancanza di lavoratori qualificati \u00e8 un vero e proprio freno alla crescita\", ha avvertito Judith Bellaiche, direttore generale di Swico, l'associazione di categoria dell'industria svizzera dell'ICT e dell'online. Dobbiamo cominciare dalla scuola, ha detto.<\/p>\n<p><em>Fonte e ulteriori informazioni: <a href=\"https:\/\/www.arbeitgeber.ch\/\">Confederazione svizzera dei datori di lavoro<\/a><\/em><\/p>","protected":false},"excerpt":{"rendered":"<p>Der diesj\u00e4hrige Arbeitgebertag, abgehalten am 30. Juni 2022 in Bern, bot die Gelegenheit, nach einer Lageanalyse das dringliche Thema des Fachkr\u00e4ftemangels aus Sicht der Arbeitgeber der Schweiz und ihrem Nachbarn \u00d6sterreich sowie mit Vertretern der Branchen zu vertiefen. \u00abDie Corona-Krise hat den Arbeitgebern viele Verbesserungsbereiche aufgezeigt &#8211; diese Chance darf man nicht ungenutzt lassen\u00bb, betonte [&hellip;]<\/p>\n","protected":false},"author":4,"featured_media":15521,"comment_status":"closed","ping_status":"closed","sticky":false,"template":"","format":"standard","meta":{"_acf_changed":false,"_yoast_wpseo_focuskw":"Arbeitgebertag","_yoast_wpseo_metadesc":"Am traditionellen Arbeitgebertag des Schweizerischen Arbeitgeberverbands stand der Fachkr\u00e4ftemangel in der Schweiz und in Europa im Fokus.","articlekey":"","footnotes":""},"categories":[28],"tags":[194,502,503,531],"class_list":["post-15520","post","type-post","status-publish","format-standard","has-post-thumbnail","hentry","category-management","tag-fachkraeftemangel","tag-veranstaltungen","tag-verbaende","tag-wirtschaftspolitik"],"acf":[],"yoast_head":"<!-- This site is optimized with the Yoast SEO plugin v27.5 - https:\/\/yoast.com\/product\/yoast-seo-wordpress\/ -->\n<title>Arbeitgebertag fordert mehr Engagement gegen den Fachkr\u00e4ftemangel - Organisator<\/title>\n<meta name=\"description\" content=\"Am traditionellen Arbeitgebertag des Schweizerischen Arbeitgeberverbands stand der Fachkr\u00e4ftemangel in der Schweiz und in Europa im Fokus.\" \/>\n<meta name=\"robots\" content=\"index, follow, max-snippet:-1, max-image-preview:large, max-video-preview:-1\" \/>\n<link rel=\"canonical\" href=\"https:\/\/www.organisator.ch\/it\/gestione-2\/2022-06-30\/arbeitgebertag-fordert-mehr-engagement-gegen-den-fachkraeftemangel\/\" \/>\n<meta property=\"og:locale\" content=\"it_IT\" \/>\n<meta property=\"og:type\" content=\"article\" \/>\n<meta property=\"og:title\" content=\"Arbeitgebertag fordert mehr Engagement gegen den Fachkr\u00e4ftemangel\" \/>\n<meta property=\"og:description\" content=\"Am traditionellen Arbeitgebertag des Schweizerischen Arbeitgeberverbands stand der Fachkr\u00e4ftemangel in der Schweiz und in Europa im Fokus.\" \/>\n<meta property=\"og:url\" content=\"https:\/\/www.organisator.ch\/it\/gestione-2\/2022-06-30\/arbeitgebertag-fordert-mehr-engagement-gegen-den-fachkraeftemangel\/\" \/>\n<meta property=\"og:site_name\" content=\"Organisator\" \/>\n<meta property=\"article:publisher\" content=\"https:\/\/www.facebook.com\/OrganisatorFachmagazin\" \/>\n<meta property=\"article:published_time\" content=\"2022-06-30T10:03:42+00:00\" \/>\n<meta property=\"og:image\" content=\"https:\/\/www.organisator.ch\/wp-content\/uploads\/2022\/06\/Arbeitgebertag-fordert-mehr-Engagement-gegen-den-Fachkraeftemangel_Organisator.jpg\" \/>\n\t<meta property=\"og:image:width\" content=\"680\" \/>\n\t<meta property=\"og:image:height\" content=\"457\" \/>\n\t<meta property=\"og:image:type\" content=\"image\/jpeg\" \/>\n<meta name=\"author\" content=\"thomas.berner\" \/>\n<meta name=\"twitter:card\" content=\"summary_large_image\" \/>\n<meta name=\"twitter:title\" content=\"#Arbeitgebertag fordert mehr Engagement gegen den #Fachkr\u00e4ftemangel\" \/>\n<meta name=\"twitter:description\" content=\"Am traditionellen #Arbeitgebertag des Schweizerischen #Arbeitgeberverbands stand der #Fachkr\u00e4ftemangel in der Schweiz und in Europa im Fokus.\" \/>\n<meta name=\"twitter:image\" content=\"https:\/\/www.organisator.ch\/wp-content\/uploads\/2022\/06\/Arbeitgebertag-fordert-mehr-Engagement-gegen-den-Fachkraeftemangel_Organisator.jpg\" \/>\n<script type=\"application\/ld+json\" class=\"yoast-schema-graph\">{\"@context\":\"https:\\\/\\\/schema.org\",\"@graph\":[{\"@type\":\"Article\",\"@id\":\"https:\\\/\\\/www.organisator.ch\\\/management\\\/2022-06-30\\\/arbeitgebertag-fordert-mehr-engagement-gegen-den-fachkraeftemangel\\\/#article\",\"isPartOf\":{\"@id\":\"https:\\\/\\\/www.organisator.ch\\\/management\\\/2022-06-30\\\/arbeitgebertag-fordert-mehr-engagement-gegen-den-fachkraeftemangel\\\/\"},\"author\":{\"name\":\"thomas.berner\",\"@id\":\"https:\\\/\\\/www.organisator.ch\\\/#\\\/schema\\\/person\\\/6f650f90b2842cd4c0cc334b4e36f67e\"},\"headline\":\"Arbeitgebertag fordert mehr Engagement gegen den Fachkr\u00e4ftemangel\",\"datePublished\":\"2022-06-30T10:03:42+00:00\",\"mainEntityOfPage\":{\"@id\":\"https:\\\/\\\/www.organisator.ch\\\/management\\\/2022-06-30\\\/arbeitgebertag-fordert-mehr-engagement-gegen-den-fachkraeftemangel\\\/\"},\"wordCount\":552,\"publisher\":{\"@id\":\"https:\\\/\\\/www.organisator.ch\\\/#organization\"},\"image\":{\"@id\":\"https:\\\/\\\/www.organisator.ch\\\/management\\\/2022-06-30\\\/arbeitgebertag-fordert-mehr-engagement-gegen-den-fachkraeftemangel\\\/#primaryimage\"},\"thumbnailUrl\":\"https:\\\/\\\/www.organisator.ch\\\/wp-content\\\/uploads\\\/2022\\\/06\\\/Arbeitgebertag-fordert-mehr-Engagement-gegen-den-Fachkraeftemangel_Organisator.jpg\",\"keywords\":[\"Fachkr\u00e4ftemangel\",\"Veranstaltungen\",\"Verb\u00e4nde\",\"Wirtschaftspolitik\"],\"articleSection\":[\"MANAGEMENT\"],\"inLanguage\":\"it-IT\"},{\"@type\":\"WebPage\",\"@id\":\"https:\\\/\\\/www.organisator.ch\\\/management\\\/2022-06-30\\\/arbeitgebertag-fordert-mehr-engagement-gegen-den-fachkraeftemangel\\\/\",\"url\":\"https:\\\/\\\/www.organisator.ch\\\/management\\\/2022-06-30\\\/arbeitgebertag-fordert-mehr-engagement-gegen-den-fachkraeftemangel\\\/\",\"name\":\"Arbeitgebertag fordert mehr Engagement gegen den Fachkr\u00e4ftemangel - Organisator\",\"isPartOf\":{\"@id\":\"https:\\\/\\\/www.organisator.ch\\\/#website\"},\"primaryImageOfPage\":{\"@id\":\"https:\\\/\\\/www.organisator.ch\\\/management\\\/2022-06-30\\\/arbeitgebertag-fordert-mehr-engagement-gegen-den-fachkraeftemangel\\\/#primaryimage\"},\"image\":{\"@id\":\"https:\\\/\\\/www.organisator.ch\\\/management\\\/2022-06-30\\\/arbeitgebertag-fordert-mehr-engagement-gegen-den-fachkraeftemangel\\\/#primaryimage\"},\"thumbnailUrl\":\"https:\\\/\\\/www.organisator.ch\\\/wp-content\\\/uploads\\\/2022\\\/06\\\/Arbeitgebertag-fordert-mehr-Engagement-gegen-den-Fachkraeftemangel_Organisator.jpg\",\"datePublished\":\"2022-06-30T10:03:42+00:00\",\"description\":\"Am traditionellen Arbeitgebertag des Schweizerischen Arbeitgeberverbands stand der Fachkr\u00e4ftemangel in der Schweiz und in Europa im Fokus.\",\"breadcrumb\":{\"@id\":\"https:\\\/\\\/www.organisator.ch\\\/management\\\/2022-06-30\\\/arbeitgebertag-fordert-mehr-engagement-gegen-den-fachkraeftemangel\\\/#breadcrumb\"},\"inLanguage\":\"it-IT\",\"potentialAction\":[{\"@type\":\"ReadAction\",\"target\":[\"https:\\\/\\\/www.organisator.ch\\\/management\\\/2022-06-30\\\/arbeitgebertag-fordert-mehr-engagement-gegen-den-fachkraeftemangel\\\/\"]}]},{\"@type\":\"ImageObject\",\"inLanguage\":\"it-IT\",\"@id\":\"https:\\\/\\\/www.organisator.ch\\\/management\\\/2022-06-30\\\/arbeitgebertag-fordert-mehr-engagement-gegen-den-fachkraeftemangel\\\/#primaryimage\",\"url\":\"https:\\\/\\\/www.organisator.ch\\\/wp-content\\\/uploads\\\/2022\\\/06\\\/Arbeitgebertag-fordert-mehr-Engagement-gegen-den-Fachkraeftemangel_Organisator.jpg\",\"contentUrl\":\"https:\\\/\\\/www.organisator.ch\\\/wp-content\\\/uploads\\\/2022\\\/06\\\/Arbeitgebertag-fordert-mehr-Engagement-gegen-den-Fachkraeftemangel_Organisator.jpg\",\"width\":680,\"height\":457,\"caption\":\"Forderte am Arbeitgebertag vom Bundesrat F\u00fchrungsst\u00e4rke und z\u00fcgiges Handeln: Arbeitgeber-Pr\u00e4sident Valentin Vogt. (Bild: Arbeitgeberverband)\"},{\"@type\":\"BreadcrumbList\",\"@id\":\"https:\\\/\\\/www.organisator.ch\\\/management\\\/2022-06-30\\\/arbeitgebertag-fordert-mehr-engagement-gegen-den-fachkraeftemangel\\\/#breadcrumb\",\"itemListElement\":[{\"@type\":\"ListItem\",\"position\":1,\"name\":\"Home\",\"item\":\"https:\\\/\\\/www.organisator.ch\\\/\"},{\"@type\":\"ListItem\",\"position\":2,\"name\":\"Arbeitgebertag fordert mehr Engagement gegen den Fachkr\u00e4ftemangel\"}]},{\"@type\":\"WebSite\",\"@id\":\"https:\\\/\\\/www.organisator.ch\\\/#website\",\"url\":\"https:\\\/\\\/www.organisator.ch\\\/\",\"name\":\"Organisator\",\"description\":\"Kompetent. Praxisnah. Der ORGANISATOR bereitet in 10 Ausgaben pro Jahr die wesentlichen Themen f\u00fcr F\u00fchrungskr\u00e4fte von KMU auf.\",\"publisher\":{\"@id\":\"https:\\\/\\\/www.organisator.ch\\\/#organization\"},\"potentialAction\":[{\"@type\":\"SearchAction\",\"target\":{\"@type\":\"EntryPoint\",\"urlTemplate\":\"https:\\\/\\\/www.organisator.ch\\\/?s={search_term_string}\"},\"query-input\":{\"@type\":\"PropertyValueSpecification\",\"valueRequired\":true,\"valueName\":\"search_term_string\"}}],\"inLanguage\":\"it-IT\"},{\"@type\":\"Organization\",\"@id\":\"https:\\\/\\\/www.organisator.ch\\\/#organization\",\"name\":\"Organisator\",\"url\":\"https:\\\/\\\/www.organisator.ch\\\/\",\"logo\":{\"@type\":\"ImageObject\",\"inLanguage\":\"it-IT\",\"@id\":\"https:\\\/\\\/www.organisator.ch\\\/#\\\/schema\\\/logo\\\/image\\\/\",\"url\":\"https:\\\/\\\/www.organisator.ch\\\/wp-content\\\/uploads\\\/2022\\\/01\\\/Logo_Organisator_Website.png\",\"contentUrl\":\"https:\\\/\\\/www.organisator.ch\\\/wp-content\\\/uploads\\\/2022\\\/01\\\/Logo_Organisator_Website.png\",\"width\":800,\"height\":77,\"caption\":\"Organisator\"},\"image\":{\"@id\":\"https:\\\/\\\/www.organisator.ch\\\/#\\\/schema\\\/logo\\\/image\\\/\"},\"sameAs\":[\"https:\\\/\\\/www.facebook.com\\\/OrganisatorFachmagazin\",\"https:\\\/\\\/www.linkedin.com\\\/showcase\\\/organisator-das-magazin-fr-kmu\",\"https:\\\/\\\/www.xing.com\\\/news\\\/pages\\\/organisator-ch-695\",\"https:\\\/\\\/www.youtube.com\\\/channel\\\/UCGP2Sq0iWaZwT3BdIAQFYpw\"]},{\"@type\":\"Person\",\"@id\":\"https:\\\/\\\/www.organisator.ch\\\/#\\\/schema\\\/person\\\/6f650f90b2842cd4c0cc334b4e36f67e\",\"name\":\"thomas.berner\",\"image\":{\"@type\":\"ImageObject\",\"inLanguage\":\"it-IT\",\"@id\":\"https:\\\/\\\/secure.gravatar.com\\\/avatar\\\/ac5001d2a36cb6c6cd3e50789007ffca834b477b74a2144564522e944eabff61?s=96&d=mm&r=g\",\"url\":\"https:\\\/\\\/secure.gravatar.com\\\/avatar\\\/ac5001d2a36cb6c6cd3e50789007ffca834b477b74a2144564522e944eabff61?s=96&d=mm&r=g\",\"contentUrl\":\"https:\\\/\\\/secure.gravatar.com\\\/avatar\\\/ac5001d2a36cb6c6cd3e50789007ffca834b477b74a2144564522e944eabff61?s=96&d=mm&r=g\",\"caption\":\"thomas.berner\"},\"url\":\"https:\\\/\\\/www.organisator.ch\\\/it\\\/author\\\/thomas-berner\\\/\"}]}<\/script>\n<!-- \/ Yoast SEO plugin. -->","yoast_head_json":{"title":"La Giornata dei datori di lavoro chiede un maggiore impegno contro la carenza di lavoratori qualificati - Organizzatore","description":"In occasione della tradizionale Giornata dei datori di lavoro dell'Associazione svizzera dei datori di lavoro, l'attenzione si \u00e8 concentrata sulla carenza di lavoratori qualificati in Svizzera e in Europa.","robots":{"index":"index","follow":"follow","max-snippet":"max-snippet:-1","max-image-preview":"max-image-preview:large","max-video-preview":"max-video-preview:-1"},"canonical":"https:\/\/www.organisator.ch\/it\/gestione-2\/2022-06-30\/arbeitgebertag-fordert-mehr-engagement-gegen-den-fachkraeftemangel\/","og_locale":"it_IT","og_type":"article","og_title":"Arbeitgebertag fordert mehr Engagement gegen den Fachkr\u00e4ftemangel","og_description":"Am traditionellen Arbeitgebertag des Schweizerischen Arbeitgeberverbands stand der Fachkr\u00e4ftemangel in der Schweiz und in Europa im Fokus.","og_url":"https:\/\/www.organisator.ch\/it\/gestione-2\/2022-06-30\/arbeitgebertag-fordert-mehr-engagement-gegen-den-fachkraeftemangel\/","og_site_name":"Organisator","article_publisher":"https:\/\/www.facebook.com\/OrganisatorFachmagazin","article_published_time":"2022-06-30T10:03:42+00:00","og_image":[{"width":680,"height":457,"url":"https:\/\/www.organisator.ch\/wp-content\/uploads\/2022\/06\/Arbeitgebertag-fordert-mehr-Engagement-gegen-den-Fachkraeftemangel_Organisator.jpg","type":"image\/jpeg"}],"author":"thomas.berner","twitter_card":"summary_large_image","twitter_title":"#Arbeitgebertag fordert mehr Engagement gegen den #Fachkr\u00e4ftemangel","twitter_description":"Am traditionellen #Arbeitgebertag des Schweizerischen #Arbeitgeberverbands stand der #Fachkr\u00e4ftemangel in der Schweiz und in Europa im Fokus.","twitter_image":"https:\/\/www.organisator.ch\/wp-content\/uploads\/2022\/06\/Arbeitgebertag-fordert-mehr-Engagement-gegen-den-Fachkraeftemangel_Organisator.jpg","schema":{"@context":"https:\/\/schema.org","@graph":[{"@type":"Article","@id":"https:\/\/www.organisator.ch\/management\/2022-06-30\/arbeitgebertag-fordert-mehr-engagement-gegen-den-fachkraeftemangel\/#article","isPartOf":{"@id":"https:\/\/www.organisator.ch\/management\/2022-06-30\/arbeitgebertag-fordert-mehr-engagement-gegen-den-fachkraeftemangel\/"},"author":{"name":"thomas.berner","@id":"https:\/\/www.organisator.ch\/#\/schema\/person\/6f650f90b2842cd4c0cc334b4e36f67e"},"headline":"Arbeitgebertag fordert mehr Engagement gegen den Fachkr\u00e4ftemangel","datePublished":"2022-06-30T10:03:42+00:00","mainEntityOfPage":{"@id":"https:\/\/www.organisator.ch\/management\/2022-06-30\/arbeitgebertag-fordert-mehr-engagement-gegen-den-fachkraeftemangel\/"},"wordCount":552,"publisher":{"@id":"https:\/\/www.organisator.ch\/#organization"},"image":{"@id":"https:\/\/www.organisator.ch\/management\/2022-06-30\/arbeitgebertag-fordert-mehr-engagement-gegen-den-fachkraeftemangel\/#primaryimage"},"thumbnailUrl":"https:\/\/www.organisator.ch\/wp-content\/uploads\/2022\/06\/Arbeitgebertag-fordert-mehr-Engagement-gegen-den-Fachkraeftemangel_Organisator.jpg","keywords":["Fachkr\u00e4ftemangel","Veranstaltungen","Verb\u00e4nde","Wirtschaftspolitik"],"articleSection":["MANAGEMENT"],"inLanguage":"it-IT"},{"@type":"WebPage","@id":"https:\/\/www.organisator.ch\/management\/2022-06-30\/arbeitgebertag-fordert-mehr-engagement-gegen-den-fachkraeftemangel\/","url":"https:\/\/www.organisator.ch\/management\/2022-06-30\/arbeitgebertag-fordert-mehr-engagement-gegen-den-fachkraeftemangel\/","name":"La Giornata dei datori di lavoro chiede un maggiore impegno contro la carenza di lavoratori qualificati - Organizzatore","isPartOf":{"@id":"https:\/\/www.organisator.ch\/#website"},"primaryImageOfPage":{"@id":"https:\/\/www.organisator.ch\/management\/2022-06-30\/arbeitgebertag-fordert-mehr-engagement-gegen-den-fachkraeftemangel\/#primaryimage"},"image":{"@id":"https:\/\/www.organisator.ch\/management\/2022-06-30\/arbeitgebertag-fordert-mehr-engagement-gegen-den-fachkraeftemangel\/#primaryimage"},"thumbnailUrl":"https:\/\/www.organisator.ch\/wp-content\/uploads\/2022\/06\/Arbeitgebertag-fordert-mehr-Engagement-gegen-den-Fachkraeftemangel_Organisator.jpg","datePublished":"2022-06-30T10:03:42+00:00","description":"In occasione della tradizionale Giornata dei datori di lavoro dell'Associazione svizzera dei datori di lavoro, l'attenzione si \u00e8 concentrata sulla carenza di lavoratori qualificati in Svizzera e in Europa.","breadcrumb":{"@id":"https:\/\/www.organisator.ch\/management\/2022-06-30\/arbeitgebertag-fordert-mehr-engagement-gegen-den-fachkraeftemangel\/#breadcrumb"},"inLanguage":"it-IT","potentialAction":[{"@type":"ReadAction","target":["https:\/\/www.organisator.ch\/management\/2022-06-30\/arbeitgebertag-fordert-mehr-engagement-gegen-den-fachkraeftemangel\/"]}]},{"@type":"ImageObject","inLanguage":"it-IT","@id":"https:\/\/www.organisator.ch\/management\/2022-06-30\/arbeitgebertag-fordert-mehr-engagement-gegen-den-fachkraeftemangel\/#primaryimage","url":"https:\/\/www.organisator.ch\/wp-content\/uploads\/2022\/06\/Arbeitgebertag-fordert-mehr-Engagement-gegen-den-Fachkraeftemangel_Organisator.jpg","contentUrl":"https:\/\/www.organisator.ch\/wp-content\/uploads\/2022\/06\/Arbeitgebertag-fordert-mehr-Engagement-gegen-den-Fachkraeftemangel_Organisator.jpg","width":680,"height":457,"caption":"Forderte am Arbeitgebertag vom Bundesrat F\u00fchrungsst\u00e4rke und z\u00fcgiges Handeln: Arbeitgeber-Pr\u00e4sident Valentin Vogt. (Bild: Arbeitgeberverband)"},{"@type":"BreadcrumbList","@id":"https:\/\/www.organisator.ch\/management\/2022-06-30\/arbeitgebertag-fordert-mehr-engagement-gegen-den-fachkraeftemangel\/#breadcrumb","itemListElement":[{"@type":"ListItem","position":1,"name":"Home","item":"https:\/\/www.organisator.ch\/"},{"@type":"ListItem","position":2,"name":"Arbeitgebertag fordert mehr Engagement gegen den Fachkr\u00e4ftemangel"}]},{"@type":"WebSite","@id":"https:\/\/www.organisator.ch\/#website","url":"https:\/\/www.organisator.ch\/","name":"Organizzatore","description":"Competente. Pratico. In 10 numeri all'anno, ORGANISATOR presenta i temi essenziali per i manager delle PMI.","publisher":{"@id":"https:\/\/www.organisator.ch\/#organization"},"potentialAction":[{"@type":"SearchAction","target":{"@type":"EntryPoint","urlTemplate":"https:\/\/www.organisator.ch\/?s={search_term_string}"},"query-input":{"@type":"PropertyValueSpecification","valueRequired":true,"valueName":"search_term_string"}}],"inLanguage":"it-IT"},{"@type":"Organization","@id":"https:\/\/www.organisator.ch\/#organization","name":"Organizzatore","url":"https:\/\/www.organisator.ch\/","logo":{"@type":"ImageObject","inLanguage":"it-IT","@id":"https:\/\/www.organisator.ch\/#\/schema\/logo\/image\/","url":"https:\/\/www.organisator.ch\/wp-content\/uploads\/2022\/01\/Logo_Organisator_Website.png","contentUrl":"https:\/\/www.organisator.ch\/wp-content\/uploads\/2022\/01\/Logo_Organisator_Website.png","width":800,"height":77,"caption":"Organisator"},"image":{"@id":"https:\/\/www.organisator.ch\/#\/schema\/logo\/image\/"},"sameAs":["https:\/\/www.facebook.com\/OrganisatorFachmagazin","https:\/\/www.linkedin.com\/showcase\/organisator-das-magazin-fr-kmu","https:\/\/www.xing.com\/news\/pages\/organisator-ch-695","https:\/\/www.youtube.com\/channel\/UCGP2Sq0iWaZwT3BdIAQFYpw"]},{"@type":"Person","@id":"https:\/\/www.organisator.ch\/#\/schema\/person\/6f650f90b2842cd4c0cc334b4e36f67e","name":"Tommaso.berner","image":{"@type":"ImageObject","inLanguage":"it-IT","@id":"https:\/\/secure.gravatar.com\/avatar\/ac5001d2a36cb6c6cd3e50789007ffca834b477b74a2144564522e944eabff61?s=96&d=mm&r=g","url":"https:\/\/secure.gravatar.com\/avatar\/ac5001d2a36cb6c6cd3e50789007ffca834b477b74a2144564522e944eabff61?s=96&d=mm&r=g","contentUrl":"https:\/\/secure.gravatar.com\/avatar\/ac5001d2a36cb6c6cd3e50789007ffca834b477b74a2144564522e944eabff61?s=96&d=mm&r=g","caption":"thomas.berner"},"url":"https:\/\/www.organisator.ch\/it\/author\/thomas-berner\/"}]}},"_links":{"self":[{"href":"https:\/\/www.organisator.ch\/it\/wp-json\/wp\/v2\/posts\/15520","targetHints":{"allow":["GET"]}}],"collection":[{"href":"https:\/\/www.organisator.ch\/it\/wp-json\/wp\/v2\/posts"}],"about":[{"href":"https:\/\/www.organisator.ch\/it\/wp-json\/wp\/v2\/types\/post"}],"author":[{"embeddable":true,"href":"https:\/\/www.organisator.ch\/it\/wp-json\/wp\/v2\/users\/4"}],"replies":[{"embeddable":true,"href":"https:\/\/www.organisator.ch\/it\/wp-json\/wp\/v2\/comments?post=15520"}],"version-history":[{"count":1,"href":"https:\/\/www.organisator.ch\/it\/wp-json\/wp\/v2\/posts\/15520\/revisions"}],"predecessor-version":[{"id":15522,"href":"https:\/\/www.organisator.ch\/it\/wp-json\/wp\/v2\/posts\/15520\/revisions\/15522"}],"wp:featuredmedia":[{"embeddable":true,"href":"https:\/\/www.organisator.ch\/it\/wp-json\/wp\/v2\/media\/15521"}],"wp:attachment":[{"href":"https:\/\/www.organisator.ch\/it\/wp-json\/wp\/v2\/media?parent=15520"}],"wp:term":[{"taxonomy":"category","embeddable":true,"href":"https:\/\/www.organisator.ch\/it\/wp-json\/wp\/v2\/categories?post=15520"},{"taxonomy":"post_tag","embeddable":true,"href":"https:\/\/www.organisator.ch\/it\/wp-json\/wp\/v2\/tags?post=15520"}],"curies":[{"name":"wp","href":"https:\/\/api.w.org\/{rel}","templated":true}]}}