{"id":15531,"date":"2022-07-01T08:53:06","date_gmt":"2022-07-01T06:53:06","guid":{"rendered":"https:\/\/www.organisator.ch\/?p=15531"},"modified":"2022-07-01T08:53:06","modified_gmt":"2022-07-01T06:53:06","slug":"aeltere-mitarbeitende-und-frauen-potenzial-wird-zu-wenig-genutzt","status":"publish","type":"post","link":"https:\/\/www.organisator.ch\/it\/human-resources\/2022-07-01\/aeltere-mitarbeitende-und-frauen-potenzial-wird-zu-wenig-genutzt\/","title":{"rendered":"Lavoratori anziani e donne: Il potenziale viene sfruttato troppo poco"},"content":{"rendered":"<figure id=\"attachment_15532\" aria-describedby=\"caption-attachment-15532\" style=\"width: 680px\" class=\"wp-caption alignnone\"><img loading=\"lazy\" decoding=\"async\" class=\"size-full wp-image-15532\" src=\"https:\/\/www.organisator.ch\/wp-content\/uploads\/2022\/07\/Aeltere-Mitarbeitende-und-Frauen-Potenzial-wird-zu-wenig-genutzt-1_Organisator.jpg\" alt=\"\" width=\"680\" height=\"454\" srcset=\"https:\/\/www.organisator.ch\/wp-content\/uploads\/2022\/07\/Aeltere-Mitarbeitende-und-Frauen-Potenzial-wird-zu-wenig-genutzt-1_Organisator.jpg 680w, https:\/\/www.organisator.ch\/wp-content\/uploads\/2022\/07\/Aeltere-Mitarbeitende-und-Frauen-Potenzial-wird-zu-wenig-genutzt-1_Organisator-18x12.jpg 18w, https:\/\/www.organisator.ch\/wp-content\/uploads\/2022\/07\/Aeltere-Mitarbeitende-und-Frauen-Potenzial-wird-zu-wenig-genutzt-1_Organisator-262x175.jpg 262w, https:\/\/www.organisator.ch\/wp-content\/uploads\/2022\/07\/Aeltere-Mitarbeitende-und-Frauen-Potenzial-wird-zu-wenig-genutzt-1_Organisator-524x350.jpg 524w, https:\/\/www.organisator.ch\/wp-content\/uploads\/2022\/07\/Aeltere-Mitarbeitende-und-Frauen-Potenzial-wird-zu-wenig-genutzt-1_Organisator-300x200.jpg 300w\" sizes=\"auto, (max-width: 680px) 100vw, 680px\" \/><figcaption id=\"caption-attachment-15532\" class=\"wp-caption-text\">Nonostante la carenza di lavoratori qualificati: i lavoratori anziani e le donne potrebbero essere assunti ancora pi\u00f9 frequentemente nelle PMI. (Immagine: Depositphotos.com)<\/figcaption><\/figure>\n<p><a href=\"https:\/\/www.organisator.ch\/de\/management\/2022-06-30\/arbeitgebertag-fordert-mehr-engagement-gegen-den-fachkraeftemangel\/\">La carenza di lavoratori qualificati in Svizzera<\/a> \u00e8 ancora acuta. Lo dimostra un nuovo studio rappresentativo del mercato del lavoro delle PMI condotto da AXA Svizzera in collaborazione con l'istituto di ricerca Sotomo. Secondo lo studio, il 78% delle aziende intervistate che erano alla ricerca di nuovi lavoratori nel 2021 ha avuto qualche problema a coprire le proprie posizioni. Quasi due terzi di loro attribuiscono questa situazione alla carenza di lavoratori qualificati. La situazione appare particolarmente precaria nel settore dei mestieri qualificati e dell'edilizia. Qui, ben l'80% delle aziende in cerca di personale ha avuto problemi a coprire i posti vacanti, mentre nel settore della produzione e riparazione la percentuale \u00e8 stata del 74%. Anche nei settori della tecnologia, dell'informatica, della consulenza e delle vendite, circa la met\u00e0 ha avuto problemi a trovare lavoro. Solo nell'area dell'amministrazione e dell'organizzazione la situazione era pi\u00f9 rilassata: In questo caso, solo nel 10% dei casi mancavano lavoratori idonei.<\/p>\n<h3>Le grandi aziende sottraggono lavoratori qualificati alle PMI<\/h3>\n<p>Da un lato, il mercato del lavoro si \u00e8 quasi prosciugato. D'altra parte, quasi un terzo delle PMI si vede in competizione con le grandi aziende sul mercato del lavoro: il 20% degli intervistati giustifica la difficolt\u00e0 di coprire le posizioni con minori opportunit\u00e0 di carriera rispetto alle aziende pi\u00f9 grandi e il 17% ritiene che la propria azienda sia meno competitiva a causa del livello salariale pi\u00f9 basso. \"Le PMI si trovano quindi ad affrontare la doppia sfida di un mercato del lavoro molto rigido e della concorrenza di grandi aziende potenti quando si tratta di una questione di carenza di lavoratori qualificati\", afferma Michael Hermann.<\/p>\n<h3>Alta motivazione dei dipendenti<\/h3>\n<p>Anche se molte aziende sono alla costante ricerca di lavoratori qualificati, sono per lo pi\u00f9 soddisfatte della disponibilit\u00e0 a lavorare e della fedelt\u00e0 dei dipendenti esistenti. Tuttavia, ci sono chiare differenze di valutazione: le piccole PMI sono per lo pi\u00f9 molto soddisfatte delle qualit\u00e0 dei loro dipendenti, mentre la valutazione delle grandi \u00e8 pi\u00f9 eterogenea. Il 51% delle piccole aziende con 2-9 dipendenti giudica i propri dipendenti molto disponibili a lavorare, mentre solo il 19% delle grandi aziende con 50-250 dipendenti lo fa. E ci sono grandi differenze anche nella valutazione della resilienza: il 75% delle piccole PMI valuta la solidit\u00e0 psicologica dei propri dipendenti come piuttosto o molto buona, ma solo il 47% delle grandi. Al contrario, ci\u00f2 significa che poco pi\u00f9 della met\u00e0 delle grandi PMI vede un chiaro deficit di resilienza dei propri dipendenti. \"Le dimensioni gestibili dell'azienda ovviamente non solo contribuiscono all'identificazione e alla comprensione reciproca tra datori di lavoro e dipendenti, ma supportano anche la solidit\u00e0 psicologica dei dipendenti\", riassume Michael Hermann, amministratore delegato di Sotomo.<\/p>\n<h3><strong>Dipendenti anziani: Popolare - eppure non assunto<\/strong><\/h3>\n<p>Colpisce il fatto che i dipendenti pi\u00f9 anziani siano generalmente valutati molto positivamente dai dirigenti delle PMI: il 67% giudica sia la lealt\u00e0 che la disponibilit\u00e0 ad assumersi responsabilit\u00e0 degli over 50 come migliori rispetto al resto della forza lavoro. A prima vista, ci\u00f2 pu\u00f2 non sembrare sorprendente, poich\u00e9 i dipendenti pi\u00f9 anziani di solito lavorano in azienda da molto tempo e conoscono i processi; si ritiene che abbiano un livello di identificazione elevato. L'aspetto particolarmente significativo, tuttavia, \u00e8 che i datori di lavoro li considerano anche pi\u00f9 disposti a lavorare (55 %) e pi\u00f9 resilienti (54 %) rispetto al resto della forza lavoro.<\/p>\n<figure id=\"attachment_15533\" aria-describedby=\"caption-attachment-15533\" style=\"width: 680px\" class=\"wp-caption alignnone\"><img loading=\"lazy\" decoding=\"async\" class=\"size-full wp-image-15533\" src=\"https:\/\/www.organisator.ch\/wp-content\/uploads\/2022\/07\/Aeltere-Mitarbeitende-und-Frauen-Potenzial-wird-zu-wenig-genutzt-2_Organisator.jpg\" alt=\"\" width=\"680\" height=\"383\" srcset=\"https:\/\/www.organisator.ch\/wp-content\/uploads\/2022\/07\/Aeltere-Mitarbeitende-und-Frauen-Potenzial-wird-zu-wenig-genutzt-2_Organisator.jpg 680w, https:\/\/www.organisator.ch\/wp-content\/uploads\/2022\/07\/Aeltere-Mitarbeitende-und-Frauen-Potenzial-wird-zu-wenig-genutzt-2_Organisator-18x10.jpg 18w, https:\/\/www.organisator.ch\/wp-content\/uploads\/2022\/07\/Aeltere-Mitarbeitende-und-Frauen-Potenzial-wird-zu-wenig-genutzt-2_Organisator-311x175.jpg 311w, https:\/\/www.organisator.ch\/wp-content\/uploads\/2022\/07\/Aeltere-Mitarbeitende-und-Frauen-Potenzial-wird-zu-wenig-genutzt-2_Organisator-621x350.jpg 621w, https:\/\/www.organisator.ch\/wp-content\/uploads\/2022\/07\/Aeltere-Mitarbeitende-und-Frauen-Potenzial-wird-zu-wenig-genutzt-2_Organisator-300x169.jpg 300w\" sizes=\"auto, (max-width: 680px) 100vw, 680px\" \/><figcaption id=\"caption-attachment-15533\" class=\"wp-caption-text\">In molte aziende esistono limiti di et\u00e0 formali o informali per le assunzioni. (Grafico: AXA Svizzera)<\/figcaption><\/figure>\n<p>Questo quadro positivo \u00e8 in netto contrasto con la scarsa disponibilit\u00e0 a prendere in considerazione i dipendenti pi\u00f9 anziani per i posti vacanti, come mostra lo studio: sebbene un totale di tre quarti delle PMI non sia in grado di coprire tutti i posti vacanti desiderati nel 2021, la maggior parte delle aziende ha un limite di et\u00e0 formale o informale quando si tratta di assumere nuovi dipendenti: circa un'azienda su dieci in genere non assume persone di et\u00e0 pari o superiore a 45 anni, e nel 29% delle PMI intervistate il limite di et\u00e0 \u00e8 compreso tra 45 e 54 anni. \"Alla luce della carenza di manodopera qualificata, ma anche delle sfide legate alla previdenza per gli anziani, c'\u00e8 un grande potenziale che non viene sfruttato\", afferma l'imprenditore e politologo Michael Hermann.<\/p>\n<h3><strong>La partecipazione femminile alla forza lavoro non viene quasi mai promossa attivamente<\/strong><\/h3>\n<p>Solo il 5% delle PMI intervistate con uno squilibrio di genere nella forza lavoro attua programmi di sostegno mirati per le donne, solo il 13% sostiene il lavoro part-time e il job sharing e solo il 22% si affida a orari di lavoro flessibili. Mentre quasi nove su dieci delle grandi PMI adottano almeno una misura per promuovere la parit\u00e0 di genere, per una PMI su due con meno di dieci dipendenti la promozione della parit\u00e0 di genere non \u00e8 affatto un problema. \"Questo dimostra che il potenziale delle lavoratrici spesso non viene sfruttato attivamente dalle PMI svizzere\", spiega Michael Hermann.<\/p>\n<h3><strong>Molte PMI sono cautamente favorevoli alla settimana di quattro giorni<\/strong><\/h3>\n<p>Aumentare la partecipazione delle donne alla forza lavoro sarebbe quindi un approccio alla grave carenza di lavoratori qualificati. Lo studio conclude che l'assunzione di dipendenti pi\u00f9 anziani aiuterebbe anche a combattere la carenza di lavoratori qualificati. Come possibile ulteriore misura contro la carenza di lavoratori qualificati, in vari Paesi si sta introducendo sempre pi\u00f9 spesso la settimana di quattro giorni per migliorare la compatibilit\u00e0 tra famiglia e lavoro. La settimana di quattro giorni \u00e8 in discussione anche in Svizzera. Lo studio di AXA PMI mostra che un notevole 38% delle PMI svizzere \u00e8 in linea di principio favorevole a una settimana di quattro giorni, mentre tra le grandi PMI la percentuale raggiunge il 43%. \"La diffusa carenza di lavoratori qualificati pu\u00f2 aver contribuito ad abbattere le barriere mentali e a promuovere l'apertura a nuovi approcci anche nel settore delle PMI\", afferma Michael Hermann.<\/p>\n<h3><strong>La malattia mentale \u00e8 una sfida soprattutto per le grandi PMI<\/strong><\/h3>\n<p>Oltre al reclutamento di nuovi dipendenti, anche il benessere della propria forza lavoro \u00e8 una sfida per le PMI svizzere: il 76% degli intervistati ha dichiarato che la propria azienda deve affrontare sfide particolari per quanto riguarda la salute dei propri dipendenti - tra le grandi PMI, la percentuale raggiunge il 97%. Il 38% delle PMI di piccole e medie dimensioni e il 45% delle PMI di grandi dimensioni considerano una sfida particolare le assenze per motivi fisici dei propri dipendenti.<\/p>\n<p>Al contrario, l'assenteismo dovuto a malattie mentali colpisce soprattutto le grandi PMI. Mentre solo l'11% delle piccole PMI considera le assenze legate alla salute mentale come una sfida importante, il 42% delle grandi PMI lo fa. Le malattie mentali sono quindi un problema per le grandi PMI tanto quanto le malattie fisiche. Le grandi PMI non solo sono particolarmente colpite dalle assenze per motivi di salute mentale, ma percepiscono anche lo sviluppo in modo pi\u00f9 negativo. Il 38% di tutte le PMI con 50 o pi\u00f9 dipendenti ha registrato un aumento complessivo di tali incidenti negli ultimi cinque anni.<\/p>\n<p><em>Fonte e ulteriori informazioni: <a href=\"http:\/\/www.axa.ch\">AXA Svizzera<\/a><\/em><\/p>","protected":false},"excerpt":{"rendered":"<p>Der Fachkr\u00e4ftemangel in der Schweiz ist nach wie vor akut. Dies zeigt eine neue, repr\u00e4sentative KMU-Arbeitsmarktstudie der AXA Schweiz, die in Zusammenarbeit mit dem Forschungsinstitut Sotomo durchgef\u00fchrt wurde. 78 Prozent der befragten Unternehmen, die 2021 neue Arbeitskr\u00e4fte suchten, hatten gem\u00e4ss der Studie teilweise Probleme, ihre Stellen zu besetzen. Knapp zwei Drittel davon f\u00fchren dies auf [&hellip;]<\/p>\n","protected":false},"author":4,"featured_media":15532,"comment_status":"closed","ping_status":"closed","sticky":false,"template":"","format":"standard","meta":{"_acf_changed":false,"_yoast_wpseo_focuskw":"\u00c4ltere Mitarbeitende","_yoast_wpseo_metadesc":"Bei KMU herrscht Fachkr\u00e4ftemangel. Gleichwohl werden nur wenige \u00e4ltere Mitarbeitende eingestellt und auch die Frauenf\u00f6rderung kommt zu kurz.","articlekey":"","footnotes":""},"categories":[579],"tags":[47,194,254,459],"class_list":["post-15531","post","type-post","status-publish","format-standard","has-post-thumbnail","hentry","category-human-resources","tag-arbeitsmarkt","tag-fachkraeftemangel","tag-hrm","tag-studie"],"acf":[],"yoast_head":"<!-- This site is optimized with the Yoast SEO plugin v27.4 - https:\/\/yoast.com\/product\/yoast-seo-wordpress\/ -->\n<title>\u00c4ltere Mitarbeitende und Frauen: Potenzial wird zu wenig genutzt - Organisator<\/title>\n<meta name=\"description\" content=\"Bei KMU herrscht Fachkr\u00e4ftemangel. Gleichwohl werden nur wenige \u00e4ltere Mitarbeitende eingestellt und auch die Frauenf\u00f6rderung kommt zu kurz.\" \/>\n<meta name=\"robots\" content=\"index, follow, max-snippet:-1, max-image-preview:large, max-video-preview:-1\" \/>\n<link rel=\"canonical\" href=\"https:\/\/www.organisator.ch\/it\/risorse-umane\/2022-07-01\/aeltere-mitarbeitende-und-frauen-potenzial-wird-zu-wenig-genutzt\/\" \/>\n<meta property=\"og:locale\" content=\"it_IT\" \/>\n<meta property=\"og:type\" content=\"article\" \/>\n<meta property=\"og:title\" content=\"\u00c4ltere Mitarbeitende und Frauen: Potenzial wird zu wenig genutzt\" \/>\n<meta property=\"og:description\" content=\"Bei KMU herrscht Fachkr\u00e4ftemangel. Gleichwohl werden nur wenige \u00e4ltere Mitarbeitende eingestellt und auch die Frauenf\u00f6rderung kommt zu kurz.\" \/>\n<meta property=\"og:url\" content=\"https:\/\/www.organisator.ch\/it\/risorse-umane\/2022-07-01\/aeltere-mitarbeitende-und-frauen-potenzial-wird-zu-wenig-genutzt\/\" \/>\n<meta property=\"og:site_name\" content=\"Organisator\" \/>\n<meta property=\"article:publisher\" content=\"https:\/\/www.facebook.com\/OrganisatorFachmagazin\" \/>\n<meta property=\"article:published_time\" content=\"2022-07-01T06:53:06+00:00\" \/>\n<meta property=\"og:image\" content=\"https:\/\/www.organisator.ch\/wp-content\/uploads\/2022\/07\/Aeltere-Mitarbeitende-und-Frauen-Potenzial-wird-zu-wenig-genutzt-1_Organisator.jpg\" \/>\n\t<meta property=\"og:image:width\" content=\"680\" \/>\n\t<meta property=\"og:image:height\" content=\"454\" \/>\n\t<meta property=\"og:image:type\" content=\"image\/jpeg\" \/>\n<meta name=\"author\" content=\"thomas.berner\" \/>\n<meta name=\"twitter:card\" content=\"summary_large_image\" \/>\n<meta name=\"twitter:title\" content=\"\u00c4ltere #Mitarbeitende und #Frauen: Potenzial wird zu wenig genutzt\" \/>\n<meta name=\"twitter:description\" content=\"Bei KMU herrscht #Fachkr\u00e4ftemangel. Gleichwohl werden nur wenige \u00e4ltere Mitarbeitende eingestellt und auch die #Frauenf\u00f6rderung kommt zu kurz.\" \/>\n<meta name=\"twitter:image\" content=\"https:\/\/www.organisator.ch\/wp-content\/uploads\/2022\/07\/Aeltere-Mitarbeitende-und-Frauen-Potenzial-wird-zu-wenig-genutzt-1_Organisator.jpg\" \/>\n<script type=\"application\/ld+json\" class=\"yoast-schema-graph\">{\"@context\":\"https:\\\/\\\/schema.org\",\"@graph\":[{\"@type\":\"Article\",\"@id\":\"https:\\\/\\\/www.organisator.ch\\\/human-resources\\\/2022-07-01\\\/aeltere-mitarbeitende-und-frauen-potenzial-wird-zu-wenig-genutzt\\\/#article\",\"isPartOf\":{\"@id\":\"https:\\\/\\\/www.organisator.ch\\\/human-resources\\\/2022-07-01\\\/aeltere-mitarbeitende-und-frauen-potenzial-wird-zu-wenig-genutzt\\\/\"},\"author\":{\"name\":\"thomas.berner\",\"@id\":\"https:\\\/\\\/www.organisator.ch\\\/#\\\/schema\\\/person\\\/6f650f90b2842cd4c0cc334b4e36f67e\"},\"headline\":\"\u00c4ltere Mitarbeitende und Frauen: Potenzial wird zu wenig genutzt\",\"datePublished\":\"2022-07-01T06:53:06+00:00\",\"mainEntityOfPage\":{\"@id\":\"https:\\\/\\\/www.organisator.ch\\\/human-resources\\\/2022-07-01\\\/aeltere-mitarbeitende-und-frauen-potenzial-wird-zu-wenig-genutzt\\\/\"},\"wordCount\":1089,\"publisher\":{\"@id\":\"https:\\\/\\\/www.organisator.ch\\\/#organization\"},\"image\":{\"@id\":\"https:\\\/\\\/www.organisator.ch\\\/human-resources\\\/2022-07-01\\\/aeltere-mitarbeitende-und-frauen-potenzial-wird-zu-wenig-genutzt\\\/#primaryimage\"},\"thumbnailUrl\":\"https:\\\/\\\/www.organisator.ch\\\/wp-content\\\/uploads\\\/2022\\\/07\\\/Aeltere-Mitarbeitende-und-Frauen-Potenzial-wird-zu-wenig-genutzt-1_Organisator.jpg\",\"keywords\":[\"Arbeitsmarkt\",\"Fachkr\u00e4ftemangel\",\"HRM\",\"Studie\"],\"articleSection\":[\"HUMAN RESOURCES\"],\"inLanguage\":\"it-IT\"},{\"@type\":\"WebPage\",\"@id\":\"https:\\\/\\\/www.organisator.ch\\\/human-resources\\\/2022-07-01\\\/aeltere-mitarbeitende-und-frauen-potenzial-wird-zu-wenig-genutzt\\\/\",\"url\":\"https:\\\/\\\/www.organisator.ch\\\/human-resources\\\/2022-07-01\\\/aeltere-mitarbeitende-und-frauen-potenzial-wird-zu-wenig-genutzt\\\/\",\"name\":\"\u00c4ltere Mitarbeitende und Frauen: Potenzial wird zu wenig genutzt - Organisator\",\"isPartOf\":{\"@id\":\"https:\\\/\\\/www.organisator.ch\\\/#website\"},\"primaryImageOfPage\":{\"@id\":\"https:\\\/\\\/www.organisator.ch\\\/human-resources\\\/2022-07-01\\\/aeltere-mitarbeitende-und-frauen-potenzial-wird-zu-wenig-genutzt\\\/#primaryimage\"},\"image\":{\"@id\":\"https:\\\/\\\/www.organisator.ch\\\/human-resources\\\/2022-07-01\\\/aeltere-mitarbeitende-und-frauen-potenzial-wird-zu-wenig-genutzt\\\/#primaryimage\"},\"thumbnailUrl\":\"https:\\\/\\\/www.organisator.ch\\\/wp-content\\\/uploads\\\/2022\\\/07\\\/Aeltere-Mitarbeitende-und-Frauen-Potenzial-wird-zu-wenig-genutzt-1_Organisator.jpg\",\"datePublished\":\"2022-07-01T06:53:06+00:00\",\"description\":\"Bei KMU herrscht Fachkr\u00e4ftemangel. Gleichwohl werden nur wenige \u00e4ltere Mitarbeitende eingestellt und auch die Frauenf\u00f6rderung kommt zu kurz.\",\"breadcrumb\":{\"@id\":\"https:\\\/\\\/www.organisator.ch\\\/human-resources\\\/2022-07-01\\\/aeltere-mitarbeitende-und-frauen-potenzial-wird-zu-wenig-genutzt\\\/#breadcrumb\"},\"inLanguage\":\"it-IT\",\"potentialAction\":[{\"@type\":\"ReadAction\",\"target\":[\"https:\\\/\\\/www.organisator.ch\\\/human-resources\\\/2022-07-01\\\/aeltere-mitarbeitende-und-frauen-potenzial-wird-zu-wenig-genutzt\\\/\"]}]},{\"@type\":\"ImageObject\",\"inLanguage\":\"it-IT\",\"@id\":\"https:\\\/\\\/www.organisator.ch\\\/human-resources\\\/2022-07-01\\\/aeltere-mitarbeitende-und-frauen-potenzial-wird-zu-wenig-genutzt\\\/#primaryimage\",\"url\":\"https:\\\/\\\/www.organisator.ch\\\/wp-content\\\/uploads\\\/2022\\\/07\\\/Aeltere-Mitarbeitende-und-Frauen-Potenzial-wird-zu-wenig-genutzt-1_Organisator.jpg\",\"contentUrl\":\"https:\\\/\\\/www.organisator.ch\\\/wp-content\\\/uploads\\\/2022\\\/07\\\/Aeltere-Mitarbeitende-und-Frauen-Potenzial-wird-zu-wenig-genutzt-1_Organisator.jpg\",\"width\":680,\"height\":454,\"caption\":\"Trotz Fachkr\u00e4ftemangel: \u00c4ltere Mitarbeitende und Frauen k\u00f6nnten auch in KMU noch h\u00e4ufiger eingestellt werden. (Bild: Depositphotos.com)\"},{\"@type\":\"BreadcrumbList\",\"@id\":\"https:\\\/\\\/www.organisator.ch\\\/human-resources\\\/2022-07-01\\\/aeltere-mitarbeitende-und-frauen-potenzial-wird-zu-wenig-genutzt\\\/#breadcrumb\",\"itemListElement\":[{\"@type\":\"ListItem\",\"position\":1,\"name\":\"Home\",\"item\":\"https:\\\/\\\/www.organisator.ch\\\/\"},{\"@type\":\"ListItem\",\"position\":2,\"name\":\"\u00c4ltere Mitarbeitende und Frauen: Potenzial wird zu wenig genutzt\"}]},{\"@type\":\"WebSite\",\"@id\":\"https:\\\/\\\/www.organisator.ch\\\/#website\",\"url\":\"https:\\\/\\\/www.organisator.ch\\\/\",\"name\":\"Organisator\",\"description\":\"Kompetent. Praxisnah. Der ORGANISATOR bereitet in 10 Ausgaben pro Jahr die wesentlichen Themen f\u00fcr F\u00fchrungskr\u00e4fte von KMU auf.\",\"publisher\":{\"@id\":\"https:\\\/\\\/www.organisator.ch\\\/#organization\"},\"potentialAction\":[{\"@type\":\"SearchAction\",\"target\":{\"@type\":\"EntryPoint\",\"urlTemplate\":\"https:\\\/\\\/www.organisator.ch\\\/?s={search_term_string}\"},\"query-input\":{\"@type\":\"PropertyValueSpecification\",\"valueRequired\":true,\"valueName\":\"search_term_string\"}}],\"inLanguage\":\"it-IT\"},{\"@type\":\"Organization\",\"@id\":\"https:\\\/\\\/www.organisator.ch\\\/#organization\",\"name\":\"Organisator\",\"url\":\"https:\\\/\\\/www.organisator.ch\\\/\",\"logo\":{\"@type\":\"ImageObject\",\"inLanguage\":\"it-IT\",\"@id\":\"https:\\\/\\\/www.organisator.ch\\\/#\\\/schema\\\/logo\\\/image\\\/\",\"url\":\"https:\\\/\\\/www.organisator.ch\\\/wp-content\\\/uploads\\\/2022\\\/01\\\/Logo_Organisator_Website.png\",\"contentUrl\":\"https:\\\/\\\/www.organisator.ch\\\/wp-content\\\/uploads\\\/2022\\\/01\\\/Logo_Organisator_Website.png\",\"width\":800,\"height\":77,\"caption\":\"Organisator\"},\"image\":{\"@id\":\"https:\\\/\\\/www.organisator.ch\\\/#\\\/schema\\\/logo\\\/image\\\/\"},\"sameAs\":[\"https:\\\/\\\/www.facebook.com\\\/OrganisatorFachmagazin\",\"https:\\\/\\\/www.linkedin.com\\\/showcase\\\/organisator-das-magazin-fr-kmu\",\"https:\\\/\\\/www.xing.com\\\/news\\\/pages\\\/organisator-ch-695\",\"https:\\\/\\\/www.youtube.com\\\/channel\\\/UCGP2Sq0iWaZwT3BdIAQFYpw\"]},{\"@type\":\"Person\",\"@id\":\"https:\\\/\\\/www.organisator.ch\\\/#\\\/schema\\\/person\\\/6f650f90b2842cd4c0cc334b4e36f67e\",\"name\":\"thomas.berner\",\"image\":{\"@type\":\"ImageObject\",\"inLanguage\":\"it-IT\",\"@id\":\"https:\\\/\\\/secure.gravatar.com\\\/avatar\\\/ac5001d2a36cb6c6cd3e50789007ffca834b477b74a2144564522e944eabff61?s=96&d=mm&r=g\",\"url\":\"https:\\\/\\\/secure.gravatar.com\\\/avatar\\\/ac5001d2a36cb6c6cd3e50789007ffca834b477b74a2144564522e944eabff61?s=96&d=mm&r=g\",\"contentUrl\":\"https:\\\/\\\/secure.gravatar.com\\\/avatar\\\/ac5001d2a36cb6c6cd3e50789007ffca834b477b74a2144564522e944eabff61?s=96&d=mm&r=g\",\"caption\":\"thomas.berner\"},\"url\":\"https:\\\/\\\/www.organisator.ch\\\/it\\\/author\\\/thomas-berner\\\/\"}]}<\/script>\n<!-- \/ Yoast SEO plugin. -->","yoast_head_json":{"title":"Lavoratori anziani e donne: Il potenziale viene sfruttato troppo poco - Organizzatore","description":"Le PMI hanno una carenza di lavoratori qualificati. Ciononostante, vengono assunti solo pochi dipendenti anziani e anche la promozione delle donne viene trascurata.","robots":{"index":"index","follow":"follow","max-snippet":"max-snippet:-1","max-image-preview":"max-image-preview:large","max-video-preview":"max-video-preview:-1"},"canonical":"https:\/\/www.organisator.ch\/it\/risorse-umane\/2022-07-01\/aeltere-mitarbeitende-und-frauen-potenzial-wird-zu-wenig-genutzt\/","og_locale":"it_IT","og_type":"article","og_title":"\u00c4ltere Mitarbeitende und Frauen: Potenzial wird zu wenig genutzt","og_description":"Bei KMU herrscht Fachkr\u00e4ftemangel. Gleichwohl werden nur wenige \u00e4ltere Mitarbeitende eingestellt und auch die Frauenf\u00f6rderung kommt zu kurz.","og_url":"https:\/\/www.organisator.ch\/it\/risorse-umane\/2022-07-01\/aeltere-mitarbeitende-und-frauen-potenzial-wird-zu-wenig-genutzt\/","og_site_name":"Organisator","article_publisher":"https:\/\/www.facebook.com\/OrganisatorFachmagazin","article_published_time":"2022-07-01T06:53:06+00:00","og_image":[{"width":680,"height":454,"url":"https:\/\/www.organisator.ch\/wp-content\/uploads\/2022\/07\/Aeltere-Mitarbeitende-und-Frauen-Potenzial-wird-zu-wenig-genutzt-1_Organisator.jpg","type":"image\/jpeg"}],"author":"thomas.berner","twitter_card":"summary_large_image","twitter_title":"\u00c4ltere #Mitarbeitende und #Frauen: Potenzial wird zu wenig genutzt","twitter_description":"Bei KMU herrscht #Fachkr\u00e4ftemangel. Gleichwohl werden nur wenige \u00e4ltere Mitarbeitende eingestellt und auch die #Frauenf\u00f6rderung kommt zu kurz.","twitter_image":"https:\/\/www.organisator.ch\/wp-content\/uploads\/2022\/07\/Aeltere-Mitarbeitende-und-Frauen-Potenzial-wird-zu-wenig-genutzt-1_Organisator.jpg","schema":{"@context":"https:\/\/schema.org","@graph":[{"@type":"Article","@id":"https:\/\/www.organisator.ch\/human-resources\/2022-07-01\/aeltere-mitarbeitende-und-frauen-potenzial-wird-zu-wenig-genutzt\/#article","isPartOf":{"@id":"https:\/\/www.organisator.ch\/human-resources\/2022-07-01\/aeltere-mitarbeitende-und-frauen-potenzial-wird-zu-wenig-genutzt\/"},"author":{"name":"thomas.berner","@id":"https:\/\/www.organisator.ch\/#\/schema\/person\/6f650f90b2842cd4c0cc334b4e36f67e"},"headline":"\u00c4ltere Mitarbeitende und Frauen: Potenzial wird zu wenig genutzt","datePublished":"2022-07-01T06:53:06+00:00","mainEntityOfPage":{"@id":"https:\/\/www.organisator.ch\/human-resources\/2022-07-01\/aeltere-mitarbeitende-und-frauen-potenzial-wird-zu-wenig-genutzt\/"},"wordCount":1089,"publisher":{"@id":"https:\/\/www.organisator.ch\/#organization"},"image":{"@id":"https:\/\/www.organisator.ch\/human-resources\/2022-07-01\/aeltere-mitarbeitende-und-frauen-potenzial-wird-zu-wenig-genutzt\/#primaryimage"},"thumbnailUrl":"https:\/\/www.organisator.ch\/wp-content\/uploads\/2022\/07\/Aeltere-Mitarbeitende-und-Frauen-Potenzial-wird-zu-wenig-genutzt-1_Organisator.jpg","keywords":["Arbeitsmarkt","Fachkr\u00e4ftemangel","HRM","Studie"],"articleSection":["HUMAN RESOURCES"],"inLanguage":"it-IT"},{"@type":"WebPage","@id":"https:\/\/www.organisator.ch\/human-resources\/2022-07-01\/aeltere-mitarbeitende-und-frauen-potenzial-wird-zu-wenig-genutzt\/","url":"https:\/\/www.organisator.ch\/human-resources\/2022-07-01\/aeltere-mitarbeitende-und-frauen-potenzial-wird-zu-wenig-genutzt\/","name":"Lavoratori anziani e donne: Il potenziale viene sfruttato troppo poco - Organizzatore","isPartOf":{"@id":"https:\/\/www.organisator.ch\/#website"},"primaryImageOfPage":{"@id":"https:\/\/www.organisator.ch\/human-resources\/2022-07-01\/aeltere-mitarbeitende-und-frauen-potenzial-wird-zu-wenig-genutzt\/#primaryimage"},"image":{"@id":"https:\/\/www.organisator.ch\/human-resources\/2022-07-01\/aeltere-mitarbeitende-und-frauen-potenzial-wird-zu-wenig-genutzt\/#primaryimage"},"thumbnailUrl":"https:\/\/www.organisator.ch\/wp-content\/uploads\/2022\/07\/Aeltere-Mitarbeitende-und-Frauen-Potenzial-wird-zu-wenig-genutzt-1_Organisator.jpg","datePublished":"2022-07-01T06:53:06+00:00","description":"Le PMI hanno una carenza di lavoratori qualificati. Ciononostante, vengono assunti solo pochi dipendenti anziani e anche la promozione delle donne viene trascurata.","breadcrumb":{"@id":"https:\/\/www.organisator.ch\/human-resources\/2022-07-01\/aeltere-mitarbeitende-und-frauen-potenzial-wird-zu-wenig-genutzt\/#breadcrumb"},"inLanguage":"it-IT","potentialAction":[{"@type":"ReadAction","target":["https:\/\/www.organisator.ch\/human-resources\/2022-07-01\/aeltere-mitarbeitende-und-frauen-potenzial-wird-zu-wenig-genutzt\/"]}]},{"@type":"ImageObject","inLanguage":"it-IT","@id":"https:\/\/www.organisator.ch\/human-resources\/2022-07-01\/aeltere-mitarbeitende-und-frauen-potenzial-wird-zu-wenig-genutzt\/#primaryimage","url":"https:\/\/www.organisator.ch\/wp-content\/uploads\/2022\/07\/Aeltere-Mitarbeitende-und-Frauen-Potenzial-wird-zu-wenig-genutzt-1_Organisator.jpg","contentUrl":"https:\/\/www.organisator.ch\/wp-content\/uploads\/2022\/07\/Aeltere-Mitarbeitende-und-Frauen-Potenzial-wird-zu-wenig-genutzt-1_Organisator.jpg","width":680,"height":454,"caption":"Trotz Fachkr\u00e4ftemangel: \u00c4ltere Mitarbeitende und Frauen k\u00f6nnten auch in KMU noch h\u00e4ufiger eingestellt werden. (Bild: Depositphotos.com)"},{"@type":"BreadcrumbList","@id":"https:\/\/www.organisator.ch\/human-resources\/2022-07-01\/aeltere-mitarbeitende-und-frauen-potenzial-wird-zu-wenig-genutzt\/#breadcrumb","itemListElement":[{"@type":"ListItem","position":1,"name":"Home","item":"https:\/\/www.organisator.ch\/"},{"@type":"ListItem","position":2,"name":"\u00c4ltere Mitarbeitende und Frauen: Potenzial wird zu wenig genutzt"}]},{"@type":"WebSite","@id":"https:\/\/www.organisator.ch\/#website","url":"https:\/\/www.organisator.ch\/","name":"Organizzatore","description":"Competente. Pratico. In 10 numeri all'anno, ORGANISATOR presenta i temi essenziali per i manager delle PMI.","publisher":{"@id":"https:\/\/www.organisator.ch\/#organization"},"potentialAction":[{"@type":"SearchAction","target":{"@type":"EntryPoint","urlTemplate":"https:\/\/www.organisator.ch\/?s={search_term_string}"},"query-input":{"@type":"PropertyValueSpecification","valueRequired":true,"valueName":"search_term_string"}}],"inLanguage":"it-IT"},{"@type":"Organization","@id":"https:\/\/www.organisator.ch\/#organization","name":"Organizzatore","url":"https:\/\/www.organisator.ch\/","logo":{"@type":"ImageObject","inLanguage":"it-IT","@id":"https:\/\/www.organisator.ch\/#\/schema\/logo\/image\/","url":"https:\/\/www.organisator.ch\/wp-content\/uploads\/2022\/01\/Logo_Organisator_Website.png","contentUrl":"https:\/\/www.organisator.ch\/wp-content\/uploads\/2022\/01\/Logo_Organisator_Website.png","width":800,"height":77,"caption":"Organisator"},"image":{"@id":"https:\/\/www.organisator.ch\/#\/schema\/logo\/image\/"},"sameAs":["https:\/\/www.facebook.com\/OrganisatorFachmagazin","https:\/\/www.linkedin.com\/showcase\/organisator-das-magazin-fr-kmu","https:\/\/www.xing.com\/news\/pages\/organisator-ch-695","https:\/\/www.youtube.com\/channel\/UCGP2Sq0iWaZwT3BdIAQFYpw"]},{"@type":"Person","@id":"https:\/\/www.organisator.ch\/#\/schema\/person\/6f650f90b2842cd4c0cc334b4e36f67e","name":"Tommaso.berner","image":{"@type":"ImageObject","inLanguage":"it-IT","@id":"https:\/\/secure.gravatar.com\/avatar\/ac5001d2a36cb6c6cd3e50789007ffca834b477b74a2144564522e944eabff61?s=96&d=mm&r=g","url":"https:\/\/secure.gravatar.com\/avatar\/ac5001d2a36cb6c6cd3e50789007ffca834b477b74a2144564522e944eabff61?s=96&d=mm&r=g","contentUrl":"https:\/\/secure.gravatar.com\/avatar\/ac5001d2a36cb6c6cd3e50789007ffca834b477b74a2144564522e944eabff61?s=96&d=mm&r=g","caption":"thomas.berner"},"url":"https:\/\/www.organisator.ch\/it\/author\/thomas-berner\/"}]}},"_links":{"self":[{"href":"https:\/\/www.organisator.ch\/it\/wp-json\/wp\/v2\/posts\/15531","targetHints":{"allow":["GET"]}}],"collection":[{"href":"https:\/\/www.organisator.ch\/it\/wp-json\/wp\/v2\/posts"}],"about":[{"href":"https:\/\/www.organisator.ch\/it\/wp-json\/wp\/v2\/types\/post"}],"author":[{"embeddable":true,"href":"https:\/\/www.organisator.ch\/it\/wp-json\/wp\/v2\/users\/4"}],"replies":[{"embeddable":true,"href":"https:\/\/www.organisator.ch\/it\/wp-json\/wp\/v2\/comments?post=15531"}],"version-history":[{"count":1,"href":"https:\/\/www.organisator.ch\/it\/wp-json\/wp\/v2\/posts\/15531\/revisions"}],"predecessor-version":[{"id":15534,"href":"https:\/\/www.organisator.ch\/it\/wp-json\/wp\/v2\/posts\/15531\/revisions\/15534"}],"wp:featuredmedia":[{"embeddable":true,"href":"https:\/\/www.organisator.ch\/it\/wp-json\/wp\/v2\/media\/15532"}],"wp:attachment":[{"href":"https:\/\/www.organisator.ch\/it\/wp-json\/wp\/v2\/media?parent=15531"}],"wp:term":[{"taxonomy":"category","embeddable":true,"href":"https:\/\/www.organisator.ch\/it\/wp-json\/wp\/v2\/categories?post=15531"},{"taxonomy":"post_tag","embeddable":true,"href":"https:\/\/www.organisator.ch\/it\/wp-json\/wp\/v2\/tags?post=15531"}],"curies":[{"name":"wp","href":"https:\/\/api.w.org\/{rel}","templated":true}]}}