{"id":15540,"date":"2022-07-04T13:40:15","date_gmt":"2022-07-04T11:40:15","guid":{"rendered":"https:\/\/www.organisator.ch\/?p=15540"},"modified":"2022-07-04T13:40:15","modified_gmt":"2022-07-04T11:40:15","slug":"sap-schweiz-mit-neuen-koepfen-an-der-spitze","status":"publish","type":"post","link":"https:\/\/www.organisator.ch\/it\/management\/2022-07-04\/sap-schweiz-mit-neuen-koepfen-an-der-spitze\/","title":{"rendered":"SAP Svizzera con nuovi vertici"},"content":{"rendered":"<figure id=\"attachment_15541\" aria-describedby=\"caption-attachment-15541\" style=\"width: 680px\" class=\"wp-caption alignnone\"><img loading=\"lazy\" decoding=\"async\" class=\"size-full wp-image-15541\" src=\"https:\/\/www.organisator.ch\/wp-content\/uploads\/2022\/07\/SAP-Schweiz-mit-neuen-Koepfen-an-der-Spitze_Organisator.jpg\" alt=\"\" width=\"680\" height=\"251\" srcset=\"https:\/\/www.organisator.ch\/wp-content\/uploads\/2022\/07\/SAP-Schweiz-mit-neuen-Koepfen-an-der-Spitze_Organisator.jpg 680w, https:\/\/www.organisator.ch\/wp-content\/uploads\/2022\/07\/SAP-Schweiz-mit-neuen-Koepfen-an-der-Spitze_Organisator-18x7.jpg 18w, https:\/\/www.organisator.ch\/wp-content\/uploads\/2022\/07\/SAP-Schweiz-mit-neuen-Koepfen-an-der-Spitze_Organisator-375x138.jpg 375w, https:\/\/www.organisator.ch\/wp-content\/uploads\/2022\/07\/SAP-Schweiz-mit-neuen-Koepfen-an-der-Spitze_Organisator-300x111.jpg 300w\" sizes=\"auto, (max-width: 680px) 100vw, 680px\" \/><figcaption id=\"caption-attachment-15541\" class=\"wp-caption-text\">Sebastian Kaczynski, Alexander Finger e Alexander Kehrli (da sinistra a destra) ricoprono oggi diverse posizioni dirigenziali presso SAP Svizzera. Immagine: zVg \/ Ufficio stampa SAP)<\/figcaption><\/figure>\n<p>Nei prossimi giorni verranno occupate diverse posizioni dirigenziali presso SAP Svizzera. \"Con queste nuove nomine, siamo ben posizionati per accompagnare i nostri clienti e partner con innovazioni e competenze comprovate nel loro percorso per diventare aziende altamente competitive e sostenibili\", afferma Michael Locher-Tjoa, Direttore Generale di SAP Svizzera, commentando i cambiamenti di personale. \"Con la nuova posizione di Chief Sustainability Officer, stiamo mettendo in atto anche in Svizzera la nostra strategia di impegno su larga scala per un'economia sostenibile.\"<\/p>\n<h3><strong>Funzione appena creata di Chief Sustainability Officer<\/strong><\/h3>\n<p>La nuova funzione di Chief Sustainability Officer fa parte della strategia di sostenibilit\u00e0 di SAP. Dietro a ci\u00f2 ci sono diverse misure per ridurre l'impronta di CO2, per convertire le catene di fornitura e di valore in processi circolari, per evitare gli sprechi, per proteggere il pianeta e preservare la biodiversit\u00e0 sulla terra, nonch\u00e9 per integrare le dimensioni ESG (Environment, Social, Governance) nel reporting finanziario, secondo l'azienda. Il nuovo Chief Sustainability Officer (SCO) \u00e8 Sebastian Kaczynski, che secondo SAP \u00e8 un professionista \"che ha seguito la sua passione per la sostenibilit\u00e0 e ha lavorato alle innovazioni per risolvere i problemi di sostenibilit\u00e0 fin dai tempi in cui era studente\". Sia in RWE che in innogy, Kaczysnki \u00e8 stato responsabile dello sviluppo di modelli di business basati sui dati per un sistema energetico pi\u00f9 sostenibile. Negli oltre sei anni trascorsi in SAP, ha ricoperto diversi ruoli nell'ambito dell'innovazione, della consulenza e della prevendita.<\/p>\n<p>In qualit\u00e0 di CSO di SAP Svizzera, Sebastian Kaczynski intende sfruttare l'esperienza di SAP in materia di sostenibilit\u00e0, ecosistemi e tecnologie per supportare efficacemente i clienti nel loro percorso verso aziende intelligenti e sostenibili. \"In SAP siamo convinti che le aziende debbano mettere la sostenibilit\u00e0 al centro delle loro strategie aziendali e integrare i dati sulla sostenibilit\u00e0 nei loro processi end-to-end. Solo cos\u00ec potranno acquisire le conoscenze necessarie per passare a un'economia pi\u00f9 inclusiva, rigenerativa e a zero emissioni e agire in tal senso\", precisa Sebastian Kaczynski. Vive vicino a Zurigo, ama le belle escursioni e le arrampicate ed \u00e8 impegnato come mentore e allenatore di persone svantaggiate.<\/p>\n<h3><strong>Alexander Finger \u00e8 il nuovo Chief Technology Officer<\/strong><\/h3>\n<p>Il ruolo di Chief Technology Officer (CTO) di SAP Svizzera sar\u00e0 assunto da Alexander Finger. Succede a Ren\u00e9 Fitterer, che assume nuove responsabilit\u00e0 all'interno di SAP. Tecnologia, innovazione e spirito imprenditoriale hanno accompagnato il nuovo CTO fin dall'inizio della sua vita lavorativa e professionale. Nel 1995, in una fase iniziale di Internet, ha fondato uno dei primi fornitori di servizi Internet in Germania. La fase di fondatore di un'azienda \u00e8 stata seguita da posizioni presso Deutsche Post e CPGmarket.com, con sede a Ginevra, e poi da molti anni presso Swisscom in varie funzioni di consulenza e gestione. Due anni fa \u00e8 entrato a far parte di SAP Svizzera, dove si \u00e8 occupato dei clienti dell'industria energetica e ha avviato numerosi progetti orientati al futuro come ambasciatore dell'innovazione.<\/p>\n<p>Alexander Finger afferma di vedere la trasformazione digitale con SAP come uno strumento per raggiungere un successo sostenibile. \"Ci\u00f2 richiede una stretta interazione con le persone che presso i nostri clienti lavorano sui due assi dell'innovazione: nel contesto del miglioramento continuo da un lato e nell'area dell'innovazione dirompente dall'altro\", spiega. \"Entrambi i gruppi hanno bisogno di innovazione tecnologica. Siamo posizionati correttamente quando SAP \u00e8 il partner naturale per lo sviluppo del business\". A tal fine, il suo compito principale \u00e8 quello di comunicare la strategia e la visione di SAP, nonch\u00e9 di cercare attivamente il dialogo con clienti, partner e colleghi.<\/p>\n<p>Alexander Finger si dedica allo studio del diritto a tempo parziale dal 2015 e si laureer\u00e0 con un master nel 2021. Da novembre sta svolgendo un dottorato presso l'Universit\u00e0 di Friburgo sul tema \"Sistemi di controllo interno\". Dopo molti anni trascorsi in Francia, Alexander Finger vive ora con la moglie nella citt\u00e0 bilingue di Murten. Gli piace trascorrere il poco tempo libero in barca a vela e nel sud della Francia.<\/p>\n<h3><strong>Robert Kehrli: nuovo responsabile per le PMI di SAP Svizzera<\/strong><\/h3>\n<p>La business unit che si occupa delle PMI e della gestione dei partner ha un nuovo responsabile, Robert Kehrli. Sostituisce Simon Hammer, che ha accettato una nuova sfida al di fuori di SAP dopo quattro anni in questa posizione. Robert Kehrli porta con s\u00e9 20 anni di esperienza nelle vendite e nella gestione. Dal 2016 ha ricoperto diverse posizioni manageriali in SAP Svizzera, da ultimo quella di Head of Business Technology Platform, dove ha garantito una crescita significativa. In precedenza, ha ricoperto vari ruoli di vendita, assistenza, consulenza e gestione presso IBM, Hewlett-Packard e l'organizzazione che le \u00e8 succeduta, HPE. Dopo un apprendistato come elettromeccanico, ha proseguito la sua formazione fino a conseguire un master in informatica aziendale.<\/p>\n<p>Nel suo nuovo ruolo, Robert Kehrli si \u00e8 posto l'obiettivo di guidare la trasformazione digitale e lo sviluppo in un'azienda intelligente e sostenibile con l'aiuto delle tecnologie SAP insieme ai partner del segmento PMI. \"Una mia particolare preoccupazione \u00e8 quella di guidare e accompagnare i nostri clienti nel segmento delle PMI verso il cloud insieme ai nostri partner\", sottolinea Robert Kehrli. \"Con il nostro potente team, possiamo generare progetti innovativi con un reale valore aggiunto e servire clienti e partner in modo non burocratico, rapido ed efficiente.\"<\/p>\n<p>Oltre alle sue attivit\u00e0 professionali, Robert Kehrli \u00e8 molto impegnato nella squadra di calcio locale, dove allena la squadra femminile e le squadre giovanili. Se ha ancora tempo, oltre alla famiglia, gli piace sciare e giocare a golf. Robert Kehrli \u00e8 sposato, padre di tre figli adulti e vive nello Zugerland.<\/p>\n<p><a href=\"http:\/\/www.sap.ch\"><em>Fonte e ulteriori informazioni<\/em><\/a><\/p>","protected":false},"excerpt":{"rendered":"<p>In diesen Tagen werden bei SAP Schweiz diverse Leitungsfunktionen neu besetzt. \u00abMit den Neubesetzungen sind wir gut aufgestellt, um unsere Kunden und Partner mit Innovationen und ausgewiesenem Know-how auf dem Weg zu wettbewerbsstarken, nachhaltigen Unternehmen zu begleiten\u00bb, kommentiert Michael Locher-Tjoa, Managing Director SAP Schweiz, die personellen Ver\u00e4nderungen. \u00abMit der neuen Position des Chief Sustainability Officer [&hellip;]<\/p>\n","protected":false},"author":4,"featured_media":15541,"comment_status":"closed","ping_status":"closed","sticky":false,"template":"","format":"standard","meta":{"_acf_changed":false,"_yoast_wpseo_focuskw":"SAP Schweiz","_yoast_wpseo_metadesc":"SAP Schweiz besetzt mehrere F\u00fchrungspositionen neu, darunter auch die Leitung der f\u00fcr KMU und Partner zust\u00e4ndigen Gesch\u00e4ftseinheit.","articlekey":"","footnotes":""},"categories":[28],"tags":[287,334,381],"class_list":["post-15540","post","type-post","status-publish","format-standard","has-post-thumbnail","hentry","category-management","tag-itbusiness-software","tag-management","tag-personalia"],"acf":[],"yoast_head":"<!-- This site is optimized with the Yoast SEO plugin v27.5 - https:\/\/yoast.com\/product\/yoast-seo-wordpress\/ -->\n<title>SAP Schweiz mit neuen K\u00f6pfen an der Spitze - Organisator<\/title>\n<meta name=\"description\" content=\"SAP Schweiz besetzt mehrere F\u00fchrungspositionen neu, darunter auch die Leitung der f\u00fcr KMU und Partner zust\u00e4ndigen Gesch\u00e4ftseinheit.\" \/>\n<meta name=\"robots\" content=\"index, follow, max-snippet:-1, max-image-preview:large, max-video-preview:-1\" \/>\n<link rel=\"canonical\" href=\"https:\/\/www.organisator.ch\/it\/gestione-2\/2022-07-04\/sap-schweiz-mit-neuen-koepfen-an-der-spitze\/\" \/>\n<meta property=\"og:locale\" content=\"it_IT\" \/>\n<meta property=\"og:type\" content=\"article\" \/>\n<meta property=\"og:title\" content=\"SAP Schweiz mit neuen K\u00f6pfen an der Spitze\" \/>\n<meta property=\"og:description\" content=\"SAP Schweiz besetzt mehrere F\u00fchrungspositionen neu, darunter auch die Leitung der f\u00fcr KMU und Partner zust\u00e4ndigen Gesch\u00e4ftseinheit.\" \/>\n<meta property=\"og:url\" content=\"https:\/\/www.organisator.ch\/it\/gestione-2\/2022-07-04\/sap-schweiz-mit-neuen-koepfen-an-der-spitze\/\" \/>\n<meta property=\"og:site_name\" content=\"Organisator\" \/>\n<meta property=\"article:publisher\" content=\"https:\/\/www.facebook.com\/OrganisatorFachmagazin\" \/>\n<meta property=\"article:published_time\" content=\"2022-07-04T11:40:15+00:00\" \/>\n<meta property=\"og:image\" content=\"https:\/\/www.organisator.ch\/wp-content\/uploads\/2022\/07\/SAP-Schweiz-mit-neuen-Koepfen-an-der-Spitze_Organisator.jpg\" \/>\n\t<meta property=\"og:image:width\" content=\"680\" \/>\n\t<meta property=\"og:image:height\" content=\"251\" \/>\n\t<meta property=\"og:image:type\" content=\"image\/jpeg\" \/>\n<meta name=\"author\" content=\"thomas.berner\" \/>\n<meta name=\"twitter:card\" content=\"summary_large_image\" \/>\n<meta name=\"twitter:title\" content=\"#SAP Schweiz mit neuen K\u00f6pfen an der Spitze\" \/>\n<meta name=\"twitter:description\" content=\"#SAP Schweiz besetzt mehrere #F\u00fchrungspositionen neu, darunter auch die Leitung der f\u00fcr KMU und Partner zust\u00e4ndigen #Gesch\u00e4ftseinheit.\" \/>\n<meta name=\"twitter:image\" content=\"https:\/\/www.organisator.ch\/wp-content\/uploads\/2022\/07\/SAP-Schweiz-mit-neuen-Koepfen-an-der-Spitze_Organisator.jpg\" \/>\n<script type=\"application\/ld+json\" class=\"yoast-schema-graph\">{\"@context\":\"https:\\\/\\\/schema.org\",\"@graph\":[{\"@type\":\"Article\",\"@id\":\"https:\\\/\\\/www.organisator.ch\\\/management\\\/2022-07-04\\\/sap-schweiz-mit-neuen-koepfen-an-der-spitze\\\/#article\",\"isPartOf\":{\"@id\":\"https:\\\/\\\/www.organisator.ch\\\/management\\\/2022-07-04\\\/sap-schweiz-mit-neuen-koepfen-an-der-spitze\\\/\"},\"author\":{\"name\":\"thomas.berner\",\"@id\":\"https:\\\/\\\/www.organisator.ch\\\/#\\\/schema\\\/person\\\/6f650f90b2842cd4c0cc334b4e36f67e\"},\"headline\":\"SAP Schweiz mit neuen K\u00f6pfen an der Spitze\",\"datePublished\":\"2022-07-04T11:40:15+00:00\",\"mainEntityOfPage\":{\"@id\":\"https:\\\/\\\/www.organisator.ch\\\/management\\\/2022-07-04\\\/sap-schweiz-mit-neuen-koepfen-an-der-spitze\\\/\"},\"wordCount\":926,\"publisher\":{\"@id\":\"https:\\\/\\\/www.organisator.ch\\\/#organization\"},\"image\":{\"@id\":\"https:\\\/\\\/www.organisator.ch\\\/management\\\/2022-07-04\\\/sap-schweiz-mit-neuen-koepfen-an-der-spitze\\\/#primaryimage\"},\"thumbnailUrl\":\"https:\\\/\\\/www.organisator.ch\\\/wp-content\\\/uploads\\\/2022\\\/07\\\/SAP-Schweiz-mit-neuen-Koepfen-an-der-Spitze_Organisator.jpg\",\"keywords\":[\"IT\u2009&amp;\u2009Business Software\",\"Management\",\"Personalia\"],\"articleSection\":[\"MANAGEMENT\"],\"inLanguage\":\"it-IT\"},{\"@type\":\"WebPage\",\"@id\":\"https:\\\/\\\/www.organisator.ch\\\/management\\\/2022-07-04\\\/sap-schweiz-mit-neuen-koepfen-an-der-spitze\\\/\",\"url\":\"https:\\\/\\\/www.organisator.ch\\\/management\\\/2022-07-04\\\/sap-schweiz-mit-neuen-koepfen-an-der-spitze\\\/\",\"name\":\"SAP Schweiz mit neuen K\u00f6pfen an der Spitze - Organisator\",\"isPartOf\":{\"@id\":\"https:\\\/\\\/www.organisator.ch\\\/#website\"},\"primaryImageOfPage\":{\"@id\":\"https:\\\/\\\/www.organisator.ch\\\/management\\\/2022-07-04\\\/sap-schweiz-mit-neuen-koepfen-an-der-spitze\\\/#primaryimage\"},\"image\":{\"@id\":\"https:\\\/\\\/www.organisator.ch\\\/management\\\/2022-07-04\\\/sap-schweiz-mit-neuen-koepfen-an-der-spitze\\\/#primaryimage\"},\"thumbnailUrl\":\"https:\\\/\\\/www.organisator.ch\\\/wp-content\\\/uploads\\\/2022\\\/07\\\/SAP-Schweiz-mit-neuen-Koepfen-an-der-Spitze_Organisator.jpg\",\"datePublished\":\"2022-07-04T11:40:15+00:00\",\"description\":\"SAP Schweiz besetzt mehrere F\u00fchrungspositionen neu, darunter auch die Leitung der f\u00fcr KMU und Partner zust\u00e4ndigen Gesch\u00e4ftseinheit.\",\"breadcrumb\":{\"@id\":\"https:\\\/\\\/www.organisator.ch\\\/management\\\/2022-07-04\\\/sap-schweiz-mit-neuen-koepfen-an-der-spitze\\\/#breadcrumb\"},\"inLanguage\":\"it-IT\",\"potentialAction\":[{\"@type\":\"ReadAction\",\"target\":[\"https:\\\/\\\/www.organisator.ch\\\/management\\\/2022-07-04\\\/sap-schweiz-mit-neuen-koepfen-an-der-spitze\\\/\"]}]},{\"@type\":\"ImageObject\",\"inLanguage\":\"it-IT\",\"@id\":\"https:\\\/\\\/www.organisator.ch\\\/management\\\/2022-07-04\\\/sap-schweiz-mit-neuen-koepfen-an-der-spitze\\\/#primaryimage\",\"url\":\"https:\\\/\\\/www.organisator.ch\\\/wp-content\\\/uploads\\\/2022\\\/07\\\/SAP-Schweiz-mit-neuen-Koepfen-an-der-Spitze_Organisator.jpg\",\"contentUrl\":\"https:\\\/\\\/www.organisator.ch\\\/wp-content\\\/uploads\\\/2022\\\/07\\\/SAP-Schweiz-mit-neuen-Koepfen-an-der-Spitze_Organisator.jpg\",\"width\":680,\"height\":251,\"caption\":\"Bekleiden neu verschiedene F\u00fchrungsfunktionen bei SAP Schweiz: Sebastian Kaczynski, Alexander Finger und Alexander Kehrli (v.l.n.r.). Bild: zVg \\\/ SAP)\"},{\"@type\":\"BreadcrumbList\",\"@id\":\"https:\\\/\\\/www.organisator.ch\\\/management\\\/2022-07-04\\\/sap-schweiz-mit-neuen-koepfen-an-der-spitze\\\/#breadcrumb\",\"itemListElement\":[{\"@type\":\"ListItem\",\"position\":1,\"name\":\"Home\",\"item\":\"https:\\\/\\\/www.organisator.ch\\\/\"},{\"@type\":\"ListItem\",\"position\":2,\"name\":\"SAP Schweiz mit neuen K\u00f6pfen an der Spitze\"}]},{\"@type\":\"WebSite\",\"@id\":\"https:\\\/\\\/www.organisator.ch\\\/#website\",\"url\":\"https:\\\/\\\/www.organisator.ch\\\/\",\"name\":\"Organisator\",\"description\":\"Kompetent. Praxisnah. Der ORGANISATOR bereitet in 10 Ausgaben pro Jahr die wesentlichen Themen f\u00fcr F\u00fchrungskr\u00e4fte von KMU auf.\",\"publisher\":{\"@id\":\"https:\\\/\\\/www.organisator.ch\\\/#organization\"},\"potentialAction\":[{\"@type\":\"SearchAction\",\"target\":{\"@type\":\"EntryPoint\",\"urlTemplate\":\"https:\\\/\\\/www.organisator.ch\\\/?s={search_term_string}\"},\"query-input\":{\"@type\":\"PropertyValueSpecification\",\"valueRequired\":true,\"valueName\":\"search_term_string\"}}],\"inLanguage\":\"it-IT\"},{\"@type\":\"Organization\",\"@id\":\"https:\\\/\\\/www.organisator.ch\\\/#organization\",\"name\":\"Organisator\",\"url\":\"https:\\\/\\\/www.organisator.ch\\\/\",\"logo\":{\"@type\":\"ImageObject\",\"inLanguage\":\"it-IT\",\"@id\":\"https:\\\/\\\/www.organisator.ch\\\/#\\\/schema\\\/logo\\\/image\\\/\",\"url\":\"https:\\\/\\\/www.organisator.ch\\\/wp-content\\\/uploads\\\/2022\\\/01\\\/Logo_Organisator_Website.png\",\"contentUrl\":\"https:\\\/\\\/www.organisator.ch\\\/wp-content\\\/uploads\\\/2022\\\/01\\\/Logo_Organisator_Website.png\",\"width\":800,\"height\":77,\"caption\":\"Organisator\"},\"image\":{\"@id\":\"https:\\\/\\\/www.organisator.ch\\\/#\\\/schema\\\/logo\\\/image\\\/\"},\"sameAs\":[\"https:\\\/\\\/www.facebook.com\\\/OrganisatorFachmagazin\",\"https:\\\/\\\/www.linkedin.com\\\/showcase\\\/organisator-das-magazin-fr-kmu\",\"https:\\\/\\\/www.xing.com\\\/news\\\/pages\\\/organisator-ch-695\",\"https:\\\/\\\/www.youtube.com\\\/channel\\\/UCGP2Sq0iWaZwT3BdIAQFYpw\"]},{\"@type\":\"Person\",\"@id\":\"https:\\\/\\\/www.organisator.ch\\\/#\\\/schema\\\/person\\\/6f650f90b2842cd4c0cc334b4e36f67e\",\"name\":\"thomas.berner\",\"image\":{\"@type\":\"ImageObject\",\"inLanguage\":\"it-IT\",\"@id\":\"https:\\\/\\\/secure.gravatar.com\\\/avatar\\\/ac5001d2a36cb6c6cd3e50789007ffca834b477b74a2144564522e944eabff61?s=96&d=mm&r=g\",\"url\":\"https:\\\/\\\/secure.gravatar.com\\\/avatar\\\/ac5001d2a36cb6c6cd3e50789007ffca834b477b74a2144564522e944eabff61?s=96&d=mm&r=g\",\"contentUrl\":\"https:\\\/\\\/secure.gravatar.com\\\/avatar\\\/ac5001d2a36cb6c6cd3e50789007ffca834b477b74a2144564522e944eabff61?s=96&d=mm&r=g\",\"caption\":\"thomas.berner\"},\"url\":\"https:\\\/\\\/www.organisator.ch\\\/it\\\/author\\\/thomas-berner\\\/\"}]}<\/script>\n<!-- \/ Yoast SEO plugin. -->","yoast_head_json":{"title":"SAP Svizzera con nuove teste al vertice - Organizzatore","description":"SAP Svizzera sta occupando diverse posizioni manageriali, tra cui quella di responsabile dell'unit\u00e0 aziendale responsabile per le PMI e i partner.","robots":{"index":"index","follow":"follow","max-snippet":"max-snippet:-1","max-image-preview":"max-image-preview:large","max-video-preview":"max-video-preview:-1"},"canonical":"https:\/\/www.organisator.ch\/it\/gestione-2\/2022-07-04\/sap-schweiz-mit-neuen-koepfen-an-der-spitze\/","og_locale":"it_IT","og_type":"article","og_title":"SAP Schweiz mit neuen K\u00f6pfen an der Spitze","og_description":"SAP Schweiz besetzt mehrere F\u00fchrungspositionen neu, darunter auch die Leitung der f\u00fcr KMU und Partner zust\u00e4ndigen Gesch\u00e4ftseinheit.","og_url":"https:\/\/www.organisator.ch\/it\/gestione-2\/2022-07-04\/sap-schweiz-mit-neuen-koepfen-an-der-spitze\/","og_site_name":"Organisator","article_publisher":"https:\/\/www.facebook.com\/OrganisatorFachmagazin","article_published_time":"2022-07-04T11:40:15+00:00","og_image":[{"width":680,"height":251,"url":"https:\/\/www.organisator.ch\/wp-content\/uploads\/2022\/07\/SAP-Schweiz-mit-neuen-Koepfen-an-der-Spitze_Organisator.jpg","type":"image\/jpeg"}],"author":"thomas.berner","twitter_card":"summary_large_image","twitter_title":"#SAP Schweiz mit neuen K\u00f6pfen an der Spitze","twitter_description":"#SAP Schweiz besetzt mehrere #F\u00fchrungspositionen neu, darunter auch die Leitung der f\u00fcr KMU und Partner zust\u00e4ndigen #Gesch\u00e4ftseinheit.","twitter_image":"https:\/\/www.organisator.ch\/wp-content\/uploads\/2022\/07\/SAP-Schweiz-mit-neuen-Koepfen-an-der-Spitze_Organisator.jpg","schema":{"@context":"https:\/\/schema.org","@graph":[{"@type":"Article","@id":"https:\/\/www.organisator.ch\/management\/2022-07-04\/sap-schweiz-mit-neuen-koepfen-an-der-spitze\/#article","isPartOf":{"@id":"https:\/\/www.organisator.ch\/management\/2022-07-04\/sap-schweiz-mit-neuen-koepfen-an-der-spitze\/"},"author":{"name":"thomas.berner","@id":"https:\/\/www.organisator.ch\/#\/schema\/person\/6f650f90b2842cd4c0cc334b4e36f67e"},"headline":"SAP Schweiz mit neuen K\u00f6pfen an der Spitze","datePublished":"2022-07-04T11:40:15+00:00","mainEntityOfPage":{"@id":"https:\/\/www.organisator.ch\/management\/2022-07-04\/sap-schweiz-mit-neuen-koepfen-an-der-spitze\/"},"wordCount":926,"publisher":{"@id":"https:\/\/www.organisator.ch\/#organization"},"image":{"@id":"https:\/\/www.organisator.ch\/management\/2022-07-04\/sap-schweiz-mit-neuen-koepfen-an-der-spitze\/#primaryimage"},"thumbnailUrl":"https:\/\/www.organisator.ch\/wp-content\/uploads\/2022\/07\/SAP-Schweiz-mit-neuen-Koepfen-an-der-Spitze_Organisator.jpg","keywords":["IT\u2009&amp;\u2009Business Software","Management","Personalia"],"articleSection":["MANAGEMENT"],"inLanguage":"it-IT"},{"@type":"WebPage","@id":"https:\/\/www.organisator.ch\/management\/2022-07-04\/sap-schweiz-mit-neuen-koepfen-an-der-spitze\/","url":"https:\/\/www.organisator.ch\/management\/2022-07-04\/sap-schweiz-mit-neuen-koepfen-an-der-spitze\/","name":"SAP Svizzera con nuove teste al vertice - Organizzatore","isPartOf":{"@id":"https:\/\/www.organisator.ch\/#website"},"primaryImageOfPage":{"@id":"https:\/\/www.organisator.ch\/management\/2022-07-04\/sap-schweiz-mit-neuen-koepfen-an-der-spitze\/#primaryimage"},"image":{"@id":"https:\/\/www.organisator.ch\/management\/2022-07-04\/sap-schweiz-mit-neuen-koepfen-an-der-spitze\/#primaryimage"},"thumbnailUrl":"https:\/\/www.organisator.ch\/wp-content\/uploads\/2022\/07\/SAP-Schweiz-mit-neuen-Koepfen-an-der-Spitze_Organisator.jpg","datePublished":"2022-07-04T11:40:15+00:00","description":"SAP Svizzera sta occupando diverse posizioni manageriali, tra cui quella di responsabile dell'unit\u00e0 aziendale responsabile per le PMI e i partner.","breadcrumb":{"@id":"https:\/\/www.organisator.ch\/management\/2022-07-04\/sap-schweiz-mit-neuen-koepfen-an-der-spitze\/#breadcrumb"},"inLanguage":"it-IT","potentialAction":[{"@type":"ReadAction","target":["https:\/\/www.organisator.ch\/management\/2022-07-04\/sap-schweiz-mit-neuen-koepfen-an-der-spitze\/"]}]},{"@type":"ImageObject","inLanguage":"it-IT","@id":"https:\/\/www.organisator.ch\/management\/2022-07-04\/sap-schweiz-mit-neuen-koepfen-an-der-spitze\/#primaryimage","url":"https:\/\/www.organisator.ch\/wp-content\/uploads\/2022\/07\/SAP-Schweiz-mit-neuen-Koepfen-an-der-Spitze_Organisator.jpg","contentUrl":"https:\/\/www.organisator.ch\/wp-content\/uploads\/2022\/07\/SAP-Schweiz-mit-neuen-Koepfen-an-der-Spitze_Organisator.jpg","width":680,"height":251,"caption":"Bekleiden neu verschiedene F\u00fchrungsfunktionen bei SAP Schweiz: Sebastian Kaczynski, Alexander Finger und Alexander Kehrli (v.l.n.r.). Bild: zVg \/ SAP)"},{"@type":"BreadcrumbList","@id":"https:\/\/www.organisator.ch\/management\/2022-07-04\/sap-schweiz-mit-neuen-koepfen-an-der-spitze\/#breadcrumb","itemListElement":[{"@type":"ListItem","position":1,"name":"Home","item":"https:\/\/www.organisator.ch\/"},{"@type":"ListItem","position":2,"name":"SAP Schweiz mit neuen K\u00f6pfen an der Spitze"}]},{"@type":"WebSite","@id":"https:\/\/www.organisator.ch\/#website","url":"https:\/\/www.organisator.ch\/","name":"Organizzatore","description":"Competente. Pratico. In 10 numeri all'anno, ORGANISATOR presenta i temi essenziali per i manager delle PMI.","publisher":{"@id":"https:\/\/www.organisator.ch\/#organization"},"potentialAction":[{"@type":"SearchAction","target":{"@type":"EntryPoint","urlTemplate":"https:\/\/www.organisator.ch\/?s={search_term_string}"},"query-input":{"@type":"PropertyValueSpecification","valueRequired":true,"valueName":"search_term_string"}}],"inLanguage":"it-IT"},{"@type":"Organization","@id":"https:\/\/www.organisator.ch\/#organization","name":"Organizzatore","url":"https:\/\/www.organisator.ch\/","logo":{"@type":"ImageObject","inLanguage":"it-IT","@id":"https:\/\/www.organisator.ch\/#\/schema\/logo\/image\/","url":"https:\/\/www.organisator.ch\/wp-content\/uploads\/2022\/01\/Logo_Organisator_Website.png","contentUrl":"https:\/\/www.organisator.ch\/wp-content\/uploads\/2022\/01\/Logo_Organisator_Website.png","width":800,"height":77,"caption":"Organisator"},"image":{"@id":"https:\/\/www.organisator.ch\/#\/schema\/logo\/image\/"},"sameAs":["https:\/\/www.facebook.com\/OrganisatorFachmagazin","https:\/\/www.linkedin.com\/showcase\/organisator-das-magazin-fr-kmu","https:\/\/www.xing.com\/news\/pages\/organisator-ch-695","https:\/\/www.youtube.com\/channel\/UCGP2Sq0iWaZwT3BdIAQFYpw"]},{"@type":"Person","@id":"https:\/\/www.organisator.ch\/#\/schema\/person\/6f650f90b2842cd4c0cc334b4e36f67e","name":"Tommaso.berner","image":{"@type":"ImageObject","inLanguage":"it-IT","@id":"https:\/\/secure.gravatar.com\/avatar\/ac5001d2a36cb6c6cd3e50789007ffca834b477b74a2144564522e944eabff61?s=96&d=mm&r=g","url":"https:\/\/secure.gravatar.com\/avatar\/ac5001d2a36cb6c6cd3e50789007ffca834b477b74a2144564522e944eabff61?s=96&d=mm&r=g","contentUrl":"https:\/\/secure.gravatar.com\/avatar\/ac5001d2a36cb6c6cd3e50789007ffca834b477b74a2144564522e944eabff61?s=96&d=mm&r=g","caption":"thomas.berner"},"url":"https:\/\/www.organisator.ch\/it\/author\/thomas-berner\/"}]}},"_links":{"self":[{"href":"https:\/\/www.organisator.ch\/it\/wp-json\/wp\/v2\/posts\/15540","targetHints":{"allow":["GET"]}}],"collection":[{"href":"https:\/\/www.organisator.ch\/it\/wp-json\/wp\/v2\/posts"}],"about":[{"href":"https:\/\/www.organisator.ch\/it\/wp-json\/wp\/v2\/types\/post"}],"author":[{"embeddable":true,"href":"https:\/\/www.organisator.ch\/it\/wp-json\/wp\/v2\/users\/4"}],"replies":[{"embeddable":true,"href":"https:\/\/www.organisator.ch\/it\/wp-json\/wp\/v2\/comments?post=15540"}],"version-history":[{"count":1,"href":"https:\/\/www.organisator.ch\/it\/wp-json\/wp\/v2\/posts\/15540\/revisions"}],"predecessor-version":[{"id":15542,"href":"https:\/\/www.organisator.ch\/it\/wp-json\/wp\/v2\/posts\/15540\/revisions\/15542"}],"wp:featuredmedia":[{"embeddable":true,"href":"https:\/\/www.organisator.ch\/it\/wp-json\/wp\/v2\/media\/15541"}],"wp:attachment":[{"href":"https:\/\/www.organisator.ch\/it\/wp-json\/wp\/v2\/media?parent=15540"}],"wp:term":[{"taxonomy":"category","embeddable":true,"href":"https:\/\/www.organisator.ch\/it\/wp-json\/wp\/v2\/categories?post=15540"},{"taxonomy":"post_tag","embeddable":true,"href":"https:\/\/www.organisator.ch\/it\/wp-json\/wp\/v2\/tags?post=15540"}],"curies":[{"name":"wp","href":"https:\/\/api.w.org\/{rel}","templated":true}]}}