{"id":15543,"date":"2022-07-04T13:56:13","date_gmt":"2022-07-04T11:56:13","guid":{"rendered":"https:\/\/www.organisator.ch\/?p=15543"},"modified":"2022-07-04T13:56:13","modified_gmt":"2022-07-04T11:56:13","slug":"la-fernuni-svizzera-celebra-il-suo-30-anniversario","status":"publish","type":"post","link":"https:\/\/www.organisator.ch\/it\/weiterbildung\/2022-07-04\/die-fernuni-schweiz-feiert-ihr-30-jaehriges-bestehen\/","title":{"rendered":"FernUni Svizzera festeggia il suo 30\u00b0 anniversario"},"content":{"rendered":"<figure id=\"attachment_15544\" aria-describedby=\"caption-attachment-15544\" style=\"width: 680px\" class=\"wp-caption alignnone\"><img loading=\"lazy\" decoding=\"async\" class=\"size-full wp-image-15544\" src=\"https:\/\/www.organisator.ch\/wp-content\/uploads\/2022\/07\/Die-FernUni-Schweiz-feiert-ihr-30-jaehriges-Bestehen_Organisator.jpg\" alt=\"\" width=\"680\" height=\"397\" srcset=\"https:\/\/www.organisator.ch\/wp-content\/uploads\/2022\/07\/Die-FernUni-Schweiz-feiert-ihr-30-jaehriges-Bestehen_Organisator.jpg 680w, https:\/\/www.organisator.ch\/wp-content\/uploads\/2022\/07\/Die-FernUni-Schweiz-feiert-ihr-30-jaehriges-Bestehen_Organisator-18x12.jpg 18w, https:\/\/www.organisator.ch\/wp-content\/uploads\/2022\/07\/Die-FernUni-Schweiz-feiert-ihr-30-jaehriges-Bestehen_Organisator-300x175.jpg 300w, https:\/\/www.organisator.ch\/wp-content\/uploads\/2022\/07\/Die-FernUni-Schweiz-feiert-ihr-30-jaehriges-Bestehen_Organisator-599x350.jpg 599w\" sizes=\"auto, (max-width: 680px) 100vw, 680px\" \/><figcaption id=\"caption-attachment-15544\" class=\"wp-caption-text\">FernUni Svizzera esiste da 30 anni: l'anniversario \u00e8 stato celebrato a Briga il 23 giugno 2022. (Immagine: zVg \/ FernUni Svizzera)<\/figcaption><\/figure>\n<p>FernUni Svizzera \u00e8 stata fondata nel 1992 per offrire a studenti provenienti da regioni periferiche, professionisti e atleti di alto livello l'opportunit\u00e0 di studiare. Per festeggiare in grande stile il suo 30\u00b0 anniversario, l'istituto universitario ha organizzato una festa di anniversario venerd\u00ec 23 giugno nella Simplonhalle di Briga, alla quale hanno partecipato circa 250 persone.<\/p>\n<h3>Forte sostegno da parte delle autorit\u00e0 a livello federale, cantonale e comunale<\/h3>\n<p>Durante il suo intervento, Christophe Darbellay, Consigliere di Stato e Capo del Dipartimento dell'Economia e dell'Educazione Nazionale, ha espresso la volont\u00e0 politica unanime del Cantone del Vallese di sostenere la FernUni Svizzera nel suo percorso per diventare un'universit\u00e0 vallesana entro il 2027. \"Con l'HES-SO Valais-Wallis, il Politecnico federale di Losanna, le Universit\u00e0 di Losanna e Ginevra, l'Universit\u00e0 svizzera di formazione a distanza (FFHS), l'Universit\u00e0 vallesana di formazione degli insegnanti (PH-VS) e l'istituto di ricerca Idiap, il Vallese dispone di importanti attori nel campo dell'istruzione terziaria. Tuttavia, al Vallese manca un pezzo del puzzle - un'universit\u00e0 vallesana - per completare il panorama dell'istruzione superiore. Questo pezzo mancante \u00e8 FernUni Svizzera\".<\/p>\n<p>Silvia Studinger, vicedirettrice della Segreteria di Stato per la formazione, la ricerca e l'innovazione (SEFRI), ha sottolineato l'importanza dell'istituto universitario nel panorama dell'istruzione superiore svizzera. \"Grazie alle sovvenzioni del governo federale, FernUni Svizzera \u00e8 ora indipendente e beneficia di un finanziamento pari a quello delle altre universit\u00e0. Ha anche un modello di apprendimento a distanza di alta qualit\u00e0, che \u00e8 di importanza centrale nella societ\u00e0 di oggi\".<\/p>\n<p>Mathias Bellwald, sindaco di Brig-Glis, ha presentato con orgoglio la sua citt\u00e0 come un vero e proprio centro educativo urbano: \"A Brig-Glis i giovani hanno l'opportunit\u00e0 di completare l'intero percorso formativo, dalla scuola materna alla formazione professionale fino al diploma universitario. Questo \u00e8 un vantaggio unico per Brig-Glis, che pu\u00f2 svolgere un ruolo centrale e contribuire alla formazione di una forza lavoro qualificata\".<\/p>\n<p>In occasione delle successive Giornate della strategia a Zermatt, Roberto Schmidt, presidente del Consiglio di Stato e capo del Dipartimento delle finanze e dell'energia, ha sottolineato la necessit\u00e0 e la legittimit\u00e0 dell'apprendimento a distanza nella societ\u00e0 odierna. \"In Vallese soffriamo di una carenza di lavoratori qualificati. Con il sostegno del Canton Vallese, FernUni Svizzera pu\u00f2 contrastare questo fenomeno con il suo successo\".<\/p>\n<h3>Dalla FernUni Svizzera all'Universit\u00e0 del Vallese<\/h3>\n<p>La FernUni Svizzera sta intensificando gli sforzi per soddisfare i requisiti per l'accreditamento come universit\u00e0 a tutti gli effetti a partire dal 2027. Inoltre, continueranno a essere assunti professori di fama internazionale per garantire la qualit\u00e0 della ricerca e rafforzare i centri di eccellenza all'interno delle cinque facolt\u00e0. \"FernUni Svizzera vuole radicarsi nel panorama dell'istruzione superiore svizzera ed essere all'altezza della fiducia accordatale da studenti, accademici, dal Canton Vallese, dai Cantoni fondatori (Svitto, Berna, Soletta, Lucerna), dal governo federale e dai politici, per affermarsi come istituzione a pieno titolo e riconosciuta a livello internazionale\", spiega il dottor Damien Carron, direttore dei servizi accademici.<\/p>\n<p>I requisiti strutturali sono stati soddisfatti: Alla fine del 2021, la FernUni Svizzera si trasferir\u00e0 nel suo nuovo campus universitario insieme alla Fernfachhochschule Schweiz (FFHS) nel quartiere Rhonesand di Briga. Questo edificio offre all'istituto universitario una sede per attivit\u00e0 di ricerca integrate a livello internazionale e opportunit\u00e0 di formazione universitaria basate sui risultati delle sue ricerche, rafforzando cos\u00ec il suo radicamento nel Vallese. Questa costruzione innovativa \u00e8 stata segnalata come esempio di best practice nel Rapporto Cantonale sulle Universit\u00e0 2021.<\/p>\n<p><a href=\"http:\/\/www.fernuni.ch\"><em>Fonte e ulteriori informazioni<\/em><\/a><\/p>","protected":false},"excerpt":{"rendered":"<p>Die FernUni Schweiz wurde 1992 gegr\u00fcndet, um Studierenden aus Randregionen, Berufst\u00e4tigen und Spitzensportlern\/innen die M\u00f6glichkeit zu bieten, ein Studium zu absolvieren. Um das 30-j\u00e4hrige Bestehen geb\u00fchrend zu feiern, veranstaltete das universit\u00e4re Institut am Freitag, 23. Juni in der Simplonhalle in Brig eine Jubil\u00e4umsfeier, zu der sich rund 250 Personen versammelten. Starke Unterst\u00fctzung durch Beh\u00f6rden auf [&hellip;]<\/p>\n","protected":false},"author":4,"featured_media":15544,"comment_status":"closed","ping_status":"closed","sticky":false,"template":"","format":"standard","meta":{"_acf_changed":false,"_yoast_wpseo_focuskw":"FernUni Schweiz","_yoast_wpseo_metadesc":"Der Monat Juni stand ganz im Zeichen des 30-j\u00e4hrigen Bestehens der FernUni Schweiz. Am 23. Juni 2022 fand dazu ein Jubil\u00e4umsanlass statt.","articlekey":"","footnotes":""},"categories":[30],"tags":[62,292,2404],"class_list":["post-15543","post","type-post","status-publish","format-standard","has-post-thumbnail","hentry","category-weiterbildung","tag-aus-weiterbildung","tag-jubilaeum","tag-universitaet"],"acf":[],"yoast_head":"<!-- This site is optimized with the Yoast SEO plugin v27.4 - https:\/\/yoast.com\/product\/yoast-seo-wordpress\/ -->\n<title>Die FernUni Schweiz feiert ihr 30-j\u00e4hriges Bestehen - Organisator<\/title>\n<meta name=\"description\" content=\"Der Monat Juni stand ganz im Zeichen des 30-j\u00e4hrigen Bestehens der FernUni Schweiz. Am 23. Juni 2022 fand dazu ein Jubil\u00e4umsanlass statt.\" \/>\n<meta name=\"robots\" content=\"index, follow, max-snippet:-1, max-image-preview:large, max-video-preview:-1\" \/>\n<link rel=\"canonical\" href=\"https:\/\/www.organisator.ch\/it\/formazione-continua\/2022-07-04\/la-fernuni-svizzera-celebra-il-suo-30-anniversario\/\" \/>\n<meta property=\"og:locale\" content=\"it_IT\" \/>\n<meta property=\"og:type\" content=\"article\" \/>\n<meta property=\"og:title\" content=\"Die FernUni Schweiz feiert ihr 30-j\u00e4hriges Bestehen\" \/>\n<meta property=\"og:description\" content=\"Der Monat Juni stand ganz im Zeichen des 30-j\u00e4hrigen Bestehens der FernUni Schweiz. Am 23. Juni 2022 fand dazu ein Jubil\u00e4umsanlass statt.\" \/>\n<meta property=\"og:url\" content=\"https:\/\/www.organisator.ch\/it\/formazione-continua\/2022-07-04\/la-fernuni-svizzera-celebra-il-suo-30-anniversario\/\" \/>\n<meta property=\"og:site_name\" content=\"Organisator\" \/>\n<meta property=\"article:publisher\" content=\"https:\/\/www.facebook.com\/OrganisatorFachmagazin\" \/>\n<meta property=\"article:published_time\" content=\"2022-07-04T11:56:13+00:00\" \/>\n<meta property=\"og:image\" content=\"https:\/\/www.organisator.ch\/wp-content\/uploads\/2022\/07\/Die-FernUni-Schweiz-feiert-ihr-30-jaehriges-Bestehen_Organisator.jpg\" \/>\n\t<meta property=\"og:image:width\" content=\"680\" \/>\n\t<meta property=\"og:image:height\" content=\"397\" \/>\n\t<meta property=\"og:image:type\" content=\"image\/jpeg\" \/>\n<meta name=\"author\" content=\"thomas.berner\" \/>\n<meta name=\"twitter:card\" content=\"summary_large_image\" \/>\n<meta name=\"twitter:title\" content=\"Die #FernUni Schweiz feiert ihr 30-j\u00e4hriges Bestehen\" \/>\n<meta name=\"twitter:description\" content=\"Der Monat Juni stand ganz im Zeichen des 30-j\u00e4hrigen Bestehens der #FernUni Schweiz. Am 23. Juni 2022 fand dazu ein #Jubil\u00e4umsanlass statt.\" \/>\n<meta name=\"twitter:image\" content=\"https:\/\/www.organisator.ch\/wp-content\/uploads\/2022\/07\/Die-FernUni-Schweiz-feiert-ihr-30-jaehriges-Bestehen_Organisator.jpg\" \/>\n<script type=\"application\/ld+json\" class=\"yoast-schema-graph\">{\"@context\":\"https:\\\/\\\/schema.org\",\"@graph\":[{\"@type\":\"Article\",\"@id\":\"https:\\\/\\\/www.organisator.ch\\\/weiterbildung\\\/2022-07-04\\\/die-fernuni-schweiz-feiert-ihr-30-jaehriges-bestehen\\\/#article\",\"isPartOf\":{\"@id\":\"https:\\\/\\\/www.organisator.ch\\\/weiterbildung\\\/2022-07-04\\\/die-fernuni-schweiz-feiert-ihr-30-jaehriges-bestehen\\\/\"},\"author\":{\"name\":\"thomas.berner\",\"@id\":\"https:\\\/\\\/www.organisator.ch\\\/#\\\/schema\\\/person\\\/6f650f90b2842cd4c0cc334b4e36f67e\"},\"headline\":\"Die FernUni Schweiz feiert ihr 30-j\u00e4hriges Bestehen\",\"datePublished\":\"2022-07-04T11:56:13+00:00\",\"mainEntityOfPage\":{\"@id\":\"https:\\\/\\\/www.organisator.ch\\\/weiterbildung\\\/2022-07-04\\\/die-fernuni-schweiz-feiert-ihr-30-jaehriges-bestehen\\\/\"},\"wordCount\":584,\"publisher\":{\"@id\":\"https:\\\/\\\/www.organisator.ch\\\/#organization\"},\"image\":{\"@id\":\"https:\\\/\\\/www.organisator.ch\\\/weiterbildung\\\/2022-07-04\\\/die-fernuni-schweiz-feiert-ihr-30-jaehriges-bestehen\\\/#primaryimage\"},\"thumbnailUrl\":\"https:\\\/\\\/www.organisator.ch\\\/wp-content\\\/uploads\\\/2022\\\/07\\\/Die-FernUni-Schweiz-feiert-ihr-30-jaehriges-Bestehen_Organisator.jpg\",\"keywords\":[\"Aus-\\\/Weiterbildung\",\"Jubil\u00e4um\",\"Universit\u00e4t\"],\"articleSection\":[\"WEITERBILDUNG\"],\"inLanguage\":\"it-IT\"},{\"@type\":\"WebPage\",\"@id\":\"https:\\\/\\\/www.organisator.ch\\\/weiterbildung\\\/2022-07-04\\\/die-fernuni-schweiz-feiert-ihr-30-jaehriges-bestehen\\\/\",\"url\":\"https:\\\/\\\/www.organisator.ch\\\/weiterbildung\\\/2022-07-04\\\/die-fernuni-schweiz-feiert-ihr-30-jaehriges-bestehen\\\/\",\"name\":\"Die FernUni Schweiz feiert ihr 30-j\u00e4hriges Bestehen - Organisator\",\"isPartOf\":{\"@id\":\"https:\\\/\\\/www.organisator.ch\\\/#website\"},\"primaryImageOfPage\":{\"@id\":\"https:\\\/\\\/www.organisator.ch\\\/weiterbildung\\\/2022-07-04\\\/die-fernuni-schweiz-feiert-ihr-30-jaehriges-bestehen\\\/#primaryimage\"},\"image\":{\"@id\":\"https:\\\/\\\/www.organisator.ch\\\/weiterbildung\\\/2022-07-04\\\/die-fernuni-schweiz-feiert-ihr-30-jaehriges-bestehen\\\/#primaryimage\"},\"thumbnailUrl\":\"https:\\\/\\\/www.organisator.ch\\\/wp-content\\\/uploads\\\/2022\\\/07\\\/Die-FernUni-Schweiz-feiert-ihr-30-jaehriges-Bestehen_Organisator.jpg\",\"datePublished\":\"2022-07-04T11:56:13+00:00\",\"description\":\"Der Monat Juni stand ganz im Zeichen des 30-j\u00e4hrigen Bestehens der FernUni Schweiz. Am 23. Juni 2022 fand dazu ein Jubil\u00e4umsanlass statt.\",\"breadcrumb\":{\"@id\":\"https:\\\/\\\/www.organisator.ch\\\/weiterbildung\\\/2022-07-04\\\/die-fernuni-schweiz-feiert-ihr-30-jaehriges-bestehen\\\/#breadcrumb\"},\"inLanguage\":\"it-IT\",\"potentialAction\":[{\"@type\":\"ReadAction\",\"target\":[\"https:\\\/\\\/www.organisator.ch\\\/weiterbildung\\\/2022-07-04\\\/die-fernuni-schweiz-feiert-ihr-30-jaehriges-bestehen\\\/\"]}]},{\"@type\":\"ImageObject\",\"inLanguage\":\"it-IT\",\"@id\":\"https:\\\/\\\/www.organisator.ch\\\/weiterbildung\\\/2022-07-04\\\/die-fernuni-schweiz-feiert-ihr-30-jaehriges-bestehen\\\/#primaryimage\",\"url\":\"https:\\\/\\\/www.organisator.ch\\\/wp-content\\\/uploads\\\/2022\\\/07\\\/Die-FernUni-Schweiz-feiert-ihr-30-jaehriges-Bestehen_Organisator.jpg\",\"contentUrl\":\"https:\\\/\\\/www.organisator.ch\\\/wp-content\\\/uploads\\\/2022\\\/07\\\/Die-FernUni-Schweiz-feiert-ihr-30-jaehriges-Bestehen_Organisator.jpg\",\"width\":680,\"height\":397,\"caption\":\"Seit 30 Jahren besteht die FernUni Schweiz: Das Jubil\u00e4um wurde am 23. Juni 2022 in Brig gefeiert. (Bild: zVg \\\/ FernUni Schweiz)\"},{\"@type\":\"BreadcrumbList\",\"@id\":\"https:\\\/\\\/www.organisator.ch\\\/weiterbildung\\\/2022-07-04\\\/die-fernuni-schweiz-feiert-ihr-30-jaehriges-bestehen\\\/#breadcrumb\",\"itemListElement\":[{\"@type\":\"ListItem\",\"position\":1,\"name\":\"Home\",\"item\":\"https:\\\/\\\/www.organisator.ch\\\/\"},{\"@type\":\"ListItem\",\"position\":2,\"name\":\"Die FernUni Schweiz feiert ihr 30-j\u00e4hriges Bestehen\"}]},{\"@type\":\"WebSite\",\"@id\":\"https:\\\/\\\/www.organisator.ch\\\/#website\",\"url\":\"https:\\\/\\\/www.organisator.ch\\\/\",\"name\":\"Organisator\",\"description\":\"Kompetent. Praxisnah. Der ORGANISATOR bereitet in 10 Ausgaben pro Jahr die wesentlichen Themen f\u00fcr F\u00fchrungskr\u00e4fte von KMU auf.\",\"publisher\":{\"@id\":\"https:\\\/\\\/www.organisator.ch\\\/#organization\"},\"potentialAction\":[{\"@type\":\"SearchAction\",\"target\":{\"@type\":\"EntryPoint\",\"urlTemplate\":\"https:\\\/\\\/www.organisator.ch\\\/?s={search_term_string}\"},\"query-input\":{\"@type\":\"PropertyValueSpecification\",\"valueRequired\":true,\"valueName\":\"search_term_string\"}}],\"inLanguage\":\"it-IT\"},{\"@type\":\"Organization\",\"@id\":\"https:\\\/\\\/www.organisator.ch\\\/#organization\",\"name\":\"Organisator\",\"url\":\"https:\\\/\\\/www.organisator.ch\\\/\",\"logo\":{\"@type\":\"ImageObject\",\"inLanguage\":\"it-IT\",\"@id\":\"https:\\\/\\\/www.organisator.ch\\\/#\\\/schema\\\/logo\\\/image\\\/\",\"url\":\"https:\\\/\\\/www.organisator.ch\\\/wp-content\\\/uploads\\\/2022\\\/01\\\/Logo_Organisator_Website.png\",\"contentUrl\":\"https:\\\/\\\/www.organisator.ch\\\/wp-content\\\/uploads\\\/2022\\\/01\\\/Logo_Organisator_Website.png\",\"width\":800,\"height\":77,\"caption\":\"Organisator\"},\"image\":{\"@id\":\"https:\\\/\\\/www.organisator.ch\\\/#\\\/schema\\\/logo\\\/image\\\/\"},\"sameAs\":[\"https:\\\/\\\/www.facebook.com\\\/OrganisatorFachmagazin\",\"https:\\\/\\\/www.linkedin.com\\\/showcase\\\/organisator-das-magazin-fr-kmu\",\"https:\\\/\\\/www.xing.com\\\/news\\\/pages\\\/organisator-ch-695\",\"https:\\\/\\\/www.youtube.com\\\/channel\\\/UCGP2Sq0iWaZwT3BdIAQFYpw\"]},{\"@type\":\"Person\",\"@id\":\"https:\\\/\\\/www.organisator.ch\\\/#\\\/schema\\\/person\\\/6f650f90b2842cd4c0cc334b4e36f67e\",\"name\":\"thomas.berner\",\"image\":{\"@type\":\"ImageObject\",\"inLanguage\":\"it-IT\",\"@id\":\"https:\\\/\\\/secure.gravatar.com\\\/avatar\\\/ac5001d2a36cb6c6cd3e50789007ffca834b477b74a2144564522e944eabff61?s=96&d=mm&r=g\",\"url\":\"https:\\\/\\\/secure.gravatar.com\\\/avatar\\\/ac5001d2a36cb6c6cd3e50789007ffca834b477b74a2144564522e944eabff61?s=96&d=mm&r=g\",\"contentUrl\":\"https:\\\/\\\/secure.gravatar.com\\\/avatar\\\/ac5001d2a36cb6c6cd3e50789007ffca834b477b74a2144564522e944eabff61?s=96&d=mm&r=g\",\"caption\":\"thomas.berner\"},\"url\":\"https:\\\/\\\/www.organisator.ch\\\/it\\\/author\\\/thomas-berner\\\/\"}]}<\/script>\n<!-- \/ Yoast SEO plugin. -->","yoast_head_json":{"title":"FernUni Svizzera festeggia il suo 30\u00b0 anniversario - Organizzatore","description":"Il mese di giugno \u00e8 stato dedicato al 30\u00b0 anniversario di FernUni Svizzera. Il 23 giugno 2022 si \u00e8 tenuto un evento per l'anniversario.","robots":{"index":"index","follow":"follow","max-snippet":"max-snippet:-1","max-image-preview":"max-image-preview:large","max-video-preview":"max-video-preview:-1"},"canonical":"https:\/\/www.organisator.ch\/it\/formazione-continua\/2022-07-04\/la-fernuni-svizzera-celebra-il-suo-30-anniversario\/","og_locale":"it_IT","og_type":"article","og_title":"Die FernUni Schweiz feiert ihr 30-j\u00e4hriges Bestehen","og_description":"Der Monat Juni stand ganz im Zeichen des 30-j\u00e4hrigen Bestehens der FernUni Schweiz. Am 23. Juni 2022 fand dazu ein Jubil\u00e4umsanlass statt.","og_url":"https:\/\/www.organisator.ch\/it\/formazione-continua\/2022-07-04\/la-fernuni-svizzera-celebra-il-suo-30-anniversario\/","og_site_name":"Organisator","article_publisher":"https:\/\/www.facebook.com\/OrganisatorFachmagazin","article_published_time":"2022-07-04T11:56:13+00:00","og_image":[{"width":680,"height":397,"url":"https:\/\/www.organisator.ch\/wp-content\/uploads\/2022\/07\/Die-FernUni-Schweiz-feiert-ihr-30-jaehriges-Bestehen_Organisator.jpg","type":"image\/jpeg"}],"author":"thomas.berner","twitter_card":"summary_large_image","twitter_title":"Die #FernUni Schweiz feiert ihr 30-j\u00e4hriges Bestehen","twitter_description":"Der Monat Juni stand ganz im Zeichen des 30-j\u00e4hrigen Bestehens der #FernUni Schweiz. Am 23. Juni 2022 fand dazu ein #Jubil\u00e4umsanlass statt.","twitter_image":"https:\/\/www.organisator.ch\/wp-content\/uploads\/2022\/07\/Die-FernUni-Schweiz-feiert-ihr-30-jaehriges-Bestehen_Organisator.jpg","schema":{"@context":"https:\/\/schema.org","@graph":[{"@type":"Article","@id":"https:\/\/www.organisator.ch\/weiterbildung\/2022-07-04\/die-fernuni-schweiz-feiert-ihr-30-jaehriges-bestehen\/#article","isPartOf":{"@id":"https:\/\/www.organisator.ch\/weiterbildung\/2022-07-04\/die-fernuni-schweiz-feiert-ihr-30-jaehriges-bestehen\/"},"author":{"name":"thomas.berner","@id":"https:\/\/www.organisator.ch\/#\/schema\/person\/6f650f90b2842cd4c0cc334b4e36f67e"},"headline":"Die FernUni Schweiz feiert ihr 30-j\u00e4hriges Bestehen","datePublished":"2022-07-04T11:56:13+00:00","mainEntityOfPage":{"@id":"https:\/\/www.organisator.ch\/weiterbildung\/2022-07-04\/die-fernuni-schweiz-feiert-ihr-30-jaehriges-bestehen\/"},"wordCount":584,"publisher":{"@id":"https:\/\/www.organisator.ch\/#organization"},"image":{"@id":"https:\/\/www.organisator.ch\/weiterbildung\/2022-07-04\/die-fernuni-schweiz-feiert-ihr-30-jaehriges-bestehen\/#primaryimage"},"thumbnailUrl":"https:\/\/www.organisator.ch\/wp-content\/uploads\/2022\/07\/Die-FernUni-Schweiz-feiert-ihr-30-jaehriges-Bestehen_Organisator.jpg","keywords":["Aus-\/Weiterbildung","Jubil\u00e4um","Universit\u00e4t"],"articleSection":["WEITERBILDUNG"],"inLanguage":"it-IT"},{"@type":"WebPage","@id":"https:\/\/www.organisator.ch\/weiterbildung\/2022-07-04\/die-fernuni-schweiz-feiert-ihr-30-jaehriges-bestehen\/","url":"https:\/\/www.organisator.ch\/weiterbildung\/2022-07-04\/die-fernuni-schweiz-feiert-ihr-30-jaehriges-bestehen\/","name":"FernUni Svizzera festeggia il suo 30\u00b0 anniversario - Organizzatore","isPartOf":{"@id":"https:\/\/www.organisator.ch\/#website"},"primaryImageOfPage":{"@id":"https:\/\/www.organisator.ch\/weiterbildung\/2022-07-04\/die-fernuni-schweiz-feiert-ihr-30-jaehriges-bestehen\/#primaryimage"},"image":{"@id":"https:\/\/www.organisator.ch\/weiterbildung\/2022-07-04\/die-fernuni-schweiz-feiert-ihr-30-jaehriges-bestehen\/#primaryimage"},"thumbnailUrl":"https:\/\/www.organisator.ch\/wp-content\/uploads\/2022\/07\/Die-FernUni-Schweiz-feiert-ihr-30-jaehriges-Bestehen_Organisator.jpg","datePublished":"2022-07-04T11:56:13+00:00","description":"Il mese di giugno \u00e8 stato dedicato al 30\u00b0 anniversario di FernUni Svizzera. Il 23 giugno 2022 si \u00e8 tenuto un evento per l'anniversario.","breadcrumb":{"@id":"https:\/\/www.organisator.ch\/weiterbildung\/2022-07-04\/die-fernuni-schweiz-feiert-ihr-30-jaehriges-bestehen\/#breadcrumb"},"inLanguage":"it-IT","potentialAction":[{"@type":"ReadAction","target":["https:\/\/www.organisator.ch\/weiterbildung\/2022-07-04\/die-fernuni-schweiz-feiert-ihr-30-jaehriges-bestehen\/"]}]},{"@type":"ImageObject","inLanguage":"it-IT","@id":"https:\/\/www.organisator.ch\/weiterbildung\/2022-07-04\/die-fernuni-schweiz-feiert-ihr-30-jaehriges-bestehen\/#primaryimage","url":"https:\/\/www.organisator.ch\/wp-content\/uploads\/2022\/07\/Die-FernUni-Schweiz-feiert-ihr-30-jaehriges-Bestehen_Organisator.jpg","contentUrl":"https:\/\/www.organisator.ch\/wp-content\/uploads\/2022\/07\/Die-FernUni-Schweiz-feiert-ihr-30-jaehriges-Bestehen_Organisator.jpg","width":680,"height":397,"caption":"Seit 30 Jahren besteht die FernUni Schweiz: Das Jubil\u00e4um wurde am 23. Juni 2022 in Brig gefeiert. (Bild: zVg \/ FernUni Schweiz)"},{"@type":"BreadcrumbList","@id":"https:\/\/www.organisator.ch\/weiterbildung\/2022-07-04\/die-fernuni-schweiz-feiert-ihr-30-jaehriges-bestehen\/#breadcrumb","itemListElement":[{"@type":"ListItem","position":1,"name":"Home","item":"https:\/\/www.organisator.ch\/"},{"@type":"ListItem","position":2,"name":"Die FernUni Schweiz feiert ihr 30-j\u00e4hriges Bestehen"}]},{"@type":"WebSite","@id":"https:\/\/www.organisator.ch\/#website","url":"https:\/\/www.organisator.ch\/","name":"Organizzatore","description":"Competente. Pratico. In 10 numeri all'anno, ORGANISATOR presenta i temi essenziali per i manager delle PMI.","publisher":{"@id":"https:\/\/www.organisator.ch\/#organization"},"potentialAction":[{"@type":"SearchAction","target":{"@type":"EntryPoint","urlTemplate":"https:\/\/www.organisator.ch\/?s={search_term_string}"},"query-input":{"@type":"PropertyValueSpecification","valueRequired":true,"valueName":"search_term_string"}}],"inLanguage":"it-IT"},{"@type":"Organization","@id":"https:\/\/www.organisator.ch\/#organization","name":"Organizzatore","url":"https:\/\/www.organisator.ch\/","logo":{"@type":"ImageObject","inLanguage":"it-IT","@id":"https:\/\/www.organisator.ch\/#\/schema\/logo\/image\/","url":"https:\/\/www.organisator.ch\/wp-content\/uploads\/2022\/01\/Logo_Organisator_Website.png","contentUrl":"https:\/\/www.organisator.ch\/wp-content\/uploads\/2022\/01\/Logo_Organisator_Website.png","width":800,"height":77,"caption":"Organisator"},"image":{"@id":"https:\/\/www.organisator.ch\/#\/schema\/logo\/image\/"},"sameAs":["https:\/\/www.facebook.com\/OrganisatorFachmagazin","https:\/\/www.linkedin.com\/showcase\/organisator-das-magazin-fr-kmu","https:\/\/www.xing.com\/news\/pages\/organisator-ch-695","https:\/\/www.youtube.com\/channel\/UCGP2Sq0iWaZwT3BdIAQFYpw"]},{"@type":"Person","@id":"https:\/\/www.organisator.ch\/#\/schema\/person\/6f650f90b2842cd4c0cc334b4e36f67e","name":"Tommaso.berner","image":{"@type":"ImageObject","inLanguage":"it-IT","@id":"https:\/\/secure.gravatar.com\/avatar\/ac5001d2a36cb6c6cd3e50789007ffca834b477b74a2144564522e944eabff61?s=96&d=mm&r=g","url":"https:\/\/secure.gravatar.com\/avatar\/ac5001d2a36cb6c6cd3e50789007ffca834b477b74a2144564522e944eabff61?s=96&d=mm&r=g","contentUrl":"https:\/\/secure.gravatar.com\/avatar\/ac5001d2a36cb6c6cd3e50789007ffca834b477b74a2144564522e944eabff61?s=96&d=mm&r=g","caption":"thomas.berner"},"url":"https:\/\/www.organisator.ch\/it\/author\/thomas-berner\/"}]}},"_links":{"self":[{"href":"https:\/\/www.organisator.ch\/it\/wp-json\/wp\/v2\/posts\/15543","targetHints":{"allow":["GET"]}}],"collection":[{"href":"https:\/\/www.organisator.ch\/it\/wp-json\/wp\/v2\/posts"}],"about":[{"href":"https:\/\/www.organisator.ch\/it\/wp-json\/wp\/v2\/types\/post"}],"author":[{"embeddable":true,"href":"https:\/\/www.organisator.ch\/it\/wp-json\/wp\/v2\/users\/4"}],"replies":[{"embeddable":true,"href":"https:\/\/www.organisator.ch\/it\/wp-json\/wp\/v2\/comments?post=15543"}],"version-history":[{"count":1,"href":"https:\/\/www.organisator.ch\/it\/wp-json\/wp\/v2\/posts\/15543\/revisions"}],"predecessor-version":[{"id":15545,"href":"https:\/\/www.organisator.ch\/it\/wp-json\/wp\/v2\/posts\/15543\/revisions\/15545"}],"wp:featuredmedia":[{"embeddable":true,"href":"https:\/\/www.organisator.ch\/it\/wp-json\/wp\/v2\/media\/15544"}],"wp:attachment":[{"href":"https:\/\/www.organisator.ch\/it\/wp-json\/wp\/v2\/media?parent=15543"}],"wp:term":[{"taxonomy":"category","embeddable":true,"href":"https:\/\/www.organisator.ch\/it\/wp-json\/wp\/v2\/categories?post=15543"},{"taxonomy":"post_tag","embeddable":true,"href":"https:\/\/www.organisator.ch\/it\/wp-json\/wp\/v2\/tags?post=15543"}],"curies":[{"name":"wp","href":"https:\/\/api.w.org\/{rel}","templated":true}]}}