{"id":15547,"date":"2022-07-05T08:52:16","date_gmt":"2022-07-05T06:52:16","guid":{"rendered":"https:\/\/www.organisator.ch\/?p=15547"},"modified":"2022-07-05T08:52:16","modified_gmt":"2022-07-05T06:52:16","slug":"rudolf-o-schmid-ist-neuer-praesident-von-handel-schweiz","status":"publish","type":"post","link":"https:\/\/www.organisator.ch\/it\/management\/2022-07-05\/rudolf-o-schmid-ist-neuer-praesident-von-handel-schweiz\/","title":{"rendered":"Rudolf O. Schmid \u00e8 il nuovo presidente di Handel Schweiz"},"content":{"rendered":"<figure id=\"attachment_15548\" aria-describedby=\"caption-attachment-15548\" style=\"width: 680px\" class=\"wp-caption alignnone\"><img loading=\"lazy\" decoding=\"async\" class=\"size-full wp-image-15548\" src=\"https:\/\/www.organisator.ch\/wp-content\/uploads\/2022\/07\/Rudolf-O.-Schmid-ist-neuer-Praesident-von-Handel-Schweiz_Organisator.jpg\" alt=\"\" width=\"680\" height=\"470\" srcset=\"https:\/\/www.organisator.ch\/wp-content\/uploads\/2022\/07\/Rudolf-O.-Schmid-ist-neuer-Praesident-von-Handel-Schweiz_Organisator.jpg 680w, https:\/\/www.organisator.ch\/wp-content\/uploads\/2022\/07\/Rudolf-O.-Schmid-ist-neuer-Praesident-von-Handel-Schweiz_Organisator-18x12.jpg 18w, https:\/\/www.organisator.ch\/wp-content\/uploads\/2022\/07\/Rudolf-O.-Schmid-ist-neuer-Praesident-von-Handel-Schweiz_Organisator-253x175.jpg 253w, https:\/\/www.organisator.ch\/wp-content\/uploads\/2022\/07\/Rudolf-O.-Schmid-ist-neuer-Praesident-von-Handel-Schweiz_Organisator-506x350.jpg 506w, https:\/\/www.organisator.ch\/wp-content\/uploads\/2022\/07\/Rudolf-O.-Schmid-ist-neuer-Praesident-von-Handel-Schweiz_Organisator-300x207.jpg 300w\" sizes=\"auto, (max-width: 680px) 100vw, 680px\" \/><figcaption id=\"caption-attachment-15548\" class=\"wp-caption-text\">Rudolf O. Schmid, nuovo presidente di Handel Schweiz. (Immagine: zVg \/ Handel Schweiz)<\/figcaption><\/figure>\n<p>Rudolf O. Schmid \u00e8 stato eletto nuovo Presidente di Handel Schweiz dall'Assemblea generale. Succede a Jean-Marc Probst, il cui grande impegno per le preoccupazioni del pi\u00f9 grande datore di lavoro privato della Svizzera, che impiega circa 680.000 persone e forma 38.000 apprendisti, \u00e8 stato adeguatamente riconosciuto e ringraziato dall'associazione.<\/p>\n<h3>Tre punti focali<\/h3>\n<p>Rudolf O. Schmid porta con s\u00e9 una vasta esperienza nel settore, in quanto vicepresidente di Handel Schweiz e imprenditore di lunga data. Proveniente dal settore agricolo come giovane commerciante, \u00e8 stato eletto presto nel Consiglio di amministrazione e nel Comitato esecutivo di Handel Schweiz. Handel Schweiz si impegna nella formazione dei giovani commercianti, gestisce le segreterie di diverse associazioni di categoria e si impegna per i suoi circa 4.000 membri. Handel Schweiz rappresenta i loro diversi interessi, a seconda del tema, anche a livello politico\".<\/p>\n<p>Oggi le aziende commerciali sono ancora pi\u00f9 sotto pressione che in passato, come spiega Rudolf O. Schmid. La guerra in Ucraina e la situazione economica hanno lasciato tracce evidenti nel commercio. Come \u00e8 noto, l'interruzione delle catene di fornitura di componenti elettronici o di materiali da costruzione ha causato il blocco di aziende e industrie. Ad esempio, fino a poco tempo fa i cablaggi venivano prodotti in Ucraina. La loro assenza ha portato all'interruzione della produzione nelle fabbriche di automobili. Anche i pneumatici invernali scarseggiano. Chi non ha ancora acquistato i pneumatici dovrebbe farlo al pi\u00f9 presto. Sono realizzati con polvere di carbone russo.<\/p>\n<h3>Commercio con nuovi approcci alla globalizzazione<\/h3>\n<p>Per prepararsi meglio agli sviluppi futuri, sono necessari nuovi approcci al commercio globale. Rudolf O. Schmid invoca la diversificazione delle catene di approvvigionamento: \"Gli approcci precedenti alla globalizzazione hanno portato a esagerazioni. I produttori e le societ\u00e0 commerciali hanno sottovalutato i rischi di approvvigionamento. Nel frattempo, \u00e8 diventato chiaro che il single sourcing, cio\u00e8 l'acquisto in un unico luogo, non \u00e8 una buona soluzione. Diciamo chiaramente s\u00ec alla globalizzazione. \u00c8 importante per la nostra prosperit\u00e0. Inoltre, aumenta il tenore di vita nel Terzo Mondo. Nel commercio globale, tuttavia, le aziende devono soppesare i rischi di fornitura in modo molto pi\u00f9 critico rispetto al passato. L'approvvigionamento non deve dipendere da un solo partner, da un solo Paese o da un solo continente. Questa diversificazione delle catene di approvvigionamento cambier\u00e0 in modo significativo il commercio globale\".<\/p>\n<p><em>Fonte: <a href=\"http:\/\/www.handel-schweiz.com\">Commercio Svizzera<\/a><\/em><\/p>","protected":false},"excerpt":{"rendered":"<p>Rudolf O. Schmid wurde von der Generalversammlung von Handel Schweiz zum neuen Pr\u00e4sidenten gew\u00e4hlt. Er tritt damit die Nachfolge von Jean-Marc Probst an, dessen grosses Engagement f\u00fcr die Anliegen des gr\u00f6ssten privaten Arbeitgebers der Schweiz, der rund 680&#8217;000 Mitarbeitende besch\u00e4ftigt und 38&#8217;000 Lernende ausbildet, vom Verband entsprechend gew\u00fcrdigt und verdankt wurde. Drei Schwerpunkte Rudolf O. [&hellip;]<\/p>\n","protected":false},"author":4,"featured_media":15548,"comment_status":"closed","ping_status":"closed","sticky":false,"template":"","format":"standard","meta":{"_acf_changed":false,"_yoast_wpseo_focuskw":"Rudolf O. Schmid","_yoast_wpseo_metadesc":"Die Generalversammlung von Handel Schweiz hat Rudolf O. Schmid ohne Gegenstimmen zum neuen Pr\u00e4sidenten des Dachverbands des Handels gew\u00e4hlt.","articlekey":"","footnotes":""},"categories":[28],"tags":[248,381,503],"class_list":["post-15547","post","type-post","status-publish","format-standard","has-post-thumbnail","hentry","category-management","tag-handel","tag-personalia","tag-verbaende"],"acf":[],"yoast_head":"<!-- This site is optimized with the Yoast SEO plugin v27.4 - https:\/\/yoast.com\/product\/yoast-seo-wordpress\/ -->\n<title>Rudolf O. Schmid ist neuer Pr\u00e4sident von Handel Schweiz - Organisator<\/title>\n<meta name=\"description\" content=\"Die Generalversammlung von Handel Schweiz hat Rudolf O. Schmid ohne Gegenstimmen zum neuen Pr\u00e4sidenten des Dachverbands des Handels gew\u00e4hlt.\" \/>\n<meta name=\"robots\" content=\"index, follow, max-snippet:-1, max-image-preview:large, max-video-preview:-1\" \/>\n<link rel=\"canonical\" href=\"https:\/\/www.organisator.ch\/it\/gestione-2\/2022-07-05\/rudolf-o-schmid-ist-neuer-praesident-von-handel-schweiz\/\" \/>\n<meta property=\"og:locale\" content=\"it_IT\" \/>\n<meta property=\"og:type\" content=\"article\" \/>\n<meta property=\"og:title\" content=\"Rudolf O. Schmid ist neuer Pr\u00e4sident von Handel Schweiz\" \/>\n<meta property=\"og:description\" content=\"Die Generalversammlung von Handel Schweiz hat Rudolf O. Schmid ohne Gegenstimmen zum neuen Pr\u00e4sidenten des Dachverbands des Handels gew\u00e4hlt.\" \/>\n<meta property=\"og:url\" content=\"https:\/\/www.organisator.ch\/it\/gestione-2\/2022-07-05\/rudolf-o-schmid-ist-neuer-praesident-von-handel-schweiz\/\" \/>\n<meta property=\"og:site_name\" content=\"Organisator\" \/>\n<meta property=\"article:publisher\" content=\"https:\/\/www.facebook.com\/OrganisatorFachmagazin\" \/>\n<meta property=\"article:published_time\" content=\"2022-07-05T06:52:16+00:00\" \/>\n<meta property=\"og:image\" content=\"https:\/\/www.organisator.ch\/wp-content\/uploads\/2022\/07\/Rudolf-O.-Schmid-ist-neuer-Praesident-von-Handel-Schweiz_Organisator.jpg\" \/>\n\t<meta property=\"og:image:width\" content=\"680\" \/>\n\t<meta property=\"og:image:height\" content=\"470\" \/>\n\t<meta property=\"og:image:type\" content=\"image\/jpeg\" \/>\n<meta name=\"author\" content=\"thomas.berner\" \/>\n<meta name=\"twitter:card\" content=\"summary_large_image\" \/>\n<meta name=\"twitter:title\" content=\"Rudolf O. Schmid ist neuer #Pr\u00e4sident von #HandelSchweiz\" \/>\n<meta name=\"twitter:description\" content=\"Die #Generalversammlung von #HandelSchweiz hat Rudolf O. Schmid ohne Gegenstimmen zum neuen Pr\u00e4sidenten des Dachverbands des Handels gew\u00e4hlt.\" \/>\n<meta name=\"twitter:image\" content=\"https:\/\/www.organisator.ch\/wp-content\/uploads\/2022\/07\/Rudolf-O.-Schmid-ist-neuer-Praesident-von-Handel-Schweiz_Organisator.jpg\" \/>\n<script type=\"application\/ld+json\" class=\"yoast-schema-graph\">{\"@context\":\"https:\\\/\\\/schema.org\",\"@graph\":[{\"@type\":\"Article\",\"@id\":\"https:\\\/\\\/www.organisator.ch\\\/management\\\/2022-07-05\\\/rudolf-o-schmid-ist-neuer-praesident-von-handel-schweiz\\\/#article\",\"isPartOf\":{\"@id\":\"https:\\\/\\\/www.organisator.ch\\\/management\\\/2022-07-05\\\/rudolf-o-schmid-ist-neuer-praesident-von-handel-schweiz\\\/\"},\"author\":{\"name\":\"thomas.berner\",\"@id\":\"https:\\\/\\\/www.organisator.ch\\\/#\\\/schema\\\/person\\\/6f650f90b2842cd4c0cc334b4e36f67e\"},\"headline\":\"Rudolf O. Schmid ist neuer Pr\u00e4sident von Handel Schweiz\",\"datePublished\":\"2022-07-05T06:52:16+00:00\",\"mainEntityOfPage\":{\"@id\":\"https:\\\/\\\/www.organisator.ch\\\/management\\\/2022-07-05\\\/rudolf-o-schmid-ist-neuer-praesident-von-handel-schweiz\\\/\"},\"wordCount\":427,\"publisher\":{\"@id\":\"https:\\\/\\\/www.organisator.ch\\\/#organization\"},\"image\":{\"@id\":\"https:\\\/\\\/www.organisator.ch\\\/management\\\/2022-07-05\\\/rudolf-o-schmid-ist-neuer-praesident-von-handel-schweiz\\\/#primaryimage\"},\"thumbnailUrl\":\"https:\\\/\\\/www.organisator.ch\\\/wp-content\\\/uploads\\\/2022\\\/07\\\/Rudolf-O.-Schmid-ist-neuer-Praesident-von-Handel-Schweiz_Organisator.jpg\",\"keywords\":[\"Handel\",\"Personalia\",\"Verb\u00e4nde\"],\"articleSection\":[\"MANAGEMENT\"],\"inLanguage\":\"it-IT\"},{\"@type\":\"WebPage\",\"@id\":\"https:\\\/\\\/www.organisator.ch\\\/management\\\/2022-07-05\\\/rudolf-o-schmid-ist-neuer-praesident-von-handel-schweiz\\\/\",\"url\":\"https:\\\/\\\/www.organisator.ch\\\/management\\\/2022-07-05\\\/rudolf-o-schmid-ist-neuer-praesident-von-handel-schweiz\\\/\",\"name\":\"Rudolf O. Schmid ist neuer Pr\u00e4sident von Handel Schweiz - Organisator\",\"isPartOf\":{\"@id\":\"https:\\\/\\\/www.organisator.ch\\\/#website\"},\"primaryImageOfPage\":{\"@id\":\"https:\\\/\\\/www.organisator.ch\\\/management\\\/2022-07-05\\\/rudolf-o-schmid-ist-neuer-praesident-von-handel-schweiz\\\/#primaryimage\"},\"image\":{\"@id\":\"https:\\\/\\\/www.organisator.ch\\\/management\\\/2022-07-05\\\/rudolf-o-schmid-ist-neuer-praesident-von-handel-schweiz\\\/#primaryimage\"},\"thumbnailUrl\":\"https:\\\/\\\/www.organisator.ch\\\/wp-content\\\/uploads\\\/2022\\\/07\\\/Rudolf-O.-Schmid-ist-neuer-Praesident-von-Handel-Schweiz_Organisator.jpg\",\"datePublished\":\"2022-07-05T06:52:16+00:00\",\"description\":\"Die Generalversammlung von Handel Schweiz hat Rudolf O. Schmid ohne Gegenstimmen zum neuen Pr\u00e4sidenten des Dachverbands des Handels gew\u00e4hlt.\",\"breadcrumb\":{\"@id\":\"https:\\\/\\\/www.organisator.ch\\\/management\\\/2022-07-05\\\/rudolf-o-schmid-ist-neuer-praesident-von-handel-schweiz\\\/#breadcrumb\"},\"inLanguage\":\"it-IT\",\"potentialAction\":[{\"@type\":\"ReadAction\",\"target\":[\"https:\\\/\\\/www.organisator.ch\\\/management\\\/2022-07-05\\\/rudolf-o-schmid-ist-neuer-praesident-von-handel-schweiz\\\/\"]}]},{\"@type\":\"ImageObject\",\"inLanguage\":\"it-IT\",\"@id\":\"https:\\\/\\\/www.organisator.ch\\\/management\\\/2022-07-05\\\/rudolf-o-schmid-ist-neuer-praesident-von-handel-schweiz\\\/#primaryimage\",\"url\":\"https:\\\/\\\/www.organisator.ch\\\/wp-content\\\/uploads\\\/2022\\\/07\\\/Rudolf-O.-Schmid-ist-neuer-Praesident-von-Handel-Schweiz_Organisator.jpg\",\"contentUrl\":\"https:\\\/\\\/www.organisator.ch\\\/wp-content\\\/uploads\\\/2022\\\/07\\\/Rudolf-O.-Schmid-ist-neuer-Praesident-von-Handel-Schweiz_Organisator.jpg\",\"width\":680,\"height\":470,\"caption\":\"Rudolf O. Schmid, neuer Pr\u00e4sident von Handel Schweiz. (Bild: zVg \\\/ Handel Schweiz)\"},{\"@type\":\"BreadcrumbList\",\"@id\":\"https:\\\/\\\/www.organisator.ch\\\/management\\\/2022-07-05\\\/rudolf-o-schmid-ist-neuer-praesident-von-handel-schweiz\\\/#breadcrumb\",\"itemListElement\":[{\"@type\":\"ListItem\",\"position\":1,\"name\":\"Home\",\"item\":\"https:\\\/\\\/www.organisator.ch\\\/\"},{\"@type\":\"ListItem\",\"position\":2,\"name\":\"Rudolf O. Schmid ist neuer Pr\u00e4sident von Handel Schweiz\"}]},{\"@type\":\"WebSite\",\"@id\":\"https:\\\/\\\/www.organisator.ch\\\/#website\",\"url\":\"https:\\\/\\\/www.organisator.ch\\\/\",\"name\":\"Organisator\",\"description\":\"Kompetent. Praxisnah. Der ORGANISATOR bereitet in 10 Ausgaben pro Jahr die wesentlichen Themen f\u00fcr F\u00fchrungskr\u00e4fte von KMU auf.\",\"publisher\":{\"@id\":\"https:\\\/\\\/www.organisator.ch\\\/#organization\"},\"potentialAction\":[{\"@type\":\"SearchAction\",\"target\":{\"@type\":\"EntryPoint\",\"urlTemplate\":\"https:\\\/\\\/www.organisator.ch\\\/?s={search_term_string}\"},\"query-input\":{\"@type\":\"PropertyValueSpecification\",\"valueRequired\":true,\"valueName\":\"search_term_string\"}}],\"inLanguage\":\"it-IT\"},{\"@type\":\"Organization\",\"@id\":\"https:\\\/\\\/www.organisator.ch\\\/#organization\",\"name\":\"Organisator\",\"url\":\"https:\\\/\\\/www.organisator.ch\\\/\",\"logo\":{\"@type\":\"ImageObject\",\"inLanguage\":\"it-IT\",\"@id\":\"https:\\\/\\\/www.organisator.ch\\\/#\\\/schema\\\/logo\\\/image\\\/\",\"url\":\"https:\\\/\\\/www.organisator.ch\\\/wp-content\\\/uploads\\\/2022\\\/01\\\/Logo_Organisator_Website.png\",\"contentUrl\":\"https:\\\/\\\/www.organisator.ch\\\/wp-content\\\/uploads\\\/2022\\\/01\\\/Logo_Organisator_Website.png\",\"width\":800,\"height\":77,\"caption\":\"Organisator\"},\"image\":{\"@id\":\"https:\\\/\\\/www.organisator.ch\\\/#\\\/schema\\\/logo\\\/image\\\/\"},\"sameAs\":[\"https:\\\/\\\/www.facebook.com\\\/OrganisatorFachmagazin\",\"https:\\\/\\\/www.linkedin.com\\\/showcase\\\/organisator-das-magazin-fr-kmu\",\"https:\\\/\\\/www.xing.com\\\/news\\\/pages\\\/organisator-ch-695\",\"https:\\\/\\\/www.youtube.com\\\/channel\\\/UCGP2Sq0iWaZwT3BdIAQFYpw\"]},{\"@type\":\"Person\",\"@id\":\"https:\\\/\\\/www.organisator.ch\\\/#\\\/schema\\\/person\\\/6f650f90b2842cd4c0cc334b4e36f67e\",\"name\":\"thomas.berner\",\"image\":{\"@type\":\"ImageObject\",\"inLanguage\":\"it-IT\",\"@id\":\"https:\\\/\\\/secure.gravatar.com\\\/avatar\\\/ac5001d2a36cb6c6cd3e50789007ffca834b477b74a2144564522e944eabff61?s=96&d=mm&r=g\",\"url\":\"https:\\\/\\\/secure.gravatar.com\\\/avatar\\\/ac5001d2a36cb6c6cd3e50789007ffca834b477b74a2144564522e944eabff61?s=96&d=mm&r=g\",\"contentUrl\":\"https:\\\/\\\/secure.gravatar.com\\\/avatar\\\/ac5001d2a36cb6c6cd3e50789007ffca834b477b74a2144564522e944eabff61?s=96&d=mm&r=g\",\"caption\":\"thomas.berner\"},\"url\":\"https:\\\/\\\/www.organisator.ch\\\/it\\\/author\\\/thomas-berner\\\/\"}]}<\/script>\n<!-- \/ Yoast SEO plugin. -->","yoast_head_json":{"title":"Rudolf O. Schmid \u00e8 il nuovo presidente di Handel Schweiz - Organizzatore","description":"L'Assemblea generale del Commercio Svizzero ha eletto Rudolf O. Schmid nuovo Presidente dell'organizzazione mantello del commercio senza alcun voto contrario.","robots":{"index":"index","follow":"follow","max-snippet":"max-snippet:-1","max-image-preview":"max-image-preview:large","max-video-preview":"max-video-preview:-1"},"canonical":"https:\/\/www.organisator.ch\/it\/gestione-2\/2022-07-05\/rudolf-o-schmid-ist-neuer-praesident-von-handel-schweiz\/","og_locale":"it_IT","og_type":"article","og_title":"Rudolf O. Schmid ist neuer Pr\u00e4sident von Handel Schweiz","og_description":"Die Generalversammlung von Handel Schweiz hat Rudolf O. Schmid ohne Gegenstimmen zum neuen Pr\u00e4sidenten des Dachverbands des Handels gew\u00e4hlt.","og_url":"https:\/\/www.organisator.ch\/it\/gestione-2\/2022-07-05\/rudolf-o-schmid-ist-neuer-praesident-von-handel-schweiz\/","og_site_name":"Organisator","article_publisher":"https:\/\/www.facebook.com\/OrganisatorFachmagazin","article_published_time":"2022-07-05T06:52:16+00:00","og_image":[{"width":680,"height":470,"url":"https:\/\/www.organisator.ch\/wp-content\/uploads\/2022\/07\/Rudolf-O.-Schmid-ist-neuer-Praesident-von-Handel-Schweiz_Organisator.jpg","type":"image\/jpeg"}],"author":"thomas.berner","twitter_card":"summary_large_image","twitter_title":"Rudolf O. Schmid ist neuer #Pr\u00e4sident von #HandelSchweiz","twitter_description":"Die #Generalversammlung von #HandelSchweiz hat Rudolf O. Schmid ohne Gegenstimmen zum neuen Pr\u00e4sidenten des Dachverbands des Handels gew\u00e4hlt.","twitter_image":"https:\/\/www.organisator.ch\/wp-content\/uploads\/2022\/07\/Rudolf-O.-Schmid-ist-neuer-Praesident-von-Handel-Schweiz_Organisator.jpg","schema":{"@context":"https:\/\/schema.org","@graph":[{"@type":"Article","@id":"https:\/\/www.organisator.ch\/management\/2022-07-05\/rudolf-o-schmid-ist-neuer-praesident-von-handel-schweiz\/#article","isPartOf":{"@id":"https:\/\/www.organisator.ch\/management\/2022-07-05\/rudolf-o-schmid-ist-neuer-praesident-von-handel-schweiz\/"},"author":{"name":"thomas.berner","@id":"https:\/\/www.organisator.ch\/#\/schema\/person\/6f650f90b2842cd4c0cc334b4e36f67e"},"headline":"Rudolf O. Schmid ist neuer Pr\u00e4sident von Handel Schweiz","datePublished":"2022-07-05T06:52:16+00:00","mainEntityOfPage":{"@id":"https:\/\/www.organisator.ch\/management\/2022-07-05\/rudolf-o-schmid-ist-neuer-praesident-von-handel-schweiz\/"},"wordCount":427,"publisher":{"@id":"https:\/\/www.organisator.ch\/#organization"},"image":{"@id":"https:\/\/www.organisator.ch\/management\/2022-07-05\/rudolf-o-schmid-ist-neuer-praesident-von-handel-schweiz\/#primaryimage"},"thumbnailUrl":"https:\/\/www.organisator.ch\/wp-content\/uploads\/2022\/07\/Rudolf-O.-Schmid-ist-neuer-Praesident-von-Handel-Schweiz_Organisator.jpg","keywords":["Handel","Personalia","Verb\u00e4nde"],"articleSection":["MANAGEMENT"],"inLanguage":"it-IT"},{"@type":"WebPage","@id":"https:\/\/www.organisator.ch\/management\/2022-07-05\/rudolf-o-schmid-ist-neuer-praesident-von-handel-schweiz\/","url":"https:\/\/www.organisator.ch\/management\/2022-07-05\/rudolf-o-schmid-ist-neuer-praesident-von-handel-schweiz\/","name":"Rudolf O. Schmid \u00e8 il nuovo presidente di Handel Schweiz - Organizzatore","isPartOf":{"@id":"https:\/\/www.organisator.ch\/#website"},"primaryImageOfPage":{"@id":"https:\/\/www.organisator.ch\/management\/2022-07-05\/rudolf-o-schmid-ist-neuer-praesident-von-handel-schweiz\/#primaryimage"},"image":{"@id":"https:\/\/www.organisator.ch\/management\/2022-07-05\/rudolf-o-schmid-ist-neuer-praesident-von-handel-schweiz\/#primaryimage"},"thumbnailUrl":"https:\/\/www.organisator.ch\/wp-content\/uploads\/2022\/07\/Rudolf-O.-Schmid-ist-neuer-Praesident-von-Handel-Schweiz_Organisator.jpg","datePublished":"2022-07-05T06:52:16+00:00","description":"L'Assemblea generale del Commercio Svizzero ha eletto Rudolf O. Schmid nuovo Presidente dell'organizzazione mantello del commercio senza alcun voto contrario.","breadcrumb":{"@id":"https:\/\/www.organisator.ch\/management\/2022-07-05\/rudolf-o-schmid-ist-neuer-praesident-von-handel-schweiz\/#breadcrumb"},"inLanguage":"it-IT","potentialAction":[{"@type":"ReadAction","target":["https:\/\/www.organisator.ch\/management\/2022-07-05\/rudolf-o-schmid-ist-neuer-praesident-von-handel-schweiz\/"]}]},{"@type":"ImageObject","inLanguage":"it-IT","@id":"https:\/\/www.organisator.ch\/management\/2022-07-05\/rudolf-o-schmid-ist-neuer-praesident-von-handel-schweiz\/#primaryimage","url":"https:\/\/www.organisator.ch\/wp-content\/uploads\/2022\/07\/Rudolf-O.-Schmid-ist-neuer-Praesident-von-Handel-Schweiz_Organisator.jpg","contentUrl":"https:\/\/www.organisator.ch\/wp-content\/uploads\/2022\/07\/Rudolf-O.-Schmid-ist-neuer-Praesident-von-Handel-Schweiz_Organisator.jpg","width":680,"height":470,"caption":"Rudolf O. Schmid, neuer Pr\u00e4sident von Handel Schweiz. (Bild: zVg \/ Handel Schweiz)"},{"@type":"BreadcrumbList","@id":"https:\/\/www.organisator.ch\/management\/2022-07-05\/rudolf-o-schmid-ist-neuer-praesident-von-handel-schweiz\/#breadcrumb","itemListElement":[{"@type":"ListItem","position":1,"name":"Home","item":"https:\/\/www.organisator.ch\/"},{"@type":"ListItem","position":2,"name":"Rudolf O. Schmid ist neuer Pr\u00e4sident von Handel Schweiz"}]},{"@type":"WebSite","@id":"https:\/\/www.organisator.ch\/#website","url":"https:\/\/www.organisator.ch\/","name":"Organizzatore","description":"Competente. Pratico. In 10 numeri all'anno, ORGANISATOR presenta i temi essenziali per i manager delle PMI.","publisher":{"@id":"https:\/\/www.organisator.ch\/#organization"},"potentialAction":[{"@type":"SearchAction","target":{"@type":"EntryPoint","urlTemplate":"https:\/\/www.organisator.ch\/?s={search_term_string}"},"query-input":{"@type":"PropertyValueSpecification","valueRequired":true,"valueName":"search_term_string"}}],"inLanguage":"it-IT"},{"@type":"Organization","@id":"https:\/\/www.organisator.ch\/#organization","name":"Organizzatore","url":"https:\/\/www.organisator.ch\/","logo":{"@type":"ImageObject","inLanguage":"it-IT","@id":"https:\/\/www.organisator.ch\/#\/schema\/logo\/image\/","url":"https:\/\/www.organisator.ch\/wp-content\/uploads\/2022\/01\/Logo_Organisator_Website.png","contentUrl":"https:\/\/www.organisator.ch\/wp-content\/uploads\/2022\/01\/Logo_Organisator_Website.png","width":800,"height":77,"caption":"Organisator"},"image":{"@id":"https:\/\/www.organisator.ch\/#\/schema\/logo\/image\/"},"sameAs":["https:\/\/www.facebook.com\/OrganisatorFachmagazin","https:\/\/www.linkedin.com\/showcase\/organisator-das-magazin-fr-kmu","https:\/\/www.xing.com\/news\/pages\/organisator-ch-695","https:\/\/www.youtube.com\/channel\/UCGP2Sq0iWaZwT3BdIAQFYpw"]},{"@type":"Person","@id":"https:\/\/www.organisator.ch\/#\/schema\/person\/6f650f90b2842cd4c0cc334b4e36f67e","name":"Tommaso.berner","image":{"@type":"ImageObject","inLanguage":"it-IT","@id":"https:\/\/secure.gravatar.com\/avatar\/ac5001d2a36cb6c6cd3e50789007ffca834b477b74a2144564522e944eabff61?s=96&d=mm&r=g","url":"https:\/\/secure.gravatar.com\/avatar\/ac5001d2a36cb6c6cd3e50789007ffca834b477b74a2144564522e944eabff61?s=96&d=mm&r=g","contentUrl":"https:\/\/secure.gravatar.com\/avatar\/ac5001d2a36cb6c6cd3e50789007ffca834b477b74a2144564522e944eabff61?s=96&d=mm&r=g","caption":"thomas.berner"},"url":"https:\/\/www.organisator.ch\/it\/author\/thomas-berner\/"}]}},"_links":{"self":[{"href":"https:\/\/www.organisator.ch\/it\/wp-json\/wp\/v2\/posts\/15547","targetHints":{"allow":["GET"]}}],"collection":[{"href":"https:\/\/www.organisator.ch\/it\/wp-json\/wp\/v2\/posts"}],"about":[{"href":"https:\/\/www.organisator.ch\/it\/wp-json\/wp\/v2\/types\/post"}],"author":[{"embeddable":true,"href":"https:\/\/www.organisator.ch\/it\/wp-json\/wp\/v2\/users\/4"}],"replies":[{"embeddable":true,"href":"https:\/\/www.organisator.ch\/it\/wp-json\/wp\/v2\/comments?post=15547"}],"version-history":[{"count":1,"href":"https:\/\/www.organisator.ch\/it\/wp-json\/wp\/v2\/posts\/15547\/revisions"}],"predecessor-version":[{"id":15549,"href":"https:\/\/www.organisator.ch\/it\/wp-json\/wp\/v2\/posts\/15547\/revisions\/15549"}],"wp:featuredmedia":[{"embeddable":true,"href":"https:\/\/www.organisator.ch\/it\/wp-json\/wp\/v2\/media\/15548"}],"wp:attachment":[{"href":"https:\/\/www.organisator.ch\/it\/wp-json\/wp\/v2\/media?parent=15547"}],"wp:term":[{"taxonomy":"category","embeddable":true,"href":"https:\/\/www.organisator.ch\/it\/wp-json\/wp\/v2\/categories?post=15547"},{"taxonomy":"post_tag","embeddable":true,"href":"https:\/\/www.organisator.ch\/it\/wp-json\/wp\/v2\/tags?post=15547"}],"curies":[{"name":"wp","href":"https:\/\/api.w.org\/{rel}","templated":true}]}}