{"id":15566,"date":"2022-07-06T06:29:06","date_gmt":"2022-07-06T04:29:06","guid":{"rendered":"https:\/\/www.organisator.ch\/?p=15566"},"modified":"2022-07-05T16:39:37","modified_gmt":"2022-07-05T14:39:37","slug":"la-manifattura-delle-spezie-spice-master-festeggia-un-anniversario-di-10-anni","status":"publish","type":"post","link":"https:\/\/www.organisator.ch\/it\/management\/2022-07-06\/gewuerzmanufaktur-wuerzmeister-feiert-10-jahr-jubilaeum\/","title":{"rendered":"Il produttore di spezie \"W\u00fcrzmeister\" festeggia i 10 anni di attivit\u00e0"},"content":{"rendered":"<figure id=\"attachment_15567\" aria-describedby=\"caption-attachment-15567\" style=\"width: 680px\" class=\"wp-caption alignnone\"><img loading=\"lazy\" decoding=\"async\" class=\"size-full wp-image-15567\" src=\"https:\/\/www.organisator.ch\/wp-content\/uploads\/2022\/07\/Gewuerzmanufaktur-Wuerzmeister-feiert-10-Jahr-Jubilaeum_Organisator.jpg\" alt=\"\" width=\"680\" height=\"453\" srcset=\"https:\/\/www.organisator.ch\/wp-content\/uploads\/2022\/07\/Gewuerzmanufaktur-Wuerzmeister-feiert-10-Jahr-Jubilaeum_Organisator.jpg 680w, https:\/\/www.organisator.ch\/wp-content\/uploads\/2022\/07\/Gewuerzmanufaktur-Wuerzmeister-feiert-10-Jahr-Jubilaeum_Organisator-18x12.jpg 18w, https:\/\/www.organisator.ch\/wp-content\/uploads\/2022\/07\/Gewuerzmanufaktur-Wuerzmeister-feiert-10-Jahr-Jubilaeum_Organisator-263x175.jpg 263w, https:\/\/www.organisator.ch\/wp-content\/uploads\/2022\/07\/Gewuerzmanufaktur-Wuerzmeister-feiert-10-Jahr-Jubilaeum_Organisator-525x350.jpg 525w, https:\/\/www.organisator.ch\/wp-content\/uploads\/2022\/07\/Gewuerzmanufaktur-Wuerzmeister-feiert-10-Jahr-Jubilaeum_Organisator-300x200.jpg 300w\" sizes=\"auto, (max-width: 680px) 100vw, 680px\" \/><figcaption id=\"caption-attachment-15567\" class=\"wp-caption-text\">Porta nuovo pepe ai piatti e alle vite lavorative dei suoi dipendenti: Tania Woodhatch, proprietaria del produttore di spezie \"W\u00fcrzmeister\". (Immagine: zVg)<\/figcaption><\/figure>\n<p>Dieci anni fa, tutto \u00e8 iniziato con un hobby: Tania e Yves Woodhatch stavano armeggiando con nuove esperienze di gusto nella cucina di casa. Poich\u00e9 incontravano il gusto dei loro conoscenti con le spezie che loro stessi miscelavano, i due decisero di fondare la manifattura di spezie \"W\u00fcrzmeister\". Il negozio online \u00e8 stato lanciato il 1\u00b0 agosto 2012. \"Poco dopo abbiamo avuto i primi rivenditori delle nostre spezie\", racconta con orgoglio Tania Woodhatch. \"A questo hanno fatto seguito la certificazione biologica, le prime partecipazioni a fiere e la vittoria del Kloten Young Entrepreneur Award\". La storia di successo decennale sar\u00e0 celebrata l'1 e il 2 agosto 2022 con una giornata di porte aperte e orari prolungati (vedi riquadro).<\/p>\n<h3><strong>Manifattura di spezie con orientamento sociale<\/strong><\/h3>\n<p>Da quando i coniugi Tania e Yves Woodhatch si sono separati un anno fa - poco dopo aver aperto il loro primo negozio in Gerbegasse 10 a Kloten - Tania Woodhatch gestisce \"W\u00fcrzmeister\" da sola con il supporto del suo team. \u00c8 proprio questo team - oltre alle miscele di spezie - la ricetta del successo. \"W\u00fcrzmeister\" \u00e8 cio\u00e8 anche un'impresa sociale: fin dalla sua fondazione, dieci anni fa, Tania Woodhatch ha offerto a persone in condizioni difficili una struttura diurna. I compiti legati alla produzione di spezie sono un importante sostegno per le persone che, per motivi di salute, hanno difficolt\u00e0 o non possono essere integrate nel mercato del lavoro: \"Il carico di lavoro varia da poche ore alla settimana a qualche ora al giorno.<\/p>\n<h3><strong>Allestimento del tavolo per il pranzo<\/strong><\/h3>\n<p>Inoltre, c'\u00e8 un tavolo comune per il pranzo, spesso composto da dodici persone. \"\u00c8 sempre stato un mio desiderio poter offrire alle persone per le quali il sistema non funziona un luogo in cui possano sperimentare l'apprezzamento e svolgere un'attivit\u00e0 significativa e varia all'interno della comunit\u00e0. Ed \u00e8 esattamente quello che posso fare qui\", spiega Tania Woodhatch. I pranzi gratuiti hanno posto la piccola impresa di fronte a sfide finanziarie, ed \u00e8 per questo che Woodhatch ha fondato l'associazione \"Life Anchor\" tre anni fa. Oggi i pranzi e lo stipendio dell'assistente cuoco possono essere finanziati con le donazioni.<\/p>\n<p><em>Ulteriori informazioni: <a href=\"http:\/\/www.wuerzmeister.ch\">www.wuerzmeister.ch<\/a><\/em><\/p>\n<blockquote>\n<h3><\/h3>\n<h3><strong>Porte aperte il 1\u00b0 agosto<\/strong><\/h3>\n<p>\"W\u00fcrzmeister\" vi invita a una giornata di porte aperte luned\u00ec 1\u00b0 agosto 2022. La fondatrice Tania Woodhatch guider\u00e0 personalmente gli ospiti attraverso la manifattura di spezie, il negozio di spezie e la struttura diurna nella Gerbegasse 10 a Kloten dalle 10.00 alle 17.00. Inoltre, ci saranno spuntini culinari preparati, tra gli altri, dalla \"chef gourmet\" Erika Weber. Sebbene il 1\u00b0 agosto non si vendano spezie a causa delle festivit\u00e0, i visitatori potranno godere di un'esclusiva goodie bag con campioni e un voucher. Marted\u00ec 2 agosto, il W\u00fcrz-L\u00e4deli rester\u00e0 aperto fino alle 21.00.<\/p><\/blockquote>","protected":false},"excerpt":{"rendered":"<p>Vor zehn Jahren begann alles mit einem Hobby: Tania und Yves Woodhatch t\u00fcftelten in der heimischen K\u00fcche an neuen Geschmackserlebnissen. Weil sie mit den selbstgemischten Gew\u00fcrzen den Geschmack ihrer Bekannten trafen, entschieden die beiden, die Gew\u00fcrzmanufaktur \u00abW\u00fcrzmeister\u00bb zu gr\u00fcnden. Am 1. August 2012 lancierten sie den Online-Shop. \u00abBereits kurz danach hatten wir die ersten Wiederverk\u00e4ufer [&hellip;]<\/p>\n","protected":false},"author":4,"featured_media":15567,"comment_status":"closed","ping_status":"closed","sticky":false,"template":"","format":"standard","meta":{"_acf_changed":false,"_yoast_wpseo_focuskw":"Gew\u00fcrzmanufaktur","_yoast_wpseo_metadesc":"Tania Woodhatch ist mit der Gew\u00fcrzmanufaktur \u00abW\u00fcrzmeister\u00bb seit zehn Jahren erfolgreich unterwegs. Das Unternehmen ist auch eine Sozialfirma.","articlekey":"","footnotes":""},"categories":[28],"tags":[206,335,441],"class_list":["post-15566","post","type-post","status-publish","format-standard","has-post-thumbnail","hentry","category-management","tag-firmenjubilaeum","tag-management-und-unternehmensfuehrung","tag-soziale-verantwortung"],"acf":[],"yoast_head":"<!-- This site is optimized with the Yoast SEO plugin v27.5 - https:\/\/yoast.com\/product\/yoast-seo-wordpress\/ -->\n<title>Gew\u00fcrzmanufaktur \u00abW\u00fcrzmeister\u00bb feiert 10-Jahr-Jubil\u00e4um - Organisator<\/title>\n<meta name=\"description\" content=\"Tania Woodhatch ist mit der Gew\u00fcrzmanufaktur \u00abW\u00fcrzmeister\u00bb seit zehn Jahren erfolgreich unterwegs. Das Unternehmen ist auch eine Sozialfirma.\" \/>\n<meta name=\"robots\" content=\"index, follow, max-snippet:-1, max-image-preview:large, max-video-preview:-1\" \/>\n<link rel=\"canonical\" href=\"https:\/\/www.organisator.ch\/it\/gestione-2\/2022-07-06\/la-manifattura-delle-spezie-spice-master-festeggia-un-anniversario-di-10-anni\/\" \/>\n<meta property=\"og:locale\" content=\"it_IT\" \/>\n<meta property=\"og:type\" content=\"article\" \/>\n<meta property=\"og:title\" content=\"Gew\u00fcrzmanufaktur \u00abW\u00fcrzmeister\u00bb feiert 10-Jahr-Jubil\u00e4um\" \/>\n<meta property=\"og:description\" content=\"Tania Woodhatch ist mit der Gew\u00fcrzmanufaktur \u00abW\u00fcrzmeister\u00bb seit zehn Jahren erfolgreich unterwegs. Das Unternehmen ist auch eine Sozialfirma.\" \/>\n<meta property=\"og:url\" content=\"https:\/\/www.organisator.ch\/it\/gestione-2\/2022-07-06\/la-manifattura-delle-spezie-spice-master-festeggia-un-anniversario-di-10-anni\/\" \/>\n<meta property=\"og:site_name\" content=\"Organisator\" \/>\n<meta property=\"article:publisher\" content=\"https:\/\/www.facebook.com\/OrganisatorFachmagazin\" \/>\n<meta property=\"article:published_time\" content=\"2022-07-06T04:29:06+00:00\" \/>\n<meta property=\"og:image\" content=\"https:\/\/www.organisator.ch\/wp-content\/uploads\/2022\/07\/Gewuerzmanufaktur-Wuerzmeister-feiert-10-Jahr-Jubilaeum_Organisator.jpg\" \/>\n\t<meta property=\"og:image:width\" content=\"680\" \/>\n\t<meta property=\"og:image:height\" content=\"453\" \/>\n\t<meta property=\"og:image:type\" content=\"image\/jpeg\" \/>\n<meta name=\"author\" content=\"thomas.berner\" \/>\n<meta name=\"twitter:card\" content=\"summary_large_image\" \/>\n<meta name=\"twitter:title\" content=\"#Gew\u00fcrzmanufaktur \u00ab#W\u00fcrzmeister\u00bb feiert 10-Jahr-Jubil\u00e4um\" \/>\n<meta name=\"twitter:description\" content=\"Tania #Woodhatch ist mit der #Gew\u00fcrzmanufaktur \u00ab#W\u00fcrzmeister\u00bb seit zehn Jahren erfolgreich unterwegs. Das Unternehmen ist auch eine #Sozialfirma.\" \/>\n<meta name=\"twitter:image\" content=\"https:\/\/www.organisator.ch\/wp-content\/uploads\/2022\/07\/Gewuerzmanufaktur-Wuerzmeister-feiert-10-Jahr-Jubilaeum_Organisator.jpg\" \/>\n<script type=\"application\/ld+json\" class=\"yoast-schema-graph\">{\"@context\":\"https:\\\/\\\/schema.org\",\"@graph\":[{\"@type\":\"Article\",\"@id\":\"https:\\\/\\\/www.organisator.ch\\\/management\\\/2022-07-06\\\/gewuerzmanufaktur-wuerzmeister-feiert-10-jahr-jubilaeum\\\/#article\",\"isPartOf\":{\"@id\":\"https:\\\/\\\/www.organisator.ch\\\/management\\\/2022-07-06\\\/gewuerzmanufaktur-wuerzmeister-feiert-10-jahr-jubilaeum\\\/\"},\"author\":{\"name\":\"thomas.berner\",\"@id\":\"https:\\\/\\\/www.organisator.ch\\\/#\\\/schema\\\/person\\\/6f650f90b2842cd4c0cc334b4e36f67e\"},\"headline\":\"Gew\u00fcrzmanufaktur \u00abW\u00fcrzmeister\u00bb feiert 10-Jahr-Jubil\u00e4um\",\"datePublished\":\"2022-07-06T04:29:06+00:00\",\"mainEntityOfPage\":{\"@id\":\"https:\\\/\\\/www.organisator.ch\\\/management\\\/2022-07-06\\\/gewuerzmanufaktur-wuerzmeister-feiert-10-jahr-jubilaeum\\\/\"},\"wordCount\":477,\"publisher\":{\"@id\":\"https:\\\/\\\/www.organisator.ch\\\/#organization\"},\"image\":{\"@id\":\"https:\\\/\\\/www.organisator.ch\\\/management\\\/2022-07-06\\\/gewuerzmanufaktur-wuerzmeister-feiert-10-jahr-jubilaeum\\\/#primaryimage\"},\"thumbnailUrl\":\"https:\\\/\\\/www.organisator.ch\\\/wp-content\\\/uploads\\\/2022\\\/07\\\/Gewuerzmanufaktur-Wuerzmeister-feiert-10-Jahr-Jubilaeum_Organisator.jpg\",\"keywords\":[\"Firmenjubil\u00e4um\",\"Management und Unternehmensf\u00fchrung\",\"Soziale Verantwortung\"],\"articleSection\":[\"MANAGEMENT\"],\"inLanguage\":\"it-IT\"},{\"@type\":\"WebPage\",\"@id\":\"https:\\\/\\\/www.organisator.ch\\\/management\\\/2022-07-06\\\/gewuerzmanufaktur-wuerzmeister-feiert-10-jahr-jubilaeum\\\/\",\"url\":\"https:\\\/\\\/www.organisator.ch\\\/management\\\/2022-07-06\\\/gewuerzmanufaktur-wuerzmeister-feiert-10-jahr-jubilaeum\\\/\",\"name\":\"Gew\u00fcrzmanufaktur \u00abW\u00fcrzmeister\u00bb feiert 10-Jahr-Jubil\u00e4um - Organisator\",\"isPartOf\":{\"@id\":\"https:\\\/\\\/www.organisator.ch\\\/#website\"},\"primaryImageOfPage\":{\"@id\":\"https:\\\/\\\/www.organisator.ch\\\/management\\\/2022-07-06\\\/gewuerzmanufaktur-wuerzmeister-feiert-10-jahr-jubilaeum\\\/#primaryimage\"},\"image\":{\"@id\":\"https:\\\/\\\/www.organisator.ch\\\/management\\\/2022-07-06\\\/gewuerzmanufaktur-wuerzmeister-feiert-10-jahr-jubilaeum\\\/#primaryimage\"},\"thumbnailUrl\":\"https:\\\/\\\/www.organisator.ch\\\/wp-content\\\/uploads\\\/2022\\\/07\\\/Gewuerzmanufaktur-Wuerzmeister-feiert-10-Jahr-Jubilaeum_Organisator.jpg\",\"datePublished\":\"2022-07-06T04:29:06+00:00\",\"description\":\"Tania Woodhatch ist mit der Gew\u00fcrzmanufaktur \u00abW\u00fcrzmeister\u00bb seit zehn Jahren erfolgreich unterwegs. Das Unternehmen ist auch eine Sozialfirma.\",\"breadcrumb\":{\"@id\":\"https:\\\/\\\/www.organisator.ch\\\/management\\\/2022-07-06\\\/gewuerzmanufaktur-wuerzmeister-feiert-10-jahr-jubilaeum\\\/#breadcrumb\"},\"inLanguage\":\"it-IT\",\"potentialAction\":[{\"@type\":\"ReadAction\",\"target\":[\"https:\\\/\\\/www.organisator.ch\\\/management\\\/2022-07-06\\\/gewuerzmanufaktur-wuerzmeister-feiert-10-jahr-jubilaeum\\\/\"]}]},{\"@type\":\"ImageObject\",\"inLanguage\":\"it-IT\",\"@id\":\"https:\\\/\\\/www.organisator.ch\\\/management\\\/2022-07-06\\\/gewuerzmanufaktur-wuerzmeister-feiert-10-jahr-jubilaeum\\\/#primaryimage\",\"url\":\"https:\\\/\\\/www.organisator.ch\\\/wp-content\\\/uploads\\\/2022\\\/07\\\/Gewuerzmanufaktur-Wuerzmeister-feiert-10-Jahr-Jubilaeum_Organisator.jpg\",\"contentUrl\":\"https:\\\/\\\/www.organisator.ch\\\/wp-content\\\/uploads\\\/2022\\\/07\\\/Gewuerzmanufaktur-Wuerzmeister-feiert-10-Jahr-Jubilaeum_Organisator.jpg\",\"width\":680,\"height\":453,\"caption\":\"Bringt neue W\u00fcrze auf den Teller und ins Arbeitsleben ihrer Mitarbeitenden: Tania Woodhatch, Inhaberin der Gew\u00fcrzmanufaktur \u00abW\u00fcrzmeister\u00bb. (Bild: zVg)\"},{\"@type\":\"BreadcrumbList\",\"@id\":\"https:\\\/\\\/www.organisator.ch\\\/management\\\/2022-07-06\\\/gewuerzmanufaktur-wuerzmeister-feiert-10-jahr-jubilaeum\\\/#breadcrumb\",\"itemListElement\":[{\"@type\":\"ListItem\",\"position\":1,\"name\":\"Home\",\"item\":\"https:\\\/\\\/www.organisator.ch\\\/\"},{\"@type\":\"ListItem\",\"position\":2,\"name\":\"Gew\u00fcrzmanufaktur \u00abW\u00fcrzmeister\u00bb feiert 10-Jahr-Jubil\u00e4um\"}]},{\"@type\":\"WebSite\",\"@id\":\"https:\\\/\\\/www.organisator.ch\\\/#website\",\"url\":\"https:\\\/\\\/www.organisator.ch\\\/\",\"name\":\"Organisator\",\"description\":\"Kompetent. Praxisnah. Der ORGANISATOR bereitet in 10 Ausgaben pro Jahr die wesentlichen Themen f\u00fcr F\u00fchrungskr\u00e4fte von KMU auf.\",\"publisher\":{\"@id\":\"https:\\\/\\\/www.organisator.ch\\\/#organization\"},\"potentialAction\":[{\"@type\":\"SearchAction\",\"target\":{\"@type\":\"EntryPoint\",\"urlTemplate\":\"https:\\\/\\\/www.organisator.ch\\\/?s={search_term_string}\"},\"query-input\":{\"@type\":\"PropertyValueSpecification\",\"valueRequired\":true,\"valueName\":\"search_term_string\"}}],\"inLanguage\":\"it-IT\"},{\"@type\":\"Organization\",\"@id\":\"https:\\\/\\\/www.organisator.ch\\\/#organization\",\"name\":\"Organisator\",\"url\":\"https:\\\/\\\/www.organisator.ch\\\/\",\"logo\":{\"@type\":\"ImageObject\",\"inLanguage\":\"it-IT\",\"@id\":\"https:\\\/\\\/www.organisator.ch\\\/#\\\/schema\\\/logo\\\/image\\\/\",\"url\":\"https:\\\/\\\/www.organisator.ch\\\/wp-content\\\/uploads\\\/2022\\\/01\\\/Logo_Organisator_Website.png\",\"contentUrl\":\"https:\\\/\\\/www.organisator.ch\\\/wp-content\\\/uploads\\\/2022\\\/01\\\/Logo_Organisator_Website.png\",\"width\":800,\"height\":77,\"caption\":\"Organisator\"},\"image\":{\"@id\":\"https:\\\/\\\/www.organisator.ch\\\/#\\\/schema\\\/logo\\\/image\\\/\"},\"sameAs\":[\"https:\\\/\\\/www.facebook.com\\\/OrganisatorFachmagazin\",\"https:\\\/\\\/www.linkedin.com\\\/showcase\\\/organisator-das-magazin-fr-kmu\",\"https:\\\/\\\/www.xing.com\\\/news\\\/pages\\\/organisator-ch-695\",\"https:\\\/\\\/www.youtube.com\\\/channel\\\/UCGP2Sq0iWaZwT3BdIAQFYpw\"]},{\"@type\":\"Person\",\"@id\":\"https:\\\/\\\/www.organisator.ch\\\/#\\\/schema\\\/person\\\/6f650f90b2842cd4c0cc334b4e36f67e\",\"name\":\"thomas.berner\",\"image\":{\"@type\":\"ImageObject\",\"inLanguage\":\"it-IT\",\"@id\":\"https:\\\/\\\/secure.gravatar.com\\\/avatar\\\/ac5001d2a36cb6c6cd3e50789007ffca834b477b74a2144564522e944eabff61?s=96&d=mm&r=g\",\"url\":\"https:\\\/\\\/secure.gravatar.com\\\/avatar\\\/ac5001d2a36cb6c6cd3e50789007ffca834b477b74a2144564522e944eabff61?s=96&d=mm&r=g\",\"contentUrl\":\"https:\\\/\\\/secure.gravatar.com\\\/avatar\\\/ac5001d2a36cb6c6cd3e50789007ffca834b477b74a2144564522e944eabff61?s=96&d=mm&r=g\",\"caption\":\"thomas.berner\"},\"url\":\"https:\\\/\\\/www.organisator.ch\\\/it\\\/author\\\/thomas-berner\\\/\"}]}<\/script>\n<!-- \/ Yoast SEO plugin. -->","yoast_head_json":{"title":"Il produttore di spezie \"W\u00fcrzmeister\" festeggia i 10 anni di attivit\u00e0 - Organizzatore","description":"Tania Woodhatch ha lavorato con successo per dieci anni con il produttore di spezie \"W\u00fcrzmeister\". L'azienda \u00e8 anche un'impresa sociale.","robots":{"index":"index","follow":"follow","max-snippet":"max-snippet:-1","max-image-preview":"max-image-preview:large","max-video-preview":"max-video-preview:-1"},"canonical":"https:\/\/www.organisator.ch\/it\/gestione-2\/2022-07-06\/la-manifattura-delle-spezie-spice-master-festeggia-un-anniversario-di-10-anni\/","og_locale":"it_IT","og_type":"article","og_title":"Gew\u00fcrzmanufaktur \u00abW\u00fcrzmeister\u00bb feiert 10-Jahr-Jubil\u00e4um","og_description":"Tania Woodhatch ist mit der Gew\u00fcrzmanufaktur \u00abW\u00fcrzmeister\u00bb seit zehn Jahren erfolgreich unterwegs. Das Unternehmen ist auch eine Sozialfirma.","og_url":"https:\/\/www.organisator.ch\/it\/gestione-2\/2022-07-06\/la-manifattura-delle-spezie-spice-master-festeggia-un-anniversario-di-10-anni\/","og_site_name":"Organisator","article_publisher":"https:\/\/www.facebook.com\/OrganisatorFachmagazin","article_published_time":"2022-07-06T04:29:06+00:00","og_image":[{"width":680,"height":453,"url":"https:\/\/www.organisator.ch\/wp-content\/uploads\/2022\/07\/Gewuerzmanufaktur-Wuerzmeister-feiert-10-Jahr-Jubilaeum_Organisator.jpg","type":"image\/jpeg"}],"author":"thomas.berner","twitter_card":"summary_large_image","twitter_title":"#Gew\u00fcrzmanufaktur \u00ab#W\u00fcrzmeister\u00bb feiert 10-Jahr-Jubil\u00e4um","twitter_description":"Tania #Woodhatch ist mit der #Gew\u00fcrzmanufaktur \u00ab#W\u00fcrzmeister\u00bb seit zehn Jahren erfolgreich unterwegs. Das Unternehmen ist auch eine #Sozialfirma.","twitter_image":"https:\/\/www.organisator.ch\/wp-content\/uploads\/2022\/07\/Gewuerzmanufaktur-Wuerzmeister-feiert-10-Jahr-Jubilaeum_Organisator.jpg","schema":{"@context":"https:\/\/schema.org","@graph":[{"@type":"Article","@id":"https:\/\/www.organisator.ch\/management\/2022-07-06\/gewuerzmanufaktur-wuerzmeister-feiert-10-jahr-jubilaeum\/#article","isPartOf":{"@id":"https:\/\/www.organisator.ch\/management\/2022-07-06\/gewuerzmanufaktur-wuerzmeister-feiert-10-jahr-jubilaeum\/"},"author":{"name":"thomas.berner","@id":"https:\/\/www.organisator.ch\/#\/schema\/person\/6f650f90b2842cd4c0cc334b4e36f67e"},"headline":"Gew\u00fcrzmanufaktur \u00abW\u00fcrzmeister\u00bb feiert 10-Jahr-Jubil\u00e4um","datePublished":"2022-07-06T04:29:06+00:00","mainEntityOfPage":{"@id":"https:\/\/www.organisator.ch\/management\/2022-07-06\/gewuerzmanufaktur-wuerzmeister-feiert-10-jahr-jubilaeum\/"},"wordCount":477,"publisher":{"@id":"https:\/\/www.organisator.ch\/#organization"},"image":{"@id":"https:\/\/www.organisator.ch\/management\/2022-07-06\/gewuerzmanufaktur-wuerzmeister-feiert-10-jahr-jubilaeum\/#primaryimage"},"thumbnailUrl":"https:\/\/www.organisator.ch\/wp-content\/uploads\/2022\/07\/Gewuerzmanufaktur-Wuerzmeister-feiert-10-Jahr-Jubilaeum_Organisator.jpg","keywords":["Firmenjubil\u00e4um","Management und Unternehmensf\u00fchrung","Soziale Verantwortung"],"articleSection":["MANAGEMENT"],"inLanguage":"it-IT"},{"@type":"WebPage","@id":"https:\/\/www.organisator.ch\/management\/2022-07-06\/gewuerzmanufaktur-wuerzmeister-feiert-10-jahr-jubilaeum\/","url":"https:\/\/www.organisator.ch\/management\/2022-07-06\/gewuerzmanufaktur-wuerzmeister-feiert-10-jahr-jubilaeum\/","name":"Il produttore di spezie \"W\u00fcrzmeister\" festeggia i 10 anni di attivit\u00e0 - Organizzatore","isPartOf":{"@id":"https:\/\/www.organisator.ch\/#website"},"primaryImageOfPage":{"@id":"https:\/\/www.organisator.ch\/management\/2022-07-06\/gewuerzmanufaktur-wuerzmeister-feiert-10-jahr-jubilaeum\/#primaryimage"},"image":{"@id":"https:\/\/www.organisator.ch\/management\/2022-07-06\/gewuerzmanufaktur-wuerzmeister-feiert-10-jahr-jubilaeum\/#primaryimage"},"thumbnailUrl":"https:\/\/www.organisator.ch\/wp-content\/uploads\/2022\/07\/Gewuerzmanufaktur-Wuerzmeister-feiert-10-Jahr-Jubilaeum_Organisator.jpg","datePublished":"2022-07-06T04:29:06+00:00","description":"Tania Woodhatch ha lavorato con successo per dieci anni con il produttore di spezie \"W\u00fcrzmeister\". L'azienda \u00e8 anche un'impresa sociale.","breadcrumb":{"@id":"https:\/\/www.organisator.ch\/management\/2022-07-06\/gewuerzmanufaktur-wuerzmeister-feiert-10-jahr-jubilaeum\/#breadcrumb"},"inLanguage":"it-IT","potentialAction":[{"@type":"ReadAction","target":["https:\/\/www.organisator.ch\/management\/2022-07-06\/gewuerzmanufaktur-wuerzmeister-feiert-10-jahr-jubilaeum\/"]}]},{"@type":"ImageObject","inLanguage":"it-IT","@id":"https:\/\/www.organisator.ch\/management\/2022-07-06\/gewuerzmanufaktur-wuerzmeister-feiert-10-jahr-jubilaeum\/#primaryimage","url":"https:\/\/www.organisator.ch\/wp-content\/uploads\/2022\/07\/Gewuerzmanufaktur-Wuerzmeister-feiert-10-Jahr-Jubilaeum_Organisator.jpg","contentUrl":"https:\/\/www.organisator.ch\/wp-content\/uploads\/2022\/07\/Gewuerzmanufaktur-Wuerzmeister-feiert-10-Jahr-Jubilaeum_Organisator.jpg","width":680,"height":453,"caption":"Bringt neue W\u00fcrze auf den Teller und ins Arbeitsleben ihrer Mitarbeitenden: Tania Woodhatch, Inhaberin der Gew\u00fcrzmanufaktur \u00abW\u00fcrzmeister\u00bb. (Bild: zVg)"},{"@type":"BreadcrumbList","@id":"https:\/\/www.organisator.ch\/management\/2022-07-06\/gewuerzmanufaktur-wuerzmeister-feiert-10-jahr-jubilaeum\/#breadcrumb","itemListElement":[{"@type":"ListItem","position":1,"name":"Home","item":"https:\/\/www.organisator.ch\/"},{"@type":"ListItem","position":2,"name":"Gew\u00fcrzmanufaktur \u00abW\u00fcrzmeister\u00bb feiert 10-Jahr-Jubil\u00e4um"}]},{"@type":"WebSite","@id":"https:\/\/www.organisator.ch\/#website","url":"https:\/\/www.organisator.ch\/","name":"Organizzatore","description":"Competente. Pratico. In 10 numeri all'anno, ORGANISATOR presenta i temi essenziali per i manager delle PMI.","publisher":{"@id":"https:\/\/www.organisator.ch\/#organization"},"potentialAction":[{"@type":"SearchAction","target":{"@type":"EntryPoint","urlTemplate":"https:\/\/www.organisator.ch\/?s={search_term_string}"},"query-input":{"@type":"PropertyValueSpecification","valueRequired":true,"valueName":"search_term_string"}}],"inLanguage":"it-IT"},{"@type":"Organization","@id":"https:\/\/www.organisator.ch\/#organization","name":"Organizzatore","url":"https:\/\/www.organisator.ch\/","logo":{"@type":"ImageObject","inLanguage":"it-IT","@id":"https:\/\/www.organisator.ch\/#\/schema\/logo\/image\/","url":"https:\/\/www.organisator.ch\/wp-content\/uploads\/2022\/01\/Logo_Organisator_Website.png","contentUrl":"https:\/\/www.organisator.ch\/wp-content\/uploads\/2022\/01\/Logo_Organisator_Website.png","width":800,"height":77,"caption":"Organisator"},"image":{"@id":"https:\/\/www.organisator.ch\/#\/schema\/logo\/image\/"},"sameAs":["https:\/\/www.facebook.com\/OrganisatorFachmagazin","https:\/\/www.linkedin.com\/showcase\/organisator-das-magazin-fr-kmu","https:\/\/www.xing.com\/news\/pages\/organisator-ch-695","https:\/\/www.youtube.com\/channel\/UCGP2Sq0iWaZwT3BdIAQFYpw"]},{"@type":"Person","@id":"https:\/\/www.organisator.ch\/#\/schema\/person\/6f650f90b2842cd4c0cc334b4e36f67e","name":"Tommaso.berner","image":{"@type":"ImageObject","inLanguage":"it-IT","@id":"https:\/\/secure.gravatar.com\/avatar\/ac5001d2a36cb6c6cd3e50789007ffca834b477b74a2144564522e944eabff61?s=96&d=mm&r=g","url":"https:\/\/secure.gravatar.com\/avatar\/ac5001d2a36cb6c6cd3e50789007ffca834b477b74a2144564522e944eabff61?s=96&d=mm&r=g","contentUrl":"https:\/\/secure.gravatar.com\/avatar\/ac5001d2a36cb6c6cd3e50789007ffca834b477b74a2144564522e944eabff61?s=96&d=mm&r=g","caption":"thomas.berner"},"url":"https:\/\/www.organisator.ch\/it\/author\/thomas-berner\/"}]}},"_links":{"self":[{"href":"https:\/\/www.organisator.ch\/it\/wp-json\/wp\/v2\/posts\/15566","targetHints":{"allow":["GET"]}}],"collection":[{"href":"https:\/\/www.organisator.ch\/it\/wp-json\/wp\/v2\/posts"}],"about":[{"href":"https:\/\/www.organisator.ch\/it\/wp-json\/wp\/v2\/types\/post"}],"author":[{"embeddable":true,"href":"https:\/\/www.organisator.ch\/it\/wp-json\/wp\/v2\/users\/4"}],"replies":[{"embeddable":true,"href":"https:\/\/www.organisator.ch\/it\/wp-json\/wp\/v2\/comments?post=15566"}],"version-history":[{"count":2,"href":"https:\/\/www.organisator.ch\/it\/wp-json\/wp\/v2\/posts\/15566\/revisions"}],"predecessor-version":[{"id":15569,"href":"https:\/\/www.organisator.ch\/it\/wp-json\/wp\/v2\/posts\/15566\/revisions\/15569"}],"wp:featuredmedia":[{"embeddable":true,"href":"https:\/\/www.organisator.ch\/it\/wp-json\/wp\/v2\/media\/15567"}],"wp:attachment":[{"href":"https:\/\/www.organisator.ch\/it\/wp-json\/wp\/v2\/media?parent=15566"}],"wp:term":[{"taxonomy":"category","embeddable":true,"href":"https:\/\/www.organisator.ch\/it\/wp-json\/wp\/v2\/categories?post=15566"},{"taxonomy":"post_tag","embeddable":true,"href":"https:\/\/www.organisator.ch\/it\/wp-json\/wp\/v2\/tags?post=15566"}],"curies":[{"name":"wp","href":"https:\/\/api.w.org\/{rel}","templated":true}]}}